{"id":178804,"date":"2022-02-10T20:48:52","date_gmt":"2022-02-10T23:48:52","guid":{"rendered":"https:\/\/diariotextual.com\/inicio\/?p=178804"},"modified":"2022-02-10T20:51:19","modified_gmt":"2022-02-10T23:51:19","slug":"la-pampa-suma-otros-219-casos-de-covid","status":"publish","type":"post","link":"https:\/\/diariotextual.com\/inicio\/index.php\/2022\/02\/10\/la-pampa-suma-otros-219-casos-de-covid\/","title":{"rendered":"La Pampa suma otros 219 casos de covid"},"content":{"rendered":"\n<p>La Pampa sum\u00f3 este jueves un total de 219 casos de coronavirus, seg\u00fan inform\u00f3 el Ministerio de Salud.<\/p>\n\n\n\n<p>Ser analizaron 746 muestras. De los nuevos positivos, 59 residen en Santa Rosa, 55 en General Pico, 10 en General Acha, 10 en Realic\u00f3, 8 en La Adela, 8 en Guatrach\u00e9, 7 en 25 de Mayo, 7 en Eduardo Castex, 6 en Toay, 5 en Victorica, 5 en Tel\u00e9n, 3 en Ingeniero Luiggi, 3 en Parera, 3 en Agustoni, 2 en Catril\u00f3, 2 en Jacinto Arauz, 2 en Bernasconi, 2 en Gral. San Mart\u00edn, 2 en Bernardo Larroud\u00e9, 2 en Arata, 2 en Macach\u00edn, 2 en Intendente Alvear, 2 en Rol\u00f3n, 2 en Colonia Santa Teresa, 1 en Colonia Bar\u00f3n, 1 en Trenel, 1 en Alpachiri, 1 en Winifreda, 1 en Carro Quemado, 1 en Ataliva Roca, 1 en Coronel Hilario Lagos, 1 en Doblas, 1 en Loventuel y 1 en Sarah.<\/p>\n\n\n\n<p>Desde el inicio de la pandemia, en nuestra provincia se registraron 104.219 casos positivos para Covid-19, de los cuales 1.831 permanecen activos, 945 han fallecido y 101.443 se han recuperado (422 en el d\u00eda de hoy). A su vez, hay 32 internados (ocho en terapia intensiva).<br><\/p>\n\n\n\n<p>Los casos confirmados activos pertenecen a las siguientes localidades: 889 Santa Rosa, 163 General Pico, 106 Toay, 69 Victorica, 63 Rancul, 40 La Adela, 37 General Acha, 37 25 de Mayo, 34 Guatrach\u00e9, 31 Eduardo Castex, 26 Realico, 26 Jacinto Arauz, 25 Catril\u00f3, 18 Lonquimay, 15 Gral. San Martin, 14 Ingeniero Luiggi, 14 Colonia Bar\u00f3n, 13 Bernasconi, 12 Parera, 12 Trenel, 10 Tel\u00e9n, 10 Bernardo Larroud\u00e9, 9 La Humada, 8 Uriburu, 8 Duval, 8 Speluzzi, 7 Chaccharramendi, 7 Quem\u00fa Quem\u00fa, 7 Vertiz, 6 Macach\u00edn, 6 Alpachiri, 6 Winifreda, 6 Quetrequen, 5 Arata, 5 Intendente Alvear, 5 Rolon, 5 Caleuf\u00fa, 5 Conhello, 4 Ataliva Roca, 4 Alta Italia, 4 Dorila, 4 Per\u00fa, 4 Quehu\u00e9, 4 Rucanelo, 4 Santa Isabel, 3 Agustoni, 3 Carro Quemado, 3 Anguil, 3 Monte Nievas, 2 Colonia Santa Teresa, 2 Coronel Hilario Lagos, 2 Loventuel, 2 Miguel Can\u00e9, 2 Anchorena, 2 Casa de Piedra, 2 Embajador Martini, 2 General Campos, 2 La Reforma, 1 Doblas, 1 Sarah, 1 Miguel Riglos, 1 Metileo, 1 Puel\u00e9n y 1 Villa Mirasol.<\/p>\n\n\n\n<p><\/p>\n","protected":false},"excerpt":{"rendered":"<p>La Pampa sum\u00f3 este jueves un total de 219 casos de coronavirus, seg\u00fan inform\u00f3 el Ministerio de Salud. Ser analizaron 746 muestras. De los nuevos positivos, 59 residen en Santa&hellip;<\/p>\n","protected":false},"author":3,"featured_media":125583,"comment_status":"closed","ping_status":"open","sticky":false,"template":"","format":"standard","meta":{"_acf_changed":false,"footnotes":""},"categories":[4,12],"tags":[],"class_list":["post-178804","post","type-post","status-publish","format-standard","has-post-thumbnail","hentry","category-destacadas","category-sociedad"],"acf":[],"yoast_head":"<!-- This site is optimized with the Yoast SEO plugin v27.5 - https:\/\/yoast.com\/product\/yoast-seo-wordpress\/ -->\n<title>La Pampa suma otros 219 casos de covid - Diario Textual<\/title>\n<meta name=\"robots\" content=\"index, follow, max-snippet:-1, max-image-preview:large, max-video-preview:-1\" \/>\n<link rel=\"canonical\" href=\"https:\/\/diariotextual.com\/inicio\/index.php\/2022\/02\/10\/la-pampa-suma-otros-219-casos-de-covid\/\" \/>\n<meta property=\"og:locale\" content=\"es_ES\" \/>\n<meta property=\"og:type\" content=\"article\" \/>\n<meta property=\"og:title\" content=\"La Pampa suma otros 219 casos de covid - Diario Textual\" \/>\n<meta property=\"og:description\" content=\"La Pampa sum\u00f3 este jueves un total de 219 casos de coronavirus, seg\u00fan inform\u00f3 el Ministerio de Salud. Ser analizaron 746 muestras. De los nuevos positivos, 59 residen en Santa&hellip;\" \/>\n<meta property=\"og:url\" content=\"https:\/\/diariotextual.com\/inicio\/index.php\/2022\/02\/10\/la-pampa-suma-otros-219-casos-de-covid\/\" \/>\n<meta property=\"og:site_name\" content=\"Diario Textual\" \/>\n<meta property=\"article:publisher\" content=\"https:\/\/www.facebook.com\/eltextual\" \/>\n<meta property=\"article:published_time\" content=\"2022-02-10T23:48:52+00:00\" \/>\n<meta property=\"article:modified_time\" content=\"2022-02-10T23:51:19+00:00\" \/>\n<meta property=\"og:image\" content=\"https:\/\/diariotextual.com\/inicio\/wp-content\/uploads\/2020\/12\/coronaviruslapampa2020-0010000.jpg\" \/>\n\t<meta property=\"og:image:width\" content=\"1280\" \/>\n\t<meta property=\"og:image:height\" content=\"853\" \/>\n\t<meta property=\"og:image:type\" content=\"image\/jpeg\" \/>\n<meta name=\"author\" content=\"Diario1 Diario1\" \/>\n<meta name=\"twitter:card\" content=\"summary_large_image\" \/>\n<meta name=\"twitter:creator\" content=\"@eltextual\" \/>\n<meta name=\"twitter:site\" content=\"@eltextual\" \/>\n<meta name=\"twitter:label1\" content=\"Escrito por\" \/>\n\t<meta name=\"twitter:data1\" content=\"Diario1 Diario1\" \/>\n\t<meta name=\"twitter:label2\" content=\"Tiempo de lectura\" \/>\n\t<meta name=\"twitter:data2\" content=\"2 minutos\" \/>\n<script type=\"application\/ld+json\" class=\"yoast-schema-graph\">{\"@context\":\"https:\\\/\\\/schema.org\",\"@graph\":[{\"@type\":\"Article\",\"@id\":\"https:\\\/\\\/diariotextual.com\\\/inicio\\\/index.php\\\/2022\\\/02\\\/10\\\/la-pampa-suma-otros-219-casos-de-covid\\\/#article\",\"isPartOf\":{\"@id\":\"https:\\\/\\\/diariotextual.com\\\/inicio\\\/index.php\\\/2022\\\/02\\\/10\\\/la-pampa-suma-otros-219-casos-de-covid\\\/\"},\"author\":{\"name\":\"Diario1 Diario1\",\"@id\":\"https:\\\/\\\/diariotextual.com\\\/inicio\\\/#\\\/schema\\\/person\\\/418fc4093c33e86ed41562db3508f958\"},\"headline\":\"La Pampa suma otros 219 casos de covid\",\"datePublished\":\"2022-02-10T23:48:52+00:00\",\"dateModified\":\"2022-02-10T23:51:19+00:00\",\"mainEntityOfPage\":{\"@id\":\"https:\\\/\\\/diariotextual.com\\\/inicio\\\/index.php\\\/2022\\\/02\\\/10\\\/la-pampa-suma-otros-219-casos-de-covid\\\/\"},\"wordCount\":277,\"publisher\":{\"@id\":\"https:\\\/\\\/diariotextual.com\\\/inicio\\\/#organization\"},\"image\":{\"@id\":\"https:\\\/\\\/diariotextual.com\\\/inicio\\\/index.php\\\/2022\\\/02\\\/10\\\/la-pampa-suma-otros-219-casos-de-covid\\\/#primaryimage\"},\"thumbnailUrl\":\"https:\\\/\\\/diariotextual.com\\\/inicio\\\/wp-content\\\/uploads\\\/2020\\\/12\\\/coronaviruslapampa2020-0010000.jpg\",\"articleSection\":[\"A - DESTACADAS (mod 16)\",\"SOCIEDAD\"],\"inLanguage\":\"es\"},{\"@type\":\"WebPage\",\"@id\":\"https:\\\/\\\/diariotextual.com\\\/inicio\\\/index.php\\\/2022\\\/02\\\/10\\\/la-pampa-suma-otros-219-casos-de-covid\\\/\",\"url\":\"https:\\\/\\\/diariotextual.com\\\/inicio\\\/index.php\\\/2022\\\/02\\\/10\\\/la-pampa-suma-otros-219-casos-de-covid\\\/\",\"name\":\"La Pampa suma otros 219 casos de covid - Diario Textual\",\"isPartOf\":{\"@id\":\"https:\\\/\\\/diariotextual.com\\\/inicio\\\/#website\"},\"primaryImageOfPage\":{\"@id\":\"https:\\\/\\\/diariotextual.com\\\/inicio\\\/index.php\\\/2022\\\/02\\\/10\\\/la-pampa-suma-otros-219-casos-de-covid\\\/#primaryimage\"},\"image\":{\"@id\":\"https:\\\/\\\/diariotextual.com\\\/inicio\\\/index.php\\\/2022\\\/02\\\/10\\\/la-pampa-suma-otros-219-casos-de-covid\\\/#primaryimage\"},\"thumbnailUrl\":\"https:\\\/\\\/diariotextual.com\\\/inicio\\\/wp-content\\\/uploads\\\/2020\\\/12\\\/coronaviruslapampa2020-0010000.jpg\",\"datePublished\":\"2022-02-10T23:48:52+00:00\",\"dateModified\":\"2022-02-10T23:51:19+00:00\",\"breadcrumb\":{\"@id\":\"https:\\\/\\\/diariotextual.com\\\/inicio\\\/index.php\\\/2022\\\/02\\\/10\\\/la-pampa-suma-otros-219-casos-de-covid\\\/#breadcrumb\"},\"inLanguage\":\"es\",\"potentialAction\":[{\"@type\":\"ReadAction\",\"target\":[\"https:\\\/\\\/diariotextual.com\\\/inicio\\\/index.php\\\/2022\\\/02\\\/10\\\/la-pampa-suma-otros-219-casos-de-covid\\\/\"]}]},{\"@type\":\"ImageObject\",\"inLanguage\":\"es\",\"@id\":\"https:\\\/\\\/diariotextual.com\\\/inicio\\\/index.php\\\/2022\\\/02\\\/10\\\/la-pampa-suma-otros-219-casos-de-covid\\\/#primaryimage\",\"url\":\"https:\\\/\\\/diariotextual.com\\\/inicio\\\/wp-content\\\/uploads\\\/2020\\\/12\\\/coronaviruslapampa2020-0010000.jpg\",\"contentUrl\":\"https:\\\/\\\/diariotextual.com\\\/inicio\\\/wp-content\\\/uploads\\\/2020\\\/12\\\/coronaviruslapampa2020-0010000.jpg\",\"width\":1280,\"height\":853},{\"@type\":\"BreadcrumbList\",\"@id\":\"https:\\\/\\\/diariotextual.com\\\/inicio\\\/index.php\\\/2022\\\/02\\\/10\\\/la-pampa-suma-otros-219-casos-de-covid\\\/#breadcrumb\",\"itemListElement\":[{\"@type\":\"ListItem\",\"position\":1,\"name\":\"Portada\",\"item\":\"https:\\\/\\\/diariotextual.com\\\/inicio\\\/\"},{\"@type\":\"ListItem\",\"position\":2,\"name\":\"La Pampa suma otros 219 casos de covid\"}]},{\"@type\":\"WebSite\",\"@id\":\"https:\\\/\\\/diariotextual.com\\\/inicio\\\/#website\",\"url\":\"https:\\\/\\\/diariotextual.com\\\/inicio\\\/\",\"name\":\"Diario Textual\",\"description\":\"\",\"publisher\":{\"@id\":\"https:\\\/\\\/diariotextual.com\\\/inicio\\\/#organization\"},\"potentialAction\":[{\"@type\":\"SearchAction\",\"target\":{\"@type\":\"EntryPoint\",\"urlTemplate\":\"https:\\\/\\\/diariotextual.com\\\/inicio\\\/?s={search_term_string}\"},\"query-input\":{\"@type\":\"PropertyValueSpecification\",\"valueRequired\":true,\"valueName\":\"search_term_string\"}}],\"inLanguage\":\"es\"},{\"@type\":\"Organization\",\"@id\":\"https:\\\/\\\/diariotextual.com\\\/inicio\\\/#organization\",\"name\":\"Diario Textual\",\"url\":\"https:\\\/\\\/diariotextual.com\\\/inicio\\\/\",\"logo\":{\"@type\":\"ImageObject\",\"inLanguage\":\"es\",\"@id\":\"https:\\\/\\\/diariotextual.com\\\/inicio\\\/#\\\/schema\\\/logo\\\/image\\\/\",\"url\":\"https:\\\/\\\/diariotextual.com\\\/inicio\\\/wp-content\\\/uploads\\\/2023\\\/05\\\/logotextual1.jpg\",\"contentUrl\":\"https:\\\/\\\/diariotextual.com\\\/inicio\\\/wp-content\\\/uploads\\\/2023\\\/05\\\/logotextual1.jpg\",\"width\":516,\"height\":76,\"caption\":\"Diario Textual\"},\"image\":{\"@id\":\"https:\\\/\\\/diariotextual.com\\\/inicio\\\/#\\\/schema\\\/logo\\\/image\\\/\"},\"sameAs\":[\"https:\\\/\\\/www.facebook.com\\\/eltextual\",\"https:\\\/\\\/x.com\\\/eltextual\",\"http:\\\/\\\/www.instagram.com\\\/eltextual\"]},{\"@type\":\"Person\",\"@id\":\"https:\\\/\\\/diariotextual.com\\\/inicio\\\/#\\\/schema\\\/person\\\/418fc4093c33e86ed41562db3508f958\",\"name\":\"Diario1 Diario1\",\"image\":{\"@type\":\"ImageObject\",\"inLanguage\":\"es\",\"@id\":\"https:\\\/\\\/secure.gravatar.com\\\/avatar\\\/9167d280179c85bc18be67aa7eda765854300033af4896dd779b608640f2ef7a?s=96&d=mm&r=g\",\"url\":\"https:\\\/\\\/secure.gravatar.com\\\/avatar\\\/9167d280179c85bc18be67aa7eda765854300033af4896dd779b608640f2ef7a?s=96&d=mm&r=g\",\"contentUrl\":\"https:\\\/\\\/secure.gravatar.com\\\/avatar\\\/9167d280179c85bc18be67aa7eda765854300033af4896dd779b608640f2ef7a?s=96&d=mm&r=g\",\"caption\":\"Diario1 Diario1\"},\"url\":\"https:\\\/\\\/diariotextual.com\\\/inicio\\\/index.php\\\/author\\\/diario1\\\/\"}]}<\/script>\n<!-- \/ Yoast SEO plugin. -->","yoast_head_json":{"title":"La Pampa suma otros 219 casos de covid - Diario Textual","robots":{"index":"index","follow":"follow","max-snippet":"max-snippet:-1","max-image-preview":"max-image-preview:large","max-video-preview":"max-video-preview:-1"},"canonical":"https:\/\/diariotextual.com\/inicio\/index.php\/2022\/02\/10\/la-pampa-suma-otros-219-casos-de-covid\/","og_locale":"es_ES","og_type":"article","og_title":"La Pampa suma otros 219 casos de covid - Diario Textual","og_description":"La Pampa sum\u00f3 este jueves un total de 219 casos de coronavirus, seg\u00fan inform\u00f3 el Ministerio de Salud. Ser analizaron 746 muestras. De los nuevos positivos, 59 residen en Santa&hellip;","og_url":"https:\/\/diariotextual.com\/inicio\/index.php\/2022\/02\/10\/la-pampa-suma-otros-219-casos-de-covid\/","og_site_name":"Diario Textual","article_publisher":"https:\/\/www.facebook.com\/eltextual","article_published_time":"2022-02-10T23:48:52+00:00","article_modified_time":"2022-02-10T23:51:19+00:00","og_image":[{"width":1280,"height":853,"url":"https:\/\/diariotextual.com\/inicio\/wp-content\/uploads\/2020\/12\/coronaviruslapampa2020-0010000.jpg","type":"image\/jpeg"}],"author":"Diario1 Diario1","twitter_card":"summary_large_image","twitter_creator":"@eltextual","twitter_site":"@eltextual","twitter_misc":{"Escrito por":"Diario1 Diario1","Tiempo de lectura":"2 minutos"},"schema":{"@context":"https:\/\/schema.org","@graph":[{"@type":"Article","@id":"https:\/\/diariotextual.com\/inicio\/index.php\/2022\/02\/10\/la-pampa-suma-otros-219-casos-de-covid\/#article","isPartOf":{"@id":"https:\/\/diariotextual.com\/inicio\/index.php\/2022\/02\/10\/la-pampa-suma-otros-219-casos-de-covid\/"},"author":{"name":"Diario1 Diario1","@id":"https:\/\/diariotextual.com\/inicio\/#\/schema\/person\/418fc4093c33e86ed41562db3508f958"},"headline":"La Pampa suma otros 219 casos de covid","datePublished":"2022-02-10T23:48:52+00:00","dateModified":"2022-02-10T23:51:19+00:00","mainEntityOfPage":{"@id":"https:\/\/diariotextual.com\/inicio\/index.php\/2022\/02\/10\/la-pampa-suma-otros-219-casos-de-covid\/"},"wordCount":277,"publisher":{"@id":"https:\/\/diariotextual.com\/inicio\/#organization"},"image":{"@id":"https:\/\/diariotextual.com\/inicio\/index.php\/2022\/02\/10\/la-pampa-suma-otros-219-casos-de-covid\/#primaryimage"},"thumbnailUrl":"https:\/\/diariotextual.com\/inicio\/wp-content\/uploads\/2020\/12\/coronaviruslapampa2020-0010000.jpg","articleSection":["A - DESTACADAS (mod 16)","SOCIEDAD"],"inLanguage":"es"},{"@type":"WebPage","@id":"https:\/\/diariotextual.com\/inicio\/index.php\/2022\/02\/10\/la-pampa-suma-otros-219-casos-de-covid\/","url":"https:\/\/diariotextual.com\/inicio\/index.php\/2022\/02\/10\/la-pampa-suma-otros-219-casos-de-covid\/","name":"La Pampa suma otros 219 casos de covid - Diario Textual","isPartOf":{"@id":"https:\/\/diariotextual.com\/inicio\/#website"},"primaryImageOfPage":{"@id":"https:\/\/diariotextual.com\/inicio\/index.php\/2022\/02\/10\/la-pampa-suma-otros-219-casos-de-covid\/#primaryimage"},"image":{"@id":"https:\/\/diariotextual.com\/inicio\/index.php\/2022\/02\/10\/la-pampa-suma-otros-219-casos-de-covid\/#primaryimage"},"thumbnailUrl":"https:\/\/diariotextual.com\/inicio\/wp-content\/uploads\/2020\/12\/coronaviruslapampa2020-0010000.jpg","datePublished":"2022-02-10T23:48:52+00:00","dateModified":"2022-02-10T23:51:19+00:00","breadcrumb":{"@id":"https:\/\/diariotextual.com\/inicio\/index.php\/2022\/02\/10\/la-pampa-suma-otros-219-casos-de-covid\/#breadcrumb"},"inLanguage":"es","potentialAction":[{"@type":"ReadAction","target":["https:\/\/diariotextual.com\/inicio\/index.php\/2022\/02\/10\/la-pampa-suma-otros-219-casos-de-covid\/"]}]},{"@type":"ImageObject","inLanguage":"es","@id":"https:\/\/diariotextual.com\/inicio\/index.php\/2022\/02\/10\/la-pampa-suma-otros-219-casos-de-covid\/#primaryimage","url":"https:\/\/diariotextual.com\/inicio\/wp-content\/uploads\/2020\/12\/coronaviruslapampa2020-0010000.jpg","contentUrl":"https:\/\/diariotextual.com\/inicio\/wp-content\/uploads\/2020\/12\/coronaviruslapampa2020-0010000.jpg","width":1280,"height":853},{"@type":"BreadcrumbList","@id":"https:\/\/diariotextual.com\/inicio\/index.php\/2022\/02\/10\/la-pampa-suma-otros-219-casos-de-covid\/#breadcrumb","itemListElement":[{"@type":"ListItem","position":1,"name":"Portada","item":"https:\/\/diariotextual.com\/inicio\/"},{"@type":"ListItem","position":2,"name":"La Pampa suma otros 219 casos de covid"}]},{"@type":"WebSite","@id":"https:\/\/diariotextual.com\/inicio\/#website","url":"https:\/\/diariotextual.com\/inicio\/","name":"Diario Textual","description":"","publisher":{"@id":"https:\/\/diariotextual.com\/inicio\/#organization"},"potentialAction":[{"@type":"SearchAction","target":{"@type":"EntryPoint","urlTemplate":"https:\/\/diariotextual.com\/inicio\/?s={search_term_string}"},"query-input":{"@type":"PropertyValueSpecification","valueRequired":true,"valueName":"search_term_string"}}],"inLanguage":"es"},{"@type":"Organization","@id":"https:\/\/diariotextual.com\/inicio\/#organization","name":"Diario Textual","url":"https:\/\/diariotextual.com\/inicio\/","logo":{"@type":"ImageObject","inLanguage":"es","@id":"https:\/\/diariotextual.com\/inicio\/#\/schema\/logo\/image\/","url":"https:\/\/diariotextual.com\/inicio\/wp-content\/uploads\/2023\/05\/logotextual1.jpg","contentUrl":"https:\/\/diariotextual.com\/inicio\/wp-content\/uploads\/2023\/05\/logotextual1.jpg","width":516,"height":76,"caption":"Diario Textual"},"image":{"@id":"https:\/\/diariotextual.com\/inicio\/#\/schema\/logo\/image\/"},"sameAs":["https:\/\/www.facebook.com\/eltextual","https:\/\/x.com\/eltextual","http:\/\/www.instagram.com\/eltextual"]},{"@type":"Person","@id":"https:\/\/diariotextual.com\/inicio\/#\/schema\/person\/418fc4093c33e86ed41562db3508f958","name":"Diario1 Diario1","image":{"@type":"ImageObject","inLanguage":"es","@id":"https:\/\/secure.gravatar.com\/avatar\/9167d280179c85bc18be67aa7eda765854300033af4896dd779b608640f2ef7a?s=96&d=mm&r=g","url":"https:\/\/secure.gravatar.com\/avatar\/9167d280179c85bc18be67aa7eda765854300033af4896dd779b608640f2ef7a?s=96&d=mm&r=g","contentUrl":"https:\/\/secure.gravatar.com\/avatar\/9167d280179c85bc18be67aa7eda765854300033af4896dd779b608640f2ef7a?s=96&d=mm&r=g","caption":"Diario1 Diario1"},"url":"https:\/\/diariotextual.com\/inicio\/index.php\/author\/diario1\/"}]}},"_links":{"self":[{"href":"https:\/\/diariotextual.com\/inicio\/index.php\/wp-json\/wp\/v2\/posts\/178804","targetHints":{"allow":["GET"]}}],"collection":[{"href":"https:\/\/diariotextual.com\/inicio\/index.php\/wp-json\/wp\/v2\/posts"}],"about":[{"href":"https:\/\/diariotextual.com\/inicio\/index.php\/wp-json\/wp\/v2\/types\/post"}],"author":[{"embeddable":true,"href":"https:\/\/diariotextual.com\/inicio\/index.php\/wp-json\/wp\/v2\/users\/3"}],"replies":[{"embeddable":true,"href":"https:\/\/diariotextual.com\/inicio\/index.php\/wp-json\/wp\/v2\/comments?post=178804"}],"version-history":[{"count":7,"href":"https:\/\/diariotextual.com\/inicio\/index.php\/wp-json\/wp\/v2\/posts\/178804\/revisions"}],"predecessor-version":[{"id":178813,"href":"https:\/\/diariotextual.com\/inicio\/index.php\/wp-json\/wp\/v2\/posts\/178804\/revisions\/178813"}],"wp:featuredmedia":[{"embeddable":true,"href":"https:\/\/diariotextual.com\/inicio\/index.php\/wp-json\/wp\/v2\/media\/125583"}],"wp:attachment":[{"href":"https:\/\/diariotextual.com\/inicio\/index.php\/wp-json\/wp\/v2\/media?parent=178804"}],"wp:term":[{"taxonomy":"category","embeddable":true,"href":"https:\/\/diariotextual.com\/inicio\/index.php\/wp-json\/wp\/v2\/categories?post=178804"},{"taxonomy":"post_tag","embeddable":true,"href":"https:\/\/diariotextual.com\/inicio\/index.php\/wp-json\/wp\/v2\/tags?post=178804"}],"curies":[{"name":"wp","href":"https:\/\/api.w.org\/{rel}","templated":true}]}}