{"id":178816,"date":"2022-02-11T08:13:23","date_gmt":"2022-02-11T11:13:23","guid":{"rendered":"https:\/\/diariotextual.com\/inicio\/?p=178816"},"modified":"2022-02-11T08:13:25","modified_gmt":"2022-02-11T11:13:25","slug":"la-corte-tratara-a-fines-de-abril-en-audiencia-abierta-un-reclamo-por-el-cannabis-medicinal","status":"publish","type":"post","link":"https:\/\/diariotextual.com\/inicio\/index.php\/2022\/02\/11\/la-corte-tratara-a-fines-de-abril-en-audiencia-abierta-un-reclamo-por-el-cannabis-medicinal\/","title":{"rendered":"La Corte tratar\u00e1 a fines de abril en audiencia abierta un reclamo por el cannabis medicinal"},"content":{"rendered":"\n<p>La&nbsp;<strong>Corte Suprema<\/strong>&nbsp;convoc\u00f3 a una nueva audiencia p\u00fablica, esta vez para el tratamiento del autocultivo del&nbsp;<strong>cannabis&nbsp;<\/strong>para uso medicinal, para los pr\u00f3ximos&nbsp;<strong>27 y 28 de abril<\/strong>&nbsp;en el Palacio de Justicia.<\/p>\n\n\n\n<p>Se trata de un expediente en el que est\u00e1 cuestionada una condici\u00f3n que establece la ley del&nbsp;<strong>cannabis medicinal<\/strong>&nbsp;que obliga a los pacientes a aceptar un&nbsp;<strong>procedimiento previo experimental,<\/strong>&nbsp;que se insin\u00faa como un obst\u00e1culo para el acceso al f\u00e1rmaco.<\/p>\n\n\n\n<p>La Corte explic\u00f3 que se debatir\u00e1 la decisi\u00f3n de la C\u00e1mara Federal de Rosario, que rechaz\u00f3 la acci\u00f3n de amparo promovida por&nbsp;<strong>Mar\u00eda Laura Acosta y Yanina Viviana Bustos<\/strong>, de la&nbsp;<strong>Asociaci\u00f3n Civil MACAM\u00c9<\/strong>, y en representaci\u00f3n de sus hijos menores de edad.<\/p>\n\n\n\n<p>En esa acci\u00f3n de amparo, solicitaban autorizaci\u00f3n para el&nbsp;<strong>autocultivo de cannabis<\/strong>&nbsp;con fines medicinales.<\/p>\n\n\n\n<p>La acci\u00f3n judicial apunta a declarar \u201cla &nbsp;inconstitucionalidad de toda normativa que proh\u00edba el autocultivo de cannabis para consumo medicinal\u201d.<\/p>\n\n\n\n<p>Adem\u00e1s, reclama una&nbsp;<strong>medida cautelar<\/strong>&nbsp;que impida toda&nbsp;<strong>persecuci\u00f3n<\/strong>&nbsp;penal mientras se tramita la causa.<\/p>\n\n\n\n<p>La Ley de Cannabis establece una regulaci\u00f3n para el uso de esa forma de terap\u00e9utica para determinadas dolencias, pero \u2013seg\u00fan el reclamo- excluye a patolog\u00edas como&nbsp;<strong>autismo y trastornos neurol\u00f3gicos<\/strong>, para los que se ha demostrado de manera experimental como altamente eficiente.<\/p>\n\n\n\n<p>El&nbsp;<strong>autocultivo est\u00e1 penado<\/strong>&nbsp;por la Ley de Estupefacientes 27.737.<\/p>\n\n\n\n<p>\u201cSi bien la experiencia de las madres indicar\u00eda que el suministro de derivados de cannabis resultar\u00eda beneficioso para la calidad de vida de sus hijos, lo cierto es que los pacientes y sus madres cuentan con v\u00edas legales o judiciales (llegado el caso)&nbsp;<strong>para obtener el medicamento estandarizado<\/strong>\u00ab, sostiene el fallo de Rosario que estar\u00e1 en discusi\u00f3n p\u00fablica ante la Corte.<\/p>\n\n\n\n<p>El tribunal habilit\u00f3 la participaci\u00f3n de los \u201c<strong>amicus curiae<\/strong>\u201d (terceros que, sin ser parte, puedan aportar por su experiencia y conocimientos para una mejor soluci\u00f3n del expediente).<\/p>\n\n\n\n<p>Adem\u00e1s, la Corte invit\u00f3 a participar de las audiencias al procurador general interino,&nbsp;<strong>Eduardo Casal<\/strong>, y a la defensora general de la Naci\u00f3n,&nbsp;<strong>Stella Maris Mart\u00ednez<\/strong>.<\/p>\n","protected":false},"excerpt":{"rendered":"<p>La&nbsp;Corte Suprema&nbsp;convoc\u00f3 a una nueva audiencia p\u00fablica, esta vez para el tratamiento del autocultivo del&nbsp;cannabis&nbsp;para uso medicinal, para los pr\u00f3ximos&nbsp;27 y 28 de abril&nbsp;en el Palacio de Justicia. Se trata&hellip;<\/p>\n","protected":false},"author":4,"featured_media":101962,"comment_status":"closed","ping_status":"open","sticky":false,"template":"","format":"standard","meta":{"_acf_changed":false,"footnotes":""},"categories":[4,12],"tags":[315,504],"class_list":["post-178816","post","type-post","status-publish","format-standard","has-post-thumbnail","hentry","category-destacadas","category-sociedad","tag-cannabis","tag-cannabis-medicinal"],"acf":[],"yoast_head":"<!-- This site is optimized with the Yoast SEO plugin v27.5 - https:\/\/yoast.com\/product\/yoast-seo-wordpress\/ -->\n<title>La Corte tratar\u00e1 a fines de abril en audiencia abierta un reclamo por el cannabis medicinal - Diario Textual<\/title>\n<meta name=\"robots\" content=\"index, follow, max-snippet:-1, max-image-preview:large, max-video-preview:-1\" \/>\n<link rel=\"canonical\" href=\"https:\/\/diariotextual.com\/inicio\/index.php\/2022\/02\/11\/la-corte-tratara-a-fines-de-abril-en-audiencia-abierta-un-reclamo-por-el-cannabis-medicinal\/\" \/>\n<meta property=\"og:locale\" content=\"es_ES\" \/>\n<meta property=\"og:type\" content=\"article\" \/>\n<meta property=\"og:title\" content=\"La Corte tratar\u00e1 a fines de abril en audiencia abierta un reclamo por el cannabis medicinal - Diario Textual\" \/>\n<meta property=\"og:description\" content=\"La&nbsp;Corte Suprema&nbsp;convoc\u00f3 a una nueva audiencia p\u00fablica, esta vez para el tratamiento del autocultivo del&nbsp;cannabis&nbsp;para uso medicinal, para los pr\u00f3ximos&nbsp;27 y 28 de abril&nbsp;en el Palacio de Justicia. Se trata&hellip;\" \/>\n<meta property=\"og:url\" content=\"https:\/\/diariotextual.com\/inicio\/index.php\/2022\/02\/11\/la-corte-tratara-a-fines-de-abril-en-audiencia-abierta-un-reclamo-por-el-cannabis-medicinal\/\" \/>\n<meta property=\"og:site_name\" content=\"Diario Textual\" \/>\n<meta property=\"article:publisher\" content=\"https:\/\/www.facebook.com\/eltextual\" \/>\n<meta property=\"article:published_time\" content=\"2022-02-11T11:13:23+00:00\" \/>\n<meta property=\"article:modified_time\" content=\"2022-02-11T11:13:25+00:00\" \/>\n<meta property=\"og:image\" content=\"https:\/\/diariotextual.com\/inicio\/wp-content\/uploads\/2020\/07\/cannabismarihuanatelam2020-1.jpg\" \/>\n\t<meta property=\"og:image:width\" content=\"1004\" \/>\n\t<meta property=\"og:image:height\" content=\"565\" \/>\n\t<meta property=\"og:image:type\" content=\"image\/jpeg\" \/>\n<meta name=\"author\" content=\"diario2\" \/>\n<meta name=\"twitter:card\" content=\"summary_large_image\" \/>\n<meta name=\"twitter:creator\" content=\"@eltextual\" \/>\n<meta name=\"twitter:site\" content=\"@eltextual\" \/>\n<meta name=\"twitter:label1\" content=\"Escrito por\" \/>\n\t<meta name=\"twitter:data1\" content=\"diario2\" \/>\n\t<meta name=\"twitter:label2\" content=\"Tiempo de lectura\" \/>\n\t<meta name=\"twitter:data2\" content=\"2 minutos\" \/>\n<script type=\"application\/ld+json\" class=\"yoast-schema-graph\">{\"@context\":\"https:\\\/\\\/schema.org\",\"@graph\":[{\"@type\":\"Article\",\"@id\":\"https:\\\/\\\/diariotextual.com\\\/inicio\\\/index.php\\\/2022\\\/02\\\/11\\\/la-corte-tratara-a-fines-de-abril-en-audiencia-abierta-un-reclamo-por-el-cannabis-medicinal\\\/#article\",\"isPartOf\":{\"@id\":\"https:\\\/\\\/diariotextual.com\\\/inicio\\\/index.php\\\/2022\\\/02\\\/11\\\/la-corte-tratara-a-fines-de-abril-en-audiencia-abierta-un-reclamo-por-el-cannabis-medicinal\\\/\"},\"author\":{\"name\":\"diario2\",\"@id\":\"https:\\\/\\\/diariotextual.com\\\/inicio\\\/#\\\/schema\\\/person\\\/694f60677f23c4a530867a98f22b3768\"},\"headline\":\"La Corte tratar\u00e1 a fines de abril en audiencia abierta un reclamo por el cannabis medicinal\",\"datePublished\":\"2022-02-11T11:13:23+00:00\",\"dateModified\":\"2022-02-11T11:13:25+00:00\",\"mainEntityOfPage\":{\"@id\":\"https:\\\/\\\/diariotextual.com\\\/inicio\\\/index.php\\\/2022\\\/02\\\/11\\\/la-corte-tratara-a-fines-de-abril-en-audiencia-abierta-un-reclamo-por-el-cannabis-medicinal\\\/\"},\"wordCount\":405,\"publisher\":{\"@id\":\"https:\\\/\\\/diariotextual.com\\\/inicio\\\/#organization\"},\"image\":{\"@id\":\"https:\\\/\\\/diariotextual.com\\\/inicio\\\/index.php\\\/2022\\\/02\\\/11\\\/la-corte-tratara-a-fines-de-abril-en-audiencia-abierta-un-reclamo-por-el-cannabis-medicinal\\\/#primaryimage\"},\"thumbnailUrl\":\"https:\\\/\\\/diariotextual.com\\\/inicio\\\/wp-content\\\/uploads\\\/2020\\\/07\\\/cannabismarihuanatelam2020-1.jpg\",\"keywords\":[\"cannabis\",\"cannabis medicinal\"],\"articleSection\":[\"A - DESTACADAS (mod 16)\",\"SOCIEDAD\"],\"inLanguage\":\"es\"},{\"@type\":\"WebPage\",\"@id\":\"https:\\\/\\\/diariotextual.com\\\/inicio\\\/index.php\\\/2022\\\/02\\\/11\\\/la-corte-tratara-a-fines-de-abril-en-audiencia-abierta-un-reclamo-por-el-cannabis-medicinal\\\/\",\"url\":\"https:\\\/\\\/diariotextual.com\\\/inicio\\\/index.php\\\/2022\\\/02\\\/11\\\/la-corte-tratara-a-fines-de-abril-en-audiencia-abierta-un-reclamo-por-el-cannabis-medicinal\\\/\",\"name\":\"La Corte tratar\u00e1 a fines de abril en audiencia abierta un reclamo por el cannabis medicinal - Diario Textual\",\"isPartOf\":{\"@id\":\"https:\\\/\\\/diariotextual.com\\\/inicio\\\/#website\"},\"primaryImageOfPage\":{\"@id\":\"https:\\\/\\\/diariotextual.com\\\/inicio\\\/index.php\\\/2022\\\/02\\\/11\\\/la-corte-tratara-a-fines-de-abril-en-audiencia-abierta-un-reclamo-por-el-cannabis-medicinal\\\/#primaryimage\"},\"image\":{\"@id\":\"https:\\\/\\\/diariotextual.com\\\/inicio\\\/index.php\\\/2022\\\/02\\\/11\\\/la-corte-tratara-a-fines-de-abril-en-audiencia-abierta-un-reclamo-por-el-cannabis-medicinal\\\/#primaryimage\"},\"thumbnailUrl\":\"https:\\\/\\\/diariotextual.com\\\/inicio\\\/wp-content\\\/uploads\\\/2020\\\/07\\\/cannabismarihuanatelam2020-1.jpg\",\"datePublished\":\"2022-02-11T11:13:23+00:00\",\"dateModified\":\"2022-02-11T11:13:25+00:00\",\"breadcrumb\":{\"@id\":\"https:\\\/\\\/diariotextual.com\\\/inicio\\\/index.php\\\/2022\\\/02\\\/11\\\/la-corte-tratara-a-fines-de-abril-en-audiencia-abierta-un-reclamo-por-el-cannabis-medicinal\\\/#breadcrumb\"},\"inLanguage\":\"es\",\"potentialAction\":[{\"@type\":\"ReadAction\",\"target\":[\"https:\\\/\\\/diariotextual.com\\\/inicio\\\/index.php\\\/2022\\\/02\\\/11\\\/la-corte-tratara-a-fines-de-abril-en-audiencia-abierta-un-reclamo-por-el-cannabis-medicinal\\\/\"]}]},{\"@type\":\"ImageObject\",\"inLanguage\":\"es\",\"@id\":\"https:\\\/\\\/diariotextual.com\\\/inicio\\\/index.php\\\/2022\\\/02\\\/11\\\/la-corte-tratara-a-fines-de-abril-en-audiencia-abierta-un-reclamo-por-el-cannabis-medicinal\\\/#primaryimage\",\"url\":\"https:\\\/\\\/diariotextual.com\\\/inicio\\\/wp-content\\\/uploads\\\/2020\\\/07\\\/cannabismarihuanatelam2020-1.jpg\",\"contentUrl\":\"https:\\\/\\\/diariotextual.com\\\/inicio\\\/wp-content\\\/uploads\\\/2020\\\/07\\\/cannabismarihuanatelam2020-1.jpg\",\"width\":1004,\"height\":565},{\"@type\":\"BreadcrumbList\",\"@id\":\"https:\\\/\\\/diariotextual.com\\\/inicio\\\/index.php\\\/2022\\\/02\\\/11\\\/la-corte-tratara-a-fines-de-abril-en-audiencia-abierta-un-reclamo-por-el-cannabis-medicinal\\\/#breadcrumb\",\"itemListElement\":[{\"@type\":\"ListItem\",\"position\":1,\"name\":\"Portada\",\"item\":\"https:\\\/\\\/diariotextual.com\\\/inicio\\\/\"},{\"@type\":\"ListItem\",\"position\":2,\"name\":\"La Corte tratar\u00e1 a fines de abril en audiencia abierta un reclamo por el cannabis medicinal\"}]},{\"@type\":\"WebSite\",\"@id\":\"https:\\\/\\\/diariotextual.com\\\/inicio\\\/#website\",\"url\":\"https:\\\/\\\/diariotextual.com\\\/inicio\\\/\",\"name\":\"Diario Textual\",\"description\":\"\",\"publisher\":{\"@id\":\"https:\\\/\\\/diariotextual.com\\\/inicio\\\/#organization\"},\"potentialAction\":[{\"@type\":\"SearchAction\",\"target\":{\"@type\":\"EntryPoint\",\"urlTemplate\":\"https:\\\/\\\/diariotextual.com\\\/inicio\\\/?s={search_term_string}\"},\"query-input\":{\"@type\":\"PropertyValueSpecification\",\"valueRequired\":true,\"valueName\":\"search_term_string\"}}],\"inLanguage\":\"es\"},{\"@type\":\"Organization\",\"@id\":\"https:\\\/\\\/diariotextual.com\\\/inicio\\\/#organization\",\"name\":\"Diario Textual\",\"url\":\"https:\\\/\\\/diariotextual.com\\\/inicio\\\/\",\"logo\":{\"@type\":\"ImageObject\",\"inLanguage\":\"es\",\"@id\":\"https:\\\/\\\/diariotextual.com\\\/inicio\\\/#\\\/schema\\\/logo\\\/image\\\/\",\"url\":\"https:\\\/\\\/diariotextual.com\\\/inicio\\\/wp-content\\\/uploads\\\/2023\\\/05\\\/logotextual1.jpg\",\"contentUrl\":\"https:\\\/\\\/diariotextual.com\\\/inicio\\\/wp-content\\\/uploads\\\/2023\\\/05\\\/logotextual1.jpg\",\"width\":516,\"height\":76,\"caption\":\"Diario Textual\"},\"image\":{\"@id\":\"https:\\\/\\\/diariotextual.com\\\/inicio\\\/#\\\/schema\\\/logo\\\/image\\\/\"},\"sameAs\":[\"https:\\\/\\\/www.facebook.com\\\/eltextual\",\"https:\\\/\\\/x.com\\\/eltextual\",\"http:\\\/\\\/www.instagram.com\\\/eltextual\"]},{\"@type\":\"Person\",\"@id\":\"https:\\\/\\\/diariotextual.com\\\/inicio\\\/#\\\/schema\\\/person\\\/694f60677f23c4a530867a98f22b3768\",\"name\":\"diario2\",\"image\":{\"@type\":\"ImageObject\",\"inLanguage\":\"es\",\"@id\":\"https:\\\/\\\/secure.gravatar.com\\\/avatar\\\/5a2567495ba16b852fcd8f1ed006a2e24fcace936018ed8237e95f488ad6e0a7?s=96&d=mm&r=g\",\"url\":\"https:\\\/\\\/secure.gravatar.com\\\/avatar\\\/5a2567495ba16b852fcd8f1ed006a2e24fcace936018ed8237e95f488ad6e0a7?s=96&d=mm&r=g\",\"contentUrl\":\"https:\\\/\\\/secure.gravatar.com\\\/avatar\\\/5a2567495ba16b852fcd8f1ed006a2e24fcace936018ed8237e95f488ad6e0a7?s=96&d=mm&r=g\",\"caption\":\"diario2\"},\"url\":\"https:\\\/\\\/diariotextual.com\\\/inicio\\\/index.php\\\/author\\\/diario2\\\/\"}]}<\/script>\n<!-- \/ Yoast SEO plugin. -->","yoast_head_json":{"title":"La Corte tratar\u00e1 a fines de abril en audiencia abierta un reclamo por el cannabis medicinal - Diario Textual","robots":{"index":"index","follow":"follow","max-snippet":"max-snippet:-1","max-image-preview":"max-image-preview:large","max-video-preview":"max-video-preview:-1"},"canonical":"https:\/\/diariotextual.com\/inicio\/index.php\/2022\/02\/11\/la-corte-tratara-a-fines-de-abril-en-audiencia-abierta-un-reclamo-por-el-cannabis-medicinal\/","og_locale":"es_ES","og_type":"article","og_title":"La Corte tratar\u00e1 a fines de abril en audiencia abierta un reclamo por el cannabis medicinal - Diario Textual","og_description":"La&nbsp;Corte Suprema&nbsp;convoc\u00f3 a una nueva audiencia p\u00fablica, esta vez para el tratamiento del autocultivo del&nbsp;cannabis&nbsp;para uso medicinal, para los pr\u00f3ximos&nbsp;27 y 28 de abril&nbsp;en el Palacio de Justicia. Se trata&hellip;","og_url":"https:\/\/diariotextual.com\/inicio\/index.php\/2022\/02\/11\/la-corte-tratara-a-fines-de-abril-en-audiencia-abierta-un-reclamo-por-el-cannabis-medicinal\/","og_site_name":"Diario Textual","article_publisher":"https:\/\/www.facebook.com\/eltextual","article_published_time":"2022-02-11T11:13:23+00:00","article_modified_time":"2022-02-11T11:13:25+00:00","og_image":[{"width":1004,"height":565,"url":"https:\/\/diariotextual.com\/inicio\/wp-content\/uploads\/2020\/07\/cannabismarihuanatelam2020-1.jpg","type":"image\/jpeg"}],"author":"diario2","twitter_card":"summary_large_image","twitter_creator":"@eltextual","twitter_site":"@eltextual","twitter_misc":{"Escrito por":"diario2","Tiempo de lectura":"2 minutos"},"schema":{"@context":"https:\/\/schema.org","@graph":[{"@type":"Article","@id":"https:\/\/diariotextual.com\/inicio\/index.php\/2022\/02\/11\/la-corte-tratara-a-fines-de-abril-en-audiencia-abierta-un-reclamo-por-el-cannabis-medicinal\/#article","isPartOf":{"@id":"https:\/\/diariotextual.com\/inicio\/index.php\/2022\/02\/11\/la-corte-tratara-a-fines-de-abril-en-audiencia-abierta-un-reclamo-por-el-cannabis-medicinal\/"},"author":{"name":"diario2","@id":"https:\/\/diariotextual.com\/inicio\/#\/schema\/person\/694f60677f23c4a530867a98f22b3768"},"headline":"La Corte tratar\u00e1 a fines de abril en audiencia abierta un reclamo por el cannabis medicinal","datePublished":"2022-02-11T11:13:23+00:00","dateModified":"2022-02-11T11:13:25+00:00","mainEntityOfPage":{"@id":"https:\/\/diariotextual.com\/inicio\/index.php\/2022\/02\/11\/la-corte-tratara-a-fines-de-abril-en-audiencia-abierta-un-reclamo-por-el-cannabis-medicinal\/"},"wordCount":405,"publisher":{"@id":"https:\/\/diariotextual.com\/inicio\/#organization"},"image":{"@id":"https:\/\/diariotextual.com\/inicio\/index.php\/2022\/02\/11\/la-corte-tratara-a-fines-de-abril-en-audiencia-abierta-un-reclamo-por-el-cannabis-medicinal\/#primaryimage"},"thumbnailUrl":"https:\/\/diariotextual.com\/inicio\/wp-content\/uploads\/2020\/07\/cannabismarihuanatelam2020-1.jpg","keywords":["cannabis","cannabis medicinal"],"articleSection":["A - DESTACADAS (mod 16)","SOCIEDAD"],"inLanguage":"es"},{"@type":"WebPage","@id":"https:\/\/diariotextual.com\/inicio\/index.php\/2022\/02\/11\/la-corte-tratara-a-fines-de-abril-en-audiencia-abierta-un-reclamo-por-el-cannabis-medicinal\/","url":"https:\/\/diariotextual.com\/inicio\/index.php\/2022\/02\/11\/la-corte-tratara-a-fines-de-abril-en-audiencia-abierta-un-reclamo-por-el-cannabis-medicinal\/","name":"La Corte tratar\u00e1 a fines de abril en audiencia abierta un reclamo por el cannabis medicinal - Diario Textual","isPartOf":{"@id":"https:\/\/diariotextual.com\/inicio\/#website"},"primaryImageOfPage":{"@id":"https:\/\/diariotextual.com\/inicio\/index.php\/2022\/02\/11\/la-corte-tratara-a-fines-de-abril-en-audiencia-abierta-un-reclamo-por-el-cannabis-medicinal\/#primaryimage"},"image":{"@id":"https:\/\/diariotextual.com\/inicio\/index.php\/2022\/02\/11\/la-corte-tratara-a-fines-de-abril-en-audiencia-abierta-un-reclamo-por-el-cannabis-medicinal\/#primaryimage"},"thumbnailUrl":"https:\/\/diariotextual.com\/inicio\/wp-content\/uploads\/2020\/07\/cannabismarihuanatelam2020-1.jpg","datePublished":"2022-02-11T11:13:23+00:00","dateModified":"2022-02-11T11:13:25+00:00","breadcrumb":{"@id":"https:\/\/diariotextual.com\/inicio\/index.php\/2022\/02\/11\/la-corte-tratara-a-fines-de-abril-en-audiencia-abierta-un-reclamo-por-el-cannabis-medicinal\/#breadcrumb"},"inLanguage":"es","potentialAction":[{"@type":"ReadAction","target":["https:\/\/diariotextual.com\/inicio\/index.php\/2022\/02\/11\/la-corte-tratara-a-fines-de-abril-en-audiencia-abierta-un-reclamo-por-el-cannabis-medicinal\/"]}]},{"@type":"ImageObject","inLanguage":"es","@id":"https:\/\/diariotextual.com\/inicio\/index.php\/2022\/02\/11\/la-corte-tratara-a-fines-de-abril-en-audiencia-abierta-un-reclamo-por-el-cannabis-medicinal\/#primaryimage","url":"https:\/\/diariotextual.com\/inicio\/wp-content\/uploads\/2020\/07\/cannabismarihuanatelam2020-1.jpg","contentUrl":"https:\/\/diariotextual.com\/inicio\/wp-content\/uploads\/2020\/07\/cannabismarihuanatelam2020-1.jpg","width":1004,"height":565},{"@type":"BreadcrumbList","@id":"https:\/\/diariotextual.com\/inicio\/index.php\/2022\/02\/11\/la-corte-tratara-a-fines-de-abril-en-audiencia-abierta-un-reclamo-por-el-cannabis-medicinal\/#breadcrumb","itemListElement":[{"@type":"ListItem","position":1,"name":"Portada","item":"https:\/\/diariotextual.com\/inicio\/"},{"@type":"ListItem","position":2,"name":"La Corte tratar\u00e1 a fines de abril en audiencia abierta un reclamo por el cannabis medicinal"}]},{"@type":"WebSite","@id":"https:\/\/diariotextual.com\/inicio\/#website","url":"https:\/\/diariotextual.com\/inicio\/","name":"Diario Textual","description":"","publisher":{"@id":"https:\/\/diariotextual.com\/inicio\/#organization"},"potentialAction":[{"@type":"SearchAction","target":{"@type":"EntryPoint","urlTemplate":"https:\/\/diariotextual.com\/inicio\/?s={search_term_string}"},"query-input":{"@type":"PropertyValueSpecification","valueRequired":true,"valueName":"search_term_string"}}],"inLanguage":"es"},{"@type":"Organization","@id":"https:\/\/diariotextual.com\/inicio\/#organization","name":"Diario Textual","url":"https:\/\/diariotextual.com\/inicio\/","logo":{"@type":"ImageObject","inLanguage":"es","@id":"https:\/\/diariotextual.com\/inicio\/#\/schema\/logo\/image\/","url":"https:\/\/diariotextual.com\/inicio\/wp-content\/uploads\/2023\/05\/logotextual1.jpg","contentUrl":"https:\/\/diariotextual.com\/inicio\/wp-content\/uploads\/2023\/05\/logotextual1.jpg","width":516,"height":76,"caption":"Diario Textual"},"image":{"@id":"https:\/\/diariotextual.com\/inicio\/#\/schema\/logo\/image\/"},"sameAs":["https:\/\/www.facebook.com\/eltextual","https:\/\/x.com\/eltextual","http:\/\/www.instagram.com\/eltextual"]},{"@type":"Person","@id":"https:\/\/diariotextual.com\/inicio\/#\/schema\/person\/694f60677f23c4a530867a98f22b3768","name":"diario2","image":{"@type":"ImageObject","inLanguage":"es","@id":"https:\/\/secure.gravatar.com\/avatar\/5a2567495ba16b852fcd8f1ed006a2e24fcace936018ed8237e95f488ad6e0a7?s=96&d=mm&r=g","url":"https:\/\/secure.gravatar.com\/avatar\/5a2567495ba16b852fcd8f1ed006a2e24fcace936018ed8237e95f488ad6e0a7?s=96&d=mm&r=g","contentUrl":"https:\/\/secure.gravatar.com\/avatar\/5a2567495ba16b852fcd8f1ed006a2e24fcace936018ed8237e95f488ad6e0a7?s=96&d=mm&r=g","caption":"diario2"},"url":"https:\/\/diariotextual.com\/inicio\/index.php\/author\/diario2\/"}]}},"_links":{"self":[{"href":"https:\/\/diariotextual.com\/inicio\/index.php\/wp-json\/wp\/v2\/posts\/178816","targetHints":{"allow":["GET"]}}],"collection":[{"href":"https:\/\/diariotextual.com\/inicio\/index.php\/wp-json\/wp\/v2\/posts"}],"about":[{"href":"https:\/\/diariotextual.com\/inicio\/index.php\/wp-json\/wp\/v2\/types\/post"}],"author":[{"embeddable":true,"href":"https:\/\/diariotextual.com\/inicio\/index.php\/wp-json\/wp\/v2\/users\/4"}],"replies":[{"embeddable":true,"href":"https:\/\/diariotextual.com\/inicio\/index.php\/wp-json\/wp\/v2\/comments?post=178816"}],"version-history":[{"count":1,"href":"https:\/\/diariotextual.com\/inicio\/index.php\/wp-json\/wp\/v2\/posts\/178816\/revisions"}],"predecessor-version":[{"id":178817,"href":"https:\/\/diariotextual.com\/inicio\/index.php\/wp-json\/wp\/v2\/posts\/178816\/revisions\/178817"}],"wp:featuredmedia":[{"embeddable":true,"href":"https:\/\/diariotextual.com\/inicio\/index.php\/wp-json\/wp\/v2\/media\/101962"}],"wp:attachment":[{"href":"https:\/\/diariotextual.com\/inicio\/index.php\/wp-json\/wp\/v2\/media?parent=178816"}],"wp:term":[{"taxonomy":"category","embeddable":true,"href":"https:\/\/diariotextual.com\/inicio\/index.php\/wp-json\/wp\/v2\/categories?post=178816"},{"taxonomy":"post_tag","embeddable":true,"href":"https:\/\/diariotextual.com\/inicio\/index.php\/wp-json\/wp\/v2\/tags?post=178816"}],"curies":[{"name":"wp","href":"https:\/\/api.w.org\/{rel}","templated":true}]}}