{"id":179030,"date":"2022-02-14T08:16:37","date_gmt":"2022-02-14T11:16:37","guid":{"rendered":"https:\/\/diariotextual.com\/inicio\/?p=179030"},"modified":"2022-02-14T13:06:46","modified_gmt":"2022-02-14T16:06:46","slug":"lanzan-una-canasta-escolar-municipal-en-santa-rosa","status":"publish","type":"post","link":"https:\/\/diariotextual.com\/inicio\/index.php\/2022\/02\/14\/lanzan-una-canasta-escolar-municipal-en-santa-rosa\/","title":{"rendered":"Lanzaron en Santa Rosa una canasta escolar a $990"},"content":{"rendered":"\n<p>La <strong>municipalidad de Santa Rosa<\/strong> junto a dos librer\u00edas de la ciudad presentaron este lunes una <strong>canasta escolar municipal a $990<\/strong>, con precios especiales en 11 \u00fatiles escolares de nivel inicial y primario y 10 para secundario.<\/p>\n\n\n\n<p>Se comercializar\u00e1n <strong>1.000 canastas a Precio Justo para cada nivel.<\/strong> Para nivel primario el kit incluye l\u00e1pices de colores por 12 unidades, lapicera, l\u00e1piz negro, tijera, cuaderno tapa flexible, cuaderno tapa dura, goma de l\u00e1piz, repuesto de dibujo, plasticola, regla y crayones por 6 unidades.<\/p>\n\n\n\n<figure class=\"wp-block-image size-large is-resized\"><img fetchpriority=\"high\" decoding=\"async\" src=\"https:\/\/diariotextual.com\/inicio\/wp-content\/uploads\/2022\/02\/273927373_320476830126921_1610409171250110152_n.jpg\" alt=\"\" class=\"wp-image-179073\" width=\"660\" height=\"660\" srcset=\"https:\/\/diariotextual.com\/inicio\/wp-content\/uploads\/2022\/02\/273927373_320476830126921_1610409171250110152_n.jpg 526w, https:\/\/diariotextual.com\/inicio\/wp-content\/uploads\/2022\/02\/273927373_320476830126921_1610409171250110152_n-300x300.jpg 300w, https:\/\/diariotextual.com\/inicio\/wp-content\/uploads\/2022\/02\/273927373_320476830126921_1610409171250110152_n-150x150.jpg 150w\" sizes=\"(max-width: 660px) 100vw, 660px\" \/><\/figure>\n\n\n\n<p>El kit para nivel secundario incluye una carpeta, hojas por 200 unidades, l\u00e1piz negro, escuadra, repuestos de dibujo, lapicera, resaltador, goma y plasticola.<\/p>\n\n\n\n<p>La presentaci\u00f3n se hizo en una conferencia de prensa en la Secretar\u00eda de Desarrollo Econ\u00f3mico, donde estuvieron funcionarios del \u00e1rea y representantes de las librer\u00edas&nbsp;Marinelli y Franco.<\/p>\n\n\n\n<p>El inicio de clases en La Pampa ser\u00e1 el 2 de marzo. Seg\u00fan un informe de la consultora Focus Market,&nbsp;el kit de \u00fatiles escolares compuesto por 21 productos para el nivel primario tiene un precio este a\u00f1o de $4.470, mientras que en 2021 costaba $2.450, con un aumento del 82%.<\/p>\n\n\n\n<figure class=\"wp-block-image size-large is-resized\"><img decoding=\"async\" src=\"https:\/\/diariotextual.com\/inicio\/wp-content\/uploads\/2022\/02\/272977047_320476873460250_5677669429252382320_n.jpg\" alt=\"\" class=\"wp-image-179074\" width=\"669\" height=\"669\" srcset=\"https:\/\/diariotextual.com\/inicio\/wp-content\/uploads\/2022\/02\/272977047_320476873460250_5677669429252382320_n.jpg 526w, https:\/\/diariotextual.com\/inicio\/wp-content\/uploads\/2022\/02\/272977047_320476873460250_5677669429252382320_n-300x300.jpg 300w, https:\/\/diariotextual.com\/inicio\/wp-content\/uploads\/2022\/02\/272977047_320476873460250_5677669429252382320_n-150x150.jpg 150w\" sizes=\"(max-width: 669px) 100vw, 669px\" \/><\/figure>\n","protected":false},"excerpt":{"rendered":"<p>La municipalidad de Santa Rosa junto a dos librer\u00edas de la ciudad presentaron este lunes una canasta escolar municipal a $990, con precios especiales en 11 \u00fatiles escolares de nivel&hellip;<\/p>\n","protected":false},"author":7,"featured_media":34926,"comment_status":"closed","ping_status":"open","sticky":false,"template":"","format":"standard","meta":{"_acf_changed":false,"footnotes":""},"categories":[4,12],"tags":[4906],"class_list":["post-179030","post","type-post","status-publish","format-standard","has-post-thumbnail","hentry","category-destacadas","category-sociedad","tag-canasta-escolar"],"acf":[],"yoast_head":"<!-- This site is optimized with the Yoast SEO plugin v27.5 - https:\/\/yoast.com\/product\/yoast-seo-wordpress\/ -->\n<title>Lanzaron en Santa Rosa una canasta escolar a $990 - Diario Textual<\/title>\n<meta name=\"robots\" content=\"index, follow, max-snippet:-1, max-image-preview:large, max-video-preview:-1\" \/>\n<link rel=\"canonical\" href=\"https:\/\/diariotextual.com\/inicio\/index.php\/2022\/02\/14\/lanzan-una-canasta-escolar-municipal-en-santa-rosa\/\" \/>\n<meta property=\"og:locale\" content=\"es_ES\" \/>\n<meta property=\"og:type\" content=\"article\" \/>\n<meta property=\"og:title\" content=\"Lanzaron en Santa Rosa una canasta escolar a $990 - Diario Textual\" \/>\n<meta property=\"og:description\" content=\"La municipalidad de Santa Rosa junto a dos librer\u00edas de la ciudad presentaron este lunes una canasta escolar municipal a $990, con precios especiales en 11 \u00fatiles escolares de nivel&hellip;\" \/>\n<meta property=\"og:url\" content=\"https:\/\/diariotextual.com\/inicio\/index.php\/2022\/02\/14\/lanzan-una-canasta-escolar-municipal-en-santa-rosa\/\" \/>\n<meta property=\"og:site_name\" content=\"Diario Textual\" \/>\n<meta property=\"article:publisher\" content=\"https:\/\/www.facebook.com\/eltextual\" \/>\n<meta property=\"article:published_time\" content=\"2022-02-14T11:16:37+00:00\" \/>\n<meta property=\"article:modified_time\" content=\"2022-02-14T16:06:46+00:00\" \/>\n<meta property=\"og:image\" content=\"https:\/\/diariotextual.com\/inicio\/wp-content\/uploads\/2019\/01\/utilesescolares333.jpg\" \/>\n\t<meta property=\"og:image:width\" content=\"1549\" \/>\n\t<meta property=\"og:image:height\" content=\"964\" \/>\n\t<meta property=\"og:image:type\" content=\"image\/jpeg\" \/>\n<meta name=\"author\" content=\"diario5\" \/>\n<meta name=\"twitter:card\" content=\"summary_large_image\" \/>\n<meta name=\"twitter:creator\" content=\"@eltextual\" \/>\n<meta name=\"twitter:site\" content=\"@eltextual\" \/>\n<meta name=\"twitter:label1\" content=\"Escrito por\" \/>\n\t<meta name=\"twitter:data1\" content=\"diario5\" \/>\n\t<meta name=\"twitter:label2\" content=\"Tiempo de lectura\" \/>\n\t<meta name=\"twitter:data2\" content=\"2 minutos\" \/>\n<script type=\"application\/ld+json\" class=\"yoast-schema-graph\">{\"@context\":\"https:\\\/\\\/schema.org\",\"@graph\":[{\"@type\":\"Article\",\"@id\":\"https:\\\/\\\/diariotextual.com\\\/inicio\\\/index.php\\\/2022\\\/02\\\/14\\\/lanzan-una-canasta-escolar-municipal-en-santa-rosa\\\/#article\",\"isPartOf\":{\"@id\":\"https:\\\/\\\/diariotextual.com\\\/inicio\\\/index.php\\\/2022\\\/02\\\/14\\\/lanzan-una-canasta-escolar-municipal-en-santa-rosa\\\/\"},\"author\":{\"name\":\"diario5\",\"@id\":\"https:\\\/\\\/diariotextual.com\\\/inicio\\\/#\\\/schema\\\/person\\\/c7834961ad8b29b1d9cdbf4571299067\"},\"headline\":\"Lanzaron en Santa Rosa una canasta escolar a $990\",\"datePublished\":\"2022-02-14T11:16:37+00:00\",\"dateModified\":\"2022-02-14T16:06:46+00:00\",\"mainEntityOfPage\":{\"@id\":\"https:\\\/\\\/diariotextual.com\\\/inicio\\\/index.php\\\/2022\\\/02\\\/14\\\/lanzan-una-canasta-escolar-municipal-en-santa-rosa\\\/\"},\"wordCount\":193,\"publisher\":{\"@id\":\"https:\\\/\\\/diariotextual.com\\\/inicio\\\/#organization\"},\"image\":{\"@id\":\"https:\\\/\\\/diariotextual.com\\\/inicio\\\/index.php\\\/2022\\\/02\\\/14\\\/lanzan-una-canasta-escolar-municipal-en-santa-rosa\\\/#primaryimage\"},\"thumbnailUrl\":\"https:\\\/\\\/diariotextual.com\\\/inicio\\\/wp-content\\\/uploads\\\/2019\\\/01\\\/utilesescolares333.jpg\",\"keywords\":[\"canasta escolar\"],\"articleSection\":[\"A - DESTACADAS (mod 16)\",\"SOCIEDAD\"],\"inLanguage\":\"es\"},{\"@type\":\"WebPage\",\"@id\":\"https:\\\/\\\/diariotextual.com\\\/inicio\\\/index.php\\\/2022\\\/02\\\/14\\\/lanzan-una-canasta-escolar-municipal-en-santa-rosa\\\/\",\"url\":\"https:\\\/\\\/diariotextual.com\\\/inicio\\\/index.php\\\/2022\\\/02\\\/14\\\/lanzan-una-canasta-escolar-municipal-en-santa-rosa\\\/\",\"name\":\"Lanzaron en Santa Rosa una canasta escolar a $990 - Diario Textual\",\"isPartOf\":{\"@id\":\"https:\\\/\\\/diariotextual.com\\\/inicio\\\/#website\"},\"primaryImageOfPage\":{\"@id\":\"https:\\\/\\\/diariotextual.com\\\/inicio\\\/index.php\\\/2022\\\/02\\\/14\\\/lanzan-una-canasta-escolar-municipal-en-santa-rosa\\\/#primaryimage\"},\"image\":{\"@id\":\"https:\\\/\\\/diariotextual.com\\\/inicio\\\/index.php\\\/2022\\\/02\\\/14\\\/lanzan-una-canasta-escolar-municipal-en-santa-rosa\\\/#primaryimage\"},\"thumbnailUrl\":\"https:\\\/\\\/diariotextual.com\\\/inicio\\\/wp-content\\\/uploads\\\/2019\\\/01\\\/utilesescolares333.jpg\",\"datePublished\":\"2022-02-14T11:16:37+00:00\",\"dateModified\":\"2022-02-14T16:06:46+00:00\",\"breadcrumb\":{\"@id\":\"https:\\\/\\\/diariotextual.com\\\/inicio\\\/index.php\\\/2022\\\/02\\\/14\\\/lanzan-una-canasta-escolar-municipal-en-santa-rosa\\\/#breadcrumb\"},\"inLanguage\":\"es\",\"potentialAction\":[{\"@type\":\"ReadAction\",\"target\":[\"https:\\\/\\\/diariotextual.com\\\/inicio\\\/index.php\\\/2022\\\/02\\\/14\\\/lanzan-una-canasta-escolar-municipal-en-santa-rosa\\\/\"]}]},{\"@type\":\"ImageObject\",\"inLanguage\":\"es\",\"@id\":\"https:\\\/\\\/diariotextual.com\\\/inicio\\\/index.php\\\/2022\\\/02\\\/14\\\/lanzan-una-canasta-escolar-municipal-en-santa-rosa\\\/#primaryimage\",\"url\":\"https:\\\/\\\/diariotextual.com\\\/inicio\\\/wp-content\\\/uploads\\\/2019\\\/01\\\/utilesescolares333.jpg\",\"contentUrl\":\"https:\\\/\\\/diariotextual.com\\\/inicio\\\/wp-content\\\/uploads\\\/2019\\\/01\\\/utilesescolares333.jpg\",\"width\":1549,\"height\":964},{\"@type\":\"BreadcrumbList\",\"@id\":\"https:\\\/\\\/diariotextual.com\\\/inicio\\\/index.php\\\/2022\\\/02\\\/14\\\/lanzan-una-canasta-escolar-municipal-en-santa-rosa\\\/#breadcrumb\",\"itemListElement\":[{\"@type\":\"ListItem\",\"position\":1,\"name\":\"Portada\",\"item\":\"https:\\\/\\\/diariotextual.com\\\/inicio\\\/\"},{\"@type\":\"ListItem\",\"position\":2,\"name\":\"Lanzaron en Santa Rosa una canasta escolar a $990\"}]},{\"@type\":\"WebSite\",\"@id\":\"https:\\\/\\\/diariotextual.com\\\/inicio\\\/#website\",\"url\":\"https:\\\/\\\/diariotextual.com\\\/inicio\\\/\",\"name\":\"Diario Textual\",\"description\":\"\",\"publisher\":{\"@id\":\"https:\\\/\\\/diariotextual.com\\\/inicio\\\/#organization\"},\"potentialAction\":[{\"@type\":\"SearchAction\",\"target\":{\"@type\":\"EntryPoint\",\"urlTemplate\":\"https:\\\/\\\/diariotextual.com\\\/inicio\\\/?s={search_term_string}\"},\"query-input\":{\"@type\":\"PropertyValueSpecification\",\"valueRequired\":true,\"valueName\":\"search_term_string\"}}],\"inLanguage\":\"es\"},{\"@type\":\"Organization\",\"@id\":\"https:\\\/\\\/diariotextual.com\\\/inicio\\\/#organization\",\"name\":\"Diario Textual\",\"url\":\"https:\\\/\\\/diariotextual.com\\\/inicio\\\/\",\"logo\":{\"@type\":\"ImageObject\",\"inLanguage\":\"es\",\"@id\":\"https:\\\/\\\/diariotextual.com\\\/inicio\\\/#\\\/schema\\\/logo\\\/image\\\/\",\"url\":\"https:\\\/\\\/diariotextual.com\\\/inicio\\\/wp-content\\\/uploads\\\/2023\\\/05\\\/logotextual1.jpg\",\"contentUrl\":\"https:\\\/\\\/diariotextual.com\\\/inicio\\\/wp-content\\\/uploads\\\/2023\\\/05\\\/logotextual1.jpg\",\"width\":516,\"height\":76,\"caption\":\"Diario Textual\"},\"image\":{\"@id\":\"https:\\\/\\\/diariotextual.com\\\/inicio\\\/#\\\/schema\\\/logo\\\/image\\\/\"},\"sameAs\":[\"https:\\\/\\\/www.facebook.com\\\/eltextual\",\"https:\\\/\\\/x.com\\\/eltextual\",\"http:\\\/\\\/www.instagram.com\\\/eltextual\"]},{\"@type\":\"Person\",\"@id\":\"https:\\\/\\\/diariotextual.com\\\/inicio\\\/#\\\/schema\\\/person\\\/c7834961ad8b29b1d9cdbf4571299067\",\"name\":\"diario5\",\"image\":{\"@type\":\"ImageObject\",\"inLanguage\":\"es\",\"@id\":\"https:\\\/\\\/secure.gravatar.com\\\/avatar\\\/948c893b847ca6df68216ead81b63f363408ec9b0f600fefc0641ce78613b111?s=96&d=mm&r=g\",\"url\":\"https:\\\/\\\/secure.gravatar.com\\\/avatar\\\/948c893b847ca6df68216ead81b63f363408ec9b0f600fefc0641ce78613b111?s=96&d=mm&r=g\",\"contentUrl\":\"https:\\\/\\\/secure.gravatar.com\\\/avatar\\\/948c893b847ca6df68216ead81b63f363408ec9b0f600fefc0641ce78613b111?s=96&d=mm&r=g\",\"caption\":\"diario5\"},\"url\":\"https:\\\/\\\/diariotextual.com\\\/inicio\\\/index.php\\\/author\\\/diario5\\\/\"}]}<\/script>\n<!-- \/ Yoast SEO plugin. -->","yoast_head_json":{"title":"Lanzaron en Santa Rosa una canasta escolar a $990 - Diario Textual","robots":{"index":"index","follow":"follow","max-snippet":"max-snippet:-1","max-image-preview":"max-image-preview:large","max-video-preview":"max-video-preview:-1"},"canonical":"https:\/\/diariotextual.com\/inicio\/index.php\/2022\/02\/14\/lanzan-una-canasta-escolar-municipal-en-santa-rosa\/","og_locale":"es_ES","og_type":"article","og_title":"Lanzaron en Santa Rosa una canasta escolar a $990 - Diario Textual","og_description":"La municipalidad de Santa Rosa junto a dos librer\u00edas de la ciudad presentaron este lunes una canasta escolar municipal a $990, con precios especiales en 11 \u00fatiles escolares de nivel&hellip;","og_url":"https:\/\/diariotextual.com\/inicio\/index.php\/2022\/02\/14\/lanzan-una-canasta-escolar-municipal-en-santa-rosa\/","og_site_name":"Diario Textual","article_publisher":"https:\/\/www.facebook.com\/eltextual","article_published_time":"2022-02-14T11:16:37+00:00","article_modified_time":"2022-02-14T16:06:46+00:00","og_image":[{"width":1549,"height":964,"url":"https:\/\/diariotextual.com\/inicio\/wp-content\/uploads\/2019\/01\/utilesescolares333.jpg","type":"image\/jpeg"}],"author":"diario5","twitter_card":"summary_large_image","twitter_creator":"@eltextual","twitter_site":"@eltextual","twitter_misc":{"Escrito por":"diario5","Tiempo de lectura":"2 minutos"},"schema":{"@context":"https:\/\/schema.org","@graph":[{"@type":"Article","@id":"https:\/\/diariotextual.com\/inicio\/index.php\/2022\/02\/14\/lanzan-una-canasta-escolar-municipal-en-santa-rosa\/#article","isPartOf":{"@id":"https:\/\/diariotextual.com\/inicio\/index.php\/2022\/02\/14\/lanzan-una-canasta-escolar-municipal-en-santa-rosa\/"},"author":{"name":"diario5","@id":"https:\/\/diariotextual.com\/inicio\/#\/schema\/person\/c7834961ad8b29b1d9cdbf4571299067"},"headline":"Lanzaron en Santa Rosa una canasta escolar a $990","datePublished":"2022-02-14T11:16:37+00:00","dateModified":"2022-02-14T16:06:46+00:00","mainEntityOfPage":{"@id":"https:\/\/diariotextual.com\/inicio\/index.php\/2022\/02\/14\/lanzan-una-canasta-escolar-municipal-en-santa-rosa\/"},"wordCount":193,"publisher":{"@id":"https:\/\/diariotextual.com\/inicio\/#organization"},"image":{"@id":"https:\/\/diariotextual.com\/inicio\/index.php\/2022\/02\/14\/lanzan-una-canasta-escolar-municipal-en-santa-rosa\/#primaryimage"},"thumbnailUrl":"https:\/\/diariotextual.com\/inicio\/wp-content\/uploads\/2019\/01\/utilesescolares333.jpg","keywords":["canasta escolar"],"articleSection":["A - DESTACADAS (mod 16)","SOCIEDAD"],"inLanguage":"es"},{"@type":"WebPage","@id":"https:\/\/diariotextual.com\/inicio\/index.php\/2022\/02\/14\/lanzan-una-canasta-escolar-municipal-en-santa-rosa\/","url":"https:\/\/diariotextual.com\/inicio\/index.php\/2022\/02\/14\/lanzan-una-canasta-escolar-municipal-en-santa-rosa\/","name":"Lanzaron en Santa Rosa una canasta escolar a $990 - Diario Textual","isPartOf":{"@id":"https:\/\/diariotextual.com\/inicio\/#website"},"primaryImageOfPage":{"@id":"https:\/\/diariotextual.com\/inicio\/index.php\/2022\/02\/14\/lanzan-una-canasta-escolar-municipal-en-santa-rosa\/#primaryimage"},"image":{"@id":"https:\/\/diariotextual.com\/inicio\/index.php\/2022\/02\/14\/lanzan-una-canasta-escolar-municipal-en-santa-rosa\/#primaryimage"},"thumbnailUrl":"https:\/\/diariotextual.com\/inicio\/wp-content\/uploads\/2019\/01\/utilesescolares333.jpg","datePublished":"2022-02-14T11:16:37+00:00","dateModified":"2022-02-14T16:06:46+00:00","breadcrumb":{"@id":"https:\/\/diariotextual.com\/inicio\/index.php\/2022\/02\/14\/lanzan-una-canasta-escolar-municipal-en-santa-rosa\/#breadcrumb"},"inLanguage":"es","potentialAction":[{"@type":"ReadAction","target":["https:\/\/diariotextual.com\/inicio\/index.php\/2022\/02\/14\/lanzan-una-canasta-escolar-municipal-en-santa-rosa\/"]}]},{"@type":"ImageObject","inLanguage":"es","@id":"https:\/\/diariotextual.com\/inicio\/index.php\/2022\/02\/14\/lanzan-una-canasta-escolar-municipal-en-santa-rosa\/#primaryimage","url":"https:\/\/diariotextual.com\/inicio\/wp-content\/uploads\/2019\/01\/utilesescolares333.jpg","contentUrl":"https:\/\/diariotextual.com\/inicio\/wp-content\/uploads\/2019\/01\/utilesescolares333.jpg","width":1549,"height":964},{"@type":"BreadcrumbList","@id":"https:\/\/diariotextual.com\/inicio\/index.php\/2022\/02\/14\/lanzan-una-canasta-escolar-municipal-en-santa-rosa\/#breadcrumb","itemListElement":[{"@type":"ListItem","position":1,"name":"Portada","item":"https:\/\/diariotextual.com\/inicio\/"},{"@type":"ListItem","position":2,"name":"Lanzaron en Santa Rosa una canasta escolar a $990"}]},{"@type":"WebSite","@id":"https:\/\/diariotextual.com\/inicio\/#website","url":"https:\/\/diariotextual.com\/inicio\/","name":"Diario Textual","description":"","publisher":{"@id":"https:\/\/diariotextual.com\/inicio\/#organization"},"potentialAction":[{"@type":"SearchAction","target":{"@type":"EntryPoint","urlTemplate":"https:\/\/diariotextual.com\/inicio\/?s={search_term_string}"},"query-input":{"@type":"PropertyValueSpecification","valueRequired":true,"valueName":"search_term_string"}}],"inLanguage":"es"},{"@type":"Organization","@id":"https:\/\/diariotextual.com\/inicio\/#organization","name":"Diario Textual","url":"https:\/\/diariotextual.com\/inicio\/","logo":{"@type":"ImageObject","inLanguage":"es","@id":"https:\/\/diariotextual.com\/inicio\/#\/schema\/logo\/image\/","url":"https:\/\/diariotextual.com\/inicio\/wp-content\/uploads\/2023\/05\/logotextual1.jpg","contentUrl":"https:\/\/diariotextual.com\/inicio\/wp-content\/uploads\/2023\/05\/logotextual1.jpg","width":516,"height":76,"caption":"Diario Textual"},"image":{"@id":"https:\/\/diariotextual.com\/inicio\/#\/schema\/logo\/image\/"},"sameAs":["https:\/\/www.facebook.com\/eltextual","https:\/\/x.com\/eltextual","http:\/\/www.instagram.com\/eltextual"]},{"@type":"Person","@id":"https:\/\/diariotextual.com\/inicio\/#\/schema\/person\/c7834961ad8b29b1d9cdbf4571299067","name":"diario5","image":{"@type":"ImageObject","inLanguage":"es","@id":"https:\/\/secure.gravatar.com\/avatar\/948c893b847ca6df68216ead81b63f363408ec9b0f600fefc0641ce78613b111?s=96&d=mm&r=g","url":"https:\/\/secure.gravatar.com\/avatar\/948c893b847ca6df68216ead81b63f363408ec9b0f600fefc0641ce78613b111?s=96&d=mm&r=g","contentUrl":"https:\/\/secure.gravatar.com\/avatar\/948c893b847ca6df68216ead81b63f363408ec9b0f600fefc0641ce78613b111?s=96&d=mm&r=g","caption":"diario5"},"url":"https:\/\/diariotextual.com\/inicio\/index.php\/author\/diario5\/"}]}},"_links":{"self":[{"href":"https:\/\/diariotextual.com\/inicio\/index.php\/wp-json\/wp\/v2\/posts\/179030","targetHints":{"allow":["GET"]}}],"collection":[{"href":"https:\/\/diariotextual.com\/inicio\/index.php\/wp-json\/wp\/v2\/posts"}],"about":[{"href":"https:\/\/diariotextual.com\/inicio\/index.php\/wp-json\/wp\/v2\/types\/post"}],"author":[{"embeddable":true,"href":"https:\/\/diariotextual.com\/inicio\/index.php\/wp-json\/wp\/v2\/users\/7"}],"replies":[{"embeddable":true,"href":"https:\/\/diariotextual.com\/inicio\/index.php\/wp-json\/wp\/v2\/comments?post=179030"}],"version-history":[{"count":9,"href":"https:\/\/diariotextual.com\/inicio\/index.php\/wp-json\/wp\/v2\/posts\/179030\/revisions"}],"predecessor-version":[{"id":179076,"href":"https:\/\/diariotextual.com\/inicio\/index.php\/wp-json\/wp\/v2\/posts\/179030\/revisions\/179076"}],"wp:featuredmedia":[{"embeddable":true,"href":"https:\/\/diariotextual.com\/inicio\/index.php\/wp-json\/wp\/v2\/media\/34926"}],"wp:attachment":[{"href":"https:\/\/diariotextual.com\/inicio\/index.php\/wp-json\/wp\/v2\/media?parent=179030"}],"wp:term":[{"taxonomy":"category","embeddable":true,"href":"https:\/\/diariotextual.com\/inicio\/index.php\/wp-json\/wp\/v2\/categories?post=179030"},{"taxonomy":"post_tag","embeddable":true,"href":"https:\/\/diariotextual.com\/inicio\/index.php\/wp-json\/wp\/v2\/tags?post=179030"}],"curies":[{"name":"wp","href":"https:\/\/api.w.org\/{rel}","templated":true}]}}