{"id":179983,"date":"2022-02-21T22:02:12","date_gmt":"2022-02-22T01:02:12","guid":{"rendered":"https:\/\/diariotextual.com\/inicio\/?p=179983"},"modified":"2022-02-21T22:02:15","modified_gmt":"2022-02-22T01:02:15","slug":"murio-susana-torrado-la-investigadora-a-la-que-domingo-cavallo-mando-a-lavar-los-platos","status":"publish","type":"post","link":"https:\/\/diariotextual.com\/inicio\/index.php\/2022\/02\/21\/murio-susana-torrado-la-investigadora-a-la-que-domingo-cavallo-mando-a-lavar-los-platos\/","title":{"rendered":"Muri\u00f3 Susana Torrado, la investigadora a la que Domingo Cavallo mand\u00f3 a \u00ablavar los platos\u00bb"},"content":{"rendered":"\n<p>La soci\u00f3loga e investigadora<strong> Susana Torrado<\/strong>, a quien el exministro de Econom\u00eda<strong> Domingo Cavallo<\/strong> mand\u00f3 \u00aba lavar los platos\u00bb en 1994, muri\u00f3 este lunes a los 79 a\u00f1os.<\/p>\n\n\n\n<p>Torrado gan\u00f3 reconocimiento en la opini\u00f3n p\u00fablica luego de ser cruzada por Cavallo, cuando se\u00f1al\u00f3 las consecuencias y el impacto que la convertibilidad impulsada por el gobierno de Carlos Sa\u00fal Menem tendr\u00edan para la Argentina.<\/p>\n\n\n\n<p><strong>\u00ab\u00a1Que se vayan a lavar los platos\u00bb<\/strong>, bram\u00f3 en septiembre de 1994 el economista al frente del Palacio de Hacienda, luego de que Torrado denunciara la situaci\u00f3n de los cient\u00edficos argentinos en pleno neoliberalismo. Ese episodio fue c\u00e9lebre y fungi\u00f3 como una muestra de las pol\u00edtica cient\u00edfica que llev\u00f3 adelante el menemismo.<\/p>\n\n\n\n<p><strong>Torrado se recibi\u00f3 de soci\u00f3loga en la Universidad de Buenos Aires (UBA), donde fue profesora Titular Em\u00e9rita y decana de la carrera. Tambi\u00e9n se desempe\u00f1\u00f3 como profesora Titular de Posgrados en el Instituto de Altos Estudios Sociales (IDAES), Universidad Nacional de General San Mart\u00edn.<\/strong><\/p>\n\n\n\n<p>En paralelo, trabaj\u00f3 como docente de la Universidad Aut\u00f3noma de Barcelona, Espa\u00f1a; Facultad Latinoamericana de Ciencias Sociales (FLACSO); Universidad de Mar del Plata; Instituto de Demograf\u00eda de Madrid, Espa\u00f1a; Centro Latinoamericano de Demograf\u00eda (CELADE); entre otras unidades acad\u00e9micas.<\/p>\n\n\n\n<p>Adem\u00e1s, ocup\u00f3 el cargo de Coordinadora del Programa de Actividades Conjuntas del CELADE, Chile y fue investigadora superior del CONICET, entre otras labores.<\/p>\n\n\n\n<p>La noticia fue recibida con pesar en el \u00e1mbito cient\u00edfico, sobre todo en el de las ciencias sociales. Este lunes, el antrop\u00f3logo, investigador y asesor presidencial&nbsp;<strong>Alejandro Grimson<\/strong>&nbsp;tuite\u00f3: \u00abFalleci\u00f3 la inmensa Susana Torrado, maestra de generaciones, a quien Domingo Cavallo mand\u00f3 \u00aba lavar los platos\u00bb cuando ella revel\u00f3 las consecuencias sociales de la convertibilidad\u00bb.<\/p>\n","protected":false},"excerpt":{"rendered":"<p>La soci\u00f3loga e investigadora Susana Torrado, a quien el exministro de Econom\u00eda Domingo Cavallo mand\u00f3 \u00aba lavar los platos\u00bb en 1994, muri\u00f3 este lunes a los 79 a\u00f1os. Torrado gan\u00f3&hellip;<\/p>\n","protected":false},"author":3,"featured_media":179986,"comment_status":"closed","ping_status":"open","sticky":false,"template":"","format":"standard","meta":{"_acf_changed":false,"footnotes":""},"categories":[4,12],"tags":[6634],"class_list":["post-179983","post","type-post","status-publish","format-standard","has-post-thumbnail","hentry","category-destacadas","category-sociedad","tag-investigadora"],"acf":[],"yoast_head":"<!-- This site is optimized with the Yoast SEO plugin v27.5 - https:\/\/yoast.com\/product\/yoast-seo-wordpress\/ -->\n<title>Muri\u00f3 Susana Torrado, la investigadora a la que Domingo Cavallo mand\u00f3 a &quot;lavar los platos&quot; - Diario Textual<\/title>\n<meta name=\"robots\" content=\"index, follow, max-snippet:-1, max-image-preview:large, max-video-preview:-1\" \/>\n<link rel=\"canonical\" href=\"https:\/\/diariotextual.com\/inicio\/index.php\/2022\/02\/21\/murio-susana-torrado-la-investigadora-a-la-que-domingo-cavallo-mando-a-lavar-los-platos\/\" \/>\n<meta property=\"og:locale\" content=\"es_ES\" \/>\n<meta property=\"og:type\" content=\"article\" \/>\n<meta property=\"og:title\" content=\"Muri\u00f3 Susana Torrado, la investigadora a la que Domingo Cavallo mand\u00f3 a &quot;lavar los platos&quot; - Diario Textual\" \/>\n<meta property=\"og:description\" content=\"La soci\u00f3loga e investigadora Susana Torrado, a quien el exministro de Econom\u00eda Domingo Cavallo mand\u00f3 \u00aba lavar los platos\u00bb en 1994, muri\u00f3 este lunes a los 79 a\u00f1os. Torrado gan\u00f3&hellip;\" \/>\n<meta property=\"og:url\" content=\"https:\/\/diariotextual.com\/inicio\/index.php\/2022\/02\/21\/murio-susana-torrado-la-investigadora-a-la-que-domingo-cavallo-mando-a-lavar-los-platos\/\" \/>\n<meta property=\"og:site_name\" content=\"Diario Textual\" \/>\n<meta property=\"article:publisher\" content=\"https:\/\/www.facebook.com\/eltextual\" \/>\n<meta property=\"article:published_time\" content=\"2022-02-22T01:02:12+00:00\" \/>\n<meta property=\"article:modified_time\" content=\"2022-02-22T01:02:15+00:00\" \/>\n<meta property=\"og:image\" content=\"https:\/\/diariotextual.com\/inicio\/wp-content\/uploads\/2022\/02\/torradosusana01.jpg\" \/>\n\t<meta property=\"og:image:width\" content=\"730\" \/>\n\t<meta property=\"og:image:height\" content=\"400\" \/>\n\t<meta property=\"og:image:type\" content=\"image\/jpeg\" \/>\n<meta name=\"author\" content=\"Diario1 Diario1\" \/>\n<meta name=\"twitter:card\" content=\"summary_large_image\" \/>\n<meta name=\"twitter:creator\" content=\"@eltextual\" \/>\n<meta name=\"twitter:site\" content=\"@eltextual\" \/>\n<meta name=\"twitter:label1\" content=\"Escrito por\" \/>\n\t<meta name=\"twitter:data1\" content=\"Diario1 Diario1\" \/>\n\t<meta name=\"twitter:label2\" content=\"Tiempo de lectura\" \/>\n\t<meta name=\"twitter:data2\" content=\"2 minutos\" \/>\n<script type=\"application\/ld+json\" class=\"yoast-schema-graph\">{\"@context\":\"https:\\\/\\\/schema.org\",\"@graph\":[{\"@type\":\"Article\",\"@id\":\"https:\\\/\\\/diariotextual.com\\\/inicio\\\/index.php\\\/2022\\\/02\\\/21\\\/murio-susana-torrado-la-investigadora-a-la-que-domingo-cavallo-mando-a-lavar-los-platos\\\/#article\",\"isPartOf\":{\"@id\":\"https:\\\/\\\/diariotextual.com\\\/inicio\\\/index.php\\\/2022\\\/02\\\/21\\\/murio-susana-torrado-la-investigadora-a-la-que-domingo-cavallo-mando-a-lavar-los-platos\\\/\"},\"author\":{\"name\":\"Diario1 Diario1\",\"@id\":\"https:\\\/\\\/diariotextual.com\\\/inicio\\\/#\\\/schema\\\/person\\\/418fc4093c33e86ed41562db3508f958\"},\"headline\":\"Muri\u00f3 Susana Torrado, la investigadora a la que Domingo Cavallo mand\u00f3 a \u00ablavar los platos\u00bb\",\"datePublished\":\"2022-02-22T01:02:12+00:00\",\"dateModified\":\"2022-02-22T01:02:15+00:00\",\"mainEntityOfPage\":{\"@id\":\"https:\\\/\\\/diariotextual.com\\\/inicio\\\/index.php\\\/2022\\\/02\\\/21\\\/murio-susana-torrado-la-investigadora-a-la-que-domingo-cavallo-mando-a-lavar-los-platos\\\/\"},\"wordCount\":315,\"publisher\":{\"@id\":\"https:\\\/\\\/diariotextual.com\\\/inicio\\\/#organization\"},\"image\":{\"@id\":\"https:\\\/\\\/diariotextual.com\\\/inicio\\\/index.php\\\/2022\\\/02\\\/21\\\/murio-susana-torrado-la-investigadora-a-la-que-domingo-cavallo-mando-a-lavar-los-platos\\\/#primaryimage\"},\"thumbnailUrl\":\"https:\\\/\\\/diariotextual.com\\\/inicio\\\/wp-content\\\/uploads\\\/2022\\\/02\\\/torradosusana01.jpg\",\"keywords\":[\"investigadora\"],\"articleSection\":[\"A - DESTACADAS (mod 16)\",\"SOCIEDAD\"],\"inLanguage\":\"es\"},{\"@type\":\"WebPage\",\"@id\":\"https:\\\/\\\/diariotextual.com\\\/inicio\\\/index.php\\\/2022\\\/02\\\/21\\\/murio-susana-torrado-la-investigadora-a-la-que-domingo-cavallo-mando-a-lavar-los-platos\\\/\",\"url\":\"https:\\\/\\\/diariotextual.com\\\/inicio\\\/index.php\\\/2022\\\/02\\\/21\\\/murio-susana-torrado-la-investigadora-a-la-que-domingo-cavallo-mando-a-lavar-los-platos\\\/\",\"name\":\"Muri\u00f3 Susana Torrado, la investigadora a la que Domingo Cavallo mand\u00f3 a \\\"lavar los platos\\\" - Diario Textual\",\"isPartOf\":{\"@id\":\"https:\\\/\\\/diariotextual.com\\\/inicio\\\/#website\"},\"primaryImageOfPage\":{\"@id\":\"https:\\\/\\\/diariotextual.com\\\/inicio\\\/index.php\\\/2022\\\/02\\\/21\\\/murio-susana-torrado-la-investigadora-a-la-que-domingo-cavallo-mando-a-lavar-los-platos\\\/#primaryimage\"},\"image\":{\"@id\":\"https:\\\/\\\/diariotextual.com\\\/inicio\\\/index.php\\\/2022\\\/02\\\/21\\\/murio-susana-torrado-la-investigadora-a-la-que-domingo-cavallo-mando-a-lavar-los-platos\\\/#primaryimage\"},\"thumbnailUrl\":\"https:\\\/\\\/diariotextual.com\\\/inicio\\\/wp-content\\\/uploads\\\/2022\\\/02\\\/torradosusana01.jpg\",\"datePublished\":\"2022-02-22T01:02:12+00:00\",\"dateModified\":\"2022-02-22T01:02:15+00:00\",\"breadcrumb\":{\"@id\":\"https:\\\/\\\/diariotextual.com\\\/inicio\\\/index.php\\\/2022\\\/02\\\/21\\\/murio-susana-torrado-la-investigadora-a-la-que-domingo-cavallo-mando-a-lavar-los-platos\\\/#breadcrumb\"},\"inLanguage\":\"es\",\"potentialAction\":[{\"@type\":\"ReadAction\",\"target\":[\"https:\\\/\\\/diariotextual.com\\\/inicio\\\/index.php\\\/2022\\\/02\\\/21\\\/murio-susana-torrado-la-investigadora-a-la-que-domingo-cavallo-mando-a-lavar-los-platos\\\/\"]}]},{\"@type\":\"ImageObject\",\"inLanguage\":\"es\",\"@id\":\"https:\\\/\\\/diariotextual.com\\\/inicio\\\/index.php\\\/2022\\\/02\\\/21\\\/murio-susana-torrado-la-investigadora-a-la-que-domingo-cavallo-mando-a-lavar-los-platos\\\/#primaryimage\",\"url\":\"https:\\\/\\\/diariotextual.com\\\/inicio\\\/wp-content\\\/uploads\\\/2022\\\/02\\\/torradosusana01.jpg\",\"contentUrl\":\"https:\\\/\\\/diariotextual.com\\\/inicio\\\/wp-content\\\/uploads\\\/2022\\\/02\\\/torradosusana01.jpg\",\"width\":730,\"height\":400},{\"@type\":\"BreadcrumbList\",\"@id\":\"https:\\\/\\\/diariotextual.com\\\/inicio\\\/index.php\\\/2022\\\/02\\\/21\\\/murio-susana-torrado-la-investigadora-a-la-que-domingo-cavallo-mando-a-lavar-los-platos\\\/#breadcrumb\",\"itemListElement\":[{\"@type\":\"ListItem\",\"position\":1,\"name\":\"Portada\",\"item\":\"https:\\\/\\\/diariotextual.com\\\/inicio\\\/\"},{\"@type\":\"ListItem\",\"position\":2,\"name\":\"Muri\u00f3 Susana Torrado, la investigadora a la que Domingo Cavallo mand\u00f3 a \u00ablavar los platos\u00bb\"}]},{\"@type\":\"WebSite\",\"@id\":\"https:\\\/\\\/diariotextual.com\\\/inicio\\\/#website\",\"url\":\"https:\\\/\\\/diariotextual.com\\\/inicio\\\/\",\"name\":\"Diario Textual\",\"description\":\"\",\"publisher\":{\"@id\":\"https:\\\/\\\/diariotextual.com\\\/inicio\\\/#organization\"},\"potentialAction\":[{\"@type\":\"SearchAction\",\"target\":{\"@type\":\"EntryPoint\",\"urlTemplate\":\"https:\\\/\\\/diariotextual.com\\\/inicio\\\/?s={search_term_string}\"},\"query-input\":{\"@type\":\"PropertyValueSpecification\",\"valueRequired\":true,\"valueName\":\"search_term_string\"}}],\"inLanguage\":\"es\"},{\"@type\":\"Organization\",\"@id\":\"https:\\\/\\\/diariotextual.com\\\/inicio\\\/#organization\",\"name\":\"Diario Textual\",\"url\":\"https:\\\/\\\/diariotextual.com\\\/inicio\\\/\",\"logo\":{\"@type\":\"ImageObject\",\"inLanguage\":\"es\",\"@id\":\"https:\\\/\\\/diariotextual.com\\\/inicio\\\/#\\\/schema\\\/logo\\\/image\\\/\",\"url\":\"https:\\\/\\\/diariotextual.com\\\/inicio\\\/wp-content\\\/uploads\\\/2023\\\/05\\\/logotextual1.jpg\",\"contentUrl\":\"https:\\\/\\\/diariotextual.com\\\/inicio\\\/wp-content\\\/uploads\\\/2023\\\/05\\\/logotextual1.jpg\",\"width\":516,\"height\":76,\"caption\":\"Diario Textual\"},\"image\":{\"@id\":\"https:\\\/\\\/diariotextual.com\\\/inicio\\\/#\\\/schema\\\/logo\\\/image\\\/\"},\"sameAs\":[\"https:\\\/\\\/www.facebook.com\\\/eltextual\",\"https:\\\/\\\/x.com\\\/eltextual\",\"http:\\\/\\\/www.instagram.com\\\/eltextual\"]},{\"@type\":\"Person\",\"@id\":\"https:\\\/\\\/diariotextual.com\\\/inicio\\\/#\\\/schema\\\/person\\\/418fc4093c33e86ed41562db3508f958\",\"name\":\"Diario1 Diario1\",\"image\":{\"@type\":\"ImageObject\",\"inLanguage\":\"es\",\"@id\":\"https:\\\/\\\/secure.gravatar.com\\\/avatar\\\/9167d280179c85bc18be67aa7eda765854300033af4896dd779b608640f2ef7a?s=96&d=mm&r=g\",\"url\":\"https:\\\/\\\/secure.gravatar.com\\\/avatar\\\/9167d280179c85bc18be67aa7eda765854300033af4896dd779b608640f2ef7a?s=96&d=mm&r=g\",\"contentUrl\":\"https:\\\/\\\/secure.gravatar.com\\\/avatar\\\/9167d280179c85bc18be67aa7eda765854300033af4896dd779b608640f2ef7a?s=96&d=mm&r=g\",\"caption\":\"Diario1 Diario1\"},\"url\":\"https:\\\/\\\/diariotextual.com\\\/inicio\\\/index.php\\\/author\\\/diario1\\\/\"}]}<\/script>\n<!-- \/ Yoast SEO plugin. -->","yoast_head_json":{"title":"Muri\u00f3 Susana Torrado, la investigadora a la que Domingo Cavallo mand\u00f3 a \"lavar los platos\" - Diario Textual","robots":{"index":"index","follow":"follow","max-snippet":"max-snippet:-1","max-image-preview":"max-image-preview:large","max-video-preview":"max-video-preview:-1"},"canonical":"https:\/\/diariotextual.com\/inicio\/index.php\/2022\/02\/21\/murio-susana-torrado-la-investigadora-a-la-que-domingo-cavallo-mando-a-lavar-los-platos\/","og_locale":"es_ES","og_type":"article","og_title":"Muri\u00f3 Susana Torrado, la investigadora a la que Domingo Cavallo mand\u00f3 a \"lavar los platos\" - Diario Textual","og_description":"La soci\u00f3loga e investigadora Susana Torrado, a quien el exministro de Econom\u00eda Domingo Cavallo mand\u00f3 \u00aba lavar los platos\u00bb en 1994, muri\u00f3 este lunes a los 79 a\u00f1os. Torrado gan\u00f3&hellip;","og_url":"https:\/\/diariotextual.com\/inicio\/index.php\/2022\/02\/21\/murio-susana-torrado-la-investigadora-a-la-que-domingo-cavallo-mando-a-lavar-los-platos\/","og_site_name":"Diario Textual","article_publisher":"https:\/\/www.facebook.com\/eltextual","article_published_time":"2022-02-22T01:02:12+00:00","article_modified_time":"2022-02-22T01:02:15+00:00","og_image":[{"width":730,"height":400,"url":"https:\/\/diariotextual.com\/inicio\/wp-content\/uploads\/2022\/02\/torradosusana01.jpg","type":"image\/jpeg"}],"author":"Diario1 Diario1","twitter_card":"summary_large_image","twitter_creator":"@eltextual","twitter_site":"@eltextual","twitter_misc":{"Escrito por":"Diario1 Diario1","Tiempo de lectura":"2 minutos"},"schema":{"@context":"https:\/\/schema.org","@graph":[{"@type":"Article","@id":"https:\/\/diariotextual.com\/inicio\/index.php\/2022\/02\/21\/murio-susana-torrado-la-investigadora-a-la-que-domingo-cavallo-mando-a-lavar-los-platos\/#article","isPartOf":{"@id":"https:\/\/diariotextual.com\/inicio\/index.php\/2022\/02\/21\/murio-susana-torrado-la-investigadora-a-la-que-domingo-cavallo-mando-a-lavar-los-platos\/"},"author":{"name":"Diario1 Diario1","@id":"https:\/\/diariotextual.com\/inicio\/#\/schema\/person\/418fc4093c33e86ed41562db3508f958"},"headline":"Muri\u00f3 Susana Torrado, la investigadora a la que Domingo Cavallo mand\u00f3 a \u00ablavar los platos\u00bb","datePublished":"2022-02-22T01:02:12+00:00","dateModified":"2022-02-22T01:02:15+00:00","mainEntityOfPage":{"@id":"https:\/\/diariotextual.com\/inicio\/index.php\/2022\/02\/21\/murio-susana-torrado-la-investigadora-a-la-que-domingo-cavallo-mando-a-lavar-los-platos\/"},"wordCount":315,"publisher":{"@id":"https:\/\/diariotextual.com\/inicio\/#organization"},"image":{"@id":"https:\/\/diariotextual.com\/inicio\/index.php\/2022\/02\/21\/murio-susana-torrado-la-investigadora-a-la-que-domingo-cavallo-mando-a-lavar-los-platos\/#primaryimage"},"thumbnailUrl":"https:\/\/diariotextual.com\/inicio\/wp-content\/uploads\/2022\/02\/torradosusana01.jpg","keywords":["investigadora"],"articleSection":["A - DESTACADAS (mod 16)","SOCIEDAD"],"inLanguage":"es"},{"@type":"WebPage","@id":"https:\/\/diariotextual.com\/inicio\/index.php\/2022\/02\/21\/murio-susana-torrado-la-investigadora-a-la-que-domingo-cavallo-mando-a-lavar-los-platos\/","url":"https:\/\/diariotextual.com\/inicio\/index.php\/2022\/02\/21\/murio-susana-torrado-la-investigadora-a-la-que-domingo-cavallo-mando-a-lavar-los-platos\/","name":"Muri\u00f3 Susana Torrado, la investigadora a la que Domingo Cavallo mand\u00f3 a \"lavar los platos\" - Diario Textual","isPartOf":{"@id":"https:\/\/diariotextual.com\/inicio\/#website"},"primaryImageOfPage":{"@id":"https:\/\/diariotextual.com\/inicio\/index.php\/2022\/02\/21\/murio-susana-torrado-la-investigadora-a-la-que-domingo-cavallo-mando-a-lavar-los-platos\/#primaryimage"},"image":{"@id":"https:\/\/diariotextual.com\/inicio\/index.php\/2022\/02\/21\/murio-susana-torrado-la-investigadora-a-la-que-domingo-cavallo-mando-a-lavar-los-platos\/#primaryimage"},"thumbnailUrl":"https:\/\/diariotextual.com\/inicio\/wp-content\/uploads\/2022\/02\/torradosusana01.jpg","datePublished":"2022-02-22T01:02:12+00:00","dateModified":"2022-02-22T01:02:15+00:00","breadcrumb":{"@id":"https:\/\/diariotextual.com\/inicio\/index.php\/2022\/02\/21\/murio-susana-torrado-la-investigadora-a-la-que-domingo-cavallo-mando-a-lavar-los-platos\/#breadcrumb"},"inLanguage":"es","potentialAction":[{"@type":"ReadAction","target":["https:\/\/diariotextual.com\/inicio\/index.php\/2022\/02\/21\/murio-susana-torrado-la-investigadora-a-la-que-domingo-cavallo-mando-a-lavar-los-platos\/"]}]},{"@type":"ImageObject","inLanguage":"es","@id":"https:\/\/diariotextual.com\/inicio\/index.php\/2022\/02\/21\/murio-susana-torrado-la-investigadora-a-la-que-domingo-cavallo-mando-a-lavar-los-platos\/#primaryimage","url":"https:\/\/diariotextual.com\/inicio\/wp-content\/uploads\/2022\/02\/torradosusana01.jpg","contentUrl":"https:\/\/diariotextual.com\/inicio\/wp-content\/uploads\/2022\/02\/torradosusana01.jpg","width":730,"height":400},{"@type":"BreadcrumbList","@id":"https:\/\/diariotextual.com\/inicio\/index.php\/2022\/02\/21\/murio-susana-torrado-la-investigadora-a-la-que-domingo-cavallo-mando-a-lavar-los-platos\/#breadcrumb","itemListElement":[{"@type":"ListItem","position":1,"name":"Portada","item":"https:\/\/diariotextual.com\/inicio\/"},{"@type":"ListItem","position":2,"name":"Muri\u00f3 Susana Torrado, la investigadora a la que Domingo Cavallo mand\u00f3 a \u00ablavar los platos\u00bb"}]},{"@type":"WebSite","@id":"https:\/\/diariotextual.com\/inicio\/#website","url":"https:\/\/diariotextual.com\/inicio\/","name":"Diario Textual","description":"","publisher":{"@id":"https:\/\/diariotextual.com\/inicio\/#organization"},"potentialAction":[{"@type":"SearchAction","target":{"@type":"EntryPoint","urlTemplate":"https:\/\/diariotextual.com\/inicio\/?s={search_term_string}"},"query-input":{"@type":"PropertyValueSpecification","valueRequired":true,"valueName":"search_term_string"}}],"inLanguage":"es"},{"@type":"Organization","@id":"https:\/\/diariotextual.com\/inicio\/#organization","name":"Diario Textual","url":"https:\/\/diariotextual.com\/inicio\/","logo":{"@type":"ImageObject","inLanguage":"es","@id":"https:\/\/diariotextual.com\/inicio\/#\/schema\/logo\/image\/","url":"https:\/\/diariotextual.com\/inicio\/wp-content\/uploads\/2023\/05\/logotextual1.jpg","contentUrl":"https:\/\/diariotextual.com\/inicio\/wp-content\/uploads\/2023\/05\/logotextual1.jpg","width":516,"height":76,"caption":"Diario Textual"},"image":{"@id":"https:\/\/diariotextual.com\/inicio\/#\/schema\/logo\/image\/"},"sameAs":["https:\/\/www.facebook.com\/eltextual","https:\/\/x.com\/eltextual","http:\/\/www.instagram.com\/eltextual"]},{"@type":"Person","@id":"https:\/\/diariotextual.com\/inicio\/#\/schema\/person\/418fc4093c33e86ed41562db3508f958","name":"Diario1 Diario1","image":{"@type":"ImageObject","inLanguage":"es","@id":"https:\/\/secure.gravatar.com\/avatar\/9167d280179c85bc18be67aa7eda765854300033af4896dd779b608640f2ef7a?s=96&d=mm&r=g","url":"https:\/\/secure.gravatar.com\/avatar\/9167d280179c85bc18be67aa7eda765854300033af4896dd779b608640f2ef7a?s=96&d=mm&r=g","contentUrl":"https:\/\/secure.gravatar.com\/avatar\/9167d280179c85bc18be67aa7eda765854300033af4896dd779b608640f2ef7a?s=96&d=mm&r=g","caption":"Diario1 Diario1"},"url":"https:\/\/diariotextual.com\/inicio\/index.php\/author\/diario1\/"}]}},"_links":{"self":[{"href":"https:\/\/diariotextual.com\/inicio\/index.php\/wp-json\/wp\/v2\/posts\/179983","targetHints":{"allow":["GET"]}}],"collection":[{"href":"https:\/\/diariotextual.com\/inicio\/index.php\/wp-json\/wp\/v2\/posts"}],"about":[{"href":"https:\/\/diariotextual.com\/inicio\/index.php\/wp-json\/wp\/v2\/types\/post"}],"author":[{"embeddable":true,"href":"https:\/\/diariotextual.com\/inicio\/index.php\/wp-json\/wp\/v2\/users\/3"}],"replies":[{"embeddable":true,"href":"https:\/\/diariotextual.com\/inicio\/index.php\/wp-json\/wp\/v2\/comments?post=179983"}],"version-history":[{"count":2,"href":"https:\/\/diariotextual.com\/inicio\/index.php\/wp-json\/wp\/v2\/posts\/179983\/revisions"}],"predecessor-version":[{"id":179985,"href":"https:\/\/diariotextual.com\/inicio\/index.php\/wp-json\/wp\/v2\/posts\/179983\/revisions\/179985"}],"wp:featuredmedia":[{"embeddable":true,"href":"https:\/\/diariotextual.com\/inicio\/index.php\/wp-json\/wp\/v2\/media\/179986"}],"wp:attachment":[{"href":"https:\/\/diariotextual.com\/inicio\/index.php\/wp-json\/wp\/v2\/media?parent=179983"}],"wp:term":[{"taxonomy":"category","embeddable":true,"href":"https:\/\/diariotextual.com\/inicio\/index.php\/wp-json\/wp\/v2\/categories?post=179983"},{"taxonomy":"post_tag","embeddable":true,"href":"https:\/\/diariotextual.com\/inicio\/index.php\/wp-json\/wp\/v2\/tags?post=179983"}],"curies":[{"name":"wp","href":"https:\/\/api.w.org\/{rel}","templated":true}]}}