{"id":18020,"date":"2018-08-26T10:38:50","date_gmt":"2018-08-26T13:38:50","guid":{"rendered":"http:\/\/diariotextual.com\/inicio\/?p=18020"},"modified":"2018-08-26T10:38:50","modified_gmt":"2018-08-26T13:38:50","slug":"murio-senador-excandidato-presidencial-estadounidense-john-mccain","status":"publish","type":"post","link":"https:\/\/diariotextual.com\/inicio\/index.php\/2018\/08\/26\/murio-senador-excandidato-presidencial-estadounidense-john-mccain\/","title":{"rendered":"Muri\u00f3 el senador y excandidato presidencial estadounidense John McCain"},"content":{"rendered":"<p>Enfermo de un agresivo c\u00e1ncer cerebral desde hace algo m\u00e1s de un a\u00f1o, por el cual ayer hab\u00eda dejado de recibir tratamiento, el excandidato presidencial republicano en 2008 y senador por Arizona John McCain muri\u00f3 hoy a los 81 a\u00f1os.<\/p>\n<p>H\u00e9roe de la guerra de Vietnam, donde se desempe\u00f1\u00f3 como piloto y fue prisionero durante cinco a\u00f1os, McCain hab\u00eda ganado relevancia en la \u00faltima etapa como cr\u00edtico del presidente norteamericano, Donald Trump .<\/p>\n<p>El progreso de la enfermedad y el avance inexorable de la edad est\u00e1n dictando su veredicto\u00bb, hab\u00eda se\u00f1alado ayer la familia de McCain en un comunicado. \u00abComo muestra de su habitual determinaci\u00f3n, eligi\u00f3 interrumpir el tratamiento\u00bb, a\u00f1adi\u00f3. El legislador fue diagnosticado de c\u00e1ncer en julio del a\u00f1o pasado y estaba retirado de la vida pol\u00edtica en Washington, donde llevaba seis legislaturas representando a Arizona, desde diciembre pasado.<\/p>\n<p>Con fama de moderado y de ser capaz de llegar a acuerdos con los dem\u00f3cratas, McCain fue el candidato republicano que perdi\u00f3 en las elecciones de 2008 ante Barack Obama.<\/p>\n<p>Hijo y nieto de militares, McCain hab\u00eda nacido el 29 de agosto de 1936 en una base a\u00e9rea en la zona del Canal de Panam\u00e1, bajo control norteamericano, donde su padre, John Sidney McCain, cumpl\u00eda tareas militares. La vida de McCain quedar\u00eda desde entonces marcada por la carrera militar de su padre y la que \u00e9l emprendi\u00f3 luego. De joven, fue inscrito en unos 20 colegios y, tras un n\u00famero similar de mudanzas, recibi\u00f3 el grado de bachiller en un colegio episcopaliano, la religi\u00f3n que profes\u00f3, ubicado en el norte del estado de Virginia.<\/p>\n<p>M\u00e1s tarde se entren\u00f3 como piloto en Pensacola, Florida, y concluy\u00f3 su preparaci\u00f3n en 1958 en la Academia Naval de Annapolis.<\/p>\n<p>Seis a\u00f1os despu\u00e9s se cas\u00f3 con Carol Shepp, una modelo de Filadelfia, y adopt\u00f3 a los dos hijos de ella. Posteriormente tuvieron una hija, Sidney, que naci\u00f3 en 1966. La vida en familia dur\u00f3 poco.<\/p>\n<p>En 1967, McCain fue enviado a la guerra de Vietnam, donde sobrevivi\u00f3 milagrosamente al ataque contra el &#8216;USS Forrestal&#8217;, en el que murieron 130 soldados estadounidenses. La suerte le cambi\u00f3 en cuesti\u00f3n de d\u00edas. El 26 de octubre, mientras pilotaba un avi\u00f3n en su misi\u00f3n n\u00famero 23, un misil tierra-aire lanzado por la guerrilla norvietnamita del Vietcong alcanz\u00f3 de lleno el aparato. McCain se salv\u00f3 gracias a que pudo eyectarse.<\/p>\n<p>Con lesiones diversas, fue capturado en el agua por los vietnamitas y conducido al campamento de Hoa, pr\u00f3ximo a Hanoi, donde fue torturado largamente. Sufri\u00f3 la fractura de sus brazos, lo que explica que ya no pudo levantar las manos para peinarse o lavarse los dientes como los dem\u00e1s mortales. Sus captores no tardaron en darse cuenta de qui\u00e9n era. Con art\u00edculos en sus tapas, los diarios The New York Times y The Washington Post dieron la noticia.<\/p>\n<p>El drama termin\u00f3 en 1973, despu\u00e9s de cinco a\u00f1os y medio, cuando McCain volvi\u00f3 a Estados Unidos para someterse a un tratamiento psicol\u00f3gico tras el cual termin\u00f3 su matrimonio con Carol Shepp.<\/p>\n<p>El divorcio se hizo oficial en abril de 1980 y un mes m\u00e1s tarde se cas\u00f3 nuevamente con Cindy Hensley, casi 20 a\u00f1os menor que \u00e9l, heredera de Anheuser-Busch, una firma distribuidora de cerveza. Al a\u00f1o siguiente, pidi\u00f3 la baja en la Armada y se mud\u00f3 al estado de Arizona, donde vivi\u00f3 desde entonces con Cindy, con quien tuvo tres hijos, adem\u00e1s de Bridget, una hu\u00e9rfana nacida en Bangladesh que decidieron adoptar.<\/p>\n<p>Fue en Arizona donde incursion\u00f3 a la pol\u00edtica. Primero lleg\u00f3 a la C\u00e1mara en 1983, y despu\u00e9s, en 1987, logr\u00f3 un esca\u00f1o en el Senado. Como senador, form\u00f3 parte de comit\u00e9s importantes como el de Relaciones Exteriores y Servicios Armados<\/p>\n<p>Republicano de vieja escuela, critic\u00f3 con ferocidad a Trump desde que el magnate se lanz\u00f3 a la carrera por la Casa Blanca y, a diferencia de otros muchos compa\u00f1eros del partido, no cambi\u00f3 de discurso cuando gan\u00f3 las elecciones de noviembre de 2016 y se convirti\u00f3 en presidente.<\/p>\n<p>En su \u00faltimo a\u00f1o como legislador, defendi\u00f3 a los inmigrantes de los ataques de Trump y hab\u00eda votado en contra de la liquidaci\u00f3n de la reforma sanitaria de Obama.<\/p>\n<p>&nbsp;<\/p>\n<p>&nbsp;<\/p>\n<p>&nbsp;<\/p>\n<p>&nbsp;<\/p>\n<p>&nbsp;<\/p>\n","protected":false},"excerpt":{"rendered":"<p>Enfermo de un agresivo c\u00e1ncer cerebral desde hace algo m\u00e1s de un a\u00f1o, por el cual ayer hab\u00eda dejado de recibir tratamiento, el excandidato presidencial republicano en 2008 y senador&hellip;<\/p>\n","protected":false},"author":3,"featured_media":18022,"comment_status":"closed","ping_status":"open","sticky":false,"template":"","format":"standard","meta":{"_acf_changed":false,"footnotes":""},"categories":[11,7],"tags":[],"class_list":["post-18020","post","type-post","status-publish","format-standard","has-post-thumbnail","hentry","category-que-pasa","category-mundo"],"acf":[],"yoast_head":"<!-- This site is optimized with the Yoast SEO plugin v27.5 - https:\/\/yoast.com\/product\/yoast-seo-wordpress\/ -->\n<title>Muri\u00f3 el senador y excandidato presidencial estadounidense John McCain - Diario Textual<\/title>\n<meta name=\"robots\" content=\"index, follow, max-snippet:-1, max-image-preview:large, max-video-preview:-1\" \/>\n<link rel=\"canonical\" href=\"https:\/\/diariotextual.com\/inicio\/index.php\/2018\/08\/26\/murio-senador-excandidato-presidencial-estadounidense-john-mccain\/\" \/>\n<meta property=\"og:locale\" content=\"es_ES\" \/>\n<meta property=\"og:type\" content=\"article\" \/>\n<meta property=\"og:title\" content=\"Muri\u00f3 el senador y excandidato presidencial estadounidense John McCain - Diario Textual\" \/>\n<meta property=\"og:description\" content=\"Enfermo de un agresivo c\u00e1ncer cerebral desde hace algo m\u00e1s de un a\u00f1o, por el cual ayer hab\u00eda dejado de recibir tratamiento, el excandidato presidencial republicano en 2008 y senador&hellip;\" \/>\n<meta property=\"og:url\" content=\"https:\/\/diariotextual.com\/inicio\/index.php\/2018\/08\/26\/murio-senador-excandidato-presidencial-estadounidense-john-mccain\/\" \/>\n<meta property=\"og:site_name\" content=\"Diario Textual\" \/>\n<meta property=\"article:publisher\" content=\"https:\/\/www.facebook.com\/eltextual\" \/>\n<meta property=\"article:published_time\" content=\"2018-08-26T13:38:50+00:00\" \/>\n<meta property=\"og:image\" content=\"https:\/\/diariotextual.com\/inicio\/wp-content\/uploads\/2018\/08\/mccain111.jpg\" \/>\n\t<meta property=\"og:image:width\" content=\"660\" \/>\n\t<meta property=\"og:image:height\" content=\"455\" \/>\n\t<meta property=\"og:image:type\" content=\"image\/jpeg\" \/>\n<meta name=\"author\" content=\"Diario1 Diario1\" \/>\n<meta name=\"twitter:card\" content=\"summary_large_image\" \/>\n<meta name=\"twitter:creator\" content=\"@eltextual\" \/>\n<meta name=\"twitter:site\" content=\"@eltextual\" \/>\n<meta name=\"twitter:label1\" content=\"Escrito por\" \/>\n\t<meta name=\"twitter:data1\" content=\"Diario1 Diario1\" \/>\n\t<meta name=\"twitter:label2\" content=\"Tiempo de lectura\" \/>\n\t<meta name=\"twitter:data2\" content=\"4 minutos\" \/>\n<script type=\"application\/ld+json\" class=\"yoast-schema-graph\">{\"@context\":\"https:\\\/\\\/schema.org\",\"@graph\":[{\"@type\":\"Article\",\"@id\":\"https:\\\/\\\/diariotextual.com\\\/inicio\\\/index.php\\\/2018\\\/08\\\/26\\\/murio-senador-excandidato-presidencial-estadounidense-john-mccain\\\/#article\",\"isPartOf\":{\"@id\":\"https:\\\/\\\/diariotextual.com\\\/inicio\\\/index.php\\\/2018\\\/08\\\/26\\\/murio-senador-excandidato-presidencial-estadounidense-john-mccain\\\/\"},\"author\":{\"name\":\"Diario1 Diario1\",\"@id\":\"https:\\\/\\\/diariotextual.com\\\/inicio\\\/#\\\/schema\\\/person\\\/418fc4093c33e86ed41562db3508f958\"},\"headline\":\"Muri\u00f3 el senador y excandidato presidencial estadounidense John McCain\",\"datePublished\":\"2018-08-26T13:38:50+00:00\",\"mainEntityOfPage\":{\"@id\":\"https:\\\/\\\/diariotextual.com\\\/inicio\\\/index.php\\\/2018\\\/08\\\/26\\\/murio-senador-excandidato-presidencial-estadounidense-john-mccain\\\/\"},\"wordCount\":738,\"publisher\":{\"@id\":\"https:\\\/\\\/diariotextual.com\\\/inicio\\\/#organization\"},\"image\":{\"@id\":\"https:\\\/\\\/diariotextual.com\\\/inicio\\\/index.php\\\/2018\\\/08\\\/26\\\/murio-senador-excandidato-presidencial-estadounidense-john-mccain\\\/#primaryimage\"},\"thumbnailUrl\":\"https:\\\/\\\/diariotextual.com\\\/inicio\\\/wp-content\\\/uploads\\\/2018\\\/08\\\/mccain111.jpg\",\"articleSection\":[\"A - QUE PASA (al costado)\",\"MUNDO\"],\"inLanguage\":\"es\"},{\"@type\":\"WebPage\",\"@id\":\"https:\\\/\\\/diariotextual.com\\\/inicio\\\/index.php\\\/2018\\\/08\\\/26\\\/murio-senador-excandidato-presidencial-estadounidense-john-mccain\\\/\",\"url\":\"https:\\\/\\\/diariotextual.com\\\/inicio\\\/index.php\\\/2018\\\/08\\\/26\\\/murio-senador-excandidato-presidencial-estadounidense-john-mccain\\\/\",\"name\":\"Muri\u00f3 el senador y excandidato presidencial estadounidense John McCain - Diario Textual\",\"isPartOf\":{\"@id\":\"https:\\\/\\\/diariotextual.com\\\/inicio\\\/#website\"},\"primaryImageOfPage\":{\"@id\":\"https:\\\/\\\/diariotextual.com\\\/inicio\\\/index.php\\\/2018\\\/08\\\/26\\\/murio-senador-excandidato-presidencial-estadounidense-john-mccain\\\/#primaryimage\"},\"image\":{\"@id\":\"https:\\\/\\\/diariotextual.com\\\/inicio\\\/index.php\\\/2018\\\/08\\\/26\\\/murio-senador-excandidato-presidencial-estadounidense-john-mccain\\\/#primaryimage\"},\"thumbnailUrl\":\"https:\\\/\\\/diariotextual.com\\\/inicio\\\/wp-content\\\/uploads\\\/2018\\\/08\\\/mccain111.jpg\",\"datePublished\":\"2018-08-26T13:38:50+00:00\",\"breadcrumb\":{\"@id\":\"https:\\\/\\\/diariotextual.com\\\/inicio\\\/index.php\\\/2018\\\/08\\\/26\\\/murio-senador-excandidato-presidencial-estadounidense-john-mccain\\\/#breadcrumb\"},\"inLanguage\":\"es\",\"potentialAction\":[{\"@type\":\"ReadAction\",\"target\":[\"https:\\\/\\\/diariotextual.com\\\/inicio\\\/index.php\\\/2018\\\/08\\\/26\\\/murio-senador-excandidato-presidencial-estadounidense-john-mccain\\\/\"]}]},{\"@type\":\"ImageObject\",\"inLanguage\":\"es\",\"@id\":\"https:\\\/\\\/diariotextual.com\\\/inicio\\\/index.php\\\/2018\\\/08\\\/26\\\/murio-senador-excandidato-presidencial-estadounidense-john-mccain\\\/#primaryimage\",\"url\":\"https:\\\/\\\/diariotextual.com\\\/inicio\\\/wp-content\\\/uploads\\\/2018\\\/08\\\/mccain111.jpg\",\"contentUrl\":\"https:\\\/\\\/diariotextual.com\\\/inicio\\\/wp-content\\\/uploads\\\/2018\\\/08\\\/mccain111.jpg\",\"width\":660,\"height\":455},{\"@type\":\"BreadcrumbList\",\"@id\":\"https:\\\/\\\/diariotextual.com\\\/inicio\\\/index.php\\\/2018\\\/08\\\/26\\\/murio-senador-excandidato-presidencial-estadounidense-john-mccain\\\/#breadcrumb\",\"itemListElement\":[{\"@type\":\"ListItem\",\"position\":1,\"name\":\"Portada\",\"item\":\"https:\\\/\\\/diariotextual.com\\\/inicio\\\/\"},{\"@type\":\"ListItem\",\"position\":2,\"name\":\"Muri\u00f3 el senador y excandidato presidencial estadounidense John McCain\"}]},{\"@type\":\"WebSite\",\"@id\":\"https:\\\/\\\/diariotextual.com\\\/inicio\\\/#website\",\"url\":\"https:\\\/\\\/diariotextual.com\\\/inicio\\\/\",\"name\":\"Diario Textual\",\"description\":\"\",\"publisher\":{\"@id\":\"https:\\\/\\\/diariotextual.com\\\/inicio\\\/#organization\"},\"potentialAction\":[{\"@type\":\"SearchAction\",\"target\":{\"@type\":\"EntryPoint\",\"urlTemplate\":\"https:\\\/\\\/diariotextual.com\\\/inicio\\\/?s={search_term_string}\"},\"query-input\":{\"@type\":\"PropertyValueSpecification\",\"valueRequired\":true,\"valueName\":\"search_term_string\"}}],\"inLanguage\":\"es\"},{\"@type\":\"Organization\",\"@id\":\"https:\\\/\\\/diariotextual.com\\\/inicio\\\/#organization\",\"name\":\"Diario Textual\",\"url\":\"https:\\\/\\\/diariotextual.com\\\/inicio\\\/\",\"logo\":{\"@type\":\"ImageObject\",\"inLanguage\":\"es\",\"@id\":\"https:\\\/\\\/diariotextual.com\\\/inicio\\\/#\\\/schema\\\/logo\\\/image\\\/\",\"url\":\"https:\\\/\\\/diariotextual.com\\\/inicio\\\/wp-content\\\/uploads\\\/2023\\\/05\\\/logotextual1.jpg\",\"contentUrl\":\"https:\\\/\\\/diariotextual.com\\\/inicio\\\/wp-content\\\/uploads\\\/2023\\\/05\\\/logotextual1.jpg\",\"width\":516,\"height\":76,\"caption\":\"Diario Textual\"},\"image\":{\"@id\":\"https:\\\/\\\/diariotextual.com\\\/inicio\\\/#\\\/schema\\\/logo\\\/image\\\/\"},\"sameAs\":[\"https:\\\/\\\/www.facebook.com\\\/eltextual\",\"https:\\\/\\\/x.com\\\/eltextual\",\"http:\\\/\\\/www.instagram.com\\\/eltextual\"]},{\"@type\":\"Person\",\"@id\":\"https:\\\/\\\/diariotextual.com\\\/inicio\\\/#\\\/schema\\\/person\\\/418fc4093c33e86ed41562db3508f958\",\"name\":\"Diario1 Diario1\",\"image\":{\"@type\":\"ImageObject\",\"inLanguage\":\"es\",\"@id\":\"https:\\\/\\\/secure.gravatar.com\\\/avatar\\\/9167d280179c85bc18be67aa7eda765854300033af4896dd779b608640f2ef7a?s=96&d=mm&r=g\",\"url\":\"https:\\\/\\\/secure.gravatar.com\\\/avatar\\\/9167d280179c85bc18be67aa7eda765854300033af4896dd779b608640f2ef7a?s=96&d=mm&r=g\",\"contentUrl\":\"https:\\\/\\\/secure.gravatar.com\\\/avatar\\\/9167d280179c85bc18be67aa7eda765854300033af4896dd779b608640f2ef7a?s=96&d=mm&r=g\",\"caption\":\"Diario1 Diario1\"},\"url\":\"https:\\\/\\\/diariotextual.com\\\/inicio\\\/index.php\\\/author\\\/diario1\\\/\"}]}<\/script>\n<!-- \/ Yoast SEO plugin. -->","yoast_head_json":{"title":"Muri\u00f3 el senador y excandidato presidencial estadounidense John McCain - Diario Textual","robots":{"index":"index","follow":"follow","max-snippet":"max-snippet:-1","max-image-preview":"max-image-preview:large","max-video-preview":"max-video-preview:-1"},"canonical":"https:\/\/diariotextual.com\/inicio\/index.php\/2018\/08\/26\/murio-senador-excandidato-presidencial-estadounidense-john-mccain\/","og_locale":"es_ES","og_type":"article","og_title":"Muri\u00f3 el senador y excandidato presidencial estadounidense John McCain - Diario Textual","og_description":"Enfermo de un agresivo c\u00e1ncer cerebral desde hace algo m\u00e1s de un a\u00f1o, por el cual ayer hab\u00eda dejado de recibir tratamiento, el excandidato presidencial republicano en 2008 y senador&hellip;","og_url":"https:\/\/diariotextual.com\/inicio\/index.php\/2018\/08\/26\/murio-senador-excandidato-presidencial-estadounidense-john-mccain\/","og_site_name":"Diario Textual","article_publisher":"https:\/\/www.facebook.com\/eltextual","article_published_time":"2018-08-26T13:38:50+00:00","og_image":[{"width":660,"height":455,"url":"https:\/\/diariotextual.com\/inicio\/wp-content\/uploads\/2018\/08\/mccain111.jpg","type":"image\/jpeg"}],"author":"Diario1 Diario1","twitter_card":"summary_large_image","twitter_creator":"@eltextual","twitter_site":"@eltextual","twitter_misc":{"Escrito por":"Diario1 Diario1","Tiempo de lectura":"4 minutos"},"schema":{"@context":"https:\/\/schema.org","@graph":[{"@type":"Article","@id":"https:\/\/diariotextual.com\/inicio\/index.php\/2018\/08\/26\/murio-senador-excandidato-presidencial-estadounidense-john-mccain\/#article","isPartOf":{"@id":"https:\/\/diariotextual.com\/inicio\/index.php\/2018\/08\/26\/murio-senador-excandidato-presidencial-estadounidense-john-mccain\/"},"author":{"name":"Diario1 Diario1","@id":"https:\/\/diariotextual.com\/inicio\/#\/schema\/person\/418fc4093c33e86ed41562db3508f958"},"headline":"Muri\u00f3 el senador y excandidato presidencial estadounidense John McCain","datePublished":"2018-08-26T13:38:50+00:00","mainEntityOfPage":{"@id":"https:\/\/diariotextual.com\/inicio\/index.php\/2018\/08\/26\/murio-senador-excandidato-presidencial-estadounidense-john-mccain\/"},"wordCount":738,"publisher":{"@id":"https:\/\/diariotextual.com\/inicio\/#organization"},"image":{"@id":"https:\/\/diariotextual.com\/inicio\/index.php\/2018\/08\/26\/murio-senador-excandidato-presidencial-estadounidense-john-mccain\/#primaryimage"},"thumbnailUrl":"https:\/\/diariotextual.com\/inicio\/wp-content\/uploads\/2018\/08\/mccain111.jpg","articleSection":["A - QUE PASA (al costado)","MUNDO"],"inLanguage":"es"},{"@type":"WebPage","@id":"https:\/\/diariotextual.com\/inicio\/index.php\/2018\/08\/26\/murio-senador-excandidato-presidencial-estadounidense-john-mccain\/","url":"https:\/\/diariotextual.com\/inicio\/index.php\/2018\/08\/26\/murio-senador-excandidato-presidencial-estadounidense-john-mccain\/","name":"Muri\u00f3 el senador y excandidato presidencial estadounidense John McCain - Diario Textual","isPartOf":{"@id":"https:\/\/diariotextual.com\/inicio\/#website"},"primaryImageOfPage":{"@id":"https:\/\/diariotextual.com\/inicio\/index.php\/2018\/08\/26\/murio-senador-excandidato-presidencial-estadounidense-john-mccain\/#primaryimage"},"image":{"@id":"https:\/\/diariotextual.com\/inicio\/index.php\/2018\/08\/26\/murio-senador-excandidato-presidencial-estadounidense-john-mccain\/#primaryimage"},"thumbnailUrl":"https:\/\/diariotextual.com\/inicio\/wp-content\/uploads\/2018\/08\/mccain111.jpg","datePublished":"2018-08-26T13:38:50+00:00","breadcrumb":{"@id":"https:\/\/diariotextual.com\/inicio\/index.php\/2018\/08\/26\/murio-senador-excandidato-presidencial-estadounidense-john-mccain\/#breadcrumb"},"inLanguage":"es","potentialAction":[{"@type":"ReadAction","target":["https:\/\/diariotextual.com\/inicio\/index.php\/2018\/08\/26\/murio-senador-excandidato-presidencial-estadounidense-john-mccain\/"]}]},{"@type":"ImageObject","inLanguage":"es","@id":"https:\/\/diariotextual.com\/inicio\/index.php\/2018\/08\/26\/murio-senador-excandidato-presidencial-estadounidense-john-mccain\/#primaryimage","url":"https:\/\/diariotextual.com\/inicio\/wp-content\/uploads\/2018\/08\/mccain111.jpg","contentUrl":"https:\/\/diariotextual.com\/inicio\/wp-content\/uploads\/2018\/08\/mccain111.jpg","width":660,"height":455},{"@type":"BreadcrumbList","@id":"https:\/\/diariotextual.com\/inicio\/index.php\/2018\/08\/26\/murio-senador-excandidato-presidencial-estadounidense-john-mccain\/#breadcrumb","itemListElement":[{"@type":"ListItem","position":1,"name":"Portada","item":"https:\/\/diariotextual.com\/inicio\/"},{"@type":"ListItem","position":2,"name":"Muri\u00f3 el senador y excandidato presidencial estadounidense John McCain"}]},{"@type":"WebSite","@id":"https:\/\/diariotextual.com\/inicio\/#website","url":"https:\/\/diariotextual.com\/inicio\/","name":"Diario Textual","description":"","publisher":{"@id":"https:\/\/diariotextual.com\/inicio\/#organization"},"potentialAction":[{"@type":"SearchAction","target":{"@type":"EntryPoint","urlTemplate":"https:\/\/diariotextual.com\/inicio\/?s={search_term_string}"},"query-input":{"@type":"PropertyValueSpecification","valueRequired":true,"valueName":"search_term_string"}}],"inLanguage":"es"},{"@type":"Organization","@id":"https:\/\/diariotextual.com\/inicio\/#organization","name":"Diario Textual","url":"https:\/\/diariotextual.com\/inicio\/","logo":{"@type":"ImageObject","inLanguage":"es","@id":"https:\/\/diariotextual.com\/inicio\/#\/schema\/logo\/image\/","url":"https:\/\/diariotextual.com\/inicio\/wp-content\/uploads\/2023\/05\/logotextual1.jpg","contentUrl":"https:\/\/diariotextual.com\/inicio\/wp-content\/uploads\/2023\/05\/logotextual1.jpg","width":516,"height":76,"caption":"Diario Textual"},"image":{"@id":"https:\/\/diariotextual.com\/inicio\/#\/schema\/logo\/image\/"},"sameAs":["https:\/\/www.facebook.com\/eltextual","https:\/\/x.com\/eltextual","http:\/\/www.instagram.com\/eltextual"]},{"@type":"Person","@id":"https:\/\/diariotextual.com\/inicio\/#\/schema\/person\/418fc4093c33e86ed41562db3508f958","name":"Diario1 Diario1","image":{"@type":"ImageObject","inLanguage":"es","@id":"https:\/\/secure.gravatar.com\/avatar\/9167d280179c85bc18be67aa7eda765854300033af4896dd779b608640f2ef7a?s=96&d=mm&r=g","url":"https:\/\/secure.gravatar.com\/avatar\/9167d280179c85bc18be67aa7eda765854300033af4896dd779b608640f2ef7a?s=96&d=mm&r=g","contentUrl":"https:\/\/secure.gravatar.com\/avatar\/9167d280179c85bc18be67aa7eda765854300033af4896dd779b608640f2ef7a?s=96&d=mm&r=g","caption":"Diario1 Diario1"},"url":"https:\/\/diariotextual.com\/inicio\/index.php\/author\/diario1\/"}]}},"_links":{"self":[{"href":"https:\/\/diariotextual.com\/inicio\/index.php\/wp-json\/wp\/v2\/posts\/18020","targetHints":{"allow":["GET"]}}],"collection":[{"href":"https:\/\/diariotextual.com\/inicio\/index.php\/wp-json\/wp\/v2\/posts"}],"about":[{"href":"https:\/\/diariotextual.com\/inicio\/index.php\/wp-json\/wp\/v2\/types\/post"}],"author":[{"embeddable":true,"href":"https:\/\/diariotextual.com\/inicio\/index.php\/wp-json\/wp\/v2\/users\/3"}],"replies":[{"embeddable":true,"href":"https:\/\/diariotextual.com\/inicio\/index.php\/wp-json\/wp\/v2\/comments?post=18020"}],"version-history":[{"count":1,"href":"https:\/\/diariotextual.com\/inicio\/index.php\/wp-json\/wp\/v2\/posts\/18020\/revisions"}],"predecessor-version":[{"id":18021,"href":"https:\/\/diariotextual.com\/inicio\/index.php\/wp-json\/wp\/v2\/posts\/18020\/revisions\/18021"}],"wp:featuredmedia":[{"embeddable":true,"href":"https:\/\/diariotextual.com\/inicio\/index.php\/wp-json\/wp\/v2\/media\/18022"}],"wp:attachment":[{"href":"https:\/\/diariotextual.com\/inicio\/index.php\/wp-json\/wp\/v2\/media?parent=18020"}],"wp:term":[{"taxonomy":"category","embeddable":true,"href":"https:\/\/diariotextual.com\/inicio\/index.php\/wp-json\/wp\/v2\/categories?post=18020"},{"taxonomy":"post_tag","embeddable":true,"href":"https:\/\/diariotextual.com\/inicio\/index.php\/wp-json\/wp\/v2\/tags?post=18020"}],"curies":[{"name":"wp","href":"https:\/\/api.w.org\/{rel}","templated":true}]}}