{"id":18080,"date":"2018-08-26T21:03:34","date_gmt":"2018-08-27T00:03:34","guid":{"rendered":"http:\/\/diariotextual.com\/inicio\/?p=18080"},"modified":"2018-08-27T09:34:23","modified_gmt":"2018-08-27T12:34:23","slug":"arzobispo-acuso-francisco-encubrir-abusos-pidio-renuncia","status":"publish","type":"post","link":"https:\/\/diariotextual.com\/inicio\/index.php\/2018\/08\/26\/arzobispo-acuso-francisco-encubrir-abusos-pidio-renuncia\/","title":{"rendered":"Un arzobispo acus\u00f3 a Francisco de encubrir abusos y pidi\u00f3 su renuncia"},"content":{"rendered":"<p>El arzobispo Carlo Maria Vigano, exembajador del Vaticano en Estados Unidos, acus\u00f3 el s\u00e1bado en una carta al papa Francisco de haber anulado las sanciones contra el cardenal estadounidense Theodore McCarrick, pese a las acusaciones de \u00abcomportamiento gravemente inmoral\u00bb contra \u00e9l.<\/p>\n<p><!--more--><\/p>\n<p>\u00abEl Vaticano no tiene ning\u00fan comentario por el momento\u00bb, sostuvo este domingo una portavoz del Vaticano desde Roma, contactadas por los periodistas a bordo del avi\u00f3n del papa Francisco que se dirig\u00eda a la ciudad de Knock, en Irlanda.<\/p>\n<p>\u00abLa corrupci\u00f3n alcanz\u00f3 la cima de jerarqu\u00eda de la Iglesia\u00bb, afirm\u00f3 en su carta Vigano, y pidi\u00f3 incluso la dimisi\u00f3n del papa Francisco.<\/p>\n<p>La carta de 11 p\u00e1ginas fue publicada de manera simult\u00e1nea el s\u00e1bado en varias publicaciones cat\u00f3licas estadounidenses de tendencia tradicionalista o ultraconservadora, as\u00ed como por un diario italiano de derecha.<\/p>\n<p>Esta se ha hecho p\u00fablica en el segundo d\u00eda de una corta visita del papa a Irlanda, donde la cuesti\u00f3n de los abusos sexuales en el seno de la Iglesia en todo el mundo ocupa especialmente la esfera medi\u00e1tica.<\/p>\n<p>Vigiano, de 77 a\u00f1os, que fue nuncio en en Washington entre 2011 y 216, afirma que Benedicto XVI hab\u00eda impuesto sanciones can\u00f3nicas contra el cardenal McCarrick a finales de los a\u00f1os 2000. El prelado deb\u00eda dejar el seminario donde viv\u00eda, evitar cualquier contacto con el p\u00fablico y vivir una vida de penitencia.<\/p>\n<p>La decisi\u00f3n de esta retirada de la vida p\u00fablica se tom\u00f3 varios a\u00f1os despu\u00e9s de los informes de dos exembajadores del Vaticano en Washington, actualmente fallecidos, que hablaban de su \u00abcomportamiento gravemente inmoral con seminaristas y curas\u00bb.<\/p>\n<p>Vigano dijo que, cuando lleg\u00f3 como embajador a Washington, escribi\u00f3 en 2006 una primera nota sobre McCarrick a su superior en Roma, donde suger\u00eda incluso \u00abun tratamiento m\u00e9dico\u00bb contra \u00e9l.<\/p>\n<p>El arzobispo Vigano cuenta que el actual papa Francisco le pregunt\u00f3, poco despu\u00e9s de asumir el cargo, en junio de 2013, sobre la personalidad de McCarrick. Seg\u00fan \u00e9l, el papa argentino habr\u00eda preferido ignorar sus advertencias y hab\u00eda anulado de hecho las sanciones de su predecesor.<\/p>\n<p>En su dura carta, el exnuncio apost\u00f3lico jubilado en la actualidad, acusa igualmente, dando los nombres, a un gran n\u00famero de altos prelados de la Curia romana, entre ellos el n\u00famero dos Pietro Parolin, de un silencio c\u00f3mplice sobre los comportamientos de McCarrick.<\/p>\n<p>El papa Francisco acept\u00f3 finalmente en julio la dimisi\u00f3n del colegio de cardinales del estadounidense Theodor McCarrick, de 88 a\u00f1os, arzobispo em\u00e9rito de Washington.<\/p>\n","protected":false},"excerpt":{"rendered":"<p>El arzobispo Carlo Maria Vigano, exembajador del Vaticano en Estados Unidos, acus\u00f3 el s\u00e1bado en una carta al papa Francisco de haber anulado las sanciones contra el cardenal estadounidense Theodore&hellip;<\/p>\n","protected":false},"author":5,"featured_media":18081,"comment_status":"closed","ping_status":"open","sticky":false,"template":"","format":"standard","meta":{"_acf_changed":false,"footnotes":""},"categories":[11,7],"tags":[],"class_list":["post-18080","post","type-post","status-publish","format-standard","has-post-thumbnail","hentry","category-que-pasa","category-mundo"],"acf":[],"yoast_head":"<!-- This site is optimized with the Yoast SEO plugin v27.5 - https:\/\/yoast.com\/product\/yoast-seo-wordpress\/ -->\n<title>Un arzobispo acus\u00f3 a Francisco de encubrir abusos y pidi\u00f3 su renuncia - Diario Textual<\/title>\n<meta name=\"robots\" content=\"index, follow, max-snippet:-1, max-image-preview:large, max-video-preview:-1\" \/>\n<link rel=\"canonical\" href=\"https:\/\/diariotextual.com\/inicio\/index.php\/2018\/08\/26\/arzobispo-acuso-francisco-encubrir-abusos-pidio-renuncia\/\" \/>\n<meta property=\"og:locale\" content=\"es_ES\" \/>\n<meta property=\"og:type\" content=\"article\" \/>\n<meta property=\"og:title\" content=\"Un arzobispo acus\u00f3 a Francisco de encubrir abusos y pidi\u00f3 su renuncia - Diario Textual\" \/>\n<meta property=\"og:description\" content=\"El arzobispo Carlo Maria Vigano, exembajador del Vaticano en Estados Unidos, acus\u00f3 el s\u00e1bado en una carta al papa Francisco de haber anulado las sanciones contra el cardenal estadounidense Theodore&hellip;\" \/>\n<meta property=\"og:url\" content=\"https:\/\/diariotextual.com\/inicio\/index.php\/2018\/08\/26\/arzobispo-acuso-francisco-encubrir-abusos-pidio-renuncia\/\" \/>\n<meta property=\"og:site_name\" content=\"Diario Textual\" \/>\n<meta property=\"article:publisher\" content=\"https:\/\/www.facebook.com\/eltextual\" \/>\n<meta property=\"article:published_time\" content=\"2018-08-27T00:03:34+00:00\" \/>\n<meta property=\"article:modified_time\" content=\"2018-08-27T12:34:23+00:00\" \/>\n<meta property=\"og:image\" content=\"https:\/\/diariotextual.com\/inicio\/wp-content\/uploads\/2018\/08\/franciscopapamackar.jpg\" \/>\n\t<meta property=\"og:image:width\" content=\"600\" \/>\n\t<meta property=\"og:image:height\" content=\"392\" \/>\n\t<meta property=\"og:image:type\" content=\"image\/jpeg\" \/>\n<meta name=\"author\" content=\"diario3\" \/>\n<meta name=\"twitter:card\" content=\"summary_large_image\" \/>\n<meta name=\"twitter:creator\" content=\"@eltextual\" \/>\n<meta name=\"twitter:site\" content=\"@eltextual\" \/>\n<meta name=\"twitter:label1\" content=\"Escrito por\" \/>\n\t<meta name=\"twitter:data1\" content=\"diario3\" \/>\n\t<meta name=\"twitter:label2\" content=\"Tiempo de lectura\" \/>\n\t<meta name=\"twitter:data2\" content=\"2 minutos\" \/>\n<script type=\"application\/ld+json\" class=\"yoast-schema-graph\">{\"@context\":\"https:\\\/\\\/schema.org\",\"@graph\":[{\"@type\":\"Article\",\"@id\":\"https:\\\/\\\/diariotextual.com\\\/inicio\\\/index.php\\\/2018\\\/08\\\/26\\\/arzobispo-acuso-francisco-encubrir-abusos-pidio-renuncia\\\/#article\",\"isPartOf\":{\"@id\":\"https:\\\/\\\/diariotextual.com\\\/inicio\\\/index.php\\\/2018\\\/08\\\/26\\\/arzobispo-acuso-francisco-encubrir-abusos-pidio-renuncia\\\/\"},\"author\":{\"name\":\"diario3\",\"@id\":\"https:\\\/\\\/diariotextual.com\\\/inicio\\\/#\\\/schema\\\/person\\\/a1b6f563e0ee944c60f98119389a4d9f\"},\"headline\":\"Un arzobispo acus\u00f3 a Francisco de encubrir abusos y pidi\u00f3 su renuncia\",\"datePublished\":\"2018-08-27T00:03:34+00:00\",\"dateModified\":\"2018-08-27T12:34:23+00:00\",\"mainEntityOfPage\":{\"@id\":\"https:\\\/\\\/diariotextual.com\\\/inicio\\\/index.php\\\/2018\\\/08\\\/26\\\/arzobispo-acuso-francisco-encubrir-abusos-pidio-renuncia\\\/\"},\"wordCount\":447,\"publisher\":{\"@id\":\"https:\\\/\\\/diariotextual.com\\\/inicio\\\/#organization\"},\"image\":{\"@id\":\"https:\\\/\\\/diariotextual.com\\\/inicio\\\/index.php\\\/2018\\\/08\\\/26\\\/arzobispo-acuso-francisco-encubrir-abusos-pidio-renuncia\\\/#primaryimage\"},\"thumbnailUrl\":\"https:\\\/\\\/diariotextual.com\\\/inicio\\\/wp-content\\\/uploads\\\/2018\\\/08\\\/franciscopapamackar.jpg\",\"articleSection\":[\"A - QUE PASA (al costado)\",\"MUNDO\"],\"inLanguage\":\"es\"},{\"@type\":\"WebPage\",\"@id\":\"https:\\\/\\\/diariotextual.com\\\/inicio\\\/index.php\\\/2018\\\/08\\\/26\\\/arzobispo-acuso-francisco-encubrir-abusos-pidio-renuncia\\\/\",\"url\":\"https:\\\/\\\/diariotextual.com\\\/inicio\\\/index.php\\\/2018\\\/08\\\/26\\\/arzobispo-acuso-francisco-encubrir-abusos-pidio-renuncia\\\/\",\"name\":\"Un arzobispo acus\u00f3 a Francisco de encubrir abusos y pidi\u00f3 su renuncia - Diario Textual\",\"isPartOf\":{\"@id\":\"https:\\\/\\\/diariotextual.com\\\/inicio\\\/#website\"},\"primaryImageOfPage\":{\"@id\":\"https:\\\/\\\/diariotextual.com\\\/inicio\\\/index.php\\\/2018\\\/08\\\/26\\\/arzobispo-acuso-francisco-encubrir-abusos-pidio-renuncia\\\/#primaryimage\"},\"image\":{\"@id\":\"https:\\\/\\\/diariotextual.com\\\/inicio\\\/index.php\\\/2018\\\/08\\\/26\\\/arzobispo-acuso-francisco-encubrir-abusos-pidio-renuncia\\\/#primaryimage\"},\"thumbnailUrl\":\"https:\\\/\\\/diariotextual.com\\\/inicio\\\/wp-content\\\/uploads\\\/2018\\\/08\\\/franciscopapamackar.jpg\",\"datePublished\":\"2018-08-27T00:03:34+00:00\",\"dateModified\":\"2018-08-27T12:34:23+00:00\",\"breadcrumb\":{\"@id\":\"https:\\\/\\\/diariotextual.com\\\/inicio\\\/index.php\\\/2018\\\/08\\\/26\\\/arzobispo-acuso-francisco-encubrir-abusos-pidio-renuncia\\\/#breadcrumb\"},\"inLanguage\":\"es\",\"potentialAction\":[{\"@type\":\"ReadAction\",\"target\":[\"https:\\\/\\\/diariotextual.com\\\/inicio\\\/index.php\\\/2018\\\/08\\\/26\\\/arzobispo-acuso-francisco-encubrir-abusos-pidio-renuncia\\\/\"]}]},{\"@type\":\"ImageObject\",\"inLanguage\":\"es\",\"@id\":\"https:\\\/\\\/diariotextual.com\\\/inicio\\\/index.php\\\/2018\\\/08\\\/26\\\/arzobispo-acuso-francisco-encubrir-abusos-pidio-renuncia\\\/#primaryimage\",\"url\":\"https:\\\/\\\/diariotextual.com\\\/inicio\\\/wp-content\\\/uploads\\\/2018\\\/08\\\/franciscopapamackar.jpg\",\"contentUrl\":\"https:\\\/\\\/diariotextual.com\\\/inicio\\\/wp-content\\\/uploads\\\/2018\\\/08\\\/franciscopapamackar.jpg\",\"width\":600,\"height\":392},{\"@type\":\"BreadcrumbList\",\"@id\":\"https:\\\/\\\/diariotextual.com\\\/inicio\\\/index.php\\\/2018\\\/08\\\/26\\\/arzobispo-acuso-francisco-encubrir-abusos-pidio-renuncia\\\/#breadcrumb\",\"itemListElement\":[{\"@type\":\"ListItem\",\"position\":1,\"name\":\"Portada\",\"item\":\"https:\\\/\\\/diariotextual.com\\\/inicio\\\/\"},{\"@type\":\"ListItem\",\"position\":2,\"name\":\"Un arzobispo acus\u00f3 a Francisco de encubrir abusos y pidi\u00f3 su renuncia\"}]},{\"@type\":\"WebSite\",\"@id\":\"https:\\\/\\\/diariotextual.com\\\/inicio\\\/#website\",\"url\":\"https:\\\/\\\/diariotextual.com\\\/inicio\\\/\",\"name\":\"Diario Textual\",\"description\":\"\",\"publisher\":{\"@id\":\"https:\\\/\\\/diariotextual.com\\\/inicio\\\/#organization\"},\"potentialAction\":[{\"@type\":\"SearchAction\",\"target\":{\"@type\":\"EntryPoint\",\"urlTemplate\":\"https:\\\/\\\/diariotextual.com\\\/inicio\\\/?s={search_term_string}\"},\"query-input\":{\"@type\":\"PropertyValueSpecification\",\"valueRequired\":true,\"valueName\":\"search_term_string\"}}],\"inLanguage\":\"es\"},{\"@type\":\"Organization\",\"@id\":\"https:\\\/\\\/diariotextual.com\\\/inicio\\\/#organization\",\"name\":\"Diario Textual\",\"url\":\"https:\\\/\\\/diariotextual.com\\\/inicio\\\/\",\"logo\":{\"@type\":\"ImageObject\",\"inLanguage\":\"es\",\"@id\":\"https:\\\/\\\/diariotextual.com\\\/inicio\\\/#\\\/schema\\\/logo\\\/image\\\/\",\"url\":\"https:\\\/\\\/diariotextual.com\\\/inicio\\\/wp-content\\\/uploads\\\/2023\\\/05\\\/logotextual1.jpg\",\"contentUrl\":\"https:\\\/\\\/diariotextual.com\\\/inicio\\\/wp-content\\\/uploads\\\/2023\\\/05\\\/logotextual1.jpg\",\"width\":516,\"height\":76,\"caption\":\"Diario Textual\"},\"image\":{\"@id\":\"https:\\\/\\\/diariotextual.com\\\/inicio\\\/#\\\/schema\\\/logo\\\/image\\\/\"},\"sameAs\":[\"https:\\\/\\\/www.facebook.com\\\/eltextual\",\"https:\\\/\\\/x.com\\\/eltextual\",\"http:\\\/\\\/www.instagram.com\\\/eltextual\"]},{\"@type\":\"Person\",\"@id\":\"https:\\\/\\\/diariotextual.com\\\/inicio\\\/#\\\/schema\\\/person\\\/a1b6f563e0ee944c60f98119389a4d9f\",\"name\":\"diario3\",\"image\":{\"@type\":\"ImageObject\",\"inLanguage\":\"es\",\"@id\":\"https:\\\/\\\/secure.gravatar.com\\\/avatar\\\/5e7ee62c82fc04d9dd79d746a390d93c69c43223e5faeeb3ea9461ef752bfc5d?s=96&d=mm&r=g\",\"url\":\"https:\\\/\\\/secure.gravatar.com\\\/avatar\\\/5e7ee62c82fc04d9dd79d746a390d93c69c43223e5faeeb3ea9461ef752bfc5d?s=96&d=mm&r=g\",\"contentUrl\":\"https:\\\/\\\/secure.gravatar.com\\\/avatar\\\/5e7ee62c82fc04d9dd79d746a390d93c69c43223e5faeeb3ea9461ef752bfc5d?s=96&d=mm&r=g\",\"caption\":\"diario3\"},\"url\":\"https:\\\/\\\/diariotextual.com\\\/inicio\\\/index.php\\\/author\\\/diario3\\\/\"}]}<\/script>\n<!-- \/ Yoast SEO plugin. -->","yoast_head_json":{"title":"Un arzobispo acus\u00f3 a Francisco de encubrir abusos y pidi\u00f3 su renuncia - Diario Textual","robots":{"index":"index","follow":"follow","max-snippet":"max-snippet:-1","max-image-preview":"max-image-preview:large","max-video-preview":"max-video-preview:-1"},"canonical":"https:\/\/diariotextual.com\/inicio\/index.php\/2018\/08\/26\/arzobispo-acuso-francisco-encubrir-abusos-pidio-renuncia\/","og_locale":"es_ES","og_type":"article","og_title":"Un arzobispo acus\u00f3 a Francisco de encubrir abusos y pidi\u00f3 su renuncia - Diario Textual","og_description":"El arzobispo Carlo Maria Vigano, exembajador del Vaticano en Estados Unidos, acus\u00f3 el s\u00e1bado en una carta al papa Francisco de haber anulado las sanciones contra el cardenal estadounidense Theodore&hellip;","og_url":"https:\/\/diariotextual.com\/inicio\/index.php\/2018\/08\/26\/arzobispo-acuso-francisco-encubrir-abusos-pidio-renuncia\/","og_site_name":"Diario Textual","article_publisher":"https:\/\/www.facebook.com\/eltextual","article_published_time":"2018-08-27T00:03:34+00:00","article_modified_time":"2018-08-27T12:34:23+00:00","og_image":[{"width":600,"height":392,"url":"https:\/\/diariotextual.com\/inicio\/wp-content\/uploads\/2018\/08\/franciscopapamackar.jpg","type":"image\/jpeg"}],"author":"diario3","twitter_card":"summary_large_image","twitter_creator":"@eltextual","twitter_site":"@eltextual","twitter_misc":{"Escrito por":"diario3","Tiempo de lectura":"2 minutos"},"schema":{"@context":"https:\/\/schema.org","@graph":[{"@type":"Article","@id":"https:\/\/diariotextual.com\/inicio\/index.php\/2018\/08\/26\/arzobispo-acuso-francisco-encubrir-abusos-pidio-renuncia\/#article","isPartOf":{"@id":"https:\/\/diariotextual.com\/inicio\/index.php\/2018\/08\/26\/arzobispo-acuso-francisco-encubrir-abusos-pidio-renuncia\/"},"author":{"name":"diario3","@id":"https:\/\/diariotextual.com\/inicio\/#\/schema\/person\/a1b6f563e0ee944c60f98119389a4d9f"},"headline":"Un arzobispo acus\u00f3 a Francisco de encubrir abusos y pidi\u00f3 su renuncia","datePublished":"2018-08-27T00:03:34+00:00","dateModified":"2018-08-27T12:34:23+00:00","mainEntityOfPage":{"@id":"https:\/\/diariotextual.com\/inicio\/index.php\/2018\/08\/26\/arzobispo-acuso-francisco-encubrir-abusos-pidio-renuncia\/"},"wordCount":447,"publisher":{"@id":"https:\/\/diariotextual.com\/inicio\/#organization"},"image":{"@id":"https:\/\/diariotextual.com\/inicio\/index.php\/2018\/08\/26\/arzobispo-acuso-francisco-encubrir-abusos-pidio-renuncia\/#primaryimage"},"thumbnailUrl":"https:\/\/diariotextual.com\/inicio\/wp-content\/uploads\/2018\/08\/franciscopapamackar.jpg","articleSection":["A - QUE PASA (al costado)","MUNDO"],"inLanguage":"es"},{"@type":"WebPage","@id":"https:\/\/diariotextual.com\/inicio\/index.php\/2018\/08\/26\/arzobispo-acuso-francisco-encubrir-abusos-pidio-renuncia\/","url":"https:\/\/diariotextual.com\/inicio\/index.php\/2018\/08\/26\/arzobispo-acuso-francisco-encubrir-abusos-pidio-renuncia\/","name":"Un arzobispo acus\u00f3 a Francisco de encubrir abusos y pidi\u00f3 su renuncia - Diario Textual","isPartOf":{"@id":"https:\/\/diariotextual.com\/inicio\/#website"},"primaryImageOfPage":{"@id":"https:\/\/diariotextual.com\/inicio\/index.php\/2018\/08\/26\/arzobispo-acuso-francisco-encubrir-abusos-pidio-renuncia\/#primaryimage"},"image":{"@id":"https:\/\/diariotextual.com\/inicio\/index.php\/2018\/08\/26\/arzobispo-acuso-francisco-encubrir-abusos-pidio-renuncia\/#primaryimage"},"thumbnailUrl":"https:\/\/diariotextual.com\/inicio\/wp-content\/uploads\/2018\/08\/franciscopapamackar.jpg","datePublished":"2018-08-27T00:03:34+00:00","dateModified":"2018-08-27T12:34:23+00:00","breadcrumb":{"@id":"https:\/\/diariotextual.com\/inicio\/index.php\/2018\/08\/26\/arzobispo-acuso-francisco-encubrir-abusos-pidio-renuncia\/#breadcrumb"},"inLanguage":"es","potentialAction":[{"@type":"ReadAction","target":["https:\/\/diariotextual.com\/inicio\/index.php\/2018\/08\/26\/arzobispo-acuso-francisco-encubrir-abusos-pidio-renuncia\/"]}]},{"@type":"ImageObject","inLanguage":"es","@id":"https:\/\/diariotextual.com\/inicio\/index.php\/2018\/08\/26\/arzobispo-acuso-francisco-encubrir-abusos-pidio-renuncia\/#primaryimage","url":"https:\/\/diariotextual.com\/inicio\/wp-content\/uploads\/2018\/08\/franciscopapamackar.jpg","contentUrl":"https:\/\/diariotextual.com\/inicio\/wp-content\/uploads\/2018\/08\/franciscopapamackar.jpg","width":600,"height":392},{"@type":"BreadcrumbList","@id":"https:\/\/diariotextual.com\/inicio\/index.php\/2018\/08\/26\/arzobispo-acuso-francisco-encubrir-abusos-pidio-renuncia\/#breadcrumb","itemListElement":[{"@type":"ListItem","position":1,"name":"Portada","item":"https:\/\/diariotextual.com\/inicio\/"},{"@type":"ListItem","position":2,"name":"Un arzobispo acus\u00f3 a Francisco de encubrir abusos y pidi\u00f3 su renuncia"}]},{"@type":"WebSite","@id":"https:\/\/diariotextual.com\/inicio\/#website","url":"https:\/\/diariotextual.com\/inicio\/","name":"Diario Textual","description":"","publisher":{"@id":"https:\/\/diariotextual.com\/inicio\/#organization"},"potentialAction":[{"@type":"SearchAction","target":{"@type":"EntryPoint","urlTemplate":"https:\/\/diariotextual.com\/inicio\/?s={search_term_string}"},"query-input":{"@type":"PropertyValueSpecification","valueRequired":true,"valueName":"search_term_string"}}],"inLanguage":"es"},{"@type":"Organization","@id":"https:\/\/diariotextual.com\/inicio\/#organization","name":"Diario Textual","url":"https:\/\/diariotextual.com\/inicio\/","logo":{"@type":"ImageObject","inLanguage":"es","@id":"https:\/\/diariotextual.com\/inicio\/#\/schema\/logo\/image\/","url":"https:\/\/diariotextual.com\/inicio\/wp-content\/uploads\/2023\/05\/logotextual1.jpg","contentUrl":"https:\/\/diariotextual.com\/inicio\/wp-content\/uploads\/2023\/05\/logotextual1.jpg","width":516,"height":76,"caption":"Diario Textual"},"image":{"@id":"https:\/\/diariotextual.com\/inicio\/#\/schema\/logo\/image\/"},"sameAs":["https:\/\/www.facebook.com\/eltextual","https:\/\/x.com\/eltextual","http:\/\/www.instagram.com\/eltextual"]},{"@type":"Person","@id":"https:\/\/diariotextual.com\/inicio\/#\/schema\/person\/a1b6f563e0ee944c60f98119389a4d9f","name":"diario3","image":{"@type":"ImageObject","inLanguage":"es","@id":"https:\/\/secure.gravatar.com\/avatar\/5e7ee62c82fc04d9dd79d746a390d93c69c43223e5faeeb3ea9461ef752bfc5d?s=96&d=mm&r=g","url":"https:\/\/secure.gravatar.com\/avatar\/5e7ee62c82fc04d9dd79d746a390d93c69c43223e5faeeb3ea9461ef752bfc5d?s=96&d=mm&r=g","contentUrl":"https:\/\/secure.gravatar.com\/avatar\/5e7ee62c82fc04d9dd79d746a390d93c69c43223e5faeeb3ea9461ef752bfc5d?s=96&d=mm&r=g","caption":"diario3"},"url":"https:\/\/diariotextual.com\/inicio\/index.php\/author\/diario3\/"}]}},"_links":{"self":[{"href":"https:\/\/diariotextual.com\/inicio\/index.php\/wp-json\/wp\/v2\/posts\/18080","targetHints":{"allow":["GET"]}}],"collection":[{"href":"https:\/\/diariotextual.com\/inicio\/index.php\/wp-json\/wp\/v2\/posts"}],"about":[{"href":"https:\/\/diariotextual.com\/inicio\/index.php\/wp-json\/wp\/v2\/types\/post"}],"author":[{"embeddable":true,"href":"https:\/\/diariotextual.com\/inicio\/index.php\/wp-json\/wp\/v2\/users\/5"}],"replies":[{"embeddable":true,"href":"https:\/\/diariotextual.com\/inicio\/index.php\/wp-json\/wp\/v2\/comments?post=18080"}],"version-history":[{"count":1,"href":"https:\/\/diariotextual.com\/inicio\/index.php\/wp-json\/wp\/v2\/posts\/18080\/revisions"}],"predecessor-version":[{"id":18082,"href":"https:\/\/diariotextual.com\/inicio\/index.php\/wp-json\/wp\/v2\/posts\/18080\/revisions\/18082"}],"wp:featuredmedia":[{"embeddable":true,"href":"https:\/\/diariotextual.com\/inicio\/index.php\/wp-json\/wp\/v2\/media\/18081"}],"wp:attachment":[{"href":"https:\/\/diariotextual.com\/inicio\/index.php\/wp-json\/wp\/v2\/media?parent=18080"}],"wp:term":[{"taxonomy":"category","embeddable":true,"href":"https:\/\/diariotextual.com\/inicio\/index.php\/wp-json\/wp\/v2\/categories?post=18080"},{"taxonomy":"post_tag","embeddable":true,"href":"https:\/\/diariotextual.com\/inicio\/index.php\/wp-json\/wp\/v2\/tags?post=18080"}],"curies":[{"name":"wp","href":"https:\/\/api.w.org\/{rel}","templated":true}]}}