{"id":18156,"date":"2018-08-27T17:09:41","date_gmt":"2018-08-27T20:09:41","guid":{"rendered":"http:\/\/diariotextual.com\/inicio\/?p=18156"},"modified":"2018-08-27T21:00:03","modified_gmt":"2018-08-28T00:00:03","slug":"alpa-moreno-legisladores-nacionales-del-pj-presupuesto-2019","status":"publish","type":"post","link":"https:\/\/diariotextual.com\/inicio\/index.php\/2018\/08\/27\/alpa-moreno-legisladores-nacionales-del-pj-presupuesto-2019\/","title":{"rendered":"Alpa y Moreno con legisladores nacionales del PJ por Presupuesto 2019"},"content":{"rendered":"<p>El rector de la UNLPam, Oscar Daniel Alpa, y la vicerrectora Ver\u00f3nica Moreno, se reunieron este lunes con la senadora Norma Durango y los diputados nacionales Sergio Ziliotto y Ariel Rauschenberger para trasladarles la preocupaci\u00f3n por el Presupuesto universitario para 2019 que se va a tratar en el Congreso nacional. Los legisladores del PJ respaldaron los reclamos de la UNLPam y se comprometieron a llevar \u00ablas banderas de las universidades nacionales\u00bb al debate frente al ajuste.<\/p>\n<p>\u00abHemos acompa\u00f1ado en todo momento la cuesti\u00f3n salarial del sector docente y nuestra gran preocupaci\u00f3n es el Presupuesto 2019, m\u00e1s all\u00e1 de la preocupaci\u00f3n por cuestiones puntuales del presupuesto 2018\u00bb, dijo Alpa. \u00abPor eso iniciamos la ronda de consultas que estamos haciendo con los legisladores del PJ y en ese marco expresamos la realidad actual de la Universidad\u00bb.<\/p>\n<p>\u00abLos legisladores -destac\u00f3 el rector- mostraron el compromiso de acompa\u00f1arnos, plantearon que el 15 de septiembre cuando se presente el Presupuesto -que no se va a tratar hasta octubre o noviembre- van a llevar las banderas de las universidades nacionales, en especial las de la UNLPam. Y expresaron su preocupaci\u00f3n por el presupuesto en general. Los legisladores son conocedores de la realidad de las universidades nacionales, incluso han sido estudiantes de esta casa, por eso el compromiso y el respaldo importante que nos dieron. Queremos llevar esta discusi\u00f3n a Buenos Aires, que es donde hay que hacerlo, y qu\u00e9 mejor que lo hagan nuestros representantes. Han asumido este compromiso y fue una charla fruct\u00edfera\u00bb.<\/p>\n<p>\u00abNos comprometimos a dar continuidad a estas charlas, ya que el presupuesto y el ajuste que se va a dar es una preocupaci\u00f3n tanto nuestra como de los legisladores. No queremos que esto suceda, y que se pueda paralizar la actividad de las universidades nacionales\u00bb.<\/p>\n<p>&nbsp;<\/p>\n<p><strong>Micros a la marcha del 30<\/strong><\/p>\n<p>El rector dijo que habilitar\u00e1n los micros de la UNLPam para los que quieran viajar a Buenos Aires a la marcha del 30 de agosto. \u00abEn esta defensa de nuestra universidad p\u00fablica, laica y gratuita, como hemos planteado siempre y tambi\u00e9n lo apoya nuestra comunidad, tenemos planteadas distintas actividades\u00bb, dijo. \u00abYa informamos que ponemos a disposici\u00f3n los micros que tenemos de larga distancia de la Universidad que est\u00e1n habilitados para viajar a Buenos Aires para que aquellos docentes, estudiantes y graduados que quieran participar de la marcha nacional del d\u00eda 30 de agosto se pongan en contacto con Rectorado para organizar el viaje y participar de la marcha. Esto ser\u00e1 una gran visibilizaci\u00f3n para plantear nuestra defensa del Presupuesto y de las Universidades nacionales\u00bb.<\/p>\n<p>&nbsp;<\/p>\n<p><strong>Actividades en La Pampa<\/strong><\/p>\n<p>Alpa dijo que para acompa\u00f1ar el 30 van a invitar a los decanos y decanas a que realicen alguna actividad en Santa Rosa y General Pico. \u00abUna actividad como fue el abrazo, para hacerlo simult\u00e1neamente con la marcha que se va a desarrollar en Buenos Aires para los que no viajaron. As\u00ed podemos visibilizarlo ac\u00e1, y en ese sentido queremos como autoridades invitar a todas las unidades acad\u00e9micas y a toda la comunidad a participar. El 30 tambi\u00e9n estamos comprometidos en este sentido\u00bb.<\/p>\n<p>&nbsp;<\/p>\n<p><strong>Reuni\u00f3n del Consejo Superior y toma de posici\u00f3n<\/strong><\/p>\n<p>El rector de la UNLPam adelant\u00f3 que en el d\u00eda de hoy convocaron al Consejo Superior para el d\u00eda mi\u00e9rcoles para una reuni\u00f3n extraordinaria para analizar la situaci\u00f3n actual, ver el tema presupuestario y sentar postura sobre las distintas opiniones que han surgido a nivel nacional y provincial sobre este reclamo. \u00abCon un temario concreto con respecto a esta situaci\u00f3n como hemos prometido en distintas oportunidades\u00bb, dijo.<\/p>\n<p>\u00abAdem\u00e1s he estado hablando con los rectores de las universidades nacionales de la Patagonia porque se estar\u00eda haciendo una reuni\u00f3n el 31 en Comodoro Rivadavia. Nos comprometimos estar ah\u00ed, analizar y evaluar c\u00f3mo siguen los hechos y tener pol\u00edticas en com\u00fan de las Universidades Nacionales de nuestra regi\u00f3n. Hay problemas econ\u00f3micas y de ajuste pero siempre planteamos que los ajustes no pueden pasar por la educaci\u00f3n p\u00fablica\u00bb, finaliz\u00f3.<\/p>\n<p>&nbsp;<\/p>\n<p>&nbsp;<\/p>\n","protected":false},"excerpt":{"rendered":"<p>El rector de la UNLPam, Oscar Daniel Alpa, y la vicerrectora Ver\u00f3nica Moreno, se reunieron este lunes con la senadora Norma Durango y los diputados nacionales Sergio Ziliotto y Ariel&hellip;<\/p>\n","protected":false},"author":3,"featured_media":18159,"comment_status":"closed","ping_status":"open","sticky":false,"template":"","format":"standard","meta":{"_acf_changed":false,"footnotes":""},"categories":[4,1,12],"tags":[],"class_list":["post-18156","post","type-post","status-publish","format-standard","has-post-thumbnail","hentry","category-destacadas","category-es-noticia","category-sociedad"],"acf":[],"yoast_head":"<!-- This site is optimized with the Yoast SEO plugin v27.5 - https:\/\/yoast.com\/product\/yoast-seo-wordpress\/ -->\n<title>Alpa y Moreno con legisladores nacionales del PJ por Presupuesto 2019 - Diario Textual<\/title>\n<meta name=\"robots\" content=\"index, follow, max-snippet:-1, max-image-preview:large, max-video-preview:-1\" \/>\n<link rel=\"canonical\" href=\"https:\/\/diariotextual.com\/inicio\/index.php\/2018\/08\/27\/alpa-moreno-legisladores-nacionales-del-pj-presupuesto-2019\/\" \/>\n<meta property=\"og:locale\" content=\"es_ES\" \/>\n<meta property=\"og:type\" content=\"article\" \/>\n<meta property=\"og:title\" content=\"Alpa y Moreno con legisladores nacionales del PJ por Presupuesto 2019 - Diario Textual\" \/>\n<meta property=\"og:description\" content=\"El rector de la UNLPam, Oscar Daniel Alpa, y la vicerrectora Ver\u00f3nica Moreno, se reunieron este lunes con la senadora Norma Durango y los diputados nacionales Sergio Ziliotto y Ariel&hellip;\" \/>\n<meta property=\"og:url\" content=\"https:\/\/diariotextual.com\/inicio\/index.php\/2018\/08\/27\/alpa-moreno-legisladores-nacionales-del-pj-presupuesto-2019\/\" \/>\n<meta property=\"og:site_name\" content=\"Diario Textual\" \/>\n<meta property=\"article:publisher\" content=\"https:\/\/www.facebook.com\/eltextual\" \/>\n<meta property=\"article:published_time\" content=\"2018-08-27T20:09:41+00:00\" \/>\n<meta property=\"article:modified_time\" content=\"2018-08-28T00:00:03+00:00\" \/>\n<meta property=\"og:image\" content=\"https:\/\/diariotextual.com\/inicio\/wp-content\/uploads\/2018\/08\/unlpamalpamorenodurangoziliottorausche1.jpg\" \/>\n\t<meta property=\"og:image:width\" content=\"650\" \/>\n\t<meta property=\"og:image:height\" content=\"368\" \/>\n\t<meta property=\"og:image:type\" content=\"image\/jpeg\" \/>\n<meta name=\"author\" content=\"Diario1 Diario1\" \/>\n<meta name=\"twitter:card\" content=\"summary_large_image\" \/>\n<meta name=\"twitter:creator\" content=\"@eltextual\" \/>\n<meta name=\"twitter:site\" content=\"@eltextual\" \/>\n<meta name=\"twitter:label1\" content=\"Escrito por\" \/>\n\t<meta name=\"twitter:data1\" content=\"Diario1 Diario1\" \/>\n\t<meta name=\"twitter:label2\" content=\"Tiempo de lectura\" \/>\n\t<meta name=\"twitter:data2\" content=\"3 minutos\" \/>\n<script type=\"application\/ld+json\" class=\"yoast-schema-graph\">{\"@context\":\"https:\\\/\\\/schema.org\",\"@graph\":[{\"@type\":\"Article\",\"@id\":\"https:\\\/\\\/diariotextual.com\\\/inicio\\\/index.php\\\/2018\\\/08\\\/27\\\/alpa-moreno-legisladores-nacionales-del-pj-presupuesto-2019\\\/#article\",\"isPartOf\":{\"@id\":\"https:\\\/\\\/diariotextual.com\\\/inicio\\\/index.php\\\/2018\\\/08\\\/27\\\/alpa-moreno-legisladores-nacionales-del-pj-presupuesto-2019\\\/\"},\"author\":{\"name\":\"Diario1 Diario1\",\"@id\":\"https:\\\/\\\/diariotextual.com\\\/inicio\\\/#\\\/schema\\\/person\\\/418fc4093c33e86ed41562db3508f958\"},\"headline\":\"Alpa y Moreno con legisladores nacionales del PJ por Presupuesto 2019\",\"datePublished\":\"2018-08-27T20:09:41+00:00\",\"dateModified\":\"2018-08-28T00:00:03+00:00\",\"mainEntityOfPage\":{\"@id\":\"https:\\\/\\\/diariotextual.com\\\/inicio\\\/index.php\\\/2018\\\/08\\\/27\\\/alpa-moreno-legisladores-nacionales-del-pj-presupuesto-2019\\\/\"},\"wordCount\":699,\"publisher\":{\"@id\":\"https:\\\/\\\/diariotextual.com\\\/inicio\\\/#organization\"},\"image\":{\"@id\":\"https:\\\/\\\/diariotextual.com\\\/inicio\\\/index.php\\\/2018\\\/08\\\/27\\\/alpa-moreno-legisladores-nacionales-del-pj-presupuesto-2019\\\/#primaryimage\"},\"thumbnailUrl\":\"https:\\\/\\\/diariotextual.com\\\/inicio\\\/wp-content\\\/uploads\\\/2018\\\/08\\\/unlpamalpamorenodurangoziliottorausche1.jpg\",\"articleSection\":[\"A - DESTACADAS (mod 16)\",\"A - ES NOTICIA (van abajo)\",\"SOCIEDAD\"],\"inLanguage\":\"es\"},{\"@type\":\"WebPage\",\"@id\":\"https:\\\/\\\/diariotextual.com\\\/inicio\\\/index.php\\\/2018\\\/08\\\/27\\\/alpa-moreno-legisladores-nacionales-del-pj-presupuesto-2019\\\/\",\"url\":\"https:\\\/\\\/diariotextual.com\\\/inicio\\\/index.php\\\/2018\\\/08\\\/27\\\/alpa-moreno-legisladores-nacionales-del-pj-presupuesto-2019\\\/\",\"name\":\"Alpa y Moreno con legisladores nacionales del PJ por Presupuesto 2019 - Diario Textual\",\"isPartOf\":{\"@id\":\"https:\\\/\\\/diariotextual.com\\\/inicio\\\/#website\"},\"primaryImageOfPage\":{\"@id\":\"https:\\\/\\\/diariotextual.com\\\/inicio\\\/index.php\\\/2018\\\/08\\\/27\\\/alpa-moreno-legisladores-nacionales-del-pj-presupuesto-2019\\\/#primaryimage\"},\"image\":{\"@id\":\"https:\\\/\\\/diariotextual.com\\\/inicio\\\/index.php\\\/2018\\\/08\\\/27\\\/alpa-moreno-legisladores-nacionales-del-pj-presupuesto-2019\\\/#primaryimage\"},\"thumbnailUrl\":\"https:\\\/\\\/diariotextual.com\\\/inicio\\\/wp-content\\\/uploads\\\/2018\\\/08\\\/unlpamalpamorenodurangoziliottorausche1.jpg\",\"datePublished\":\"2018-08-27T20:09:41+00:00\",\"dateModified\":\"2018-08-28T00:00:03+00:00\",\"breadcrumb\":{\"@id\":\"https:\\\/\\\/diariotextual.com\\\/inicio\\\/index.php\\\/2018\\\/08\\\/27\\\/alpa-moreno-legisladores-nacionales-del-pj-presupuesto-2019\\\/#breadcrumb\"},\"inLanguage\":\"es\",\"potentialAction\":[{\"@type\":\"ReadAction\",\"target\":[\"https:\\\/\\\/diariotextual.com\\\/inicio\\\/index.php\\\/2018\\\/08\\\/27\\\/alpa-moreno-legisladores-nacionales-del-pj-presupuesto-2019\\\/\"]}]},{\"@type\":\"ImageObject\",\"inLanguage\":\"es\",\"@id\":\"https:\\\/\\\/diariotextual.com\\\/inicio\\\/index.php\\\/2018\\\/08\\\/27\\\/alpa-moreno-legisladores-nacionales-del-pj-presupuesto-2019\\\/#primaryimage\",\"url\":\"https:\\\/\\\/diariotextual.com\\\/inicio\\\/wp-content\\\/uploads\\\/2018\\\/08\\\/unlpamalpamorenodurangoziliottorausche1.jpg\",\"contentUrl\":\"https:\\\/\\\/diariotextual.com\\\/inicio\\\/wp-content\\\/uploads\\\/2018\\\/08\\\/unlpamalpamorenodurangoziliottorausche1.jpg\",\"width\":650,\"height\":368},{\"@type\":\"BreadcrumbList\",\"@id\":\"https:\\\/\\\/diariotextual.com\\\/inicio\\\/index.php\\\/2018\\\/08\\\/27\\\/alpa-moreno-legisladores-nacionales-del-pj-presupuesto-2019\\\/#breadcrumb\",\"itemListElement\":[{\"@type\":\"ListItem\",\"position\":1,\"name\":\"Portada\",\"item\":\"https:\\\/\\\/diariotextual.com\\\/inicio\\\/\"},{\"@type\":\"ListItem\",\"position\":2,\"name\":\"Alpa y Moreno con legisladores nacionales del PJ por Presupuesto 2019\"}]},{\"@type\":\"WebSite\",\"@id\":\"https:\\\/\\\/diariotextual.com\\\/inicio\\\/#website\",\"url\":\"https:\\\/\\\/diariotextual.com\\\/inicio\\\/\",\"name\":\"Diario Textual\",\"description\":\"\",\"publisher\":{\"@id\":\"https:\\\/\\\/diariotextual.com\\\/inicio\\\/#organization\"},\"potentialAction\":[{\"@type\":\"SearchAction\",\"target\":{\"@type\":\"EntryPoint\",\"urlTemplate\":\"https:\\\/\\\/diariotextual.com\\\/inicio\\\/?s={search_term_string}\"},\"query-input\":{\"@type\":\"PropertyValueSpecification\",\"valueRequired\":true,\"valueName\":\"search_term_string\"}}],\"inLanguage\":\"es\"},{\"@type\":\"Organization\",\"@id\":\"https:\\\/\\\/diariotextual.com\\\/inicio\\\/#organization\",\"name\":\"Diario Textual\",\"url\":\"https:\\\/\\\/diariotextual.com\\\/inicio\\\/\",\"logo\":{\"@type\":\"ImageObject\",\"inLanguage\":\"es\",\"@id\":\"https:\\\/\\\/diariotextual.com\\\/inicio\\\/#\\\/schema\\\/logo\\\/image\\\/\",\"url\":\"https:\\\/\\\/diariotextual.com\\\/inicio\\\/wp-content\\\/uploads\\\/2023\\\/05\\\/logotextual1.jpg\",\"contentUrl\":\"https:\\\/\\\/diariotextual.com\\\/inicio\\\/wp-content\\\/uploads\\\/2023\\\/05\\\/logotextual1.jpg\",\"width\":516,\"height\":76,\"caption\":\"Diario Textual\"},\"image\":{\"@id\":\"https:\\\/\\\/diariotextual.com\\\/inicio\\\/#\\\/schema\\\/logo\\\/image\\\/\"},\"sameAs\":[\"https:\\\/\\\/www.facebook.com\\\/eltextual\",\"https:\\\/\\\/x.com\\\/eltextual\",\"http:\\\/\\\/www.instagram.com\\\/eltextual\"]},{\"@type\":\"Person\",\"@id\":\"https:\\\/\\\/diariotextual.com\\\/inicio\\\/#\\\/schema\\\/person\\\/418fc4093c33e86ed41562db3508f958\",\"name\":\"Diario1 Diario1\",\"image\":{\"@type\":\"ImageObject\",\"inLanguage\":\"es\",\"@id\":\"https:\\\/\\\/secure.gravatar.com\\\/avatar\\\/9167d280179c85bc18be67aa7eda765854300033af4896dd779b608640f2ef7a?s=96&d=mm&r=g\",\"url\":\"https:\\\/\\\/secure.gravatar.com\\\/avatar\\\/9167d280179c85bc18be67aa7eda765854300033af4896dd779b608640f2ef7a?s=96&d=mm&r=g\",\"contentUrl\":\"https:\\\/\\\/secure.gravatar.com\\\/avatar\\\/9167d280179c85bc18be67aa7eda765854300033af4896dd779b608640f2ef7a?s=96&d=mm&r=g\",\"caption\":\"Diario1 Diario1\"},\"url\":\"https:\\\/\\\/diariotextual.com\\\/inicio\\\/index.php\\\/author\\\/diario1\\\/\"}]}<\/script>\n<!-- \/ Yoast SEO plugin. -->","yoast_head_json":{"title":"Alpa y Moreno con legisladores nacionales del PJ por Presupuesto 2019 - Diario Textual","robots":{"index":"index","follow":"follow","max-snippet":"max-snippet:-1","max-image-preview":"max-image-preview:large","max-video-preview":"max-video-preview:-1"},"canonical":"https:\/\/diariotextual.com\/inicio\/index.php\/2018\/08\/27\/alpa-moreno-legisladores-nacionales-del-pj-presupuesto-2019\/","og_locale":"es_ES","og_type":"article","og_title":"Alpa y Moreno con legisladores nacionales del PJ por Presupuesto 2019 - Diario Textual","og_description":"El rector de la UNLPam, Oscar Daniel Alpa, y la vicerrectora Ver\u00f3nica Moreno, se reunieron este lunes con la senadora Norma Durango y los diputados nacionales Sergio Ziliotto y Ariel&hellip;","og_url":"https:\/\/diariotextual.com\/inicio\/index.php\/2018\/08\/27\/alpa-moreno-legisladores-nacionales-del-pj-presupuesto-2019\/","og_site_name":"Diario Textual","article_publisher":"https:\/\/www.facebook.com\/eltextual","article_published_time":"2018-08-27T20:09:41+00:00","article_modified_time":"2018-08-28T00:00:03+00:00","og_image":[{"width":650,"height":368,"url":"https:\/\/diariotextual.com\/inicio\/wp-content\/uploads\/2018\/08\/unlpamalpamorenodurangoziliottorausche1.jpg","type":"image\/jpeg"}],"author":"Diario1 Diario1","twitter_card":"summary_large_image","twitter_creator":"@eltextual","twitter_site":"@eltextual","twitter_misc":{"Escrito por":"Diario1 Diario1","Tiempo de lectura":"3 minutos"},"schema":{"@context":"https:\/\/schema.org","@graph":[{"@type":"Article","@id":"https:\/\/diariotextual.com\/inicio\/index.php\/2018\/08\/27\/alpa-moreno-legisladores-nacionales-del-pj-presupuesto-2019\/#article","isPartOf":{"@id":"https:\/\/diariotextual.com\/inicio\/index.php\/2018\/08\/27\/alpa-moreno-legisladores-nacionales-del-pj-presupuesto-2019\/"},"author":{"name":"Diario1 Diario1","@id":"https:\/\/diariotextual.com\/inicio\/#\/schema\/person\/418fc4093c33e86ed41562db3508f958"},"headline":"Alpa y Moreno con legisladores nacionales del PJ por Presupuesto 2019","datePublished":"2018-08-27T20:09:41+00:00","dateModified":"2018-08-28T00:00:03+00:00","mainEntityOfPage":{"@id":"https:\/\/diariotextual.com\/inicio\/index.php\/2018\/08\/27\/alpa-moreno-legisladores-nacionales-del-pj-presupuesto-2019\/"},"wordCount":699,"publisher":{"@id":"https:\/\/diariotextual.com\/inicio\/#organization"},"image":{"@id":"https:\/\/diariotextual.com\/inicio\/index.php\/2018\/08\/27\/alpa-moreno-legisladores-nacionales-del-pj-presupuesto-2019\/#primaryimage"},"thumbnailUrl":"https:\/\/diariotextual.com\/inicio\/wp-content\/uploads\/2018\/08\/unlpamalpamorenodurangoziliottorausche1.jpg","articleSection":["A - DESTACADAS (mod 16)","A - ES NOTICIA (van abajo)","SOCIEDAD"],"inLanguage":"es"},{"@type":"WebPage","@id":"https:\/\/diariotextual.com\/inicio\/index.php\/2018\/08\/27\/alpa-moreno-legisladores-nacionales-del-pj-presupuesto-2019\/","url":"https:\/\/diariotextual.com\/inicio\/index.php\/2018\/08\/27\/alpa-moreno-legisladores-nacionales-del-pj-presupuesto-2019\/","name":"Alpa y Moreno con legisladores nacionales del PJ por Presupuesto 2019 - Diario Textual","isPartOf":{"@id":"https:\/\/diariotextual.com\/inicio\/#website"},"primaryImageOfPage":{"@id":"https:\/\/diariotextual.com\/inicio\/index.php\/2018\/08\/27\/alpa-moreno-legisladores-nacionales-del-pj-presupuesto-2019\/#primaryimage"},"image":{"@id":"https:\/\/diariotextual.com\/inicio\/index.php\/2018\/08\/27\/alpa-moreno-legisladores-nacionales-del-pj-presupuesto-2019\/#primaryimage"},"thumbnailUrl":"https:\/\/diariotextual.com\/inicio\/wp-content\/uploads\/2018\/08\/unlpamalpamorenodurangoziliottorausche1.jpg","datePublished":"2018-08-27T20:09:41+00:00","dateModified":"2018-08-28T00:00:03+00:00","breadcrumb":{"@id":"https:\/\/diariotextual.com\/inicio\/index.php\/2018\/08\/27\/alpa-moreno-legisladores-nacionales-del-pj-presupuesto-2019\/#breadcrumb"},"inLanguage":"es","potentialAction":[{"@type":"ReadAction","target":["https:\/\/diariotextual.com\/inicio\/index.php\/2018\/08\/27\/alpa-moreno-legisladores-nacionales-del-pj-presupuesto-2019\/"]}]},{"@type":"ImageObject","inLanguage":"es","@id":"https:\/\/diariotextual.com\/inicio\/index.php\/2018\/08\/27\/alpa-moreno-legisladores-nacionales-del-pj-presupuesto-2019\/#primaryimage","url":"https:\/\/diariotextual.com\/inicio\/wp-content\/uploads\/2018\/08\/unlpamalpamorenodurangoziliottorausche1.jpg","contentUrl":"https:\/\/diariotextual.com\/inicio\/wp-content\/uploads\/2018\/08\/unlpamalpamorenodurangoziliottorausche1.jpg","width":650,"height":368},{"@type":"BreadcrumbList","@id":"https:\/\/diariotextual.com\/inicio\/index.php\/2018\/08\/27\/alpa-moreno-legisladores-nacionales-del-pj-presupuesto-2019\/#breadcrumb","itemListElement":[{"@type":"ListItem","position":1,"name":"Portada","item":"https:\/\/diariotextual.com\/inicio\/"},{"@type":"ListItem","position":2,"name":"Alpa y Moreno con legisladores nacionales del PJ por Presupuesto 2019"}]},{"@type":"WebSite","@id":"https:\/\/diariotextual.com\/inicio\/#website","url":"https:\/\/diariotextual.com\/inicio\/","name":"Diario Textual","description":"","publisher":{"@id":"https:\/\/diariotextual.com\/inicio\/#organization"},"potentialAction":[{"@type":"SearchAction","target":{"@type":"EntryPoint","urlTemplate":"https:\/\/diariotextual.com\/inicio\/?s={search_term_string}"},"query-input":{"@type":"PropertyValueSpecification","valueRequired":true,"valueName":"search_term_string"}}],"inLanguage":"es"},{"@type":"Organization","@id":"https:\/\/diariotextual.com\/inicio\/#organization","name":"Diario Textual","url":"https:\/\/diariotextual.com\/inicio\/","logo":{"@type":"ImageObject","inLanguage":"es","@id":"https:\/\/diariotextual.com\/inicio\/#\/schema\/logo\/image\/","url":"https:\/\/diariotextual.com\/inicio\/wp-content\/uploads\/2023\/05\/logotextual1.jpg","contentUrl":"https:\/\/diariotextual.com\/inicio\/wp-content\/uploads\/2023\/05\/logotextual1.jpg","width":516,"height":76,"caption":"Diario Textual"},"image":{"@id":"https:\/\/diariotextual.com\/inicio\/#\/schema\/logo\/image\/"},"sameAs":["https:\/\/www.facebook.com\/eltextual","https:\/\/x.com\/eltextual","http:\/\/www.instagram.com\/eltextual"]},{"@type":"Person","@id":"https:\/\/diariotextual.com\/inicio\/#\/schema\/person\/418fc4093c33e86ed41562db3508f958","name":"Diario1 Diario1","image":{"@type":"ImageObject","inLanguage":"es","@id":"https:\/\/secure.gravatar.com\/avatar\/9167d280179c85bc18be67aa7eda765854300033af4896dd779b608640f2ef7a?s=96&d=mm&r=g","url":"https:\/\/secure.gravatar.com\/avatar\/9167d280179c85bc18be67aa7eda765854300033af4896dd779b608640f2ef7a?s=96&d=mm&r=g","contentUrl":"https:\/\/secure.gravatar.com\/avatar\/9167d280179c85bc18be67aa7eda765854300033af4896dd779b608640f2ef7a?s=96&d=mm&r=g","caption":"Diario1 Diario1"},"url":"https:\/\/diariotextual.com\/inicio\/index.php\/author\/diario1\/"}]}},"_links":{"self":[{"href":"https:\/\/diariotextual.com\/inicio\/index.php\/wp-json\/wp\/v2\/posts\/18156","targetHints":{"allow":["GET"]}}],"collection":[{"href":"https:\/\/diariotextual.com\/inicio\/index.php\/wp-json\/wp\/v2\/posts"}],"about":[{"href":"https:\/\/diariotextual.com\/inicio\/index.php\/wp-json\/wp\/v2\/types\/post"}],"author":[{"embeddable":true,"href":"https:\/\/diariotextual.com\/inicio\/index.php\/wp-json\/wp\/v2\/users\/3"}],"replies":[{"embeddable":true,"href":"https:\/\/diariotextual.com\/inicio\/index.php\/wp-json\/wp\/v2\/comments?post=18156"}],"version-history":[{"count":2,"href":"https:\/\/diariotextual.com\/inicio\/index.php\/wp-json\/wp\/v2\/posts\/18156\/revisions"}],"predecessor-version":[{"id":18158,"href":"https:\/\/diariotextual.com\/inicio\/index.php\/wp-json\/wp\/v2\/posts\/18156\/revisions\/18158"}],"wp:featuredmedia":[{"embeddable":true,"href":"https:\/\/diariotextual.com\/inicio\/index.php\/wp-json\/wp\/v2\/media\/18159"}],"wp:attachment":[{"href":"https:\/\/diariotextual.com\/inicio\/index.php\/wp-json\/wp\/v2\/media?parent=18156"}],"wp:term":[{"taxonomy":"category","embeddable":true,"href":"https:\/\/diariotextual.com\/inicio\/index.php\/wp-json\/wp\/v2\/categories?post=18156"},{"taxonomy":"post_tag","embeddable":true,"href":"https:\/\/diariotextual.com\/inicio\/index.php\/wp-json\/wp\/v2\/tags?post=18156"}],"curies":[{"name":"wp","href":"https:\/\/api.w.org\/{rel}","templated":true}]}}