{"id":182316,"date":"2022-03-16T20:00:00","date_gmt":"2022-03-16T23:00:00","guid":{"rendered":"https:\/\/diariotextual.com\/inicio\/?p=182316"},"modified":"2022-03-17T17:54:47","modified_gmt":"2022-03-17T20:54:47","slug":"caso-lucio-imputadas-niegan-el-asesinato-y-tienen-rasgos-de-perversidad","status":"publish","type":"post","link":"https:\/\/diariotextual.com\/inicio\/index.php\/2022\/03\/16\/caso-lucio-imputadas-niegan-el-asesinato-y-tienen-rasgos-de-perversidad\/","title":{"rendered":"Caso Lucio: imputadas niegan el asesinato y, seg\u00fan peritos oficiales, tienen rasgos de perversidad"},"content":{"rendered":"\n<p>Las <strong>pericias oficiales<\/strong> <strong>psicol\u00f3gicas y psiqui\u00e1tricas<\/strong> a las dos imputadas del asesinato de <strong>Lucio Dupuy (5 a\u00f1os)<\/strong>, su madre <strong>Magdalena Esp\u00f3sito Valenti<\/strong> y la pareja <strong>Abigail P\u00e1ez<\/strong>, concluyeron que ambas consideraban al nene como un <strong>\u201cobst\u00e1culo\u201d<\/strong> en su relaci\u00f3n de pareja, que siguen negando que hayan asesinado al ni\u00f1o, que las dos tienen <strong>rasgos de perversidad<\/strong> y que rechazan a los hombres. Los peritos confirmaron tambi\u00e9n que son <strong>imputables y que comprenden la criminalidad de sus actos.<\/strong><\/p>\n\n\n\n<p>Esp\u00f3sito Valenti y P\u00e1ez est\u00e1n detenidas en San Luis. Ambas est\u00e1n acusadas del asesinato del nene, ocurrida en noviembre pasado en Santa Rosa: la calificaci\u00f3n es homicidio con \u201censa\u00f1amiento, alevos\u00eda y abuso sexual\u201d.<\/p>\n\n\n\n<p>Fuentes ligadas a la investigaci\u00f3n dijeron a Diario Textual que la etapa de investigaci\u00f3n est\u00e1 \u201cconclu\u00edda\u201d  y que en los pr\u00f3ximos d\u00edas los fiscales elevar\u00e1n la causa a juicio.<\/p>\n\n\n\n<p>Las pericias oficiales obligatorias sobre las dos imputadas se iniciaron el 4 de febrero. El pasado viernes se conocieron los resultados. <\/p>\n\n\n\n<p>El abogado representante de la familia, Jos\u00e9 Mario Aguerrido, dijo a Diario Textual que esas pericias oficiales son \u201cinsuficientes\u201d. Ahora le solicit\u00f3 al juez de la causa, Daniel Ralli, que le otorgue al perito de parte el mismo tiempo que tuvieron los peritos oficiales.<\/p>\n\n\n\n<p>Aguerrido agreg\u00f3 que los <strong><a href=\"https:\/\/diariotextual.com\/inicio\/index.php\/2022\/02\/08\/caso-dupuy-juez-mantuvo-los-11-puntos-de-las-pericias-psicologicas\/\" target=\"_blank\" rel=\"noreferrer noopener\">11 puntos periciales<\/a><\/strong> presentados oportunamente por la querella fueron respondidos \u201cparcialmente\u201d en la pericia oficial. Es que cuando los peritos fueron nuevamente a entrevistarlas, se negaron a hablar. As\u00ed,<strong> los peritos se apoyaron en la primera entrevista para responder esos 11 puntos.<\/strong><\/p>\n\n\n\n<p>Esos puntos son centrales para la querella:<strong> Aguerrido trata de demostrar que se trat\u00f3 de un crimen de odio.<\/strong><\/p>\n\n\n\n<p>El abogado defensor tambi\u00e9n revel\u00f3 que se est\u00e1n analizando los dibujos que hizo Lucio en el jard\u00edn de infantes al que concurr\u00eda para determinar si era sometido a violencia. <\/p>\n\n\n\n<p><strong>\u00bfQu\u00e9 concluyeron los peritos psicol\u00f3gicos y psiqui\u00e1tricos oficiales? Que ambas niegan el asesinato de Lucio, al que consideraban una interferencia en la convivencia de la pareja; que desprecian al g\u00e9nero opuesto, es decir a los hombres; y que tienen rasgos de perversidad. <\/strong><\/p>\n\n\n\n<p>Lucio vivi\u00f3 un calvario que termin\u00f3 el viernes 26 de noviembre de 2021 por la noche, con su muerte, luego de ser brutalmente golpeado. Ingres\u00f3 convulsionando al Hospital Evita, de Santa Rosa, y no pudieron salvarlo.<\/p>\n\n\n\n<p>La Justicia orden\u00f3 la detenci\u00f3n inmediata de su madre, Magdalena Esp\u00f3sito Valenti (24), y su pareja Abigail P\u00e1ez (27). El juez Daniel Ralli dict\u00f3 la prisi\u00f3n preventiva para ambas hasta la finalizaci\u00f3n del proceso. Las dos fueron trasladadas a San Luis, donde cumplen con la detenci\u00f3n.<\/p>\n\n\n\n<p>El ni\u00f1o viv\u00eda con su madre y la novia de su mam\u00e1, en un departamento de la calle Allan Kardec. Fue llevado por Abigail el viernes 26 de noviembre de 2021, por la noche, convulsionando, a la posta sanitaria&nbsp;del barrio Atuel. En ese momento,&nbsp;la madre de Lucio estaba trabajando de moza en un hotel.<\/p>\n\n\n\n<p>Posteriormente&nbsp;Lucio fue trasladado por una vecina, en su auto, al Hospital Evita, ya sin signos vitales, donde se constat\u00f3 su fallecimiento.<\/p>\n\n\n\n<p>Seg\u00fan se pudo determinar en la autopsia,&nbsp;muri\u00f3 por m\u00faltiples golpes y, adem\u00e1s, se comprob\u00f3 que ten\u00eda mordeduras de vieja data y del d\u00eda del crimen. Tambi\u00e9n, que Lucio fue abusado y que ten\u00eda quemaduras de cigarrillo.<\/p>\n","protected":false},"excerpt":{"rendered":"<p>Las pericias oficiales psicol\u00f3gicas y psiqui\u00e1tricas a las dos imputadas del asesinato de Lucio Dupuy (5 a\u00f1os), su madre Magdalena Esp\u00f3sito Valenti y la pareja Abigail P\u00e1ez, concluyeron que ambas&hellip;<\/p>\n","protected":false},"author":7,"featured_media":170494,"comment_status":"closed","ping_status":"open","sticky":false,"template":"","format":"standard","meta":{"_acf_changed":false,"footnotes":""},"categories":[11,12],"tags":[6330],"class_list":["post-182316","post","type-post","status-publish","format-standard","has-post-thumbnail","hentry","category-que-pasa","category-sociedad","tag-lucio"],"acf":[],"yoast_head":"<!-- This site is optimized with the Yoast SEO plugin v27.5 - https:\/\/yoast.com\/product\/yoast-seo-wordpress\/ -->\n<title>Caso Lucio: imputadas niegan el asesinato y, seg\u00fan peritos oficiales, tienen rasgos de perversidad - Diario Textual<\/title>\n<meta name=\"robots\" content=\"index, follow, max-snippet:-1, max-image-preview:large, max-video-preview:-1\" \/>\n<link rel=\"canonical\" href=\"https:\/\/diariotextual.com\/inicio\/index.php\/2022\/03\/16\/caso-lucio-imputadas-niegan-el-asesinato-y-tienen-rasgos-de-perversidad\/\" \/>\n<meta property=\"og:locale\" content=\"es_ES\" \/>\n<meta property=\"og:type\" content=\"article\" \/>\n<meta property=\"og:title\" content=\"Caso Lucio: imputadas niegan el asesinato y, seg\u00fan peritos oficiales, tienen rasgos de perversidad - Diario Textual\" \/>\n<meta property=\"og:description\" content=\"Las pericias oficiales psicol\u00f3gicas y psiqui\u00e1tricas a las dos imputadas del asesinato de Lucio Dupuy (5 a\u00f1os), su madre Magdalena Esp\u00f3sito Valenti y la pareja Abigail P\u00e1ez, concluyeron que ambas&hellip;\" \/>\n<meta property=\"og:url\" content=\"https:\/\/diariotextual.com\/inicio\/index.php\/2022\/03\/16\/caso-lucio-imputadas-niegan-el-asesinato-y-tienen-rasgos-de-perversidad\/\" \/>\n<meta property=\"og:site_name\" content=\"Diario Textual\" \/>\n<meta property=\"article:publisher\" content=\"https:\/\/www.facebook.com\/eltextual\" \/>\n<meta property=\"article:published_time\" content=\"2022-03-16T23:00:00+00:00\" \/>\n<meta property=\"article:modified_time\" content=\"2022-03-17T20:54:47+00:00\" \/>\n<meta property=\"og:image\" content=\"https:\/\/diariotextual.com\/inicio\/wp-content\/uploads\/2021\/11\/luciodupuy07.jpg\" \/>\n\t<meta property=\"og:image:width\" content=\"718\" \/>\n\t<meta property=\"og:image:height\" content=\"480\" \/>\n\t<meta property=\"og:image:type\" content=\"image\/jpeg\" \/>\n<meta name=\"author\" content=\"diario5\" \/>\n<meta name=\"twitter:card\" content=\"summary_large_image\" \/>\n<meta name=\"twitter:creator\" content=\"@eltextual\" \/>\n<meta name=\"twitter:site\" content=\"@eltextual\" \/>\n<meta name=\"twitter:label1\" content=\"Escrito por\" \/>\n\t<meta name=\"twitter:data1\" content=\"diario5\" \/>\n\t<meta name=\"twitter:label2\" content=\"Tiempo de lectura\" \/>\n\t<meta name=\"twitter:data2\" content=\"3 minutos\" \/>\n<script type=\"application\/ld+json\" class=\"yoast-schema-graph\">{\"@context\":\"https:\\\/\\\/schema.org\",\"@graph\":[{\"@type\":\"Article\",\"@id\":\"https:\\\/\\\/diariotextual.com\\\/inicio\\\/index.php\\\/2022\\\/03\\\/16\\\/caso-lucio-imputadas-niegan-el-asesinato-y-tienen-rasgos-de-perversidad\\\/#article\",\"isPartOf\":{\"@id\":\"https:\\\/\\\/diariotextual.com\\\/inicio\\\/index.php\\\/2022\\\/03\\\/16\\\/caso-lucio-imputadas-niegan-el-asesinato-y-tienen-rasgos-de-perversidad\\\/\"},\"author\":{\"name\":\"diario5\",\"@id\":\"https:\\\/\\\/diariotextual.com\\\/inicio\\\/#\\\/schema\\\/person\\\/c7834961ad8b29b1d9cdbf4571299067\"},\"headline\":\"Caso Lucio: imputadas niegan el asesinato y, seg\u00fan peritos oficiales, tienen rasgos de perversidad\",\"datePublished\":\"2022-03-16T23:00:00+00:00\",\"dateModified\":\"2022-03-17T20:54:47+00:00\",\"mainEntityOfPage\":{\"@id\":\"https:\\\/\\\/diariotextual.com\\\/inicio\\\/index.php\\\/2022\\\/03\\\/16\\\/caso-lucio-imputadas-niegan-el-asesinato-y-tienen-rasgos-de-perversidad\\\/\"},\"wordCount\":590,\"publisher\":{\"@id\":\"https:\\\/\\\/diariotextual.com\\\/inicio\\\/#organization\"},\"image\":{\"@id\":\"https:\\\/\\\/diariotextual.com\\\/inicio\\\/index.php\\\/2022\\\/03\\\/16\\\/caso-lucio-imputadas-niegan-el-asesinato-y-tienen-rasgos-de-perversidad\\\/#primaryimage\"},\"thumbnailUrl\":\"https:\\\/\\\/diariotextual.com\\\/inicio\\\/wp-content\\\/uploads\\\/2021\\\/11\\\/luciodupuy07.jpg\",\"keywords\":[\"lucio\"],\"articleSection\":[\"A - QUE PASA (al costado)\",\"SOCIEDAD\"],\"inLanguage\":\"es\"},{\"@type\":\"WebPage\",\"@id\":\"https:\\\/\\\/diariotextual.com\\\/inicio\\\/index.php\\\/2022\\\/03\\\/16\\\/caso-lucio-imputadas-niegan-el-asesinato-y-tienen-rasgos-de-perversidad\\\/\",\"url\":\"https:\\\/\\\/diariotextual.com\\\/inicio\\\/index.php\\\/2022\\\/03\\\/16\\\/caso-lucio-imputadas-niegan-el-asesinato-y-tienen-rasgos-de-perversidad\\\/\",\"name\":\"Caso Lucio: imputadas niegan el asesinato y, seg\u00fan peritos oficiales, tienen rasgos de perversidad - Diario Textual\",\"isPartOf\":{\"@id\":\"https:\\\/\\\/diariotextual.com\\\/inicio\\\/#website\"},\"primaryImageOfPage\":{\"@id\":\"https:\\\/\\\/diariotextual.com\\\/inicio\\\/index.php\\\/2022\\\/03\\\/16\\\/caso-lucio-imputadas-niegan-el-asesinato-y-tienen-rasgos-de-perversidad\\\/#primaryimage\"},\"image\":{\"@id\":\"https:\\\/\\\/diariotextual.com\\\/inicio\\\/index.php\\\/2022\\\/03\\\/16\\\/caso-lucio-imputadas-niegan-el-asesinato-y-tienen-rasgos-de-perversidad\\\/#primaryimage\"},\"thumbnailUrl\":\"https:\\\/\\\/diariotextual.com\\\/inicio\\\/wp-content\\\/uploads\\\/2021\\\/11\\\/luciodupuy07.jpg\",\"datePublished\":\"2022-03-16T23:00:00+00:00\",\"dateModified\":\"2022-03-17T20:54:47+00:00\",\"breadcrumb\":{\"@id\":\"https:\\\/\\\/diariotextual.com\\\/inicio\\\/index.php\\\/2022\\\/03\\\/16\\\/caso-lucio-imputadas-niegan-el-asesinato-y-tienen-rasgos-de-perversidad\\\/#breadcrumb\"},\"inLanguage\":\"es\",\"potentialAction\":[{\"@type\":\"ReadAction\",\"target\":[\"https:\\\/\\\/diariotextual.com\\\/inicio\\\/index.php\\\/2022\\\/03\\\/16\\\/caso-lucio-imputadas-niegan-el-asesinato-y-tienen-rasgos-de-perversidad\\\/\"]}]},{\"@type\":\"ImageObject\",\"inLanguage\":\"es\",\"@id\":\"https:\\\/\\\/diariotextual.com\\\/inicio\\\/index.php\\\/2022\\\/03\\\/16\\\/caso-lucio-imputadas-niegan-el-asesinato-y-tienen-rasgos-de-perversidad\\\/#primaryimage\",\"url\":\"https:\\\/\\\/diariotextual.com\\\/inicio\\\/wp-content\\\/uploads\\\/2021\\\/11\\\/luciodupuy07.jpg\",\"contentUrl\":\"https:\\\/\\\/diariotextual.com\\\/inicio\\\/wp-content\\\/uploads\\\/2021\\\/11\\\/luciodupuy07.jpg\",\"width\":718,\"height\":480},{\"@type\":\"BreadcrumbList\",\"@id\":\"https:\\\/\\\/diariotextual.com\\\/inicio\\\/index.php\\\/2022\\\/03\\\/16\\\/caso-lucio-imputadas-niegan-el-asesinato-y-tienen-rasgos-de-perversidad\\\/#breadcrumb\",\"itemListElement\":[{\"@type\":\"ListItem\",\"position\":1,\"name\":\"Portada\",\"item\":\"https:\\\/\\\/diariotextual.com\\\/inicio\\\/\"},{\"@type\":\"ListItem\",\"position\":2,\"name\":\"Caso Lucio: imputadas niegan el asesinato y, seg\u00fan peritos oficiales, tienen rasgos de perversidad\"}]},{\"@type\":\"WebSite\",\"@id\":\"https:\\\/\\\/diariotextual.com\\\/inicio\\\/#website\",\"url\":\"https:\\\/\\\/diariotextual.com\\\/inicio\\\/\",\"name\":\"Diario Textual\",\"description\":\"\",\"publisher\":{\"@id\":\"https:\\\/\\\/diariotextual.com\\\/inicio\\\/#organization\"},\"potentialAction\":[{\"@type\":\"SearchAction\",\"target\":{\"@type\":\"EntryPoint\",\"urlTemplate\":\"https:\\\/\\\/diariotextual.com\\\/inicio\\\/?s={search_term_string}\"},\"query-input\":{\"@type\":\"PropertyValueSpecification\",\"valueRequired\":true,\"valueName\":\"search_term_string\"}}],\"inLanguage\":\"es\"},{\"@type\":\"Organization\",\"@id\":\"https:\\\/\\\/diariotextual.com\\\/inicio\\\/#organization\",\"name\":\"Diario Textual\",\"url\":\"https:\\\/\\\/diariotextual.com\\\/inicio\\\/\",\"logo\":{\"@type\":\"ImageObject\",\"inLanguage\":\"es\",\"@id\":\"https:\\\/\\\/diariotextual.com\\\/inicio\\\/#\\\/schema\\\/logo\\\/image\\\/\",\"url\":\"https:\\\/\\\/diariotextual.com\\\/inicio\\\/wp-content\\\/uploads\\\/2023\\\/05\\\/logotextual1.jpg\",\"contentUrl\":\"https:\\\/\\\/diariotextual.com\\\/inicio\\\/wp-content\\\/uploads\\\/2023\\\/05\\\/logotextual1.jpg\",\"width\":516,\"height\":76,\"caption\":\"Diario Textual\"},\"image\":{\"@id\":\"https:\\\/\\\/diariotextual.com\\\/inicio\\\/#\\\/schema\\\/logo\\\/image\\\/\"},\"sameAs\":[\"https:\\\/\\\/www.facebook.com\\\/eltextual\",\"https:\\\/\\\/x.com\\\/eltextual\",\"http:\\\/\\\/www.instagram.com\\\/eltextual\"]},{\"@type\":\"Person\",\"@id\":\"https:\\\/\\\/diariotextual.com\\\/inicio\\\/#\\\/schema\\\/person\\\/c7834961ad8b29b1d9cdbf4571299067\",\"name\":\"diario5\",\"image\":{\"@type\":\"ImageObject\",\"inLanguage\":\"es\",\"@id\":\"https:\\\/\\\/secure.gravatar.com\\\/avatar\\\/948c893b847ca6df68216ead81b63f363408ec9b0f600fefc0641ce78613b111?s=96&d=mm&r=g\",\"url\":\"https:\\\/\\\/secure.gravatar.com\\\/avatar\\\/948c893b847ca6df68216ead81b63f363408ec9b0f600fefc0641ce78613b111?s=96&d=mm&r=g\",\"contentUrl\":\"https:\\\/\\\/secure.gravatar.com\\\/avatar\\\/948c893b847ca6df68216ead81b63f363408ec9b0f600fefc0641ce78613b111?s=96&d=mm&r=g\",\"caption\":\"diario5\"},\"url\":\"https:\\\/\\\/diariotextual.com\\\/inicio\\\/index.php\\\/author\\\/diario5\\\/\"}]}<\/script>\n<!-- \/ Yoast SEO plugin. -->","yoast_head_json":{"title":"Caso Lucio: imputadas niegan el asesinato y, seg\u00fan peritos oficiales, tienen rasgos de perversidad - Diario Textual","robots":{"index":"index","follow":"follow","max-snippet":"max-snippet:-1","max-image-preview":"max-image-preview:large","max-video-preview":"max-video-preview:-1"},"canonical":"https:\/\/diariotextual.com\/inicio\/index.php\/2022\/03\/16\/caso-lucio-imputadas-niegan-el-asesinato-y-tienen-rasgos-de-perversidad\/","og_locale":"es_ES","og_type":"article","og_title":"Caso Lucio: imputadas niegan el asesinato y, seg\u00fan peritos oficiales, tienen rasgos de perversidad - Diario Textual","og_description":"Las pericias oficiales psicol\u00f3gicas y psiqui\u00e1tricas a las dos imputadas del asesinato de Lucio Dupuy (5 a\u00f1os), su madre Magdalena Esp\u00f3sito Valenti y la pareja Abigail P\u00e1ez, concluyeron que ambas&hellip;","og_url":"https:\/\/diariotextual.com\/inicio\/index.php\/2022\/03\/16\/caso-lucio-imputadas-niegan-el-asesinato-y-tienen-rasgos-de-perversidad\/","og_site_name":"Diario Textual","article_publisher":"https:\/\/www.facebook.com\/eltextual","article_published_time":"2022-03-16T23:00:00+00:00","article_modified_time":"2022-03-17T20:54:47+00:00","og_image":[{"width":718,"height":480,"url":"https:\/\/diariotextual.com\/inicio\/wp-content\/uploads\/2021\/11\/luciodupuy07.jpg","type":"image\/jpeg"}],"author":"diario5","twitter_card":"summary_large_image","twitter_creator":"@eltextual","twitter_site":"@eltextual","twitter_misc":{"Escrito por":"diario5","Tiempo de lectura":"3 minutos"},"schema":{"@context":"https:\/\/schema.org","@graph":[{"@type":"Article","@id":"https:\/\/diariotextual.com\/inicio\/index.php\/2022\/03\/16\/caso-lucio-imputadas-niegan-el-asesinato-y-tienen-rasgos-de-perversidad\/#article","isPartOf":{"@id":"https:\/\/diariotextual.com\/inicio\/index.php\/2022\/03\/16\/caso-lucio-imputadas-niegan-el-asesinato-y-tienen-rasgos-de-perversidad\/"},"author":{"name":"diario5","@id":"https:\/\/diariotextual.com\/inicio\/#\/schema\/person\/c7834961ad8b29b1d9cdbf4571299067"},"headline":"Caso Lucio: imputadas niegan el asesinato y, seg\u00fan peritos oficiales, tienen rasgos de perversidad","datePublished":"2022-03-16T23:00:00+00:00","dateModified":"2022-03-17T20:54:47+00:00","mainEntityOfPage":{"@id":"https:\/\/diariotextual.com\/inicio\/index.php\/2022\/03\/16\/caso-lucio-imputadas-niegan-el-asesinato-y-tienen-rasgos-de-perversidad\/"},"wordCount":590,"publisher":{"@id":"https:\/\/diariotextual.com\/inicio\/#organization"},"image":{"@id":"https:\/\/diariotextual.com\/inicio\/index.php\/2022\/03\/16\/caso-lucio-imputadas-niegan-el-asesinato-y-tienen-rasgos-de-perversidad\/#primaryimage"},"thumbnailUrl":"https:\/\/diariotextual.com\/inicio\/wp-content\/uploads\/2021\/11\/luciodupuy07.jpg","keywords":["lucio"],"articleSection":["A - QUE PASA (al costado)","SOCIEDAD"],"inLanguage":"es"},{"@type":"WebPage","@id":"https:\/\/diariotextual.com\/inicio\/index.php\/2022\/03\/16\/caso-lucio-imputadas-niegan-el-asesinato-y-tienen-rasgos-de-perversidad\/","url":"https:\/\/diariotextual.com\/inicio\/index.php\/2022\/03\/16\/caso-lucio-imputadas-niegan-el-asesinato-y-tienen-rasgos-de-perversidad\/","name":"Caso Lucio: imputadas niegan el asesinato y, seg\u00fan peritos oficiales, tienen rasgos de perversidad - Diario Textual","isPartOf":{"@id":"https:\/\/diariotextual.com\/inicio\/#website"},"primaryImageOfPage":{"@id":"https:\/\/diariotextual.com\/inicio\/index.php\/2022\/03\/16\/caso-lucio-imputadas-niegan-el-asesinato-y-tienen-rasgos-de-perversidad\/#primaryimage"},"image":{"@id":"https:\/\/diariotextual.com\/inicio\/index.php\/2022\/03\/16\/caso-lucio-imputadas-niegan-el-asesinato-y-tienen-rasgos-de-perversidad\/#primaryimage"},"thumbnailUrl":"https:\/\/diariotextual.com\/inicio\/wp-content\/uploads\/2021\/11\/luciodupuy07.jpg","datePublished":"2022-03-16T23:00:00+00:00","dateModified":"2022-03-17T20:54:47+00:00","breadcrumb":{"@id":"https:\/\/diariotextual.com\/inicio\/index.php\/2022\/03\/16\/caso-lucio-imputadas-niegan-el-asesinato-y-tienen-rasgos-de-perversidad\/#breadcrumb"},"inLanguage":"es","potentialAction":[{"@type":"ReadAction","target":["https:\/\/diariotextual.com\/inicio\/index.php\/2022\/03\/16\/caso-lucio-imputadas-niegan-el-asesinato-y-tienen-rasgos-de-perversidad\/"]}]},{"@type":"ImageObject","inLanguage":"es","@id":"https:\/\/diariotextual.com\/inicio\/index.php\/2022\/03\/16\/caso-lucio-imputadas-niegan-el-asesinato-y-tienen-rasgos-de-perversidad\/#primaryimage","url":"https:\/\/diariotextual.com\/inicio\/wp-content\/uploads\/2021\/11\/luciodupuy07.jpg","contentUrl":"https:\/\/diariotextual.com\/inicio\/wp-content\/uploads\/2021\/11\/luciodupuy07.jpg","width":718,"height":480},{"@type":"BreadcrumbList","@id":"https:\/\/diariotextual.com\/inicio\/index.php\/2022\/03\/16\/caso-lucio-imputadas-niegan-el-asesinato-y-tienen-rasgos-de-perversidad\/#breadcrumb","itemListElement":[{"@type":"ListItem","position":1,"name":"Portada","item":"https:\/\/diariotextual.com\/inicio\/"},{"@type":"ListItem","position":2,"name":"Caso Lucio: imputadas niegan el asesinato y, seg\u00fan peritos oficiales, tienen rasgos de perversidad"}]},{"@type":"WebSite","@id":"https:\/\/diariotextual.com\/inicio\/#website","url":"https:\/\/diariotextual.com\/inicio\/","name":"Diario Textual","description":"","publisher":{"@id":"https:\/\/diariotextual.com\/inicio\/#organization"},"potentialAction":[{"@type":"SearchAction","target":{"@type":"EntryPoint","urlTemplate":"https:\/\/diariotextual.com\/inicio\/?s={search_term_string}"},"query-input":{"@type":"PropertyValueSpecification","valueRequired":true,"valueName":"search_term_string"}}],"inLanguage":"es"},{"@type":"Organization","@id":"https:\/\/diariotextual.com\/inicio\/#organization","name":"Diario Textual","url":"https:\/\/diariotextual.com\/inicio\/","logo":{"@type":"ImageObject","inLanguage":"es","@id":"https:\/\/diariotextual.com\/inicio\/#\/schema\/logo\/image\/","url":"https:\/\/diariotextual.com\/inicio\/wp-content\/uploads\/2023\/05\/logotextual1.jpg","contentUrl":"https:\/\/diariotextual.com\/inicio\/wp-content\/uploads\/2023\/05\/logotextual1.jpg","width":516,"height":76,"caption":"Diario Textual"},"image":{"@id":"https:\/\/diariotextual.com\/inicio\/#\/schema\/logo\/image\/"},"sameAs":["https:\/\/www.facebook.com\/eltextual","https:\/\/x.com\/eltextual","http:\/\/www.instagram.com\/eltextual"]},{"@type":"Person","@id":"https:\/\/diariotextual.com\/inicio\/#\/schema\/person\/c7834961ad8b29b1d9cdbf4571299067","name":"diario5","image":{"@type":"ImageObject","inLanguage":"es","@id":"https:\/\/secure.gravatar.com\/avatar\/948c893b847ca6df68216ead81b63f363408ec9b0f600fefc0641ce78613b111?s=96&d=mm&r=g","url":"https:\/\/secure.gravatar.com\/avatar\/948c893b847ca6df68216ead81b63f363408ec9b0f600fefc0641ce78613b111?s=96&d=mm&r=g","contentUrl":"https:\/\/secure.gravatar.com\/avatar\/948c893b847ca6df68216ead81b63f363408ec9b0f600fefc0641ce78613b111?s=96&d=mm&r=g","caption":"diario5"},"url":"https:\/\/diariotextual.com\/inicio\/index.php\/author\/diario5\/"}]}},"_links":{"self":[{"href":"https:\/\/diariotextual.com\/inicio\/index.php\/wp-json\/wp\/v2\/posts\/182316","targetHints":{"allow":["GET"]}}],"collection":[{"href":"https:\/\/diariotextual.com\/inicio\/index.php\/wp-json\/wp\/v2\/posts"}],"about":[{"href":"https:\/\/diariotextual.com\/inicio\/index.php\/wp-json\/wp\/v2\/types\/post"}],"author":[{"embeddable":true,"href":"https:\/\/diariotextual.com\/inicio\/index.php\/wp-json\/wp\/v2\/users\/7"}],"replies":[{"embeddable":true,"href":"https:\/\/diariotextual.com\/inicio\/index.php\/wp-json\/wp\/v2\/comments?post=182316"}],"version-history":[{"count":17,"href":"https:\/\/diariotextual.com\/inicio\/index.php\/wp-json\/wp\/v2\/posts\/182316\/revisions"}],"predecessor-version":[{"id":182424,"href":"https:\/\/diariotextual.com\/inicio\/index.php\/wp-json\/wp\/v2\/posts\/182316\/revisions\/182424"}],"wp:featuredmedia":[{"embeddable":true,"href":"https:\/\/diariotextual.com\/inicio\/index.php\/wp-json\/wp\/v2\/media\/170494"}],"wp:attachment":[{"href":"https:\/\/diariotextual.com\/inicio\/index.php\/wp-json\/wp\/v2\/media?parent=182316"}],"wp:term":[{"taxonomy":"category","embeddable":true,"href":"https:\/\/diariotextual.com\/inicio\/index.php\/wp-json\/wp\/v2\/categories?post=182316"},{"taxonomy":"post_tag","embeddable":true,"href":"https:\/\/diariotextual.com\/inicio\/index.php\/wp-json\/wp\/v2\/tags?post=182316"}],"curies":[{"name":"wp","href":"https:\/\/api.w.org\/{rel}","templated":true}]}}