{"id":183007,"date":"2022-03-22T15:15:18","date_gmt":"2022-03-22T18:15:18","guid":{"rendered":"https:\/\/diariotextual.com\/inicio\/?p=183007"},"modified":"2022-03-22T16:42:29","modified_gmt":"2022-03-22T19:42:29","slug":"el-presidente-reitero-que-se-investigue-la-fuga-de-capitales-durante-el-gobierno-de-macri","status":"publish","type":"post","link":"https:\/\/diariotextual.com\/inicio\/index.php\/2022\/03\/22\/el-presidente-reitero-que-se-investigue-la-fuga-de-capitales-durante-el-gobierno-de-macri\/","title":{"rendered":"El presidente reiter\u00f3 que se investigue la fuga de capitales durante el gobierno de Macri"},"content":{"rendered":"\n<p>El presidente Alberto Fern\u00e1ndez afirm\u00f3 hoy que <strong>el acuerdo con el Fondo Monetario Internacional \u201cno legitima\u201d la deuda de U$S 44.500 millones tomada por el gobierno de Mauricio Macri en 2018<\/strong> y reiter\u00f3 su pedido a la Justicia para que investigue los casos de fuga de capitales en ese per\u00edodo.<\/p>\n\n\n\n<p>\u201cCon esto <strong>no se legitim\u00f3 la deuda porque yo lo denunci\u00e9 penalmente a Macri con nombre y apellido e hice algo que ning\u00fan otro presidente hizo en la historia, ya que la denuncia penal incluye una demanda civil por da\u00f1os y perjuicios <\/strong>que le ha causado al pa\u00eds y por lo que deber\u00e1 responder con su propio patrimonio\u201d, dijo Fern\u00e1ndez esta ma\u00f1ana en declaraciones a El Destape Radio.<\/p>\n\n\n\n<p>\u201c<strong>Lo que hicieron fue un gran acto en el que tendieron a beneficiar a unos y perjudicar a otros. Fueron miles de millones de d\u00f3lares del Fondo que se escaparon de la Argentina<\/strong>, favoreciendo a algunos pocos. Los datos est\u00e1n en el Banco Central y eso es lo que pido que la justicia investigue\u201d, apunt\u00f3.<\/p>\n\n\n\n<p>Con respecto a la solicitud al Poder Judicial para que se investigue, aclar\u00f3: \u00abYo no pido que se investigue al tipo que compr\u00f3 d\u00f3lares, sino que hablo de ciertos casos donde est\u00e1 claro el objetivo\u00bb de la fuga de capitales.<\/p>\n\n\n\n<p>Durante la entrevista, el presidente record\u00f3 que, sobre el FMI, se la pas\u00f3 \u00abhablando toda la vida de lo que hizo N\u00e9stor (Kirchner), pero ahora la vida me puso a m\u00ed en este lugar\u00bb y agreg\u00f3: \u00abA m\u00ed tambi\u00e9n me dol\u00eda\u00bb.<\/p>\n\n\n\n<p>Luego, sobre los pr\u00f3ximos pasos del Gobierno, plante\u00f3: \u00ab<strong>Despu\u00e9s de poner en orden el tema con el Fondo Monetario Internacional, es necesario que nos pongamos a ver de cerca qu\u00e9 es lo que est\u00e1 pasando con los precios, fundamentalmente en el sector de los alimentos<\/strong>, porque es el que est\u00e1 teniendo mayor impacto con la guerra entre Rusia y Ucrania\u00bb.<\/p>\n\n\n\n<p>Al respecto, tambi\u00e9n precis\u00f3 que el tiempo elegido para atacar las causas de la inflaci\u00f3n no se debe al acuerdo con el Fondo: \u00abNo era que yo cre\u00eda que el problema con el Fondo era condici\u00f3n para resolver el problema de la inflaci\u00f3n, sino que el acuerdo con el Fondo nos permit\u00eda acomodar divisas y as\u00ed evitar el riesgo de devaluaci\u00f3n que algunos alientan\u00bb.<\/p>\n","protected":false},"excerpt":{"rendered":"<p>El presidente Alberto Fern\u00e1ndez afirm\u00f3 hoy que el acuerdo con el Fondo Monetario Internacional \u201cno legitima\u201d la deuda de U$S 44.500 millones tomada por el gobierno de Mauricio Macri en&hellip;<\/p>\n","protected":false},"author":5,"featured_media":168075,"comment_status":"closed","ping_status":"open","sticky":false,"template":"","format":"standard","meta":{"_acf_changed":false,"footnotes":""},"categories":[4,8],"tags":[2301,930],"class_list":["post-183007","post","type-post","status-publish","format-standard","has-post-thumbnail","hentry","category-destacadas","category-politica","tag-deuda","tag-fernandez"],"acf":[],"yoast_head":"<!-- This site is optimized with the Yoast SEO plugin v27.5 - https:\/\/yoast.com\/product\/yoast-seo-wordpress\/ -->\n<title>El presidente reiter\u00f3 que se investigue la fuga de capitales durante el gobierno de Macri - Diario Textual<\/title>\n<meta name=\"robots\" content=\"index, follow, max-snippet:-1, max-image-preview:large, max-video-preview:-1\" \/>\n<link rel=\"canonical\" href=\"https:\/\/diariotextual.com\/inicio\/index.php\/2022\/03\/22\/el-presidente-reitero-que-se-investigue-la-fuga-de-capitales-durante-el-gobierno-de-macri\/\" \/>\n<meta property=\"og:locale\" content=\"es_ES\" \/>\n<meta property=\"og:type\" content=\"article\" \/>\n<meta property=\"og:title\" content=\"El presidente reiter\u00f3 que se investigue la fuga de capitales durante el gobierno de Macri - Diario Textual\" \/>\n<meta property=\"og:description\" content=\"El presidente Alberto Fern\u00e1ndez afirm\u00f3 hoy que el acuerdo con el Fondo Monetario Internacional \u201cno legitima\u201d la deuda de U$S 44.500 millones tomada por el gobierno de Mauricio Macri en&hellip;\" \/>\n<meta property=\"og:url\" content=\"https:\/\/diariotextual.com\/inicio\/index.php\/2022\/03\/22\/el-presidente-reitero-que-se-investigue-la-fuga-de-capitales-durante-el-gobierno-de-macri\/\" \/>\n<meta property=\"og:site_name\" content=\"Diario Textual\" \/>\n<meta property=\"article:publisher\" content=\"https:\/\/www.facebook.com\/eltextual\" \/>\n<meta property=\"article:published_time\" content=\"2022-03-22T18:15:18+00:00\" \/>\n<meta property=\"article:modified_time\" content=\"2022-03-22T19:42:29+00:00\" \/>\n<meta property=\"og:image\" content=\"https:\/\/diariotextual.com\/inicio\/wp-content\/uploads\/2021\/11\/fernandezalbertotelam2021-2004.jpg\" \/>\n\t<meta property=\"og:image:width\" content=\"914\" \/>\n\t<meta property=\"og:image:height\" content=\"587\" \/>\n\t<meta property=\"og:image:type\" content=\"image\/jpeg\" \/>\n<meta name=\"author\" content=\"diario3\" \/>\n<meta name=\"twitter:card\" content=\"summary_large_image\" \/>\n<meta name=\"twitter:creator\" content=\"@eltextual\" \/>\n<meta name=\"twitter:site\" content=\"@eltextual\" \/>\n<meta name=\"twitter:label1\" content=\"Escrito por\" \/>\n\t<meta name=\"twitter:data1\" content=\"diario3\" \/>\n\t<meta name=\"twitter:label2\" content=\"Tiempo de lectura\" \/>\n\t<meta name=\"twitter:data2\" content=\"2 minutos\" \/>\n<script type=\"application\/ld+json\" class=\"yoast-schema-graph\">{\"@context\":\"https:\\\/\\\/schema.org\",\"@graph\":[{\"@type\":\"Article\",\"@id\":\"https:\\\/\\\/diariotextual.com\\\/inicio\\\/index.php\\\/2022\\\/03\\\/22\\\/el-presidente-reitero-que-se-investigue-la-fuga-de-capitales-durante-el-gobierno-de-macri\\\/#article\",\"isPartOf\":{\"@id\":\"https:\\\/\\\/diariotextual.com\\\/inicio\\\/index.php\\\/2022\\\/03\\\/22\\\/el-presidente-reitero-que-se-investigue-la-fuga-de-capitales-durante-el-gobierno-de-macri\\\/\"},\"author\":{\"name\":\"diario3\",\"@id\":\"https:\\\/\\\/diariotextual.com\\\/inicio\\\/#\\\/schema\\\/person\\\/a1b6f563e0ee944c60f98119389a4d9f\"},\"headline\":\"El presidente reiter\u00f3 que se investigue la fuga de capitales durante el gobierno de Macri\",\"datePublished\":\"2022-03-22T18:15:18+00:00\",\"dateModified\":\"2022-03-22T19:42:29+00:00\",\"mainEntityOfPage\":{\"@id\":\"https:\\\/\\\/diariotextual.com\\\/inicio\\\/index.php\\\/2022\\\/03\\\/22\\\/el-presidente-reitero-que-se-investigue-la-fuga-de-capitales-durante-el-gobierno-de-macri\\\/\"},\"wordCount\":414,\"publisher\":{\"@id\":\"https:\\\/\\\/diariotextual.com\\\/inicio\\\/#organization\"},\"image\":{\"@id\":\"https:\\\/\\\/diariotextual.com\\\/inicio\\\/index.php\\\/2022\\\/03\\\/22\\\/el-presidente-reitero-que-se-investigue-la-fuga-de-capitales-durante-el-gobierno-de-macri\\\/#primaryimage\"},\"thumbnailUrl\":\"https:\\\/\\\/diariotextual.com\\\/inicio\\\/wp-content\\\/uploads\\\/2021\\\/11\\\/fernandezalbertotelam2021-2004.jpg\",\"keywords\":[\"deuda\",\"fernandez\"],\"articleSection\":[\"A - DESTACADAS (mod 16)\",\"POLITICA\"],\"inLanguage\":\"es\"},{\"@type\":\"WebPage\",\"@id\":\"https:\\\/\\\/diariotextual.com\\\/inicio\\\/index.php\\\/2022\\\/03\\\/22\\\/el-presidente-reitero-que-se-investigue-la-fuga-de-capitales-durante-el-gobierno-de-macri\\\/\",\"url\":\"https:\\\/\\\/diariotextual.com\\\/inicio\\\/index.php\\\/2022\\\/03\\\/22\\\/el-presidente-reitero-que-se-investigue-la-fuga-de-capitales-durante-el-gobierno-de-macri\\\/\",\"name\":\"El presidente reiter\u00f3 que se investigue la fuga de capitales durante el gobierno de Macri - Diario Textual\",\"isPartOf\":{\"@id\":\"https:\\\/\\\/diariotextual.com\\\/inicio\\\/#website\"},\"primaryImageOfPage\":{\"@id\":\"https:\\\/\\\/diariotextual.com\\\/inicio\\\/index.php\\\/2022\\\/03\\\/22\\\/el-presidente-reitero-que-se-investigue-la-fuga-de-capitales-durante-el-gobierno-de-macri\\\/#primaryimage\"},\"image\":{\"@id\":\"https:\\\/\\\/diariotextual.com\\\/inicio\\\/index.php\\\/2022\\\/03\\\/22\\\/el-presidente-reitero-que-se-investigue-la-fuga-de-capitales-durante-el-gobierno-de-macri\\\/#primaryimage\"},\"thumbnailUrl\":\"https:\\\/\\\/diariotextual.com\\\/inicio\\\/wp-content\\\/uploads\\\/2021\\\/11\\\/fernandezalbertotelam2021-2004.jpg\",\"datePublished\":\"2022-03-22T18:15:18+00:00\",\"dateModified\":\"2022-03-22T19:42:29+00:00\",\"breadcrumb\":{\"@id\":\"https:\\\/\\\/diariotextual.com\\\/inicio\\\/index.php\\\/2022\\\/03\\\/22\\\/el-presidente-reitero-que-se-investigue-la-fuga-de-capitales-durante-el-gobierno-de-macri\\\/#breadcrumb\"},\"inLanguage\":\"es\",\"potentialAction\":[{\"@type\":\"ReadAction\",\"target\":[\"https:\\\/\\\/diariotextual.com\\\/inicio\\\/index.php\\\/2022\\\/03\\\/22\\\/el-presidente-reitero-que-se-investigue-la-fuga-de-capitales-durante-el-gobierno-de-macri\\\/\"]}]},{\"@type\":\"ImageObject\",\"inLanguage\":\"es\",\"@id\":\"https:\\\/\\\/diariotextual.com\\\/inicio\\\/index.php\\\/2022\\\/03\\\/22\\\/el-presidente-reitero-que-se-investigue-la-fuga-de-capitales-durante-el-gobierno-de-macri\\\/#primaryimage\",\"url\":\"https:\\\/\\\/diariotextual.com\\\/inicio\\\/wp-content\\\/uploads\\\/2021\\\/11\\\/fernandezalbertotelam2021-2004.jpg\",\"contentUrl\":\"https:\\\/\\\/diariotextual.com\\\/inicio\\\/wp-content\\\/uploads\\\/2021\\\/11\\\/fernandezalbertotelam2021-2004.jpg\",\"width\":914,\"height\":587},{\"@type\":\"BreadcrumbList\",\"@id\":\"https:\\\/\\\/diariotextual.com\\\/inicio\\\/index.php\\\/2022\\\/03\\\/22\\\/el-presidente-reitero-que-se-investigue-la-fuga-de-capitales-durante-el-gobierno-de-macri\\\/#breadcrumb\",\"itemListElement\":[{\"@type\":\"ListItem\",\"position\":1,\"name\":\"Portada\",\"item\":\"https:\\\/\\\/diariotextual.com\\\/inicio\\\/\"},{\"@type\":\"ListItem\",\"position\":2,\"name\":\"El presidente reiter\u00f3 que se investigue la fuga de capitales durante el gobierno de Macri\"}]},{\"@type\":\"WebSite\",\"@id\":\"https:\\\/\\\/diariotextual.com\\\/inicio\\\/#website\",\"url\":\"https:\\\/\\\/diariotextual.com\\\/inicio\\\/\",\"name\":\"Diario Textual\",\"description\":\"\",\"publisher\":{\"@id\":\"https:\\\/\\\/diariotextual.com\\\/inicio\\\/#organization\"},\"potentialAction\":[{\"@type\":\"SearchAction\",\"target\":{\"@type\":\"EntryPoint\",\"urlTemplate\":\"https:\\\/\\\/diariotextual.com\\\/inicio\\\/?s={search_term_string}\"},\"query-input\":{\"@type\":\"PropertyValueSpecification\",\"valueRequired\":true,\"valueName\":\"search_term_string\"}}],\"inLanguage\":\"es\"},{\"@type\":\"Organization\",\"@id\":\"https:\\\/\\\/diariotextual.com\\\/inicio\\\/#organization\",\"name\":\"Diario Textual\",\"url\":\"https:\\\/\\\/diariotextual.com\\\/inicio\\\/\",\"logo\":{\"@type\":\"ImageObject\",\"inLanguage\":\"es\",\"@id\":\"https:\\\/\\\/diariotextual.com\\\/inicio\\\/#\\\/schema\\\/logo\\\/image\\\/\",\"url\":\"https:\\\/\\\/diariotextual.com\\\/inicio\\\/wp-content\\\/uploads\\\/2023\\\/05\\\/logotextual1.jpg\",\"contentUrl\":\"https:\\\/\\\/diariotextual.com\\\/inicio\\\/wp-content\\\/uploads\\\/2023\\\/05\\\/logotextual1.jpg\",\"width\":516,\"height\":76,\"caption\":\"Diario Textual\"},\"image\":{\"@id\":\"https:\\\/\\\/diariotextual.com\\\/inicio\\\/#\\\/schema\\\/logo\\\/image\\\/\"},\"sameAs\":[\"https:\\\/\\\/www.facebook.com\\\/eltextual\",\"https:\\\/\\\/x.com\\\/eltextual\",\"http:\\\/\\\/www.instagram.com\\\/eltextual\"]},{\"@type\":\"Person\",\"@id\":\"https:\\\/\\\/diariotextual.com\\\/inicio\\\/#\\\/schema\\\/person\\\/a1b6f563e0ee944c60f98119389a4d9f\",\"name\":\"diario3\",\"image\":{\"@type\":\"ImageObject\",\"inLanguage\":\"es\",\"@id\":\"https:\\\/\\\/secure.gravatar.com\\\/avatar\\\/5e7ee62c82fc04d9dd79d746a390d93c69c43223e5faeeb3ea9461ef752bfc5d?s=96&d=mm&r=g\",\"url\":\"https:\\\/\\\/secure.gravatar.com\\\/avatar\\\/5e7ee62c82fc04d9dd79d746a390d93c69c43223e5faeeb3ea9461ef752bfc5d?s=96&d=mm&r=g\",\"contentUrl\":\"https:\\\/\\\/secure.gravatar.com\\\/avatar\\\/5e7ee62c82fc04d9dd79d746a390d93c69c43223e5faeeb3ea9461ef752bfc5d?s=96&d=mm&r=g\",\"caption\":\"diario3\"},\"url\":\"https:\\\/\\\/diariotextual.com\\\/inicio\\\/index.php\\\/author\\\/diario3\\\/\"}]}<\/script>\n<!-- \/ Yoast SEO plugin. -->","yoast_head_json":{"title":"El presidente reiter\u00f3 que se investigue la fuga de capitales durante el gobierno de Macri - Diario Textual","robots":{"index":"index","follow":"follow","max-snippet":"max-snippet:-1","max-image-preview":"max-image-preview:large","max-video-preview":"max-video-preview:-1"},"canonical":"https:\/\/diariotextual.com\/inicio\/index.php\/2022\/03\/22\/el-presidente-reitero-que-se-investigue-la-fuga-de-capitales-durante-el-gobierno-de-macri\/","og_locale":"es_ES","og_type":"article","og_title":"El presidente reiter\u00f3 que se investigue la fuga de capitales durante el gobierno de Macri - Diario Textual","og_description":"El presidente Alberto Fern\u00e1ndez afirm\u00f3 hoy que el acuerdo con el Fondo Monetario Internacional \u201cno legitima\u201d la deuda de U$S 44.500 millones tomada por el gobierno de Mauricio Macri en&hellip;","og_url":"https:\/\/diariotextual.com\/inicio\/index.php\/2022\/03\/22\/el-presidente-reitero-que-se-investigue-la-fuga-de-capitales-durante-el-gobierno-de-macri\/","og_site_name":"Diario Textual","article_publisher":"https:\/\/www.facebook.com\/eltextual","article_published_time":"2022-03-22T18:15:18+00:00","article_modified_time":"2022-03-22T19:42:29+00:00","og_image":[{"width":914,"height":587,"url":"https:\/\/diariotextual.com\/inicio\/wp-content\/uploads\/2021\/11\/fernandezalbertotelam2021-2004.jpg","type":"image\/jpeg"}],"author":"diario3","twitter_card":"summary_large_image","twitter_creator":"@eltextual","twitter_site":"@eltextual","twitter_misc":{"Escrito por":"diario3","Tiempo de lectura":"2 minutos"},"schema":{"@context":"https:\/\/schema.org","@graph":[{"@type":"Article","@id":"https:\/\/diariotextual.com\/inicio\/index.php\/2022\/03\/22\/el-presidente-reitero-que-se-investigue-la-fuga-de-capitales-durante-el-gobierno-de-macri\/#article","isPartOf":{"@id":"https:\/\/diariotextual.com\/inicio\/index.php\/2022\/03\/22\/el-presidente-reitero-que-se-investigue-la-fuga-de-capitales-durante-el-gobierno-de-macri\/"},"author":{"name":"diario3","@id":"https:\/\/diariotextual.com\/inicio\/#\/schema\/person\/a1b6f563e0ee944c60f98119389a4d9f"},"headline":"El presidente reiter\u00f3 que se investigue la fuga de capitales durante el gobierno de Macri","datePublished":"2022-03-22T18:15:18+00:00","dateModified":"2022-03-22T19:42:29+00:00","mainEntityOfPage":{"@id":"https:\/\/diariotextual.com\/inicio\/index.php\/2022\/03\/22\/el-presidente-reitero-que-se-investigue-la-fuga-de-capitales-durante-el-gobierno-de-macri\/"},"wordCount":414,"publisher":{"@id":"https:\/\/diariotextual.com\/inicio\/#organization"},"image":{"@id":"https:\/\/diariotextual.com\/inicio\/index.php\/2022\/03\/22\/el-presidente-reitero-que-se-investigue-la-fuga-de-capitales-durante-el-gobierno-de-macri\/#primaryimage"},"thumbnailUrl":"https:\/\/diariotextual.com\/inicio\/wp-content\/uploads\/2021\/11\/fernandezalbertotelam2021-2004.jpg","keywords":["deuda","fernandez"],"articleSection":["A - DESTACADAS (mod 16)","POLITICA"],"inLanguage":"es"},{"@type":"WebPage","@id":"https:\/\/diariotextual.com\/inicio\/index.php\/2022\/03\/22\/el-presidente-reitero-que-se-investigue-la-fuga-de-capitales-durante-el-gobierno-de-macri\/","url":"https:\/\/diariotextual.com\/inicio\/index.php\/2022\/03\/22\/el-presidente-reitero-que-se-investigue-la-fuga-de-capitales-durante-el-gobierno-de-macri\/","name":"El presidente reiter\u00f3 que se investigue la fuga de capitales durante el gobierno de Macri - Diario Textual","isPartOf":{"@id":"https:\/\/diariotextual.com\/inicio\/#website"},"primaryImageOfPage":{"@id":"https:\/\/diariotextual.com\/inicio\/index.php\/2022\/03\/22\/el-presidente-reitero-que-se-investigue-la-fuga-de-capitales-durante-el-gobierno-de-macri\/#primaryimage"},"image":{"@id":"https:\/\/diariotextual.com\/inicio\/index.php\/2022\/03\/22\/el-presidente-reitero-que-se-investigue-la-fuga-de-capitales-durante-el-gobierno-de-macri\/#primaryimage"},"thumbnailUrl":"https:\/\/diariotextual.com\/inicio\/wp-content\/uploads\/2021\/11\/fernandezalbertotelam2021-2004.jpg","datePublished":"2022-03-22T18:15:18+00:00","dateModified":"2022-03-22T19:42:29+00:00","breadcrumb":{"@id":"https:\/\/diariotextual.com\/inicio\/index.php\/2022\/03\/22\/el-presidente-reitero-que-se-investigue-la-fuga-de-capitales-durante-el-gobierno-de-macri\/#breadcrumb"},"inLanguage":"es","potentialAction":[{"@type":"ReadAction","target":["https:\/\/diariotextual.com\/inicio\/index.php\/2022\/03\/22\/el-presidente-reitero-que-se-investigue-la-fuga-de-capitales-durante-el-gobierno-de-macri\/"]}]},{"@type":"ImageObject","inLanguage":"es","@id":"https:\/\/diariotextual.com\/inicio\/index.php\/2022\/03\/22\/el-presidente-reitero-que-se-investigue-la-fuga-de-capitales-durante-el-gobierno-de-macri\/#primaryimage","url":"https:\/\/diariotextual.com\/inicio\/wp-content\/uploads\/2021\/11\/fernandezalbertotelam2021-2004.jpg","contentUrl":"https:\/\/diariotextual.com\/inicio\/wp-content\/uploads\/2021\/11\/fernandezalbertotelam2021-2004.jpg","width":914,"height":587},{"@type":"BreadcrumbList","@id":"https:\/\/diariotextual.com\/inicio\/index.php\/2022\/03\/22\/el-presidente-reitero-que-se-investigue-la-fuga-de-capitales-durante-el-gobierno-de-macri\/#breadcrumb","itemListElement":[{"@type":"ListItem","position":1,"name":"Portada","item":"https:\/\/diariotextual.com\/inicio\/"},{"@type":"ListItem","position":2,"name":"El presidente reiter\u00f3 que se investigue la fuga de capitales durante el gobierno de Macri"}]},{"@type":"WebSite","@id":"https:\/\/diariotextual.com\/inicio\/#website","url":"https:\/\/diariotextual.com\/inicio\/","name":"Diario Textual","description":"","publisher":{"@id":"https:\/\/diariotextual.com\/inicio\/#organization"},"potentialAction":[{"@type":"SearchAction","target":{"@type":"EntryPoint","urlTemplate":"https:\/\/diariotextual.com\/inicio\/?s={search_term_string}"},"query-input":{"@type":"PropertyValueSpecification","valueRequired":true,"valueName":"search_term_string"}}],"inLanguage":"es"},{"@type":"Organization","@id":"https:\/\/diariotextual.com\/inicio\/#organization","name":"Diario Textual","url":"https:\/\/diariotextual.com\/inicio\/","logo":{"@type":"ImageObject","inLanguage":"es","@id":"https:\/\/diariotextual.com\/inicio\/#\/schema\/logo\/image\/","url":"https:\/\/diariotextual.com\/inicio\/wp-content\/uploads\/2023\/05\/logotextual1.jpg","contentUrl":"https:\/\/diariotextual.com\/inicio\/wp-content\/uploads\/2023\/05\/logotextual1.jpg","width":516,"height":76,"caption":"Diario Textual"},"image":{"@id":"https:\/\/diariotextual.com\/inicio\/#\/schema\/logo\/image\/"},"sameAs":["https:\/\/www.facebook.com\/eltextual","https:\/\/x.com\/eltextual","http:\/\/www.instagram.com\/eltextual"]},{"@type":"Person","@id":"https:\/\/diariotextual.com\/inicio\/#\/schema\/person\/a1b6f563e0ee944c60f98119389a4d9f","name":"diario3","image":{"@type":"ImageObject","inLanguage":"es","@id":"https:\/\/secure.gravatar.com\/avatar\/5e7ee62c82fc04d9dd79d746a390d93c69c43223e5faeeb3ea9461ef752bfc5d?s=96&d=mm&r=g","url":"https:\/\/secure.gravatar.com\/avatar\/5e7ee62c82fc04d9dd79d746a390d93c69c43223e5faeeb3ea9461ef752bfc5d?s=96&d=mm&r=g","contentUrl":"https:\/\/secure.gravatar.com\/avatar\/5e7ee62c82fc04d9dd79d746a390d93c69c43223e5faeeb3ea9461ef752bfc5d?s=96&d=mm&r=g","caption":"diario3"},"url":"https:\/\/diariotextual.com\/inicio\/index.php\/author\/diario3\/"}]}},"_links":{"self":[{"href":"https:\/\/diariotextual.com\/inicio\/index.php\/wp-json\/wp\/v2\/posts\/183007","targetHints":{"allow":["GET"]}}],"collection":[{"href":"https:\/\/diariotextual.com\/inicio\/index.php\/wp-json\/wp\/v2\/posts"}],"about":[{"href":"https:\/\/diariotextual.com\/inicio\/index.php\/wp-json\/wp\/v2\/types\/post"}],"author":[{"embeddable":true,"href":"https:\/\/diariotextual.com\/inicio\/index.php\/wp-json\/wp\/v2\/users\/5"}],"replies":[{"embeddable":true,"href":"https:\/\/diariotextual.com\/inicio\/index.php\/wp-json\/wp\/v2\/comments?post=183007"}],"version-history":[{"count":2,"href":"https:\/\/diariotextual.com\/inicio\/index.php\/wp-json\/wp\/v2\/posts\/183007\/revisions"}],"predecessor-version":[{"id":183009,"href":"https:\/\/diariotextual.com\/inicio\/index.php\/wp-json\/wp\/v2\/posts\/183007\/revisions\/183009"}],"wp:featuredmedia":[{"embeddable":true,"href":"https:\/\/diariotextual.com\/inicio\/index.php\/wp-json\/wp\/v2\/media\/168075"}],"wp:attachment":[{"href":"https:\/\/diariotextual.com\/inicio\/index.php\/wp-json\/wp\/v2\/media?parent=183007"}],"wp:term":[{"taxonomy":"category","embeddable":true,"href":"https:\/\/diariotextual.com\/inicio\/index.php\/wp-json\/wp\/v2\/categories?post=183007"},{"taxonomy":"post_tag","embeddable":true,"href":"https:\/\/diariotextual.com\/inicio\/index.php\/wp-json\/wp\/v2\/tags?post=183007"}],"curies":[{"name":"wp","href":"https:\/\/api.w.org\/{rel}","templated":true}]}}