{"id":18367,"date":"2018-08-29T09:05:53","date_gmt":"2018-08-29T12:05:53","guid":{"rendered":"http:\/\/diariotextual.com\/inicio\/?p=18367"},"modified":"2018-08-30T08:54:03","modified_gmt":"2018-08-30T11:54:03","slug":"cuales-los-barrios-santa-rosa-mas-necesidades","status":"publish","type":"post","link":"https:\/\/diariotextual.com\/inicio\/index.php\/2018\/08\/29\/cuales-los-barrios-santa-rosa-mas-necesidades\/","title":{"rendered":"Cu\u00e1les son los barrios de Santa Rosa con m\u00e1s necesidades"},"content":{"rendered":"<p>Los barrios N\u00e9stor Kirchner, Esperanza y Pueblos Originarios son los que mayor asistencia reciben de la municipalidad de Santa Rosa. All\u00ed se reparte el grueso de los alimentos, tanto a ni\u00f1os y ni\u00f1as como a personas adultas, y se asiste con subsidios de entre 1.500 y 3.000 pesos para pagar luz y gas. \u201cNo s\u00e9 qu\u00e9 vamos a hacer cuando entreguen las 900 viviendas nuevas\u201d, dijo a Diario Textual el director de Gesti\u00f3n Social, Sandro Mart\u00edn.<\/p>\n<p>Las necesidades se multiplican todos los meses en la capital pampeana, al ritmo de la inflaci\u00f3n y la falta de trabajo que afectan a la poblaci\u00f3n.<\/p>\n<p>Cada vez m\u00e1s fondos destina la municipalidad para atender la emergencia y, por ahora, la situaci\u00f3n est\u00e1 contenida, pero podr\u00eda complicarse si el panorama econ\u00f3mico empeora.<\/p>\n<p>\u201cLa mayor demanda la tenemos en los barrios nuevos y en el barrio Escondido, donde entregamos diariamente 60 raciones de comida, gas, le\u00f1a y refuerzo alimentario\u201d, dijo el director de Gesti\u00f3n Social, Sandro Mart\u00edn.<\/p>\n<p><strong>Sin espacio f\u00edsico<\/strong><\/p>\n<p>\u201cEl problema que tenemos es que no hay espacios f\u00edsicos para dar de comer y las escuelas quedaron chicas. Tenemos que hacer de comer en el Plan 5000 y llevar la comida a los barrios nuevos. Eso se hace todos los d\u00edas\u201d, cont\u00f3 Mart\u00edn.<\/p>\n<p>\u201cImag\u00ednense cuando entreguen las 900 viviendas que faltan, no s\u00e9 qu\u00e9 vamos a hacer\u201d, admiti\u00f3.<\/p>\n<p><strong>La ayuda<\/strong><\/p>\n<p>\u00bfDe qu\u00e9 manera se asiste a la poblaci\u00f3n en los barrios Pueblos Originarios, N\u00e9stor Kirchner y Esperanza? \u201cEntregamos la raci\u00f3n de comida diaria y refuerzo alimentario a chicos hasta los 16 a\u00f1os y adultos mayores. En total ser\u00e1n entre 350 y 400 beneficiarios. Adem\u00e1s, damos subsidios para luz y gas a quienes no pueden pagar, que van de los 1500 a los 3000 pesos\u201d, precis\u00f3 el funcionario.<\/p>\n<p><strong>Fondos<\/strong><\/p>\n<p>Mart\u00edn se quej\u00f3 porque el Ministerio de Educaci\u00f3n no asigna fondos a la municipalidad para atender a los chicos en las escuelas. \u201cActualmente trabajamos con siete colegios, a los que les pasamos comida que piden las directoras para los chicos. Creo que Educaci\u00f3n se deber\u00eda hacer cargo de estas situaciones puntuales\u201d, dijo.<\/p>\n<p>De todos modos, reconoci\u00f3 el aporte que s\u00ed hace el Ministerio de Desarrollo Social de La Pampa a trav\u00e9s del Pro Vida y el programa Nutrir, destinado exclusivamente a comedores.<\/p>\n<p>\u201cAyer estuvimos reunidos con Provincia y nos dijeron que en los pr\u00f3ximos d\u00edas nos mandar\u00e1n 5 millones de pesos\u201d, destac\u00f3.<\/p>\n","protected":false},"excerpt":{"rendered":"<p>Los barrios N\u00e9stor Kirchner, Esperanza y Pueblos Originarios son los que mayor asistencia reciben de la municipalidad de Santa Rosa. All\u00ed se reparte el grueso de los alimentos, tanto a&hellip;<\/p>\n","protected":false},"author":7,"featured_media":3070,"comment_status":"closed","ping_status":"open","sticky":false,"template":"","format":"standard","meta":{"_acf_changed":false,"footnotes":""},"categories":[319,12],"tags":[],"class_list":["post-18367","post","type-post","status-publish","format-standard","has-post-thumbnail","hentry","category-a-temporales","category-sociedad"],"acf":[],"yoast_head":"<!-- This site is optimized with the Yoast SEO plugin v27.5 - https:\/\/yoast.com\/product\/yoast-seo-wordpress\/ -->\n<title>Cu\u00e1les son los barrios de Santa Rosa con m\u00e1s necesidades - Diario Textual<\/title>\n<meta name=\"robots\" content=\"index, follow, max-snippet:-1, max-image-preview:large, max-video-preview:-1\" \/>\n<link rel=\"canonical\" href=\"https:\/\/diariotextual.com\/inicio\/index.php\/2018\/08\/29\/cuales-los-barrios-santa-rosa-mas-necesidades\/\" \/>\n<meta property=\"og:locale\" content=\"es_ES\" \/>\n<meta property=\"og:type\" content=\"article\" \/>\n<meta property=\"og:title\" content=\"Cu\u00e1les son los barrios de Santa Rosa con m\u00e1s necesidades - Diario Textual\" \/>\n<meta property=\"og:description\" content=\"Los barrios N\u00e9stor Kirchner, Esperanza y Pueblos Originarios son los que mayor asistencia reciben de la municipalidad de Santa Rosa. All\u00ed se reparte el grueso de los alimentos, tanto a&hellip;\" \/>\n<meta property=\"og:url\" content=\"https:\/\/diariotextual.com\/inicio\/index.php\/2018\/08\/29\/cuales-los-barrios-santa-rosa-mas-necesidades\/\" \/>\n<meta property=\"og:site_name\" content=\"Diario Textual\" \/>\n<meta property=\"article:publisher\" content=\"https:\/\/www.facebook.com\/eltextual\" \/>\n<meta property=\"article:published_time\" content=\"2018-08-29T12:05:53+00:00\" \/>\n<meta property=\"article:modified_time\" content=\"2018-08-30T11:54:03+00:00\" \/>\n<meta property=\"og:image\" content=\"https:\/\/diariotextual.com\/inicio\/wp-content\/uploads\/2018\/03\/viviendassocialeslapampa.jpg\" \/>\n\t<meta property=\"og:image:width\" content=\"695\" \/>\n\t<meta property=\"og:image:height\" content=\"480\" \/>\n\t<meta property=\"og:image:type\" content=\"image\/jpeg\" \/>\n<meta name=\"author\" content=\"diario5\" \/>\n<meta name=\"twitter:card\" content=\"summary_large_image\" \/>\n<meta name=\"twitter:creator\" content=\"@eltextual\" \/>\n<meta name=\"twitter:site\" content=\"@eltextual\" \/>\n<meta name=\"twitter:label1\" content=\"Escrito por\" \/>\n\t<meta name=\"twitter:data1\" content=\"diario5\" \/>\n\t<meta name=\"twitter:label2\" content=\"Tiempo de lectura\" \/>\n\t<meta name=\"twitter:data2\" content=\"2 minutos\" \/>\n<script type=\"application\/ld+json\" class=\"yoast-schema-graph\">{\"@context\":\"https:\\\/\\\/schema.org\",\"@graph\":[{\"@type\":\"Article\",\"@id\":\"https:\\\/\\\/diariotextual.com\\\/inicio\\\/index.php\\\/2018\\\/08\\\/29\\\/cuales-los-barrios-santa-rosa-mas-necesidades\\\/#article\",\"isPartOf\":{\"@id\":\"https:\\\/\\\/diariotextual.com\\\/inicio\\\/index.php\\\/2018\\\/08\\\/29\\\/cuales-los-barrios-santa-rosa-mas-necesidades\\\/\"},\"author\":{\"name\":\"diario5\",\"@id\":\"https:\\\/\\\/diariotextual.com\\\/inicio\\\/#\\\/schema\\\/person\\\/c7834961ad8b29b1d9cdbf4571299067\"},\"headline\":\"Cu\u00e1les son los barrios de Santa Rosa con m\u00e1s necesidades\",\"datePublished\":\"2018-08-29T12:05:53+00:00\",\"dateModified\":\"2018-08-30T11:54:03+00:00\",\"mainEntityOfPage\":{\"@id\":\"https:\\\/\\\/diariotextual.com\\\/inicio\\\/index.php\\\/2018\\\/08\\\/29\\\/cuales-los-barrios-santa-rosa-mas-necesidades\\\/\"},\"wordCount\":429,\"publisher\":{\"@id\":\"https:\\\/\\\/diariotextual.com\\\/inicio\\\/#organization\"},\"image\":{\"@id\":\"https:\\\/\\\/diariotextual.com\\\/inicio\\\/index.php\\\/2018\\\/08\\\/29\\\/cuales-los-barrios-santa-rosa-mas-necesidades\\\/#primaryimage\"},\"thumbnailUrl\":\"https:\\\/\\\/diariotextual.com\\\/inicio\\\/wp-content\\\/uploads\\\/2018\\\/03\\\/viviendassocialeslapampa.jpg\",\"articleSection\":[\"A - TEMPORALES\",\"SOCIEDAD\"],\"inLanguage\":\"es\"},{\"@type\":\"WebPage\",\"@id\":\"https:\\\/\\\/diariotextual.com\\\/inicio\\\/index.php\\\/2018\\\/08\\\/29\\\/cuales-los-barrios-santa-rosa-mas-necesidades\\\/\",\"url\":\"https:\\\/\\\/diariotextual.com\\\/inicio\\\/index.php\\\/2018\\\/08\\\/29\\\/cuales-los-barrios-santa-rosa-mas-necesidades\\\/\",\"name\":\"Cu\u00e1les son los barrios de Santa Rosa con m\u00e1s necesidades - Diario Textual\",\"isPartOf\":{\"@id\":\"https:\\\/\\\/diariotextual.com\\\/inicio\\\/#website\"},\"primaryImageOfPage\":{\"@id\":\"https:\\\/\\\/diariotextual.com\\\/inicio\\\/index.php\\\/2018\\\/08\\\/29\\\/cuales-los-barrios-santa-rosa-mas-necesidades\\\/#primaryimage\"},\"image\":{\"@id\":\"https:\\\/\\\/diariotextual.com\\\/inicio\\\/index.php\\\/2018\\\/08\\\/29\\\/cuales-los-barrios-santa-rosa-mas-necesidades\\\/#primaryimage\"},\"thumbnailUrl\":\"https:\\\/\\\/diariotextual.com\\\/inicio\\\/wp-content\\\/uploads\\\/2018\\\/03\\\/viviendassocialeslapampa.jpg\",\"datePublished\":\"2018-08-29T12:05:53+00:00\",\"dateModified\":\"2018-08-30T11:54:03+00:00\",\"breadcrumb\":{\"@id\":\"https:\\\/\\\/diariotextual.com\\\/inicio\\\/index.php\\\/2018\\\/08\\\/29\\\/cuales-los-barrios-santa-rosa-mas-necesidades\\\/#breadcrumb\"},\"inLanguage\":\"es\",\"potentialAction\":[{\"@type\":\"ReadAction\",\"target\":[\"https:\\\/\\\/diariotextual.com\\\/inicio\\\/index.php\\\/2018\\\/08\\\/29\\\/cuales-los-barrios-santa-rosa-mas-necesidades\\\/\"]}]},{\"@type\":\"ImageObject\",\"inLanguage\":\"es\",\"@id\":\"https:\\\/\\\/diariotextual.com\\\/inicio\\\/index.php\\\/2018\\\/08\\\/29\\\/cuales-los-barrios-santa-rosa-mas-necesidades\\\/#primaryimage\",\"url\":\"https:\\\/\\\/diariotextual.com\\\/inicio\\\/wp-content\\\/uploads\\\/2018\\\/03\\\/viviendassocialeslapampa.jpg\",\"contentUrl\":\"https:\\\/\\\/diariotextual.com\\\/inicio\\\/wp-content\\\/uploads\\\/2018\\\/03\\\/viviendassocialeslapampa.jpg\",\"width\":695,\"height\":480},{\"@type\":\"BreadcrumbList\",\"@id\":\"https:\\\/\\\/diariotextual.com\\\/inicio\\\/index.php\\\/2018\\\/08\\\/29\\\/cuales-los-barrios-santa-rosa-mas-necesidades\\\/#breadcrumb\",\"itemListElement\":[{\"@type\":\"ListItem\",\"position\":1,\"name\":\"Portada\",\"item\":\"https:\\\/\\\/diariotextual.com\\\/inicio\\\/\"},{\"@type\":\"ListItem\",\"position\":2,\"name\":\"Cu\u00e1les son los barrios de Santa Rosa con m\u00e1s necesidades\"}]},{\"@type\":\"WebSite\",\"@id\":\"https:\\\/\\\/diariotextual.com\\\/inicio\\\/#website\",\"url\":\"https:\\\/\\\/diariotextual.com\\\/inicio\\\/\",\"name\":\"Diario Textual\",\"description\":\"\",\"publisher\":{\"@id\":\"https:\\\/\\\/diariotextual.com\\\/inicio\\\/#organization\"},\"potentialAction\":[{\"@type\":\"SearchAction\",\"target\":{\"@type\":\"EntryPoint\",\"urlTemplate\":\"https:\\\/\\\/diariotextual.com\\\/inicio\\\/?s={search_term_string}\"},\"query-input\":{\"@type\":\"PropertyValueSpecification\",\"valueRequired\":true,\"valueName\":\"search_term_string\"}}],\"inLanguage\":\"es\"},{\"@type\":\"Organization\",\"@id\":\"https:\\\/\\\/diariotextual.com\\\/inicio\\\/#organization\",\"name\":\"Diario Textual\",\"url\":\"https:\\\/\\\/diariotextual.com\\\/inicio\\\/\",\"logo\":{\"@type\":\"ImageObject\",\"inLanguage\":\"es\",\"@id\":\"https:\\\/\\\/diariotextual.com\\\/inicio\\\/#\\\/schema\\\/logo\\\/image\\\/\",\"url\":\"https:\\\/\\\/diariotextual.com\\\/inicio\\\/wp-content\\\/uploads\\\/2023\\\/05\\\/logotextual1.jpg\",\"contentUrl\":\"https:\\\/\\\/diariotextual.com\\\/inicio\\\/wp-content\\\/uploads\\\/2023\\\/05\\\/logotextual1.jpg\",\"width\":516,\"height\":76,\"caption\":\"Diario Textual\"},\"image\":{\"@id\":\"https:\\\/\\\/diariotextual.com\\\/inicio\\\/#\\\/schema\\\/logo\\\/image\\\/\"},\"sameAs\":[\"https:\\\/\\\/www.facebook.com\\\/eltextual\",\"https:\\\/\\\/x.com\\\/eltextual\",\"http:\\\/\\\/www.instagram.com\\\/eltextual\"]},{\"@type\":\"Person\",\"@id\":\"https:\\\/\\\/diariotextual.com\\\/inicio\\\/#\\\/schema\\\/person\\\/c7834961ad8b29b1d9cdbf4571299067\",\"name\":\"diario5\",\"image\":{\"@type\":\"ImageObject\",\"inLanguage\":\"es\",\"@id\":\"https:\\\/\\\/secure.gravatar.com\\\/avatar\\\/948c893b847ca6df68216ead81b63f363408ec9b0f600fefc0641ce78613b111?s=96&d=mm&r=g\",\"url\":\"https:\\\/\\\/secure.gravatar.com\\\/avatar\\\/948c893b847ca6df68216ead81b63f363408ec9b0f600fefc0641ce78613b111?s=96&d=mm&r=g\",\"contentUrl\":\"https:\\\/\\\/secure.gravatar.com\\\/avatar\\\/948c893b847ca6df68216ead81b63f363408ec9b0f600fefc0641ce78613b111?s=96&d=mm&r=g\",\"caption\":\"diario5\"},\"url\":\"https:\\\/\\\/diariotextual.com\\\/inicio\\\/index.php\\\/author\\\/diario5\\\/\"}]}<\/script>\n<!-- \/ Yoast SEO plugin. -->","yoast_head_json":{"title":"Cu\u00e1les son los barrios de Santa Rosa con m\u00e1s necesidades - Diario Textual","robots":{"index":"index","follow":"follow","max-snippet":"max-snippet:-1","max-image-preview":"max-image-preview:large","max-video-preview":"max-video-preview:-1"},"canonical":"https:\/\/diariotextual.com\/inicio\/index.php\/2018\/08\/29\/cuales-los-barrios-santa-rosa-mas-necesidades\/","og_locale":"es_ES","og_type":"article","og_title":"Cu\u00e1les son los barrios de Santa Rosa con m\u00e1s necesidades - Diario Textual","og_description":"Los barrios N\u00e9stor Kirchner, Esperanza y Pueblos Originarios son los que mayor asistencia reciben de la municipalidad de Santa Rosa. All\u00ed se reparte el grueso de los alimentos, tanto a&hellip;","og_url":"https:\/\/diariotextual.com\/inicio\/index.php\/2018\/08\/29\/cuales-los-barrios-santa-rosa-mas-necesidades\/","og_site_name":"Diario Textual","article_publisher":"https:\/\/www.facebook.com\/eltextual","article_published_time":"2018-08-29T12:05:53+00:00","article_modified_time":"2018-08-30T11:54:03+00:00","og_image":[{"width":695,"height":480,"url":"https:\/\/diariotextual.com\/inicio\/wp-content\/uploads\/2018\/03\/viviendassocialeslapampa.jpg","type":"image\/jpeg"}],"author":"diario5","twitter_card":"summary_large_image","twitter_creator":"@eltextual","twitter_site":"@eltextual","twitter_misc":{"Escrito por":"diario5","Tiempo de lectura":"2 minutos"},"schema":{"@context":"https:\/\/schema.org","@graph":[{"@type":"Article","@id":"https:\/\/diariotextual.com\/inicio\/index.php\/2018\/08\/29\/cuales-los-barrios-santa-rosa-mas-necesidades\/#article","isPartOf":{"@id":"https:\/\/diariotextual.com\/inicio\/index.php\/2018\/08\/29\/cuales-los-barrios-santa-rosa-mas-necesidades\/"},"author":{"name":"diario5","@id":"https:\/\/diariotextual.com\/inicio\/#\/schema\/person\/c7834961ad8b29b1d9cdbf4571299067"},"headline":"Cu\u00e1les son los barrios de Santa Rosa con m\u00e1s necesidades","datePublished":"2018-08-29T12:05:53+00:00","dateModified":"2018-08-30T11:54:03+00:00","mainEntityOfPage":{"@id":"https:\/\/diariotextual.com\/inicio\/index.php\/2018\/08\/29\/cuales-los-barrios-santa-rosa-mas-necesidades\/"},"wordCount":429,"publisher":{"@id":"https:\/\/diariotextual.com\/inicio\/#organization"},"image":{"@id":"https:\/\/diariotextual.com\/inicio\/index.php\/2018\/08\/29\/cuales-los-barrios-santa-rosa-mas-necesidades\/#primaryimage"},"thumbnailUrl":"https:\/\/diariotextual.com\/inicio\/wp-content\/uploads\/2018\/03\/viviendassocialeslapampa.jpg","articleSection":["A - TEMPORALES","SOCIEDAD"],"inLanguage":"es"},{"@type":"WebPage","@id":"https:\/\/diariotextual.com\/inicio\/index.php\/2018\/08\/29\/cuales-los-barrios-santa-rosa-mas-necesidades\/","url":"https:\/\/diariotextual.com\/inicio\/index.php\/2018\/08\/29\/cuales-los-barrios-santa-rosa-mas-necesidades\/","name":"Cu\u00e1les son los barrios de Santa Rosa con m\u00e1s necesidades - Diario Textual","isPartOf":{"@id":"https:\/\/diariotextual.com\/inicio\/#website"},"primaryImageOfPage":{"@id":"https:\/\/diariotextual.com\/inicio\/index.php\/2018\/08\/29\/cuales-los-barrios-santa-rosa-mas-necesidades\/#primaryimage"},"image":{"@id":"https:\/\/diariotextual.com\/inicio\/index.php\/2018\/08\/29\/cuales-los-barrios-santa-rosa-mas-necesidades\/#primaryimage"},"thumbnailUrl":"https:\/\/diariotextual.com\/inicio\/wp-content\/uploads\/2018\/03\/viviendassocialeslapampa.jpg","datePublished":"2018-08-29T12:05:53+00:00","dateModified":"2018-08-30T11:54:03+00:00","breadcrumb":{"@id":"https:\/\/diariotextual.com\/inicio\/index.php\/2018\/08\/29\/cuales-los-barrios-santa-rosa-mas-necesidades\/#breadcrumb"},"inLanguage":"es","potentialAction":[{"@type":"ReadAction","target":["https:\/\/diariotextual.com\/inicio\/index.php\/2018\/08\/29\/cuales-los-barrios-santa-rosa-mas-necesidades\/"]}]},{"@type":"ImageObject","inLanguage":"es","@id":"https:\/\/diariotextual.com\/inicio\/index.php\/2018\/08\/29\/cuales-los-barrios-santa-rosa-mas-necesidades\/#primaryimage","url":"https:\/\/diariotextual.com\/inicio\/wp-content\/uploads\/2018\/03\/viviendassocialeslapampa.jpg","contentUrl":"https:\/\/diariotextual.com\/inicio\/wp-content\/uploads\/2018\/03\/viviendassocialeslapampa.jpg","width":695,"height":480},{"@type":"BreadcrumbList","@id":"https:\/\/diariotextual.com\/inicio\/index.php\/2018\/08\/29\/cuales-los-barrios-santa-rosa-mas-necesidades\/#breadcrumb","itemListElement":[{"@type":"ListItem","position":1,"name":"Portada","item":"https:\/\/diariotextual.com\/inicio\/"},{"@type":"ListItem","position":2,"name":"Cu\u00e1les son los barrios de Santa Rosa con m\u00e1s necesidades"}]},{"@type":"WebSite","@id":"https:\/\/diariotextual.com\/inicio\/#website","url":"https:\/\/diariotextual.com\/inicio\/","name":"Diario Textual","description":"","publisher":{"@id":"https:\/\/diariotextual.com\/inicio\/#organization"},"potentialAction":[{"@type":"SearchAction","target":{"@type":"EntryPoint","urlTemplate":"https:\/\/diariotextual.com\/inicio\/?s={search_term_string}"},"query-input":{"@type":"PropertyValueSpecification","valueRequired":true,"valueName":"search_term_string"}}],"inLanguage":"es"},{"@type":"Organization","@id":"https:\/\/diariotextual.com\/inicio\/#organization","name":"Diario Textual","url":"https:\/\/diariotextual.com\/inicio\/","logo":{"@type":"ImageObject","inLanguage":"es","@id":"https:\/\/diariotextual.com\/inicio\/#\/schema\/logo\/image\/","url":"https:\/\/diariotextual.com\/inicio\/wp-content\/uploads\/2023\/05\/logotextual1.jpg","contentUrl":"https:\/\/diariotextual.com\/inicio\/wp-content\/uploads\/2023\/05\/logotextual1.jpg","width":516,"height":76,"caption":"Diario Textual"},"image":{"@id":"https:\/\/diariotextual.com\/inicio\/#\/schema\/logo\/image\/"},"sameAs":["https:\/\/www.facebook.com\/eltextual","https:\/\/x.com\/eltextual","http:\/\/www.instagram.com\/eltextual"]},{"@type":"Person","@id":"https:\/\/diariotextual.com\/inicio\/#\/schema\/person\/c7834961ad8b29b1d9cdbf4571299067","name":"diario5","image":{"@type":"ImageObject","inLanguage":"es","@id":"https:\/\/secure.gravatar.com\/avatar\/948c893b847ca6df68216ead81b63f363408ec9b0f600fefc0641ce78613b111?s=96&d=mm&r=g","url":"https:\/\/secure.gravatar.com\/avatar\/948c893b847ca6df68216ead81b63f363408ec9b0f600fefc0641ce78613b111?s=96&d=mm&r=g","contentUrl":"https:\/\/secure.gravatar.com\/avatar\/948c893b847ca6df68216ead81b63f363408ec9b0f600fefc0641ce78613b111?s=96&d=mm&r=g","caption":"diario5"},"url":"https:\/\/diariotextual.com\/inicio\/index.php\/author\/diario5\/"}]}},"_links":{"self":[{"href":"https:\/\/diariotextual.com\/inicio\/index.php\/wp-json\/wp\/v2\/posts\/18367","targetHints":{"allow":["GET"]}}],"collection":[{"href":"https:\/\/diariotextual.com\/inicio\/index.php\/wp-json\/wp\/v2\/posts"}],"about":[{"href":"https:\/\/diariotextual.com\/inicio\/index.php\/wp-json\/wp\/v2\/types\/post"}],"author":[{"embeddable":true,"href":"https:\/\/diariotextual.com\/inicio\/index.php\/wp-json\/wp\/v2\/users\/7"}],"replies":[{"embeddable":true,"href":"https:\/\/diariotextual.com\/inicio\/index.php\/wp-json\/wp\/v2\/comments?post=18367"}],"version-history":[{"count":2,"href":"https:\/\/diariotextual.com\/inicio\/index.php\/wp-json\/wp\/v2\/posts\/18367\/revisions"}],"predecessor-version":[{"id":18369,"href":"https:\/\/diariotextual.com\/inicio\/index.php\/wp-json\/wp\/v2\/posts\/18367\/revisions\/18369"}],"wp:featuredmedia":[{"embeddable":true,"href":"https:\/\/diariotextual.com\/inicio\/index.php\/wp-json\/wp\/v2\/media\/3070"}],"wp:attachment":[{"href":"https:\/\/diariotextual.com\/inicio\/index.php\/wp-json\/wp\/v2\/media?parent=18367"}],"wp:term":[{"taxonomy":"category","embeddable":true,"href":"https:\/\/diariotextual.com\/inicio\/index.php\/wp-json\/wp\/v2\/categories?post=18367"},{"taxonomy":"post_tag","embeddable":true,"href":"https:\/\/diariotextual.com\/inicio\/index.php\/wp-json\/wp\/v2\/tags?post=18367"}],"curies":[{"name":"wp","href":"https:\/\/api.w.org\/{rel}","templated":true}]}}