{"id":183871,"date":"2022-03-29T08:45:31","date_gmt":"2022-03-29T11:45:31","guid":{"rendered":"https:\/\/diariotextual.com\/inicio\/?p=183871"},"modified":"2022-03-29T12:01:19","modified_gmt":"2022-03-29T15:01:19","slug":"rompieron-intervencion-artistica-sobre-desaparecidos-en-realico-saque-la-mugre-de-los-montoneros","status":"publish","type":"post","link":"https:\/\/diariotextual.com\/inicio\/index.php\/2022\/03\/29\/rompieron-intervencion-artistica-sobre-desaparecidos-en-realico-saque-la-mugre-de-los-montoneros\/","title":{"rendered":"Rompieron intervenci\u00f3n art\u00edstica sobre desaparecidos en Realic\u00f3: \u201cSaqu\u00e9 la mugre de los Montoneros\u201d"},"content":{"rendered":"\n<p>Un hombre <strong>destroz\u00f3 la intervenci\u00f3n art\u00edstica<\/strong> que recordaba a las v\u00edctimas de la dictadura en la plaza central de Realic\u00f3. <strong>\u201cSaqu\u00e9 la mugre que realiz\u00f3 el grupo Montonero de Realic\u00f3<\/strong>\u201d, escribi\u00f3 en su muro de Facebook una persona que se atribuy\u00f3 el ataque. La UCR local hab\u00eda repudiado el recordatorio por considerar que la artista que lo hizo \u201cvandaliz\u00f3\u201d el monumento a Hip\u00f3lito Yrigoyen.<\/p>\n\n\n\n<p>La obra hab\u00eda sido inaugurada d\u00edas atr\u00e1s en conmemoraci\u00f3n de la Semana de la Memoria, Verdad y Justicia.<\/p>\n\n\n\n<p>La destrucci\u00f3n fue revelada por\u00a0la artista pl\u00e1stica autora de la obra Ang\u00e9lica Gonde\u00e1n. \u201cLa instalaci\u00f3n -dijo en las redes sociales- resisti\u00f3 las inclemencias del tiempo pero no as\u00ed a los odiadores. Entre las 21 y las 23 del lunes 28 destrozaron y desaparecieron todas las pancartas y pa\u00f1uelos. Profunda tristeza, tanto trabajo!! Ahora la que pide explicaciones soy yo\u201d.<\/p>\n\n\n\n<figure class=\"wp-block-embed is-type-wp-embed is-provider-diario-textual wp-block-embed-diario-textual\"><div class=\"wp-block-embed__wrapper\">\n<blockquote class=\"wp-embedded-content\" data-secret=\"ugT7YDobJ4\"><a href=\"https:\/\/diariotextual.com\/inicio\/index.php\/2022\/03\/29\/realico-casa-de-gobierno-repudio-el-acto-vandalico-y-el-negacionismo-de-un-sector-de-la-sociedad\/\">Realic\u00f3: Casa de Gobierno repudi\u00f3 el \u201cacto vand\u00e1lico\u201d y el \u201cnegacionismo\u201d de un sector de la sociedad<\/a><\/blockquote><iframe class=\"wp-embedded-content\" sandbox=\"allow-scripts\" security=\"restricted\" style=\"position: absolute; clip: rect(1px, 1px, 1px, 1px);\" title=\"\u00abRealic\u00f3: Casa de Gobierno repudi\u00f3 el \u201cacto vand\u00e1lico\u201d y el \u201cnegacionismo\u201d de un sector de la sociedad\u00bb \u2014 Diario Textual\" src=\"https:\/\/diariotextual.com\/inicio\/index.php\/2022\/03\/29\/realico-casa-de-gobierno-repudio-el-acto-vandalico-y-el-negacionismo-de-un-sector-de-la-sociedad\/embed\/#?secret=l8mcFlFWdm#?secret=ugT7YDobJ4\" data-secret=\"ugT7YDobJ4\" width=\"600\" height=\"338\" frameborder=\"0\" marginwidth=\"0\" marginheight=\"0\" scrolling=\"no\"><\/iframe>\n<\/div><\/figure>\n\n\n\n<p>En tanto, un hombre identificado como Lucio C\u00e1ceres en su muro de Facebook se atribuy\u00f3 el ataque. \u201cBuenas noches. Yo, s\u00faper feliz, por fin qued\u00f3 limpio el monolito de la plaza. Mientras los funcionarios realiquenses discuten por ver qui\u00e9n es mejor yo saqu\u00e9 la mugre que realiz\u00f3 el grupo de Montonero de Realic\u00f3. Obvio, la gente de recolecci\u00f3n de escombros y de ramas de la municipalidad tendr\u00e1 el trabajo de juntar la mugre la deposit\u00e9 sobre calle Gobernador Gonz\u00e1les, a 20 metros de la calle Espa\u00f1a. Desde ya muchas gracias y por favor se\u00f1ora intendenta no deje que suceda m\u00e1s esto porque despu\u00e9s no limpian nada los Montoneros\u201d, poste\u00f3.<\/p>\n\n\n\n<p>Esta intervenci\u00f3n hab\u00eda sido repudiada por la UCR de Realic\u00f3, por considerar un hecho de \u201cvandalismo causado sobre el monumento a Hip\u00f3lito Yrigoyen que, bajo la excusa de una intervenci\u00f3n art\u00edstica, constituye una grave provocaci\u00f3n que auspici\u00f3 y justific\u00f3 la Intendente Bibiana Bongiovanni\u201d.<\/p>\n\n\n\n<p>\u201cLos radicales en particular y los dem\u00f3cratas de Realic\u00f3 y de La Pampa en su conjunto, esperamos las disculpas de la municipalidad y la inmediata restauraci\u00f3n del monumento del expresidente, con cuyo derrocamiento en 1930 se abri\u00f3 la sucesi\u00f3n de golpes militares en la Argentina del Siglo XX, hasta la restauraci\u00f3n de la democracia en 1983\u201d, reclam\u00f3 el partido.<\/p>\n\n\n\n<p><\/p>\n\n\n\n<p><\/p>\n\n\n\n<p><strong><em>(Foto: Impacto informativo Realic\u00f3)<\/em><\/strong><\/p>\n\n\n\n<p><\/p>\n","protected":false},"excerpt":{"rendered":"<p>Un hombre destroz\u00f3 la intervenci\u00f3n art\u00edstica que recordaba a las v\u00edctimas de la dictadura en la plaza central de Realic\u00f3. \u201cSaqu\u00e9 la mugre que realiz\u00f3 el grupo Montonero de Realic\u00f3\u201d,&hellip;<\/p>\n","protected":false},"author":7,"featured_media":183873,"comment_status":"closed","ping_status":"open","sticky":false,"template":"","format":"standard","meta":{"_acf_changed":false,"footnotes":""},"categories":[11,12],"tags":[1868],"class_list":["post-183871","post","type-post","status-publish","format-standard","has-post-thumbnail","hentry","category-que-pasa","category-sociedad","tag-desaparecidos"],"acf":[],"yoast_head":"<!-- This site is optimized with the Yoast SEO plugin v27.5 - https:\/\/yoast.com\/product\/yoast-seo-wordpress\/ -->\n<title>Rompieron intervenci\u00f3n art\u00edstica sobre desaparecidos en Realic\u00f3: \u201cSaqu\u00e9 la mugre de los Montoneros\u201d - Diario Textual<\/title>\n<meta name=\"robots\" content=\"index, follow, max-snippet:-1, max-image-preview:large, max-video-preview:-1\" \/>\n<link rel=\"canonical\" href=\"https:\/\/diariotextual.com\/inicio\/index.php\/2022\/03\/29\/rompieron-intervencion-artistica-sobre-desaparecidos-en-realico-saque-la-mugre-de-los-montoneros\/\" \/>\n<meta property=\"og:locale\" content=\"es_ES\" \/>\n<meta property=\"og:type\" content=\"article\" \/>\n<meta property=\"og:title\" content=\"Rompieron intervenci\u00f3n art\u00edstica sobre desaparecidos en Realic\u00f3: \u201cSaqu\u00e9 la mugre de los Montoneros\u201d - Diario Textual\" \/>\n<meta property=\"og:description\" content=\"Un hombre destroz\u00f3 la intervenci\u00f3n art\u00edstica que recordaba a las v\u00edctimas de la dictadura en la plaza central de Realic\u00f3. \u201cSaqu\u00e9 la mugre que realiz\u00f3 el grupo Montonero de Realic\u00f3\u201d,&hellip;\" \/>\n<meta property=\"og:url\" content=\"https:\/\/diariotextual.com\/inicio\/index.php\/2022\/03\/29\/rompieron-intervencion-artistica-sobre-desaparecidos-en-realico-saque-la-mugre-de-los-montoneros\/\" \/>\n<meta property=\"og:site_name\" content=\"Diario Textual\" \/>\n<meta property=\"article:publisher\" content=\"https:\/\/www.facebook.com\/eltextual\" \/>\n<meta property=\"article:published_time\" content=\"2022-03-29T11:45:31+00:00\" \/>\n<meta property=\"article:modified_time\" content=\"2022-03-29T15:01:19+00:00\" \/>\n<meta property=\"og:image\" content=\"https:\/\/diariotextual.com\/inicio\/wp-content\/uploads\/2022\/03\/memoriadesrozosrealico.jpg\" \/>\n\t<meta property=\"og:image:width\" content=\"1080\" \/>\n\t<meta property=\"og:image:height\" content=\"666\" \/>\n\t<meta property=\"og:image:type\" content=\"image\/jpeg\" \/>\n<meta name=\"author\" content=\"diario5\" \/>\n<meta name=\"twitter:card\" content=\"summary_large_image\" \/>\n<meta name=\"twitter:creator\" content=\"@eltextual\" \/>\n<meta name=\"twitter:site\" content=\"@eltextual\" \/>\n<meta name=\"twitter:label1\" content=\"Escrito por\" \/>\n\t<meta name=\"twitter:data1\" content=\"diario5\" \/>\n\t<meta name=\"twitter:label2\" content=\"Tiempo de lectura\" \/>\n\t<meta name=\"twitter:data2\" content=\"2 minutos\" \/>\n<script type=\"application\/ld+json\" class=\"yoast-schema-graph\">{\"@context\":\"https:\\\/\\\/schema.org\",\"@graph\":[{\"@type\":\"Article\",\"@id\":\"https:\\\/\\\/diariotextual.com\\\/inicio\\\/index.php\\\/2022\\\/03\\\/29\\\/rompieron-intervencion-artistica-sobre-desaparecidos-en-realico-saque-la-mugre-de-los-montoneros\\\/#article\",\"isPartOf\":{\"@id\":\"https:\\\/\\\/diariotextual.com\\\/inicio\\\/index.php\\\/2022\\\/03\\\/29\\\/rompieron-intervencion-artistica-sobre-desaparecidos-en-realico-saque-la-mugre-de-los-montoneros\\\/\"},\"author\":{\"name\":\"diario5\",\"@id\":\"https:\\\/\\\/diariotextual.com\\\/inicio\\\/#\\\/schema\\\/person\\\/c7834961ad8b29b1d9cdbf4571299067\"},\"headline\":\"Rompieron intervenci\u00f3n art\u00edstica sobre desaparecidos en Realic\u00f3: \u201cSaqu\u00e9 la mugre de los Montoneros\u201d\",\"datePublished\":\"2022-03-29T11:45:31+00:00\",\"dateModified\":\"2022-03-29T15:01:19+00:00\",\"mainEntityOfPage\":{\"@id\":\"https:\\\/\\\/diariotextual.com\\\/inicio\\\/index.php\\\/2022\\\/03\\\/29\\\/rompieron-intervencion-artistica-sobre-desaparecidos-en-realico-saque-la-mugre-de-los-montoneros\\\/\"},\"wordCount\":407,\"publisher\":{\"@id\":\"https:\\\/\\\/diariotextual.com\\\/inicio\\\/#organization\"},\"image\":{\"@id\":\"https:\\\/\\\/diariotextual.com\\\/inicio\\\/index.php\\\/2022\\\/03\\\/29\\\/rompieron-intervencion-artistica-sobre-desaparecidos-en-realico-saque-la-mugre-de-los-montoneros\\\/#primaryimage\"},\"thumbnailUrl\":\"https:\\\/\\\/diariotextual.com\\\/inicio\\\/wp-content\\\/uploads\\\/2022\\\/03\\\/memoriadesrozosrealico.jpg\",\"keywords\":[\"desaparecidos\"],\"articleSection\":[\"A - QUE PASA (al costado)\",\"SOCIEDAD\"],\"inLanguage\":\"es\"},{\"@type\":\"WebPage\",\"@id\":\"https:\\\/\\\/diariotextual.com\\\/inicio\\\/index.php\\\/2022\\\/03\\\/29\\\/rompieron-intervencion-artistica-sobre-desaparecidos-en-realico-saque-la-mugre-de-los-montoneros\\\/\",\"url\":\"https:\\\/\\\/diariotextual.com\\\/inicio\\\/index.php\\\/2022\\\/03\\\/29\\\/rompieron-intervencion-artistica-sobre-desaparecidos-en-realico-saque-la-mugre-de-los-montoneros\\\/\",\"name\":\"Rompieron intervenci\u00f3n art\u00edstica sobre desaparecidos en Realic\u00f3: \u201cSaqu\u00e9 la mugre de los Montoneros\u201d - Diario Textual\",\"isPartOf\":{\"@id\":\"https:\\\/\\\/diariotextual.com\\\/inicio\\\/#website\"},\"primaryImageOfPage\":{\"@id\":\"https:\\\/\\\/diariotextual.com\\\/inicio\\\/index.php\\\/2022\\\/03\\\/29\\\/rompieron-intervencion-artistica-sobre-desaparecidos-en-realico-saque-la-mugre-de-los-montoneros\\\/#primaryimage\"},\"image\":{\"@id\":\"https:\\\/\\\/diariotextual.com\\\/inicio\\\/index.php\\\/2022\\\/03\\\/29\\\/rompieron-intervencion-artistica-sobre-desaparecidos-en-realico-saque-la-mugre-de-los-montoneros\\\/#primaryimage\"},\"thumbnailUrl\":\"https:\\\/\\\/diariotextual.com\\\/inicio\\\/wp-content\\\/uploads\\\/2022\\\/03\\\/memoriadesrozosrealico.jpg\",\"datePublished\":\"2022-03-29T11:45:31+00:00\",\"dateModified\":\"2022-03-29T15:01:19+00:00\",\"breadcrumb\":{\"@id\":\"https:\\\/\\\/diariotextual.com\\\/inicio\\\/index.php\\\/2022\\\/03\\\/29\\\/rompieron-intervencion-artistica-sobre-desaparecidos-en-realico-saque-la-mugre-de-los-montoneros\\\/#breadcrumb\"},\"inLanguage\":\"es\",\"potentialAction\":[{\"@type\":\"ReadAction\",\"target\":[\"https:\\\/\\\/diariotextual.com\\\/inicio\\\/index.php\\\/2022\\\/03\\\/29\\\/rompieron-intervencion-artistica-sobre-desaparecidos-en-realico-saque-la-mugre-de-los-montoneros\\\/\"]}]},{\"@type\":\"ImageObject\",\"inLanguage\":\"es\",\"@id\":\"https:\\\/\\\/diariotextual.com\\\/inicio\\\/index.php\\\/2022\\\/03\\\/29\\\/rompieron-intervencion-artistica-sobre-desaparecidos-en-realico-saque-la-mugre-de-los-montoneros\\\/#primaryimage\",\"url\":\"https:\\\/\\\/diariotextual.com\\\/inicio\\\/wp-content\\\/uploads\\\/2022\\\/03\\\/memoriadesrozosrealico.jpg\",\"contentUrl\":\"https:\\\/\\\/diariotextual.com\\\/inicio\\\/wp-content\\\/uploads\\\/2022\\\/03\\\/memoriadesrozosrealico.jpg\",\"width\":1080,\"height\":666},{\"@type\":\"BreadcrumbList\",\"@id\":\"https:\\\/\\\/diariotextual.com\\\/inicio\\\/index.php\\\/2022\\\/03\\\/29\\\/rompieron-intervencion-artistica-sobre-desaparecidos-en-realico-saque-la-mugre-de-los-montoneros\\\/#breadcrumb\",\"itemListElement\":[{\"@type\":\"ListItem\",\"position\":1,\"name\":\"Portada\",\"item\":\"https:\\\/\\\/diariotextual.com\\\/inicio\\\/\"},{\"@type\":\"ListItem\",\"position\":2,\"name\":\"Rompieron intervenci\u00f3n art\u00edstica sobre desaparecidos en Realic\u00f3: \u201cSaqu\u00e9 la mugre de los Montoneros\u201d\"}]},{\"@type\":\"WebSite\",\"@id\":\"https:\\\/\\\/diariotextual.com\\\/inicio\\\/#website\",\"url\":\"https:\\\/\\\/diariotextual.com\\\/inicio\\\/\",\"name\":\"Diario Textual\",\"description\":\"\",\"publisher\":{\"@id\":\"https:\\\/\\\/diariotextual.com\\\/inicio\\\/#organization\"},\"potentialAction\":[{\"@type\":\"SearchAction\",\"target\":{\"@type\":\"EntryPoint\",\"urlTemplate\":\"https:\\\/\\\/diariotextual.com\\\/inicio\\\/?s={search_term_string}\"},\"query-input\":{\"@type\":\"PropertyValueSpecification\",\"valueRequired\":true,\"valueName\":\"search_term_string\"}}],\"inLanguage\":\"es\"},{\"@type\":\"Organization\",\"@id\":\"https:\\\/\\\/diariotextual.com\\\/inicio\\\/#organization\",\"name\":\"Diario Textual\",\"url\":\"https:\\\/\\\/diariotextual.com\\\/inicio\\\/\",\"logo\":{\"@type\":\"ImageObject\",\"inLanguage\":\"es\",\"@id\":\"https:\\\/\\\/diariotextual.com\\\/inicio\\\/#\\\/schema\\\/logo\\\/image\\\/\",\"url\":\"https:\\\/\\\/diariotextual.com\\\/inicio\\\/wp-content\\\/uploads\\\/2023\\\/05\\\/logotextual1.jpg\",\"contentUrl\":\"https:\\\/\\\/diariotextual.com\\\/inicio\\\/wp-content\\\/uploads\\\/2023\\\/05\\\/logotextual1.jpg\",\"width\":516,\"height\":76,\"caption\":\"Diario Textual\"},\"image\":{\"@id\":\"https:\\\/\\\/diariotextual.com\\\/inicio\\\/#\\\/schema\\\/logo\\\/image\\\/\"},\"sameAs\":[\"https:\\\/\\\/www.facebook.com\\\/eltextual\",\"https:\\\/\\\/x.com\\\/eltextual\",\"http:\\\/\\\/www.instagram.com\\\/eltextual\"]},{\"@type\":\"Person\",\"@id\":\"https:\\\/\\\/diariotextual.com\\\/inicio\\\/#\\\/schema\\\/person\\\/c7834961ad8b29b1d9cdbf4571299067\",\"name\":\"diario5\",\"image\":{\"@type\":\"ImageObject\",\"inLanguage\":\"es\",\"@id\":\"https:\\\/\\\/secure.gravatar.com\\\/avatar\\\/948c893b847ca6df68216ead81b63f363408ec9b0f600fefc0641ce78613b111?s=96&d=mm&r=g\",\"url\":\"https:\\\/\\\/secure.gravatar.com\\\/avatar\\\/948c893b847ca6df68216ead81b63f363408ec9b0f600fefc0641ce78613b111?s=96&d=mm&r=g\",\"contentUrl\":\"https:\\\/\\\/secure.gravatar.com\\\/avatar\\\/948c893b847ca6df68216ead81b63f363408ec9b0f600fefc0641ce78613b111?s=96&d=mm&r=g\",\"caption\":\"diario5\"},\"url\":\"https:\\\/\\\/diariotextual.com\\\/inicio\\\/index.php\\\/author\\\/diario5\\\/\"}]}<\/script>\n<!-- \/ Yoast SEO plugin. -->","yoast_head_json":{"title":"Rompieron intervenci\u00f3n art\u00edstica sobre desaparecidos en Realic\u00f3: \u201cSaqu\u00e9 la mugre de los Montoneros\u201d - Diario Textual","robots":{"index":"index","follow":"follow","max-snippet":"max-snippet:-1","max-image-preview":"max-image-preview:large","max-video-preview":"max-video-preview:-1"},"canonical":"https:\/\/diariotextual.com\/inicio\/index.php\/2022\/03\/29\/rompieron-intervencion-artistica-sobre-desaparecidos-en-realico-saque-la-mugre-de-los-montoneros\/","og_locale":"es_ES","og_type":"article","og_title":"Rompieron intervenci\u00f3n art\u00edstica sobre desaparecidos en Realic\u00f3: \u201cSaqu\u00e9 la mugre de los Montoneros\u201d - Diario Textual","og_description":"Un hombre destroz\u00f3 la intervenci\u00f3n art\u00edstica que recordaba a las v\u00edctimas de la dictadura en la plaza central de Realic\u00f3. \u201cSaqu\u00e9 la mugre que realiz\u00f3 el grupo Montonero de Realic\u00f3\u201d,&hellip;","og_url":"https:\/\/diariotextual.com\/inicio\/index.php\/2022\/03\/29\/rompieron-intervencion-artistica-sobre-desaparecidos-en-realico-saque-la-mugre-de-los-montoneros\/","og_site_name":"Diario Textual","article_publisher":"https:\/\/www.facebook.com\/eltextual","article_published_time":"2022-03-29T11:45:31+00:00","article_modified_time":"2022-03-29T15:01:19+00:00","og_image":[{"width":1080,"height":666,"url":"https:\/\/diariotextual.com\/inicio\/wp-content\/uploads\/2022\/03\/memoriadesrozosrealico.jpg","type":"image\/jpeg"}],"author":"diario5","twitter_card":"summary_large_image","twitter_creator":"@eltextual","twitter_site":"@eltextual","twitter_misc":{"Escrito por":"diario5","Tiempo de lectura":"2 minutos"},"schema":{"@context":"https:\/\/schema.org","@graph":[{"@type":"Article","@id":"https:\/\/diariotextual.com\/inicio\/index.php\/2022\/03\/29\/rompieron-intervencion-artistica-sobre-desaparecidos-en-realico-saque-la-mugre-de-los-montoneros\/#article","isPartOf":{"@id":"https:\/\/diariotextual.com\/inicio\/index.php\/2022\/03\/29\/rompieron-intervencion-artistica-sobre-desaparecidos-en-realico-saque-la-mugre-de-los-montoneros\/"},"author":{"name":"diario5","@id":"https:\/\/diariotextual.com\/inicio\/#\/schema\/person\/c7834961ad8b29b1d9cdbf4571299067"},"headline":"Rompieron intervenci\u00f3n art\u00edstica sobre desaparecidos en Realic\u00f3: \u201cSaqu\u00e9 la mugre de los Montoneros\u201d","datePublished":"2022-03-29T11:45:31+00:00","dateModified":"2022-03-29T15:01:19+00:00","mainEntityOfPage":{"@id":"https:\/\/diariotextual.com\/inicio\/index.php\/2022\/03\/29\/rompieron-intervencion-artistica-sobre-desaparecidos-en-realico-saque-la-mugre-de-los-montoneros\/"},"wordCount":407,"publisher":{"@id":"https:\/\/diariotextual.com\/inicio\/#organization"},"image":{"@id":"https:\/\/diariotextual.com\/inicio\/index.php\/2022\/03\/29\/rompieron-intervencion-artistica-sobre-desaparecidos-en-realico-saque-la-mugre-de-los-montoneros\/#primaryimage"},"thumbnailUrl":"https:\/\/diariotextual.com\/inicio\/wp-content\/uploads\/2022\/03\/memoriadesrozosrealico.jpg","keywords":["desaparecidos"],"articleSection":["A - QUE PASA (al costado)","SOCIEDAD"],"inLanguage":"es"},{"@type":"WebPage","@id":"https:\/\/diariotextual.com\/inicio\/index.php\/2022\/03\/29\/rompieron-intervencion-artistica-sobre-desaparecidos-en-realico-saque-la-mugre-de-los-montoneros\/","url":"https:\/\/diariotextual.com\/inicio\/index.php\/2022\/03\/29\/rompieron-intervencion-artistica-sobre-desaparecidos-en-realico-saque-la-mugre-de-los-montoneros\/","name":"Rompieron intervenci\u00f3n art\u00edstica sobre desaparecidos en Realic\u00f3: \u201cSaqu\u00e9 la mugre de los Montoneros\u201d - Diario Textual","isPartOf":{"@id":"https:\/\/diariotextual.com\/inicio\/#website"},"primaryImageOfPage":{"@id":"https:\/\/diariotextual.com\/inicio\/index.php\/2022\/03\/29\/rompieron-intervencion-artistica-sobre-desaparecidos-en-realico-saque-la-mugre-de-los-montoneros\/#primaryimage"},"image":{"@id":"https:\/\/diariotextual.com\/inicio\/index.php\/2022\/03\/29\/rompieron-intervencion-artistica-sobre-desaparecidos-en-realico-saque-la-mugre-de-los-montoneros\/#primaryimage"},"thumbnailUrl":"https:\/\/diariotextual.com\/inicio\/wp-content\/uploads\/2022\/03\/memoriadesrozosrealico.jpg","datePublished":"2022-03-29T11:45:31+00:00","dateModified":"2022-03-29T15:01:19+00:00","breadcrumb":{"@id":"https:\/\/diariotextual.com\/inicio\/index.php\/2022\/03\/29\/rompieron-intervencion-artistica-sobre-desaparecidos-en-realico-saque-la-mugre-de-los-montoneros\/#breadcrumb"},"inLanguage":"es","potentialAction":[{"@type":"ReadAction","target":["https:\/\/diariotextual.com\/inicio\/index.php\/2022\/03\/29\/rompieron-intervencion-artistica-sobre-desaparecidos-en-realico-saque-la-mugre-de-los-montoneros\/"]}]},{"@type":"ImageObject","inLanguage":"es","@id":"https:\/\/diariotextual.com\/inicio\/index.php\/2022\/03\/29\/rompieron-intervencion-artistica-sobre-desaparecidos-en-realico-saque-la-mugre-de-los-montoneros\/#primaryimage","url":"https:\/\/diariotextual.com\/inicio\/wp-content\/uploads\/2022\/03\/memoriadesrozosrealico.jpg","contentUrl":"https:\/\/diariotextual.com\/inicio\/wp-content\/uploads\/2022\/03\/memoriadesrozosrealico.jpg","width":1080,"height":666},{"@type":"BreadcrumbList","@id":"https:\/\/diariotextual.com\/inicio\/index.php\/2022\/03\/29\/rompieron-intervencion-artistica-sobre-desaparecidos-en-realico-saque-la-mugre-de-los-montoneros\/#breadcrumb","itemListElement":[{"@type":"ListItem","position":1,"name":"Portada","item":"https:\/\/diariotextual.com\/inicio\/"},{"@type":"ListItem","position":2,"name":"Rompieron intervenci\u00f3n art\u00edstica sobre desaparecidos en Realic\u00f3: \u201cSaqu\u00e9 la mugre de los Montoneros\u201d"}]},{"@type":"WebSite","@id":"https:\/\/diariotextual.com\/inicio\/#website","url":"https:\/\/diariotextual.com\/inicio\/","name":"Diario Textual","description":"","publisher":{"@id":"https:\/\/diariotextual.com\/inicio\/#organization"},"potentialAction":[{"@type":"SearchAction","target":{"@type":"EntryPoint","urlTemplate":"https:\/\/diariotextual.com\/inicio\/?s={search_term_string}"},"query-input":{"@type":"PropertyValueSpecification","valueRequired":true,"valueName":"search_term_string"}}],"inLanguage":"es"},{"@type":"Organization","@id":"https:\/\/diariotextual.com\/inicio\/#organization","name":"Diario Textual","url":"https:\/\/diariotextual.com\/inicio\/","logo":{"@type":"ImageObject","inLanguage":"es","@id":"https:\/\/diariotextual.com\/inicio\/#\/schema\/logo\/image\/","url":"https:\/\/diariotextual.com\/inicio\/wp-content\/uploads\/2023\/05\/logotextual1.jpg","contentUrl":"https:\/\/diariotextual.com\/inicio\/wp-content\/uploads\/2023\/05\/logotextual1.jpg","width":516,"height":76,"caption":"Diario Textual"},"image":{"@id":"https:\/\/diariotextual.com\/inicio\/#\/schema\/logo\/image\/"},"sameAs":["https:\/\/www.facebook.com\/eltextual","https:\/\/x.com\/eltextual","http:\/\/www.instagram.com\/eltextual"]},{"@type":"Person","@id":"https:\/\/diariotextual.com\/inicio\/#\/schema\/person\/c7834961ad8b29b1d9cdbf4571299067","name":"diario5","image":{"@type":"ImageObject","inLanguage":"es","@id":"https:\/\/secure.gravatar.com\/avatar\/948c893b847ca6df68216ead81b63f363408ec9b0f600fefc0641ce78613b111?s=96&d=mm&r=g","url":"https:\/\/secure.gravatar.com\/avatar\/948c893b847ca6df68216ead81b63f363408ec9b0f600fefc0641ce78613b111?s=96&d=mm&r=g","contentUrl":"https:\/\/secure.gravatar.com\/avatar\/948c893b847ca6df68216ead81b63f363408ec9b0f600fefc0641ce78613b111?s=96&d=mm&r=g","caption":"diario5"},"url":"https:\/\/diariotextual.com\/inicio\/index.php\/author\/diario5\/"}]}},"_links":{"self":[{"href":"https:\/\/diariotextual.com\/inicio\/index.php\/wp-json\/wp\/v2\/posts\/183871","targetHints":{"allow":["GET"]}}],"collection":[{"href":"https:\/\/diariotextual.com\/inicio\/index.php\/wp-json\/wp\/v2\/posts"}],"about":[{"href":"https:\/\/diariotextual.com\/inicio\/index.php\/wp-json\/wp\/v2\/types\/post"}],"author":[{"embeddable":true,"href":"https:\/\/diariotextual.com\/inicio\/index.php\/wp-json\/wp\/v2\/users\/7"}],"replies":[{"embeddable":true,"href":"https:\/\/diariotextual.com\/inicio\/index.php\/wp-json\/wp\/v2\/comments?post=183871"}],"version-history":[{"count":6,"href":"https:\/\/diariotextual.com\/inicio\/index.php\/wp-json\/wp\/v2\/posts\/183871\/revisions"}],"predecessor-version":[{"id":183918,"href":"https:\/\/diariotextual.com\/inicio\/index.php\/wp-json\/wp\/v2\/posts\/183871\/revisions\/183918"}],"wp:featuredmedia":[{"embeddable":true,"href":"https:\/\/diariotextual.com\/inicio\/index.php\/wp-json\/wp\/v2\/media\/183873"}],"wp:attachment":[{"href":"https:\/\/diariotextual.com\/inicio\/index.php\/wp-json\/wp\/v2\/media?parent=183871"}],"wp:term":[{"taxonomy":"category","embeddable":true,"href":"https:\/\/diariotextual.com\/inicio\/index.php\/wp-json\/wp\/v2\/categories?post=183871"},{"taxonomy":"post_tag","embeddable":true,"href":"https:\/\/diariotextual.com\/inicio\/index.php\/wp-json\/wp\/v2\/tags?post=183871"}],"curies":[{"name":"wp","href":"https:\/\/api.w.org\/{rel}","templated":true}]}}