{"id":183906,"date":"2022-03-29T11:58:29","date_gmt":"2022-03-29T14:58:29","guid":{"rendered":"https:\/\/diariotextual.com\/inicio\/?p=183906"},"modified":"2022-03-29T11:58:32","modified_gmt":"2022-03-29T14:58:32","slug":"realico-casa-de-gobierno-repudio-el-acto-vandalico-y-el-negacionismo-de-un-sector-de-la-sociedad","status":"publish","type":"post","link":"https:\/\/diariotextual.com\/inicio\/index.php\/2022\/03\/29\/realico-casa-de-gobierno-repudio-el-acto-vandalico-y-el-negacionismo-de-un-sector-de-la-sociedad\/","title":{"rendered":"Realic\u00f3: Casa de Gobierno repudi\u00f3 el \u201cacto vand\u00e1lico\u201d y el \u201cnegacionismo\u201d de un sector de la sociedad"},"content":{"rendered":"\n<p>El Gobierno de La Pampa, a trav\u00e9s de la Subsecretar\u00eda de Derechos Humanos del Ministerio de Gobierno, Justicia y Derechos Humanos,\u00a0repudi\u00f3 <strong><a href=\"https:\/\/diariotextual.com\/inicio\/index.php\/2022\/03\/29\/rompieron-intervencion-artistica-sobre-desaparecidos-en-realico-saque-la-mugre-de-los-montoneros\/\" target=\"_blank\" rel=\"noreferrer noopener\">\u201cel ataque a la intervenci\u00f3n art\u00edstica\u201d <\/a><\/strong>realizada en Realic\u00f3, en conmemoraci\u00f3n del D\u00eda de la Memoria por la Verdad y la Justicia.<\/p>\n\n\n\n<p>Juan Pablo Fasce, titular de la Subsecretar\u00eda de Derechos Humanos de la provincia de La Pampa, en representaci\u00f3n del Gobierno provincial, conden\u00f3 hoy el accionar de una persona que arranc\u00f3 y rompi\u00f3 los carteles que se hab\u00edan colocado con las im\u00e1genes de las v\u00edctimas pampeanas del terrorismo de Estado.<\/p>\n\n\n\n<p>\u201cEste es otro ataque m\u00e1s de los que se est\u00e1n sucediendo en contra de la pol\u00edtica de Memoria, Verdad y Justicia, que es una pol\u00edtica de Estado. Repudiamos desde el Gobierno de La Pampa este hecho de violencia y odio pol\u00edtico. No podemos permitir hechos de intolerancia impulsados por grupos embanderados con la desmemoria y que tambi\u00e9n atentan contra los valores democr\u00e1ticos\u201d, dijo.<br><\/p>\n\n\n\n<p>\u201cDe acuerdo al conocimiento que tenemos de la situaci\u00f3n, el violento estar\u00eda participando en pol\u00edtica, por lo que consideramos este hecho como doblemente condenable, por ser una actitud antidemocr\u00e1tica y por ir en desmedro de los valores que la democracia representa. Pedimos una manifestaci\u00f3n clara y concreta de repudio a este accionar de toda la clase pol\u00edtica para que no se siga alentando la violencia pol\u00edtica\u201d, expres\u00f3.<br><\/p>\n\n\n\n<p>\u201cEste hecho no s\u00f3lo expresa el negacionismo de sectores de derecha embanderados en debilitar el proceso de Memoria, Verdad y Justicia, sino tambi\u00e9n una ofensa hacia la misma sociedad de Realic\u00f3. Al menos dos vecinos de esa localidad, Emilce Magdalena Trucco y Carlos Andr\u00e9s Sangiorgio, fueron v\u00edctimas del terrorismo de Estado y est\u00e1n desaparecidos. Tanto su memoria como el dolor de sus familias merecen respeto\u201d, finaliz\u00f3.<\/p>\n\n\n\n<p>En las \u00faltimas horas un hombre destroz\u00f3 la intervenci\u00f3n art\u00edstica que recordaba a las v\u00edctimas de la dictadura en la plaza central de Realic\u00f3. \u201cSaqu\u00e9 la mugre que realiz\u00f3 el grupo Montonero de Realic\u00f3\u201d, escribi\u00f3 en su muro de Facebook una persona que se atribuy\u00f3 el ataque. <\/p>\n\n\n\n<p>Esta intervenci\u00f3n art\u00edstica hab\u00eda sido repudiada por la UCR de Realic\u00f3, por considerar un hecho de \u201cvandalismo causado sobre el monumento a Hip\u00f3lito Yrigoyen que, bajo la excusa de una intervenci\u00f3n art\u00edstica, constituye una grave provocaci\u00f3n que auspici\u00f3 y justific\u00f3 la intendente Bibiana Bongiovanni\u201d.<\/p>\n\n\n\n<p>\u201cLos radicales en particular y los dem\u00f3cratas de Realic\u00f3 y de La Pampa en su conjunto, esperamos las disculpas de la municipalidad y la inmediata restauraci\u00f3n del monumento del expresidente, con cuyo derrocamiento en 1930 se abri\u00f3 la sucesi\u00f3n de golpes militares en la Argentina del Siglo XX, hasta la restauraci\u00f3n de la democracia en 1983\u201d, reclam\u00f3 el partido.<\/p>\n\n\n\n<figure class=\"wp-block-embed is-type-wp-embed is-provider-diario-textual wp-block-embed-diario-textual\"><div class=\"wp-block-embed__wrapper\">\n<blockquote class=\"wp-embedded-content\" data-secret=\"jhGBagaBlN\"><a href=\"https:\/\/diariotextual.com\/inicio\/index.php\/2022\/03\/29\/rompieron-intervencion-artistica-sobre-desaparecidos-en-realico-saque-la-mugre-de-los-montoneros\/\">Rompieron intervenci\u00f3n art\u00edstica sobre desaparecidos en Realic\u00f3: \u201cSaqu\u00e9 la mugre de los Montoneros\u201d<\/a><\/blockquote><iframe class=\"wp-embedded-content\" sandbox=\"allow-scripts\" security=\"restricted\" style=\"position: absolute; clip: rect(1px, 1px, 1px, 1px);\" title=\"\u00abRompieron intervenci\u00f3n art\u00edstica sobre desaparecidos en Realic\u00f3: \u201cSaqu\u00e9 la mugre de los Montoneros\u201d\u00bb \u2014 Diario Textual\" src=\"https:\/\/diariotextual.com\/inicio\/index.php\/2022\/03\/29\/rompieron-intervencion-artistica-sobre-desaparecidos-en-realico-saque-la-mugre-de-los-montoneros\/embed\/#?secret=lMmOmtZhRY#?secret=jhGBagaBlN\" data-secret=\"jhGBagaBlN\" width=\"600\" height=\"338\" frameborder=\"0\" marginwidth=\"0\" marginheight=\"0\" scrolling=\"no\"><\/iframe>\n<\/div><\/figure>\n","protected":false},"excerpt":{"rendered":"<p>El Gobierno de La Pampa, a trav\u00e9s de la Subsecretar\u00eda de Derechos Humanos del Ministerio de Gobierno, Justicia y Derechos Humanos,\u00a0repudi\u00f3 \u201cel ataque a la intervenci\u00f3n art\u00edstica\u201d realizada en Realic\u00f3,&hellip;<\/p>\n","protected":false},"author":3,"featured_media":108014,"comment_status":"closed","ping_status":"open","sticky":false,"template":"","format":"standard","meta":{"_acf_changed":false,"footnotes":""},"categories":[4,8],"tags":[6783],"class_list":["post-183906","post","type-post","status-publish","format-standard","has-post-thumbnail","hentry","category-destacadas","category-politica","tag-polemica"],"acf":[],"yoast_head":"<!-- This site is optimized with the Yoast SEO plugin v27.5 - https:\/\/yoast.com\/product\/yoast-seo-wordpress\/ -->\n<title>Realic\u00f3: Casa de Gobierno repudi\u00f3 el \u201cacto vand\u00e1lico\u201d y el \u201cnegacionismo\u201d de un sector de la sociedad - Diario Textual<\/title>\n<meta name=\"robots\" content=\"index, follow, max-snippet:-1, max-image-preview:large, max-video-preview:-1\" \/>\n<link rel=\"canonical\" href=\"https:\/\/diariotextual.com\/inicio\/index.php\/2022\/03\/29\/realico-casa-de-gobierno-repudio-el-acto-vandalico-y-el-negacionismo-de-un-sector-de-la-sociedad\/\" \/>\n<meta property=\"og:locale\" content=\"es_ES\" \/>\n<meta property=\"og:type\" content=\"article\" \/>\n<meta property=\"og:title\" content=\"Realic\u00f3: Casa de Gobierno repudi\u00f3 el \u201cacto vand\u00e1lico\u201d y el \u201cnegacionismo\u201d de un sector de la sociedad - Diario Textual\" \/>\n<meta property=\"og:description\" content=\"El Gobierno de La Pampa, a trav\u00e9s de la Subsecretar\u00eda de Derechos Humanos del Ministerio de Gobierno, Justicia y Derechos Humanos,\u00a0repudi\u00f3 \u201cel ataque a la intervenci\u00f3n art\u00edstica\u201d realizada en Realic\u00f3,&hellip;\" \/>\n<meta property=\"og:url\" content=\"https:\/\/diariotextual.com\/inicio\/index.php\/2022\/03\/29\/realico-casa-de-gobierno-repudio-el-acto-vandalico-y-el-negacionismo-de-un-sector-de-la-sociedad\/\" \/>\n<meta property=\"og:site_name\" content=\"Diario Textual\" \/>\n<meta property=\"article:publisher\" content=\"https:\/\/www.facebook.com\/eltextual\" \/>\n<meta property=\"article:published_time\" content=\"2022-03-29T14:58:29+00:00\" \/>\n<meta property=\"article:modified_time\" content=\"2022-03-29T14:58:32+00:00\" \/>\n<meta property=\"og:image\" content=\"https:\/\/diariotextual.com\/inicio\/wp-content\/uploads\/2020\/08\/fascejuanpablo2020-2.jpg\" \/>\n\t<meta property=\"og:image:width\" content=\"828\" \/>\n\t<meta property=\"og:image:height\" content=\"506\" \/>\n\t<meta property=\"og:image:type\" content=\"image\/jpeg\" \/>\n<meta name=\"author\" content=\"Diario1 Diario1\" \/>\n<meta name=\"twitter:card\" content=\"summary_large_image\" \/>\n<meta name=\"twitter:creator\" content=\"@eltextual\" \/>\n<meta name=\"twitter:site\" content=\"@eltextual\" \/>\n<meta name=\"twitter:label1\" content=\"Escrito por\" \/>\n\t<meta name=\"twitter:data1\" content=\"Diario1 Diario1\" \/>\n\t<meta name=\"twitter:label2\" content=\"Tiempo de lectura\" \/>\n\t<meta name=\"twitter:data2\" content=\"3 minutos\" \/>\n<script type=\"application\/ld+json\" class=\"yoast-schema-graph\">{\"@context\":\"https:\\\/\\\/schema.org\",\"@graph\":[{\"@type\":\"Article\",\"@id\":\"https:\\\/\\\/diariotextual.com\\\/inicio\\\/index.php\\\/2022\\\/03\\\/29\\\/realico-casa-de-gobierno-repudio-el-acto-vandalico-y-el-negacionismo-de-un-sector-de-la-sociedad\\\/#article\",\"isPartOf\":{\"@id\":\"https:\\\/\\\/diariotextual.com\\\/inicio\\\/index.php\\\/2022\\\/03\\\/29\\\/realico-casa-de-gobierno-repudio-el-acto-vandalico-y-el-negacionismo-de-un-sector-de-la-sociedad\\\/\"},\"author\":{\"name\":\"Diario1 Diario1\",\"@id\":\"https:\\\/\\\/diariotextual.com\\\/inicio\\\/#\\\/schema\\\/person\\\/418fc4093c33e86ed41562db3508f958\"},\"headline\":\"Realic\u00f3: Casa de Gobierno repudi\u00f3 el \u201cacto vand\u00e1lico\u201d y el \u201cnegacionismo\u201d de un sector de la sociedad\",\"datePublished\":\"2022-03-29T14:58:29+00:00\",\"dateModified\":\"2022-03-29T14:58:32+00:00\",\"mainEntityOfPage\":{\"@id\":\"https:\\\/\\\/diariotextual.com\\\/inicio\\\/index.php\\\/2022\\\/03\\\/29\\\/realico-casa-de-gobierno-repudio-el-acto-vandalico-y-el-negacionismo-de-un-sector-de-la-sociedad\\\/\"},\"wordCount\":506,\"publisher\":{\"@id\":\"https:\\\/\\\/diariotextual.com\\\/inicio\\\/#organization\"},\"image\":{\"@id\":\"https:\\\/\\\/diariotextual.com\\\/inicio\\\/index.php\\\/2022\\\/03\\\/29\\\/realico-casa-de-gobierno-repudio-el-acto-vandalico-y-el-negacionismo-de-un-sector-de-la-sociedad\\\/#primaryimage\"},\"thumbnailUrl\":\"https:\\\/\\\/diariotextual.com\\\/inicio\\\/wp-content\\\/uploads\\\/2020\\\/08\\\/fascejuanpablo2020-2.jpg\",\"keywords\":[\"pol\u00e9mica\"],\"articleSection\":[\"A - DESTACADAS (mod 16)\",\"POLITICA\"],\"inLanguage\":\"es\"},{\"@type\":\"WebPage\",\"@id\":\"https:\\\/\\\/diariotextual.com\\\/inicio\\\/index.php\\\/2022\\\/03\\\/29\\\/realico-casa-de-gobierno-repudio-el-acto-vandalico-y-el-negacionismo-de-un-sector-de-la-sociedad\\\/\",\"url\":\"https:\\\/\\\/diariotextual.com\\\/inicio\\\/index.php\\\/2022\\\/03\\\/29\\\/realico-casa-de-gobierno-repudio-el-acto-vandalico-y-el-negacionismo-de-un-sector-de-la-sociedad\\\/\",\"name\":\"Realic\u00f3: Casa de Gobierno repudi\u00f3 el \u201cacto vand\u00e1lico\u201d y el \u201cnegacionismo\u201d de un sector de la sociedad - Diario Textual\",\"isPartOf\":{\"@id\":\"https:\\\/\\\/diariotextual.com\\\/inicio\\\/#website\"},\"primaryImageOfPage\":{\"@id\":\"https:\\\/\\\/diariotextual.com\\\/inicio\\\/index.php\\\/2022\\\/03\\\/29\\\/realico-casa-de-gobierno-repudio-el-acto-vandalico-y-el-negacionismo-de-un-sector-de-la-sociedad\\\/#primaryimage\"},\"image\":{\"@id\":\"https:\\\/\\\/diariotextual.com\\\/inicio\\\/index.php\\\/2022\\\/03\\\/29\\\/realico-casa-de-gobierno-repudio-el-acto-vandalico-y-el-negacionismo-de-un-sector-de-la-sociedad\\\/#primaryimage\"},\"thumbnailUrl\":\"https:\\\/\\\/diariotextual.com\\\/inicio\\\/wp-content\\\/uploads\\\/2020\\\/08\\\/fascejuanpablo2020-2.jpg\",\"datePublished\":\"2022-03-29T14:58:29+00:00\",\"dateModified\":\"2022-03-29T14:58:32+00:00\",\"breadcrumb\":{\"@id\":\"https:\\\/\\\/diariotextual.com\\\/inicio\\\/index.php\\\/2022\\\/03\\\/29\\\/realico-casa-de-gobierno-repudio-el-acto-vandalico-y-el-negacionismo-de-un-sector-de-la-sociedad\\\/#breadcrumb\"},\"inLanguage\":\"es\",\"potentialAction\":[{\"@type\":\"ReadAction\",\"target\":[\"https:\\\/\\\/diariotextual.com\\\/inicio\\\/index.php\\\/2022\\\/03\\\/29\\\/realico-casa-de-gobierno-repudio-el-acto-vandalico-y-el-negacionismo-de-un-sector-de-la-sociedad\\\/\"]}]},{\"@type\":\"ImageObject\",\"inLanguage\":\"es\",\"@id\":\"https:\\\/\\\/diariotextual.com\\\/inicio\\\/index.php\\\/2022\\\/03\\\/29\\\/realico-casa-de-gobierno-repudio-el-acto-vandalico-y-el-negacionismo-de-un-sector-de-la-sociedad\\\/#primaryimage\",\"url\":\"https:\\\/\\\/diariotextual.com\\\/inicio\\\/wp-content\\\/uploads\\\/2020\\\/08\\\/fascejuanpablo2020-2.jpg\",\"contentUrl\":\"https:\\\/\\\/diariotextual.com\\\/inicio\\\/wp-content\\\/uploads\\\/2020\\\/08\\\/fascejuanpablo2020-2.jpg\",\"width\":828,\"height\":506},{\"@type\":\"BreadcrumbList\",\"@id\":\"https:\\\/\\\/diariotextual.com\\\/inicio\\\/index.php\\\/2022\\\/03\\\/29\\\/realico-casa-de-gobierno-repudio-el-acto-vandalico-y-el-negacionismo-de-un-sector-de-la-sociedad\\\/#breadcrumb\",\"itemListElement\":[{\"@type\":\"ListItem\",\"position\":1,\"name\":\"Portada\",\"item\":\"https:\\\/\\\/diariotextual.com\\\/inicio\\\/\"},{\"@type\":\"ListItem\",\"position\":2,\"name\":\"Realic\u00f3: Casa de Gobierno repudi\u00f3 el \u201cacto vand\u00e1lico\u201d y el \u201cnegacionismo\u201d de un sector de la sociedad\"}]},{\"@type\":\"WebSite\",\"@id\":\"https:\\\/\\\/diariotextual.com\\\/inicio\\\/#website\",\"url\":\"https:\\\/\\\/diariotextual.com\\\/inicio\\\/\",\"name\":\"Diario Textual\",\"description\":\"\",\"publisher\":{\"@id\":\"https:\\\/\\\/diariotextual.com\\\/inicio\\\/#organization\"},\"potentialAction\":[{\"@type\":\"SearchAction\",\"target\":{\"@type\":\"EntryPoint\",\"urlTemplate\":\"https:\\\/\\\/diariotextual.com\\\/inicio\\\/?s={search_term_string}\"},\"query-input\":{\"@type\":\"PropertyValueSpecification\",\"valueRequired\":true,\"valueName\":\"search_term_string\"}}],\"inLanguage\":\"es\"},{\"@type\":\"Organization\",\"@id\":\"https:\\\/\\\/diariotextual.com\\\/inicio\\\/#organization\",\"name\":\"Diario Textual\",\"url\":\"https:\\\/\\\/diariotextual.com\\\/inicio\\\/\",\"logo\":{\"@type\":\"ImageObject\",\"inLanguage\":\"es\",\"@id\":\"https:\\\/\\\/diariotextual.com\\\/inicio\\\/#\\\/schema\\\/logo\\\/image\\\/\",\"url\":\"https:\\\/\\\/diariotextual.com\\\/inicio\\\/wp-content\\\/uploads\\\/2023\\\/05\\\/logotextual1.jpg\",\"contentUrl\":\"https:\\\/\\\/diariotextual.com\\\/inicio\\\/wp-content\\\/uploads\\\/2023\\\/05\\\/logotextual1.jpg\",\"width\":516,\"height\":76,\"caption\":\"Diario Textual\"},\"image\":{\"@id\":\"https:\\\/\\\/diariotextual.com\\\/inicio\\\/#\\\/schema\\\/logo\\\/image\\\/\"},\"sameAs\":[\"https:\\\/\\\/www.facebook.com\\\/eltextual\",\"https:\\\/\\\/x.com\\\/eltextual\",\"http:\\\/\\\/www.instagram.com\\\/eltextual\"]},{\"@type\":\"Person\",\"@id\":\"https:\\\/\\\/diariotextual.com\\\/inicio\\\/#\\\/schema\\\/person\\\/418fc4093c33e86ed41562db3508f958\",\"name\":\"Diario1 Diario1\",\"image\":{\"@type\":\"ImageObject\",\"inLanguage\":\"es\",\"@id\":\"https:\\\/\\\/secure.gravatar.com\\\/avatar\\\/9167d280179c85bc18be67aa7eda765854300033af4896dd779b608640f2ef7a?s=96&d=mm&r=g\",\"url\":\"https:\\\/\\\/secure.gravatar.com\\\/avatar\\\/9167d280179c85bc18be67aa7eda765854300033af4896dd779b608640f2ef7a?s=96&d=mm&r=g\",\"contentUrl\":\"https:\\\/\\\/secure.gravatar.com\\\/avatar\\\/9167d280179c85bc18be67aa7eda765854300033af4896dd779b608640f2ef7a?s=96&d=mm&r=g\",\"caption\":\"Diario1 Diario1\"},\"url\":\"https:\\\/\\\/diariotextual.com\\\/inicio\\\/index.php\\\/author\\\/diario1\\\/\"}]}<\/script>\n<!-- \/ Yoast SEO plugin. -->","yoast_head_json":{"title":"Realic\u00f3: Casa de Gobierno repudi\u00f3 el \u201cacto vand\u00e1lico\u201d y el \u201cnegacionismo\u201d de un sector de la sociedad - Diario Textual","robots":{"index":"index","follow":"follow","max-snippet":"max-snippet:-1","max-image-preview":"max-image-preview:large","max-video-preview":"max-video-preview:-1"},"canonical":"https:\/\/diariotextual.com\/inicio\/index.php\/2022\/03\/29\/realico-casa-de-gobierno-repudio-el-acto-vandalico-y-el-negacionismo-de-un-sector-de-la-sociedad\/","og_locale":"es_ES","og_type":"article","og_title":"Realic\u00f3: Casa de Gobierno repudi\u00f3 el \u201cacto vand\u00e1lico\u201d y el \u201cnegacionismo\u201d de un sector de la sociedad - Diario Textual","og_description":"El Gobierno de La Pampa, a trav\u00e9s de la Subsecretar\u00eda de Derechos Humanos del Ministerio de Gobierno, Justicia y Derechos Humanos,\u00a0repudi\u00f3 \u201cel ataque a la intervenci\u00f3n art\u00edstica\u201d realizada en Realic\u00f3,&hellip;","og_url":"https:\/\/diariotextual.com\/inicio\/index.php\/2022\/03\/29\/realico-casa-de-gobierno-repudio-el-acto-vandalico-y-el-negacionismo-de-un-sector-de-la-sociedad\/","og_site_name":"Diario Textual","article_publisher":"https:\/\/www.facebook.com\/eltextual","article_published_time":"2022-03-29T14:58:29+00:00","article_modified_time":"2022-03-29T14:58:32+00:00","og_image":[{"width":828,"height":506,"url":"https:\/\/diariotextual.com\/inicio\/wp-content\/uploads\/2020\/08\/fascejuanpablo2020-2.jpg","type":"image\/jpeg"}],"author":"Diario1 Diario1","twitter_card":"summary_large_image","twitter_creator":"@eltextual","twitter_site":"@eltextual","twitter_misc":{"Escrito por":"Diario1 Diario1","Tiempo de lectura":"3 minutos"},"schema":{"@context":"https:\/\/schema.org","@graph":[{"@type":"Article","@id":"https:\/\/diariotextual.com\/inicio\/index.php\/2022\/03\/29\/realico-casa-de-gobierno-repudio-el-acto-vandalico-y-el-negacionismo-de-un-sector-de-la-sociedad\/#article","isPartOf":{"@id":"https:\/\/diariotextual.com\/inicio\/index.php\/2022\/03\/29\/realico-casa-de-gobierno-repudio-el-acto-vandalico-y-el-negacionismo-de-un-sector-de-la-sociedad\/"},"author":{"name":"Diario1 Diario1","@id":"https:\/\/diariotextual.com\/inicio\/#\/schema\/person\/418fc4093c33e86ed41562db3508f958"},"headline":"Realic\u00f3: Casa de Gobierno repudi\u00f3 el \u201cacto vand\u00e1lico\u201d y el \u201cnegacionismo\u201d de un sector de la sociedad","datePublished":"2022-03-29T14:58:29+00:00","dateModified":"2022-03-29T14:58:32+00:00","mainEntityOfPage":{"@id":"https:\/\/diariotextual.com\/inicio\/index.php\/2022\/03\/29\/realico-casa-de-gobierno-repudio-el-acto-vandalico-y-el-negacionismo-de-un-sector-de-la-sociedad\/"},"wordCount":506,"publisher":{"@id":"https:\/\/diariotextual.com\/inicio\/#organization"},"image":{"@id":"https:\/\/diariotextual.com\/inicio\/index.php\/2022\/03\/29\/realico-casa-de-gobierno-repudio-el-acto-vandalico-y-el-negacionismo-de-un-sector-de-la-sociedad\/#primaryimage"},"thumbnailUrl":"https:\/\/diariotextual.com\/inicio\/wp-content\/uploads\/2020\/08\/fascejuanpablo2020-2.jpg","keywords":["pol\u00e9mica"],"articleSection":["A - DESTACADAS (mod 16)","POLITICA"],"inLanguage":"es"},{"@type":"WebPage","@id":"https:\/\/diariotextual.com\/inicio\/index.php\/2022\/03\/29\/realico-casa-de-gobierno-repudio-el-acto-vandalico-y-el-negacionismo-de-un-sector-de-la-sociedad\/","url":"https:\/\/diariotextual.com\/inicio\/index.php\/2022\/03\/29\/realico-casa-de-gobierno-repudio-el-acto-vandalico-y-el-negacionismo-de-un-sector-de-la-sociedad\/","name":"Realic\u00f3: Casa de Gobierno repudi\u00f3 el \u201cacto vand\u00e1lico\u201d y el \u201cnegacionismo\u201d de un sector de la sociedad - Diario Textual","isPartOf":{"@id":"https:\/\/diariotextual.com\/inicio\/#website"},"primaryImageOfPage":{"@id":"https:\/\/diariotextual.com\/inicio\/index.php\/2022\/03\/29\/realico-casa-de-gobierno-repudio-el-acto-vandalico-y-el-negacionismo-de-un-sector-de-la-sociedad\/#primaryimage"},"image":{"@id":"https:\/\/diariotextual.com\/inicio\/index.php\/2022\/03\/29\/realico-casa-de-gobierno-repudio-el-acto-vandalico-y-el-negacionismo-de-un-sector-de-la-sociedad\/#primaryimage"},"thumbnailUrl":"https:\/\/diariotextual.com\/inicio\/wp-content\/uploads\/2020\/08\/fascejuanpablo2020-2.jpg","datePublished":"2022-03-29T14:58:29+00:00","dateModified":"2022-03-29T14:58:32+00:00","breadcrumb":{"@id":"https:\/\/diariotextual.com\/inicio\/index.php\/2022\/03\/29\/realico-casa-de-gobierno-repudio-el-acto-vandalico-y-el-negacionismo-de-un-sector-de-la-sociedad\/#breadcrumb"},"inLanguage":"es","potentialAction":[{"@type":"ReadAction","target":["https:\/\/diariotextual.com\/inicio\/index.php\/2022\/03\/29\/realico-casa-de-gobierno-repudio-el-acto-vandalico-y-el-negacionismo-de-un-sector-de-la-sociedad\/"]}]},{"@type":"ImageObject","inLanguage":"es","@id":"https:\/\/diariotextual.com\/inicio\/index.php\/2022\/03\/29\/realico-casa-de-gobierno-repudio-el-acto-vandalico-y-el-negacionismo-de-un-sector-de-la-sociedad\/#primaryimage","url":"https:\/\/diariotextual.com\/inicio\/wp-content\/uploads\/2020\/08\/fascejuanpablo2020-2.jpg","contentUrl":"https:\/\/diariotextual.com\/inicio\/wp-content\/uploads\/2020\/08\/fascejuanpablo2020-2.jpg","width":828,"height":506},{"@type":"BreadcrumbList","@id":"https:\/\/diariotextual.com\/inicio\/index.php\/2022\/03\/29\/realico-casa-de-gobierno-repudio-el-acto-vandalico-y-el-negacionismo-de-un-sector-de-la-sociedad\/#breadcrumb","itemListElement":[{"@type":"ListItem","position":1,"name":"Portada","item":"https:\/\/diariotextual.com\/inicio\/"},{"@type":"ListItem","position":2,"name":"Realic\u00f3: Casa de Gobierno repudi\u00f3 el \u201cacto vand\u00e1lico\u201d y el \u201cnegacionismo\u201d de un sector de la sociedad"}]},{"@type":"WebSite","@id":"https:\/\/diariotextual.com\/inicio\/#website","url":"https:\/\/diariotextual.com\/inicio\/","name":"Diario Textual","description":"","publisher":{"@id":"https:\/\/diariotextual.com\/inicio\/#organization"},"potentialAction":[{"@type":"SearchAction","target":{"@type":"EntryPoint","urlTemplate":"https:\/\/diariotextual.com\/inicio\/?s={search_term_string}"},"query-input":{"@type":"PropertyValueSpecification","valueRequired":true,"valueName":"search_term_string"}}],"inLanguage":"es"},{"@type":"Organization","@id":"https:\/\/diariotextual.com\/inicio\/#organization","name":"Diario Textual","url":"https:\/\/diariotextual.com\/inicio\/","logo":{"@type":"ImageObject","inLanguage":"es","@id":"https:\/\/diariotextual.com\/inicio\/#\/schema\/logo\/image\/","url":"https:\/\/diariotextual.com\/inicio\/wp-content\/uploads\/2023\/05\/logotextual1.jpg","contentUrl":"https:\/\/diariotextual.com\/inicio\/wp-content\/uploads\/2023\/05\/logotextual1.jpg","width":516,"height":76,"caption":"Diario Textual"},"image":{"@id":"https:\/\/diariotextual.com\/inicio\/#\/schema\/logo\/image\/"},"sameAs":["https:\/\/www.facebook.com\/eltextual","https:\/\/x.com\/eltextual","http:\/\/www.instagram.com\/eltextual"]},{"@type":"Person","@id":"https:\/\/diariotextual.com\/inicio\/#\/schema\/person\/418fc4093c33e86ed41562db3508f958","name":"Diario1 Diario1","image":{"@type":"ImageObject","inLanguage":"es","@id":"https:\/\/secure.gravatar.com\/avatar\/9167d280179c85bc18be67aa7eda765854300033af4896dd779b608640f2ef7a?s=96&d=mm&r=g","url":"https:\/\/secure.gravatar.com\/avatar\/9167d280179c85bc18be67aa7eda765854300033af4896dd779b608640f2ef7a?s=96&d=mm&r=g","contentUrl":"https:\/\/secure.gravatar.com\/avatar\/9167d280179c85bc18be67aa7eda765854300033af4896dd779b608640f2ef7a?s=96&d=mm&r=g","caption":"Diario1 Diario1"},"url":"https:\/\/diariotextual.com\/inicio\/index.php\/author\/diario1\/"}]}},"_links":{"self":[{"href":"https:\/\/diariotextual.com\/inicio\/index.php\/wp-json\/wp\/v2\/posts\/183906","targetHints":{"allow":["GET"]}}],"collection":[{"href":"https:\/\/diariotextual.com\/inicio\/index.php\/wp-json\/wp\/v2\/posts"}],"about":[{"href":"https:\/\/diariotextual.com\/inicio\/index.php\/wp-json\/wp\/v2\/types\/post"}],"author":[{"embeddable":true,"href":"https:\/\/diariotextual.com\/inicio\/index.php\/wp-json\/wp\/v2\/users\/3"}],"replies":[{"embeddable":true,"href":"https:\/\/diariotextual.com\/inicio\/index.php\/wp-json\/wp\/v2\/comments?post=183906"}],"version-history":[{"count":4,"href":"https:\/\/diariotextual.com\/inicio\/index.php\/wp-json\/wp\/v2\/posts\/183906\/revisions"}],"predecessor-version":[{"id":183917,"href":"https:\/\/diariotextual.com\/inicio\/index.php\/wp-json\/wp\/v2\/posts\/183906\/revisions\/183917"}],"wp:featuredmedia":[{"embeddable":true,"href":"https:\/\/diariotextual.com\/inicio\/index.php\/wp-json\/wp\/v2\/media\/108014"}],"wp:attachment":[{"href":"https:\/\/diariotextual.com\/inicio\/index.php\/wp-json\/wp\/v2\/media?parent=183906"}],"wp:term":[{"taxonomy":"category","embeddable":true,"href":"https:\/\/diariotextual.com\/inicio\/index.php\/wp-json\/wp\/v2\/categories?post=183906"},{"taxonomy":"post_tag","embeddable":true,"href":"https:\/\/diariotextual.com\/inicio\/index.php\/wp-json\/wp\/v2\/tags?post=183906"}],"curies":[{"name":"wp","href":"https:\/\/api.w.org\/{rel}","templated":true}]}}