{"id":185059,"date":"2022-04-08T10:43:57","date_gmt":"2022-04-08T13:43:57","guid":{"rendered":"https:\/\/diariotextual.com\/inicio\/?p=185059"},"modified":"2022-04-08T15:52:55","modified_gmt":"2022-04-08T18:52:55","slug":"la-familia-dupuy-sigue-juntando-firmas-por-la-ley-lucio-como-hacerlo-digitalmente","status":"publish","type":"post","link":"https:\/\/diariotextual.com\/inicio\/index.php\/2022\/04\/08\/la-familia-dupuy-sigue-juntando-firmas-por-la-ley-lucio-como-hacerlo-digitalmente\/","title":{"rendered":"La familia Dupuy sigue juntando firmas por la Ley Lucio: c\u00f3mo hacerlo digitalmente"},"content":{"rendered":"\n<p>La familia Dupuy sigue juntando firmas para que se trate en el Congreso nacional la llamada Ley Lucio. Se suman firmas a trav\u00e9s de un <strong><a href=\"https:\/\/docs.google.com\/forms\/d\/e\/1FAIpQLScyjSB57aaq53RxvRvpBt5C9UHRF7xnRZkapl686-ZAphTv5g\/viewform\" target=\"_blank\" rel=\"noreferrer noopener\">formulario digital<\/a><\/strong>.<\/p>\n\n\n\n<p>Esta<strong><a href=\"https:\/\/www4.hcdn.gob.ar\/dependencias\/dsecretaria\/Periodo2021\/PDF2021\/TP2021\/4902-D-2021.pdf\" target=\"_blank\" rel=\"noreferrer noopener\"> iniciativa <\/a><\/strong>fue presentada, junto a la familia, por el diputado nacional Mart\u00edn Maquieyra.<\/p>\n\n\n\n<p>La iniciativa plantea los siguientes puntos:<\/p>\n\n\n\n<p>&#8211; L\u00ednea telef\u00f3nica nacional 102 para facilitar la informaci\u00f3n y las denuncias de cualquier ciudadano.<\/p>\n\n\n\n<p>&#8211; Reserva de identidad y protecci\u00f3n para docentes, m\u00e9dicos y agentes que est\u00e1n obligados a denunciar hechos de violencia hacia los ni\u00f1os.<\/p>\n\n\n\n<p>&#8211; Campa\u00f1as de comunicaci\u00f3n nacionales para la concientizaci\u00f3n sobre los derechos de los ni\u00f1os y sus formas de protecci\u00f3n.<\/p>\n\n\n\n<p>&#8211; Capacitaci\u00f3n de los agentes estatales en la prevenci\u00f3n de la violencia en la ni\u00f1ez.<\/p>\n\n\n\n<figure class=\"wp-block-image size-large\"><img fetchpriority=\"high\" decoding=\"async\" width=\"1024\" height=\"1024\" src=\"https:\/\/diariotextual.com\/inicio\/wp-content\/uploads\/2022\/04\/lucioleypetitorio2022-1-1024x1024.jpg\" alt=\"\" class=\"wp-image-185062\" srcset=\"https:\/\/diariotextual.com\/inicio\/wp-content\/uploads\/2022\/04\/lucioleypetitorio2022-1-1024x1024.jpg 1024w, https:\/\/diariotextual.com\/inicio\/wp-content\/uploads\/2022\/04\/lucioleypetitorio2022-1-300x300.jpg 300w, https:\/\/diariotextual.com\/inicio\/wp-content\/uploads\/2022\/04\/lucioleypetitorio2022-1-150x150.jpg 150w, https:\/\/diariotextual.com\/inicio\/wp-content\/uploads\/2022\/04\/lucioleypetitorio2022-1-768x768.jpg 768w, https:\/\/diariotextual.com\/inicio\/wp-content\/uploads\/2022\/04\/lucioleypetitorio2022-1-585x585.jpg 585w, https:\/\/diariotextual.com\/inicio\/wp-content\/uploads\/2022\/04\/lucioleypetitorio2022-1.jpg 1080w\" sizes=\"(max-width: 1024px) 100vw, 1024px\" \/><\/figure>\n\n\n\n<p><br>Lucio vivi\u00f3 un calvario que termin\u00f3 el viernes 26 de noviembre de 2021 por la noche, con su muerte, luego de ser brutalmente golpeado.&nbsp;<\/p>\n\n\n\n<p>Por el crimen, cometido en Santa Rosa, est\u00e1n detenidas su madre Magdalena Esp\u00f3sito Valenti y la pareja Abigail P\u00e1ez.<\/p>\n\n\n\n<p><\/p>\n\n\n\n<figure class=\"wp-block-embed is-type-wp-embed is-provider-diario-textual wp-block-embed-diario-textual\"><div class=\"wp-block-embed__wrapper\">\n<blockquote class=\"wp-embedded-content\" data-secret=\"kIZoX6TDgl\"><a href=\"https:\/\/diariotextual.com\/inicio\/index.php\/2022\/03\/16\/caso-lucio-imputadas-niegan-el-asesinato-y-tienen-rasgos-de-perversidad\/\">Caso Lucio: imputadas niegan el asesinato y, seg\u00fan peritos oficiales, tienen rasgos de perversidad<\/a><\/blockquote><iframe class=\"wp-embedded-content\" sandbox=\"allow-scripts\" security=\"restricted\" style=\"position: absolute; clip: rect(1px, 1px, 1px, 1px);\" title=\"\u00abCaso Lucio: imputadas niegan el asesinato y, seg\u00fan peritos oficiales, tienen rasgos de perversidad\u00bb \u2014 Diario Textual\" src=\"https:\/\/diariotextual.com\/inicio\/index.php\/2022\/03\/16\/caso-lucio-imputadas-niegan-el-asesinato-y-tienen-rasgos-de-perversidad\/embed\/#?secret=crGt6MoVh0#?secret=kIZoX6TDgl\" data-secret=\"kIZoX6TDgl\" width=\"600\" height=\"338\" frameborder=\"0\" marginwidth=\"0\" marginheight=\"0\" scrolling=\"no\"><\/iframe>\n<\/div><\/figure>\n","protected":false},"excerpt":{"rendered":"<p>La familia Dupuy sigue juntando firmas para que se trate en el Congreso nacional la llamada Ley Lucio. Se suman firmas a trav\u00e9s de un formulario digital. Esta iniciativa fue&hellip;<\/p>\n","protected":false},"author":3,"featured_media":185075,"comment_status":"closed","ping_status":"open","sticky":false,"template":"","format":"standard","meta":{"_acf_changed":false,"footnotes":""},"categories":[1,11,12],"tags":[6330],"class_list":["post-185059","post","type-post","status-publish","format-standard","has-post-thumbnail","hentry","category-es-noticia","category-que-pasa","category-sociedad","tag-lucio"],"acf":[],"yoast_head":"<!-- This site is optimized with the Yoast SEO plugin v27.5 - https:\/\/yoast.com\/product\/yoast-seo-wordpress\/ -->\n<title>La familia Dupuy sigue juntando firmas por la Ley Lucio: c\u00f3mo hacerlo digitalmente - Diario Textual<\/title>\n<meta name=\"robots\" content=\"index, follow, max-snippet:-1, max-image-preview:large, max-video-preview:-1\" \/>\n<link rel=\"canonical\" href=\"https:\/\/diariotextual.com\/inicio\/index.php\/2022\/04\/08\/la-familia-dupuy-sigue-juntando-firmas-por-la-ley-lucio-como-hacerlo-digitalmente\/\" \/>\n<meta property=\"og:locale\" content=\"es_ES\" \/>\n<meta property=\"og:type\" content=\"article\" \/>\n<meta property=\"og:title\" content=\"La familia Dupuy sigue juntando firmas por la Ley Lucio: c\u00f3mo hacerlo digitalmente - Diario Textual\" \/>\n<meta property=\"og:description\" content=\"La familia Dupuy sigue juntando firmas para que se trate en el Congreso nacional la llamada Ley Lucio. Se suman firmas a trav\u00e9s de un formulario digital. Esta iniciativa fue&hellip;\" \/>\n<meta property=\"og:url\" content=\"https:\/\/diariotextual.com\/inicio\/index.php\/2022\/04\/08\/la-familia-dupuy-sigue-juntando-firmas-por-la-ley-lucio-como-hacerlo-digitalmente\/\" \/>\n<meta property=\"og:site_name\" content=\"Diario Textual\" \/>\n<meta property=\"article:publisher\" content=\"https:\/\/www.facebook.com\/eltextual\" \/>\n<meta property=\"article:published_time\" content=\"2022-04-08T13:43:57+00:00\" \/>\n<meta property=\"article:modified_time\" content=\"2022-04-08T18:52:55+00:00\" \/>\n<meta property=\"og:image\" content=\"https:\/\/diariotextual.com\/inicio\/wp-content\/uploads\/2022\/04\/luciodupuy101.jpg\" \/>\n\t<meta property=\"og:image:width\" content=\"554\" \/>\n\t<meta property=\"og:image:height\" content=\"422\" \/>\n\t<meta property=\"og:image:type\" content=\"image\/jpeg\" \/>\n<meta name=\"author\" content=\"Diario1 Diario1\" \/>\n<meta name=\"twitter:card\" content=\"summary_large_image\" \/>\n<meta name=\"twitter:creator\" content=\"@eltextual\" \/>\n<meta name=\"twitter:site\" content=\"@eltextual\" \/>\n<meta name=\"twitter:label1\" content=\"Escrito por\" \/>\n\t<meta name=\"twitter:data1\" content=\"Diario1 Diario1\" \/>\n\t<meta name=\"twitter:label2\" content=\"Tiempo de lectura\" \/>\n\t<meta name=\"twitter:data2\" content=\"1 minuto\" \/>\n<script type=\"application\/ld+json\" class=\"yoast-schema-graph\">{\"@context\":\"https:\\\/\\\/schema.org\",\"@graph\":[{\"@type\":\"Article\",\"@id\":\"https:\\\/\\\/diariotextual.com\\\/inicio\\\/index.php\\\/2022\\\/04\\\/08\\\/la-familia-dupuy-sigue-juntando-firmas-por-la-ley-lucio-como-hacerlo-digitalmente\\\/#article\",\"isPartOf\":{\"@id\":\"https:\\\/\\\/diariotextual.com\\\/inicio\\\/index.php\\\/2022\\\/04\\\/08\\\/la-familia-dupuy-sigue-juntando-firmas-por-la-ley-lucio-como-hacerlo-digitalmente\\\/\"},\"author\":{\"name\":\"Diario1 Diario1\",\"@id\":\"https:\\\/\\\/diariotextual.com\\\/inicio\\\/#\\\/schema\\\/person\\\/418fc4093c33e86ed41562db3508f958\"},\"headline\":\"La familia Dupuy sigue juntando firmas por la Ley Lucio: c\u00f3mo hacerlo digitalmente\",\"datePublished\":\"2022-04-08T13:43:57+00:00\",\"dateModified\":\"2022-04-08T18:52:55+00:00\",\"mainEntityOfPage\":{\"@id\":\"https:\\\/\\\/diariotextual.com\\\/inicio\\\/index.php\\\/2022\\\/04\\\/08\\\/la-familia-dupuy-sigue-juntando-firmas-por-la-ley-lucio-como-hacerlo-digitalmente\\\/\"},\"wordCount\":200,\"publisher\":{\"@id\":\"https:\\\/\\\/diariotextual.com\\\/inicio\\\/#organization\"},\"image\":{\"@id\":\"https:\\\/\\\/diariotextual.com\\\/inicio\\\/index.php\\\/2022\\\/04\\\/08\\\/la-familia-dupuy-sigue-juntando-firmas-por-la-ley-lucio-como-hacerlo-digitalmente\\\/#primaryimage\"},\"thumbnailUrl\":\"https:\\\/\\\/diariotextual.com\\\/inicio\\\/wp-content\\\/uploads\\\/2022\\\/04\\\/luciodupuy101.jpg\",\"keywords\":[\"lucio\"],\"articleSection\":[\"A - ES NOTICIA (van abajo)\",\"A - QUE PASA (al costado)\",\"SOCIEDAD\"],\"inLanguage\":\"es\"},{\"@type\":\"WebPage\",\"@id\":\"https:\\\/\\\/diariotextual.com\\\/inicio\\\/index.php\\\/2022\\\/04\\\/08\\\/la-familia-dupuy-sigue-juntando-firmas-por-la-ley-lucio-como-hacerlo-digitalmente\\\/\",\"url\":\"https:\\\/\\\/diariotextual.com\\\/inicio\\\/index.php\\\/2022\\\/04\\\/08\\\/la-familia-dupuy-sigue-juntando-firmas-por-la-ley-lucio-como-hacerlo-digitalmente\\\/\",\"name\":\"La familia Dupuy sigue juntando firmas por la Ley Lucio: c\u00f3mo hacerlo digitalmente - Diario Textual\",\"isPartOf\":{\"@id\":\"https:\\\/\\\/diariotextual.com\\\/inicio\\\/#website\"},\"primaryImageOfPage\":{\"@id\":\"https:\\\/\\\/diariotextual.com\\\/inicio\\\/index.php\\\/2022\\\/04\\\/08\\\/la-familia-dupuy-sigue-juntando-firmas-por-la-ley-lucio-como-hacerlo-digitalmente\\\/#primaryimage\"},\"image\":{\"@id\":\"https:\\\/\\\/diariotextual.com\\\/inicio\\\/index.php\\\/2022\\\/04\\\/08\\\/la-familia-dupuy-sigue-juntando-firmas-por-la-ley-lucio-como-hacerlo-digitalmente\\\/#primaryimage\"},\"thumbnailUrl\":\"https:\\\/\\\/diariotextual.com\\\/inicio\\\/wp-content\\\/uploads\\\/2022\\\/04\\\/luciodupuy101.jpg\",\"datePublished\":\"2022-04-08T13:43:57+00:00\",\"dateModified\":\"2022-04-08T18:52:55+00:00\",\"breadcrumb\":{\"@id\":\"https:\\\/\\\/diariotextual.com\\\/inicio\\\/index.php\\\/2022\\\/04\\\/08\\\/la-familia-dupuy-sigue-juntando-firmas-por-la-ley-lucio-como-hacerlo-digitalmente\\\/#breadcrumb\"},\"inLanguage\":\"es\",\"potentialAction\":[{\"@type\":\"ReadAction\",\"target\":[\"https:\\\/\\\/diariotextual.com\\\/inicio\\\/index.php\\\/2022\\\/04\\\/08\\\/la-familia-dupuy-sigue-juntando-firmas-por-la-ley-lucio-como-hacerlo-digitalmente\\\/\"]}]},{\"@type\":\"ImageObject\",\"inLanguage\":\"es\",\"@id\":\"https:\\\/\\\/diariotextual.com\\\/inicio\\\/index.php\\\/2022\\\/04\\\/08\\\/la-familia-dupuy-sigue-juntando-firmas-por-la-ley-lucio-como-hacerlo-digitalmente\\\/#primaryimage\",\"url\":\"https:\\\/\\\/diariotextual.com\\\/inicio\\\/wp-content\\\/uploads\\\/2022\\\/04\\\/luciodupuy101.jpg\",\"contentUrl\":\"https:\\\/\\\/diariotextual.com\\\/inicio\\\/wp-content\\\/uploads\\\/2022\\\/04\\\/luciodupuy101.jpg\",\"width\":554,\"height\":422},{\"@type\":\"BreadcrumbList\",\"@id\":\"https:\\\/\\\/diariotextual.com\\\/inicio\\\/index.php\\\/2022\\\/04\\\/08\\\/la-familia-dupuy-sigue-juntando-firmas-por-la-ley-lucio-como-hacerlo-digitalmente\\\/#breadcrumb\",\"itemListElement\":[{\"@type\":\"ListItem\",\"position\":1,\"name\":\"Portada\",\"item\":\"https:\\\/\\\/diariotextual.com\\\/inicio\\\/\"},{\"@type\":\"ListItem\",\"position\":2,\"name\":\"La familia Dupuy sigue juntando firmas por la Ley Lucio: c\u00f3mo hacerlo digitalmente\"}]},{\"@type\":\"WebSite\",\"@id\":\"https:\\\/\\\/diariotextual.com\\\/inicio\\\/#website\",\"url\":\"https:\\\/\\\/diariotextual.com\\\/inicio\\\/\",\"name\":\"Diario Textual\",\"description\":\"\",\"publisher\":{\"@id\":\"https:\\\/\\\/diariotextual.com\\\/inicio\\\/#organization\"},\"potentialAction\":[{\"@type\":\"SearchAction\",\"target\":{\"@type\":\"EntryPoint\",\"urlTemplate\":\"https:\\\/\\\/diariotextual.com\\\/inicio\\\/?s={search_term_string}\"},\"query-input\":{\"@type\":\"PropertyValueSpecification\",\"valueRequired\":true,\"valueName\":\"search_term_string\"}}],\"inLanguage\":\"es\"},{\"@type\":\"Organization\",\"@id\":\"https:\\\/\\\/diariotextual.com\\\/inicio\\\/#organization\",\"name\":\"Diario Textual\",\"url\":\"https:\\\/\\\/diariotextual.com\\\/inicio\\\/\",\"logo\":{\"@type\":\"ImageObject\",\"inLanguage\":\"es\",\"@id\":\"https:\\\/\\\/diariotextual.com\\\/inicio\\\/#\\\/schema\\\/logo\\\/image\\\/\",\"url\":\"https:\\\/\\\/diariotextual.com\\\/inicio\\\/wp-content\\\/uploads\\\/2023\\\/05\\\/logotextual1.jpg\",\"contentUrl\":\"https:\\\/\\\/diariotextual.com\\\/inicio\\\/wp-content\\\/uploads\\\/2023\\\/05\\\/logotextual1.jpg\",\"width\":516,\"height\":76,\"caption\":\"Diario Textual\"},\"image\":{\"@id\":\"https:\\\/\\\/diariotextual.com\\\/inicio\\\/#\\\/schema\\\/logo\\\/image\\\/\"},\"sameAs\":[\"https:\\\/\\\/www.facebook.com\\\/eltextual\",\"https:\\\/\\\/x.com\\\/eltextual\",\"http:\\\/\\\/www.instagram.com\\\/eltextual\"]},{\"@type\":\"Person\",\"@id\":\"https:\\\/\\\/diariotextual.com\\\/inicio\\\/#\\\/schema\\\/person\\\/418fc4093c33e86ed41562db3508f958\",\"name\":\"Diario1 Diario1\",\"image\":{\"@type\":\"ImageObject\",\"inLanguage\":\"es\",\"@id\":\"https:\\\/\\\/secure.gravatar.com\\\/avatar\\\/9167d280179c85bc18be67aa7eda765854300033af4896dd779b608640f2ef7a?s=96&d=mm&r=g\",\"url\":\"https:\\\/\\\/secure.gravatar.com\\\/avatar\\\/9167d280179c85bc18be67aa7eda765854300033af4896dd779b608640f2ef7a?s=96&d=mm&r=g\",\"contentUrl\":\"https:\\\/\\\/secure.gravatar.com\\\/avatar\\\/9167d280179c85bc18be67aa7eda765854300033af4896dd779b608640f2ef7a?s=96&d=mm&r=g\",\"caption\":\"Diario1 Diario1\"},\"url\":\"https:\\\/\\\/diariotextual.com\\\/inicio\\\/index.php\\\/author\\\/diario1\\\/\"}]}<\/script>\n<!-- \/ Yoast SEO plugin. -->","yoast_head_json":{"title":"La familia Dupuy sigue juntando firmas por la Ley Lucio: c\u00f3mo hacerlo digitalmente - Diario Textual","robots":{"index":"index","follow":"follow","max-snippet":"max-snippet:-1","max-image-preview":"max-image-preview:large","max-video-preview":"max-video-preview:-1"},"canonical":"https:\/\/diariotextual.com\/inicio\/index.php\/2022\/04\/08\/la-familia-dupuy-sigue-juntando-firmas-por-la-ley-lucio-como-hacerlo-digitalmente\/","og_locale":"es_ES","og_type":"article","og_title":"La familia Dupuy sigue juntando firmas por la Ley Lucio: c\u00f3mo hacerlo digitalmente - Diario Textual","og_description":"La familia Dupuy sigue juntando firmas para que se trate en el Congreso nacional la llamada Ley Lucio. Se suman firmas a trav\u00e9s de un formulario digital. Esta iniciativa fue&hellip;","og_url":"https:\/\/diariotextual.com\/inicio\/index.php\/2022\/04\/08\/la-familia-dupuy-sigue-juntando-firmas-por-la-ley-lucio-como-hacerlo-digitalmente\/","og_site_name":"Diario Textual","article_publisher":"https:\/\/www.facebook.com\/eltextual","article_published_time":"2022-04-08T13:43:57+00:00","article_modified_time":"2022-04-08T18:52:55+00:00","og_image":[{"width":554,"height":422,"url":"https:\/\/diariotextual.com\/inicio\/wp-content\/uploads\/2022\/04\/luciodupuy101.jpg","type":"image\/jpeg"}],"author":"Diario1 Diario1","twitter_card":"summary_large_image","twitter_creator":"@eltextual","twitter_site":"@eltextual","twitter_misc":{"Escrito por":"Diario1 Diario1","Tiempo de lectura":"1 minuto"},"schema":{"@context":"https:\/\/schema.org","@graph":[{"@type":"Article","@id":"https:\/\/diariotextual.com\/inicio\/index.php\/2022\/04\/08\/la-familia-dupuy-sigue-juntando-firmas-por-la-ley-lucio-como-hacerlo-digitalmente\/#article","isPartOf":{"@id":"https:\/\/diariotextual.com\/inicio\/index.php\/2022\/04\/08\/la-familia-dupuy-sigue-juntando-firmas-por-la-ley-lucio-como-hacerlo-digitalmente\/"},"author":{"name":"Diario1 Diario1","@id":"https:\/\/diariotextual.com\/inicio\/#\/schema\/person\/418fc4093c33e86ed41562db3508f958"},"headline":"La familia Dupuy sigue juntando firmas por la Ley Lucio: c\u00f3mo hacerlo digitalmente","datePublished":"2022-04-08T13:43:57+00:00","dateModified":"2022-04-08T18:52:55+00:00","mainEntityOfPage":{"@id":"https:\/\/diariotextual.com\/inicio\/index.php\/2022\/04\/08\/la-familia-dupuy-sigue-juntando-firmas-por-la-ley-lucio-como-hacerlo-digitalmente\/"},"wordCount":200,"publisher":{"@id":"https:\/\/diariotextual.com\/inicio\/#organization"},"image":{"@id":"https:\/\/diariotextual.com\/inicio\/index.php\/2022\/04\/08\/la-familia-dupuy-sigue-juntando-firmas-por-la-ley-lucio-como-hacerlo-digitalmente\/#primaryimage"},"thumbnailUrl":"https:\/\/diariotextual.com\/inicio\/wp-content\/uploads\/2022\/04\/luciodupuy101.jpg","keywords":["lucio"],"articleSection":["A - ES NOTICIA (van abajo)","A - QUE PASA (al costado)","SOCIEDAD"],"inLanguage":"es"},{"@type":"WebPage","@id":"https:\/\/diariotextual.com\/inicio\/index.php\/2022\/04\/08\/la-familia-dupuy-sigue-juntando-firmas-por-la-ley-lucio-como-hacerlo-digitalmente\/","url":"https:\/\/diariotextual.com\/inicio\/index.php\/2022\/04\/08\/la-familia-dupuy-sigue-juntando-firmas-por-la-ley-lucio-como-hacerlo-digitalmente\/","name":"La familia Dupuy sigue juntando firmas por la Ley Lucio: c\u00f3mo hacerlo digitalmente - Diario Textual","isPartOf":{"@id":"https:\/\/diariotextual.com\/inicio\/#website"},"primaryImageOfPage":{"@id":"https:\/\/diariotextual.com\/inicio\/index.php\/2022\/04\/08\/la-familia-dupuy-sigue-juntando-firmas-por-la-ley-lucio-como-hacerlo-digitalmente\/#primaryimage"},"image":{"@id":"https:\/\/diariotextual.com\/inicio\/index.php\/2022\/04\/08\/la-familia-dupuy-sigue-juntando-firmas-por-la-ley-lucio-como-hacerlo-digitalmente\/#primaryimage"},"thumbnailUrl":"https:\/\/diariotextual.com\/inicio\/wp-content\/uploads\/2022\/04\/luciodupuy101.jpg","datePublished":"2022-04-08T13:43:57+00:00","dateModified":"2022-04-08T18:52:55+00:00","breadcrumb":{"@id":"https:\/\/diariotextual.com\/inicio\/index.php\/2022\/04\/08\/la-familia-dupuy-sigue-juntando-firmas-por-la-ley-lucio-como-hacerlo-digitalmente\/#breadcrumb"},"inLanguage":"es","potentialAction":[{"@type":"ReadAction","target":["https:\/\/diariotextual.com\/inicio\/index.php\/2022\/04\/08\/la-familia-dupuy-sigue-juntando-firmas-por-la-ley-lucio-como-hacerlo-digitalmente\/"]}]},{"@type":"ImageObject","inLanguage":"es","@id":"https:\/\/diariotextual.com\/inicio\/index.php\/2022\/04\/08\/la-familia-dupuy-sigue-juntando-firmas-por-la-ley-lucio-como-hacerlo-digitalmente\/#primaryimage","url":"https:\/\/diariotextual.com\/inicio\/wp-content\/uploads\/2022\/04\/luciodupuy101.jpg","contentUrl":"https:\/\/diariotextual.com\/inicio\/wp-content\/uploads\/2022\/04\/luciodupuy101.jpg","width":554,"height":422},{"@type":"BreadcrumbList","@id":"https:\/\/diariotextual.com\/inicio\/index.php\/2022\/04\/08\/la-familia-dupuy-sigue-juntando-firmas-por-la-ley-lucio-como-hacerlo-digitalmente\/#breadcrumb","itemListElement":[{"@type":"ListItem","position":1,"name":"Portada","item":"https:\/\/diariotextual.com\/inicio\/"},{"@type":"ListItem","position":2,"name":"La familia Dupuy sigue juntando firmas por la Ley Lucio: c\u00f3mo hacerlo digitalmente"}]},{"@type":"WebSite","@id":"https:\/\/diariotextual.com\/inicio\/#website","url":"https:\/\/diariotextual.com\/inicio\/","name":"Diario Textual","description":"","publisher":{"@id":"https:\/\/diariotextual.com\/inicio\/#organization"},"potentialAction":[{"@type":"SearchAction","target":{"@type":"EntryPoint","urlTemplate":"https:\/\/diariotextual.com\/inicio\/?s={search_term_string}"},"query-input":{"@type":"PropertyValueSpecification","valueRequired":true,"valueName":"search_term_string"}}],"inLanguage":"es"},{"@type":"Organization","@id":"https:\/\/diariotextual.com\/inicio\/#organization","name":"Diario Textual","url":"https:\/\/diariotextual.com\/inicio\/","logo":{"@type":"ImageObject","inLanguage":"es","@id":"https:\/\/diariotextual.com\/inicio\/#\/schema\/logo\/image\/","url":"https:\/\/diariotextual.com\/inicio\/wp-content\/uploads\/2023\/05\/logotextual1.jpg","contentUrl":"https:\/\/diariotextual.com\/inicio\/wp-content\/uploads\/2023\/05\/logotextual1.jpg","width":516,"height":76,"caption":"Diario Textual"},"image":{"@id":"https:\/\/diariotextual.com\/inicio\/#\/schema\/logo\/image\/"},"sameAs":["https:\/\/www.facebook.com\/eltextual","https:\/\/x.com\/eltextual","http:\/\/www.instagram.com\/eltextual"]},{"@type":"Person","@id":"https:\/\/diariotextual.com\/inicio\/#\/schema\/person\/418fc4093c33e86ed41562db3508f958","name":"Diario1 Diario1","image":{"@type":"ImageObject","inLanguage":"es","@id":"https:\/\/secure.gravatar.com\/avatar\/9167d280179c85bc18be67aa7eda765854300033af4896dd779b608640f2ef7a?s=96&d=mm&r=g","url":"https:\/\/secure.gravatar.com\/avatar\/9167d280179c85bc18be67aa7eda765854300033af4896dd779b608640f2ef7a?s=96&d=mm&r=g","contentUrl":"https:\/\/secure.gravatar.com\/avatar\/9167d280179c85bc18be67aa7eda765854300033af4896dd779b608640f2ef7a?s=96&d=mm&r=g","caption":"Diario1 Diario1"},"url":"https:\/\/diariotextual.com\/inicio\/index.php\/author\/diario1\/"}]}},"_links":{"self":[{"href":"https:\/\/diariotextual.com\/inicio\/index.php\/wp-json\/wp\/v2\/posts\/185059","targetHints":{"allow":["GET"]}}],"collection":[{"href":"https:\/\/diariotextual.com\/inicio\/index.php\/wp-json\/wp\/v2\/posts"}],"about":[{"href":"https:\/\/diariotextual.com\/inicio\/index.php\/wp-json\/wp\/v2\/types\/post"}],"author":[{"embeddable":true,"href":"https:\/\/diariotextual.com\/inicio\/index.php\/wp-json\/wp\/v2\/users\/3"}],"replies":[{"embeddable":true,"href":"https:\/\/diariotextual.com\/inicio\/index.php\/wp-json\/wp\/v2\/comments?post=185059"}],"version-history":[{"count":7,"href":"https:\/\/diariotextual.com\/inicio\/index.php\/wp-json\/wp\/v2\/posts\/185059\/revisions"}],"predecessor-version":[{"id":185076,"href":"https:\/\/diariotextual.com\/inicio\/index.php\/wp-json\/wp\/v2\/posts\/185059\/revisions\/185076"}],"wp:featuredmedia":[{"embeddable":true,"href":"https:\/\/diariotextual.com\/inicio\/index.php\/wp-json\/wp\/v2\/media\/185075"}],"wp:attachment":[{"href":"https:\/\/diariotextual.com\/inicio\/index.php\/wp-json\/wp\/v2\/media?parent=185059"}],"wp:term":[{"taxonomy":"category","embeddable":true,"href":"https:\/\/diariotextual.com\/inicio\/index.php\/wp-json\/wp\/v2\/categories?post=185059"},{"taxonomy":"post_tag","embeddable":true,"href":"https:\/\/diariotextual.com\/inicio\/index.php\/wp-json\/wp\/v2\/tags?post=185059"}],"curies":[{"name":"wp","href":"https:\/\/api.w.org\/{rel}","templated":true}]}}