{"id":185506,"date":"2022-04-13T09:48:54","date_gmt":"2022-04-13T12:48:54","guid":{"rendered":"https:\/\/diariotextual.com\/inicio\/?p=185506"},"modified":"2022-04-13T09:51:12","modified_gmt":"2022-04-13T12:51:12","slug":"el-pedido-de-los-companeritos-de-escuela-de-guada-ya-pusimos-toda-la-plata-del-raton-perez-pero-no-nos-alcanzo-nos-ayudas","status":"publish","type":"post","link":"https:\/\/diariotextual.com\/inicio\/index.php\/2022\/04\/13\/el-pedido-de-los-companeritos-de-escuela-de-guada-ya-pusimos-toda-la-plata-del-raton-perez-pero-no-nos-alcanzo-nos-ayudas\/","title":{"rendered":"El pedido de los compa\u00f1eritos de escuela de Guada: \u201cYa pusimos toda la plata del Rat\u00f3n P\u00e9rez pero no nos alcanz\u00f3, \u00bfNos ayud\u00e1s?\u201d"},"content":{"rendered":"\n<p>Los compa\u00f1eros y compa\u00f1eras de escuela de<strong> Guadalupe de la Cruz,<\/strong> la nena de<strong> 8 a\u00f1os<\/strong> que debe viajar a Espa\u00f1a a tratarse de un c\u00e1ncer, pidieron a trav\u00e9s de las redes sociales ayuda para la peque\u00f1a. <strong>\u201cYa pusimos toda la plata del Rat\u00f3n P\u00e9rez, pero no nos alcanz\u00f3, \u00bfNos ayud\u00e1s?, Queremos que Guada vuelva a jugar con nosotros\u201d<\/strong>, expresaron en un video que se viraliz\u00f3.<\/p>\n\n\n\n<p>Guada debe juntar 305 mil euros para viajar a Barcelona a recibir una&nbsp;inmunoterapia&nbsp;diferente a la que recibi\u00f3 en Argentina.&nbsp;La nena fue diagnosticada con neuroblastoma en 2019. Es un c\u00e1ncer que se manifiesta com\u00fanmente en las gl\u00e1ndulas suprarrenales. Suele encontrarse en las peque\u00f1as gl\u00e1ndulas ubicadas sobre los ri\u00f1ones (gl\u00e1ndulas suprarrenales). Puede desarrollarse en el est\u00f3mago, el pecho, el cuello, la pelvis y los huesos.<\/p>\n\n\n\n<p>La familia ya junt\u00f3 algo de dinero, pero falta. Por eso, sus compa\u00f1eritos del colegio del Instituto Visi\u00f3n Tecnol\u00f3gica decidieron armar un video para pedirle a la gente que colabore.<\/p>\n\n\n\n<p>\u201cGuada es nuestra amiga, tiene una enfermedad que se llama neuroblastoma, hizo un tratamiento en Argentina y ahora necesita juntar mucha plata para viajar a Barcelona\u201d, explicaron los nenes y nenas que comparten el aula con Guada.<\/p>\n\n\n\n<p>\u201cNosotros ya pusimos toda la plata del Rat\u00f3n P\u00e9rez, pero no nos alcanz\u00f3. \u00bfNos ayud\u00e1s? Qqueremos que guada vuelva a jugar con nosotros en la escuela\u201d, dijeron.<\/p>\n\n\n\n<p>Quienes quieran aportar su ayuda, pueden hacerlo en la&nbsp;caja de ahorro 010000100049347436, CBU 0930300120100493474361, alias MEDICO.CALOR.CUNA, CUIT 23297577034.<\/p>\n","protected":false},"excerpt":{"rendered":"<p>Los compa\u00f1eros y compa\u00f1eras de escuela de Guadalupe de la Cruz, la nena de 8 a\u00f1os que debe viajar a Espa\u00f1a a tratarse de un c\u00e1ncer, pidieron a trav\u00e9s de&hellip;<\/p>\n","protected":false},"author":7,"featured_media":185511,"comment_status":"closed","ping_status":"open","sticky":false,"template":"","format":"standard","meta":{"_acf_changed":false,"footnotes":""},"categories":[4,12],"tags":[4569],"class_list":["post-185506","post","type-post","status-publish","format-standard","has-post-thumbnail","hentry","category-destacadas","category-sociedad","tag-guada"],"acf":[],"yoast_head":"<!-- This site is optimized with the Yoast SEO plugin v27.5 - https:\/\/yoast.com\/product\/yoast-seo-wordpress\/ -->\n<title>El pedido de los compa\u00f1eritos de escuela de Guada: \u201cYa pusimos toda la plata del Rat\u00f3n P\u00e9rez pero no nos alcanz\u00f3, \u00bfNos ayud\u00e1s?\u201d - Diario Textual<\/title>\n<meta name=\"robots\" content=\"index, follow, max-snippet:-1, max-image-preview:large, max-video-preview:-1\" \/>\n<link rel=\"canonical\" href=\"https:\/\/diariotextual.com\/inicio\/index.php\/2022\/04\/13\/el-pedido-de-los-companeritos-de-escuela-de-guada-ya-pusimos-toda-la-plata-del-raton-perez-pero-no-nos-alcanzo-nos-ayudas\/\" \/>\n<meta property=\"og:locale\" content=\"es_ES\" \/>\n<meta property=\"og:type\" content=\"article\" \/>\n<meta property=\"og:title\" content=\"El pedido de los compa\u00f1eritos de escuela de Guada: \u201cYa pusimos toda la plata del Rat\u00f3n P\u00e9rez pero no nos alcanz\u00f3, \u00bfNos ayud\u00e1s?\u201d - Diario Textual\" \/>\n<meta property=\"og:description\" content=\"Los compa\u00f1eros y compa\u00f1eras de escuela de Guadalupe de la Cruz, la nena de 8 a\u00f1os que debe viajar a Espa\u00f1a a tratarse de un c\u00e1ncer, pidieron a trav\u00e9s de&hellip;\" \/>\n<meta property=\"og:url\" content=\"https:\/\/diariotextual.com\/inicio\/index.php\/2022\/04\/13\/el-pedido-de-los-companeritos-de-escuela-de-guada-ya-pusimos-toda-la-plata-del-raton-perez-pero-no-nos-alcanzo-nos-ayudas\/\" \/>\n<meta property=\"og:site_name\" content=\"Diario Textual\" \/>\n<meta property=\"article:publisher\" content=\"https:\/\/www.facebook.com\/eltextual\" \/>\n<meta property=\"article:published_time\" content=\"2022-04-13T12:48:54+00:00\" \/>\n<meta property=\"article:modified_time\" content=\"2022-04-13T12:51:12+00:00\" \/>\n<meta property=\"og:image\" content=\"https:\/\/diariotextual.com\/inicio\/wp-content\/uploads\/2022\/04\/guadaysuscompaneritos-1.jpg\" \/>\n\t<meta property=\"og:image:width\" content=\"489\" \/>\n\t<meta property=\"og:image:height\" content=\"340\" \/>\n\t<meta property=\"og:image:type\" content=\"image\/jpeg\" \/>\n<meta name=\"author\" content=\"diario5\" \/>\n<meta name=\"twitter:card\" content=\"summary_large_image\" \/>\n<meta name=\"twitter:creator\" content=\"@eltextual\" \/>\n<meta name=\"twitter:site\" content=\"@eltextual\" \/>\n<meta name=\"twitter:label1\" content=\"Escrito por\" \/>\n\t<meta name=\"twitter:data1\" content=\"diario5\" \/>\n\t<meta name=\"twitter:label2\" content=\"Tiempo de lectura\" \/>\n\t<meta name=\"twitter:data2\" content=\"2 minutos\" \/>\n<script type=\"application\/ld+json\" class=\"yoast-schema-graph\">{\"@context\":\"https:\\\/\\\/schema.org\",\"@graph\":[{\"@type\":\"Article\",\"@id\":\"https:\\\/\\\/diariotextual.com\\\/inicio\\\/index.php\\\/2022\\\/04\\\/13\\\/el-pedido-de-los-companeritos-de-escuela-de-guada-ya-pusimos-toda-la-plata-del-raton-perez-pero-no-nos-alcanzo-nos-ayudas\\\/#article\",\"isPartOf\":{\"@id\":\"https:\\\/\\\/diariotextual.com\\\/inicio\\\/index.php\\\/2022\\\/04\\\/13\\\/el-pedido-de-los-companeritos-de-escuela-de-guada-ya-pusimos-toda-la-plata-del-raton-perez-pero-no-nos-alcanzo-nos-ayudas\\\/\"},\"author\":{\"name\":\"diario5\",\"@id\":\"https:\\\/\\\/diariotextual.com\\\/inicio\\\/#\\\/schema\\\/person\\\/c7834961ad8b29b1d9cdbf4571299067\"},\"headline\":\"El pedido de los compa\u00f1eritos de escuela de Guada: \u201cYa pusimos toda la plata del Rat\u00f3n P\u00e9rez pero no nos alcanz\u00f3, \u00bfNos ayud\u00e1s?\u201d\",\"datePublished\":\"2022-04-13T12:48:54+00:00\",\"dateModified\":\"2022-04-13T12:51:12+00:00\",\"mainEntityOfPage\":{\"@id\":\"https:\\\/\\\/diariotextual.com\\\/inicio\\\/index.php\\\/2022\\\/04\\\/13\\\/el-pedido-de-los-companeritos-de-escuela-de-guada-ya-pusimos-toda-la-plata-del-raton-perez-pero-no-nos-alcanzo-nos-ayudas\\\/\"},\"wordCount\":296,\"publisher\":{\"@id\":\"https:\\\/\\\/diariotextual.com\\\/inicio\\\/#organization\"},\"image\":{\"@id\":\"https:\\\/\\\/diariotextual.com\\\/inicio\\\/index.php\\\/2022\\\/04\\\/13\\\/el-pedido-de-los-companeritos-de-escuela-de-guada-ya-pusimos-toda-la-plata-del-raton-perez-pero-no-nos-alcanzo-nos-ayudas\\\/#primaryimage\"},\"thumbnailUrl\":\"https:\\\/\\\/diariotextual.com\\\/inicio\\\/wp-content\\\/uploads\\\/2022\\\/04\\\/guadaysuscompaneritos-1.jpg\",\"keywords\":[\"Guada\"],\"articleSection\":[\"A - DESTACADAS (mod 16)\",\"SOCIEDAD\"],\"inLanguage\":\"es\"},{\"@type\":\"WebPage\",\"@id\":\"https:\\\/\\\/diariotextual.com\\\/inicio\\\/index.php\\\/2022\\\/04\\\/13\\\/el-pedido-de-los-companeritos-de-escuela-de-guada-ya-pusimos-toda-la-plata-del-raton-perez-pero-no-nos-alcanzo-nos-ayudas\\\/\",\"url\":\"https:\\\/\\\/diariotextual.com\\\/inicio\\\/index.php\\\/2022\\\/04\\\/13\\\/el-pedido-de-los-companeritos-de-escuela-de-guada-ya-pusimos-toda-la-plata-del-raton-perez-pero-no-nos-alcanzo-nos-ayudas\\\/\",\"name\":\"El pedido de los compa\u00f1eritos de escuela de Guada: \u201cYa pusimos toda la plata del Rat\u00f3n P\u00e9rez pero no nos alcanz\u00f3, \u00bfNos ayud\u00e1s?\u201d - Diario Textual\",\"isPartOf\":{\"@id\":\"https:\\\/\\\/diariotextual.com\\\/inicio\\\/#website\"},\"primaryImageOfPage\":{\"@id\":\"https:\\\/\\\/diariotextual.com\\\/inicio\\\/index.php\\\/2022\\\/04\\\/13\\\/el-pedido-de-los-companeritos-de-escuela-de-guada-ya-pusimos-toda-la-plata-del-raton-perez-pero-no-nos-alcanzo-nos-ayudas\\\/#primaryimage\"},\"image\":{\"@id\":\"https:\\\/\\\/diariotextual.com\\\/inicio\\\/index.php\\\/2022\\\/04\\\/13\\\/el-pedido-de-los-companeritos-de-escuela-de-guada-ya-pusimos-toda-la-plata-del-raton-perez-pero-no-nos-alcanzo-nos-ayudas\\\/#primaryimage\"},\"thumbnailUrl\":\"https:\\\/\\\/diariotextual.com\\\/inicio\\\/wp-content\\\/uploads\\\/2022\\\/04\\\/guadaysuscompaneritos-1.jpg\",\"datePublished\":\"2022-04-13T12:48:54+00:00\",\"dateModified\":\"2022-04-13T12:51:12+00:00\",\"breadcrumb\":{\"@id\":\"https:\\\/\\\/diariotextual.com\\\/inicio\\\/index.php\\\/2022\\\/04\\\/13\\\/el-pedido-de-los-companeritos-de-escuela-de-guada-ya-pusimos-toda-la-plata-del-raton-perez-pero-no-nos-alcanzo-nos-ayudas\\\/#breadcrumb\"},\"inLanguage\":\"es\",\"potentialAction\":[{\"@type\":\"ReadAction\",\"target\":[\"https:\\\/\\\/diariotextual.com\\\/inicio\\\/index.php\\\/2022\\\/04\\\/13\\\/el-pedido-de-los-companeritos-de-escuela-de-guada-ya-pusimos-toda-la-plata-del-raton-perez-pero-no-nos-alcanzo-nos-ayudas\\\/\"]}]},{\"@type\":\"ImageObject\",\"inLanguage\":\"es\",\"@id\":\"https:\\\/\\\/diariotextual.com\\\/inicio\\\/index.php\\\/2022\\\/04\\\/13\\\/el-pedido-de-los-companeritos-de-escuela-de-guada-ya-pusimos-toda-la-plata-del-raton-perez-pero-no-nos-alcanzo-nos-ayudas\\\/#primaryimage\",\"url\":\"https:\\\/\\\/diariotextual.com\\\/inicio\\\/wp-content\\\/uploads\\\/2022\\\/04\\\/guadaysuscompaneritos-1.jpg\",\"contentUrl\":\"https:\\\/\\\/diariotextual.com\\\/inicio\\\/wp-content\\\/uploads\\\/2022\\\/04\\\/guadaysuscompaneritos-1.jpg\",\"width\":489,\"height\":340},{\"@type\":\"BreadcrumbList\",\"@id\":\"https:\\\/\\\/diariotextual.com\\\/inicio\\\/index.php\\\/2022\\\/04\\\/13\\\/el-pedido-de-los-companeritos-de-escuela-de-guada-ya-pusimos-toda-la-plata-del-raton-perez-pero-no-nos-alcanzo-nos-ayudas\\\/#breadcrumb\",\"itemListElement\":[{\"@type\":\"ListItem\",\"position\":1,\"name\":\"Portada\",\"item\":\"https:\\\/\\\/diariotextual.com\\\/inicio\\\/\"},{\"@type\":\"ListItem\",\"position\":2,\"name\":\"El pedido de los compa\u00f1eritos de escuela de Guada: \u201cYa pusimos toda la plata del Rat\u00f3n P\u00e9rez pero no nos alcanz\u00f3, \u00bfNos ayud\u00e1s?\u201d\"}]},{\"@type\":\"WebSite\",\"@id\":\"https:\\\/\\\/diariotextual.com\\\/inicio\\\/#website\",\"url\":\"https:\\\/\\\/diariotextual.com\\\/inicio\\\/\",\"name\":\"Diario Textual\",\"description\":\"\",\"publisher\":{\"@id\":\"https:\\\/\\\/diariotextual.com\\\/inicio\\\/#organization\"},\"potentialAction\":[{\"@type\":\"SearchAction\",\"target\":{\"@type\":\"EntryPoint\",\"urlTemplate\":\"https:\\\/\\\/diariotextual.com\\\/inicio\\\/?s={search_term_string}\"},\"query-input\":{\"@type\":\"PropertyValueSpecification\",\"valueRequired\":true,\"valueName\":\"search_term_string\"}}],\"inLanguage\":\"es\"},{\"@type\":\"Organization\",\"@id\":\"https:\\\/\\\/diariotextual.com\\\/inicio\\\/#organization\",\"name\":\"Diario Textual\",\"url\":\"https:\\\/\\\/diariotextual.com\\\/inicio\\\/\",\"logo\":{\"@type\":\"ImageObject\",\"inLanguage\":\"es\",\"@id\":\"https:\\\/\\\/diariotextual.com\\\/inicio\\\/#\\\/schema\\\/logo\\\/image\\\/\",\"url\":\"https:\\\/\\\/diariotextual.com\\\/inicio\\\/wp-content\\\/uploads\\\/2023\\\/05\\\/logotextual1.jpg\",\"contentUrl\":\"https:\\\/\\\/diariotextual.com\\\/inicio\\\/wp-content\\\/uploads\\\/2023\\\/05\\\/logotextual1.jpg\",\"width\":516,\"height\":76,\"caption\":\"Diario Textual\"},\"image\":{\"@id\":\"https:\\\/\\\/diariotextual.com\\\/inicio\\\/#\\\/schema\\\/logo\\\/image\\\/\"},\"sameAs\":[\"https:\\\/\\\/www.facebook.com\\\/eltextual\",\"https:\\\/\\\/x.com\\\/eltextual\",\"http:\\\/\\\/www.instagram.com\\\/eltextual\"]},{\"@type\":\"Person\",\"@id\":\"https:\\\/\\\/diariotextual.com\\\/inicio\\\/#\\\/schema\\\/person\\\/c7834961ad8b29b1d9cdbf4571299067\",\"name\":\"diario5\",\"image\":{\"@type\":\"ImageObject\",\"inLanguage\":\"es\",\"@id\":\"https:\\\/\\\/secure.gravatar.com\\\/avatar\\\/948c893b847ca6df68216ead81b63f363408ec9b0f600fefc0641ce78613b111?s=96&d=mm&r=g\",\"url\":\"https:\\\/\\\/secure.gravatar.com\\\/avatar\\\/948c893b847ca6df68216ead81b63f363408ec9b0f600fefc0641ce78613b111?s=96&d=mm&r=g\",\"contentUrl\":\"https:\\\/\\\/secure.gravatar.com\\\/avatar\\\/948c893b847ca6df68216ead81b63f363408ec9b0f600fefc0641ce78613b111?s=96&d=mm&r=g\",\"caption\":\"diario5\"},\"url\":\"https:\\\/\\\/diariotextual.com\\\/inicio\\\/index.php\\\/author\\\/diario5\\\/\"}]}<\/script>\n<!-- \/ Yoast SEO plugin. -->","yoast_head_json":{"title":"El pedido de los compa\u00f1eritos de escuela de Guada: \u201cYa pusimos toda la plata del Rat\u00f3n P\u00e9rez pero no nos alcanz\u00f3, \u00bfNos ayud\u00e1s?\u201d - Diario Textual","robots":{"index":"index","follow":"follow","max-snippet":"max-snippet:-1","max-image-preview":"max-image-preview:large","max-video-preview":"max-video-preview:-1"},"canonical":"https:\/\/diariotextual.com\/inicio\/index.php\/2022\/04\/13\/el-pedido-de-los-companeritos-de-escuela-de-guada-ya-pusimos-toda-la-plata-del-raton-perez-pero-no-nos-alcanzo-nos-ayudas\/","og_locale":"es_ES","og_type":"article","og_title":"El pedido de los compa\u00f1eritos de escuela de Guada: \u201cYa pusimos toda la plata del Rat\u00f3n P\u00e9rez pero no nos alcanz\u00f3, \u00bfNos ayud\u00e1s?\u201d - Diario Textual","og_description":"Los compa\u00f1eros y compa\u00f1eras de escuela de Guadalupe de la Cruz, la nena de 8 a\u00f1os que debe viajar a Espa\u00f1a a tratarse de un c\u00e1ncer, pidieron a trav\u00e9s de&hellip;","og_url":"https:\/\/diariotextual.com\/inicio\/index.php\/2022\/04\/13\/el-pedido-de-los-companeritos-de-escuela-de-guada-ya-pusimos-toda-la-plata-del-raton-perez-pero-no-nos-alcanzo-nos-ayudas\/","og_site_name":"Diario Textual","article_publisher":"https:\/\/www.facebook.com\/eltextual","article_published_time":"2022-04-13T12:48:54+00:00","article_modified_time":"2022-04-13T12:51:12+00:00","og_image":[{"width":489,"height":340,"url":"https:\/\/diariotextual.com\/inicio\/wp-content\/uploads\/2022\/04\/guadaysuscompaneritos-1.jpg","type":"image\/jpeg"}],"author":"diario5","twitter_card":"summary_large_image","twitter_creator":"@eltextual","twitter_site":"@eltextual","twitter_misc":{"Escrito por":"diario5","Tiempo de lectura":"2 minutos"},"schema":{"@context":"https:\/\/schema.org","@graph":[{"@type":"Article","@id":"https:\/\/diariotextual.com\/inicio\/index.php\/2022\/04\/13\/el-pedido-de-los-companeritos-de-escuela-de-guada-ya-pusimos-toda-la-plata-del-raton-perez-pero-no-nos-alcanzo-nos-ayudas\/#article","isPartOf":{"@id":"https:\/\/diariotextual.com\/inicio\/index.php\/2022\/04\/13\/el-pedido-de-los-companeritos-de-escuela-de-guada-ya-pusimos-toda-la-plata-del-raton-perez-pero-no-nos-alcanzo-nos-ayudas\/"},"author":{"name":"diario5","@id":"https:\/\/diariotextual.com\/inicio\/#\/schema\/person\/c7834961ad8b29b1d9cdbf4571299067"},"headline":"El pedido de los compa\u00f1eritos de escuela de Guada: \u201cYa pusimos toda la plata del Rat\u00f3n P\u00e9rez pero no nos alcanz\u00f3, \u00bfNos ayud\u00e1s?\u201d","datePublished":"2022-04-13T12:48:54+00:00","dateModified":"2022-04-13T12:51:12+00:00","mainEntityOfPage":{"@id":"https:\/\/diariotextual.com\/inicio\/index.php\/2022\/04\/13\/el-pedido-de-los-companeritos-de-escuela-de-guada-ya-pusimos-toda-la-plata-del-raton-perez-pero-no-nos-alcanzo-nos-ayudas\/"},"wordCount":296,"publisher":{"@id":"https:\/\/diariotextual.com\/inicio\/#organization"},"image":{"@id":"https:\/\/diariotextual.com\/inicio\/index.php\/2022\/04\/13\/el-pedido-de-los-companeritos-de-escuela-de-guada-ya-pusimos-toda-la-plata-del-raton-perez-pero-no-nos-alcanzo-nos-ayudas\/#primaryimage"},"thumbnailUrl":"https:\/\/diariotextual.com\/inicio\/wp-content\/uploads\/2022\/04\/guadaysuscompaneritos-1.jpg","keywords":["Guada"],"articleSection":["A - DESTACADAS (mod 16)","SOCIEDAD"],"inLanguage":"es"},{"@type":"WebPage","@id":"https:\/\/diariotextual.com\/inicio\/index.php\/2022\/04\/13\/el-pedido-de-los-companeritos-de-escuela-de-guada-ya-pusimos-toda-la-plata-del-raton-perez-pero-no-nos-alcanzo-nos-ayudas\/","url":"https:\/\/diariotextual.com\/inicio\/index.php\/2022\/04\/13\/el-pedido-de-los-companeritos-de-escuela-de-guada-ya-pusimos-toda-la-plata-del-raton-perez-pero-no-nos-alcanzo-nos-ayudas\/","name":"El pedido de los compa\u00f1eritos de escuela de Guada: \u201cYa pusimos toda la plata del Rat\u00f3n P\u00e9rez pero no nos alcanz\u00f3, \u00bfNos ayud\u00e1s?\u201d - Diario Textual","isPartOf":{"@id":"https:\/\/diariotextual.com\/inicio\/#website"},"primaryImageOfPage":{"@id":"https:\/\/diariotextual.com\/inicio\/index.php\/2022\/04\/13\/el-pedido-de-los-companeritos-de-escuela-de-guada-ya-pusimos-toda-la-plata-del-raton-perez-pero-no-nos-alcanzo-nos-ayudas\/#primaryimage"},"image":{"@id":"https:\/\/diariotextual.com\/inicio\/index.php\/2022\/04\/13\/el-pedido-de-los-companeritos-de-escuela-de-guada-ya-pusimos-toda-la-plata-del-raton-perez-pero-no-nos-alcanzo-nos-ayudas\/#primaryimage"},"thumbnailUrl":"https:\/\/diariotextual.com\/inicio\/wp-content\/uploads\/2022\/04\/guadaysuscompaneritos-1.jpg","datePublished":"2022-04-13T12:48:54+00:00","dateModified":"2022-04-13T12:51:12+00:00","breadcrumb":{"@id":"https:\/\/diariotextual.com\/inicio\/index.php\/2022\/04\/13\/el-pedido-de-los-companeritos-de-escuela-de-guada-ya-pusimos-toda-la-plata-del-raton-perez-pero-no-nos-alcanzo-nos-ayudas\/#breadcrumb"},"inLanguage":"es","potentialAction":[{"@type":"ReadAction","target":["https:\/\/diariotextual.com\/inicio\/index.php\/2022\/04\/13\/el-pedido-de-los-companeritos-de-escuela-de-guada-ya-pusimos-toda-la-plata-del-raton-perez-pero-no-nos-alcanzo-nos-ayudas\/"]}]},{"@type":"ImageObject","inLanguage":"es","@id":"https:\/\/diariotextual.com\/inicio\/index.php\/2022\/04\/13\/el-pedido-de-los-companeritos-de-escuela-de-guada-ya-pusimos-toda-la-plata-del-raton-perez-pero-no-nos-alcanzo-nos-ayudas\/#primaryimage","url":"https:\/\/diariotextual.com\/inicio\/wp-content\/uploads\/2022\/04\/guadaysuscompaneritos-1.jpg","contentUrl":"https:\/\/diariotextual.com\/inicio\/wp-content\/uploads\/2022\/04\/guadaysuscompaneritos-1.jpg","width":489,"height":340},{"@type":"BreadcrumbList","@id":"https:\/\/diariotextual.com\/inicio\/index.php\/2022\/04\/13\/el-pedido-de-los-companeritos-de-escuela-de-guada-ya-pusimos-toda-la-plata-del-raton-perez-pero-no-nos-alcanzo-nos-ayudas\/#breadcrumb","itemListElement":[{"@type":"ListItem","position":1,"name":"Portada","item":"https:\/\/diariotextual.com\/inicio\/"},{"@type":"ListItem","position":2,"name":"El pedido de los compa\u00f1eritos de escuela de Guada: \u201cYa pusimos toda la plata del Rat\u00f3n P\u00e9rez pero no nos alcanz\u00f3, \u00bfNos ayud\u00e1s?\u201d"}]},{"@type":"WebSite","@id":"https:\/\/diariotextual.com\/inicio\/#website","url":"https:\/\/diariotextual.com\/inicio\/","name":"Diario Textual","description":"","publisher":{"@id":"https:\/\/diariotextual.com\/inicio\/#organization"},"potentialAction":[{"@type":"SearchAction","target":{"@type":"EntryPoint","urlTemplate":"https:\/\/diariotextual.com\/inicio\/?s={search_term_string}"},"query-input":{"@type":"PropertyValueSpecification","valueRequired":true,"valueName":"search_term_string"}}],"inLanguage":"es"},{"@type":"Organization","@id":"https:\/\/diariotextual.com\/inicio\/#organization","name":"Diario Textual","url":"https:\/\/diariotextual.com\/inicio\/","logo":{"@type":"ImageObject","inLanguage":"es","@id":"https:\/\/diariotextual.com\/inicio\/#\/schema\/logo\/image\/","url":"https:\/\/diariotextual.com\/inicio\/wp-content\/uploads\/2023\/05\/logotextual1.jpg","contentUrl":"https:\/\/diariotextual.com\/inicio\/wp-content\/uploads\/2023\/05\/logotextual1.jpg","width":516,"height":76,"caption":"Diario Textual"},"image":{"@id":"https:\/\/diariotextual.com\/inicio\/#\/schema\/logo\/image\/"},"sameAs":["https:\/\/www.facebook.com\/eltextual","https:\/\/x.com\/eltextual","http:\/\/www.instagram.com\/eltextual"]},{"@type":"Person","@id":"https:\/\/diariotextual.com\/inicio\/#\/schema\/person\/c7834961ad8b29b1d9cdbf4571299067","name":"diario5","image":{"@type":"ImageObject","inLanguage":"es","@id":"https:\/\/secure.gravatar.com\/avatar\/948c893b847ca6df68216ead81b63f363408ec9b0f600fefc0641ce78613b111?s=96&d=mm&r=g","url":"https:\/\/secure.gravatar.com\/avatar\/948c893b847ca6df68216ead81b63f363408ec9b0f600fefc0641ce78613b111?s=96&d=mm&r=g","contentUrl":"https:\/\/secure.gravatar.com\/avatar\/948c893b847ca6df68216ead81b63f363408ec9b0f600fefc0641ce78613b111?s=96&d=mm&r=g","caption":"diario5"},"url":"https:\/\/diariotextual.com\/inicio\/index.php\/author\/diario5\/"}]}},"_links":{"self":[{"href":"https:\/\/diariotextual.com\/inicio\/index.php\/wp-json\/wp\/v2\/posts\/185506","targetHints":{"allow":["GET"]}}],"collection":[{"href":"https:\/\/diariotextual.com\/inicio\/index.php\/wp-json\/wp\/v2\/posts"}],"about":[{"href":"https:\/\/diariotextual.com\/inicio\/index.php\/wp-json\/wp\/v2\/types\/post"}],"author":[{"embeddable":true,"href":"https:\/\/diariotextual.com\/inicio\/index.php\/wp-json\/wp\/v2\/users\/7"}],"replies":[{"embeddable":true,"href":"https:\/\/diariotextual.com\/inicio\/index.php\/wp-json\/wp\/v2\/comments?post=185506"}],"version-history":[{"count":5,"href":"https:\/\/diariotextual.com\/inicio\/index.php\/wp-json\/wp\/v2\/posts\/185506\/revisions"}],"predecessor-version":[{"id":185514,"href":"https:\/\/diariotextual.com\/inicio\/index.php\/wp-json\/wp\/v2\/posts\/185506\/revisions\/185514"}],"wp:featuredmedia":[{"embeddable":true,"href":"https:\/\/diariotextual.com\/inicio\/index.php\/wp-json\/wp\/v2\/media\/185511"}],"wp:attachment":[{"href":"https:\/\/diariotextual.com\/inicio\/index.php\/wp-json\/wp\/v2\/media?parent=185506"}],"wp:term":[{"taxonomy":"category","embeddable":true,"href":"https:\/\/diariotextual.com\/inicio\/index.php\/wp-json\/wp\/v2\/categories?post=185506"},{"taxonomy":"post_tag","embeddable":true,"href":"https:\/\/diariotextual.com\/inicio\/index.php\/wp-json\/wp\/v2\/tags?post=185506"}],"curies":[{"name":"wp","href":"https:\/\/api.w.org\/{rel}","templated":true}]}}