{"id":185701,"date":"2022-04-15T14:34:35","date_gmt":"2022-04-15T17:34:35","guid":{"rendered":"https:\/\/diariotextual.com\/inicio\/?p=185701"},"modified":"2022-04-15T14:34:37","modified_gmt":"2022-04-15T17:34:37","slug":"martinez-me-resisto-a-que-todo-sea-leido-en-clave-de-polarizacion-interna","status":"publish","type":"post","link":"https:\/\/diariotextual.com\/inicio\/index.php\/2022\/04\/15\/martinez-me-resisto-a-que-todo-sea-leido-en-clave-de-polarizacion-interna\/","title":{"rendered":"Mart\u00ednez: \u201cMe resisto a que todo sea le\u00eddo en clave de polarizaci\u00f3n interna\u201d"},"content":{"rendered":"\n<p>El <strong>presidente del bloque de diputados nacionales del Frente de Todos (FdT), Germ\u00e1n Mart\u00ednez<\/strong>, pidi\u00f3 hoy <strong>dejar de interpretar todo \u00aben clave de polarizaci\u00f3n interna\u00bb<\/strong> y llam\u00f3 a \u00absalir de ese escenario y hablar de temas de la vida cotidiana y de los temas no resueltos\u00bb.<\/p>\n\n\n\n<p>\u00abTenemos que tomar aire, salir de ese escenario, ponernos en un escenario donde podamos interpretar a la sociedad, <strong>hablar con nuestros militantes de los temas que tienen que ver con temas de la vida cotidiana no resueltos por nuestro gobierno<\/strong> y tratar de generar espacios, acercar esas ideas y fortalecer a nuestra gesti\u00f3n con Alberto y Cristina a cargo\u00bb, asegur\u00f3 Mart\u00ednez.<\/p>\n\n\n\n<p>En declaraciones a la radio online FM Futurock, el legislador minimiz\u00f3 las diferencias internas en el oficialismo y afirm\u00f3: \u00ab<strong>Me resisto a que todo sea le\u00eddo en clave de polarizaci\u00f3n interna porque nos condiciona mucho<\/strong> y vamos a terminar dando mensajes le\u00eddos para no cometer errores\u00bb.<\/p>\n\n\n\n<p>\u00abCuanto m\u00e1s hablamos de unidad o de diferencia cuesta m\u00e1s encontrar un camino que nos permita seguir andando\u00bb, asever\u00f3 Mart\u00ednez y agreg\u00f3: \u00abSoy de los que creen que no se puede hablar de la unidad de nuestro espacio en tercera persona\u00bb.<\/p>\n\n\n\n<p>\u201cTenemos que ser constructores de unidad en cada \u00e1mbito donde estamos. Si sentimos que es otro el que tiene que poner la unidad se complica mucho pero si todos nos sinti\u00e9ramos protagonistas de un trabajo arm\u00f3nico con las distintas miradas ser\u00eda m\u00e1s sencillo\u201d, a\u00f1adi\u00f3.<\/p>\n\n\n\n<p>Para Mart\u00ednez: \u00abNo hay una \u00fanica realidad: hay m\u00e1s que nunca una realidad compleja. <strong>Hay una disputa por la distribuci\u00f3n del ingreso, no s\u00f3lo de la Argentina sino tambi\u00e9n en todo el mundo<\/strong>\u00ab.<\/p>\n\n\n\n<p>\u00abSi cada uno de nuestros compa\u00f1eros del Frente de Todos nos pusi\u00e9ramos, en lugar de hablar como analistas externos, a analizar en funci\u00f3n de un gobierno, se podr\u00eda transitar de una manera distinta\u00bb, enfatiz\u00f3 Mart\u00ednez.<\/p>\n\n\n\n<p>Al ser consultado sobre eventuales cambios en el gabinete de Alberto Fern\u00e1ndez, el jefe de la bancada oficialista de Diputados dijo: \u00abEl presidente puede hacer los cambios cuando quiera: ir\u00e1 valorizando las circunstancias pol\u00edticas. Las tome o no las tome voy a estar acompa\u00f1ando al Presidente\u00bb.<\/p>\n","protected":false},"excerpt":{"rendered":"<p>El presidente del bloque de diputados nacionales del Frente de Todos (FdT), Germ\u00e1n Mart\u00ednez, pidi\u00f3 hoy dejar de interpretar todo \u00aben clave de polarizaci\u00f3n interna\u00bb y llam\u00f3 a \u00absalir de&hellip;<\/p>\n","protected":false},"author":5,"featured_media":177992,"comment_status":"closed","ping_status":"open","sticky":false,"template":"","format":"standard","meta":{"_acf_changed":false,"footnotes":""},"categories":[4,8],"tags":[6212,1745],"class_list":["post-185701","post","type-post","status-publish","format-standard","has-post-thumbnail","hentry","category-destacadas","category-politica","tag-interna","tag-martinez"],"acf":[],"yoast_head":"<!-- This site is optimized with the Yoast SEO plugin v27.5 - https:\/\/yoast.com\/product\/yoast-seo-wordpress\/ -->\n<title>Mart\u00ednez: \u201cMe resisto a que todo sea le\u00eddo en clave de polarizaci\u00f3n interna\u201d - Diario Textual<\/title>\n<meta name=\"robots\" content=\"index, follow, max-snippet:-1, max-image-preview:large, max-video-preview:-1\" \/>\n<link rel=\"canonical\" href=\"https:\/\/diariotextual.com\/inicio\/index.php\/2022\/04\/15\/martinez-me-resisto-a-que-todo-sea-leido-en-clave-de-polarizacion-interna\/\" \/>\n<meta property=\"og:locale\" content=\"es_ES\" \/>\n<meta property=\"og:type\" content=\"article\" \/>\n<meta property=\"og:title\" content=\"Mart\u00ednez: \u201cMe resisto a que todo sea le\u00eddo en clave de polarizaci\u00f3n interna\u201d - Diario Textual\" \/>\n<meta property=\"og:description\" content=\"El presidente del bloque de diputados nacionales del Frente de Todos (FdT), Germ\u00e1n Mart\u00ednez, pidi\u00f3 hoy dejar de interpretar todo \u00aben clave de polarizaci\u00f3n interna\u00bb y llam\u00f3 a \u00absalir de&hellip;\" \/>\n<meta property=\"og:url\" content=\"https:\/\/diariotextual.com\/inicio\/index.php\/2022\/04\/15\/martinez-me-resisto-a-que-todo-sea-leido-en-clave-de-polarizacion-interna\/\" \/>\n<meta property=\"og:site_name\" content=\"Diario Textual\" \/>\n<meta property=\"article:publisher\" content=\"https:\/\/www.facebook.com\/eltextual\" \/>\n<meta property=\"article:published_time\" content=\"2022-04-15T17:34:35+00:00\" \/>\n<meta property=\"article:modified_time\" content=\"2022-04-15T17:34:37+00:00\" \/>\n<meta property=\"og:image\" content=\"https:\/\/diariotextual.com\/inicio\/wp-content\/uploads\/2022\/02\/martinezgerman4364.jpg\" \/>\n\t<meta property=\"og:image:width\" content=\"1200\" \/>\n\t<meta property=\"og:image:height\" content=\"600\" \/>\n\t<meta property=\"og:image:type\" content=\"image\/jpeg\" \/>\n<meta name=\"author\" content=\"diario3\" \/>\n<meta name=\"twitter:card\" content=\"summary_large_image\" \/>\n<meta name=\"twitter:creator\" content=\"@eltextual\" \/>\n<meta name=\"twitter:site\" content=\"@eltextual\" \/>\n<meta name=\"twitter:label1\" content=\"Escrito por\" \/>\n\t<meta name=\"twitter:data1\" content=\"diario3\" \/>\n\t<meta name=\"twitter:label2\" content=\"Tiempo de lectura\" \/>\n\t<meta name=\"twitter:data2\" content=\"2 minutos\" \/>\n<script type=\"application\/ld+json\" class=\"yoast-schema-graph\">{\"@context\":\"https:\\\/\\\/schema.org\",\"@graph\":[{\"@type\":\"Article\",\"@id\":\"https:\\\/\\\/diariotextual.com\\\/inicio\\\/index.php\\\/2022\\\/04\\\/15\\\/martinez-me-resisto-a-que-todo-sea-leido-en-clave-de-polarizacion-interna\\\/#article\",\"isPartOf\":{\"@id\":\"https:\\\/\\\/diariotextual.com\\\/inicio\\\/index.php\\\/2022\\\/04\\\/15\\\/martinez-me-resisto-a-que-todo-sea-leido-en-clave-de-polarizacion-interna\\\/\"},\"author\":{\"name\":\"diario3\",\"@id\":\"https:\\\/\\\/diariotextual.com\\\/inicio\\\/#\\\/schema\\\/person\\\/a1b6f563e0ee944c60f98119389a4d9f\"},\"headline\":\"Mart\u00ednez: \u201cMe resisto a que todo sea le\u00eddo en clave de polarizaci\u00f3n interna\u201d\",\"datePublished\":\"2022-04-15T17:34:35+00:00\",\"dateModified\":\"2022-04-15T17:34:37+00:00\",\"mainEntityOfPage\":{\"@id\":\"https:\\\/\\\/diariotextual.com\\\/inicio\\\/index.php\\\/2022\\\/04\\\/15\\\/martinez-me-resisto-a-que-todo-sea-leido-en-clave-de-polarizacion-interna\\\/\"},\"wordCount\":397,\"publisher\":{\"@id\":\"https:\\\/\\\/diariotextual.com\\\/inicio\\\/#organization\"},\"image\":{\"@id\":\"https:\\\/\\\/diariotextual.com\\\/inicio\\\/index.php\\\/2022\\\/04\\\/15\\\/martinez-me-resisto-a-que-todo-sea-leido-en-clave-de-polarizacion-interna\\\/#primaryimage\"},\"thumbnailUrl\":\"https:\\\/\\\/diariotextual.com\\\/inicio\\\/wp-content\\\/uploads\\\/2022\\\/02\\\/martinezgerman4364.jpg\",\"keywords\":[\"interna\",\"martinez\"],\"articleSection\":[\"A - DESTACADAS (mod 16)\",\"POLITICA\"],\"inLanguage\":\"es\"},{\"@type\":\"WebPage\",\"@id\":\"https:\\\/\\\/diariotextual.com\\\/inicio\\\/index.php\\\/2022\\\/04\\\/15\\\/martinez-me-resisto-a-que-todo-sea-leido-en-clave-de-polarizacion-interna\\\/\",\"url\":\"https:\\\/\\\/diariotextual.com\\\/inicio\\\/index.php\\\/2022\\\/04\\\/15\\\/martinez-me-resisto-a-que-todo-sea-leido-en-clave-de-polarizacion-interna\\\/\",\"name\":\"Mart\u00ednez: \u201cMe resisto a que todo sea le\u00eddo en clave de polarizaci\u00f3n interna\u201d - Diario Textual\",\"isPartOf\":{\"@id\":\"https:\\\/\\\/diariotextual.com\\\/inicio\\\/#website\"},\"primaryImageOfPage\":{\"@id\":\"https:\\\/\\\/diariotextual.com\\\/inicio\\\/index.php\\\/2022\\\/04\\\/15\\\/martinez-me-resisto-a-que-todo-sea-leido-en-clave-de-polarizacion-interna\\\/#primaryimage\"},\"image\":{\"@id\":\"https:\\\/\\\/diariotextual.com\\\/inicio\\\/index.php\\\/2022\\\/04\\\/15\\\/martinez-me-resisto-a-que-todo-sea-leido-en-clave-de-polarizacion-interna\\\/#primaryimage\"},\"thumbnailUrl\":\"https:\\\/\\\/diariotextual.com\\\/inicio\\\/wp-content\\\/uploads\\\/2022\\\/02\\\/martinezgerman4364.jpg\",\"datePublished\":\"2022-04-15T17:34:35+00:00\",\"dateModified\":\"2022-04-15T17:34:37+00:00\",\"breadcrumb\":{\"@id\":\"https:\\\/\\\/diariotextual.com\\\/inicio\\\/index.php\\\/2022\\\/04\\\/15\\\/martinez-me-resisto-a-que-todo-sea-leido-en-clave-de-polarizacion-interna\\\/#breadcrumb\"},\"inLanguage\":\"es\",\"potentialAction\":[{\"@type\":\"ReadAction\",\"target\":[\"https:\\\/\\\/diariotextual.com\\\/inicio\\\/index.php\\\/2022\\\/04\\\/15\\\/martinez-me-resisto-a-que-todo-sea-leido-en-clave-de-polarizacion-interna\\\/\"]}]},{\"@type\":\"ImageObject\",\"inLanguage\":\"es\",\"@id\":\"https:\\\/\\\/diariotextual.com\\\/inicio\\\/index.php\\\/2022\\\/04\\\/15\\\/martinez-me-resisto-a-que-todo-sea-leido-en-clave-de-polarizacion-interna\\\/#primaryimage\",\"url\":\"https:\\\/\\\/diariotextual.com\\\/inicio\\\/wp-content\\\/uploads\\\/2022\\\/02\\\/martinezgerman4364.jpg\",\"contentUrl\":\"https:\\\/\\\/diariotextual.com\\\/inicio\\\/wp-content\\\/uploads\\\/2022\\\/02\\\/martinezgerman4364.jpg\",\"width\":1200,\"height\":600},{\"@type\":\"BreadcrumbList\",\"@id\":\"https:\\\/\\\/diariotextual.com\\\/inicio\\\/index.php\\\/2022\\\/04\\\/15\\\/martinez-me-resisto-a-que-todo-sea-leido-en-clave-de-polarizacion-interna\\\/#breadcrumb\",\"itemListElement\":[{\"@type\":\"ListItem\",\"position\":1,\"name\":\"Portada\",\"item\":\"https:\\\/\\\/diariotextual.com\\\/inicio\\\/\"},{\"@type\":\"ListItem\",\"position\":2,\"name\":\"Mart\u00ednez: \u201cMe resisto a que todo sea le\u00eddo en clave de polarizaci\u00f3n interna\u201d\"}]},{\"@type\":\"WebSite\",\"@id\":\"https:\\\/\\\/diariotextual.com\\\/inicio\\\/#website\",\"url\":\"https:\\\/\\\/diariotextual.com\\\/inicio\\\/\",\"name\":\"Diario Textual\",\"description\":\"\",\"publisher\":{\"@id\":\"https:\\\/\\\/diariotextual.com\\\/inicio\\\/#organization\"},\"potentialAction\":[{\"@type\":\"SearchAction\",\"target\":{\"@type\":\"EntryPoint\",\"urlTemplate\":\"https:\\\/\\\/diariotextual.com\\\/inicio\\\/?s={search_term_string}\"},\"query-input\":{\"@type\":\"PropertyValueSpecification\",\"valueRequired\":true,\"valueName\":\"search_term_string\"}}],\"inLanguage\":\"es\"},{\"@type\":\"Organization\",\"@id\":\"https:\\\/\\\/diariotextual.com\\\/inicio\\\/#organization\",\"name\":\"Diario Textual\",\"url\":\"https:\\\/\\\/diariotextual.com\\\/inicio\\\/\",\"logo\":{\"@type\":\"ImageObject\",\"inLanguage\":\"es\",\"@id\":\"https:\\\/\\\/diariotextual.com\\\/inicio\\\/#\\\/schema\\\/logo\\\/image\\\/\",\"url\":\"https:\\\/\\\/diariotextual.com\\\/inicio\\\/wp-content\\\/uploads\\\/2023\\\/05\\\/logotextual1.jpg\",\"contentUrl\":\"https:\\\/\\\/diariotextual.com\\\/inicio\\\/wp-content\\\/uploads\\\/2023\\\/05\\\/logotextual1.jpg\",\"width\":516,\"height\":76,\"caption\":\"Diario Textual\"},\"image\":{\"@id\":\"https:\\\/\\\/diariotextual.com\\\/inicio\\\/#\\\/schema\\\/logo\\\/image\\\/\"},\"sameAs\":[\"https:\\\/\\\/www.facebook.com\\\/eltextual\",\"https:\\\/\\\/x.com\\\/eltextual\",\"http:\\\/\\\/www.instagram.com\\\/eltextual\"]},{\"@type\":\"Person\",\"@id\":\"https:\\\/\\\/diariotextual.com\\\/inicio\\\/#\\\/schema\\\/person\\\/a1b6f563e0ee944c60f98119389a4d9f\",\"name\":\"diario3\",\"image\":{\"@type\":\"ImageObject\",\"inLanguage\":\"es\",\"@id\":\"https:\\\/\\\/secure.gravatar.com\\\/avatar\\\/5e7ee62c82fc04d9dd79d746a390d93c69c43223e5faeeb3ea9461ef752bfc5d?s=96&d=mm&r=g\",\"url\":\"https:\\\/\\\/secure.gravatar.com\\\/avatar\\\/5e7ee62c82fc04d9dd79d746a390d93c69c43223e5faeeb3ea9461ef752bfc5d?s=96&d=mm&r=g\",\"contentUrl\":\"https:\\\/\\\/secure.gravatar.com\\\/avatar\\\/5e7ee62c82fc04d9dd79d746a390d93c69c43223e5faeeb3ea9461ef752bfc5d?s=96&d=mm&r=g\",\"caption\":\"diario3\"},\"url\":\"https:\\\/\\\/diariotextual.com\\\/inicio\\\/index.php\\\/author\\\/diario3\\\/\"}]}<\/script>\n<!-- \/ Yoast SEO plugin. -->","yoast_head_json":{"title":"Mart\u00ednez: \u201cMe resisto a que todo sea le\u00eddo en clave de polarizaci\u00f3n interna\u201d - Diario Textual","robots":{"index":"index","follow":"follow","max-snippet":"max-snippet:-1","max-image-preview":"max-image-preview:large","max-video-preview":"max-video-preview:-1"},"canonical":"https:\/\/diariotextual.com\/inicio\/index.php\/2022\/04\/15\/martinez-me-resisto-a-que-todo-sea-leido-en-clave-de-polarizacion-interna\/","og_locale":"es_ES","og_type":"article","og_title":"Mart\u00ednez: \u201cMe resisto a que todo sea le\u00eddo en clave de polarizaci\u00f3n interna\u201d - Diario Textual","og_description":"El presidente del bloque de diputados nacionales del Frente de Todos (FdT), Germ\u00e1n Mart\u00ednez, pidi\u00f3 hoy dejar de interpretar todo \u00aben clave de polarizaci\u00f3n interna\u00bb y llam\u00f3 a \u00absalir de&hellip;","og_url":"https:\/\/diariotextual.com\/inicio\/index.php\/2022\/04\/15\/martinez-me-resisto-a-que-todo-sea-leido-en-clave-de-polarizacion-interna\/","og_site_name":"Diario Textual","article_publisher":"https:\/\/www.facebook.com\/eltextual","article_published_time":"2022-04-15T17:34:35+00:00","article_modified_time":"2022-04-15T17:34:37+00:00","og_image":[{"width":1200,"height":600,"url":"https:\/\/diariotextual.com\/inicio\/wp-content\/uploads\/2022\/02\/martinezgerman4364.jpg","type":"image\/jpeg"}],"author":"diario3","twitter_card":"summary_large_image","twitter_creator":"@eltextual","twitter_site":"@eltextual","twitter_misc":{"Escrito por":"diario3","Tiempo de lectura":"2 minutos"},"schema":{"@context":"https:\/\/schema.org","@graph":[{"@type":"Article","@id":"https:\/\/diariotextual.com\/inicio\/index.php\/2022\/04\/15\/martinez-me-resisto-a-que-todo-sea-leido-en-clave-de-polarizacion-interna\/#article","isPartOf":{"@id":"https:\/\/diariotextual.com\/inicio\/index.php\/2022\/04\/15\/martinez-me-resisto-a-que-todo-sea-leido-en-clave-de-polarizacion-interna\/"},"author":{"name":"diario3","@id":"https:\/\/diariotextual.com\/inicio\/#\/schema\/person\/a1b6f563e0ee944c60f98119389a4d9f"},"headline":"Mart\u00ednez: \u201cMe resisto a que todo sea le\u00eddo en clave de polarizaci\u00f3n interna\u201d","datePublished":"2022-04-15T17:34:35+00:00","dateModified":"2022-04-15T17:34:37+00:00","mainEntityOfPage":{"@id":"https:\/\/diariotextual.com\/inicio\/index.php\/2022\/04\/15\/martinez-me-resisto-a-que-todo-sea-leido-en-clave-de-polarizacion-interna\/"},"wordCount":397,"publisher":{"@id":"https:\/\/diariotextual.com\/inicio\/#organization"},"image":{"@id":"https:\/\/diariotextual.com\/inicio\/index.php\/2022\/04\/15\/martinez-me-resisto-a-que-todo-sea-leido-en-clave-de-polarizacion-interna\/#primaryimage"},"thumbnailUrl":"https:\/\/diariotextual.com\/inicio\/wp-content\/uploads\/2022\/02\/martinezgerman4364.jpg","keywords":["interna","martinez"],"articleSection":["A - DESTACADAS (mod 16)","POLITICA"],"inLanguage":"es"},{"@type":"WebPage","@id":"https:\/\/diariotextual.com\/inicio\/index.php\/2022\/04\/15\/martinez-me-resisto-a-que-todo-sea-leido-en-clave-de-polarizacion-interna\/","url":"https:\/\/diariotextual.com\/inicio\/index.php\/2022\/04\/15\/martinez-me-resisto-a-que-todo-sea-leido-en-clave-de-polarizacion-interna\/","name":"Mart\u00ednez: \u201cMe resisto a que todo sea le\u00eddo en clave de polarizaci\u00f3n interna\u201d - Diario Textual","isPartOf":{"@id":"https:\/\/diariotextual.com\/inicio\/#website"},"primaryImageOfPage":{"@id":"https:\/\/diariotextual.com\/inicio\/index.php\/2022\/04\/15\/martinez-me-resisto-a-que-todo-sea-leido-en-clave-de-polarizacion-interna\/#primaryimage"},"image":{"@id":"https:\/\/diariotextual.com\/inicio\/index.php\/2022\/04\/15\/martinez-me-resisto-a-que-todo-sea-leido-en-clave-de-polarizacion-interna\/#primaryimage"},"thumbnailUrl":"https:\/\/diariotextual.com\/inicio\/wp-content\/uploads\/2022\/02\/martinezgerman4364.jpg","datePublished":"2022-04-15T17:34:35+00:00","dateModified":"2022-04-15T17:34:37+00:00","breadcrumb":{"@id":"https:\/\/diariotextual.com\/inicio\/index.php\/2022\/04\/15\/martinez-me-resisto-a-que-todo-sea-leido-en-clave-de-polarizacion-interna\/#breadcrumb"},"inLanguage":"es","potentialAction":[{"@type":"ReadAction","target":["https:\/\/diariotextual.com\/inicio\/index.php\/2022\/04\/15\/martinez-me-resisto-a-que-todo-sea-leido-en-clave-de-polarizacion-interna\/"]}]},{"@type":"ImageObject","inLanguage":"es","@id":"https:\/\/diariotextual.com\/inicio\/index.php\/2022\/04\/15\/martinez-me-resisto-a-que-todo-sea-leido-en-clave-de-polarizacion-interna\/#primaryimage","url":"https:\/\/diariotextual.com\/inicio\/wp-content\/uploads\/2022\/02\/martinezgerman4364.jpg","contentUrl":"https:\/\/diariotextual.com\/inicio\/wp-content\/uploads\/2022\/02\/martinezgerman4364.jpg","width":1200,"height":600},{"@type":"BreadcrumbList","@id":"https:\/\/diariotextual.com\/inicio\/index.php\/2022\/04\/15\/martinez-me-resisto-a-que-todo-sea-leido-en-clave-de-polarizacion-interna\/#breadcrumb","itemListElement":[{"@type":"ListItem","position":1,"name":"Portada","item":"https:\/\/diariotextual.com\/inicio\/"},{"@type":"ListItem","position":2,"name":"Mart\u00ednez: \u201cMe resisto a que todo sea le\u00eddo en clave de polarizaci\u00f3n interna\u201d"}]},{"@type":"WebSite","@id":"https:\/\/diariotextual.com\/inicio\/#website","url":"https:\/\/diariotextual.com\/inicio\/","name":"Diario Textual","description":"","publisher":{"@id":"https:\/\/diariotextual.com\/inicio\/#organization"},"potentialAction":[{"@type":"SearchAction","target":{"@type":"EntryPoint","urlTemplate":"https:\/\/diariotextual.com\/inicio\/?s={search_term_string}"},"query-input":{"@type":"PropertyValueSpecification","valueRequired":true,"valueName":"search_term_string"}}],"inLanguage":"es"},{"@type":"Organization","@id":"https:\/\/diariotextual.com\/inicio\/#organization","name":"Diario Textual","url":"https:\/\/diariotextual.com\/inicio\/","logo":{"@type":"ImageObject","inLanguage":"es","@id":"https:\/\/diariotextual.com\/inicio\/#\/schema\/logo\/image\/","url":"https:\/\/diariotextual.com\/inicio\/wp-content\/uploads\/2023\/05\/logotextual1.jpg","contentUrl":"https:\/\/diariotextual.com\/inicio\/wp-content\/uploads\/2023\/05\/logotextual1.jpg","width":516,"height":76,"caption":"Diario Textual"},"image":{"@id":"https:\/\/diariotextual.com\/inicio\/#\/schema\/logo\/image\/"},"sameAs":["https:\/\/www.facebook.com\/eltextual","https:\/\/x.com\/eltextual","http:\/\/www.instagram.com\/eltextual"]},{"@type":"Person","@id":"https:\/\/diariotextual.com\/inicio\/#\/schema\/person\/a1b6f563e0ee944c60f98119389a4d9f","name":"diario3","image":{"@type":"ImageObject","inLanguage":"es","@id":"https:\/\/secure.gravatar.com\/avatar\/5e7ee62c82fc04d9dd79d746a390d93c69c43223e5faeeb3ea9461ef752bfc5d?s=96&d=mm&r=g","url":"https:\/\/secure.gravatar.com\/avatar\/5e7ee62c82fc04d9dd79d746a390d93c69c43223e5faeeb3ea9461ef752bfc5d?s=96&d=mm&r=g","contentUrl":"https:\/\/secure.gravatar.com\/avatar\/5e7ee62c82fc04d9dd79d746a390d93c69c43223e5faeeb3ea9461ef752bfc5d?s=96&d=mm&r=g","caption":"diario3"},"url":"https:\/\/diariotextual.com\/inicio\/index.php\/author\/diario3\/"}]}},"_links":{"self":[{"href":"https:\/\/diariotextual.com\/inicio\/index.php\/wp-json\/wp\/v2\/posts\/185701","targetHints":{"allow":["GET"]}}],"collection":[{"href":"https:\/\/diariotextual.com\/inicio\/index.php\/wp-json\/wp\/v2\/posts"}],"about":[{"href":"https:\/\/diariotextual.com\/inicio\/index.php\/wp-json\/wp\/v2\/types\/post"}],"author":[{"embeddable":true,"href":"https:\/\/diariotextual.com\/inicio\/index.php\/wp-json\/wp\/v2\/users\/5"}],"replies":[{"embeddable":true,"href":"https:\/\/diariotextual.com\/inicio\/index.php\/wp-json\/wp\/v2\/comments?post=185701"}],"version-history":[{"count":1,"href":"https:\/\/diariotextual.com\/inicio\/index.php\/wp-json\/wp\/v2\/posts\/185701\/revisions"}],"predecessor-version":[{"id":185702,"href":"https:\/\/diariotextual.com\/inicio\/index.php\/wp-json\/wp\/v2\/posts\/185701\/revisions\/185702"}],"wp:featuredmedia":[{"embeddable":true,"href":"https:\/\/diariotextual.com\/inicio\/index.php\/wp-json\/wp\/v2\/media\/177992"}],"wp:attachment":[{"href":"https:\/\/diariotextual.com\/inicio\/index.php\/wp-json\/wp\/v2\/media?parent=185701"}],"wp:term":[{"taxonomy":"category","embeddable":true,"href":"https:\/\/diariotextual.com\/inicio\/index.php\/wp-json\/wp\/v2\/categories?post=185701"},{"taxonomy":"post_tag","embeddable":true,"href":"https:\/\/diariotextual.com\/inicio\/index.php\/wp-json\/wp\/v2\/tags?post=185701"}],"curies":[{"name":"wp","href":"https:\/\/api.w.org\/{rel}","templated":true}]}}