{"id":186216,"date":"2022-04-21T10:40:09","date_gmt":"2022-04-21T13:40:09","guid":{"rendered":"https:\/\/diariotextual.com\/inicio\/?p=186216"},"modified":"2022-04-21T10:51:39","modified_gmt":"2022-04-21T13:51:39","slug":"movimientos-sociales-se-movilizan-en-santa-rosa-protestaran-en-un-supermercado-y-en-el-interior-haran-ollas-populares","status":"publish","type":"post","link":"https:\/\/diariotextual.com\/inicio\/index.php\/2022\/04\/21\/movimientos-sociales-se-movilizan-en-santa-rosa-protestaran-en-un-supermercado-y-en-el-interior-haran-ollas-populares\/","title":{"rendered":"Contra la inflaci\u00f3n y los formadores de precios: en Santa Rosa la CCC se manifest\u00f3 frente a una cadena de supermercados"},"content":{"rendered":"\n<p>Contra la inflaci\u00f3n, los formadores de precios y los que se enriquecen a costa de la sangre del pueblo, se lleva a cabo este jueves en la provincia y en todo el pa\u00eds una jornada de lucha popular, que incluy\u00f3 en Santa Rosa una manifestaci\u00f3n frente a una cadena de supermercados. En el interior se organizaron ollas populares.<\/p>\n\n\n\n<p>La convocatoria fue hecha por la Corriente Clasista y Combativa. En la capital provincial la concentraci\u00f3n se hizo a las 9.30 en la rotonda del Centro C\u00edvico y luego marcharon hasta una de las sucursales de la cadena de supermercados La An\u00f3nima de la calle Luro, propiedad de la familia Pe\u00f1a-Braun.\u00a0A esa actividad se sumaron militantes de Anguil.<\/p>\n\n\n\n<p>\u201cLe pedimos al gobierno nacional que pare la inflaci\u00f3n, que nos pongamos a la par y despu\u00e9s empecemos a pelear por m\u00e1s aumentos. No se puede m\u00e1s, ni siquiera alcanza para sobrevivir\u201d, dijo el referente de la CCC en La Pampa Walter Brandimarte.<\/p>\n\n\n\n<figure class=\"wp-block-image size-large is-resized\"><img fetchpriority=\"high\" decoding=\"async\" src=\"https:\/\/diariotextual.com\/inicio\/wp-content\/uploads\/2022\/04\/cccprotestaenlaanonima2222-1024x768.jpg\" alt=\"\" class=\"wp-image-186248\" width=\"743\" height=\"558\" srcset=\"https:\/\/diariotextual.com\/inicio\/wp-content\/uploads\/2022\/04\/cccprotestaenlaanonima2222-1024x768.jpg 1024w, https:\/\/diariotextual.com\/inicio\/wp-content\/uploads\/2022\/04\/cccprotestaenlaanonima2222-300x225.jpg 300w, https:\/\/diariotextual.com\/inicio\/wp-content\/uploads\/2022\/04\/cccprotestaenlaanonima2222-768x576.jpg 768w, https:\/\/diariotextual.com\/inicio\/wp-content\/uploads\/2022\/04\/cccprotestaenlaanonima2222-1536x1152.jpg 1536w, https:\/\/diariotextual.com\/inicio\/wp-content\/uploads\/2022\/04\/cccprotestaenlaanonima2222-2048x1536.jpg 2048w, https:\/\/diariotextual.com\/inicio\/wp-content\/uploads\/2022\/04\/cccprotestaenlaanonima2222-1170x878.jpg 1170w, https:\/\/diariotextual.com\/inicio\/wp-content\/uploads\/2022\/04\/cccprotestaenlaanonima2222-585x439.jpg 585w\" sizes=\"(max-width: 743px) 100vw, 743px\" \/><\/figure>\n\n\n\n<p>En Rancul har\u00e1n un corte de calle y una olla popular a partir de las 9; en General Pico se concentrar\u00e1n en la Plaza Seca a partir de las 9 y posteriormente se movilizar\u00e1n por el centro y realizar\u00e1n panfleteada.<\/p>\n\n\n\n<p>En Parera habr\u00e1 olla popular y corte de calles. All\u00ed estar\u00e1 presente la mesa de Ingeniero Luiggi; en tanto que en Caleufu har\u00e1n otra olla popular y corte de calle desde las 9.30.<\/p>\n\n\n\n<figure class=\"wp-block-image size-large is-resized\"><img decoding=\"async\" src=\"https:\/\/diariotextual.com\/inicio\/wp-content\/uploads\/2022\/04\/cccprotesta-1024x768.jpg\" alt=\"\" class=\"wp-image-186244\" width=\"747\" height=\"561\" srcset=\"https:\/\/diariotextual.com\/inicio\/wp-content\/uploads\/2022\/04\/cccprotesta-1024x768.jpg 1024w, https:\/\/diariotextual.com\/inicio\/wp-content\/uploads\/2022\/04\/cccprotesta-300x225.jpg 300w, https:\/\/diariotextual.com\/inicio\/wp-content\/uploads\/2022\/04\/cccprotesta-768x576.jpg 768w, https:\/\/diariotextual.com\/inicio\/wp-content\/uploads\/2022\/04\/cccprotesta-1536x1152.jpg 1536w, https:\/\/diariotextual.com\/inicio\/wp-content\/uploads\/2022\/04\/cccprotesta-2048x1536.jpg 2048w, https:\/\/diariotextual.com\/inicio\/wp-content\/uploads\/2022\/04\/cccprotesta-1170x878.jpg 1170w, https:\/\/diariotextual.com\/inicio\/wp-content\/uploads\/2022\/04\/cccprotesta-585x439.jpg 585w\" sizes=\"(max-width: 747px) 100vw, 747px\" \/><\/figure>\n","protected":false},"excerpt":{"rendered":"<p>Contra la inflaci\u00f3n, los formadores de precios y los que se enriquecen a costa de la sangre del pueblo, se lleva a cabo este jueves en la provincia y en&hellip;<\/p>\n","protected":false},"author":7,"featured_media":186240,"comment_status":"closed","ping_status":"open","sticky":false,"template":"","format":"standard","meta":{"_acf_changed":false,"footnotes":""},"categories":[4,12],"tags":[1885],"class_list":["post-186216","post","type-post","status-publish","format-standard","has-post-thumbnail","hentry","category-destacadas","category-sociedad","tag-movilizacion"],"acf":[],"yoast_head":"<!-- This site is optimized with the Yoast SEO plugin v27.5 - https:\/\/yoast.com\/product\/yoast-seo-wordpress\/ -->\n<title>Contra la inflaci\u00f3n y los formadores de precios: en Santa Rosa la CCC se manifest\u00f3 frente a una cadena de supermercados - Diario Textual<\/title>\n<meta name=\"robots\" content=\"index, follow, max-snippet:-1, max-image-preview:large, max-video-preview:-1\" \/>\n<link rel=\"canonical\" href=\"https:\/\/diariotextual.com\/inicio\/index.php\/2022\/04\/21\/movimientos-sociales-se-movilizan-en-santa-rosa-protestaran-en-un-supermercado-y-en-el-interior-haran-ollas-populares\/\" \/>\n<meta property=\"og:locale\" content=\"es_ES\" \/>\n<meta property=\"og:type\" content=\"article\" \/>\n<meta property=\"og:title\" content=\"Contra la inflaci\u00f3n y los formadores de precios: en Santa Rosa la CCC se manifest\u00f3 frente a una cadena de supermercados - Diario Textual\" \/>\n<meta property=\"og:description\" content=\"Contra la inflaci\u00f3n, los formadores de precios y los que se enriquecen a costa de la sangre del pueblo, se lleva a cabo este jueves en la provincia y en&hellip;\" \/>\n<meta property=\"og:url\" content=\"https:\/\/diariotextual.com\/inicio\/index.php\/2022\/04\/21\/movimientos-sociales-se-movilizan-en-santa-rosa-protestaran-en-un-supermercado-y-en-el-interior-haran-ollas-populares\/\" \/>\n<meta property=\"og:site_name\" content=\"Diario Textual\" \/>\n<meta property=\"article:publisher\" content=\"https:\/\/www.facebook.com\/eltextual\" \/>\n<meta property=\"article:published_time\" content=\"2022-04-21T13:40:09+00:00\" \/>\n<meta property=\"article:modified_time\" content=\"2022-04-21T13:51:39+00:00\" \/>\n<meta property=\"og:image\" content=\"https:\/\/diariotextual.com\/inicio\/wp-content\/uploads\/2022\/04\/cccprotestaenlaanonima-scaled.jpg\" \/>\n\t<meta property=\"og:image:width\" content=\"2560\" \/>\n\t<meta property=\"og:image:height\" content=\"1920\" \/>\n\t<meta property=\"og:image:type\" content=\"image\/jpeg\" \/>\n<meta name=\"author\" content=\"diario5\" \/>\n<meta name=\"twitter:card\" content=\"summary_large_image\" \/>\n<meta name=\"twitter:creator\" content=\"@eltextual\" \/>\n<meta name=\"twitter:site\" content=\"@eltextual\" \/>\n<meta name=\"twitter:label1\" content=\"Escrito por\" \/>\n\t<meta name=\"twitter:data1\" content=\"diario5\" \/>\n\t<meta name=\"twitter:label2\" content=\"Tiempo de lectura\" \/>\n\t<meta name=\"twitter:data2\" content=\"2 minutos\" \/>\n<script type=\"application\/ld+json\" class=\"yoast-schema-graph\">{\"@context\":\"https:\\\/\\\/schema.org\",\"@graph\":[{\"@type\":\"Article\",\"@id\":\"https:\\\/\\\/diariotextual.com\\\/inicio\\\/index.php\\\/2022\\\/04\\\/21\\\/movimientos-sociales-se-movilizan-en-santa-rosa-protestaran-en-un-supermercado-y-en-el-interior-haran-ollas-populares\\\/#article\",\"isPartOf\":{\"@id\":\"https:\\\/\\\/diariotextual.com\\\/inicio\\\/index.php\\\/2022\\\/04\\\/21\\\/movimientos-sociales-se-movilizan-en-santa-rosa-protestaran-en-un-supermercado-y-en-el-interior-haran-ollas-populares\\\/\"},\"author\":{\"name\":\"diario5\",\"@id\":\"https:\\\/\\\/diariotextual.com\\\/inicio\\\/#\\\/schema\\\/person\\\/c7834961ad8b29b1d9cdbf4571299067\"},\"headline\":\"Contra la inflaci\u00f3n y los formadores de precios: en Santa Rosa la CCC se manifest\u00f3 frente a una cadena de supermercados\",\"datePublished\":\"2022-04-21T13:40:09+00:00\",\"dateModified\":\"2022-04-21T13:51:39+00:00\",\"mainEntityOfPage\":{\"@id\":\"https:\\\/\\\/diariotextual.com\\\/inicio\\\/index.php\\\/2022\\\/04\\\/21\\\/movimientos-sociales-se-movilizan-en-santa-rosa-protestaran-en-un-supermercado-y-en-el-interior-haran-ollas-populares\\\/\"},\"wordCount\":267,\"publisher\":{\"@id\":\"https:\\\/\\\/diariotextual.com\\\/inicio\\\/#organization\"},\"image\":{\"@id\":\"https:\\\/\\\/diariotextual.com\\\/inicio\\\/index.php\\\/2022\\\/04\\\/21\\\/movimientos-sociales-se-movilizan-en-santa-rosa-protestaran-en-un-supermercado-y-en-el-interior-haran-ollas-populares\\\/#primaryimage\"},\"thumbnailUrl\":\"https:\\\/\\\/diariotextual.com\\\/inicio\\\/wp-content\\\/uploads\\\/2022\\\/04\\\/cccprotestaenlaanonima-scaled.jpg\",\"keywords\":[\"movilizaci\u00f3n\"],\"articleSection\":[\"A - DESTACADAS (mod 16)\",\"SOCIEDAD\"],\"inLanguage\":\"es\"},{\"@type\":\"WebPage\",\"@id\":\"https:\\\/\\\/diariotextual.com\\\/inicio\\\/index.php\\\/2022\\\/04\\\/21\\\/movimientos-sociales-se-movilizan-en-santa-rosa-protestaran-en-un-supermercado-y-en-el-interior-haran-ollas-populares\\\/\",\"url\":\"https:\\\/\\\/diariotextual.com\\\/inicio\\\/index.php\\\/2022\\\/04\\\/21\\\/movimientos-sociales-se-movilizan-en-santa-rosa-protestaran-en-un-supermercado-y-en-el-interior-haran-ollas-populares\\\/\",\"name\":\"Contra la inflaci\u00f3n y los formadores de precios: en Santa Rosa la CCC se manifest\u00f3 frente a una cadena de supermercados - Diario Textual\",\"isPartOf\":{\"@id\":\"https:\\\/\\\/diariotextual.com\\\/inicio\\\/#website\"},\"primaryImageOfPage\":{\"@id\":\"https:\\\/\\\/diariotextual.com\\\/inicio\\\/index.php\\\/2022\\\/04\\\/21\\\/movimientos-sociales-se-movilizan-en-santa-rosa-protestaran-en-un-supermercado-y-en-el-interior-haran-ollas-populares\\\/#primaryimage\"},\"image\":{\"@id\":\"https:\\\/\\\/diariotextual.com\\\/inicio\\\/index.php\\\/2022\\\/04\\\/21\\\/movimientos-sociales-se-movilizan-en-santa-rosa-protestaran-en-un-supermercado-y-en-el-interior-haran-ollas-populares\\\/#primaryimage\"},\"thumbnailUrl\":\"https:\\\/\\\/diariotextual.com\\\/inicio\\\/wp-content\\\/uploads\\\/2022\\\/04\\\/cccprotestaenlaanonima-scaled.jpg\",\"datePublished\":\"2022-04-21T13:40:09+00:00\",\"dateModified\":\"2022-04-21T13:51:39+00:00\",\"breadcrumb\":{\"@id\":\"https:\\\/\\\/diariotextual.com\\\/inicio\\\/index.php\\\/2022\\\/04\\\/21\\\/movimientos-sociales-se-movilizan-en-santa-rosa-protestaran-en-un-supermercado-y-en-el-interior-haran-ollas-populares\\\/#breadcrumb\"},\"inLanguage\":\"es\",\"potentialAction\":[{\"@type\":\"ReadAction\",\"target\":[\"https:\\\/\\\/diariotextual.com\\\/inicio\\\/index.php\\\/2022\\\/04\\\/21\\\/movimientos-sociales-se-movilizan-en-santa-rosa-protestaran-en-un-supermercado-y-en-el-interior-haran-ollas-populares\\\/\"]}]},{\"@type\":\"ImageObject\",\"inLanguage\":\"es\",\"@id\":\"https:\\\/\\\/diariotextual.com\\\/inicio\\\/index.php\\\/2022\\\/04\\\/21\\\/movimientos-sociales-se-movilizan-en-santa-rosa-protestaran-en-un-supermercado-y-en-el-interior-haran-ollas-populares\\\/#primaryimage\",\"url\":\"https:\\\/\\\/diariotextual.com\\\/inicio\\\/wp-content\\\/uploads\\\/2022\\\/04\\\/cccprotestaenlaanonima-scaled.jpg\",\"contentUrl\":\"https:\\\/\\\/diariotextual.com\\\/inicio\\\/wp-content\\\/uploads\\\/2022\\\/04\\\/cccprotestaenlaanonima-scaled.jpg\",\"width\":2560,\"height\":1920},{\"@type\":\"BreadcrumbList\",\"@id\":\"https:\\\/\\\/diariotextual.com\\\/inicio\\\/index.php\\\/2022\\\/04\\\/21\\\/movimientos-sociales-se-movilizan-en-santa-rosa-protestaran-en-un-supermercado-y-en-el-interior-haran-ollas-populares\\\/#breadcrumb\",\"itemListElement\":[{\"@type\":\"ListItem\",\"position\":1,\"name\":\"Portada\",\"item\":\"https:\\\/\\\/diariotextual.com\\\/inicio\\\/\"},{\"@type\":\"ListItem\",\"position\":2,\"name\":\"Contra la inflaci\u00f3n y los formadores de precios: en Santa Rosa la CCC se manifest\u00f3 frente a una cadena de supermercados\"}]},{\"@type\":\"WebSite\",\"@id\":\"https:\\\/\\\/diariotextual.com\\\/inicio\\\/#website\",\"url\":\"https:\\\/\\\/diariotextual.com\\\/inicio\\\/\",\"name\":\"Diario Textual\",\"description\":\"\",\"publisher\":{\"@id\":\"https:\\\/\\\/diariotextual.com\\\/inicio\\\/#organization\"},\"potentialAction\":[{\"@type\":\"SearchAction\",\"target\":{\"@type\":\"EntryPoint\",\"urlTemplate\":\"https:\\\/\\\/diariotextual.com\\\/inicio\\\/?s={search_term_string}\"},\"query-input\":{\"@type\":\"PropertyValueSpecification\",\"valueRequired\":true,\"valueName\":\"search_term_string\"}}],\"inLanguage\":\"es\"},{\"@type\":\"Organization\",\"@id\":\"https:\\\/\\\/diariotextual.com\\\/inicio\\\/#organization\",\"name\":\"Diario Textual\",\"url\":\"https:\\\/\\\/diariotextual.com\\\/inicio\\\/\",\"logo\":{\"@type\":\"ImageObject\",\"inLanguage\":\"es\",\"@id\":\"https:\\\/\\\/diariotextual.com\\\/inicio\\\/#\\\/schema\\\/logo\\\/image\\\/\",\"url\":\"https:\\\/\\\/diariotextual.com\\\/inicio\\\/wp-content\\\/uploads\\\/2023\\\/05\\\/logotextual1.jpg\",\"contentUrl\":\"https:\\\/\\\/diariotextual.com\\\/inicio\\\/wp-content\\\/uploads\\\/2023\\\/05\\\/logotextual1.jpg\",\"width\":516,\"height\":76,\"caption\":\"Diario Textual\"},\"image\":{\"@id\":\"https:\\\/\\\/diariotextual.com\\\/inicio\\\/#\\\/schema\\\/logo\\\/image\\\/\"},\"sameAs\":[\"https:\\\/\\\/www.facebook.com\\\/eltextual\",\"https:\\\/\\\/x.com\\\/eltextual\",\"http:\\\/\\\/www.instagram.com\\\/eltextual\"]},{\"@type\":\"Person\",\"@id\":\"https:\\\/\\\/diariotextual.com\\\/inicio\\\/#\\\/schema\\\/person\\\/c7834961ad8b29b1d9cdbf4571299067\",\"name\":\"diario5\",\"image\":{\"@type\":\"ImageObject\",\"inLanguage\":\"es\",\"@id\":\"https:\\\/\\\/secure.gravatar.com\\\/avatar\\\/948c893b847ca6df68216ead81b63f363408ec9b0f600fefc0641ce78613b111?s=96&d=mm&r=g\",\"url\":\"https:\\\/\\\/secure.gravatar.com\\\/avatar\\\/948c893b847ca6df68216ead81b63f363408ec9b0f600fefc0641ce78613b111?s=96&d=mm&r=g\",\"contentUrl\":\"https:\\\/\\\/secure.gravatar.com\\\/avatar\\\/948c893b847ca6df68216ead81b63f363408ec9b0f600fefc0641ce78613b111?s=96&d=mm&r=g\",\"caption\":\"diario5\"},\"url\":\"https:\\\/\\\/diariotextual.com\\\/inicio\\\/index.php\\\/author\\\/diario5\\\/\"}]}<\/script>\n<!-- \/ Yoast SEO plugin. -->","yoast_head_json":{"title":"Contra la inflaci\u00f3n y los formadores de precios: en Santa Rosa la CCC se manifest\u00f3 frente a una cadena de supermercados - Diario Textual","robots":{"index":"index","follow":"follow","max-snippet":"max-snippet:-1","max-image-preview":"max-image-preview:large","max-video-preview":"max-video-preview:-1"},"canonical":"https:\/\/diariotextual.com\/inicio\/index.php\/2022\/04\/21\/movimientos-sociales-se-movilizan-en-santa-rosa-protestaran-en-un-supermercado-y-en-el-interior-haran-ollas-populares\/","og_locale":"es_ES","og_type":"article","og_title":"Contra la inflaci\u00f3n y los formadores de precios: en Santa Rosa la CCC se manifest\u00f3 frente a una cadena de supermercados - Diario Textual","og_description":"Contra la inflaci\u00f3n, los formadores de precios y los que se enriquecen a costa de la sangre del pueblo, se lleva a cabo este jueves en la provincia y en&hellip;","og_url":"https:\/\/diariotextual.com\/inicio\/index.php\/2022\/04\/21\/movimientos-sociales-se-movilizan-en-santa-rosa-protestaran-en-un-supermercado-y-en-el-interior-haran-ollas-populares\/","og_site_name":"Diario Textual","article_publisher":"https:\/\/www.facebook.com\/eltextual","article_published_time":"2022-04-21T13:40:09+00:00","article_modified_time":"2022-04-21T13:51:39+00:00","og_image":[{"width":2560,"height":1920,"url":"https:\/\/diariotextual.com\/inicio\/wp-content\/uploads\/2022\/04\/cccprotestaenlaanonima-scaled.jpg","type":"image\/jpeg"}],"author":"diario5","twitter_card":"summary_large_image","twitter_creator":"@eltextual","twitter_site":"@eltextual","twitter_misc":{"Escrito por":"diario5","Tiempo de lectura":"2 minutos"},"schema":{"@context":"https:\/\/schema.org","@graph":[{"@type":"Article","@id":"https:\/\/diariotextual.com\/inicio\/index.php\/2022\/04\/21\/movimientos-sociales-se-movilizan-en-santa-rosa-protestaran-en-un-supermercado-y-en-el-interior-haran-ollas-populares\/#article","isPartOf":{"@id":"https:\/\/diariotextual.com\/inicio\/index.php\/2022\/04\/21\/movimientos-sociales-se-movilizan-en-santa-rosa-protestaran-en-un-supermercado-y-en-el-interior-haran-ollas-populares\/"},"author":{"name":"diario5","@id":"https:\/\/diariotextual.com\/inicio\/#\/schema\/person\/c7834961ad8b29b1d9cdbf4571299067"},"headline":"Contra la inflaci\u00f3n y los formadores de precios: en Santa Rosa la CCC se manifest\u00f3 frente a una cadena de supermercados","datePublished":"2022-04-21T13:40:09+00:00","dateModified":"2022-04-21T13:51:39+00:00","mainEntityOfPage":{"@id":"https:\/\/diariotextual.com\/inicio\/index.php\/2022\/04\/21\/movimientos-sociales-se-movilizan-en-santa-rosa-protestaran-en-un-supermercado-y-en-el-interior-haran-ollas-populares\/"},"wordCount":267,"publisher":{"@id":"https:\/\/diariotextual.com\/inicio\/#organization"},"image":{"@id":"https:\/\/diariotextual.com\/inicio\/index.php\/2022\/04\/21\/movimientos-sociales-se-movilizan-en-santa-rosa-protestaran-en-un-supermercado-y-en-el-interior-haran-ollas-populares\/#primaryimage"},"thumbnailUrl":"https:\/\/diariotextual.com\/inicio\/wp-content\/uploads\/2022\/04\/cccprotestaenlaanonima-scaled.jpg","keywords":["movilizaci\u00f3n"],"articleSection":["A - DESTACADAS (mod 16)","SOCIEDAD"],"inLanguage":"es"},{"@type":"WebPage","@id":"https:\/\/diariotextual.com\/inicio\/index.php\/2022\/04\/21\/movimientos-sociales-se-movilizan-en-santa-rosa-protestaran-en-un-supermercado-y-en-el-interior-haran-ollas-populares\/","url":"https:\/\/diariotextual.com\/inicio\/index.php\/2022\/04\/21\/movimientos-sociales-se-movilizan-en-santa-rosa-protestaran-en-un-supermercado-y-en-el-interior-haran-ollas-populares\/","name":"Contra la inflaci\u00f3n y los formadores de precios: en Santa Rosa la CCC se manifest\u00f3 frente a una cadena de supermercados - Diario Textual","isPartOf":{"@id":"https:\/\/diariotextual.com\/inicio\/#website"},"primaryImageOfPage":{"@id":"https:\/\/diariotextual.com\/inicio\/index.php\/2022\/04\/21\/movimientos-sociales-se-movilizan-en-santa-rosa-protestaran-en-un-supermercado-y-en-el-interior-haran-ollas-populares\/#primaryimage"},"image":{"@id":"https:\/\/diariotextual.com\/inicio\/index.php\/2022\/04\/21\/movimientos-sociales-se-movilizan-en-santa-rosa-protestaran-en-un-supermercado-y-en-el-interior-haran-ollas-populares\/#primaryimage"},"thumbnailUrl":"https:\/\/diariotextual.com\/inicio\/wp-content\/uploads\/2022\/04\/cccprotestaenlaanonima-scaled.jpg","datePublished":"2022-04-21T13:40:09+00:00","dateModified":"2022-04-21T13:51:39+00:00","breadcrumb":{"@id":"https:\/\/diariotextual.com\/inicio\/index.php\/2022\/04\/21\/movimientos-sociales-se-movilizan-en-santa-rosa-protestaran-en-un-supermercado-y-en-el-interior-haran-ollas-populares\/#breadcrumb"},"inLanguage":"es","potentialAction":[{"@type":"ReadAction","target":["https:\/\/diariotextual.com\/inicio\/index.php\/2022\/04\/21\/movimientos-sociales-se-movilizan-en-santa-rosa-protestaran-en-un-supermercado-y-en-el-interior-haran-ollas-populares\/"]}]},{"@type":"ImageObject","inLanguage":"es","@id":"https:\/\/diariotextual.com\/inicio\/index.php\/2022\/04\/21\/movimientos-sociales-se-movilizan-en-santa-rosa-protestaran-en-un-supermercado-y-en-el-interior-haran-ollas-populares\/#primaryimage","url":"https:\/\/diariotextual.com\/inicio\/wp-content\/uploads\/2022\/04\/cccprotestaenlaanonima-scaled.jpg","contentUrl":"https:\/\/diariotextual.com\/inicio\/wp-content\/uploads\/2022\/04\/cccprotestaenlaanonima-scaled.jpg","width":2560,"height":1920},{"@type":"BreadcrumbList","@id":"https:\/\/diariotextual.com\/inicio\/index.php\/2022\/04\/21\/movimientos-sociales-se-movilizan-en-santa-rosa-protestaran-en-un-supermercado-y-en-el-interior-haran-ollas-populares\/#breadcrumb","itemListElement":[{"@type":"ListItem","position":1,"name":"Portada","item":"https:\/\/diariotextual.com\/inicio\/"},{"@type":"ListItem","position":2,"name":"Contra la inflaci\u00f3n y los formadores de precios: en Santa Rosa la CCC se manifest\u00f3 frente a una cadena de supermercados"}]},{"@type":"WebSite","@id":"https:\/\/diariotextual.com\/inicio\/#website","url":"https:\/\/diariotextual.com\/inicio\/","name":"Diario Textual","description":"","publisher":{"@id":"https:\/\/diariotextual.com\/inicio\/#organization"},"potentialAction":[{"@type":"SearchAction","target":{"@type":"EntryPoint","urlTemplate":"https:\/\/diariotextual.com\/inicio\/?s={search_term_string}"},"query-input":{"@type":"PropertyValueSpecification","valueRequired":true,"valueName":"search_term_string"}}],"inLanguage":"es"},{"@type":"Organization","@id":"https:\/\/diariotextual.com\/inicio\/#organization","name":"Diario Textual","url":"https:\/\/diariotextual.com\/inicio\/","logo":{"@type":"ImageObject","inLanguage":"es","@id":"https:\/\/diariotextual.com\/inicio\/#\/schema\/logo\/image\/","url":"https:\/\/diariotextual.com\/inicio\/wp-content\/uploads\/2023\/05\/logotextual1.jpg","contentUrl":"https:\/\/diariotextual.com\/inicio\/wp-content\/uploads\/2023\/05\/logotextual1.jpg","width":516,"height":76,"caption":"Diario Textual"},"image":{"@id":"https:\/\/diariotextual.com\/inicio\/#\/schema\/logo\/image\/"},"sameAs":["https:\/\/www.facebook.com\/eltextual","https:\/\/x.com\/eltextual","http:\/\/www.instagram.com\/eltextual"]},{"@type":"Person","@id":"https:\/\/diariotextual.com\/inicio\/#\/schema\/person\/c7834961ad8b29b1d9cdbf4571299067","name":"diario5","image":{"@type":"ImageObject","inLanguage":"es","@id":"https:\/\/secure.gravatar.com\/avatar\/948c893b847ca6df68216ead81b63f363408ec9b0f600fefc0641ce78613b111?s=96&d=mm&r=g","url":"https:\/\/secure.gravatar.com\/avatar\/948c893b847ca6df68216ead81b63f363408ec9b0f600fefc0641ce78613b111?s=96&d=mm&r=g","contentUrl":"https:\/\/secure.gravatar.com\/avatar\/948c893b847ca6df68216ead81b63f363408ec9b0f600fefc0641ce78613b111?s=96&d=mm&r=g","caption":"diario5"},"url":"https:\/\/diariotextual.com\/inicio\/index.php\/author\/diario5\/"}]}},"_links":{"self":[{"href":"https:\/\/diariotextual.com\/inicio\/index.php\/wp-json\/wp\/v2\/posts\/186216","targetHints":{"allow":["GET"]}}],"collection":[{"href":"https:\/\/diariotextual.com\/inicio\/index.php\/wp-json\/wp\/v2\/posts"}],"about":[{"href":"https:\/\/diariotextual.com\/inicio\/index.php\/wp-json\/wp\/v2\/types\/post"}],"author":[{"embeddable":true,"href":"https:\/\/diariotextual.com\/inicio\/index.php\/wp-json\/wp\/v2\/users\/7"}],"replies":[{"embeddable":true,"href":"https:\/\/diariotextual.com\/inicio\/index.php\/wp-json\/wp\/v2\/comments?post=186216"}],"version-history":[{"count":8,"href":"https:\/\/diariotextual.com\/inicio\/index.php\/wp-json\/wp\/v2\/posts\/186216\/revisions"}],"predecessor-version":[{"id":186253,"href":"https:\/\/diariotextual.com\/inicio\/index.php\/wp-json\/wp\/v2\/posts\/186216\/revisions\/186253"}],"wp:featuredmedia":[{"embeddable":true,"href":"https:\/\/diariotextual.com\/inicio\/index.php\/wp-json\/wp\/v2\/media\/186240"}],"wp:attachment":[{"href":"https:\/\/diariotextual.com\/inicio\/index.php\/wp-json\/wp\/v2\/media?parent=186216"}],"wp:term":[{"taxonomy":"category","embeddable":true,"href":"https:\/\/diariotextual.com\/inicio\/index.php\/wp-json\/wp\/v2\/categories?post=186216"},{"taxonomy":"post_tag","embeddable":true,"href":"https:\/\/diariotextual.com\/inicio\/index.php\/wp-json\/wp\/v2\/tags?post=186216"}],"curies":[{"name":"wp","href":"https:\/\/api.w.org\/{rel}","templated":true}]}}