{"id":187333,"date":"2022-05-02T20:33:08","date_gmt":"2022-05-02T23:33:08","guid":{"rendered":"https:\/\/diariotextual.com\/inicio\/?p=187333"},"modified":"2022-05-03T15:19:55","modified_gmt":"2022-05-03T18:19:55","slug":"pegaron-carteles-en-un-colegio-de-santa-rosa-y-denunciaron-por-acoso-a-un-docente","status":"publish","type":"post","link":"https:\/\/diariotextual.com\/inicio\/index.php\/2022\/05\/02\/pegaron-carteles-en-un-colegio-de-santa-rosa-y-denunciaron-por-acoso-a-un-docente\/","title":{"rendered":"Pegaron carteles en un colegio de Santa Rosa para denunciar por acoso a un docente"},"content":{"rendered":"\n<p>Alumnas de quinto a\u00f1o del <strong>Colegio Mar\u00eda Teresa de Calcuta<\/strong>, ubicado en Santiago \u00c1lvarez al 300 de Santa Rosa, denunciaron por <strong>\u201cacoso\u201d <\/strong>a un<strong> profesor ante la Unidad Funcional de G\u00e9nero<\/strong>. Estudiantes y familiares, incluso, <strong>hicieron este lunes un \u201cescrache\u201d ante la instituci\u00f3n: pegaron carteles contra el docente.<\/strong><\/p>\n\n\n\n<p><strong>Uno de los datos salientes es que el apuntado es un conocido militante pol\u00edtico y social. Incluso diserta y escribe sobre prevenci\u00f3n de ciberbulling y ciberacoso. Por lo pronto, ha negado terminantemente las acusaciones.<\/strong><\/p>\n\n\n\n<p>El profesor fue preventivamente apartado de la docencia, mientras avanza la investigaci\u00f3n, dijeron fuentes del caso a <strong>Diario Textual<\/strong>.<\/p>\n\n\n\n<figure class=\"wp-block-embed is-type-wp-embed is-provider-diario-textual wp-block-embed-diario-textual\"><div class=\"wp-block-embed__wrapper\">\n<blockquote class=\"wp-embedded-content\" data-secret=\"67T2K9wKkh\"><a href=\"https:\/\/diariotextual.com\/inicio\/index.php\/2022\/04\/30\/utelpa-pide-audiencia-con-el-gobernador-por-el-aumento-de-situaciones-de-violencia-y-acoso-en-las-escuelas\/\">Utelpa pide audiencia con el gobernador por el aumento de situaciones de violencia y acoso en las escuelas<\/a><\/blockquote><iframe class=\"wp-embedded-content\" sandbox=\"allow-scripts\" security=\"restricted\" style=\"position: absolute; clip: rect(1px, 1px, 1px, 1px);\" title=\"\u00abUtelpa pide audiencia con el gobernador por el aumento de situaciones de violencia y acoso en las escuelas\u00bb \u2014 Diario Textual\" src=\"https:\/\/diariotextual.com\/inicio\/index.php\/2022\/04\/30\/utelpa-pide-audiencia-con-el-gobernador-por-el-aumento-de-situaciones-de-violencia-y-acoso-en-las-escuelas\/embed\/#?secret=yy4Xz7mgRq#?secret=67T2K9wKkh\" data-secret=\"67T2K9wKkh\" width=\"600\" height=\"338\" frameborder=\"0\" marginwidth=\"0\" marginheight=\"0\" scrolling=\"no\"><\/iframe>\n<\/div><\/figure>\n\n\n\n<p>Hay al menos cuatro estudiantes que lo se\u00f1alan: dijeron que se dirige en forma \u201cinapropiada\u201d a los alumnos y alumnas. Incluso, sostuvieron que al menos a una joven, al abrazarla, le toc\u00f3 los pechos.<\/p>\n\n\n\n<p>En tanto, no fue a\u00fan posible conocer la versi\u00f3n de las autoridades del colegio. Las denunciantes dijeron que no les creyeron. <strong>\u201cQuiz\u00e1s es una muestra de cari\u00f1o\u201d<\/strong>, les expresaron desde la instituci\u00f3n, cuando advirtieron de esos \u201cabrazos\u201d o \u201cmanoseos\u201d del docente.<\/p>\n\n\n\n<figure class=\"wp-block-image size-large\"><img fetchpriority=\"high\" decoding=\"async\" width=\"1024\" height=\"768\" src=\"https:\/\/diariotextual.com\/inicio\/wp-content\/uploads\/2022\/05\/acosodenunciamariateresacalculta2022-2-1024x768.jpg\" alt=\"\" class=\"wp-image-187336\" srcset=\"https:\/\/diariotextual.com\/inicio\/wp-content\/uploads\/2022\/05\/acosodenunciamariateresacalculta2022-2-1024x768.jpg 1024w, https:\/\/diariotextual.com\/inicio\/wp-content\/uploads\/2022\/05\/acosodenunciamariateresacalculta2022-2-300x225.jpg 300w, https:\/\/diariotextual.com\/inicio\/wp-content\/uploads\/2022\/05\/acosodenunciamariateresacalculta2022-2-768x576.jpg 768w, https:\/\/diariotextual.com\/inicio\/wp-content\/uploads\/2022\/05\/acosodenunciamariateresacalculta2022-2-1170x878.jpg 1170w, https:\/\/diariotextual.com\/inicio\/wp-content\/uploads\/2022\/05\/acosodenunciamariateresacalculta2022-2-585x439.jpg 585w, https:\/\/diariotextual.com\/inicio\/wp-content\/uploads\/2022\/05\/acosodenunciamariateresacalculta2022-2.jpg 1200w\" sizes=\"(max-width: 1024px) 100vw, 1024px\" \/><\/figure>\n","protected":false},"excerpt":{"rendered":"<p>Alumnas de quinto a\u00f1o del Colegio Mar\u00eda Teresa de Calcuta, ubicado en Santiago \u00c1lvarez al 300 de Santa Rosa, denunciaron por \u201cacoso\u201d a un profesor ante la Unidad Funcional de&hellip;<\/p>\n","protected":false},"author":3,"featured_media":187335,"comment_status":"closed","ping_status":"open","sticky":false,"template":"","format":"standard","meta":{"_acf_changed":false,"footnotes":""},"categories":[1,11,12],"tags":[1119],"class_list":["post-187333","post","type-post","status-publish","format-standard","has-post-thumbnail","hentry","category-es-noticia","category-que-pasa","category-sociedad","tag-denuncia"],"acf":[],"yoast_head":"<!-- This site is optimized with the Yoast SEO plugin v27.5 - https:\/\/yoast.com\/product\/yoast-seo-wordpress\/ -->\n<title>Pegaron carteles en un colegio de Santa Rosa para denunciar por acoso a un docente - Diario Textual<\/title>\n<meta name=\"robots\" content=\"index, follow, max-snippet:-1, max-image-preview:large, max-video-preview:-1\" \/>\n<link rel=\"canonical\" href=\"https:\/\/diariotextual.com\/inicio\/index.php\/2022\/05\/02\/pegaron-carteles-en-un-colegio-de-santa-rosa-y-denunciaron-por-acoso-a-un-docente\/\" \/>\n<meta property=\"og:locale\" content=\"es_ES\" \/>\n<meta property=\"og:type\" content=\"article\" \/>\n<meta property=\"og:title\" content=\"Pegaron carteles en un colegio de Santa Rosa para denunciar por acoso a un docente - Diario Textual\" \/>\n<meta property=\"og:description\" content=\"Alumnas de quinto a\u00f1o del Colegio Mar\u00eda Teresa de Calcuta, ubicado en Santiago \u00c1lvarez al 300 de Santa Rosa, denunciaron por \u201cacoso\u201d a un profesor ante la Unidad Funcional de&hellip;\" \/>\n<meta property=\"og:url\" content=\"https:\/\/diariotextual.com\/inicio\/index.php\/2022\/05\/02\/pegaron-carteles-en-un-colegio-de-santa-rosa-y-denunciaron-por-acoso-a-un-docente\/\" \/>\n<meta property=\"og:site_name\" content=\"Diario Textual\" \/>\n<meta property=\"article:publisher\" content=\"https:\/\/www.facebook.com\/eltextual\" \/>\n<meta property=\"article:published_time\" content=\"2022-05-02T23:33:08+00:00\" \/>\n<meta property=\"article:modified_time\" content=\"2022-05-03T18:19:55+00:00\" \/>\n<meta property=\"og:image\" content=\"https:\/\/diariotextual.com\/inicio\/wp-content\/uploads\/2022\/05\/acosodenunciamariateresadecalculta2022-1.jpg\" \/>\n\t<meta property=\"og:image:width\" content=\"1300\" \/>\n\t<meta property=\"og:image:height\" content=\"887\" \/>\n\t<meta property=\"og:image:type\" content=\"image\/jpeg\" \/>\n<meta name=\"author\" content=\"Diario1 Diario1\" \/>\n<meta name=\"twitter:card\" content=\"summary_large_image\" \/>\n<meta name=\"twitter:creator\" content=\"@eltextual\" \/>\n<meta name=\"twitter:site\" content=\"@eltextual\" \/>\n<meta name=\"twitter:label1\" content=\"Escrito por\" \/>\n\t<meta name=\"twitter:data1\" content=\"Diario1 Diario1\" \/>\n\t<meta name=\"twitter:label2\" content=\"Tiempo de lectura\" \/>\n\t<meta name=\"twitter:data2\" content=\"2 minutos\" \/>\n<script type=\"application\/ld+json\" class=\"yoast-schema-graph\">{\"@context\":\"https:\\\/\\\/schema.org\",\"@graph\":[{\"@type\":\"Article\",\"@id\":\"https:\\\/\\\/diariotextual.com\\\/inicio\\\/index.php\\\/2022\\\/05\\\/02\\\/pegaron-carteles-en-un-colegio-de-santa-rosa-y-denunciaron-por-acoso-a-un-docente\\\/#article\",\"isPartOf\":{\"@id\":\"https:\\\/\\\/diariotextual.com\\\/inicio\\\/index.php\\\/2022\\\/05\\\/02\\\/pegaron-carteles-en-un-colegio-de-santa-rosa-y-denunciaron-por-acoso-a-un-docente\\\/\"},\"author\":{\"name\":\"Diario1 Diario1\",\"@id\":\"https:\\\/\\\/diariotextual.com\\\/inicio\\\/#\\\/schema\\\/person\\\/418fc4093c33e86ed41562db3508f958\"},\"headline\":\"Pegaron carteles en un colegio de Santa Rosa para denunciar por acoso a un docente\",\"datePublished\":\"2022-05-02T23:33:08+00:00\",\"dateModified\":\"2022-05-03T18:19:55+00:00\",\"mainEntityOfPage\":{\"@id\":\"https:\\\/\\\/diariotextual.com\\\/inicio\\\/index.php\\\/2022\\\/05\\\/02\\\/pegaron-carteles-en-un-colegio-de-santa-rosa-y-denunciaron-por-acoso-a-un-docente\\\/\"},\"wordCount\":210,\"publisher\":{\"@id\":\"https:\\\/\\\/diariotextual.com\\\/inicio\\\/#organization\"},\"image\":{\"@id\":\"https:\\\/\\\/diariotextual.com\\\/inicio\\\/index.php\\\/2022\\\/05\\\/02\\\/pegaron-carteles-en-un-colegio-de-santa-rosa-y-denunciaron-por-acoso-a-un-docente\\\/#primaryimage\"},\"thumbnailUrl\":\"https:\\\/\\\/diariotextual.com\\\/inicio\\\/wp-content\\\/uploads\\\/2022\\\/05\\\/acosodenunciamariateresadecalculta2022-1.jpg\",\"keywords\":[\"denuncia\"],\"articleSection\":[\"A - ES NOTICIA (van abajo)\",\"A - QUE PASA (al costado)\",\"SOCIEDAD\"],\"inLanguage\":\"es\"},{\"@type\":\"WebPage\",\"@id\":\"https:\\\/\\\/diariotextual.com\\\/inicio\\\/index.php\\\/2022\\\/05\\\/02\\\/pegaron-carteles-en-un-colegio-de-santa-rosa-y-denunciaron-por-acoso-a-un-docente\\\/\",\"url\":\"https:\\\/\\\/diariotextual.com\\\/inicio\\\/index.php\\\/2022\\\/05\\\/02\\\/pegaron-carteles-en-un-colegio-de-santa-rosa-y-denunciaron-por-acoso-a-un-docente\\\/\",\"name\":\"Pegaron carteles en un colegio de Santa Rosa para denunciar por acoso a un docente - Diario Textual\",\"isPartOf\":{\"@id\":\"https:\\\/\\\/diariotextual.com\\\/inicio\\\/#website\"},\"primaryImageOfPage\":{\"@id\":\"https:\\\/\\\/diariotextual.com\\\/inicio\\\/index.php\\\/2022\\\/05\\\/02\\\/pegaron-carteles-en-un-colegio-de-santa-rosa-y-denunciaron-por-acoso-a-un-docente\\\/#primaryimage\"},\"image\":{\"@id\":\"https:\\\/\\\/diariotextual.com\\\/inicio\\\/index.php\\\/2022\\\/05\\\/02\\\/pegaron-carteles-en-un-colegio-de-santa-rosa-y-denunciaron-por-acoso-a-un-docente\\\/#primaryimage\"},\"thumbnailUrl\":\"https:\\\/\\\/diariotextual.com\\\/inicio\\\/wp-content\\\/uploads\\\/2022\\\/05\\\/acosodenunciamariateresadecalculta2022-1.jpg\",\"datePublished\":\"2022-05-02T23:33:08+00:00\",\"dateModified\":\"2022-05-03T18:19:55+00:00\",\"breadcrumb\":{\"@id\":\"https:\\\/\\\/diariotextual.com\\\/inicio\\\/index.php\\\/2022\\\/05\\\/02\\\/pegaron-carteles-en-un-colegio-de-santa-rosa-y-denunciaron-por-acoso-a-un-docente\\\/#breadcrumb\"},\"inLanguage\":\"es\",\"potentialAction\":[{\"@type\":\"ReadAction\",\"target\":[\"https:\\\/\\\/diariotextual.com\\\/inicio\\\/index.php\\\/2022\\\/05\\\/02\\\/pegaron-carteles-en-un-colegio-de-santa-rosa-y-denunciaron-por-acoso-a-un-docente\\\/\"]}]},{\"@type\":\"ImageObject\",\"inLanguage\":\"es\",\"@id\":\"https:\\\/\\\/diariotextual.com\\\/inicio\\\/index.php\\\/2022\\\/05\\\/02\\\/pegaron-carteles-en-un-colegio-de-santa-rosa-y-denunciaron-por-acoso-a-un-docente\\\/#primaryimage\",\"url\":\"https:\\\/\\\/diariotextual.com\\\/inicio\\\/wp-content\\\/uploads\\\/2022\\\/05\\\/acosodenunciamariateresadecalculta2022-1.jpg\",\"contentUrl\":\"https:\\\/\\\/diariotextual.com\\\/inicio\\\/wp-content\\\/uploads\\\/2022\\\/05\\\/acosodenunciamariateresadecalculta2022-1.jpg\",\"width\":1300,\"height\":887},{\"@type\":\"BreadcrumbList\",\"@id\":\"https:\\\/\\\/diariotextual.com\\\/inicio\\\/index.php\\\/2022\\\/05\\\/02\\\/pegaron-carteles-en-un-colegio-de-santa-rosa-y-denunciaron-por-acoso-a-un-docente\\\/#breadcrumb\",\"itemListElement\":[{\"@type\":\"ListItem\",\"position\":1,\"name\":\"Portada\",\"item\":\"https:\\\/\\\/diariotextual.com\\\/inicio\\\/\"},{\"@type\":\"ListItem\",\"position\":2,\"name\":\"Pegaron carteles en un colegio de Santa Rosa para denunciar por acoso a un docente\"}]},{\"@type\":\"WebSite\",\"@id\":\"https:\\\/\\\/diariotextual.com\\\/inicio\\\/#website\",\"url\":\"https:\\\/\\\/diariotextual.com\\\/inicio\\\/\",\"name\":\"Diario Textual\",\"description\":\"\",\"publisher\":{\"@id\":\"https:\\\/\\\/diariotextual.com\\\/inicio\\\/#organization\"},\"potentialAction\":[{\"@type\":\"SearchAction\",\"target\":{\"@type\":\"EntryPoint\",\"urlTemplate\":\"https:\\\/\\\/diariotextual.com\\\/inicio\\\/?s={search_term_string}\"},\"query-input\":{\"@type\":\"PropertyValueSpecification\",\"valueRequired\":true,\"valueName\":\"search_term_string\"}}],\"inLanguage\":\"es\"},{\"@type\":\"Organization\",\"@id\":\"https:\\\/\\\/diariotextual.com\\\/inicio\\\/#organization\",\"name\":\"Diario Textual\",\"url\":\"https:\\\/\\\/diariotextual.com\\\/inicio\\\/\",\"logo\":{\"@type\":\"ImageObject\",\"inLanguage\":\"es\",\"@id\":\"https:\\\/\\\/diariotextual.com\\\/inicio\\\/#\\\/schema\\\/logo\\\/image\\\/\",\"url\":\"https:\\\/\\\/diariotextual.com\\\/inicio\\\/wp-content\\\/uploads\\\/2023\\\/05\\\/logotextual1.jpg\",\"contentUrl\":\"https:\\\/\\\/diariotextual.com\\\/inicio\\\/wp-content\\\/uploads\\\/2023\\\/05\\\/logotextual1.jpg\",\"width\":516,\"height\":76,\"caption\":\"Diario Textual\"},\"image\":{\"@id\":\"https:\\\/\\\/diariotextual.com\\\/inicio\\\/#\\\/schema\\\/logo\\\/image\\\/\"},\"sameAs\":[\"https:\\\/\\\/www.facebook.com\\\/eltextual\",\"https:\\\/\\\/x.com\\\/eltextual\",\"http:\\\/\\\/www.instagram.com\\\/eltextual\"]},{\"@type\":\"Person\",\"@id\":\"https:\\\/\\\/diariotextual.com\\\/inicio\\\/#\\\/schema\\\/person\\\/418fc4093c33e86ed41562db3508f958\",\"name\":\"Diario1 Diario1\",\"image\":{\"@type\":\"ImageObject\",\"inLanguage\":\"es\",\"@id\":\"https:\\\/\\\/secure.gravatar.com\\\/avatar\\\/9167d280179c85bc18be67aa7eda765854300033af4896dd779b608640f2ef7a?s=96&d=mm&r=g\",\"url\":\"https:\\\/\\\/secure.gravatar.com\\\/avatar\\\/9167d280179c85bc18be67aa7eda765854300033af4896dd779b608640f2ef7a?s=96&d=mm&r=g\",\"contentUrl\":\"https:\\\/\\\/secure.gravatar.com\\\/avatar\\\/9167d280179c85bc18be67aa7eda765854300033af4896dd779b608640f2ef7a?s=96&d=mm&r=g\",\"caption\":\"Diario1 Diario1\"},\"url\":\"https:\\\/\\\/diariotextual.com\\\/inicio\\\/index.php\\\/author\\\/diario1\\\/\"}]}<\/script>\n<!-- \/ Yoast SEO plugin. -->","yoast_head_json":{"title":"Pegaron carteles en un colegio de Santa Rosa para denunciar por acoso a un docente - Diario Textual","robots":{"index":"index","follow":"follow","max-snippet":"max-snippet:-1","max-image-preview":"max-image-preview:large","max-video-preview":"max-video-preview:-1"},"canonical":"https:\/\/diariotextual.com\/inicio\/index.php\/2022\/05\/02\/pegaron-carteles-en-un-colegio-de-santa-rosa-y-denunciaron-por-acoso-a-un-docente\/","og_locale":"es_ES","og_type":"article","og_title":"Pegaron carteles en un colegio de Santa Rosa para denunciar por acoso a un docente - Diario Textual","og_description":"Alumnas de quinto a\u00f1o del Colegio Mar\u00eda Teresa de Calcuta, ubicado en Santiago \u00c1lvarez al 300 de Santa Rosa, denunciaron por \u201cacoso\u201d a un profesor ante la Unidad Funcional de&hellip;","og_url":"https:\/\/diariotextual.com\/inicio\/index.php\/2022\/05\/02\/pegaron-carteles-en-un-colegio-de-santa-rosa-y-denunciaron-por-acoso-a-un-docente\/","og_site_name":"Diario Textual","article_publisher":"https:\/\/www.facebook.com\/eltextual","article_published_time":"2022-05-02T23:33:08+00:00","article_modified_time":"2022-05-03T18:19:55+00:00","og_image":[{"width":1300,"height":887,"url":"https:\/\/diariotextual.com\/inicio\/wp-content\/uploads\/2022\/05\/acosodenunciamariateresadecalculta2022-1.jpg","type":"image\/jpeg"}],"author":"Diario1 Diario1","twitter_card":"summary_large_image","twitter_creator":"@eltextual","twitter_site":"@eltextual","twitter_misc":{"Escrito por":"Diario1 Diario1","Tiempo de lectura":"2 minutos"},"schema":{"@context":"https:\/\/schema.org","@graph":[{"@type":"Article","@id":"https:\/\/diariotextual.com\/inicio\/index.php\/2022\/05\/02\/pegaron-carteles-en-un-colegio-de-santa-rosa-y-denunciaron-por-acoso-a-un-docente\/#article","isPartOf":{"@id":"https:\/\/diariotextual.com\/inicio\/index.php\/2022\/05\/02\/pegaron-carteles-en-un-colegio-de-santa-rosa-y-denunciaron-por-acoso-a-un-docente\/"},"author":{"name":"Diario1 Diario1","@id":"https:\/\/diariotextual.com\/inicio\/#\/schema\/person\/418fc4093c33e86ed41562db3508f958"},"headline":"Pegaron carteles en un colegio de Santa Rosa para denunciar por acoso a un docente","datePublished":"2022-05-02T23:33:08+00:00","dateModified":"2022-05-03T18:19:55+00:00","mainEntityOfPage":{"@id":"https:\/\/diariotextual.com\/inicio\/index.php\/2022\/05\/02\/pegaron-carteles-en-un-colegio-de-santa-rosa-y-denunciaron-por-acoso-a-un-docente\/"},"wordCount":210,"publisher":{"@id":"https:\/\/diariotextual.com\/inicio\/#organization"},"image":{"@id":"https:\/\/diariotextual.com\/inicio\/index.php\/2022\/05\/02\/pegaron-carteles-en-un-colegio-de-santa-rosa-y-denunciaron-por-acoso-a-un-docente\/#primaryimage"},"thumbnailUrl":"https:\/\/diariotextual.com\/inicio\/wp-content\/uploads\/2022\/05\/acosodenunciamariateresadecalculta2022-1.jpg","keywords":["denuncia"],"articleSection":["A - ES NOTICIA (van abajo)","A - QUE PASA (al costado)","SOCIEDAD"],"inLanguage":"es"},{"@type":"WebPage","@id":"https:\/\/diariotextual.com\/inicio\/index.php\/2022\/05\/02\/pegaron-carteles-en-un-colegio-de-santa-rosa-y-denunciaron-por-acoso-a-un-docente\/","url":"https:\/\/diariotextual.com\/inicio\/index.php\/2022\/05\/02\/pegaron-carteles-en-un-colegio-de-santa-rosa-y-denunciaron-por-acoso-a-un-docente\/","name":"Pegaron carteles en un colegio de Santa Rosa para denunciar por acoso a un docente - Diario Textual","isPartOf":{"@id":"https:\/\/diariotextual.com\/inicio\/#website"},"primaryImageOfPage":{"@id":"https:\/\/diariotextual.com\/inicio\/index.php\/2022\/05\/02\/pegaron-carteles-en-un-colegio-de-santa-rosa-y-denunciaron-por-acoso-a-un-docente\/#primaryimage"},"image":{"@id":"https:\/\/diariotextual.com\/inicio\/index.php\/2022\/05\/02\/pegaron-carteles-en-un-colegio-de-santa-rosa-y-denunciaron-por-acoso-a-un-docente\/#primaryimage"},"thumbnailUrl":"https:\/\/diariotextual.com\/inicio\/wp-content\/uploads\/2022\/05\/acosodenunciamariateresadecalculta2022-1.jpg","datePublished":"2022-05-02T23:33:08+00:00","dateModified":"2022-05-03T18:19:55+00:00","breadcrumb":{"@id":"https:\/\/diariotextual.com\/inicio\/index.php\/2022\/05\/02\/pegaron-carteles-en-un-colegio-de-santa-rosa-y-denunciaron-por-acoso-a-un-docente\/#breadcrumb"},"inLanguage":"es","potentialAction":[{"@type":"ReadAction","target":["https:\/\/diariotextual.com\/inicio\/index.php\/2022\/05\/02\/pegaron-carteles-en-un-colegio-de-santa-rosa-y-denunciaron-por-acoso-a-un-docente\/"]}]},{"@type":"ImageObject","inLanguage":"es","@id":"https:\/\/diariotextual.com\/inicio\/index.php\/2022\/05\/02\/pegaron-carteles-en-un-colegio-de-santa-rosa-y-denunciaron-por-acoso-a-un-docente\/#primaryimage","url":"https:\/\/diariotextual.com\/inicio\/wp-content\/uploads\/2022\/05\/acosodenunciamariateresadecalculta2022-1.jpg","contentUrl":"https:\/\/diariotextual.com\/inicio\/wp-content\/uploads\/2022\/05\/acosodenunciamariateresadecalculta2022-1.jpg","width":1300,"height":887},{"@type":"BreadcrumbList","@id":"https:\/\/diariotextual.com\/inicio\/index.php\/2022\/05\/02\/pegaron-carteles-en-un-colegio-de-santa-rosa-y-denunciaron-por-acoso-a-un-docente\/#breadcrumb","itemListElement":[{"@type":"ListItem","position":1,"name":"Portada","item":"https:\/\/diariotextual.com\/inicio\/"},{"@type":"ListItem","position":2,"name":"Pegaron carteles en un colegio de Santa Rosa para denunciar por acoso a un docente"}]},{"@type":"WebSite","@id":"https:\/\/diariotextual.com\/inicio\/#website","url":"https:\/\/diariotextual.com\/inicio\/","name":"Diario Textual","description":"","publisher":{"@id":"https:\/\/diariotextual.com\/inicio\/#organization"},"potentialAction":[{"@type":"SearchAction","target":{"@type":"EntryPoint","urlTemplate":"https:\/\/diariotextual.com\/inicio\/?s={search_term_string}"},"query-input":{"@type":"PropertyValueSpecification","valueRequired":true,"valueName":"search_term_string"}}],"inLanguage":"es"},{"@type":"Organization","@id":"https:\/\/diariotextual.com\/inicio\/#organization","name":"Diario Textual","url":"https:\/\/diariotextual.com\/inicio\/","logo":{"@type":"ImageObject","inLanguage":"es","@id":"https:\/\/diariotextual.com\/inicio\/#\/schema\/logo\/image\/","url":"https:\/\/diariotextual.com\/inicio\/wp-content\/uploads\/2023\/05\/logotextual1.jpg","contentUrl":"https:\/\/diariotextual.com\/inicio\/wp-content\/uploads\/2023\/05\/logotextual1.jpg","width":516,"height":76,"caption":"Diario Textual"},"image":{"@id":"https:\/\/diariotextual.com\/inicio\/#\/schema\/logo\/image\/"},"sameAs":["https:\/\/www.facebook.com\/eltextual","https:\/\/x.com\/eltextual","http:\/\/www.instagram.com\/eltextual"]},{"@type":"Person","@id":"https:\/\/diariotextual.com\/inicio\/#\/schema\/person\/418fc4093c33e86ed41562db3508f958","name":"Diario1 Diario1","image":{"@type":"ImageObject","inLanguage":"es","@id":"https:\/\/secure.gravatar.com\/avatar\/9167d280179c85bc18be67aa7eda765854300033af4896dd779b608640f2ef7a?s=96&d=mm&r=g","url":"https:\/\/secure.gravatar.com\/avatar\/9167d280179c85bc18be67aa7eda765854300033af4896dd779b608640f2ef7a?s=96&d=mm&r=g","contentUrl":"https:\/\/secure.gravatar.com\/avatar\/9167d280179c85bc18be67aa7eda765854300033af4896dd779b608640f2ef7a?s=96&d=mm&r=g","caption":"Diario1 Diario1"},"url":"https:\/\/diariotextual.com\/inicio\/index.php\/author\/diario1\/"}]}},"_links":{"self":[{"href":"https:\/\/diariotextual.com\/inicio\/index.php\/wp-json\/wp\/v2\/posts\/187333","targetHints":{"allow":["GET"]}}],"collection":[{"href":"https:\/\/diariotextual.com\/inicio\/index.php\/wp-json\/wp\/v2\/posts"}],"about":[{"href":"https:\/\/diariotextual.com\/inicio\/index.php\/wp-json\/wp\/v2\/types\/post"}],"author":[{"embeddable":true,"href":"https:\/\/diariotextual.com\/inicio\/index.php\/wp-json\/wp\/v2\/users\/3"}],"replies":[{"embeddable":true,"href":"https:\/\/diariotextual.com\/inicio\/index.php\/wp-json\/wp\/v2\/comments?post=187333"}],"version-history":[{"count":5,"href":"https:\/\/diariotextual.com\/inicio\/index.php\/wp-json\/wp\/v2\/posts\/187333\/revisions"}],"predecessor-version":[{"id":187340,"href":"https:\/\/diariotextual.com\/inicio\/index.php\/wp-json\/wp\/v2\/posts\/187333\/revisions\/187340"}],"wp:featuredmedia":[{"embeddable":true,"href":"https:\/\/diariotextual.com\/inicio\/index.php\/wp-json\/wp\/v2\/media\/187335"}],"wp:attachment":[{"href":"https:\/\/diariotextual.com\/inicio\/index.php\/wp-json\/wp\/v2\/media?parent=187333"}],"wp:term":[{"taxonomy":"category","embeddable":true,"href":"https:\/\/diariotextual.com\/inicio\/index.php\/wp-json\/wp\/v2\/categories?post=187333"},{"taxonomy":"post_tag","embeddable":true,"href":"https:\/\/diariotextual.com\/inicio\/index.php\/wp-json\/wp\/v2\/tags?post=187333"}],"curies":[{"name":"wp","href":"https:\/\/api.w.org\/{rel}","templated":true}]}}