{"id":18744,"date":"2018-09-01T09:48:59","date_gmt":"2018-09-01T12:48:59","guid":{"rendered":"http:\/\/diariotextual.com\/inicio\/?p=18744"},"modified":"2018-09-01T12:19:12","modified_gmt":"2018-09-01T15:19:12","slug":"la-justicia-brasilena-anula-la-candidatura-presidencial-lula","status":"publish","type":"post","link":"https:\/\/diariotextual.com\/inicio\/index.php\/2018\/09\/01\/la-justicia-brasilena-anula-la-candidatura-presidencial-lula\/","title":{"rendered":"La justicia brasile\u00f1a anula la candidatura presidencial de Lula"},"content":{"rendered":"<p>El Tribunal Electoral brasile\u00f1o ha estrechado el cerco legal al expresidente <strong>Luiz In\u00e1cio Lula da Silva<\/strong> pr\u00e1cticamente hasta el l\u00edmite. Los magistrados han sentenciado que el exmandatario, en la c\u00e1rcel por corrupci\u00f3n desde abril, no puede concurrir a las elecciones de este octubre, cosa que \u00e9l intentar hacer desde el 15 de agosto, cuando se inscribi\u00f3 como candidato desafiando las leyes que proh\u00edben la candidatura de condenados en la segunda instancia como \u00e9l.<\/p>\n<p>Este veredicto remueve lo m\u00e1s profundo de estos comicios. Se ha vetado al candidato favorito por los votantes (con un 36% de la intenci\u00f3n de voto; frente al 18% del siguiente en la lista), pero tambi\u00e9n se han resuelto pr\u00e1cticamente de una tajada varias de las inc\u00f3gnitas que acompa\u00f1aban hasta ahora a esta campa\u00f1a, marcada hasta ahora por la incierta presencia de Lula. Y por \u00faltimo, se ha dejado al pol\u00edtico m\u00e1s popular de la historia de Brasil -y su \u00fanico expresidente condenado- m\u00e1s acorralado que nunca. A Lula le quedan ya tan solo un pu\u00f1ado de opciones, y pr\u00e1cticamente ninguna es buena.<\/p>\n<p>Se abren ahora dos caminos ante el expresidente. Uno es rechazar el veredicto y seguir la carrera hacia delante hacia las urnas. A\u00fan tiene derecho a tres recursos m\u00e1s, uno ante el Tribunal de Justicia y dos ante el Supremo. Y mientras se tramitan, nada en la ley le impide seguir haciendo campa\u00f1a (o mejor dicho, que el Partido de los Trabajadores haga campa\u00f1a en su nombre mientras \u00e9l cumple condena), y apareciendo en la propaganda electoral. Pero se expone a que, si sigue as\u00ed hasta el d\u00eda de las elecciones, sus votos se consideren nulos.<\/p>\n<p>Otra opci\u00f3n ser\u00eda aceptar la sentencia, claudicar y delegar la campa\u00f1a y todo su proyecto pol\u00edtico en su n\u00famero dos, el exalcalde de S\u00e3o Paulo Fernando Haddad. En Brasilia se da ya por sentada la teor\u00eda de que Haddad es el candidato real del Partido de los Trabajadores (PT) y que el expresidente solo est\u00e1 prest\u00e1ndole su todopoderoso nombre, en una alocada campa\u00f1a con los d\u00edas contados, para que Haddad tenga tiempo de darse a conocer y ganar m\u00fasculo entre los votantes.<\/p>\n<p>&nbsp;<\/p>\n","protected":false},"excerpt":{"rendered":"<p>El Tribunal Electoral brasile\u00f1o ha estrechado el cerco legal al expresidente Luiz In\u00e1cio Lula da Silva pr\u00e1cticamente hasta el l\u00edmite. Los magistrados han sentenciado que el exmandatario, en la c\u00e1rcel&hellip;<\/p>\n","protected":false},"author":3,"featured_media":13003,"comment_status":"closed","ping_status":"open","sticky":false,"template":"","format":"standard","meta":{"_acf_changed":false,"footnotes":""},"categories":[11,7],"tags":[],"class_list":["post-18744","post","type-post","status-publish","format-standard","has-post-thumbnail","hentry","category-que-pasa","category-mundo"],"acf":[],"yoast_head":"<!-- This site is optimized with the Yoast SEO plugin v27.5 - https:\/\/yoast.com\/product\/yoast-seo-wordpress\/ -->\n<title>La justicia brasile\u00f1a anula la candidatura presidencial de Lula - Diario Textual<\/title>\n<meta name=\"robots\" content=\"index, follow, max-snippet:-1, max-image-preview:large, max-video-preview:-1\" \/>\n<link rel=\"canonical\" href=\"https:\/\/diariotextual.com\/inicio\/index.php\/2018\/09\/01\/la-justicia-brasilena-anula-la-candidatura-presidencial-lula\/\" \/>\n<meta property=\"og:locale\" content=\"es_ES\" \/>\n<meta property=\"og:type\" content=\"article\" \/>\n<meta property=\"og:title\" content=\"La justicia brasile\u00f1a anula la candidatura presidencial de Lula - Diario Textual\" \/>\n<meta property=\"og:description\" content=\"El Tribunal Electoral brasile\u00f1o ha estrechado el cerco legal al expresidente Luiz In\u00e1cio Lula da Silva pr\u00e1cticamente hasta el l\u00edmite. Los magistrados han sentenciado que el exmandatario, en la c\u00e1rcel&hellip;\" \/>\n<meta property=\"og:url\" content=\"https:\/\/diariotextual.com\/inicio\/index.php\/2018\/09\/01\/la-justicia-brasilena-anula-la-candidatura-presidencial-lula\/\" \/>\n<meta property=\"og:site_name\" content=\"Diario Textual\" \/>\n<meta property=\"article:publisher\" content=\"https:\/\/www.facebook.com\/eltextual\" \/>\n<meta property=\"article:published_time\" content=\"2018-09-01T12:48:59+00:00\" \/>\n<meta property=\"article:modified_time\" content=\"2018-09-01T15:19:12+00:00\" \/>\n<meta property=\"og:image\" content=\"https:\/\/diariotextual.com\/inicio\/wp-content\/uploads\/2018\/07\/luladasilva13345.jpg\" \/>\n\t<meta property=\"og:image:width\" content=\"750\" \/>\n\t<meta property=\"og:image:height\" content=\"500\" \/>\n\t<meta property=\"og:image:type\" content=\"image\/jpeg\" \/>\n<meta name=\"author\" content=\"Diario1 Diario1\" \/>\n<meta name=\"twitter:card\" content=\"summary_large_image\" \/>\n<meta name=\"twitter:creator\" content=\"@eltextual\" \/>\n<meta name=\"twitter:site\" content=\"@eltextual\" \/>\n<meta name=\"twitter:label1\" content=\"Escrito por\" \/>\n\t<meta name=\"twitter:data1\" content=\"Diario1 Diario1\" \/>\n\t<meta name=\"twitter:label2\" content=\"Tiempo de lectura\" \/>\n\t<meta name=\"twitter:data2\" content=\"2 minutos\" \/>\n<script type=\"application\/ld+json\" class=\"yoast-schema-graph\">{\"@context\":\"https:\\\/\\\/schema.org\",\"@graph\":[{\"@type\":\"Article\",\"@id\":\"https:\\\/\\\/diariotextual.com\\\/inicio\\\/index.php\\\/2018\\\/09\\\/01\\\/la-justicia-brasilena-anula-la-candidatura-presidencial-lula\\\/#article\",\"isPartOf\":{\"@id\":\"https:\\\/\\\/diariotextual.com\\\/inicio\\\/index.php\\\/2018\\\/09\\\/01\\\/la-justicia-brasilena-anula-la-candidatura-presidencial-lula\\\/\"},\"author\":{\"name\":\"Diario1 Diario1\",\"@id\":\"https:\\\/\\\/diariotextual.com\\\/inicio\\\/#\\\/schema\\\/person\\\/418fc4093c33e86ed41562db3508f958\"},\"headline\":\"La justicia brasile\u00f1a anula la candidatura presidencial de Lula\",\"datePublished\":\"2018-09-01T12:48:59+00:00\",\"dateModified\":\"2018-09-01T15:19:12+00:00\",\"mainEntityOfPage\":{\"@id\":\"https:\\\/\\\/diariotextual.com\\\/inicio\\\/index.php\\\/2018\\\/09\\\/01\\\/la-justicia-brasilena-anula-la-candidatura-presidencial-lula\\\/\"},\"wordCount\":397,\"publisher\":{\"@id\":\"https:\\\/\\\/diariotextual.com\\\/inicio\\\/#organization\"},\"image\":{\"@id\":\"https:\\\/\\\/diariotextual.com\\\/inicio\\\/index.php\\\/2018\\\/09\\\/01\\\/la-justicia-brasilena-anula-la-candidatura-presidencial-lula\\\/#primaryimage\"},\"thumbnailUrl\":\"https:\\\/\\\/diariotextual.com\\\/inicio\\\/wp-content\\\/uploads\\\/2018\\\/07\\\/luladasilva13345.jpg\",\"articleSection\":[\"A - QUE PASA (al costado)\",\"MUNDO\"],\"inLanguage\":\"es\"},{\"@type\":\"WebPage\",\"@id\":\"https:\\\/\\\/diariotextual.com\\\/inicio\\\/index.php\\\/2018\\\/09\\\/01\\\/la-justicia-brasilena-anula-la-candidatura-presidencial-lula\\\/\",\"url\":\"https:\\\/\\\/diariotextual.com\\\/inicio\\\/index.php\\\/2018\\\/09\\\/01\\\/la-justicia-brasilena-anula-la-candidatura-presidencial-lula\\\/\",\"name\":\"La justicia brasile\u00f1a anula la candidatura presidencial de Lula - Diario Textual\",\"isPartOf\":{\"@id\":\"https:\\\/\\\/diariotextual.com\\\/inicio\\\/#website\"},\"primaryImageOfPage\":{\"@id\":\"https:\\\/\\\/diariotextual.com\\\/inicio\\\/index.php\\\/2018\\\/09\\\/01\\\/la-justicia-brasilena-anula-la-candidatura-presidencial-lula\\\/#primaryimage\"},\"image\":{\"@id\":\"https:\\\/\\\/diariotextual.com\\\/inicio\\\/index.php\\\/2018\\\/09\\\/01\\\/la-justicia-brasilena-anula-la-candidatura-presidencial-lula\\\/#primaryimage\"},\"thumbnailUrl\":\"https:\\\/\\\/diariotextual.com\\\/inicio\\\/wp-content\\\/uploads\\\/2018\\\/07\\\/luladasilva13345.jpg\",\"datePublished\":\"2018-09-01T12:48:59+00:00\",\"dateModified\":\"2018-09-01T15:19:12+00:00\",\"breadcrumb\":{\"@id\":\"https:\\\/\\\/diariotextual.com\\\/inicio\\\/index.php\\\/2018\\\/09\\\/01\\\/la-justicia-brasilena-anula-la-candidatura-presidencial-lula\\\/#breadcrumb\"},\"inLanguage\":\"es\",\"potentialAction\":[{\"@type\":\"ReadAction\",\"target\":[\"https:\\\/\\\/diariotextual.com\\\/inicio\\\/index.php\\\/2018\\\/09\\\/01\\\/la-justicia-brasilena-anula-la-candidatura-presidencial-lula\\\/\"]}]},{\"@type\":\"ImageObject\",\"inLanguage\":\"es\",\"@id\":\"https:\\\/\\\/diariotextual.com\\\/inicio\\\/index.php\\\/2018\\\/09\\\/01\\\/la-justicia-brasilena-anula-la-candidatura-presidencial-lula\\\/#primaryimage\",\"url\":\"https:\\\/\\\/diariotextual.com\\\/inicio\\\/wp-content\\\/uploads\\\/2018\\\/07\\\/luladasilva13345.jpg\",\"contentUrl\":\"https:\\\/\\\/diariotextual.com\\\/inicio\\\/wp-content\\\/uploads\\\/2018\\\/07\\\/luladasilva13345.jpg\",\"width\":750,\"height\":500,\"caption\":\"Brazilian former President Luiz Inacio Lula da Silva looks on prior to deliver a speech outside the metallurgic union headquarter in Sao Bernardo do Campo, Brazil, Saturday, April 7, 2018. (AP Photo\\\/Andre Penner)\"},{\"@type\":\"BreadcrumbList\",\"@id\":\"https:\\\/\\\/diariotextual.com\\\/inicio\\\/index.php\\\/2018\\\/09\\\/01\\\/la-justicia-brasilena-anula-la-candidatura-presidencial-lula\\\/#breadcrumb\",\"itemListElement\":[{\"@type\":\"ListItem\",\"position\":1,\"name\":\"Portada\",\"item\":\"https:\\\/\\\/diariotextual.com\\\/inicio\\\/\"},{\"@type\":\"ListItem\",\"position\":2,\"name\":\"La justicia brasile\u00f1a anula la candidatura presidencial de Lula\"}]},{\"@type\":\"WebSite\",\"@id\":\"https:\\\/\\\/diariotextual.com\\\/inicio\\\/#website\",\"url\":\"https:\\\/\\\/diariotextual.com\\\/inicio\\\/\",\"name\":\"Diario Textual\",\"description\":\"\",\"publisher\":{\"@id\":\"https:\\\/\\\/diariotextual.com\\\/inicio\\\/#organization\"},\"potentialAction\":[{\"@type\":\"SearchAction\",\"target\":{\"@type\":\"EntryPoint\",\"urlTemplate\":\"https:\\\/\\\/diariotextual.com\\\/inicio\\\/?s={search_term_string}\"},\"query-input\":{\"@type\":\"PropertyValueSpecification\",\"valueRequired\":true,\"valueName\":\"search_term_string\"}}],\"inLanguage\":\"es\"},{\"@type\":\"Organization\",\"@id\":\"https:\\\/\\\/diariotextual.com\\\/inicio\\\/#organization\",\"name\":\"Diario Textual\",\"url\":\"https:\\\/\\\/diariotextual.com\\\/inicio\\\/\",\"logo\":{\"@type\":\"ImageObject\",\"inLanguage\":\"es\",\"@id\":\"https:\\\/\\\/diariotextual.com\\\/inicio\\\/#\\\/schema\\\/logo\\\/image\\\/\",\"url\":\"https:\\\/\\\/diariotextual.com\\\/inicio\\\/wp-content\\\/uploads\\\/2023\\\/05\\\/logotextual1.jpg\",\"contentUrl\":\"https:\\\/\\\/diariotextual.com\\\/inicio\\\/wp-content\\\/uploads\\\/2023\\\/05\\\/logotextual1.jpg\",\"width\":516,\"height\":76,\"caption\":\"Diario Textual\"},\"image\":{\"@id\":\"https:\\\/\\\/diariotextual.com\\\/inicio\\\/#\\\/schema\\\/logo\\\/image\\\/\"},\"sameAs\":[\"https:\\\/\\\/www.facebook.com\\\/eltextual\",\"https:\\\/\\\/x.com\\\/eltextual\",\"http:\\\/\\\/www.instagram.com\\\/eltextual\"]},{\"@type\":\"Person\",\"@id\":\"https:\\\/\\\/diariotextual.com\\\/inicio\\\/#\\\/schema\\\/person\\\/418fc4093c33e86ed41562db3508f958\",\"name\":\"Diario1 Diario1\",\"image\":{\"@type\":\"ImageObject\",\"inLanguage\":\"es\",\"@id\":\"https:\\\/\\\/secure.gravatar.com\\\/avatar\\\/9167d280179c85bc18be67aa7eda765854300033af4896dd779b608640f2ef7a?s=96&d=mm&r=g\",\"url\":\"https:\\\/\\\/secure.gravatar.com\\\/avatar\\\/9167d280179c85bc18be67aa7eda765854300033af4896dd779b608640f2ef7a?s=96&d=mm&r=g\",\"contentUrl\":\"https:\\\/\\\/secure.gravatar.com\\\/avatar\\\/9167d280179c85bc18be67aa7eda765854300033af4896dd779b608640f2ef7a?s=96&d=mm&r=g\",\"caption\":\"Diario1 Diario1\"},\"url\":\"https:\\\/\\\/diariotextual.com\\\/inicio\\\/index.php\\\/author\\\/diario1\\\/\"}]}<\/script>\n<!-- \/ Yoast SEO plugin. -->","yoast_head_json":{"title":"La justicia brasile\u00f1a anula la candidatura presidencial de Lula - Diario Textual","robots":{"index":"index","follow":"follow","max-snippet":"max-snippet:-1","max-image-preview":"max-image-preview:large","max-video-preview":"max-video-preview:-1"},"canonical":"https:\/\/diariotextual.com\/inicio\/index.php\/2018\/09\/01\/la-justicia-brasilena-anula-la-candidatura-presidencial-lula\/","og_locale":"es_ES","og_type":"article","og_title":"La justicia brasile\u00f1a anula la candidatura presidencial de Lula - Diario Textual","og_description":"El Tribunal Electoral brasile\u00f1o ha estrechado el cerco legal al expresidente Luiz In\u00e1cio Lula da Silva pr\u00e1cticamente hasta el l\u00edmite. Los magistrados han sentenciado que el exmandatario, en la c\u00e1rcel&hellip;","og_url":"https:\/\/diariotextual.com\/inicio\/index.php\/2018\/09\/01\/la-justicia-brasilena-anula-la-candidatura-presidencial-lula\/","og_site_name":"Diario Textual","article_publisher":"https:\/\/www.facebook.com\/eltextual","article_published_time":"2018-09-01T12:48:59+00:00","article_modified_time":"2018-09-01T15:19:12+00:00","og_image":[{"width":750,"height":500,"url":"https:\/\/diariotextual.com\/inicio\/wp-content\/uploads\/2018\/07\/luladasilva13345.jpg","type":"image\/jpeg"}],"author":"Diario1 Diario1","twitter_card":"summary_large_image","twitter_creator":"@eltextual","twitter_site":"@eltextual","twitter_misc":{"Escrito por":"Diario1 Diario1","Tiempo de lectura":"2 minutos"},"schema":{"@context":"https:\/\/schema.org","@graph":[{"@type":"Article","@id":"https:\/\/diariotextual.com\/inicio\/index.php\/2018\/09\/01\/la-justicia-brasilena-anula-la-candidatura-presidencial-lula\/#article","isPartOf":{"@id":"https:\/\/diariotextual.com\/inicio\/index.php\/2018\/09\/01\/la-justicia-brasilena-anula-la-candidatura-presidencial-lula\/"},"author":{"name":"Diario1 Diario1","@id":"https:\/\/diariotextual.com\/inicio\/#\/schema\/person\/418fc4093c33e86ed41562db3508f958"},"headline":"La justicia brasile\u00f1a anula la candidatura presidencial de Lula","datePublished":"2018-09-01T12:48:59+00:00","dateModified":"2018-09-01T15:19:12+00:00","mainEntityOfPage":{"@id":"https:\/\/diariotextual.com\/inicio\/index.php\/2018\/09\/01\/la-justicia-brasilena-anula-la-candidatura-presidencial-lula\/"},"wordCount":397,"publisher":{"@id":"https:\/\/diariotextual.com\/inicio\/#organization"},"image":{"@id":"https:\/\/diariotextual.com\/inicio\/index.php\/2018\/09\/01\/la-justicia-brasilena-anula-la-candidatura-presidencial-lula\/#primaryimage"},"thumbnailUrl":"https:\/\/diariotextual.com\/inicio\/wp-content\/uploads\/2018\/07\/luladasilva13345.jpg","articleSection":["A - QUE PASA (al costado)","MUNDO"],"inLanguage":"es"},{"@type":"WebPage","@id":"https:\/\/diariotextual.com\/inicio\/index.php\/2018\/09\/01\/la-justicia-brasilena-anula-la-candidatura-presidencial-lula\/","url":"https:\/\/diariotextual.com\/inicio\/index.php\/2018\/09\/01\/la-justicia-brasilena-anula-la-candidatura-presidencial-lula\/","name":"La justicia brasile\u00f1a anula la candidatura presidencial de Lula - Diario Textual","isPartOf":{"@id":"https:\/\/diariotextual.com\/inicio\/#website"},"primaryImageOfPage":{"@id":"https:\/\/diariotextual.com\/inicio\/index.php\/2018\/09\/01\/la-justicia-brasilena-anula-la-candidatura-presidencial-lula\/#primaryimage"},"image":{"@id":"https:\/\/diariotextual.com\/inicio\/index.php\/2018\/09\/01\/la-justicia-brasilena-anula-la-candidatura-presidencial-lula\/#primaryimage"},"thumbnailUrl":"https:\/\/diariotextual.com\/inicio\/wp-content\/uploads\/2018\/07\/luladasilva13345.jpg","datePublished":"2018-09-01T12:48:59+00:00","dateModified":"2018-09-01T15:19:12+00:00","breadcrumb":{"@id":"https:\/\/diariotextual.com\/inicio\/index.php\/2018\/09\/01\/la-justicia-brasilena-anula-la-candidatura-presidencial-lula\/#breadcrumb"},"inLanguage":"es","potentialAction":[{"@type":"ReadAction","target":["https:\/\/diariotextual.com\/inicio\/index.php\/2018\/09\/01\/la-justicia-brasilena-anula-la-candidatura-presidencial-lula\/"]}]},{"@type":"ImageObject","inLanguage":"es","@id":"https:\/\/diariotextual.com\/inicio\/index.php\/2018\/09\/01\/la-justicia-brasilena-anula-la-candidatura-presidencial-lula\/#primaryimage","url":"https:\/\/diariotextual.com\/inicio\/wp-content\/uploads\/2018\/07\/luladasilva13345.jpg","contentUrl":"https:\/\/diariotextual.com\/inicio\/wp-content\/uploads\/2018\/07\/luladasilva13345.jpg","width":750,"height":500,"caption":"Brazilian former President Luiz Inacio Lula da Silva looks on prior to deliver a speech outside the metallurgic union headquarter in Sao Bernardo do Campo, Brazil, Saturday, April 7, 2018. (AP Photo\/Andre Penner)"},{"@type":"BreadcrumbList","@id":"https:\/\/diariotextual.com\/inicio\/index.php\/2018\/09\/01\/la-justicia-brasilena-anula-la-candidatura-presidencial-lula\/#breadcrumb","itemListElement":[{"@type":"ListItem","position":1,"name":"Portada","item":"https:\/\/diariotextual.com\/inicio\/"},{"@type":"ListItem","position":2,"name":"La justicia brasile\u00f1a anula la candidatura presidencial de Lula"}]},{"@type":"WebSite","@id":"https:\/\/diariotextual.com\/inicio\/#website","url":"https:\/\/diariotextual.com\/inicio\/","name":"Diario Textual","description":"","publisher":{"@id":"https:\/\/diariotextual.com\/inicio\/#organization"},"potentialAction":[{"@type":"SearchAction","target":{"@type":"EntryPoint","urlTemplate":"https:\/\/diariotextual.com\/inicio\/?s={search_term_string}"},"query-input":{"@type":"PropertyValueSpecification","valueRequired":true,"valueName":"search_term_string"}}],"inLanguage":"es"},{"@type":"Organization","@id":"https:\/\/diariotextual.com\/inicio\/#organization","name":"Diario Textual","url":"https:\/\/diariotextual.com\/inicio\/","logo":{"@type":"ImageObject","inLanguage":"es","@id":"https:\/\/diariotextual.com\/inicio\/#\/schema\/logo\/image\/","url":"https:\/\/diariotextual.com\/inicio\/wp-content\/uploads\/2023\/05\/logotextual1.jpg","contentUrl":"https:\/\/diariotextual.com\/inicio\/wp-content\/uploads\/2023\/05\/logotextual1.jpg","width":516,"height":76,"caption":"Diario Textual"},"image":{"@id":"https:\/\/diariotextual.com\/inicio\/#\/schema\/logo\/image\/"},"sameAs":["https:\/\/www.facebook.com\/eltextual","https:\/\/x.com\/eltextual","http:\/\/www.instagram.com\/eltextual"]},{"@type":"Person","@id":"https:\/\/diariotextual.com\/inicio\/#\/schema\/person\/418fc4093c33e86ed41562db3508f958","name":"Diario1 Diario1","image":{"@type":"ImageObject","inLanguage":"es","@id":"https:\/\/secure.gravatar.com\/avatar\/9167d280179c85bc18be67aa7eda765854300033af4896dd779b608640f2ef7a?s=96&d=mm&r=g","url":"https:\/\/secure.gravatar.com\/avatar\/9167d280179c85bc18be67aa7eda765854300033af4896dd779b608640f2ef7a?s=96&d=mm&r=g","contentUrl":"https:\/\/secure.gravatar.com\/avatar\/9167d280179c85bc18be67aa7eda765854300033af4896dd779b608640f2ef7a?s=96&d=mm&r=g","caption":"Diario1 Diario1"},"url":"https:\/\/diariotextual.com\/inicio\/index.php\/author\/diario1\/"}]}},"_links":{"self":[{"href":"https:\/\/diariotextual.com\/inicio\/index.php\/wp-json\/wp\/v2\/posts\/18744","targetHints":{"allow":["GET"]}}],"collection":[{"href":"https:\/\/diariotextual.com\/inicio\/index.php\/wp-json\/wp\/v2\/posts"}],"about":[{"href":"https:\/\/diariotextual.com\/inicio\/index.php\/wp-json\/wp\/v2\/types\/post"}],"author":[{"embeddable":true,"href":"https:\/\/diariotextual.com\/inicio\/index.php\/wp-json\/wp\/v2\/users\/3"}],"replies":[{"embeddable":true,"href":"https:\/\/diariotextual.com\/inicio\/index.php\/wp-json\/wp\/v2\/comments?post=18744"}],"version-history":[{"count":1,"href":"https:\/\/diariotextual.com\/inicio\/index.php\/wp-json\/wp\/v2\/posts\/18744\/revisions"}],"predecessor-version":[{"id":18745,"href":"https:\/\/diariotextual.com\/inicio\/index.php\/wp-json\/wp\/v2\/posts\/18744\/revisions\/18745"}],"wp:featuredmedia":[{"embeddable":true,"href":"https:\/\/diariotextual.com\/inicio\/index.php\/wp-json\/wp\/v2\/media\/13003"}],"wp:attachment":[{"href":"https:\/\/diariotextual.com\/inicio\/index.php\/wp-json\/wp\/v2\/media?parent=18744"}],"wp:term":[{"taxonomy":"category","embeddable":true,"href":"https:\/\/diariotextual.com\/inicio\/index.php\/wp-json\/wp\/v2\/categories?post=18744"},{"taxonomy":"post_tag","embeddable":true,"href":"https:\/\/diariotextual.com\/inicio\/index.php\/wp-json\/wp\/v2\/tags?post=18744"}],"curies":[{"name":"wp","href":"https:\/\/api.w.org\/{rel}","templated":true}]}}