{"id":1894,"date":"2018-03-16T23:25:32","date_gmt":"2018-03-16T23:25:32","guid":{"rendered":"http:\/\/diariotextual.com\/inicio\/?p=1894"},"modified":"2018-03-17T00:31:14","modified_gmt":"2018-03-17T00:31:14","slug":"las-balas-mataron-marielle-franco-pertenecian-la-policia-federal-brasilena","status":"publish","type":"post","link":"https:\/\/diariotextual.com\/inicio\/index.php\/2018\/03\/16\/las-balas-mataron-marielle-franco-pertenecian-la-policia-federal-brasilena\/","title":{"rendered":"Las balas que mataron a Marielle Franco pertenec\u00edan a la Polic\u00eda Federal brasile\u00f1a"},"content":{"rendered":"<p>Las balas que usaron los asesinos de la concejal y dirigente social brasile\u00f1a <strong>Marielle Franco<\/strong> y su chofer Anderson Gomes pertenec\u00edan a la Polic\u00eda Federal, lo que le agrega m\u00e1s fuerza a la hip\u00f3tesis de que agentes de seguridad est\u00e9n detr\u00e1s del ataque perpetrado el mi\u00e9rcoles en R\u00edo de Janeiro.<!--more--><\/p>\n<p>La conmoci\u00f3n nacional sobre la ejecuci\u00f3n de la dirigente social negra de las favelas coincide este viernes con el primer mes de la intervenci\u00f3n militar decretada por el presidente Michel Temer para que el Ej\u00e9rcito se haga cargo de la seguridad p\u00fablica y, por ende, maneje a la polic\u00eda local.<\/p>\n<p>La revelaci\u00f3n de que las balas asesinas de la dirigente del opositor Partido Socialismo y Libertad (PSOL) tuvieron su origen en un desv\u00edo de la Polic\u00eda Federal agrega m\u00e1s datos a la pr\u00e1ctica tan conocida en R\u00edo de Janeiro de la corrupci\u00f3n policial mezclada con el crimen organizado, sea el narcotrafico, las milicias parapoliciales o los escuadrones de la muerte.<\/p>\n<p>El nuevo dato fue determinado por fuentes de la Polic\u00eda Civil (investigaciones) de R\u00edo de Janeiro, en base a los resultados de las pericias en los 14 balazos disparados contra el autom\u00f3vil en el que viajaba la dirigente de 38 a\u00f1os.<\/p>\n<p>Las balas 9 mm, seg\u00fan inform\u00f3 el noticiero de la TV Globo, hab\u00edan sido adquiridas en 2006 por la Polic\u00eda Federal en Brasilia a la empresa de armamento CBC.<\/p>\n<p>El mismo lote fue utilizado en 2015 en la peor masacre registrada en Osasco, Gran San Pablo, cuando fueron asesinadas 23 personas en una noche en un barrio, en un caso marcado por la actuaci\u00f3n de polic\u00edas paulistas de civil que ejecutan a las personas que son investigados en forma oficial.<\/p>\n<p>Miles de personas se manifestaron anoche en San Pablo y R\u00edo de Janeiro para pedir justicia y denunciar a la mafia policial por el hecho, debido a que la concejal Franco hab\u00eda acusado a un batall\u00f3n de construir fosas comunes para ejecutar a j\u00f3venes de las favelas.<\/p>\n","protected":false},"excerpt":{"rendered":"<p>Las balas que usaron los asesinos de la concejal y dirigente social brasile\u00f1a Marielle Franco y su chofer Anderson Gomes pertenec\u00edan a la Polic\u00eda Federal, lo que le agrega m\u00e1s&hellip;<\/p>\n","protected":false},"author":3,"featured_media":1896,"comment_status":"open","ping_status":"open","sticky":false,"template":"","format":"standard","meta":{"_acf_changed":false,"footnotes":""},"categories":[11,7],"tags":[],"class_list":["post-1894","post","type-post","status-publish","format-standard","has-post-thumbnail","hentry","category-que-pasa","category-mundo"],"acf":[],"yoast_head":"<!-- This site is optimized with the Yoast SEO plugin v27.5 - https:\/\/yoast.com\/product\/yoast-seo-wordpress\/ -->\n<title>Las balas que mataron a Marielle Franco pertenec\u00edan a la Polic\u00eda Federal brasile\u00f1a - Diario Textual<\/title>\n<meta name=\"robots\" content=\"index, follow, max-snippet:-1, max-image-preview:large, max-video-preview:-1\" \/>\n<link rel=\"canonical\" href=\"https:\/\/diariotextual.com\/inicio\/index.php\/2018\/03\/16\/las-balas-mataron-marielle-franco-pertenecian-la-policia-federal-brasilena\/\" \/>\n<meta property=\"og:locale\" content=\"es_ES\" \/>\n<meta property=\"og:type\" content=\"article\" \/>\n<meta property=\"og:title\" content=\"Las balas que mataron a Marielle Franco pertenec\u00edan a la Polic\u00eda Federal brasile\u00f1a - Diario Textual\" \/>\n<meta property=\"og:description\" content=\"Las balas que usaron los asesinos de la concejal y dirigente social brasile\u00f1a Marielle Franco y su chofer Anderson Gomes pertenec\u00edan a la Polic\u00eda Federal, lo que le agrega m\u00e1s&hellip;\" \/>\n<meta property=\"og:url\" content=\"https:\/\/diariotextual.com\/inicio\/index.php\/2018\/03\/16\/las-balas-mataron-marielle-franco-pertenecian-la-policia-federal-brasilena\/\" \/>\n<meta property=\"og:site_name\" content=\"Diario Textual\" \/>\n<meta property=\"article:publisher\" content=\"https:\/\/www.facebook.com\/eltextual\" \/>\n<meta property=\"article:published_time\" content=\"2018-03-16T23:25:32+00:00\" \/>\n<meta property=\"article:modified_time\" content=\"2018-03-17T00:31:14+00:00\" \/>\n<meta property=\"og:image\" content=\"https:\/\/diariotextual.com\/inicio\/wp-content\/uploads\/2018\/03\/francomarielle121212.jpg\" \/>\n\t<meta property=\"og:image:width\" content=\"610\" \/>\n\t<meta property=\"og:image:height\" content=\"406\" \/>\n\t<meta property=\"og:image:type\" content=\"image\/jpeg\" \/>\n<meta name=\"author\" content=\"Diario1 Diario1\" \/>\n<meta name=\"twitter:card\" content=\"summary_large_image\" \/>\n<meta name=\"twitter:creator\" content=\"@eltextual\" \/>\n<meta name=\"twitter:site\" content=\"@eltextual\" \/>\n<meta name=\"twitter:label1\" content=\"Escrito por\" \/>\n\t<meta name=\"twitter:data1\" content=\"Diario1 Diario1\" \/>\n\t<meta name=\"twitter:label2\" content=\"Tiempo de lectura\" \/>\n\t<meta name=\"twitter:data2\" content=\"2 minutos\" \/>\n<script type=\"application\/ld+json\" class=\"yoast-schema-graph\">{\"@context\":\"https:\\\/\\\/schema.org\",\"@graph\":[{\"@type\":\"Article\",\"@id\":\"https:\\\/\\\/diariotextual.com\\\/inicio\\\/index.php\\\/2018\\\/03\\\/16\\\/las-balas-mataron-marielle-franco-pertenecian-la-policia-federal-brasilena\\\/#article\",\"isPartOf\":{\"@id\":\"https:\\\/\\\/diariotextual.com\\\/inicio\\\/index.php\\\/2018\\\/03\\\/16\\\/las-balas-mataron-marielle-franco-pertenecian-la-policia-federal-brasilena\\\/\"},\"author\":{\"name\":\"Diario1 Diario1\",\"@id\":\"https:\\\/\\\/diariotextual.com\\\/inicio\\\/#\\\/schema\\\/person\\\/418fc4093c33e86ed41562db3508f958\"},\"headline\":\"Las balas que mataron a Marielle Franco pertenec\u00edan a la Polic\u00eda Federal brasile\u00f1a\",\"datePublished\":\"2018-03-16T23:25:32+00:00\",\"dateModified\":\"2018-03-17T00:31:14+00:00\",\"mainEntityOfPage\":{\"@id\":\"https:\\\/\\\/diariotextual.com\\\/inicio\\\/index.php\\\/2018\\\/03\\\/16\\\/las-balas-mataron-marielle-franco-pertenecian-la-policia-federal-brasilena\\\/\"},\"wordCount\":373,\"commentCount\":0,\"publisher\":{\"@id\":\"https:\\\/\\\/diariotextual.com\\\/inicio\\\/#organization\"},\"image\":{\"@id\":\"https:\\\/\\\/diariotextual.com\\\/inicio\\\/index.php\\\/2018\\\/03\\\/16\\\/las-balas-mataron-marielle-franco-pertenecian-la-policia-federal-brasilena\\\/#primaryimage\"},\"thumbnailUrl\":\"https:\\\/\\\/diariotextual.com\\\/inicio\\\/wp-content\\\/uploads\\\/2018\\\/03\\\/francomarielle121212.jpg\",\"articleSection\":[\"A - QUE PASA (al costado)\",\"MUNDO\"],\"inLanguage\":\"es\",\"potentialAction\":[{\"@type\":\"CommentAction\",\"name\":\"Comment\",\"target\":[\"https:\\\/\\\/diariotextual.com\\\/inicio\\\/index.php\\\/2018\\\/03\\\/16\\\/las-balas-mataron-marielle-franco-pertenecian-la-policia-federal-brasilena\\\/#respond\"]}]},{\"@type\":\"WebPage\",\"@id\":\"https:\\\/\\\/diariotextual.com\\\/inicio\\\/index.php\\\/2018\\\/03\\\/16\\\/las-balas-mataron-marielle-franco-pertenecian-la-policia-federal-brasilena\\\/\",\"url\":\"https:\\\/\\\/diariotextual.com\\\/inicio\\\/index.php\\\/2018\\\/03\\\/16\\\/las-balas-mataron-marielle-franco-pertenecian-la-policia-federal-brasilena\\\/\",\"name\":\"Las balas que mataron a Marielle Franco pertenec\u00edan a la Polic\u00eda Federal brasile\u00f1a - Diario Textual\",\"isPartOf\":{\"@id\":\"https:\\\/\\\/diariotextual.com\\\/inicio\\\/#website\"},\"primaryImageOfPage\":{\"@id\":\"https:\\\/\\\/diariotextual.com\\\/inicio\\\/index.php\\\/2018\\\/03\\\/16\\\/las-balas-mataron-marielle-franco-pertenecian-la-policia-federal-brasilena\\\/#primaryimage\"},\"image\":{\"@id\":\"https:\\\/\\\/diariotextual.com\\\/inicio\\\/index.php\\\/2018\\\/03\\\/16\\\/las-balas-mataron-marielle-franco-pertenecian-la-policia-federal-brasilena\\\/#primaryimage\"},\"thumbnailUrl\":\"https:\\\/\\\/diariotextual.com\\\/inicio\\\/wp-content\\\/uploads\\\/2018\\\/03\\\/francomarielle121212.jpg\",\"datePublished\":\"2018-03-16T23:25:32+00:00\",\"dateModified\":\"2018-03-17T00:31:14+00:00\",\"breadcrumb\":{\"@id\":\"https:\\\/\\\/diariotextual.com\\\/inicio\\\/index.php\\\/2018\\\/03\\\/16\\\/las-balas-mataron-marielle-franco-pertenecian-la-policia-federal-brasilena\\\/#breadcrumb\"},\"inLanguage\":\"es\",\"potentialAction\":[{\"@type\":\"ReadAction\",\"target\":[\"https:\\\/\\\/diariotextual.com\\\/inicio\\\/index.php\\\/2018\\\/03\\\/16\\\/las-balas-mataron-marielle-franco-pertenecian-la-policia-federal-brasilena\\\/\"]}]},{\"@type\":\"ImageObject\",\"inLanguage\":\"es\",\"@id\":\"https:\\\/\\\/diariotextual.com\\\/inicio\\\/index.php\\\/2018\\\/03\\\/16\\\/las-balas-mataron-marielle-franco-pertenecian-la-policia-federal-brasilena\\\/#primaryimage\",\"url\":\"https:\\\/\\\/diariotextual.com\\\/inicio\\\/wp-content\\\/uploads\\\/2018\\\/03\\\/francomarielle121212.jpg\",\"contentUrl\":\"https:\\\/\\\/diariotextual.com\\\/inicio\\\/wp-content\\\/uploads\\\/2018\\\/03\\\/francomarielle121212.jpg\",\"width\":610,\"height\":406},{\"@type\":\"BreadcrumbList\",\"@id\":\"https:\\\/\\\/diariotextual.com\\\/inicio\\\/index.php\\\/2018\\\/03\\\/16\\\/las-balas-mataron-marielle-franco-pertenecian-la-policia-federal-brasilena\\\/#breadcrumb\",\"itemListElement\":[{\"@type\":\"ListItem\",\"position\":1,\"name\":\"Portada\",\"item\":\"https:\\\/\\\/diariotextual.com\\\/inicio\\\/\"},{\"@type\":\"ListItem\",\"position\":2,\"name\":\"Las balas que mataron a Marielle Franco pertenec\u00edan a la Polic\u00eda Federal brasile\u00f1a\"}]},{\"@type\":\"WebSite\",\"@id\":\"https:\\\/\\\/diariotextual.com\\\/inicio\\\/#website\",\"url\":\"https:\\\/\\\/diariotextual.com\\\/inicio\\\/\",\"name\":\"Diario Textual\",\"description\":\"\",\"publisher\":{\"@id\":\"https:\\\/\\\/diariotextual.com\\\/inicio\\\/#organization\"},\"potentialAction\":[{\"@type\":\"SearchAction\",\"target\":{\"@type\":\"EntryPoint\",\"urlTemplate\":\"https:\\\/\\\/diariotextual.com\\\/inicio\\\/?s={search_term_string}\"},\"query-input\":{\"@type\":\"PropertyValueSpecification\",\"valueRequired\":true,\"valueName\":\"search_term_string\"}}],\"inLanguage\":\"es\"},{\"@type\":\"Organization\",\"@id\":\"https:\\\/\\\/diariotextual.com\\\/inicio\\\/#organization\",\"name\":\"Diario Textual\",\"url\":\"https:\\\/\\\/diariotextual.com\\\/inicio\\\/\",\"logo\":{\"@type\":\"ImageObject\",\"inLanguage\":\"es\",\"@id\":\"https:\\\/\\\/diariotextual.com\\\/inicio\\\/#\\\/schema\\\/logo\\\/image\\\/\",\"url\":\"https:\\\/\\\/diariotextual.com\\\/inicio\\\/wp-content\\\/uploads\\\/2023\\\/05\\\/logotextual1.jpg\",\"contentUrl\":\"https:\\\/\\\/diariotextual.com\\\/inicio\\\/wp-content\\\/uploads\\\/2023\\\/05\\\/logotextual1.jpg\",\"width\":516,\"height\":76,\"caption\":\"Diario Textual\"},\"image\":{\"@id\":\"https:\\\/\\\/diariotextual.com\\\/inicio\\\/#\\\/schema\\\/logo\\\/image\\\/\"},\"sameAs\":[\"https:\\\/\\\/www.facebook.com\\\/eltextual\",\"https:\\\/\\\/x.com\\\/eltextual\",\"http:\\\/\\\/www.instagram.com\\\/eltextual\"]},{\"@type\":\"Person\",\"@id\":\"https:\\\/\\\/diariotextual.com\\\/inicio\\\/#\\\/schema\\\/person\\\/418fc4093c33e86ed41562db3508f958\",\"name\":\"Diario1 Diario1\",\"image\":{\"@type\":\"ImageObject\",\"inLanguage\":\"es\",\"@id\":\"https:\\\/\\\/secure.gravatar.com\\\/avatar\\\/9167d280179c85bc18be67aa7eda765854300033af4896dd779b608640f2ef7a?s=96&d=mm&r=g\",\"url\":\"https:\\\/\\\/secure.gravatar.com\\\/avatar\\\/9167d280179c85bc18be67aa7eda765854300033af4896dd779b608640f2ef7a?s=96&d=mm&r=g\",\"contentUrl\":\"https:\\\/\\\/secure.gravatar.com\\\/avatar\\\/9167d280179c85bc18be67aa7eda765854300033af4896dd779b608640f2ef7a?s=96&d=mm&r=g\",\"caption\":\"Diario1 Diario1\"},\"url\":\"https:\\\/\\\/diariotextual.com\\\/inicio\\\/index.php\\\/author\\\/diario1\\\/\"}]}<\/script>\n<!-- \/ Yoast SEO plugin. -->","yoast_head_json":{"title":"Las balas que mataron a Marielle Franco pertenec\u00edan a la Polic\u00eda Federal brasile\u00f1a - Diario Textual","robots":{"index":"index","follow":"follow","max-snippet":"max-snippet:-1","max-image-preview":"max-image-preview:large","max-video-preview":"max-video-preview:-1"},"canonical":"https:\/\/diariotextual.com\/inicio\/index.php\/2018\/03\/16\/las-balas-mataron-marielle-franco-pertenecian-la-policia-federal-brasilena\/","og_locale":"es_ES","og_type":"article","og_title":"Las balas que mataron a Marielle Franco pertenec\u00edan a la Polic\u00eda Federal brasile\u00f1a - Diario Textual","og_description":"Las balas que usaron los asesinos de la concejal y dirigente social brasile\u00f1a Marielle Franco y su chofer Anderson Gomes pertenec\u00edan a la Polic\u00eda Federal, lo que le agrega m\u00e1s&hellip;","og_url":"https:\/\/diariotextual.com\/inicio\/index.php\/2018\/03\/16\/las-balas-mataron-marielle-franco-pertenecian-la-policia-federal-brasilena\/","og_site_name":"Diario Textual","article_publisher":"https:\/\/www.facebook.com\/eltextual","article_published_time":"2018-03-16T23:25:32+00:00","article_modified_time":"2018-03-17T00:31:14+00:00","og_image":[{"width":610,"height":406,"url":"https:\/\/diariotextual.com\/inicio\/wp-content\/uploads\/2018\/03\/francomarielle121212.jpg","type":"image\/jpeg"}],"author":"Diario1 Diario1","twitter_card":"summary_large_image","twitter_creator":"@eltextual","twitter_site":"@eltextual","twitter_misc":{"Escrito por":"Diario1 Diario1","Tiempo de lectura":"2 minutos"},"schema":{"@context":"https:\/\/schema.org","@graph":[{"@type":"Article","@id":"https:\/\/diariotextual.com\/inicio\/index.php\/2018\/03\/16\/las-balas-mataron-marielle-franco-pertenecian-la-policia-federal-brasilena\/#article","isPartOf":{"@id":"https:\/\/diariotextual.com\/inicio\/index.php\/2018\/03\/16\/las-balas-mataron-marielle-franco-pertenecian-la-policia-federal-brasilena\/"},"author":{"name":"Diario1 Diario1","@id":"https:\/\/diariotextual.com\/inicio\/#\/schema\/person\/418fc4093c33e86ed41562db3508f958"},"headline":"Las balas que mataron a Marielle Franco pertenec\u00edan a la Polic\u00eda Federal brasile\u00f1a","datePublished":"2018-03-16T23:25:32+00:00","dateModified":"2018-03-17T00:31:14+00:00","mainEntityOfPage":{"@id":"https:\/\/diariotextual.com\/inicio\/index.php\/2018\/03\/16\/las-balas-mataron-marielle-franco-pertenecian-la-policia-federal-brasilena\/"},"wordCount":373,"commentCount":0,"publisher":{"@id":"https:\/\/diariotextual.com\/inicio\/#organization"},"image":{"@id":"https:\/\/diariotextual.com\/inicio\/index.php\/2018\/03\/16\/las-balas-mataron-marielle-franco-pertenecian-la-policia-federal-brasilena\/#primaryimage"},"thumbnailUrl":"https:\/\/diariotextual.com\/inicio\/wp-content\/uploads\/2018\/03\/francomarielle121212.jpg","articleSection":["A - QUE PASA (al costado)","MUNDO"],"inLanguage":"es","potentialAction":[{"@type":"CommentAction","name":"Comment","target":["https:\/\/diariotextual.com\/inicio\/index.php\/2018\/03\/16\/las-balas-mataron-marielle-franco-pertenecian-la-policia-federal-brasilena\/#respond"]}]},{"@type":"WebPage","@id":"https:\/\/diariotextual.com\/inicio\/index.php\/2018\/03\/16\/las-balas-mataron-marielle-franco-pertenecian-la-policia-federal-brasilena\/","url":"https:\/\/diariotextual.com\/inicio\/index.php\/2018\/03\/16\/las-balas-mataron-marielle-franco-pertenecian-la-policia-federal-brasilena\/","name":"Las balas que mataron a Marielle Franco pertenec\u00edan a la Polic\u00eda Federal brasile\u00f1a - Diario Textual","isPartOf":{"@id":"https:\/\/diariotextual.com\/inicio\/#website"},"primaryImageOfPage":{"@id":"https:\/\/diariotextual.com\/inicio\/index.php\/2018\/03\/16\/las-balas-mataron-marielle-franco-pertenecian-la-policia-federal-brasilena\/#primaryimage"},"image":{"@id":"https:\/\/diariotextual.com\/inicio\/index.php\/2018\/03\/16\/las-balas-mataron-marielle-franco-pertenecian-la-policia-federal-brasilena\/#primaryimage"},"thumbnailUrl":"https:\/\/diariotextual.com\/inicio\/wp-content\/uploads\/2018\/03\/francomarielle121212.jpg","datePublished":"2018-03-16T23:25:32+00:00","dateModified":"2018-03-17T00:31:14+00:00","breadcrumb":{"@id":"https:\/\/diariotextual.com\/inicio\/index.php\/2018\/03\/16\/las-balas-mataron-marielle-franco-pertenecian-la-policia-federal-brasilena\/#breadcrumb"},"inLanguage":"es","potentialAction":[{"@type":"ReadAction","target":["https:\/\/diariotextual.com\/inicio\/index.php\/2018\/03\/16\/las-balas-mataron-marielle-franco-pertenecian-la-policia-federal-brasilena\/"]}]},{"@type":"ImageObject","inLanguage":"es","@id":"https:\/\/diariotextual.com\/inicio\/index.php\/2018\/03\/16\/las-balas-mataron-marielle-franco-pertenecian-la-policia-federal-brasilena\/#primaryimage","url":"https:\/\/diariotextual.com\/inicio\/wp-content\/uploads\/2018\/03\/francomarielle121212.jpg","contentUrl":"https:\/\/diariotextual.com\/inicio\/wp-content\/uploads\/2018\/03\/francomarielle121212.jpg","width":610,"height":406},{"@type":"BreadcrumbList","@id":"https:\/\/diariotextual.com\/inicio\/index.php\/2018\/03\/16\/las-balas-mataron-marielle-franco-pertenecian-la-policia-federal-brasilena\/#breadcrumb","itemListElement":[{"@type":"ListItem","position":1,"name":"Portada","item":"https:\/\/diariotextual.com\/inicio\/"},{"@type":"ListItem","position":2,"name":"Las balas que mataron a Marielle Franco pertenec\u00edan a la Polic\u00eda Federal brasile\u00f1a"}]},{"@type":"WebSite","@id":"https:\/\/diariotextual.com\/inicio\/#website","url":"https:\/\/diariotextual.com\/inicio\/","name":"Diario Textual","description":"","publisher":{"@id":"https:\/\/diariotextual.com\/inicio\/#organization"},"potentialAction":[{"@type":"SearchAction","target":{"@type":"EntryPoint","urlTemplate":"https:\/\/diariotextual.com\/inicio\/?s={search_term_string}"},"query-input":{"@type":"PropertyValueSpecification","valueRequired":true,"valueName":"search_term_string"}}],"inLanguage":"es"},{"@type":"Organization","@id":"https:\/\/diariotextual.com\/inicio\/#organization","name":"Diario Textual","url":"https:\/\/diariotextual.com\/inicio\/","logo":{"@type":"ImageObject","inLanguage":"es","@id":"https:\/\/diariotextual.com\/inicio\/#\/schema\/logo\/image\/","url":"https:\/\/diariotextual.com\/inicio\/wp-content\/uploads\/2023\/05\/logotextual1.jpg","contentUrl":"https:\/\/diariotextual.com\/inicio\/wp-content\/uploads\/2023\/05\/logotextual1.jpg","width":516,"height":76,"caption":"Diario Textual"},"image":{"@id":"https:\/\/diariotextual.com\/inicio\/#\/schema\/logo\/image\/"},"sameAs":["https:\/\/www.facebook.com\/eltextual","https:\/\/x.com\/eltextual","http:\/\/www.instagram.com\/eltextual"]},{"@type":"Person","@id":"https:\/\/diariotextual.com\/inicio\/#\/schema\/person\/418fc4093c33e86ed41562db3508f958","name":"Diario1 Diario1","image":{"@type":"ImageObject","inLanguage":"es","@id":"https:\/\/secure.gravatar.com\/avatar\/9167d280179c85bc18be67aa7eda765854300033af4896dd779b608640f2ef7a?s=96&d=mm&r=g","url":"https:\/\/secure.gravatar.com\/avatar\/9167d280179c85bc18be67aa7eda765854300033af4896dd779b608640f2ef7a?s=96&d=mm&r=g","contentUrl":"https:\/\/secure.gravatar.com\/avatar\/9167d280179c85bc18be67aa7eda765854300033af4896dd779b608640f2ef7a?s=96&d=mm&r=g","caption":"Diario1 Diario1"},"url":"https:\/\/diariotextual.com\/inicio\/index.php\/author\/diario1\/"}]}},"_links":{"self":[{"href":"https:\/\/diariotextual.com\/inicio\/index.php\/wp-json\/wp\/v2\/posts\/1894","targetHints":{"allow":["GET"]}}],"collection":[{"href":"https:\/\/diariotextual.com\/inicio\/index.php\/wp-json\/wp\/v2\/posts"}],"about":[{"href":"https:\/\/diariotextual.com\/inicio\/index.php\/wp-json\/wp\/v2\/types\/post"}],"author":[{"embeddable":true,"href":"https:\/\/diariotextual.com\/inicio\/index.php\/wp-json\/wp\/v2\/users\/3"}],"replies":[{"embeddable":true,"href":"https:\/\/diariotextual.com\/inicio\/index.php\/wp-json\/wp\/v2\/comments?post=1894"}],"version-history":[{"count":2,"href":"https:\/\/diariotextual.com\/inicio\/index.php\/wp-json\/wp\/v2\/posts\/1894\/revisions"}],"predecessor-version":[{"id":1897,"href":"https:\/\/diariotextual.com\/inicio\/index.php\/wp-json\/wp\/v2\/posts\/1894\/revisions\/1897"}],"wp:featuredmedia":[{"embeddable":true,"href":"https:\/\/diariotextual.com\/inicio\/index.php\/wp-json\/wp\/v2\/media\/1896"}],"wp:attachment":[{"href":"https:\/\/diariotextual.com\/inicio\/index.php\/wp-json\/wp\/v2\/media?parent=1894"}],"wp:term":[{"taxonomy":"category","embeddable":true,"href":"https:\/\/diariotextual.com\/inicio\/index.php\/wp-json\/wp\/v2\/categories?post=1894"},{"taxonomy":"post_tag","embeddable":true,"href":"https:\/\/diariotextual.com\/inicio\/index.php\/wp-json\/wp\/v2\/tags?post=1894"}],"curies":[{"name":"wp","href":"https:\/\/api.w.org\/{rel}","templated":true}]}}