{"id":189841,"date":"2022-05-27T15:05:50","date_gmt":"2022-05-27T18:05:50","guid":{"rendered":"https:\/\/diariotextual.com\/inicio\/?p=189841"},"modified":"2022-05-27T15:05:52","modified_gmt":"2022-05-27T18:05:52","slug":"anunciaron-una-nueva-edicion-de-la-feria-de-ciencias-arte-y-tecnologia","status":"publish","type":"post","link":"https:\/\/diariotextual.com\/inicio\/index.php\/2022\/05\/27\/anunciaron-una-nueva-edicion-de-la-feria-de-ciencias-arte-y-tecnologia\/","title":{"rendered":"Anunciaron una nueva edici\u00f3n de la Feria de Ciencias, Arte y Tecnolog\u00eda"},"content":{"rendered":"\n<p>El Ministerio de Educaci\u00f3n de La Pampa, a trav\u00e9s de la Direcci\u00f3n de Formaci\u00f3n Docente Continua, inform\u00f3 que este a\u00f1o tendr\u00e1 lugar la <strong>XXXIII Feria de Ciencias, Arte y Tecnolog\u00eda<\/strong> \u201cCiudadan\u00edas en la Cultura Democr\u00e1tica\u201d.<\/p>\n\n\n\n<p>La feria constituye un espacio colectivo desde el cual se da a conocer y se hacen p\u00fablicas gran parte de las pr\u00e1cticas de ense\u00f1anza diarias que realizan los y las docentes con sus estudiantes.<\/p>\n\n\n\n<p>Este a\u00f1o, se invita especialmente a desarrollar la Instancia Institucional desde la cual cada comunidad educativa podr\u00e1 decidir cu\u00e1les de las experiencias formar\u00e1n parte de la Feria Provincial Virtual. Asimismo se prev\u00e9, desde el Ministerio de Educaci\u00f3n de La Naci\u00f3n, el desarrollo de la instancia nacional en formato presencial.<\/p>\n\n\n\n<p>Para conocer los ejes y tem\u00e1ticas de este a\u00f1o, fechas de instancias y cronograma de acompa\u00f1amientos virtuales, pueden visitar el Documento Base de Feria 2022:<a href=\"https:\/\/acyt.lapampa.edu.ar\/\" target=\"_blank\" rel=\"noreferrer noopener\"> https:\/\/acyt.lapampa.edu.ar\/\u00a0<\/a><\/p>\n\n\n\n<p>Para consultas o inquietudes pueden comunicarse al \u00e1rea de Desarrollo Curricular a trav\u00e9s del e-mail acyt@lapampa.edu.ar o al tel.: 02954- 453444 int. 142 o 116<\/p>\n","protected":false},"excerpt":{"rendered":"<p>El Ministerio de Educaci\u00f3n de La Pampa, a trav\u00e9s de la Direcci\u00f3n de Formaci\u00f3n Docente Continua, inform\u00f3 que este a\u00f1o tendr\u00e1 lugar la XXXIII Feria de Ciencias, Arte y Tecnolog\u00eda&hellip;<\/p>\n","protected":false},"author":4,"featured_media":15605,"comment_status":"closed","ping_status":"open","sticky":false,"template":"","format":"standard","meta":{"_acf_changed":false,"footnotes":""},"categories":[1,6],"tags":[],"class_list":["post-189841","post","type-post","status-publish","format-standard","has-post-thumbnail","hentry","category-es-noticia","category-tecno"],"acf":[],"yoast_head":"<!-- This site is optimized with the Yoast SEO plugin v27.5 - https:\/\/yoast.com\/product\/yoast-seo-wordpress\/ -->\n<title>Anunciaron una nueva edici\u00f3n de la Feria de Ciencias, Arte y Tecnolog\u00eda - Diario Textual<\/title>\n<meta name=\"robots\" content=\"index, follow, max-snippet:-1, max-image-preview:large, max-video-preview:-1\" \/>\n<link rel=\"canonical\" href=\"https:\/\/diariotextual.com\/inicio\/index.php\/2022\/05\/27\/anunciaron-una-nueva-edicion-de-la-feria-de-ciencias-arte-y-tecnologia\/\" \/>\n<meta property=\"og:locale\" content=\"es_ES\" \/>\n<meta property=\"og:type\" content=\"article\" \/>\n<meta property=\"og:title\" content=\"Anunciaron una nueva edici\u00f3n de la Feria de Ciencias, Arte y Tecnolog\u00eda - Diario Textual\" \/>\n<meta property=\"og:description\" content=\"El Ministerio de Educaci\u00f3n de La Pampa, a trav\u00e9s de la Direcci\u00f3n de Formaci\u00f3n Docente Continua, inform\u00f3 que este a\u00f1o tendr\u00e1 lugar la XXXIII Feria de Ciencias, Arte y Tecnolog\u00eda&hellip;\" \/>\n<meta property=\"og:url\" content=\"https:\/\/diariotextual.com\/inicio\/index.php\/2022\/05\/27\/anunciaron-una-nueva-edicion-de-la-feria-de-ciencias-arte-y-tecnologia\/\" \/>\n<meta property=\"og:site_name\" content=\"Diario Textual\" \/>\n<meta property=\"article:publisher\" content=\"https:\/\/www.facebook.com\/eltextual\" \/>\n<meta property=\"article:published_time\" content=\"2022-05-27T18:05:50+00:00\" \/>\n<meta property=\"article:modified_time\" content=\"2022-05-27T18:05:52+00:00\" \/>\n<meta property=\"og:image\" content=\"https:\/\/diariotextual.com\/inicio\/wp-content\/uploads\/2018\/08\/feriaciencias298187392.jpg\" \/>\n\t<meta property=\"og:image:width\" content=\"656\" \/>\n\t<meta property=\"og:image:height\" content=\"311\" \/>\n\t<meta property=\"og:image:type\" content=\"image\/jpeg\" \/>\n<meta name=\"author\" content=\"diario2\" \/>\n<meta name=\"twitter:card\" content=\"summary_large_image\" \/>\n<meta name=\"twitter:creator\" content=\"@eltextual\" \/>\n<meta name=\"twitter:site\" content=\"@eltextual\" \/>\n<meta name=\"twitter:label1\" content=\"Escrito por\" \/>\n\t<meta name=\"twitter:data1\" content=\"diario2\" \/>\n\t<meta name=\"twitter:label2\" content=\"Tiempo de lectura\" \/>\n\t<meta name=\"twitter:data2\" content=\"1 minuto\" \/>\n<script type=\"application\/ld+json\" class=\"yoast-schema-graph\">{\"@context\":\"https:\\\/\\\/schema.org\",\"@graph\":[{\"@type\":\"Article\",\"@id\":\"https:\\\/\\\/diariotextual.com\\\/inicio\\\/index.php\\\/2022\\\/05\\\/27\\\/anunciaron-una-nueva-edicion-de-la-feria-de-ciencias-arte-y-tecnologia\\\/#article\",\"isPartOf\":{\"@id\":\"https:\\\/\\\/diariotextual.com\\\/inicio\\\/index.php\\\/2022\\\/05\\\/27\\\/anunciaron-una-nueva-edicion-de-la-feria-de-ciencias-arte-y-tecnologia\\\/\"},\"author\":{\"name\":\"diario2\",\"@id\":\"https:\\\/\\\/diariotextual.com\\\/inicio\\\/#\\\/schema\\\/person\\\/694f60677f23c4a530867a98f22b3768\"},\"headline\":\"Anunciaron una nueva edici\u00f3n de la Feria de Ciencias, Arte y Tecnolog\u00eda\",\"datePublished\":\"2022-05-27T18:05:50+00:00\",\"dateModified\":\"2022-05-27T18:05:52+00:00\",\"mainEntityOfPage\":{\"@id\":\"https:\\\/\\\/diariotextual.com\\\/inicio\\\/index.php\\\/2022\\\/05\\\/27\\\/anunciaron-una-nueva-edicion-de-la-feria-de-ciencias-arte-y-tecnologia\\\/\"},\"wordCount\":206,\"publisher\":{\"@id\":\"https:\\\/\\\/diariotextual.com\\\/inicio\\\/#organization\"},\"image\":{\"@id\":\"https:\\\/\\\/diariotextual.com\\\/inicio\\\/index.php\\\/2022\\\/05\\\/27\\\/anunciaron-una-nueva-edicion-de-la-feria-de-ciencias-arte-y-tecnologia\\\/#primaryimage\"},\"thumbnailUrl\":\"https:\\\/\\\/diariotextual.com\\\/inicio\\\/wp-content\\\/uploads\\\/2018\\\/08\\\/feriaciencias298187392.jpg\",\"articleSection\":[\"A - ES NOTICIA (van abajo)\",\"TECNO\"],\"inLanguage\":\"es\"},{\"@type\":\"WebPage\",\"@id\":\"https:\\\/\\\/diariotextual.com\\\/inicio\\\/index.php\\\/2022\\\/05\\\/27\\\/anunciaron-una-nueva-edicion-de-la-feria-de-ciencias-arte-y-tecnologia\\\/\",\"url\":\"https:\\\/\\\/diariotextual.com\\\/inicio\\\/index.php\\\/2022\\\/05\\\/27\\\/anunciaron-una-nueva-edicion-de-la-feria-de-ciencias-arte-y-tecnologia\\\/\",\"name\":\"Anunciaron una nueva edici\u00f3n de la Feria de Ciencias, Arte y Tecnolog\u00eda - Diario Textual\",\"isPartOf\":{\"@id\":\"https:\\\/\\\/diariotextual.com\\\/inicio\\\/#website\"},\"primaryImageOfPage\":{\"@id\":\"https:\\\/\\\/diariotextual.com\\\/inicio\\\/index.php\\\/2022\\\/05\\\/27\\\/anunciaron-una-nueva-edicion-de-la-feria-de-ciencias-arte-y-tecnologia\\\/#primaryimage\"},\"image\":{\"@id\":\"https:\\\/\\\/diariotextual.com\\\/inicio\\\/index.php\\\/2022\\\/05\\\/27\\\/anunciaron-una-nueva-edicion-de-la-feria-de-ciencias-arte-y-tecnologia\\\/#primaryimage\"},\"thumbnailUrl\":\"https:\\\/\\\/diariotextual.com\\\/inicio\\\/wp-content\\\/uploads\\\/2018\\\/08\\\/feriaciencias298187392.jpg\",\"datePublished\":\"2022-05-27T18:05:50+00:00\",\"dateModified\":\"2022-05-27T18:05:52+00:00\",\"breadcrumb\":{\"@id\":\"https:\\\/\\\/diariotextual.com\\\/inicio\\\/index.php\\\/2022\\\/05\\\/27\\\/anunciaron-una-nueva-edicion-de-la-feria-de-ciencias-arte-y-tecnologia\\\/#breadcrumb\"},\"inLanguage\":\"es\",\"potentialAction\":[{\"@type\":\"ReadAction\",\"target\":[\"https:\\\/\\\/diariotextual.com\\\/inicio\\\/index.php\\\/2022\\\/05\\\/27\\\/anunciaron-una-nueva-edicion-de-la-feria-de-ciencias-arte-y-tecnologia\\\/\"]}]},{\"@type\":\"ImageObject\",\"inLanguage\":\"es\",\"@id\":\"https:\\\/\\\/diariotextual.com\\\/inicio\\\/index.php\\\/2022\\\/05\\\/27\\\/anunciaron-una-nueva-edicion-de-la-feria-de-ciencias-arte-y-tecnologia\\\/#primaryimage\",\"url\":\"https:\\\/\\\/diariotextual.com\\\/inicio\\\/wp-content\\\/uploads\\\/2018\\\/08\\\/feriaciencias298187392.jpg\",\"contentUrl\":\"https:\\\/\\\/diariotextual.com\\\/inicio\\\/wp-content\\\/uploads\\\/2018\\\/08\\\/feriaciencias298187392.jpg\",\"width\":656,\"height\":311},{\"@type\":\"BreadcrumbList\",\"@id\":\"https:\\\/\\\/diariotextual.com\\\/inicio\\\/index.php\\\/2022\\\/05\\\/27\\\/anunciaron-una-nueva-edicion-de-la-feria-de-ciencias-arte-y-tecnologia\\\/#breadcrumb\",\"itemListElement\":[{\"@type\":\"ListItem\",\"position\":1,\"name\":\"Portada\",\"item\":\"https:\\\/\\\/diariotextual.com\\\/inicio\\\/\"},{\"@type\":\"ListItem\",\"position\":2,\"name\":\"Anunciaron una nueva edici\u00f3n de la Feria de Ciencias, Arte y Tecnolog\u00eda\"}]},{\"@type\":\"WebSite\",\"@id\":\"https:\\\/\\\/diariotextual.com\\\/inicio\\\/#website\",\"url\":\"https:\\\/\\\/diariotextual.com\\\/inicio\\\/\",\"name\":\"Diario Textual\",\"description\":\"\",\"publisher\":{\"@id\":\"https:\\\/\\\/diariotextual.com\\\/inicio\\\/#organization\"},\"potentialAction\":[{\"@type\":\"SearchAction\",\"target\":{\"@type\":\"EntryPoint\",\"urlTemplate\":\"https:\\\/\\\/diariotextual.com\\\/inicio\\\/?s={search_term_string}\"},\"query-input\":{\"@type\":\"PropertyValueSpecification\",\"valueRequired\":true,\"valueName\":\"search_term_string\"}}],\"inLanguage\":\"es\"},{\"@type\":\"Organization\",\"@id\":\"https:\\\/\\\/diariotextual.com\\\/inicio\\\/#organization\",\"name\":\"Diario Textual\",\"url\":\"https:\\\/\\\/diariotextual.com\\\/inicio\\\/\",\"logo\":{\"@type\":\"ImageObject\",\"inLanguage\":\"es\",\"@id\":\"https:\\\/\\\/diariotextual.com\\\/inicio\\\/#\\\/schema\\\/logo\\\/image\\\/\",\"url\":\"https:\\\/\\\/diariotextual.com\\\/inicio\\\/wp-content\\\/uploads\\\/2023\\\/05\\\/logotextual1.jpg\",\"contentUrl\":\"https:\\\/\\\/diariotextual.com\\\/inicio\\\/wp-content\\\/uploads\\\/2023\\\/05\\\/logotextual1.jpg\",\"width\":516,\"height\":76,\"caption\":\"Diario Textual\"},\"image\":{\"@id\":\"https:\\\/\\\/diariotextual.com\\\/inicio\\\/#\\\/schema\\\/logo\\\/image\\\/\"},\"sameAs\":[\"https:\\\/\\\/www.facebook.com\\\/eltextual\",\"https:\\\/\\\/x.com\\\/eltextual\",\"http:\\\/\\\/www.instagram.com\\\/eltextual\"]},{\"@type\":\"Person\",\"@id\":\"https:\\\/\\\/diariotextual.com\\\/inicio\\\/#\\\/schema\\\/person\\\/694f60677f23c4a530867a98f22b3768\",\"name\":\"diario2\",\"image\":{\"@type\":\"ImageObject\",\"inLanguage\":\"es\",\"@id\":\"https:\\\/\\\/secure.gravatar.com\\\/avatar\\\/5a2567495ba16b852fcd8f1ed006a2e24fcace936018ed8237e95f488ad6e0a7?s=96&d=mm&r=g\",\"url\":\"https:\\\/\\\/secure.gravatar.com\\\/avatar\\\/5a2567495ba16b852fcd8f1ed006a2e24fcace936018ed8237e95f488ad6e0a7?s=96&d=mm&r=g\",\"contentUrl\":\"https:\\\/\\\/secure.gravatar.com\\\/avatar\\\/5a2567495ba16b852fcd8f1ed006a2e24fcace936018ed8237e95f488ad6e0a7?s=96&d=mm&r=g\",\"caption\":\"diario2\"},\"url\":\"https:\\\/\\\/diariotextual.com\\\/inicio\\\/index.php\\\/author\\\/diario2\\\/\"}]}<\/script>\n<!-- \/ Yoast SEO plugin. -->","yoast_head_json":{"title":"Anunciaron una nueva edici\u00f3n de la Feria de Ciencias, Arte y Tecnolog\u00eda - Diario Textual","robots":{"index":"index","follow":"follow","max-snippet":"max-snippet:-1","max-image-preview":"max-image-preview:large","max-video-preview":"max-video-preview:-1"},"canonical":"https:\/\/diariotextual.com\/inicio\/index.php\/2022\/05\/27\/anunciaron-una-nueva-edicion-de-la-feria-de-ciencias-arte-y-tecnologia\/","og_locale":"es_ES","og_type":"article","og_title":"Anunciaron una nueva edici\u00f3n de la Feria de Ciencias, Arte y Tecnolog\u00eda - Diario Textual","og_description":"El Ministerio de Educaci\u00f3n de La Pampa, a trav\u00e9s de la Direcci\u00f3n de Formaci\u00f3n Docente Continua, inform\u00f3 que este a\u00f1o tendr\u00e1 lugar la XXXIII Feria de Ciencias, Arte y Tecnolog\u00eda&hellip;","og_url":"https:\/\/diariotextual.com\/inicio\/index.php\/2022\/05\/27\/anunciaron-una-nueva-edicion-de-la-feria-de-ciencias-arte-y-tecnologia\/","og_site_name":"Diario Textual","article_publisher":"https:\/\/www.facebook.com\/eltextual","article_published_time":"2022-05-27T18:05:50+00:00","article_modified_time":"2022-05-27T18:05:52+00:00","og_image":[{"width":656,"height":311,"url":"https:\/\/diariotextual.com\/inicio\/wp-content\/uploads\/2018\/08\/feriaciencias298187392.jpg","type":"image\/jpeg"}],"author":"diario2","twitter_card":"summary_large_image","twitter_creator":"@eltextual","twitter_site":"@eltextual","twitter_misc":{"Escrito por":"diario2","Tiempo de lectura":"1 minuto"},"schema":{"@context":"https:\/\/schema.org","@graph":[{"@type":"Article","@id":"https:\/\/diariotextual.com\/inicio\/index.php\/2022\/05\/27\/anunciaron-una-nueva-edicion-de-la-feria-de-ciencias-arte-y-tecnologia\/#article","isPartOf":{"@id":"https:\/\/diariotextual.com\/inicio\/index.php\/2022\/05\/27\/anunciaron-una-nueva-edicion-de-la-feria-de-ciencias-arte-y-tecnologia\/"},"author":{"name":"diario2","@id":"https:\/\/diariotextual.com\/inicio\/#\/schema\/person\/694f60677f23c4a530867a98f22b3768"},"headline":"Anunciaron una nueva edici\u00f3n de la Feria de Ciencias, Arte y Tecnolog\u00eda","datePublished":"2022-05-27T18:05:50+00:00","dateModified":"2022-05-27T18:05:52+00:00","mainEntityOfPage":{"@id":"https:\/\/diariotextual.com\/inicio\/index.php\/2022\/05\/27\/anunciaron-una-nueva-edicion-de-la-feria-de-ciencias-arte-y-tecnologia\/"},"wordCount":206,"publisher":{"@id":"https:\/\/diariotextual.com\/inicio\/#organization"},"image":{"@id":"https:\/\/diariotextual.com\/inicio\/index.php\/2022\/05\/27\/anunciaron-una-nueva-edicion-de-la-feria-de-ciencias-arte-y-tecnologia\/#primaryimage"},"thumbnailUrl":"https:\/\/diariotextual.com\/inicio\/wp-content\/uploads\/2018\/08\/feriaciencias298187392.jpg","articleSection":["A - ES NOTICIA (van abajo)","TECNO"],"inLanguage":"es"},{"@type":"WebPage","@id":"https:\/\/diariotextual.com\/inicio\/index.php\/2022\/05\/27\/anunciaron-una-nueva-edicion-de-la-feria-de-ciencias-arte-y-tecnologia\/","url":"https:\/\/diariotextual.com\/inicio\/index.php\/2022\/05\/27\/anunciaron-una-nueva-edicion-de-la-feria-de-ciencias-arte-y-tecnologia\/","name":"Anunciaron una nueva edici\u00f3n de la Feria de Ciencias, Arte y Tecnolog\u00eda - Diario Textual","isPartOf":{"@id":"https:\/\/diariotextual.com\/inicio\/#website"},"primaryImageOfPage":{"@id":"https:\/\/diariotextual.com\/inicio\/index.php\/2022\/05\/27\/anunciaron-una-nueva-edicion-de-la-feria-de-ciencias-arte-y-tecnologia\/#primaryimage"},"image":{"@id":"https:\/\/diariotextual.com\/inicio\/index.php\/2022\/05\/27\/anunciaron-una-nueva-edicion-de-la-feria-de-ciencias-arte-y-tecnologia\/#primaryimage"},"thumbnailUrl":"https:\/\/diariotextual.com\/inicio\/wp-content\/uploads\/2018\/08\/feriaciencias298187392.jpg","datePublished":"2022-05-27T18:05:50+00:00","dateModified":"2022-05-27T18:05:52+00:00","breadcrumb":{"@id":"https:\/\/diariotextual.com\/inicio\/index.php\/2022\/05\/27\/anunciaron-una-nueva-edicion-de-la-feria-de-ciencias-arte-y-tecnologia\/#breadcrumb"},"inLanguage":"es","potentialAction":[{"@type":"ReadAction","target":["https:\/\/diariotextual.com\/inicio\/index.php\/2022\/05\/27\/anunciaron-una-nueva-edicion-de-la-feria-de-ciencias-arte-y-tecnologia\/"]}]},{"@type":"ImageObject","inLanguage":"es","@id":"https:\/\/diariotextual.com\/inicio\/index.php\/2022\/05\/27\/anunciaron-una-nueva-edicion-de-la-feria-de-ciencias-arte-y-tecnologia\/#primaryimage","url":"https:\/\/diariotextual.com\/inicio\/wp-content\/uploads\/2018\/08\/feriaciencias298187392.jpg","contentUrl":"https:\/\/diariotextual.com\/inicio\/wp-content\/uploads\/2018\/08\/feriaciencias298187392.jpg","width":656,"height":311},{"@type":"BreadcrumbList","@id":"https:\/\/diariotextual.com\/inicio\/index.php\/2022\/05\/27\/anunciaron-una-nueva-edicion-de-la-feria-de-ciencias-arte-y-tecnologia\/#breadcrumb","itemListElement":[{"@type":"ListItem","position":1,"name":"Portada","item":"https:\/\/diariotextual.com\/inicio\/"},{"@type":"ListItem","position":2,"name":"Anunciaron una nueva edici\u00f3n de la Feria de Ciencias, Arte y Tecnolog\u00eda"}]},{"@type":"WebSite","@id":"https:\/\/diariotextual.com\/inicio\/#website","url":"https:\/\/diariotextual.com\/inicio\/","name":"Diario Textual","description":"","publisher":{"@id":"https:\/\/diariotextual.com\/inicio\/#organization"},"potentialAction":[{"@type":"SearchAction","target":{"@type":"EntryPoint","urlTemplate":"https:\/\/diariotextual.com\/inicio\/?s={search_term_string}"},"query-input":{"@type":"PropertyValueSpecification","valueRequired":true,"valueName":"search_term_string"}}],"inLanguage":"es"},{"@type":"Organization","@id":"https:\/\/diariotextual.com\/inicio\/#organization","name":"Diario Textual","url":"https:\/\/diariotextual.com\/inicio\/","logo":{"@type":"ImageObject","inLanguage":"es","@id":"https:\/\/diariotextual.com\/inicio\/#\/schema\/logo\/image\/","url":"https:\/\/diariotextual.com\/inicio\/wp-content\/uploads\/2023\/05\/logotextual1.jpg","contentUrl":"https:\/\/diariotextual.com\/inicio\/wp-content\/uploads\/2023\/05\/logotextual1.jpg","width":516,"height":76,"caption":"Diario Textual"},"image":{"@id":"https:\/\/diariotextual.com\/inicio\/#\/schema\/logo\/image\/"},"sameAs":["https:\/\/www.facebook.com\/eltextual","https:\/\/x.com\/eltextual","http:\/\/www.instagram.com\/eltextual"]},{"@type":"Person","@id":"https:\/\/diariotextual.com\/inicio\/#\/schema\/person\/694f60677f23c4a530867a98f22b3768","name":"diario2","image":{"@type":"ImageObject","inLanguage":"es","@id":"https:\/\/secure.gravatar.com\/avatar\/5a2567495ba16b852fcd8f1ed006a2e24fcace936018ed8237e95f488ad6e0a7?s=96&d=mm&r=g","url":"https:\/\/secure.gravatar.com\/avatar\/5a2567495ba16b852fcd8f1ed006a2e24fcace936018ed8237e95f488ad6e0a7?s=96&d=mm&r=g","contentUrl":"https:\/\/secure.gravatar.com\/avatar\/5a2567495ba16b852fcd8f1ed006a2e24fcace936018ed8237e95f488ad6e0a7?s=96&d=mm&r=g","caption":"diario2"},"url":"https:\/\/diariotextual.com\/inicio\/index.php\/author\/diario2\/"}]}},"_links":{"self":[{"href":"https:\/\/diariotextual.com\/inicio\/index.php\/wp-json\/wp\/v2\/posts\/189841","targetHints":{"allow":["GET"]}}],"collection":[{"href":"https:\/\/diariotextual.com\/inicio\/index.php\/wp-json\/wp\/v2\/posts"}],"about":[{"href":"https:\/\/diariotextual.com\/inicio\/index.php\/wp-json\/wp\/v2\/types\/post"}],"author":[{"embeddable":true,"href":"https:\/\/diariotextual.com\/inicio\/index.php\/wp-json\/wp\/v2\/users\/4"}],"replies":[{"embeddable":true,"href":"https:\/\/diariotextual.com\/inicio\/index.php\/wp-json\/wp\/v2\/comments?post=189841"}],"version-history":[{"count":1,"href":"https:\/\/diariotextual.com\/inicio\/index.php\/wp-json\/wp\/v2\/posts\/189841\/revisions"}],"predecessor-version":[{"id":189843,"href":"https:\/\/diariotextual.com\/inicio\/index.php\/wp-json\/wp\/v2\/posts\/189841\/revisions\/189843"}],"wp:featuredmedia":[{"embeddable":true,"href":"https:\/\/diariotextual.com\/inicio\/index.php\/wp-json\/wp\/v2\/media\/15605"}],"wp:attachment":[{"href":"https:\/\/diariotextual.com\/inicio\/index.php\/wp-json\/wp\/v2\/media?parent=189841"}],"wp:term":[{"taxonomy":"category","embeddable":true,"href":"https:\/\/diariotextual.com\/inicio\/index.php\/wp-json\/wp\/v2\/categories?post=189841"},{"taxonomy":"post_tag","embeddable":true,"href":"https:\/\/diariotextual.com\/inicio\/index.php\/wp-json\/wp\/v2\/tags?post=189841"}],"curies":[{"name":"wp","href":"https:\/\/api.w.org\/{rel}","templated":true}]}}