{"id":19055,"date":"2018-09-04T17:00:47","date_gmt":"2018-09-04T20:00:47","guid":{"rendered":"http:\/\/diariotextual.com\/inicio\/?p=19055"},"modified":"2018-09-04T17:55:39","modified_gmt":"2018-09-04T20:55:39","slug":"estudiantes-autoconvocados-protestaran-hoy-acto-colacion-la-unlpam","status":"publish","type":"post","link":"https:\/\/diariotextual.com\/inicio\/index.php\/2018\/09\/04\/estudiantes-autoconvocados-protestaran-hoy-acto-colacion-la-unlpam\/","title":{"rendered":"Estudiantes autoconvocados protestar\u00e1n hoy en el acto de colaci\u00f3n de la UNLPam"},"content":{"rendered":"<p>Los estudiantes autoconvocados en defensa de la educaci\u00f3n p\u00fablica de la Universidad Nacional de La Pampa difundieron sus actividades propuestas en asambleas abiertas, <strong><a href=\"http:\/\/diariotextual.com\/inicio\/index.php\/2018\/08\/31\/unlpam-sigue-paro-los-asambleistas-definen-intervenciones\/\">en la quinta de semana de paro de esta casa acad\u00e9mica<\/a><\/strong>, en rechazo a las pol\u00edticas de ajuste del Gobierno Nacional.<\/p>\n<p><!--more--><\/p>\n<p>Este <strong>martes 4, a las 18 horas, se realizar\u00e1 una volanteada y fotaza en el marco del acto de colaci\u00f3n<\/strong> de grado y posgrado de la UNLPam.<\/p>\n<p>Para <strong>ma\u00f1ana, a las 16 horas, en el hall del Edificio Central de la UNLPam, se llevar\u00e1 a cabo la clase p\u00fablica \u201cEconom\u00eda Actual\u201d<\/strong> y estar\u00e1 a cargo de los profesores Juan Cruz L\u00f3pez Rasch y Fabio Alonso.<\/p>\n<p>En tanto el <strong>viernes 7 de septiembre a las 12 horas, los estudiantes convocaron a participar de la olla popular que se realizar\u00e1 en Agricultura Familiar<\/strong> (Centro C\u00edvico) para exigir la inmediata reincorporaci\u00f3n de los despedidos de ese organismo.<\/p>\n<p>Y ese mismo d\u00eda, <strong>a las 17.30 horas, el profesor Pedro Pablo Abreu brindar\u00e1 la clase p\u00fablica \u201cAnimaci\u00f3n tur\u00edstica y su importancia\u201d. Finalmente, a las 19, Ra\u00fal Hern\u00e1ndez, Beatriz Dillon, Eduardo Castro y Omar Del Ponti cerrar\u00e1n la jornada con la clase \u201cEn Defensa de los R\u00edos Pampeanos\u201d<\/strong>.<\/p>\n","protected":false},"excerpt":{"rendered":"<p>Los estudiantes autoconvocados en defensa de la educaci\u00f3n p\u00fablica de la Universidad Nacional de La Pampa difundieron sus actividades propuestas en asambleas abiertas, en la quinta de semana de paro&hellip;<\/p>\n","protected":false},"author":5,"featured_media":18545,"comment_status":"closed","ping_status":"open","sticky":false,"template":"","format":"standard","meta":{"_acf_changed":false,"footnotes":""},"categories":[4,12],"tags":[],"class_list":["post-19055","post","type-post","status-publish","format-standard","has-post-thumbnail","hentry","category-destacadas","category-sociedad"],"acf":[],"yoast_head":"<!-- This site is optimized with the Yoast SEO plugin v27.5 - https:\/\/yoast.com\/product\/yoast-seo-wordpress\/ -->\n<title>Estudiantes autoconvocados protestar\u00e1n hoy en el acto de colaci\u00f3n de la UNLPam - Diario Textual<\/title>\n<meta name=\"robots\" content=\"index, follow, max-snippet:-1, max-image-preview:large, max-video-preview:-1\" \/>\n<link rel=\"canonical\" href=\"https:\/\/diariotextual.com\/inicio\/index.php\/2018\/09\/04\/estudiantes-autoconvocados-protestaran-hoy-acto-colacion-la-unlpam\/\" \/>\n<meta property=\"og:locale\" content=\"es_ES\" \/>\n<meta property=\"og:type\" content=\"article\" \/>\n<meta property=\"og:title\" content=\"Estudiantes autoconvocados protestar\u00e1n hoy en el acto de colaci\u00f3n de la UNLPam - Diario Textual\" \/>\n<meta property=\"og:description\" content=\"Los estudiantes autoconvocados en defensa de la educaci\u00f3n p\u00fablica de la Universidad Nacional de La Pampa difundieron sus actividades propuestas en asambleas abiertas, en la quinta de semana de paro&hellip;\" \/>\n<meta property=\"og:url\" content=\"https:\/\/diariotextual.com\/inicio\/index.php\/2018\/09\/04\/estudiantes-autoconvocados-protestaran-hoy-acto-colacion-la-unlpam\/\" \/>\n<meta property=\"og:site_name\" content=\"Diario Textual\" \/>\n<meta property=\"article:publisher\" content=\"https:\/\/www.facebook.com\/eltextual\" \/>\n<meta property=\"article:published_time\" content=\"2018-09-04T20:00:47+00:00\" \/>\n<meta property=\"article:modified_time\" content=\"2018-09-04T20:55:39+00:00\" \/>\n<meta property=\"og:image\" content=\"https:\/\/diariotextual.com\/inicio\/wp-content\/uploads\/2018\/08\/unlpamtoma2018-208.jpg\" \/>\n\t<meta property=\"og:image:width\" content=\"1000\" \/>\n\t<meta property=\"og:image:height\" content=\"726\" \/>\n\t<meta property=\"og:image:type\" content=\"image\/jpeg\" \/>\n<meta name=\"author\" content=\"diario3\" \/>\n<meta name=\"twitter:card\" content=\"summary_large_image\" \/>\n<meta name=\"twitter:creator\" content=\"@eltextual\" \/>\n<meta name=\"twitter:site\" content=\"@eltextual\" \/>\n<meta name=\"twitter:label1\" content=\"Escrito por\" \/>\n\t<meta name=\"twitter:data1\" content=\"diario3\" \/>\n\t<meta name=\"twitter:label2\" content=\"Tiempo de lectura\" \/>\n\t<meta name=\"twitter:data2\" content=\"1 minuto\" \/>\n<script type=\"application\/ld+json\" class=\"yoast-schema-graph\">{\"@context\":\"https:\\\/\\\/schema.org\",\"@graph\":[{\"@type\":\"Article\",\"@id\":\"https:\\\/\\\/diariotextual.com\\\/inicio\\\/index.php\\\/2018\\\/09\\\/04\\\/estudiantes-autoconvocados-protestaran-hoy-acto-colacion-la-unlpam\\\/#article\",\"isPartOf\":{\"@id\":\"https:\\\/\\\/diariotextual.com\\\/inicio\\\/index.php\\\/2018\\\/09\\\/04\\\/estudiantes-autoconvocados-protestaran-hoy-acto-colacion-la-unlpam\\\/\"},\"author\":{\"name\":\"diario3\",\"@id\":\"https:\\\/\\\/diariotextual.com\\\/inicio\\\/#\\\/schema\\\/person\\\/a1b6f563e0ee944c60f98119389a4d9f\"},\"headline\":\"Estudiantes autoconvocados protestar\u00e1n hoy en el acto de colaci\u00f3n de la UNLPam\",\"datePublished\":\"2018-09-04T20:00:47+00:00\",\"dateModified\":\"2018-09-04T20:55:39+00:00\",\"mainEntityOfPage\":{\"@id\":\"https:\\\/\\\/diariotextual.com\\\/inicio\\\/index.php\\\/2018\\\/09\\\/04\\\/estudiantes-autoconvocados-protestaran-hoy-acto-colacion-la-unlpam\\\/\"},\"wordCount\":222,\"publisher\":{\"@id\":\"https:\\\/\\\/diariotextual.com\\\/inicio\\\/#organization\"},\"image\":{\"@id\":\"https:\\\/\\\/diariotextual.com\\\/inicio\\\/index.php\\\/2018\\\/09\\\/04\\\/estudiantes-autoconvocados-protestaran-hoy-acto-colacion-la-unlpam\\\/#primaryimage\"},\"thumbnailUrl\":\"https:\\\/\\\/diariotextual.com\\\/inicio\\\/wp-content\\\/uploads\\\/2018\\\/08\\\/unlpamtoma2018-208.jpg\",\"articleSection\":[\"A - DESTACADAS (mod 16)\",\"SOCIEDAD\"],\"inLanguage\":\"es\"},{\"@type\":\"WebPage\",\"@id\":\"https:\\\/\\\/diariotextual.com\\\/inicio\\\/index.php\\\/2018\\\/09\\\/04\\\/estudiantes-autoconvocados-protestaran-hoy-acto-colacion-la-unlpam\\\/\",\"url\":\"https:\\\/\\\/diariotextual.com\\\/inicio\\\/index.php\\\/2018\\\/09\\\/04\\\/estudiantes-autoconvocados-protestaran-hoy-acto-colacion-la-unlpam\\\/\",\"name\":\"Estudiantes autoconvocados protestar\u00e1n hoy en el acto de colaci\u00f3n de la UNLPam - Diario Textual\",\"isPartOf\":{\"@id\":\"https:\\\/\\\/diariotextual.com\\\/inicio\\\/#website\"},\"primaryImageOfPage\":{\"@id\":\"https:\\\/\\\/diariotextual.com\\\/inicio\\\/index.php\\\/2018\\\/09\\\/04\\\/estudiantes-autoconvocados-protestaran-hoy-acto-colacion-la-unlpam\\\/#primaryimage\"},\"image\":{\"@id\":\"https:\\\/\\\/diariotextual.com\\\/inicio\\\/index.php\\\/2018\\\/09\\\/04\\\/estudiantes-autoconvocados-protestaran-hoy-acto-colacion-la-unlpam\\\/#primaryimage\"},\"thumbnailUrl\":\"https:\\\/\\\/diariotextual.com\\\/inicio\\\/wp-content\\\/uploads\\\/2018\\\/08\\\/unlpamtoma2018-208.jpg\",\"datePublished\":\"2018-09-04T20:00:47+00:00\",\"dateModified\":\"2018-09-04T20:55:39+00:00\",\"breadcrumb\":{\"@id\":\"https:\\\/\\\/diariotextual.com\\\/inicio\\\/index.php\\\/2018\\\/09\\\/04\\\/estudiantes-autoconvocados-protestaran-hoy-acto-colacion-la-unlpam\\\/#breadcrumb\"},\"inLanguage\":\"es\",\"potentialAction\":[{\"@type\":\"ReadAction\",\"target\":[\"https:\\\/\\\/diariotextual.com\\\/inicio\\\/index.php\\\/2018\\\/09\\\/04\\\/estudiantes-autoconvocados-protestaran-hoy-acto-colacion-la-unlpam\\\/\"]}]},{\"@type\":\"ImageObject\",\"inLanguage\":\"es\",\"@id\":\"https:\\\/\\\/diariotextual.com\\\/inicio\\\/index.php\\\/2018\\\/09\\\/04\\\/estudiantes-autoconvocados-protestaran-hoy-acto-colacion-la-unlpam\\\/#primaryimage\",\"url\":\"https:\\\/\\\/diariotextual.com\\\/inicio\\\/wp-content\\\/uploads\\\/2018\\\/08\\\/unlpamtoma2018-208.jpg\",\"contentUrl\":\"https:\\\/\\\/diariotextual.com\\\/inicio\\\/wp-content\\\/uploads\\\/2018\\\/08\\\/unlpamtoma2018-208.jpg\",\"width\":1000,\"height\":726},{\"@type\":\"BreadcrumbList\",\"@id\":\"https:\\\/\\\/diariotextual.com\\\/inicio\\\/index.php\\\/2018\\\/09\\\/04\\\/estudiantes-autoconvocados-protestaran-hoy-acto-colacion-la-unlpam\\\/#breadcrumb\",\"itemListElement\":[{\"@type\":\"ListItem\",\"position\":1,\"name\":\"Portada\",\"item\":\"https:\\\/\\\/diariotextual.com\\\/inicio\\\/\"},{\"@type\":\"ListItem\",\"position\":2,\"name\":\"Estudiantes autoconvocados protestar\u00e1n hoy en el acto de colaci\u00f3n de la UNLPam\"}]},{\"@type\":\"WebSite\",\"@id\":\"https:\\\/\\\/diariotextual.com\\\/inicio\\\/#website\",\"url\":\"https:\\\/\\\/diariotextual.com\\\/inicio\\\/\",\"name\":\"Diario Textual\",\"description\":\"\",\"publisher\":{\"@id\":\"https:\\\/\\\/diariotextual.com\\\/inicio\\\/#organization\"},\"potentialAction\":[{\"@type\":\"SearchAction\",\"target\":{\"@type\":\"EntryPoint\",\"urlTemplate\":\"https:\\\/\\\/diariotextual.com\\\/inicio\\\/?s={search_term_string}\"},\"query-input\":{\"@type\":\"PropertyValueSpecification\",\"valueRequired\":true,\"valueName\":\"search_term_string\"}}],\"inLanguage\":\"es\"},{\"@type\":\"Organization\",\"@id\":\"https:\\\/\\\/diariotextual.com\\\/inicio\\\/#organization\",\"name\":\"Diario Textual\",\"url\":\"https:\\\/\\\/diariotextual.com\\\/inicio\\\/\",\"logo\":{\"@type\":\"ImageObject\",\"inLanguage\":\"es\",\"@id\":\"https:\\\/\\\/diariotextual.com\\\/inicio\\\/#\\\/schema\\\/logo\\\/image\\\/\",\"url\":\"https:\\\/\\\/diariotextual.com\\\/inicio\\\/wp-content\\\/uploads\\\/2023\\\/05\\\/logotextual1.jpg\",\"contentUrl\":\"https:\\\/\\\/diariotextual.com\\\/inicio\\\/wp-content\\\/uploads\\\/2023\\\/05\\\/logotextual1.jpg\",\"width\":516,\"height\":76,\"caption\":\"Diario Textual\"},\"image\":{\"@id\":\"https:\\\/\\\/diariotextual.com\\\/inicio\\\/#\\\/schema\\\/logo\\\/image\\\/\"},\"sameAs\":[\"https:\\\/\\\/www.facebook.com\\\/eltextual\",\"https:\\\/\\\/x.com\\\/eltextual\",\"http:\\\/\\\/www.instagram.com\\\/eltextual\"]},{\"@type\":\"Person\",\"@id\":\"https:\\\/\\\/diariotextual.com\\\/inicio\\\/#\\\/schema\\\/person\\\/a1b6f563e0ee944c60f98119389a4d9f\",\"name\":\"diario3\",\"image\":{\"@type\":\"ImageObject\",\"inLanguage\":\"es\",\"@id\":\"https:\\\/\\\/secure.gravatar.com\\\/avatar\\\/5e7ee62c82fc04d9dd79d746a390d93c69c43223e5faeeb3ea9461ef752bfc5d?s=96&d=mm&r=g\",\"url\":\"https:\\\/\\\/secure.gravatar.com\\\/avatar\\\/5e7ee62c82fc04d9dd79d746a390d93c69c43223e5faeeb3ea9461ef752bfc5d?s=96&d=mm&r=g\",\"contentUrl\":\"https:\\\/\\\/secure.gravatar.com\\\/avatar\\\/5e7ee62c82fc04d9dd79d746a390d93c69c43223e5faeeb3ea9461ef752bfc5d?s=96&d=mm&r=g\",\"caption\":\"diario3\"},\"url\":\"https:\\\/\\\/diariotextual.com\\\/inicio\\\/index.php\\\/author\\\/diario3\\\/\"}]}<\/script>\n<!-- \/ Yoast SEO plugin. -->","yoast_head_json":{"title":"Estudiantes autoconvocados protestar\u00e1n hoy en el acto de colaci\u00f3n de la UNLPam - Diario Textual","robots":{"index":"index","follow":"follow","max-snippet":"max-snippet:-1","max-image-preview":"max-image-preview:large","max-video-preview":"max-video-preview:-1"},"canonical":"https:\/\/diariotextual.com\/inicio\/index.php\/2018\/09\/04\/estudiantes-autoconvocados-protestaran-hoy-acto-colacion-la-unlpam\/","og_locale":"es_ES","og_type":"article","og_title":"Estudiantes autoconvocados protestar\u00e1n hoy en el acto de colaci\u00f3n de la UNLPam - Diario Textual","og_description":"Los estudiantes autoconvocados en defensa de la educaci\u00f3n p\u00fablica de la Universidad Nacional de La Pampa difundieron sus actividades propuestas en asambleas abiertas, en la quinta de semana de paro&hellip;","og_url":"https:\/\/diariotextual.com\/inicio\/index.php\/2018\/09\/04\/estudiantes-autoconvocados-protestaran-hoy-acto-colacion-la-unlpam\/","og_site_name":"Diario Textual","article_publisher":"https:\/\/www.facebook.com\/eltextual","article_published_time":"2018-09-04T20:00:47+00:00","article_modified_time":"2018-09-04T20:55:39+00:00","og_image":[{"width":1000,"height":726,"url":"https:\/\/diariotextual.com\/inicio\/wp-content\/uploads\/2018\/08\/unlpamtoma2018-208.jpg","type":"image\/jpeg"}],"author":"diario3","twitter_card":"summary_large_image","twitter_creator":"@eltextual","twitter_site":"@eltextual","twitter_misc":{"Escrito por":"diario3","Tiempo de lectura":"1 minuto"},"schema":{"@context":"https:\/\/schema.org","@graph":[{"@type":"Article","@id":"https:\/\/diariotextual.com\/inicio\/index.php\/2018\/09\/04\/estudiantes-autoconvocados-protestaran-hoy-acto-colacion-la-unlpam\/#article","isPartOf":{"@id":"https:\/\/diariotextual.com\/inicio\/index.php\/2018\/09\/04\/estudiantes-autoconvocados-protestaran-hoy-acto-colacion-la-unlpam\/"},"author":{"name":"diario3","@id":"https:\/\/diariotextual.com\/inicio\/#\/schema\/person\/a1b6f563e0ee944c60f98119389a4d9f"},"headline":"Estudiantes autoconvocados protestar\u00e1n hoy en el acto de colaci\u00f3n de la UNLPam","datePublished":"2018-09-04T20:00:47+00:00","dateModified":"2018-09-04T20:55:39+00:00","mainEntityOfPage":{"@id":"https:\/\/diariotextual.com\/inicio\/index.php\/2018\/09\/04\/estudiantes-autoconvocados-protestaran-hoy-acto-colacion-la-unlpam\/"},"wordCount":222,"publisher":{"@id":"https:\/\/diariotextual.com\/inicio\/#organization"},"image":{"@id":"https:\/\/diariotextual.com\/inicio\/index.php\/2018\/09\/04\/estudiantes-autoconvocados-protestaran-hoy-acto-colacion-la-unlpam\/#primaryimage"},"thumbnailUrl":"https:\/\/diariotextual.com\/inicio\/wp-content\/uploads\/2018\/08\/unlpamtoma2018-208.jpg","articleSection":["A - DESTACADAS (mod 16)","SOCIEDAD"],"inLanguage":"es"},{"@type":"WebPage","@id":"https:\/\/diariotextual.com\/inicio\/index.php\/2018\/09\/04\/estudiantes-autoconvocados-protestaran-hoy-acto-colacion-la-unlpam\/","url":"https:\/\/diariotextual.com\/inicio\/index.php\/2018\/09\/04\/estudiantes-autoconvocados-protestaran-hoy-acto-colacion-la-unlpam\/","name":"Estudiantes autoconvocados protestar\u00e1n hoy en el acto de colaci\u00f3n de la UNLPam - Diario Textual","isPartOf":{"@id":"https:\/\/diariotextual.com\/inicio\/#website"},"primaryImageOfPage":{"@id":"https:\/\/diariotextual.com\/inicio\/index.php\/2018\/09\/04\/estudiantes-autoconvocados-protestaran-hoy-acto-colacion-la-unlpam\/#primaryimage"},"image":{"@id":"https:\/\/diariotextual.com\/inicio\/index.php\/2018\/09\/04\/estudiantes-autoconvocados-protestaran-hoy-acto-colacion-la-unlpam\/#primaryimage"},"thumbnailUrl":"https:\/\/diariotextual.com\/inicio\/wp-content\/uploads\/2018\/08\/unlpamtoma2018-208.jpg","datePublished":"2018-09-04T20:00:47+00:00","dateModified":"2018-09-04T20:55:39+00:00","breadcrumb":{"@id":"https:\/\/diariotextual.com\/inicio\/index.php\/2018\/09\/04\/estudiantes-autoconvocados-protestaran-hoy-acto-colacion-la-unlpam\/#breadcrumb"},"inLanguage":"es","potentialAction":[{"@type":"ReadAction","target":["https:\/\/diariotextual.com\/inicio\/index.php\/2018\/09\/04\/estudiantes-autoconvocados-protestaran-hoy-acto-colacion-la-unlpam\/"]}]},{"@type":"ImageObject","inLanguage":"es","@id":"https:\/\/diariotextual.com\/inicio\/index.php\/2018\/09\/04\/estudiantes-autoconvocados-protestaran-hoy-acto-colacion-la-unlpam\/#primaryimage","url":"https:\/\/diariotextual.com\/inicio\/wp-content\/uploads\/2018\/08\/unlpamtoma2018-208.jpg","contentUrl":"https:\/\/diariotextual.com\/inicio\/wp-content\/uploads\/2018\/08\/unlpamtoma2018-208.jpg","width":1000,"height":726},{"@type":"BreadcrumbList","@id":"https:\/\/diariotextual.com\/inicio\/index.php\/2018\/09\/04\/estudiantes-autoconvocados-protestaran-hoy-acto-colacion-la-unlpam\/#breadcrumb","itemListElement":[{"@type":"ListItem","position":1,"name":"Portada","item":"https:\/\/diariotextual.com\/inicio\/"},{"@type":"ListItem","position":2,"name":"Estudiantes autoconvocados protestar\u00e1n hoy en el acto de colaci\u00f3n de la UNLPam"}]},{"@type":"WebSite","@id":"https:\/\/diariotextual.com\/inicio\/#website","url":"https:\/\/diariotextual.com\/inicio\/","name":"Diario Textual","description":"","publisher":{"@id":"https:\/\/diariotextual.com\/inicio\/#organization"},"potentialAction":[{"@type":"SearchAction","target":{"@type":"EntryPoint","urlTemplate":"https:\/\/diariotextual.com\/inicio\/?s={search_term_string}"},"query-input":{"@type":"PropertyValueSpecification","valueRequired":true,"valueName":"search_term_string"}}],"inLanguage":"es"},{"@type":"Organization","@id":"https:\/\/diariotextual.com\/inicio\/#organization","name":"Diario Textual","url":"https:\/\/diariotextual.com\/inicio\/","logo":{"@type":"ImageObject","inLanguage":"es","@id":"https:\/\/diariotextual.com\/inicio\/#\/schema\/logo\/image\/","url":"https:\/\/diariotextual.com\/inicio\/wp-content\/uploads\/2023\/05\/logotextual1.jpg","contentUrl":"https:\/\/diariotextual.com\/inicio\/wp-content\/uploads\/2023\/05\/logotextual1.jpg","width":516,"height":76,"caption":"Diario Textual"},"image":{"@id":"https:\/\/diariotextual.com\/inicio\/#\/schema\/logo\/image\/"},"sameAs":["https:\/\/www.facebook.com\/eltextual","https:\/\/x.com\/eltextual","http:\/\/www.instagram.com\/eltextual"]},{"@type":"Person","@id":"https:\/\/diariotextual.com\/inicio\/#\/schema\/person\/a1b6f563e0ee944c60f98119389a4d9f","name":"diario3","image":{"@type":"ImageObject","inLanguage":"es","@id":"https:\/\/secure.gravatar.com\/avatar\/5e7ee62c82fc04d9dd79d746a390d93c69c43223e5faeeb3ea9461ef752bfc5d?s=96&d=mm&r=g","url":"https:\/\/secure.gravatar.com\/avatar\/5e7ee62c82fc04d9dd79d746a390d93c69c43223e5faeeb3ea9461ef752bfc5d?s=96&d=mm&r=g","contentUrl":"https:\/\/secure.gravatar.com\/avatar\/5e7ee62c82fc04d9dd79d746a390d93c69c43223e5faeeb3ea9461ef752bfc5d?s=96&d=mm&r=g","caption":"diario3"},"url":"https:\/\/diariotextual.com\/inicio\/index.php\/author\/diario3\/"}]}},"_links":{"self":[{"href":"https:\/\/diariotextual.com\/inicio\/index.php\/wp-json\/wp\/v2\/posts\/19055","targetHints":{"allow":["GET"]}}],"collection":[{"href":"https:\/\/diariotextual.com\/inicio\/index.php\/wp-json\/wp\/v2\/posts"}],"about":[{"href":"https:\/\/diariotextual.com\/inicio\/index.php\/wp-json\/wp\/v2\/types\/post"}],"author":[{"embeddable":true,"href":"https:\/\/diariotextual.com\/inicio\/index.php\/wp-json\/wp\/v2\/users\/5"}],"replies":[{"embeddable":true,"href":"https:\/\/diariotextual.com\/inicio\/index.php\/wp-json\/wp\/v2\/comments?post=19055"}],"version-history":[{"count":1,"href":"https:\/\/diariotextual.com\/inicio\/index.php\/wp-json\/wp\/v2\/posts\/19055\/revisions"}],"predecessor-version":[{"id":19057,"href":"https:\/\/diariotextual.com\/inicio\/index.php\/wp-json\/wp\/v2\/posts\/19055\/revisions\/19057"}],"wp:featuredmedia":[{"embeddable":true,"href":"https:\/\/diariotextual.com\/inicio\/index.php\/wp-json\/wp\/v2\/media\/18545"}],"wp:attachment":[{"href":"https:\/\/diariotextual.com\/inicio\/index.php\/wp-json\/wp\/v2\/media?parent=19055"}],"wp:term":[{"taxonomy":"category","embeddable":true,"href":"https:\/\/diariotextual.com\/inicio\/index.php\/wp-json\/wp\/v2\/categories?post=19055"},{"taxonomy":"post_tag","embeddable":true,"href":"https:\/\/diariotextual.com\/inicio\/index.php\/wp-json\/wp\/v2\/tags?post=19055"}],"curies":[{"name":"wp","href":"https:\/\/api.w.org\/{rel}","templated":true}]}}