{"id":191076,"date":"2022-06-09T18:40:56","date_gmt":"2022-06-09T21:40:56","guid":{"rendered":"https:\/\/diariotextual.com\/inicio\/?p=191076"},"modified":"2022-06-09T20:28:22","modified_gmt":"2022-06-09T23:28:22","slug":"diputados-aprobo-ley-que-reconoce-nivel-terciario-a-trabajadores-estatales","status":"publish","type":"post","link":"https:\/\/diariotextual.com\/inicio\/index.php\/2022\/06\/09\/diputados-aprobo-ley-que-reconoce-nivel-terciario-a-trabajadores-estatales\/","title":{"rendered":"Diputados aprob\u00f3 ley que reconoce nivel terciario a trabajadores estatales"},"content":{"rendered":"\n<p>La C\u00e1mara de Diputados de La Pampa aprob\u00f3 este jueves por unanimidad el proyecto de ley por el que <strong>se modifica el art\u00edculo 10 de la Norma Jur\u00eddica de Facto N\u00b0 751 para reconocer el nivel superior terciario de educaci\u00f3n a los agentes de la administraci\u00f3n p\u00fablica provincial.<\/strong><\/p>\n\n\n\n<p>\u201c<strong>Esto es para todas las personas que tengan t\u00edtulo de tercer nivel. Es fundamental porque hoy el estatuto tiene contemplado, a la hora de la incorporaci\u00f3n para trabajar en el Estado, dos categor\u00edas. Pero hay un vac\u00edo legal donde queda el t\u00edtulo de tercer nivel. Esto genera una evidente desigualdad de trato y entorpece la carrera administrativa. Con esta ley se estar\u00eda dando la igualdad y un reconocimiento al esfuerzo de todas las personas que le pueden aportar calidad a la administraci\u00f3n p\u00fablica<\/strong>\u201d, destac\u00f3 Facundo Sola.<\/p>\n\n\n\n<p>Marcos Cuelle agreg\u00f3 que no se puede dejar de \u201creconocer\u201d a quienes hacen el esfuerzo de capacitarse. \u201cHay que estimular a las personas en la administraci\u00f3n p\u00fablica para que haya un mejor servicio en toda La Pampa\u201d, dijo.<\/p>\n\n\n\n<p>Eduardo Pepa dijo que es un \u201creconocimiento a los empleados p\u00fablicos que dedican su tiempo a capacitarse\u201d mientras trabajan.<\/p>\n\n\n\n<div style=\"height:100px\" aria-hidden=\"true\" class=\"wp-block-spacer\"><\/div>\n\n\n\n<p><strong>Ley Yolanda<\/strong><\/p>\n\n\n\n<p>Tambi\u00e9n fue aprobado en forma un\u00e1nime los proyectos unificados de Laura Trapaglia, Agustina Garc\u00eda y Espartaco Mar\u00edn por el que La Pampa adhiere a la Ley Nacional 27592 &#8211; Ley Yolanda, que busca formar a las personas del sector p\u00fablico (Poder Ejecutivo, Legislativo y Judicial) en materia ambiental.<\/p>\n\n\n\n<p>\u201cEl cambio clim\u00e1tico es el mal de nuestro tiempo. El Estado pose la responsabilidad de generar conciencia. Esta iniciativa no es s\u00f3lo una adhesi\u00f3n, sino que a partir de esto se deben llevar adelante pol\u00edticas p\u00fablicas para beneficiar a las pr\u00f3ximas generaciones\u201d, manifest\u00f3 Garc\u00eda.<\/p>\n\n\n\n<p>\u201cHay expresiones pol\u00edticas de ultraderecha que niegan el cambio clim\u00e1tico que, parad\u00f3jicamente, tienen adhesi\u00f3n en los j\u00f3venes\u201d, dijo, a su turno, Espartaco Mar\u00edn.<\/p>\n\n\n\n<p>Trapaglia, por su parte, dijo que \u201cse busca crear una pol\u00edtica de Estado, m\u00e1s all\u00e1 de los colores pol\u00edticos\u201d.<\/p>\n\n\n\n<div style=\"height:100px\" aria-hidden=\"true\" class=\"wp-block-spacer\"><\/div>\n\n\n\n<p><strong>Aporte por dinero no declarado<\/strong><\/p>\n\n\n\n<p>Tras un extenso debate, fue aprobado por mayor\u00eda del Frejupa y del Movimiento Productivo Pampeano, con el rechazo del radicalismo y de Propuesta Federal, el proyecto por el que solicitan a las y los Legisladores Nacionales por La Pampa, que acompa\u00f1en con su voto la iniciativa que impulsa la creaci\u00f3n de un aporte especial de emergencia a quienes tienen bienes en el exterior no declarados, para destinar al pago de la deuda con el FMI.<\/p>\n\n\n\n<p>Mar\u00edn explic\u00f3 que \u201cel debate sobre si la deuda se tiene que pagar o no ya qued\u00f3 saldado. Ahora discutimos c\u00f3mo vamos a pagar los 45 mil millones de d\u00f3lares que el ex presidente tom\u00f3. \u00bfLo deben pagar los ahorros de los argentinos, o aquellos que fugaron y evadieron? Esta es nuestra propuesta\u201d, dijo.<\/p>\n\n\n\n<p>Mauricio Ag\u00f3n solicit\u00f3 la palabra para argumentar el rechazo del bloque UCR. \u201cSe intenta mezclar fuga con evasi\u00f3n, pero hay que diferenciar la fuga ilegal de la legal. Este proyecto en realidad premia a los evasores. Es un blanqueo para los evasores, y se los premia porque es voluntario, si no la AFIP aplicar\u00eda la ley penal tributaria para que paguen mucho m\u00e1s del 20%. Esta es una iniciativa demag\u00f3gica y un ataque a la cultura tributaria, a los que verdaderamente aportan\u201d, se\u00f1al\u00f3.<\/p>\n\n\n\n<p>Mart\u00edn Ardohain advirti\u00f3 que \u201cno votamos nuevos impuestos\u201d, y reflexion\u00f3: \u201cEs incre\u00edble que haya gente que pase hambre en Argentina. No podemos seguir repitiendo las mismas recetas. Nos tenemos que preguntar por qu\u00e9 los argentinos llevan su dinero afuera. Hay que debatir qu\u00e9 hacemos para que ese argentino elija sacar su capital del pa\u00eds\u201d.<\/p>\n\n\n\n<p>Torroba opin\u00f3 que \u201ces un proyecto desopilante, porque si hacemos un recuento de los blanqueos, nunca se llega a recaudar. Los blanqueos no dan resultado\u201d.<\/p>\n\n\n\n<p>Leonardo Avenda\u00f1o le pidi\u00f3 a la oposici\u00f3n que \u201cpor una vez tengan la dignidad de pedirle disculpas al pueblo y de plantarse ante la patria financiera y las corporaciones\u201d.<\/p>\n\n\n\n<p>M\u00e1s adelante fue aprobado por mayor\u00eda el despacho de resoluci\u00f3n por el que se aprueba el padr\u00f3n de aspirantes a Magistrados y Funcionarios Sustitutos del Poder Judicial. \u201cEl mecanismo de selecci\u00f3n no fomenta la independencia de poderes\u201d, dijo Estela Guzm\u00e1n, mientras que Fonseca consider\u00f3 que \u201clos sustitutos no son constitucionales; no tienen estabilidad ni independencia\u201d.<\/p>\n\n\n\n<p>En el mismo sentido sali\u00f3 el despacho por el que se aprueba el listado de Conjueces y Funcionarios ad-hoc para el a\u00f1o 2022.<\/p>\n\n\n\n<p>Fue aprobado por unanimidad el proyecto por el que expresa benepl\u00e1cito por la adhesi\u00f3n de la provincia de La Pampa al carnet manipulador de alimentos del Sistema de Informaci\u00f3n Federal para la Gesti\u00f3n de Control de Alimentos.<\/p>\n\n\n\n<p>Tambi\u00e9n se aprob\u00f3 la iniciativa por la que se dirigen al Poder Ejecutivo Provincial y por su intermedio a la Direcci\u00f3n Provincial de Vialidad, para que considere la instalaci\u00f3n de guardarrailes en el cruce de las Rutas Provinciales N\u00b0 10 y 11.<\/p>\n\n\n\n<p>Fue aprobado por unanimidad el proyecto del gobierno provincia por el que se reforman art\u00edculos de la Ley 1828 &#8211; C\u00f3digo Procesal Civil y Comercial de la provincia de La Pampa.<\/p>\n\n\n\n<p>De igual manera sali\u00f3 la iniciativa por la que se suspende la vigencia de la Ley 3353.<\/p>\n\n\n\n<p>Se aprobaron por unanimidad los proyectos por los que se declara de Inter\u00e9s Legislativo, el Acto convocado por la Compa\u00f1\u00eda de Inteligencia Mecanizada 10, del Ej\u00e9rcito Argentino, y la obra de teatro \u00abLuz sobre la memoria\u00bb que rinde homenaje a veteranos de Malvinas, quienes participaron en los relatos, el libro, los ensayos y la puesta en escena.<\/p>\n\n\n\n<p>En forma un\u00e1nime se aprob\u00f3 la iniciativa por la que se declara de Inter\u00e9s Legislativo la s\u00e9ptima edici\u00f3n&nbsp; del Campeonato Nacional M\u00e1ster de Ruta 15k, llamado \u201cSanta Rosa La Pampa 2022, Copa C\u00e1lden\u201d.<\/p>\n\n\n\n<p>Por \u00faltimo fue declarado de Inter\u00e9s Legislativo la Segunda Edici\u00f3n del libro \u201cLos Rostros de la Tierra\u201d, iconograf\u00eda ind\u00edgena de La Pampa entre los a\u00f1os 1870-1950, de autor\u00eda de Jos\u00e9 Carlos Depetris y Pedro Eugenio Vigne.<\/p>\n\n\n\n<div style=\"height:100px\" aria-hidden=\"true\" class=\"wp-block-spacer\"><\/div>\n\n\n\n<p><strong>Levantamiento de Juan Jos\u00e9 Valle<\/strong><\/p>\n\n\n\n<p>Durante una nueva sesi\u00f3n en la Legislatura pampeana, y en el marco del aniversario 66\u00ba del levantamiento de Juan Jos\u00e9 Valle, ocurrido el 9 de junio de 1956, con el fin de derrocar a la dictadura autodenominada Revoluci\u00f3n Libertadora, el presidente de la C\u00e1mara de Diputados, Mariano Fern\u00e1ndez, rindi\u00f3 homenaje a los militantes peronistas. \u201cEs una jornada de reflexi\u00f3n para constituir la democracia en nuestros j\u00f3venes\u201d, dijo. \u201cEn La Pampa no se llevaron a cabo fusilamientos porque el personal de la polic\u00eda de La Pampa segu\u00eda \u2018aguantando los trapos\u2019\u201d.<\/p>\n\n\n\n<p>Por su parte, el diputado Leonardo Avenda\u00f1o ley\u00f3 la carta del general Valle antes de ser fusilado. \u201cMe da l\u00e1stima por aquellos que con su odio prefirieron derramar sangra argentina. Compadezco su ingreso al infierno, aunque los voy a perdonar, dado que la historia nos absolvi\u00f3\u201d, agreg\u00f3 el legislador.<\/p>\n\n\n\n<p>Sandra Fonseca, de Comunidad Organizada, tambi\u00e9n resalt\u00f3 la jornada. \u201cAquel movimiento fue para desperonizar la sociedad. Lo que no lograron aquellos, lo hacen hoy algunos que se hacen llamar peronistas. Doy mi profundo sentimiento humano a todos los familiares fusilados en junio de 1956\u201d, expres\u00f3.<\/p>\n\n\n\n<p>El radical Francisco Torroba tambi\u00e9n tom\u00f3 la palabra. \u201cNo hay que aprovechar estos homenajes para traer cosas del pasado y generar cuestiones de tipo partidaria\u201d, expres\u00f3. Ante esto, Fonseca le respondi\u00f3. \u201cEs la opini\u00f3n de un bloque. El pasado se resignifica en el presente\u201d, le dijo.<\/p>\n","protected":false},"excerpt":{"rendered":"<p>La C\u00e1mara de Diputados de La Pampa aprob\u00f3 este jueves por unanimidad el proyecto de ley por el que se modifica el art\u00edculo 10 de la Norma Jur\u00eddica de Facto&hellip;<\/p>\n","protected":false},"author":3,"featured_media":191079,"comment_status":"closed","ping_status":"open","sticky":false,"template":"","format":"standard","meta":{"_acf_changed":false,"footnotes":""},"categories":[4,12],"tags":[7018],"class_list":["post-191076","post","type-post","status-publish","format-standard","has-post-thumbnail","hentry","category-destacadas","category-sociedad","tag-capacitacion"],"acf":[],"yoast_head":"<!-- This site is optimized with the Yoast SEO plugin v27.5 - https:\/\/yoast.com\/product\/yoast-seo-wordpress\/ -->\n<title>Diputados aprob\u00f3 ley que reconoce nivel terciario a trabajadores estatales - Diario Textual<\/title>\n<meta name=\"robots\" content=\"index, follow, max-snippet:-1, max-image-preview:large, max-video-preview:-1\" \/>\n<link rel=\"canonical\" href=\"https:\/\/diariotextual.com\/inicio\/index.php\/2022\/06\/09\/diputados-aprobo-ley-que-reconoce-nivel-terciario-a-trabajadores-estatales\/\" \/>\n<meta property=\"og:locale\" content=\"es_ES\" \/>\n<meta property=\"og:type\" content=\"article\" \/>\n<meta property=\"og:title\" content=\"Diputados aprob\u00f3 ley que reconoce nivel terciario a trabajadores estatales - Diario Textual\" \/>\n<meta property=\"og:description\" content=\"La C\u00e1mara de Diputados de La Pampa aprob\u00f3 este jueves por unanimidad el proyecto de ley por el que se modifica el art\u00edculo 10 de la Norma Jur\u00eddica de Facto&hellip;\" \/>\n<meta property=\"og:url\" content=\"https:\/\/diariotextual.com\/inicio\/index.php\/2022\/06\/09\/diputados-aprobo-ley-que-reconoce-nivel-terciario-a-trabajadores-estatales\/\" \/>\n<meta property=\"og:site_name\" content=\"Diario Textual\" \/>\n<meta property=\"article:publisher\" content=\"https:\/\/www.facebook.com\/eltextual\" \/>\n<meta property=\"article:published_time\" content=\"2022-06-09T21:40:56+00:00\" \/>\n<meta property=\"article:modified_time\" content=\"2022-06-09T23:28:22+00:00\" \/>\n<meta property=\"og:image\" content=\"https:\/\/diariotextual.com\/inicio\/wp-content\/uploads\/2022\/06\/diputadoscamara2022-1000.jpg\" \/>\n\t<meta property=\"og:image:width\" content=\"1500\" \/>\n\t<meta property=\"og:image:height\" content=\"1058\" \/>\n\t<meta property=\"og:image:type\" content=\"image\/jpeg\" \/>\n<meta name=\"author\" content=\"Diario1 Diario1\" \/>\n<meta name=\"twitter:card\" content=\"summary_large_image\" \/>\n<meta name=\"twitter:creator\" content=\"@eltextual\" \/>\n<meta name=\"twitter:site\" content=\"@eltextual\" \/>\n<meta name=\"twitter:label1\" content=\"Escrito por\" \/>\n\t<meta name=\"twitter:data1\" content=\"Diario1 Diario1\" \/>\n\t<meta name=\"twitter:label2\" content=\"Tiempo de lectura\" \/>\n\t<meta name=\"twitter:data2\" content=\"6 minutos\" \/>\n<script type=\"application\/ld+json\" class=\"yoast-schema-graph\">{\"@context\":\"https:\\\/\\\/schema.org\",\"@graph\":[{\"@type\":\"Article\",\"@id\":\"https:\\\/\\\/diariotextual.com\\\/inicio\\\/index.php\\\/2022\\\/06\\\/09\\\/diputados-aprobo-ley-que-reconoce-nivel-terciario-a-trabajadores-estatales\\\/#article\",\"isPartOf\":{\"@id\":\"https:\\\/\\\/diariotextual.com\\\/inicio\\\/index.php\\\/2022\\\/06\\\/09\\\/diputados-aprobo-ley-que-reconoce-nivel-terciario-a-trabajadores-estatales\\\/\"},\"author\":{\"name\":\"Diario1 Diario1\",\"@id\":\"https:\\\/\\\/diariotextual.com\\\/inicio\\\/#\\\/schema\\\/person\\\/418fc4093c33e86ed41562db3508f958\"},\"headline\":\"Diputados aprob\u00f3 ley que reconoce nivel terciario a trabajadores estatales\",\"datePublished\":\"2022-06-09T21:40:56+00:00\",\"dateModified\":\"2022-06-09T23:28:22+00:00\",\"mainEntityOfPage\":{\"@id\":\"https:\\\/\\\/diariotextual.com\\\/inicio\\\/index.php\\\/2022\\\/06\\\/09\\\/diputados-aprobo-ley-que-reconoce-nivel-terciario-a-trabajadores-estatales\\\/\"},\"wordCount\":1311,\"publisher\":{\"@id\":\"https:\\\/\\\/diariotextual.com\\\/inicio\\\/#organization\"},\"image\":{\"@id\":\"https:\\\/\\\/diariotextual.com\\\/inicio\\\/index.php\\\/2022\\\/06\\\/09\\\/diputados-aprobo-ley-que-reconoce-nivel-terciario-a-trabajadores-estatales\\\/#primaryimage\"},\"thumbnailUrl\":\"https:\\\/\\\/diariotextual.com\\\/inicio\\\/wp-content\\\/uploads\\\/2022\\\/06\\\/diputadoscamara2022-1000.jpg\",\"keywords\":[\"capacitaci\u00f3n\"],\"articleSection\":[\"A - DESTACADAS (mod 16)\",\"SOCIEDAD\"],\"inLanguage\":\"es\"},{\"@type\":\"WebPage\",\"@id\":\"https:\\\/\\\/diariotextual.com\\\/inicio\\\/index.php\\\/2022\\\/06\\\/09\\\/diputados-aprobo-ley-que-reconoce-nivel-terciario-a-trabajadores-estatales\\\/\",\"url\":\"https:\\\/\\\/diariotextual.com\\\/inicio\\\/index.php\\\/2022\\\/06\\\/09\\\/diputados-aprobo-ley-que-reconoce-nivel-terciario-a-trabajadores-estatales\\\/\",\"name\":\"Diputados aprob\u00f3 ley que reconoce nivel terciario a trabajadores estatales - Diario Textual\",\"isPartOf\":{\"@id\":\"https:\\\/\\\/diariotextual.com\\\/inicio\\\/#website\"},\"primaryImageOfPage\":{\"@id\":\"https:\\\/\\\/diariotextual.com\\\/inicio\\\/index.php\\\/2022\\\/06\\\/09\\\/diputados-aprobo-ley-que-reconoce-nivel-terciario-a-trabajadores-estatales\\\/#primaryimage\"},\"image\":{\"@id\":\"https:\\\/\\\/diariotextual.com\\\/inicio\\\/index.php\\\/2022\\\/06\\\/09\\\/diputados-aprobo-ley-que-reconoce-nivel-terciario-a-trabajadores-estatales\\\/#primaryimage\"},\"thumbnailUrl\":\"https:\\\/\\\/diariotextual.com\\\/inicio\\\/wp-content\\\/uploads\\\/2022\\\/06\\\/diputadoscamara2022-1000.jpg\",\"datePublished\":\"2022-06-09T21:40:56+00:00\",\"dateModified\":\"2022-06-09T23:28:22+00:00\",\"breadcrumb\":{\"@id\":\"https:\\\/\\\/diariotextual.com\\\/inicio\\\/index.php\\\/2022\\\/06\\\/09\\\/diputados-aprobo-ley-que-reconoce-nivel-terciario-a-trabajadores-estatales\\\/#breadcrumb\"},\"inLanguage\":\"es\",\"potentialAction\":[{\"@type\":\"ReadAction\",\"target\":[\"https:\\\/\\\/diariotextual.com\\\/inicio\\\/index.php\\\/2022\\\/06\\\/09\\\/diputados-aprobo-ley-que-reconoce-nivel-terciario-a-trabajadores-estatales\\\/\"]}]},{\"@type\":\"ImageObject\",\"inLanguage\":\"es\",\"@id\":\"https:\\\/\\\/diariotextual.com\\\/inicio\\\/index.php\\\/2022\\\/06\\\/09\\\/diputados-aprobo-ley-que-reconoce-nivel-terciario-a-trabajadores-estatales\\\/#primaryimage\",\"url\":\"https:\\\/\\\/diariotextual.com\\\/inicio\\\/wp-content\\\/uploads\\\/2022\\\/06\\\/diputadoscamara2022-1000.jpg\",\"contentUrl\":\"https:\\\/\\\/diariotextual.com\\\/inicio\\\/wp-content\\\/uploads\\\/2022\\\/06\\\/diputadoscamara2022-1000.jpg\",\"width\":1500,\"height\":1058},{\"@type\":\"BreadcrumbList\",\"@id\":\"https:\\\/\\\/diariotextual.com\\\/inicio\\\/index.php\\\/2022\\\/06\\\/09\\\/diputados-aprobo-ley-que-reconoce-nivel-terciario-a-trabajadores-estatales\\\/#breadcrumb\",\"itemListElement\":[{\"@type\":\"ListItem\",\"position\":1,\"name\":\"Portada\",\"item\":\"https:\\\/\\\/diariotextual.com\\\/inicio\\\/\"},{\"@type\":\"ListItem\",\"position\":2,\"name\":\"Diputados aprob\u00f3 ley que reconoce nivel terciario a trabajadores estatales\"}]},{\"@type\":\"WebSite\",\"@id\":\"https:\\\/\\\/diariotextual.com\\\/inicio\\\/#website\",\"url\":\"https:\\\/\\\/diariotextual.com\\\/inicio\\\/\",\"name\":\"Diario Textual\",\"description\":\"\",\"publisher\":{\"@id\":\"https:\\\/\\\/diariotextual.com\\\/inicio\\\/#organization\"},\"potentialAction\":[{\"@type\":\"SearchAction\",\"target\":{\"@type\":\"EntryPoint\",\"urlTemplate\":\"https:\\\/\\\/diariotextual.com\\\/inicio\\\/?s={search_term_string}\"},\"query-input\":{\"@type\":\"PropertyValueSpecification\",\"valueRequired\":true,\"valueName\":\"search_term_string\"}}],\"inLanguage\":\"es\"},{\"@type\":\"Organization\",\"@id\":\"https:\\\/\\\/diariotextual.com\\\/inicio\\\/#organization\",\"name\":\"Diario Textual\",\"url\":\"https:\\\/\\\/diariotextual.com\\\/inicio\\\/\",\"logo\":{\"@type\":\"ImageObject\",\"inLanguage\":\"es\",\"@id\":\"https:\\\/\\\/diariotextual.com\\\/inicio\\\/#\\\/schema\\\/logo\\\/image\\\/\",\"url\":\"https:\\\/\\\/diariotextual.com\\\/inicio\\\/wp-content\\\/uploads\\\/2023\\\/05\\\/logotextual1.jpg\",\"contentUrl\":\"https:\\\/\\\/diariotextual.com\\\/inicio\\\/wp-content\\\/uploads\\\/2023\\\/05\\\/logotextual1.jpg\",\"width\":516,\"height\":76,\"caption\":\"Diario Textual\"},\"image\":{\"@id\":\"https:\\\/\\\/diariotextual.com\\\/inicio\\\/#\\\/schema\\\/logo\\\/image\\\/\"},\"sameAs\":[\"https:\\\/\\\/www.facebook.com\\\/eltextual\",\"https:\\\/\\\/x.com\\\/eltextual\",\"http:\\\/\\\/www.instagram.com\\\/eltextual\"]},{\"@type\":\"Person\",\"@id\":\"https:\\\/\\\/diariotextual.com\\\/inicio\\\/#\\\/schema\\\/person\\\/418fc4093c33e86ed41562db3508f958\",\"name\":\"Diario1 Diario1\",\"image\":{\"@type\":\"ImageObject\",\"inLanguage\":\"es\",\"@id\":\"https:\\\/\\\/secure.gravatar.com\\\/avatar\\\/9167d280179c85bc18be67aa7eda765854300033af4896dd779b608640f2ef7a?s=96&d=mm&r=g\",\"url\":\"https:\\\/\\\/secure.gravatar.com\\\/avatar\\\/9167d280179c85bc18be67aa7eda765854300033af4896dd779b608640f2ef7a?s=96&d=mm&r=g\",\"contentUrl\":\"https:\\\/\\\/secure.gravatar.com\\\/avatar\\\/9167d280179c85bc18be67aa7eda765854300033af4896dd779b608640f2ef7a?s=96&d=mm&r=g\",\"caption\":\"Diario1 Diario1\"},\"url\":\"https:\\\/\\\/diariotextual.com\\\/inicio\\\/index.php\\\/author\\\/diario1\\\/\"}]}<\/script>\n<!-- \/ Yoast SEO plugin. -->","yoast_head_json":{"title":"Diputados aprob\u00f3 ley que reconoce nivel terciario a trabajadores estatales - Diario Textual","robots":{"index":"index","follow":"follow","max-snippet":"max-snippet:-1","max-image-preview":"max-image-preview:large","max-video-preview":"max-video-preview:-1"},"canonical":"https:\/\/diariotextual.com\/inicio\/index.php\/2022\/06\/09\/diputados-aprobo-ley-que-reconoce-nivel-terciario-a-trabajadores-estatales\/","og_locale":"es_ES","og_type":"article","og_title":"Diputados aprob\u00f3 ley que reconoce nivel terciario a trabajadores estatales - Diario Textual","og_description":"La C\u00e1mara de Diputados de La Pampa aprob\u00f3 este jueves por unanimidad el proyecto de ley por el que se modifica el art\u00edculo 10 de la Norma Jur\u00eddica de Facto&hellip;","og_url":"https:\/\/diariotextual.com\/inicio\/index.php\/2022\/06\/09\/diputados-aprobo-ley-que-reconoce-nivel-terciario-a-trabajadores-estatales\/","og_site_name":"Diario Textual","article_publisher":"https:\/\/www.facebook.com\/eltextual","article_published_time":"2022-06-09T21:40:56+00:00","article_modified_time":"2022-06-09T23:28:22+00:00","og_image":[{"width":1500,"height":1058,"url":"https:\/\/diariotextual.com\/inicio\/wp-content\/uploads\/2022\/06\/diputadoscamara2022-1000.jpg","type":"image\/jpeg"}],"author":"Diario1 Diario1","twitter_card":"summary_large_image","twitter_creator":"@eltextual","twitter_site":"@eltextual","twitter_misc":{"Escrito por":"Diario1 Diario1","Tiempo de lectura":"6 minutos"},"schema":{"@context":"https:\/\/schema.org","@graph":[{"@type":"Article","@id":"https:\/\/diariotextual.com\/inicio\/index.php\/2022\/06\/09\/diputados-aprobo-ley-que-reconoce-nivel-terciario-a-trabajadores-estatales\/#article","isPartOf":{"@id":"https:\/\/diariotextual.com\/inicio\/index.php\/2022\/06\/09\/diputados-aprobo-ley-que-reconoce-nivel-terciario-a-trabajadores-estatales\/"},"author":{"name":"Diario1 Diario1","@id":"https:\/\/diariotextual.com\/inicio\/#\/schema\/person\/418fc4093c33e86ed41562db3508f958"},"headline":"Diputados aprob\u00f3 ley que reconoce nivel terciario a trabajadores estatales","datePublished":"2022-06-09T21:40:56+00:00","dateModified":"2022-06-09T23:28:22+00:00","mainEntityOfPage":{"@id":"https:\/\/diariotextual.com\/inicio\/index.php\/2022\/06\/09\/diputados-aprobo-ley-que-reconoce-nivel-terciario-a-trabajadores-estatales\/"},"wordCount":1311,"publisher":{"@id":"https:\/\/diariotextual.com\/inicio\/#organization"},"image":{"@id":"https:\/\/diariotextual.com\/inicio\/index.php\/2022\/06\/09\/diputados-aprobo-ley-que-reconoce-nivel-terciario-a-trabajadores-estatales\/#primaryimage"},"thumbnailUrl":"https:\/\/diariotextual.com\/inicio\/wp-content\/uploads\/2022\/06\/diputadoscamara2022-1000.jpg","keywords":["capacitaci\u00f3n"],"articleSection":["A - DESTACADAS (mod 16)","SOCIEDAD"],"inLanguage":"es"},{"@type":"WebPage","@id":"https:\/\/diariotextual.com\/inicio\/index.php\/2022\/06\/09\/diputados-aprobo-ley-que-reconoce-nivel-terciario-a-trabajadores-estatales\/","url":"https:\/\/diariotextual.com\/inicio\/index.php\/2022\/06\/09\/diputados-aprobo-ley-que-reconoce-nivel-terciario-a-trabajadores-estatales\/","name":"Diputados aprob\u00f3 ley que reconoce nivel terciario a trabajadores estatales - Diario Textual","isPartOf":{"@id":"https:\/\/diariotextual.com\/inicio\/#website"},"primaryImageOfPage":{"@id":"https:\/\/diariotextual.com\/inicio\/index.php\/2022\/06\/09\/diputados-aprobo-ley-que-reconoce-nivel-terciario-a-trabajadores-estatales\/#primaryimage"},"image":{"@id":"https:\/\/diariotextual.com\/inicio\/index.php\/2022\/06\/09\/diputados-aprobo-ley-que-reconoce-nivel-terciario-a-trabajadores-estatales\/#primaryimage"},"thumbnailUrl":"https:\/\/diariotextual.com\/inicio\/wp-content\/uploads\/2022\/06\/diputadoscamara2022-1000.jpg","datePublished":"2022-06-09T21:40:56+00:00","dateModified":"2022-06-09T23:28:22+00:00","breadcrumb":{"@id":"https:\/\/diariotextual.com\/inicio\/index.php\/2022\/06\/09\/diputados-aprobo-ley-que-reconoce-nivel-terciario-a-trabajadores-estatales\/#breadcrumb"},"inLanguage":"es","potentialAction":[{"@type":"ReadAction","target":["https:\/\/diariotextual.com\/inicio\/index.php\/2022\/06\/09\/diputados-aprobo-ley-que-reconoce-nivel-terciario-a-trabajadores-estatales\/"]}]},{"@type":"ImageObject","inLanguage":"es","@id":"https:\/\/diariotextual.com\/inicio\/index.php\/2022\/06\/09\/diputados-aprobo-ley-que-reconoce-nivel-terciario-a-trabajadores-estatales\/#primaryimage","url":"https:\/\/diariotextual.com\/inicio\/wp-content\/uploads\/2022\/06\/diputadoscamara2022-1000.jpg","contentUrl":"https:\/\/diariotextual.com\/inicio\/wp-content\/uploads\/2022\/06\/diputadoscamara2022-1000.jpg","width":1500,"height":1058},{"@type":"BreadcrumbList","@id":"https:\/\/diariotextual.com\/inicio\/index.php\/2022\/06\/09\/diputados-aprobo-ley-que-reconoce-nivel-terciario-a-trabajadores-estatales\/#breadcrumb","itemListElement":[{"@type":"ListItem","position":1,"name":"Portada","item":"https:\/\/diariotextual.com\/inicio\/"},{"@type":"ListItem","position":2,"name":"Diputados aprob\u00f3 ley que reconoce nivel terciario a trabajadores estatales"}]},{"@type":"WebSite","@id":"https:\/\/diariotextual.com\/inicio\/#website","url":"https:\/\/diariotextual.com\/inicio\/","name":"Diario Textual","description":"","publisher":{"@id":"https:\/\/diariotextual.com\/inicio\/#organization"},"potentialAction":[{"@type":"SearchAction","target":{"@type":"EntryPoint","urlTemplate":"https:\/\/diariotextual.com\/inicio\/?s={search_term_string}"},"query-input":{"@type":"PropertyValueSpecification","valueRequired":true,"valueName":"search_term_string"}}],"inLanguage":"es"},{"@type":"Organization","@id":"https:\/\/diariotextual.com\/inicio\/#organization","name":"Diario Textual","url":"https:\/\/diariotextual.com\/inicio\/","logo":{"@type":"ImageObject","inLanguage":"es","@id":"https:\/\/diariotextual.com\/inicio\/#\/schema\/logo\/image\/","url":"https:\/\/diariotextual.com\/inicio\/wp-content\/uploads\/2023\/05\/logotextual1.jpg","contentUrl":"https:\/\/diariotextual.com\/inicio\/wp-content\/uploads\/2023\/05\/logotextual1.jpg","width":516,"height":76,"caption":"Diario Textual"},"image":{"@id":"https:\/\/diariotextual.com\/inicio\/#\/schema\/logo\/image\/"},"sameAs":["https:\/\/www.facebook.com\/eltextual","https:\/\/x.com\/eltextual","http:\/\/www.instagram.com\/eltextual"]},{"@type":"Person","@id":"https:\/\/diariotextual.com\/inicio\/#\/schema\/person\/418fc4093c33e86ed41562db3508f958","name":"Diario1 Diario1","image":{"@type":"ImageObject","inLanguage":"es","@id":"https:\/\/secure.gravatar.com\/avatar\/9167d280179c85bc18be67aa7eda765854300033af4896dd779b608640f2ef7a?s=96&d=mm&r=g","url":"https:\/\/secure.gravatar.com\/avatar\/9167d280179c85bc18be67aa7eda765854300033af4896dd779b608640f2ef7a?s=96&d=mm&r=g","contentUrl":"https:\/\/secure.gravatar.com\/avatar\/9167d280179c85bc18be67aa7eda765854300033af4896dd779b608640f2ef7a?s=96&d=mm&r=g","caption":"Diario1 Diario1"},"url":"https:\/\/diariotextual.com\/inicio\/index.php\/author\/diario1\/"}]}},"_links":{"self":[{"href":"https:\/\/diariotextual.com\/inicio\/index.php\/wp-json\/wp\/v2\/posts\/191076","targetHints":{"allow":["GET"]}}],"collection":[{"href":"https:\/\/diariotextual.com\/inicio\/index.php\/wp-json\/wp\/v2\/posts"}],"about":[{"href":"https:\/\/diariotextual.com\/inicio\/index.php\/wp-json\/wp\/v2\/types\/post"}],"author":[{"embeddable":true,"href":"https:\/\/diariotextual.com\/inicio\/index.php\/wp-json\/wp\/v2\/users\/3"}],"replies":[{"embeddable":true,"href":"https:\/\/diariotextual.com\/inicio\/index.php\/wp-json\/wp\/v2\/comments?post=191076"}],"version-history":[{"count":4,"href":"https:\/\/diariotextual.com\/inicio\/index.php\/wp-json\/wp\/v2\/posts\/191076\/revisions"}],"predecessor-version":[{"id":191082,"href":"https:\/\/diariotextual.com\/inicio\/index.php\/wp-json\/wp\/v2\/posts\/191076\/revisions\/191082"}],"wp:featuredmedia":[{"embeddable":true,"href":"https:\/\/diariotextual.com\/inicio\/index.php\/wp-json\/wp\/v2\/media\/191079"}],"wp:attachment":[{"href":"https:\/\/diariotextual.com\/inicio\/index.php\/wp-json\/wp\/v2\/media?parent=191076"}],"wp:term":[{"taxonomy":"category","embeddable":true,"href":"https:\/\/diariotextual.com\/inicio\/index.php\/wp-json\/wp\/v2\/categories?post=191076"},{"taxonomy":"post_tag","embeddable":true,"href":"https:\/\/diariotextual.com\/inicio\/index.php\/wp-json\/wp\/v2\/tags?post=191076"}],"curies":[{"name":"wp","href":"https:\/\/api.w.org\/{rel}","templated":true}]}}