{"id":191103,"date":"2022-06-09T20:26:17","date_gmt":"2022-06-09T23:26:17","guid":{"rendered":"https:\/\/diariotextual.com\/inicio\/?p=191103"},"modified":"2022-06-09T20:26:19","modified_gmt":"2022-06-09T23:26:19","slug":"fernandez-hubiesemos-querido-otra-cumbre-de-las-americas","status":"publish","type":"post","link":"https:\/\/diariotextual.com\/inicio\/index.php\/2022\/06\/09\/fernandez-hubiesemos-querido-otra-cumbre-de-las-americas\/","title":{"rendered":"Fern\u00e1ndez: \u201cHubi\u00e9semos querido otra Cumbre de las Am\u00e9ricas\u201d"},"content":{"rendered":"\n<p>El presidente Alberto Fern\u00e1ndez lament\u00f3 hoy que<strong> en la Cumbre de las Am\u00e9ricas \u00abno hayamos podido estar presentes todos los que deb\u00edamos estar\u00bb<\/strong>, a la vez que <strong>alert\u00f3 a su colega de Estados Unidos, Joe Biden, que \u00abes momento de abrirse de modo fraterno\u00bb para \u00abfavorecer intereses comunes\u00bb<\/strong> porque la administraci\u00f3n que lo precedi\u00f3 despleg\u00f3 \u00abuna pol\u00edtica inmensamente da\u00f1ina para nuestra regi\u00f3n\u00bb.<\/p>\n\n\n\n<p>\u00ab<strong>El silencio de los ausentes nos interpela<\/strong>\u00ab, dijo el jefe del Estado en un discurso pronunciado en su car\u00e1cter de presidente pro t\u00e9mpore de la Comunidad de Estados Latinoamericanos y Caribe\u00f1os (Celac), donde afirm\u00f3: \u00abSer pa\u00eds anfitri\u00f3n no otorga la capacidad de imponer un derecho de admisi\u00f3n\u00bb.<\/p>\n\n\n\n<p>Con esas frases, Fern\u00e1ndez aludi\u00f3 en la Cumbre de Los \u00c1ngeles a la <strong>decisi\u00f3n de Estados Unidos de no invitar a la reuni\u00f3n a las delegaciones de Cuba, Nicaragua y Venezuela.<\/strong><\/p>\n\n\n\n<p>\u00abLamento que no hayamos podido estar presentes todos los que deb\u00edamos estar en este \u00e1mbito tan propicio para el debate\u00bb, manifest\u00f3 y agreg\u00f3: \u201c<strong>Hubi\u00e9semos querido otra Cumbre de las Am\u00e9ricas<\/strong>\u201d.<\/p>\n\n\n\n<p>En esa l\u00ednea, se dirigi\u00f3 al jefe de Estado norteamericano y dijo: \u00abPresidente Biden. Estoy seguro de que es momento de abrirse de modo fraterno en pos de favorecer intereses comunes\u00bb.<\/p>\n\n\n\n<p>\u00abLos <strong>a\u00f1os previos a su llegada al Gobierno de los Estados Unidos de Am\u00e9rica, estuvieron signados por una pol\u00edtica inmensamente da\u00f1ina para nuestra regi\u00f3n<\/strong> desplegada por la administraci\u00f3n que lo precedi\u00f3\u00bb, advirti\u00f3 Fern\u00e1ndez y asegur\u00f3: \u201cEs hora de que esas pol\u00edticas cambien y los da\u00f1os se reparen\u00bb.<\/p>\n\n\n\n<p>En ese contexto, destac\u00f3 que la intervenci\u00f3n del <strong>gobierno de Donald Trump ante el Fondo Monetario Internacional (FMI) \u00abfue decisiva para facilitar un endeudamiento insostenible en favor de un gobierno argentino en decadencia<\/strong>\u00ab, en alusi\u00f3n a la gesti\u00f3n del expresidente Mauricio Macri.<\/p>\n\n\n\n<p>\u00abLo hizo con el solo prop\u00f3sito de impedir lo que acab\u00f3 siendo el triunfo electoral de nuestra fuerza pol\u00edtica\u00bb, destac\u00f3 el Presidente y afirm\u00f3: \u00ab<strong>Por tama\u00f1a indecencia sufre hoy todo el pueblo argentino<\/strong>\u00ab.<\/p>\n\n\n\n<p>Adem\u00e1s, <strong>Fern\u00e1ndez pidi\u00f3 \u00abreestructurar\u00bb la Organizaci\u00f3n de Estados Americanos (OEA) \u00abremoviendo de inmediato a quienes la conducen\u00bb, en referencia al secretario general de ese organismo, Luis Almagro<\/strong>, si es que ese cuerpo, dijo: \u00abQuiere ser respetado y volver a ser la plataforma pol\u00edtica regional para la cual fue creada\u00bb.<\/p>\n\n\n\n<p>\u00abEs hora de que esas pol\u00edticas cambien y los da\u00f1os se reparen\u00bb, dijo y consider\u00f3: <strong>\u00abSe ha utilizado a la OEA como un gendarme que facilit\u00f3 un golpe de Estado en Bolivia\u00bb en 2019 <\/strong>contra el entonces presidente Evo Morales.<\/p>\n\n\n\n<p>Fern\u00e1ndez tambi\u00e9n postul\u00f3 que<strong> la Banca de Desarrollo Regional \u00absin m\u00e1s demoras tiene que volver en su gobernanza a Am\u00e9rica Latina y el Caribe<\/strong>\u00bb y plante\u00f3 que \u00abse han apropiado de la conducci\u00f3n del Banco Interamericano de Desarrollo que hist\u00f3ricamente estuvo en manos latinoamericanas\u00bb, en referencia a la presidencia de ese organismo a cargo del estadounidense Mauricio Claver-Carone.<\/p>\n\n\n\n<p>\u00abNo he venido a Los \u00c1ngeles a discutir cu\u00e1ndo hacerlo. <strong>El momento es hoy. El hambre ataca. Solo debemos debatir c\u00f3mo hacerlo\u00bb<\/strong>, afirm\u00f3 el jefe de Estado y manifest\u00f3: \u00abAnte tanta desigualdad, debemos plantear la necesidad de pol\u00edticas impositivas progresivas\u00bb y dijo que \u00abla renta inesperada que la guerra entreg\u00f3 como un regalo a grandes corporaciones alimenticias, petroleras y armament\u00edsticas debe ser gravada para mejorar la distribuci\u00f3n del ingreso\u00bb.<\/p>\n\n\n\n<p>En el marco de su segundo d\u00eda de actividades oficiales en Estados Unidos, Fern\u00e1ndez mantuvo un encuentro con el CEO de Google, Sundar Pichai. Asimismo, tiene previsto en las pr\u00f3ximas horas una reuni\u00f3n bilateral con el primer ministro de Canad\u00e1, Justin Trudeau, y otra con el secretario general de las Naciones Unidas (ONU), Ant\u00f3nio Guterres.<\/p>\n","protected":false},"excerpt":{"rendered":"<p>El presidente Alberto Fern\u00e1ndez lament\u00f3 hoy que en la Cumbre de las Am\u00e9ricas \u00abno hayamos podido estar presentes todos los que deb\u00edamos estar\u00bb, a la vez que alert\u00f3 a su&hellip;<\/p>\n","protected":false},"author":5,"featured_media":191107,"comment_status":"closed","ping_status":"open","sticky":false,"template":"","format":"standard","meta":{"_acf_changed":false,"footnotes":""},"categories":[4,8],"tags":[4948,7021,7023],"class_list":["post-191103","post","type-post","status-publish","format-standard","has-post-thumbnail","hentry","category-destacadas","category-politica","tag-alberto-fernandez-2","tag-cumbre-de-las-americas","tag-joe-biden"],"acf":[],"yoast_head":"<!-- This site is optimized with the Yoast SEO plugin v27.5 - https:\/\/yoast.com\/product\/yoast-seo-wordpress\/ -->\n<title>Fern\u00e1ndez: \u201cHubi\u00e9semos querido otra Cumbre de las Am\u00e9ricas\u201d - Diario Textual<\/title>\n<meta name=\"robots\" content=\"index, follow, max-snippet:-1, max-image-preview:large, max-video-preview:-1\" \/>\n<link rel=\"canonical\" href=\"https:\/\/diariotextual.com\/inicio\/index.php\/2022\/06\/09\/fernandez-hubiesemos-querido-otra-cumbre-de-las-americas\/\" \/>\n<meta property=\"og:locale\" content=\"es_ES\" \/>\n<meta property=\"og:type\" content=\"article\" \/>\n<meta property=\"og:title\" content=\"Fern\u00e1ndez: \u201cHubi\u00e9semos querido otra Cumbre de las Am\u00e9ricas\u201d - Diario Textual\" \/>\n<meta property=\"og:description\" content=\"El presidente Alberto Fern\u00e1ndez lament\u00f3 hoy que en la Cumbre de las Am\u00e9ricas \u00abno hayamos podido estar presentes todos los que deb\u00edamos estar\u00bb, a la vez que alert\u00f3 a su&hellip;\" \/>\n<meta property=\"og:url\" content=\"https:\/\/diariotextual.com\/inicio\/index.php\/2022\/06\/09\/fernandez-hubiesemos-querido-otra-cumbre-de-las-americas\/\" \/>\n<meta property=\"og:site_name\" content=\"Diario Textual\" \/>\n<meta property=\"article:publisher\" content=\"https:\/\/www.facebook.com\/eltextual\" \/>\n<meta property=\"article:published_time\" content=\"2022-06-09T23:26:17+00:00\" \/>\n<meta property=\"article:modified_time\" content=\"2022-06-09T23:26:19+00:00\" \/>\n<meta property=\"og:image\" content=\"https:\/\/diariotextual.com\/inicio\/wp-content\/uploads\/2022\/06\/fernandezalbertoCumbre.jpg\" \/>\n\t<meta property=\"og:image:width\" content=\"700\" \/>\n\t<meta property=\"og:image:height\" content=\"444\" \/>\n\t<meta property=\"og:image:type\" content=\"image\/jpeg\" \/>\n<meta name=\"author\" content=\"diario3\" \/>\n<meta name=\"twitter:card\" content=\"summary_large_image\" \/>\n<meta name=\"twitter:creator\" content=\"@eltextual\" \/>\n<meta name=\"twitter:site\" content=\"@eltextual\" \/>\n<meta name=\"twitter:label1\" content=\"Escrito por\" \/>\n\t<meta name=\"twitter:data1\" content=\"diario3\" \/>\n\t<meta name=\"twitter:label2\" content=\"Tiempo de lectura\" \/>\n\t<meta name=\"twitter:data2\" content=\"3 minutos\" \/>\n<script type=\"application\/ld+json\" class=\"yoast-schema-graph\">{\"@context\":\"https:\\\/\\\/schema.org\",\"@graph\":[{\"@type\":\"Article\",\"@id\":\"https:\\\/\\\/diariotextual.com\\\/inicio\\\/index.php\\\/2022\\\/06\\\/09\\\/fernandez-hubiesemos-querido-otra-cumbre-de-las-americas\\\/#article\",\"isPartOf\":{\"@id\":\"https:\\\/\\\/diariotextual.com\\\/inicio\\\/index.php\\\/2022\\\/06\\\/09\\\/fernandez-hubiesemos-querido-otra-cumbre-de-las-americas\\\/\"},\"author\":{\"name\":\"diario3\",\"@id\":\"https:\\\/\\\/diariotextual.com\\\/inicio\\\/#\\\/schema\\\/person\\\/a1b6f563e0ee944c60f98119389a4d9f\"},\"headline\":\"Fern\u00e1ndez: \u201cHubi\u00e9semos querido otra Cumbre de las Am\u00e9ricas\u201d\",\"datePublished\":\"2022-06-09T23:26:17+00:00\",\"dateModified\":\"2022-06-09T23:26:19+00:00\",\"mainEntityOfPage\":{\"@id\":\"https:\\\/\\\/diariotextual.com\\\/inicio\\\/index.php\\\/2022\\\/06\\\/09\\\/fernandez-hubiesemos-querido-otra-cumbre-de-las-americas\\\/\"},\"wordCount\":661,\"publisher\":{\"@id\":\"https:\\\/\\\/diariotextual.com\\\/inicio\\\/#organization\"},\"image\":{\"@id\":\"https:\\\/\\\/diariotextual.com\\\/inicio\\\/index.php\\\/2022\\\/06\\\/09\\\/fernandez-hubiesemos-querido-otra-cumbre-de-las-americas\\\/#primaryimage\"},\"thumbnailUrl\":\"https:\\\/\\\/diariotextual.com\\\/inicio\\\/wp-content\\\/uploads\\\/2022\\\/06\\\/fernandezalbertoCumbre.jpg\",\"keywords\":[\"alberto fern\u00e1ndez\",\"cumbre de las am\u00e9ricas\",\"joe biden\"],\"articleSection\":[\"A - DESTACADAS (mod 16)\",\"POLITICA\"],\"inLanguage\":\"es\"},{\"@type\":\"WebPage\",\"@id\":\"https:\\\/\\\/diariotextual.com\\\/inicio\\\/index.php\\\/2022\\\/06\\\/09\\\/fernandez-hubiesemos-querido-otra-cumbre-de-las-americas\\\/\",\"url\":\"https:\\\/\\\/diariotextual.com\\\/inicio\\\/index.php\\\/2022\\\/06\\\/09\\\/fernandez-hubiesemos-querido-otra-cumbre-de-las-americas\\\/\",\"name\":\"Fern\u00e1ndez: \u201cHubi\u00e9semos querido otra Cumbre de las Am\u00e9ricas\u201d - Diario Textual\",\"isPartOf\":{\"@id\":\"https:\\\/\\\/diariotextual.com\\\/inicio\\\/#website\"},\"primaryImageOfPage\":{\"@id\":\"https:\\\/\\\/diariotextual.com\\\/inicio\\\/index.php\\\/2022\\\/06\\\/09\\\/fernandez-hubiesemos-querido-otra-cumbre-de-las-americas\\\/#primaryimage\"},\"image\":{\"@id\":\"https:\\\/\\\/diariotextual.com\\\/inicio\\\/index.php\\\/2022\\\/06\\\/09\\\/fernandez-hubiesemos-querido-otra-cumbre-de-las-americas\\\/#primaryimage\"},\"thumbnailUrl\":\"https:\\\/\\\/diariotextual.com\\\/inicio\\\/wp-content\\\/uploads\\\/2022\\\/06\\\/fernandezalbertoCumbre.jpg\",\"datePublished\":\"2022-06-09T23:26:17+00:00\",\"dateModified\":\"2022-06-09T23:26:19+00:00\",\"breadcrumb\":{\"@id\":\"https:\\\/\\\/diariotextual.com\\\/inicio\\\/index.php\\\/2022\\\/06\\\/09\\\/fernandez-hubiesemos-querido-otra-cumbre-de-las-americas\\\/#breadcrumb\"},\"inLanguage\":\"es\",\"potentialAction\":[{\"@type\":\"ReadAction\",\"target\":[\"https:\\\/\\\/diariotextual.com\\\/inicio\\\/index.php\\\/2022\\\/06\\\/09\\\/fernandez-hubiesemos-querido-otra-cumbre-de-las-americas\\\/\"]}]},{\"@type\":\"ImageObject\",\"inLanguage\":\"es\",\"@id\":\"https:\\\/\\\/diariotextual.com\\\/inicio\\\/index.php\\\/2022\\\/06\\\/09\\\/fernandez-hubiesemos-querido-otra-cumbre-de-las-americas\\\/#primaryimage\",\"url\":\"https:\\\/\\\/diariotextual.com\\\/inicio\\\/wp-content\\\/uploads\\\/2022\\\/06\\\/fernandezalbertoCumbre.jpg\",\"contentUrl\":\"https:\\\/\\\/diariotextual.com\\\/inicio\\\/wp-content\\\/uploads\\\/2022\\\/06\\\/fernandezalbertoCumbre.jpg\",\"width\":700,\"height\":444,\"caption\":\"President of Argentina Alberto Fernandez speaks during a plenary session of the 9th Summit of the Americas in Los Angeles, California, June 9, 2022. (Photo by Patrick T. FALLON \\\/ AFP)\"},{\"@type\":\"BreadcrumbList\",\"@id\":\"https:\\\/\\\/diariotextual.com\\\/inicio\\\/index.php\\\/2022\\\/06\\\/09\\\/fernandez-hubiesemos-querido-otra-cumbre-de-las-americas\\\/#breadcrumb\",\"itemListElement\":[{\"@type\":\"ListItem\",\"position\":1,\"name\":\"Portada\",\"item\":\"https:\\\/\\\/diariotextual.com\\\/inicio\\\/\"},{\"@type\":\"ListItem\",\"position\":2,\"name\":\"Fern\u00e1ndez: \u201cHubi\u00e9semos querido otra Cumbre de las Am\u00e9ricas\u201d\"}]},{\"@type\":\"WebSite\",\"@id\":\"https:\\\/\\\/diariotextual.com\\\/inicio\\\/#website\",\"url\":\"https:\\\/\\\/diariotextual.com\\\/inicio\\\/\",\"name\":\"Diario Textual\",\"description\":\"\",\"publisher\":{\"@id\":\"https:\\\/\\\/diariotextual.com\\\/inicio\\\/#organization\"},\"potentialAction\":[{\"@type\":\"SearchAction\",\"target\":{\"@type\":\"EntryPoint\",\"urlTemplate\":\"https:\\\/\\\/diariotextual.com\\\/inicio\\\/?s={search_term_string}\"},\"query-input\":{\"@type\":\"PropertyValueSpecification\",\"valueRequired\":true,\"valueName\":\"search_term_string\"}}],\"inLanguage\":\"es\"},{\"@type\":\"Organization\",\"@id\":\"https:\\\/\\\/diariotextual.com\\\/inicio\\\/#organization\",\"name\":\"Diario Textual\",\"url\":\"https:\\\/\\\/diariotextual.com\\\/inicio\\\/\",\"logo\":{\"@type\":\"ImageObject\",\"inLanguage\":\"es\",\"@id\":\"https:\\\/\\\/diariotextual.com\\\/inicio\\\/#\\\/schema\\\/logo\\\/image\\\/\",\"url\":\"https:\\\/\\\/diariotextual.com\\\/inicio\\\/wp-content\\\/uploads\\\/2023\\\/05\\\/logotextual1.jpg\",\"contentUrl\":\"https:\\\/\\\/diariotextual.com\\\/inicio\\\/wp-content\\\/uploads\\\/2023\\\/05\\\/logotextual1.jpg\",\"width\":516,\"height\":76,\"caption\":\"Diario Textual\"},\"image\":{\"@id\":\"https:\\\/\\\/diariotextual.com\\\/inicio\\\/#\\\/schema\\\/logo\\\/image\\\/\"},\"sameAs\":[\"https:\\\/\\\/www.facebook.com\\\/eltextual\",\"https:\\\/\\\/x.com\\\/eltextual\",\"http:\\\/\\\/www.instagram.com\\\/eltextual\"]},{\"@type\":\"Person\",\"@id\":\"https:\\\/\\\/diariotextual.com\\\/inicio\\\/#\\\/schema\\\/person\\\/a1b6f563e0ee944c60f98119389a4d9f\",\"name\":\"diario3\",\"image\":{\"@type\":\"ImageObject\",\"inLanguage\":\"es\",\"@id\":\"https:\\\/\\\/secure.gravatar.com\\\/avatar\\\/5e7ee62c82fc04d9dd79d746a390d93c69c43223e5faeeb3ea9461ef752bfc5d?s=96&d=mm&r=g\",\"url\":\"https:\\\/\\\/secure.gravatar.com\\\/avatar\\\/5e7ee62c82fc04d9dd79d746a390d93c69c43223e5faeeb3ea9461ef752bfc5d?s=96&d=mm&r=g\",\"contentUrl\":\"https:\\\/\\\/secure.gravatar.com\\\/avatar\\\/5e7ee62c82fc04d9dd79d746a390d93c69c43223e5faeeb3ea9461ef752bfc5d?s=96&d=mm&r=g\",\"caption\":\"diario3\"},\"url\":\"https:\\\/\\\/diariotextual.com\\\/inicio\\\/index.php\\\/author\\\/diario3\\\/\"}]}<\/script>\n<!-- \/ Yoast SEO plugin. -->","yoast_head_json":{"title":"Fern\u00e1ndez: \u201cHubi\u00e9semos querido otra Cumbre de las Am\u00e9ricas\u201d - Diario Textual","robots":{"index":"index","follow":"follow","max-snippet":"max-snippet:-1","max-image-preview":"max-image-preview:large","max-video-preview":"max-video-preview:-1"},"canonical":"https:\/\/diariotextual.com\/inicio\/index.php\/2022\/06\/09\/fernandez-hubiesemos-querido-otra-cumbre-de-las-americas\/","og_locale":"es_ES","og_type":"article","og_title":"Fern\u00e1ndez: \u201cHubi\u00e9semos querido otra Cumbre de las Am\u00e9ricas\u201d - Diario Textual","og_description":"El presidente Alberto Fern\u00e1ndez lament\u00f3 hoy que en la Cumbre de las Am\u00e9ricas \u00abno hayamos podido estar presentes todos los que deb\u00edamos estar\u00bb, a la vez que alert\u00f3 a su&hellip;","og_url":"https:\/\/diariotextual.com\/inicio\/index.php\/2022\/06\/09\/fernandez-hubiesemos-querido-otra-cumbre-de-las-americas\/","og_site_name":"Diario Textual","article_publisher":"https:\/\/www.facebook.com\/eltextual","article_published_time":"2022-06-09T23:26:17+00:00","article_modified_time":"2022-06-09T23:26:19+00:00","og_image":[{"width":700,"height":444,"url":"https:\/\/diariotextual.com\/inicio\/wp-content\/uploads\/2022\/06\/fernandezalbertoCumbre.jpg","type":"image\/jpeg"}],"author":"diario3","twitter_card":"summary_large_image","twitter_creator":"@eltextual","twitter_site":"@eltextual","twitter_misc":{"Escrito por":"diario3","Tiempo de lectura":"3 minutos"},"schema":{"@context":"https:\/\/schema.org","@graph":[{"@type":"Article","@id":"https:\/\/diariotextual.com\/inicio\/index.php\/2022\/06\/09\/fernandez-hubiesemos-querido-otra-cumbre-de-las-americas\/#article","isPartOf":{"@id":"https:\/\/diariotextual.com\/inicio\/index.php\/2022\/06\/09\/fernandez-hubiesemos-querido-otra-cumbre-de-las-americas\/"},"author":{"name":"diario3","@id":"https:\/\/diariotextual.com\/inicio\/#\/schema\/person\/a1b6f563e0ee944c60f98119389a4d9f"},"headline":"Fern\u00e1ndez: \u201cHubi\u00e9semos querido otra Cumbre de las Am\u00e9ricas\u201d","datePublished":"2022-06-09T23:26:17+00:00","dateModified":"2022-06-09T23:26:19+00:00","mainEntityOfPage":{"@id":"https:\/\/diariotextual.com\/inicio\/index.php\/2022\/06\/09\/fernandez-hubiesemos-querido-otra-cumbre-de-las-americas\/"},"wordCount":661,"publisher":{"@id":"https:\/\/diariotextual.com\/inicio\/#organization"},"image":{"@id":"https:\/\/diariotextual.com\/inicio\/index.php\/2022\/06\/09\/fernandez-hubiesemos-querido-otra-cumbre-de-las-americas\/#primaryimage"},"thumbnailUrl":"https:\/\/diariotextual.com\/inicio\/wp-content\/uploads\/2022\/06\/fernandezalbertoCumbre.jpg","keywords":["alberto fern\u00e1ndez","cumbre de las am\u00e9ricas","joe biden"],"articleSection":["A - DESTACADAS (mod 16)","POLITICA"],"inLanguage":"es"},{"@type":"WebPage","@id":"https:\/\/diariotextual.com\/inicio\/index.php\/2022\/06\/09\/fernandez-hubiesemos-querido-otra-cumbre-de-las-americas\/","url":"https:\/\/diariotextual.com\/inicio\/index.php\/2022\/06\/09\/fernandez-hubiesemos-querido-otra-cumbre-de-las-americas\/","name":"Fern\u00e1ndez: \u201cHubi\u00e9semos querido otra Cumbre de las Am\u00e9ricas\u201d - Diario Textual","isPartOf":{"@id":"https:\/\/diariotextual.com\/inicio\/#website"},"primaryImageOfPage":{"@id":"https:\/\/diariotextual.com\/inicio\/index.php\/2022\/06\/09\/fernandez-hubiesemos-querido-otra-cumbre-de-las-americas\/#primaryimage"},"image":{"@id":"https:\/\/diariotextual.com\/inicio\/index.php\/2022\/06\/09\/fernandez-hubiesemos-querido-otra-cumbre-de-las-americas\/#primaryimage"},"thumbnailUrl":"https:\/\/diariotextual.com\/inicio\/wp-content\/uploads\/2022\/06\/fernandezalbertoCumbre.jpg","datePublished":"2022-06-09T23:26:17+00:00","dateModified":"2022-06-09T23:26:19+00:00","breadcrumb":{"@id":"https:\/\/diariotextual.com\/inicio\/index.php\/2022\/06\/09\/fernandez-hubiesemos-querido-otra-cumbre-de-las-americas\/#breadcrumb"},"inLanguage":"es","potentialAction":[{"@type":"ReadAction","target":["https:\/\/diariotextual.com\/inicio\/index.php\/2022\/06\/09\/fernandez-hubiesemos-querido-otra-cumbre-de-las-americas\/"]}]},{"@type":"ImageObject","inLanguage":"es","@id":"https:\/\/diariotextual.com\/inicio\/index.php\/2022\/06\/09\/fernandez-hubiesemos-querido-otra-cumbre-de-las-americas\/#primaryimage","url":"https:\/\/diariotextual.com\/inicio\/wp-content\/uploads\/2022\/06\/fernandezalbertoCumbre.jpg","contentUrl":"https:\/\/diariotextual.com\/inicio\/wp-content\/uploads\/2022\/06\/fernandezalbertoCumbre.jpg","width":700,"height":444,"caption":"President of Argentina Alberto Fernandez speaks during a plenary session of the 9th Summit of the Americas in Los Angeles, California, June 9, 2022. (Photo by Patrick T. FALLON \/ AFP)"},{"@type":"BreadcrumbList","@id":"https:\/\/diariotextual.com\/inicio\/index.php\/2022\/06\/09\/fernandez-hubiesemos-querido-otra-cumbre-de-las-americas\/#breadcrumb","itemListElement":[{"@type":"ListItem","position":1,"name":"Portada","item":"https:\/\/diariotextual.com\/inicio\/"},{"@type":"ListItem","position":2,"name":"Fern\u00e1ndez: \u201cHubi\u00e9semos querido otra Cumbre de las Am\u00e9ricas\u201d"}]},{"@type":"WebSite","@id":"https:\/\/diariotextual.com\/inicio\/#website","url":"https:\/\/diariotextual.com\/inicio\/","name":"Diario Textual","description":"","publisher":{"@id":"https:\/\/diariotextual.com\/inicio\/#organization"},"potentialAction":[{"@type":"SearchAction","target":{"@type":"EntryPoint","urlTemplate":"https:\/\/diariotextual.com\/inicio\/?s={search_term_string}"},"query-input":{"@type":"PropertyValueSpecification","valueRequired":true,"valueName":"search_term_string"}}],"inLanguage":"es"},{"@type":"Organization","@id":"https:\/\/diariotextual.com\/inicio\/#organization","name":"Diario Textual","url":"https:\/\/diariotextual.com\/inicio\/","logo":{"@type":"ImageObject","inLanguage":"es","@id":"https:\/\/diariotextual.com\/inicio\/#\/schema\/logo\/image\/","url":"https:\/\/diariotextual.com\/inicio\/wp-content\/uploads\/2023\/05\/logotextual1.jpg","contentUrl":"https:\/\/diariotextual.com\/inicio\/wp-content\/uploads\/2023\/05\/logotextual1.jpg","width":516,"height":76,"caption":"Diario Textual"},"image":{"@id":"https:\/\/diariotextual.com\/inicio\/#\/schema\/logo\/image\/"},"sameAs":["https:\/\/www.facebook.com\/eltextual","https:\/\/x.com\/eltextual","http:\/\/www.instagram.com\/eltextual"]},{"@type":"Person","@id":"https:\/\/diariotextual.com\/inicio\/#\/schema\/person\/a1b6f563e0ee944c60f98119389a4d9f","name":"diario3","image":{"@type":"ImageObject","inLanguage":"es","@id":"https:\/\/secure.gravatar.com\/avatar\/5e7ee62c82fc04d9dd79d746a390d93c69c43223e5faeeb3ea9461ef752bfc5d?s=96&d=mm&r=g","url":"https:\/\/secure.gravatar.com\/avatar\/5e7ee62c82fc04d9dd79d746a390d93c69c43223e5faeeb3ea9461ef752bfc5d?s=96&d=mm&r=g","contentUrl":"https:\/\/secure.gravatar.com\/avatar\/5e7ee62c82fc04d9dd79d746a390d93c69c43223e5faeeb3ea9461ef752bfc5d?s=96&d=mm&r=g","caption":"diario3"},"url":"https:\/\/diariotextual.com\/inicio\/index.php\/author\/diario3\/"}]}},"_links":{"self":[{"href":"https:\/\/diariotextual.com\/inicio\/index.php\/wp-json\/wp\/v2\/posts\/191103","targetHints":{"allow":["GET"]}}],"collection":[{"href":"https:\/\/diariotextual.com\/inicio\/index.php\/wp-json\/wp\/v2\/posts"}],"about":[{"href":"https:\/\/diariotextual.com\/inicio\/index.php\/wp-json\/wp\/v2\/types\/post"}],"author":[{"embeddable":true,"href":"https:\/\/diariotextual.com\/inicio\/index.php\/wp-json\/wp\/v2\/users\/5"}],"replies":[{"embeddable":true,"href":"https:\/\/diariotextual.com\/inicio\/index.php\/wp-json\/wp\/v2\/comments?post=191103"}],"version-history":[{"count":1,"href":"https:\/\/diariotextual.com\/inicio\/index.php\/wp-json\/wp\/v2\/posts\/191103\/revisions"}],"predecessor-version":[{"id":191108,"href":"https:\/\/diariotextual.com\/inicio\/index.php\/wp-json\/wp\/v2\/posts\/191103\/revisions\/191108"}],"wp:featuredmedia":[{"embeddable":true,"href":"https:\/\/diariotextual.com\/inicio\/index.php\/wp-json\/wp\/v2\/media\/191107"}],"wp:attachment":[{"href":"https:\/\/diariotextual.com\/inicio\/index.php\/wp-json\/wp\/v2\/media?parent=191103"}],"wp:term":[{"taxonomy":"category","embeddable":true,"href":"https:\/\/diariotextual.com\/inicio\/index.php\/wp-json\/wp\/v2\/categories?post=191103"},{"taxonomy":"post_tag","embeddable":true,"href":"https:\/\/diariotextual.com\/inicio\/index.php\/wp-json\/wp\/v2\/tags?post=191103"}],"curies":[{"name":"wp","href":"https:\/\/api.w.org\/{rel}","templated":true}]}}