{"id":191379,"date":"2022-06-13T11:39:38","date_gmt":"2022-06-13T14:39:38","guid":{"rendered":"https:\/\/diariotextual.com\/inicio\/?p=191379"},"modified":"2022-06-13T11:41:58","modified_gmt":"2022-06-13T14:41:58","slug":"un-ano-de-prision-efectiva-por-violencia-de-genero-te-voy-a-matar-loca","status":"publish","type":"post","link":"https:\/\/diariotextual.com\/inicio\/index.php\/2022\/06\/13\/un-ano-de-prision-efectiva-por-violencia-de-genero-te-voy-a-matar-loca\/","title":{"rendered":"Un a\u00f1o de prisi\u00f3n efectiva por violencia de g\u00e9nero: \u201cTe voy a matar, loca\u201d"},"content":{"rendered":"\n<p>El juez de audiencia santarrose\u00f1o Carlos Besi conden\u00f3 a un hombre de 36 a\u00f1os a <strong>un a\u00f1o de prisi\u00f3n de cumplimiento efectivo en una causa por violencia de g\u00e9nero<\/strong>, a partir de un acuerdo abreviado convenido entre las partes. La golpe\u00f3 y la amenaz\u00f3: <strong>\u201cte voy a matar, loca\u201d<\/strong>, le dijo.<\/p>\n\n\n\n<p>El imputado, seg\u00fan inform\u00f3 Prensa del STJ, es Juan Domingo Balquinta, quien fue hallado autor de los delitos de lesiones leves calificadas por la relaci\u00f3n de pareja preexistente (dos hechos), en concurso real con amenazas calificadas por el uso de armas; todo ello en el marco de la ley 26485 de Protecci\u00f3n Integral contra las Mujeres. Adem\u00e1s se le mantuvo la prisi\u00f3n preventiva y la condici\u00f3n de reincidente.<\/p>\n\n\n\n<p>El abreviado fue acordado entre el fiscal Marcos Hern\u00e1n Sacco, la defensora oficial Mar\u00eda Antonella Marchisio y el propio acusado. La v\u00edctima, al ser informada sobre sus alcances, tambi\u00e9n dio su consentimiento.<\/p>\n\n\n\n<p>Con las pruebas reunidas durante la investigaci\u00f3n fiscal preparatoria, qued\u00f3 probado que Balquinta se aperson\u00f3 a la casa de su expareja y, al producirse una discusi\u00f3n, \u201cla tom\u00f3 con fuerza del brazo izquierdo y le propin\u00f3 dos golpes de pu\u00f1o en el rostro; uno a la altura de la sien y otro en la boca, caus\u00e1ndole lesiones\u201d, indica el fallo.<\/p>\n\n\n\n<p>En el otro legajo se acredit\u00f3 que, hace una semana, la expareja sinti\u00f3 un golpe muy fuerte en la cabeza cuando iba camino hacia su trabajo. Si bien no pudo ver con qu\u00e9 objeto fue agredida, vio al imputado en un tapial. Este le dijo: <strong>\u201cEsto no es la vecindad, vos sab\u00e9s que esto es el Matadero\u201d<\/strong>. A pesar de ello, la mujer continu\u00f3 caminando. Balquinta la sigui\u00f3 y le expres\u00f3: <strong>\u201cTe voy a matar, te voy a matar, \u00bfqu\u00e9 ven\u00eds a hacer ac\u00e1?\u201d.<\/strong><\/p>\n\n\n\n<p>La v\u00edctima lleg\u00f3 hasta la vivienda de una sobrina de su atacante. Balquinta tambi\u00e9n fue hasta all\u00ed y se qued\u00f3 parado enfrente. En un momento sac\u00f3 de sus ropas \u201cun cuchillo de 30 cent\u00edmetros, realizando unos movimientos con \u00e9l, arrastr\u00e1ndola sobre la tierra\u201d y dici\u00e9ndole a su sobrina: <strong>\u201cLlev\u00e1tela porque yo la agarro apu\u00f1alada (sic), llev\u00e1tela porque la mato, yo te voy a matar loca, te voy a matar\u201d<\/strong>. En ese instante, la mujer intercedi\u00f3 ante su t\u00edo y la damnificada llam\u00f3 a la polic\u00eda.<\/p>\n\n\n\n<p>Debido a que las partes renunciaron expresamente a recurrir la sentencia, Balquinta \u2013quien permanece detenido\u2013 qued\u00f3 a disposici\u00f3n del Juzgado de Ejecuci\u00f3n Penal.\u200b<\/p>\n","protected":false},"excerpt":{"rendered":"<p>El juez de audiencia santarrose\u00f1o Carlos Besi conden\u00f3 a un hombre de 36 a\u00f1os a un a\u00f1o de prisi\u00f3n de cumplimiento efectivo en una causa por violencia de g\u00e9nero, a&hellip;<\/p>\n","protected":false},"author":7,"featured_media":2249,"comment_status":"closed","ping_status":"open","sticky":false,"template":"","format":"standard","meta":{"_acf_changed":false,"footnotes":""},"categories":[4,12],"tags":[3872],"class_list":["post-191379","post","type-post","status-publish","format-standard","has-post-thumbnail","hentry","category-destacadas","category-sociedad","tag-violencia-de-genero-2"],"acf":[],"yoast_head":"<!-- This site is optimized with the Yoast SEO plugin v27.5 - https:\/\/yoast.com\/product\/yoast-seo-wordpress\/ -->\n<title>Un a\u00f1o de prisi\u00f3n efectiva por violencia de g\u00e9nero: \u201cTe voy a matar, loca\u201d - Diario Textual<\/title>\n<meta name=\"robots\" content=\"index, follow, max-snippet:-1, max-image-preview:large, max-video-preview:-1\" \/>\n<link rel=\"canonical\" href=\"https:\/\/diariotextual.com\/inicio\/index.php\/2022\/06\/13\/un-ano-de-prision-efectiva-por-violencia-de-genero-te-voy-a-matar-loca\/\" \/>\n<meta property=\"og:locale\" content=\"es_ES\" \/>\n<meta property=\"og:type\" content=\"article\" \/>\n<meta property=\"og:title\" content=\"Un a\u00f1o de prisi\u00f3n efectiva por violencia de g\u00e9nero: \u201cTe voy a matar, loca\u201d - Diario Textual\" \/>\n<meta property=\"og:description\" content=\"El juez de audiencia santarrose\u00f1o Carlos Besi conden\u00f3 a un hombre de 36 a\u00f1os a un a\u00f1o de prisi\u00f3n de cumplimiento efectivo en una causa por violencia de g\u00e9nero, a&hellip;\" \/>\n<meta property=\"og:url\" content=\"https:\/\/diariotextual.com\/inicio\/index.php\/2022\/06\/13\/un-ano-de-prision-efectiva-por-violencia-de-genero-te-voy-a-matar-loca\/\" \/>\n<meta property=\"og:site_name\" content=\"Diario Textual\" \/>\n<meta property=\"article:publisher\" content=\"https:\/\/www.facebook.com\/eltextual\" \/>\n<meta property=\"article:published_time\" content=\"2022-06-13T14:39:38+00:00\" \/>\n<meta property=\"article:modified_time\" content=\"2022-06-13T14:41:58+00:00\" \/>\n<meta property=\"og:image\" content=\"https:\/\/diariotextual.com\/inicio\/wp-content\/uploads\/2018\/03\/violenciadegenero381.jpg\" \/>\n\t<meta property=\"og:image:width\" content=\"1254\" \/>\n\t<meta property=\"og:image:height\" content=\"788\" \/>\n\t<meta property=\"og:image:type\" content=\"image\/jpeg\" \/>\n<meta name=\"author\" content=\"diario5\" \/>\n<meta name=\"twitter:card\" content=\"summary_large_image\" \/>\n<meta name=\"twitter:creator\" content=\"@eltextual\" \/>\n<meta name=\"twitter:site\" content=\"@eltextual\" \/>\n<meta name=\"twitter:label1\" content=\"Escrito por\" \/>\n\t<meta name=\"twitter:data1\" content=\"diario5\" \/>\n\t<meta name=\"twitter:label2\" content=\"Tiempo de lectura\" \/>\n\t<meta name=\"twitter:data2\" content=\"2 minutos\" \/>\n<script type=\"application\/ld+json\" class=\"yoast-schema-graph\">{\"@context\":\"https:\\\/\\\/schema.org\",\"@graph\":[{\"@type\":\"Article\",\"@id\":\"https:\\\/\\\/diariotextual.com\\\/inicio\\\/index.php\\\/2022\\\/06\\\/13\\\/un-ano-de-prision-efectiva-por-violencia-de-genero-te-voy-a-matar-loca\\\/#article\",\"isPartOf\":{\"@id\":\"https:\\\/\\\/diariotextual.com\\\/inicio\\\/index.php\\\/2022\\\/06\\\/13\\\/un-ano-de-prision-efectiva-por-violencia-de-genero-te-voy-a-matar-loca\\\/\"},\"author\":{\"name\":\"diario5\",\"@id\":\"https:\\\/\\\/diariotextual.com\\\/inicio\\\/#\\\/schema\\\/person\\\/c7834961ad8b29b1d9cdbf4571299067\"},\"headline\":\"Un a\u00f1o de prisi\u00f3n efectiva por violencia de g\u00e9nero: \u201cTe voy a matar, loca\u201d\",\"datePublished\":\"2022-06-13T14:39:38+00:00\",\"dateModified\":\"2022-06-13T14:41:58+00:00\",\"mainEntityOfPage\":{\"@id\":\"https:\\\/\\\/diariotextual.com\\\/inicio\\\/index.php\\\/2022\\\/06\\\/13\\\/un-ano-de-prision-efectiva-por-violencia-de-genero-te-voy-a-matar-loca\\\/\"},\"wordCount\":450,\"publisher\":{\"@id\":\"https:\\\/\\\/diariotextual.com\\\/inicio\\\/#organization\"},\"image\":{\"@id\":\"https:\\\/\\\/diariotextual.com\\\/inicio\\\/index.php\\\/2022\\\/06\\\/13\\\/un-ano-de-prision-efectiva-por-violencia-de-genero-te-voy-a-matar-loca\\\/#primaryimage\"},\"thumbnailUrl\":\"https:\\\/\\\/diariotextual.com\\\/inicio\\\/wp-content\\\/uploads\\\/2018\\\/03\\\/violenciadegenero381.jpg\",\"keywords\":[\"violencia de g\u00e9nero\"],\"articleSection\":[\"A - DESTACADAS (mod 16)\",\"SOCIEDAD\"],\"inLanguage\":\"es\"},{\"@type\":\"WebPage\",\"@id\":\"https:\\\/\\\/diariotextual.com\\\/inicio\\\/index.php\\\/2022\\\/06\\\/13\\\/un-ano-de-prision-efectiva-por-violencia-de-genero-te-voy-a-matar-loca\\\/\",\"url\":\"https:\\\/\\\/diariotextual.com\\\/inicio\\\/index.php\\\/2022\\\/06\\\/13\\\/un-ano-de-prision-efectiva-por-violencia-de-genero-te-voy-a-matar-loca\\\/\",\"name\":\"Un a\u00f1o de prisi\u00f3n efectiva por violencia de g\u00e9nero: \u201cTe voy a matar, loca\u201d - Diario Textual\",\"isPartOf\":{\"@id\":\"https:\\\/\\\/diariotextual.com\\\/inicio\\\/#website\"},\"primaryImageOfPage\":{\"@id\":\"https:\\\/\\\/diariotextual.com\\\/inicio\\\/index.php\\\/2022\\\/06\\\/13\\\/un-ano-de-prision-efectiva-por-violencia-de-genero-te-voy-a-matar-loca\\\/#primaryimage\"},\"image\":{\"@id\":\"https:\\\/\\\/diariotextual.com\\\/inicio\\\/index.php\\\/2022\\\/06\\\/13\\\/un-ano-de-prision-efectiva-por-violencia-de-genero-te-voy-a-matar-loca\\\/#primaryimage\"},\"thumbnailUrl\":\"https:\\\/\\\/diariotextual.com\\\/inicio\\\/wp-content\\\/uploads\\\/2018\\\/03\\\/violenciadegenero381.jpg\",\"datePublished\":\"2022-06-13T14:39:38+00:00\",\"dateModified\":\"2022-06-13T14:41:58+00:00\",\"breadcrumb\":{\"@id\":\"https:\\\/\\\/diariotextual.com\\\/inicio\\\/index.php\\\/2022\\\/06\\\/13\\\/un-ano-de-prision-efectiva-por-violencia-de-genero-te-voy-a-matar-loca\\\/#breadcrumb\"},\"inLanguage\":\"es\",\"potentialAction\":[{\"@type\":\"ReadAction\",\"target\":[\"https:\\\/\\\/diariotextual.com\\\/inicio\\\/index.php\\\/2022\\\/06\\\/13\\\/un-ano-de-prision-efectiva-por-violencia-de-genero-te-voy-a-matar-loca\\\/\"]}]},{\"@type\":\"ImageObject\",\"inLanguage\":\"es\",\"@id\":\"https:\\\/\\\/diariotextual.com\\\/inicio\\\/index.php\\\/2022\\\/06\\\/13\\\/un-ano-de-prision-efectiva-por-violencia-de-genero-te-voy-a-matar-loca\\\/#primaryimage\",\"url\":\"https:\\\/\\\/diariotextual.com\\\/inicio\\\/wp-content\\\/uploads\\\/2018\\\/03\\\/violenciadegenero381.jpg\",\"contentUrl\":\"https:\\\/\\\/diariotextual.com\\\/inicio\\\/wp-content\\\/uploads\\\/2018\\\/03\\\/violenciadegenero381.jpg\",\"width\":1254,\"height\":788},{\"@type\":\"BreadcrumbList\",\"@id\":\"https:\\\/\\\/diariotextual.com\\\/inicio\\\/index.php\\\/2022\\\/06\\\/13\\\/un-ano-de-prision-efectiva-por-violencia-de-genero-te-voy-a-matar-loca\\\/#breadcrumb\",\"itemListElement\":[{\"@type\":\"ListItem\",\"position\":1,\"name\":\"Portada\",\"item\":\"https:\\\/\\\/diariotextual.com\\\/inicio\\\/\"},{\"@type\":\"ListItem\",\"position\":2,\"name\":\"Un a\u00f1o de prisi\u00f3n efectiva por violencia de g\u00e9nero: \u201cTe voy a matar, loca\u201d\"}]},{\"@type\":\"WebSite\",\"@id\":\"https:\\\/\\\/diariotextual.com\\\/inicio\\\/#website\",\"url\":\"https:\\\/\\\/diariotextual.com\\\/inicio\\\/\",\"name\":\"Diario Textual\",\"description\":\"\",\"publisher\":{\"@id\":\"https:\\\/\\\/diariotextual.com\\\/inicio\\\/#organization\"},\"potentialAction\":[{\"@type\":\"SearchAction\",\"target\":{\"@type\":\"EntryPoint\",\"urlTemplate\":\"https:\\\/\\\/diariotextual.com\\\/inicio\\\/?s={search_term_string}\"},\"query-input\":{\"@type\":\"PropertyValueSpecification\",\"valueRequired\":true,\"valueName\":\"search_term_string\"}}],\"inLanguage\":\"es\"},{\"@type\":\"Organization\",\"@id\":\"https:\\\/\\\/diariotextual.com\\\/inicio\\\/#organization\",\"name\":\"Diario Textual\",\"url\":\"https:\\\/\\\/diariotextual.com\\\/inicio\\\/\",\"logo\":{\"@type\":\"ImageObject\",\"inLanguage\":\"es\",\"@id\":\"https:\\\/\\\/diariotextual.com\\\/inicio\\\/#\\\/schema\\\/logo\\\/image\\\/\",\"url\":\"https:\\\/\\\/diariotextual.com\\\/inicio\\\/wp-content\\\/uploads\\\/2023\\\/05\\\/logotextual1.jpg\",\"contentUrl\":\"https:\\\/\\\/diariotextual.com\\\/inicio\\\/wp-content\\\/uploads\\\/2023\\\/05\\\/logotextual1.jpg\",\"width\":516,\"height\":76,\"caption\":\"Diario Textual\"},\"image\":{\"@id\":\"https:\\\/\\\/diariotextual.com\\\/inicio\\\/#\\\/schema\\\/logo\\\/image\\\/\"},\"sameAs\":[\"https:\\\/\\\/www.facebook.com\\\/eltextual\",\"https:\\\/\\\/x.com\\\/eltextual\",\"http:\\\/\\\/www.instagram.com\\\/eltextual\"]},{\"@type\":\"Person\",\"@id\":\"https:\\\/\\\/diariotextual.com\\\/inicio\\\/#\\\/schema\\\/person\\\/c7834961ad8b29b1d9cdbf4571299067\",\"name\":\"diario5\",\"image\":{\"@type\":\"ImageObject\",\"inLanguage\":\"es\",\"@id\":\"https:\\\/\\\/secure.gravatar.com\\\/avatar\\\/948c893b847ca6df68216ead81b63f363408ec9b0f600fefc0641ce78613b111?s=96&d=mm&r=g\",\"url\":\"https:\\\/\\\/secure.gravatar.com\\\/avatar\\\/948c893b847ca6df68216ead81b63f363408ec9b0f600fefc0641ce78613b111?s=96&d=mm&r=g\",\"contentUrl\":\"https:\\\/\\\/secure.gravatar.com\\\/avatar\\\/948c893b847ca6df68216ead81b63f363408ec9b0f600fefc0641ce78613b111?s=96&d=mm&r=g\",\"caption\":\"diario5\"},\"url\":\"https:\\\/\\\/diariotextual.com\\\/inicio\\\/index.php\\\/author\\\/diario5\\\/\"}]}<\/script>\n<!-- \/ Yoast SEO plugin. -->","yoast_head_json":{"title":"Un a\u00f1o de prisi\u00f3n efectiva por violencia de g\u00e9nero: \u201cTe voy a matar, loca\u201d - Diario Textual","robots":{"index":"index","follow":"follow","max-snippet":"max-snippet:-1","max-image-preview":"max-image-preview:large","max-video-preview":"max-video-preview:-1"},"canonical":"https:\/\/diariotextual.com\/inicio\/index.php\/2022\/06\/13\/un-ano-de-prision-efectiva-por-violencia-de-genero-te-voy-a-matar-loca\/","og_locale":"es_ES","og_type":"article","og_title":"Un a\u00f1o de prisi\u00f3n efectiva por violencia de g\u00e9nero: \u201cTe voy a matar, loca\u201d - Diario Textual","og_description":"El juez de audiencia santarrose\u00f1o Carlos Besi conden\u00f3 a un hombre de 36 a\u00f1os a un a\u00f1o de prisi\u00f3n de cumplimiento efectivo en una causa por violencia de g\u00e9nero, a&hellip;","og_url":"https:\/\/diariotextual.com\/inicio\/index.php\/2022\/06\/13\/un-ano-de-prision-efectiva-por-violencia-de-genero-te-voy-a-matar-loca\/","og_site_name":"Diario Textual","article_publisher":"https:\/\/www.facebook.com\/eltextual","article_published_time":"2022-06-13T14:39:38+00:00","article_modified_time":"2022-06-13T14:41:58+00:00","og_image":[{"width":1254,"height":788,"url":"https:\/\/diariotextual.com\/inicio\/wp-content\/uploads\/2018\/03\/violenciadegenero381.jpg","type":"image\/jpeg"}],"author":"diario5","twitter_card":"summary_large_image","twitter_creator":"@eltextual","twitter_site":"@eltextual","twitter_misc":{"Escrito por":"diario5","Tiempo de lectura":"2 minutos"},"schema":{"@context":"https:\/\/schema.org","@graph":[{"@type":"Article","@id":"https:\/\/diariotextual.com\/inicio\/index.php\/2022\/06\/13\/un-ano-de-prision-efectiva-por-violencia-de-genero-te-voy-a-matar-loca\/#article","isPartOf":{"@id":"https:\/\/diariotextual.com\/inicio\/index.php\/2022\/06\/13\/un-ano-de-prision-efectiva-por-violencia-de-genero-te-voy-a-matar-loca\/"},"author":{"name":"diario5","@id":"https:\/\/diariotextual.com\/inicio\/#\/schema\/person\/c7834961ad8b29b1d9cdbf4571299067"},"headline":"Un a\u00f1o de prisi\u00f3n efectiva por violencia de g\u00e9nero: \u201cTe voy a matar, loca\u201d","datePublished":"2022-06-13T14:39:38+00:00","dateModified":"2022-06-13T14:41:58+00:00","mainEntityOfPage":{"@id":"https:\/\/diariotextual.com\/inicio\/index.php\/2022\/06\/13\/un-ano-de-prision-efectiva-por-violencia-de-genero-te-voy-a-matar-loca\/"},"wordCount":450,"publisher":{"@id":"https:\/\/diariotextual.com\/inicio\/#organization"},"image":{"@id":"https:\/\/diariotextual.com\/inicio\/index.php\/2022\/06\/13\/un-ano-de-prision-efectiva-por-violencia-de-genero-te-voy-a-matar-loca\/#primaryimage"},"thumbnailUrl":"https:\/\/diariotextual.com\/inicio\/wp-content\/uploads\/2018\/03\/violenciadegenero381.jpg","keywords":["violencia de g\u00e9nero"],"articleSection":["A - DESTACADAS (mod 16)","SOCIEDAD"],"inLanguage":"es"},{"@type":"WebPage","@id":"https:\/\/diariotextual.com\/inicio\/index.php\/2022\/06\/13\/un-ano-de-prision-efectiva-por-violencia-de-genero-te-voy-a-matar-loca\/","url":"https:\/\/diariotextual.com\/inicio\/index.php\/2022\/06\/13\/un-ano-de-prision-efectiva-por-violencia-de-genero-te-voy-a-matar-loca\/","name":"Un a\u00f1o de prisi\u00f3n efectiva por violencia de g\u00e9nero: \u201cTe voy a matar, loca\u201d - Diario Textual","isPartOf":{"@id":"https:\/\/diariotextual.com\/inicio\/#website"},"primaryImageOfPage":{"@id":"https:\/\/diariotextual.com\/inicio\/index.php\/2022\/06\/13\/un-ano-de-prision-efectiva-por-violencia-de-genero-te-voy-a-matar-loca\/#primaryimage"},"image":{"@id":"https:\/\/diariotextual.com\/inicio\/index.php\/2022\/06\/13\/un-ano-de-prision-efectiva-por-violencia-de-genero-te-voy-a-matar-loca\/#primaryimage"},"thumbnailUrl":"https:\/\/diariotextual.com\/inicio\/wp-content\/uploads\/2018\/03\/violenciadegenero381.jpg","datePublished":"2022-06-13T14:39:38+00:00","dateModified":"2022-06-13T14:41:58+00:00","breadcrumb":{"@id":"https:\/\/diariotextual.com\/inicio\/index.php\/2022\/06\/13\/un-ano-de-prision-efectiva-por-violencia-de-genero-te-voy-a-matar-loca\/#breadcrumb"},"inLanguage":"es","potentialAction":[{"@type":"ReadAction","target":["https:\/\/diariotextual.com\/inicio\/index.php\/2022\/06\/13\/un-ano-de-prision-efectiva-por-violencia-de-genero-te-voy-a-matar-loca\/"]}]},{"@type":"ImageObject","inLanguage":"es","@id":"https:\/\/diariotextual.com\/inicio\/index.php\/2022\/06\/13\/un-ano-de-prision-efectiva-por-violencia-de-genero-te-voy-a-matar-loca\/#primaryimage","url":"https:\/\/diariotextual.com\/inicio\/wp-content\/uploads\/2018\/03\/violenciadegenero381.jpg","contentUrl":"https:\/\/diariotextual.com\/inicio\/wp-content\/uploads\/2018\/03\/violenciadegenero381.jpg","width":1254,"height":788},{"@type":"BreadcrumbList","@id":"https:\/\/diariotextual.com\/inicio\/index.php\/2022\/06\/13\/un-ano-de-prision-efectiva-por-violencia-de-genero-te-voy-a-matar-loca\/#breadcrumb","itemListElement":[{"@type":"ListItem","position":1,"name":"Portada","item":"https:\/\/diariotextual.com\/inicio\/"},{"@type":"ListItem","position":2,"name":"Un a\u00f1o de prisi\u00f3n efectiva por violencia de g\u00e9nero: \u201cTe voy a matar, loca\u201d"}]},{"@type":"WebSite","@id":"https:\/\/diariotextual.com\/inicio\/#website","url":"https:\/\/diariotextual.com\/inicio\/","name":"Diario Textual","description":"","publisher":{"@id":"https:\/\/diariotextual.com\/inicio\/#organization"},"potentialAction":[{"@type":"SearchAction","target":{"@type":"EntryPoint","urlTemplate":"https:\/\/diariotextual.com\/inicio\/?s={search_term_string}"},"query-input":{"@type":"PropertyValueSpecification","valueRequired":true,"valueName":"search_term_string"}}],"inLanguage":"es"},{"@type":"Organization","@id":"https:\/\/diariotextual.com\/inicio\/#organization","name":"Diario Textual","url":"https:\/\/diariotextual.com\/inicio\/","logo":{"@type":"ImageObject","inLanguage":"es","@id":"https:\/\/diariotextual.com\/inicio\/#\/schema\/logo\/image\/","url":"https:\/\/diariotextual.com\/inicio\/wp-content\/uploads\/2023\/05\/logotextual1.jpg","contentUrl":"https:\/\/diariotextual.com\/inicio\/wp-content\/uploads\/2023\/05\/logotextual1.jpg","width":516,"height":76,"caption":"Diario Textual"},"image":{"@id":"https:\/\/diariotextual.com\/inicio\/#\/schema\/logo\/image\/"},"sameAs":["https:\/\/www.facebook.com\/eltextual","https:\/\/x.com\/eltextual","http:\/\/www.instagram.com\/eltextual"]},{"@type":"Person","@id":"https:\/\/diariotextual.com\/inicio\/#\/schema\/person\/c7834961ad8b29b1d9cdbf4571299067","name":"diario5","image":{"@type":"ImageObject","inLanguage":"es","@id":"https:\/\/secure.gravatar.com\/avatar\/948c893b847ca6df68216ead81b63f363408ec9b0f600fefc0641ce78613b111?s=96&d=mm&r=g","url":"https:\/\/secure.gravatar.com\/avatar\/948c893b847ca6df68216ead81b63f363408ec9b0f600fefc0641ce78613b111?s=96&d=mm&r=g","contentUrl":"https:\/\/secure.gravatar.com\/avatar\/948c893b847ca6df68216ead81b63f363408ec9b0f600fefc0641ce78613b111?s=96&d=mm&r=g","caption":"diario5"},"url":"https:\/\/diariotextual.com\/inicio\/index.php\/author\/diario5\/"}]}},"_links":{"self":[{"href":"https:\/\/diariotextual.com\/inicio\/index.php\/wp-json\/wp\/v2\/posts\/191379","targetHints":{"allow":["GET"]}}],"collection":[{"href":"https:\/\/diariotextual.com\/inicio\/index.php\/wp-json\/wp\/v2\/posts"}],"about":[{"href":"https:\/\/diariotextual.com\/inicio\/index.php\/wp-json\/wp\/v2\/types\/post"}],"author":[{"embeddable":true,"href":"https:\/\/diariotextual.com\/inicio\/index.php\/wp-json\/wp\/v2\/users\/7"}],"replies":[{"embeddable":true,"href":"https:\/\/diariotextual.com\/inicio\/index.php\/wp-json\/wp\/v2\/comments?post=191379"}],"version-history":[{"count":2,"href":"https:\/\/diariotextual.com\/inicio\/index.php\/wp-json\/wp\/v2\/posts\/191379\/revisions"}],"predecessor-version":[{"id":191381,"href":"https:\/\/diariotextual.com\/inicio\/index.php\/wp-json\/wp\/v2\/posts\/191379\/revisions\/191381"}],"wp:featuredmedia":[{"embeddable":true,"href":"https:\/\/diariotextual.com\/inicio\/index.php\/wp-json\/wp\/v2\/media\/2249"}],"wp:attachment":[{"href":"https:\/\/diariotextual.com\/inicio\/index.php\/wp-json\/wp\/v2\/media?parent=191379"}],"wp:term":[{"taxonomy":"category","embeddable":true,"href":"https:\/\/diariotextual.com\/inicio\/index.php\/wp-json\/wp\/v2\/categories?post=191379"},{"taxonomy":"post_tag","embeddable":true,"href":"https:\/\/diariotextual.com\/inicio\/index.php\/wp-json\/wp\/v2\/tags?post=191379"}],"curies":[{"name":"wp","href":"https:\/\/api.w.org\/{rel}","templated":true}]}}