{"id":191989,"date":"2022-06-21T08:45:07","date_gmt":"2022-06-21T11:45:07","guid":{"rendered":"https:\/\/diariotextual.com\/inicio\/?p=191989"},"modified":"2022-06-21T08:47:37","modified_gmt":"2022-06-21T11:47:37","slug":"mas-de-44-millones-de-personas-visitaron-destinos-turisticos-en-el-fin-de-semana-largo","status":"publish","type":"post","link":"https:\/\/diariotextual.com\/inicio\/index.php\/2022\/06\/21\/mas-de-44-millones-de-personas-visitaron-destinos-turisticos-en-el-fin-de-semana-largo\/","title":{"rendered":"M\u00e1s de 4,4 millones de personas visitaron destinos tur\u00edsticos en el fin de semana largo"},"content":{"rendered":"\n<p>M\u00e1s de 4,4 millones de personas visitaron destinos tur\u00edsticos argentinos en este fin de semana largo, lo que represent\u00f3 una\u00a0<strong>suba de casi 120% respecto del feriado similar de 2019<\/strong>, y\u00a0<strong>gastaron unos 55 millones de pesos<\/strong>, inform\u00f3 este lunes el Ministerio de Turismo y Deportes (Minturdep), cuyo jefe, Mat\u00edas Lammens, dijo que esto anticipa \u201cuna temporada de invierno absolutamente r\u00e9cord\u201d. <strong>La Pampa\u00a0estuvo en un 60% de ocupaci\u00f3n.<\/strong><\/p>\n\n\n\n<p>El informe,&nbsp;<strong>con datos del \u00e1rea Turismo de la Confederaci\u00f3n Argentina de la Mediana Empresa (CAME)<\/strong>, precisa que esa cantidad de viajeros se compone de 2.324.680 turistas y 2.092.212 excursionistas (4.416.892 en total), 119,2% m\u00e1s en comparaci\u00f3n con su balance del 17 de junio de 2019, tras un fin de semana de tres d\u00edas.<\/p>\n\n\n\n<p>En cuanto al impacto econ\u00f3mico,&nbsp;<strong>fue de 55.069.800 pesos<\/strong>&nbsp;en los diversos componentes de la cadena tur\u00edstica, lo que signific\u00f3 un incremento de 1.375,8% contra los 3.731.600 pesos generados en el mencionado feriado prepandemia, aunque se manejaban otros precios.<\/p>\n\n\n\n<p>Sobre este balance de CAME-Turismo, que incluye datos propios, del Minturdep y de c\u00e1maras y federaciones regionales,\u00a0<strong>Lammens sostuvo que \u201cestos n\u00fameros anticipan una temporada de invierno absolutamente r\u00e9cord con el fuerte impulso que le va a dar la llegada de un mill\u00f3n de turistas extranjeros\u201d.<\/strong><\/p>\n\n\n\n<h4 class=\"wp-block-heading\">Las cifras<\/h4>\n\n\n\n<p>El informe menciona que desde el jueves \u00faltimo Aerol\u00edneas Argentinas realiz\u00f3 250 salidas diarias, con una ocupaci\u00f3n del 87% de sus asientos y traslad\u00f3 a m\u00e1s de 300.000 pasajeros.<\/p>\n\n\n\n<p>Los aeropuertos con mayor cantidad de vuelos receptivos fueron los de C\u00f3rdoba, Puerto Iguaz\u00fa, Mendoza, San Carlos de Bariloche, Salta, Ushuaia, San Miguel de Tucum\u00e1n, Neuqu\u00e9n, El Calafate y Comodoro Rivadavia, que concentraron el 56% de los pasajeros.<\/p>\n\n\n\n<p>Como regiones m\u00e1s visitadas se\u00f1ala al Noroeste (NOA) y el Litoral, con \u201cdestinos de alt\u00edsima afluencia\u201d, y menciona a Cafayate, Quebrada de Humahuaca y Las Termas de R\u00edo Hondo, en la primera, y Puerto Iguaz\u00fa, Esteros del Iber\u00e1, Rosario y Col\u00f3n de Entre R\u00edos, en la segunda.<\/p>\n\n\n\n<p>En&nbsp;<strong>Cuyo<\/strong>, se destacaron las ciudades de Mendoza, San Juan, Merlo y Potrero de los Funes, y en C\u00f3rdoba, apunta a Villa Carlos Paz, Santa Rosa de Calamuchita y Villa General Belgrano.<\/p>\n\n\n\n<p>En&nbsp;<strong>territorio bonaerense<\/strong>&nbsp;resalta a Tandil, Mar del Plata y Pinamar, y de la regi\u00f3n Patagonia a Bariloche, San Mart\u00edn de los Andes, Puerto Madryn, El Calafate y Ushuaia.<\/p>\n\n\n\n<p>Lammens se\u00f1al\u00f3 que se observan \u201cdos fen\u00f3menos muy auspiciosos: por un lado, la consolidaci\u00f3n de destinos emergentes que est\u00e1n ampliando la oferta tur\u00edstica de nuestro pa\u00eds; y por otro, como sucedi\u00f3 en la temporada de verano que se extendi\u00f3 entre diciembre y marzo, hoy vemos que la temporada de invierno ya se adelant\u00f3 a junio\u201d.<\/p>\n\n\n\n<p>\u00abEsto es una gran noticia para el sector tur\u00edstico, que hoy es uno de los principales motores de la recuperaci\u00f3n de la actividad econ\u00f3mica y de la generaci\u00f3n de empleo\u00bb, agreg\u00f3 el ministro de Turismo.<\/p>\n\n\n\n<h4 class=\"wp-block-heading\">Las provincias m\u00e1s visitadas<\/h4>\n\n\n\n<p>En el detalle de provincias y ciudades, el documento brinda datos precisos como los 81.000 turistas nacionales e internacionales que visitaron la Ciudad de Buenos Aires, que tuvo una ocupaci\u00f3n del 76% de sus m\u00e1s de 70.000 plazas.<\/p>\n\n\n\n<p>De la provincia de&nbsp;<strong>Buenos Aires<\/strong>&nbsp;afirma que hubo localidades con ocupaci\u00f3n del 100%, como las serranas Tandil (8.000 plazas hoteleras) y Sierra de la Ventana (7.500).<\/p>\n\n\n\n<p>En&nbsp;<strong>C\u00f3rdoba,<\/strong>&nbsp;con 170.000 camas en toda la provincia, la ocupaci\u00f3n promedi\u00f3 el 70%, con gran afluencia en Villa Carlos Paz, Villa General Belgrano, Miramar, La Cumbre, La Falda, Santa Rosa de Calamuchita, Mina Clavero, Nono, San Javier y Alta Gracia.<\/p>\n\n\n\n<p><strong>Entre R\u00edos<\/strong>&nbsp;tuvo ocupado el 90% de sus 54.000 camas hoteleras y parahoteleras, en especial en Gualeguaych\u00fa, Col\u00f3n, Federaci\u00f3n, Villa Elisa, Concepci\u00f3n del Uruguay, Paran\u00e1, La Paz y Victoria.<\/p>\n\n\n\n<p>En&nbsp;<strong>Misiones<\/strong>, el promedio de ocupaci\u00f3n fue del 65% de sus 20.000 plazas, con Puerto Iguaz\u00fa en el 95% sobre las 15.000 que dispone, y la tambi\u00e9n litorale\u00f1a provincia de Santa Fe vio ocupado un 89% de sus 26.000 plazas.<\/p>\n\n\n\n<p><strong>En la provincia de Jujuy,<\/strong>&nbsp;el feriado empez\u00f3 el 16 y fue de cinco d\u00edas, durante los cuales recibi\u00f3 m\u00e1s de 24.000 visitantes, con estad\u00eda promedio de cuatro d\u00edas y gran concurrencia a San Salvador, la Quebrada de Humahuaca, La Quiaca, Yavi, San Pedro y las Yungas.<\/p>\n\n\n\n<p><strong>Salta<\/strong>&nbsp;tuvo fuerte movimiento debido a actividades por el aniversario del deceso de Mart\u00edn Miguel de G\u00fcemes, y los destinos m\u00e1s concurridas fueron la capital, Cafayate, Cachi, Rosario de la Frontera y Coronel Moldes.<\/p>\n\n\n\n<p>Tambi\u00e9n en el&nbsp;<strong>NOA,&nbsp;<\/strong>La Rioja tuvo un nivel de ocupaci\u00f3n del 90% en promedio, y sus ciudades m\u00e1s visitadas fueron Villa Uni\u00f3n, Aimogasta, Chilecito, Capital, Arauco y Famatina, en tanto Catamarca registr\u00f3 un 80% en San Fernando del Valle (2.300 camas) y las zonas de la puna y cordillera trabajaron a pleno, mientras Tucum\u00e1n fue visitada por m\u00e1s de 20.000 personas.<\/p>\n\n\n\n<p>En&nbsp;<strong>Cuyo<\/strong>&nbsp;sobresale Mendoza, con ocupaci\u00f3n del 93% de sus 40.000 plazas, con buen balance en San Rafael (80% sobre 10.000) y buen movimiento en el departamento Malarg\u00fce gracias al atractivo de la nieve en Las Le\u00f1as, que abri\u00f3 el viernes \u00faltimo.<\/p>\n\n\n\n<p>En la misma regi\u00f3n,<strong>&nbsp;San Luis<\/strong>&nbsp;tuvo un promedio de ocupaci\u00f3n del 90% de las 31.000 de la provincia, con gran afluencia en Potrero de Funes, Merlo, Juana Koslay, Molles y la capital.<\/p>\n\n\n\n<p>En&nbsp;<strong>R\u00edo Negro<\/strong>, Bariloche recibi\u00f3 m\u00e1s de 20.000 turistas y la ocupaci\u00f3n fue del 90% de sus 38.000 plazas, mientras en la vecina Neuqu\u00e9n el promedio fue del 80% de las 30.000 camas provinciales.<\/p>\n\n\n\n<p><strong>Chubut<\/strong>, con la inauguraci\u00f3n de la temporada de ballenas, tuvo una ocupaci\u00f3n del 85% de sus 15.000 plazas, que super\u00f3 al mejor promedio hist\u00f3rico, de 2013, con 65%.<\/p>\n\n\n\n<p>Sobre otras provincias patag\u00f3nica menciona que&nbsp;<strong>La Pampa&nbsp;<\/strong>estuvo en un 60% de ocupaci\u00f3n de unas 6.500 plazas y Santa Cruz recibi\u00f3 m\u00e1s de 10.000 turistas.<\/p>\n\n\n\n<p>La CAME consider\u00f3 que \u201cel fin de semana podr\u00eda haber sido mejor sin los problemas de desabastecimiento de combustibles, que desalentaron a muchas familias a viajar\u201c.<\/p>\n","protected":false},"excerpt":{"rendered":"<p>M\u00e1s de 4,4 millones de personas visitaron destinos tur\u00edsticos argentinos en este fin de semana largo, lo que represent\u00f3 una\u00a0suba de casi 120% respecto del feriado similar de 2019, y\u00a0gastaron&hellip;<\/p>\n","protected":false},"author":4,"featured_media":92293,"comment_status":"closed","ping_status":"open","sticky":false,"template":"","format":"standard","meta":{"_acf_changed":false,"footnotes":""},"categories":[4,12],"tags":[185],"class_list":["post-191989","post","type-post","status-publish","format-standard","has-post-thumbnail","hentry","category-destacadas","category-sociedad","tag-turismo"],"acf":[],"yoast_head":"<!-- This site is optimized with the Yoast SEO plugin v27.5 - https:\/\/yoast.com\/product\/yoast-seo-wordpress\/ -->\n<title>M\u00e1s de 4,4 millones de personas visitaron destinos tur\u00edsticos en el fin de semana largo - Diario Textual<\/title>\n<meta name=\"robots\" content=\"index, follow, max-snippet:-1, max-image-preview:large, max-video-preview:-1\" \/>\n<link rel=\"canonical\" href=\"https:\/\/diariotextual.com\/inicio\/index.php\/2022\/06\/21\/mas-de-44-millones-de-personas-visitaron-destinos-turisticos-en-el-fin-de-semana-largo\/\" \/>\n<meta property=\"og:locale\" content=\"es_ES\" \/>\n<meta property=\"og:type\" content=\"article\" \/>\n<meta property=\"og:title\" content=\"M\u00e1s de 4,4 millones de personas visitaron destinos tur\u00edsticos en el fin de semana largo - Diario Textual\" \/>\n<meta property=\"og:description\" content=\"M\u00e1s de 4,4 millones de personas visitaron destinos tur\u00edsticos argentinos en este fin de semana largo, lo que represent\u00f3 una\u00a0suba de casi 120% respecto del feriado similar de 2019, y\u00a0gastaron&hellip;\" \/>\n<meta property=\"og:url\" content=\"https:\/\/diariotextual.com\/inicio\/index.php\/2022\/06\/21\/mas-de-44-millones-de-personas-visitaron-destinos-turisticos-en-el-fin-de-semana-largo\/\" \/>\n<meta property=\"og:site_name\" content=\"Diario Textual\" \/>\n<meta property=\"article:publisher\" content=\"https:\/\/www.facebook.com\/eltextual\" \/>\n<meta property=\"article:published_time\" content=\"2022-06-21T11:45:07+00:00\" \/>\n<meta property=\"article:modified_time\" content=\"2022-06-21T11:47:37+00:00\" \/>\n<meta property=\"og:image\" content=\"https:\/\/diariotextual.com\/inicio\/wp-content\/uploads\/2020\/05\/JujuyTurismo.jpg\" \/>\n\t<meta property=\"og:image:width\" content=\"700\" \/>\n\t<meta property=\"og:image:height\" content=\"394\" \/>\n\t<meta property=\"og:image:type\" content=\"image\/jpeg\" \/>\n<meta name=\"author\" content=\"diario2\" \/>\n<meta name=\"twitter:card\" content=\"summary_large_image\" \/>\n<meta name=\"twitter:creator\" content=\"@eltextual\" \/>\n<meta name=\"twitter:site\" content=\"@eltextual\" \/>\n<meta name=\"twitter:label1\" content=\"Escrito por\" \/>\n\t<meta name=\"twitter:data1\" content=\"diario2\" \/>\n\t<meta name=\"twitter:label2\" content=\"Tiempo de lectura\" \/>\n\t<meta name=\"twitter:data2\" content=\"5 minutos\" \/>\n<script type=\"application\/ld+json\" class=\"yoast-schema-graph\">{\"@context\":\"https:\\\/\\\/schema.org\",\"@graph\":[{\"@type\":\"Article\",\"@id\":\"https:\\\/\\\/diariotextual.com\\\/inicio\\\/index.php\\\/2022\\\/06\\\/21\\\/mas-de-44-millones-de-personas-visitaron-destinos-turisticos-en-el-fin-de-semana-largo\\\/#article\",\"isPartOf\":{\"@id\":\"https:\\\/\\\/diariotextual.com\\\/inicio\\\/index.php\\\/2022\\\/06\\\/21\\\/mas-de-44-millones-de-personas-visitaron-destinos-turisticos-en-el-fin-de-semana-largo\\\/\"},\"author\":{\"name\":\"diario2\",\"@id\":\"https:\\\/\\\/diariotextual.com\\\/inicio\\\/#\\\/schema\\\/person\\\/694f60677f23c4a530867a98f22b3768\"},\"headline\":\"M\u00e1s de 4,4 millones de personas visitaron destinos tur\u00edsticos en el fin de semana largo\",\"datePublished\":\"2022-06-21T11:45:07+00:00\",\"dateModified\":\"2022-06-21T11:47:37+00:00\",\"mainEntityOfPage\":{\"@id\":\"https:\\\/\\\/diariotextual.com\\\/inicio\\\/index.php\\\/2022\\\/06\\\/21\\\/mas-de-44-millones-de-personas-visitaron-destinos-turisticos-en-el-fin-de-semana-largo\\\/\"},\"wordCount\":1049,\"publisher\":{\"@id\":\"https:\\\/\\\/diariotextual.com\\\/inicio\\\/#organization\"},\"image\":{\"@id\":\"https:\\\/\\\/diariotextual.com\\\/inicio\\\/index.php\\\/2022\\\/06\\\/21\\\/mas-de-44-millones-de-personas-visitaron-destinos-turisticos-en-el-fin-de-semana-largo\\\/#primaryimage\"},\"thumbnailUrl\":\"https:\\\/\\\/diariotextual.com\\\/inicio\\\/wp-content\\\/uploads\\\/2020\\\/05\\\/JujuyTurismo.jpg\",\"keywords\":[\"turismo\"],\"articleSection\":[\"A - DESTACADAS (mod 16)\",\"SOCIEDAD\"],\"inLanguage\":\"es\"},{\"@type\":\"WebPage\",\"@id\":\"https:\\\/\\\/diariotextual.com\\\/inicio\\\/index.php\\\/2022\\\/06\\\/21\\\/mas-de-44-millones-de-personas-visitaron-destinos-turisticos-en-el-fin-de-semana-largo\\\/\",\"url\":\"https:\\\/\\\/diariotextual.com\\\/inicio\\\/index.php\\\/2022\\\/06\\\/21\\\/mas-de-44-millones-de-personas-visitaron-destinos-turisticos-en-el-fin-de-semana-largo\\\/\",\"name\":\"M\u00e1s de 4,4 millones de personas visitaron destinos tur\u00edsticos en el fin de semana largo - Diario Textual\",\"isPartOf\":{\"@id\":\"https:\\\/\\\/diariotextual.com\\\/inicio\\\/#website\"},\"primaryImageOfPage\":{\"@id\":\"https:\\\/\\\/diariotextual.com\\\/inicio\\\/index.php\\\/2022\\\/06\\\/21\\\/mas-de-44-millones-de-personas-visitaron-destinos-turisticos-en-el-fin-de-semana-largo\\\/#primaryimage\"},\"image\":{\"@id\":\"https:\\\/\\\/diariotextual.com\\\/inicio\\\/index.php\\\/2022\\\/06\\\/21\\\/mas-de-44-millones-de-personas-visitaron-destinos-turisticos-en-el-fin-de-semana-largo\\\/#primaryimage\"},\"thumbnailUrl\":\"https:\\\/\\\/diariotextual.com\\\/inicio\\\/wp-content\\\/uploads\\\/2020\\\/05\\\/JujuyTurismo.jpg\",\"datePublished\":\"2022-06-21T11:45:07+00:00\",\"dateModified\":\"2022-06-21T11:47:37+00:00\",\"breadcrumb\":{\"@id\":\"https:\\\/\\\/diariotextual.com\\\/inicio\\\/index.php\\\/2022\\\/06\\\/21\\\/mas-de-44-millones-de-personas-visitaron-destinos-turisticos-en-el-fin-de-semana-largo\\\/#breadcrumb\"},\"inLanguage\":\"es\",\"potentialAction\":[{\"@type\":\"ReadAction\",\"target\":[\"https:\\\/\\\/diariotextual.com\\\/inicio\\\/index.php\\\/2022\\\/06\\\/21\\\/mas-de-44-millones-de-personas-visitaron-destinos-turisticos-en-el-fin-de-semana-largo\\\/\"]}]},{\"@type\":\"ImageObject\",\"inLanguage\":\"es\",\"@id\":\"https:\\\/\\\/diariotextual.com\\\/inicio\\\/index.php\\\/2022\\\/06\\\/21\\\/mas-de-44-millones-de-personas-visitaron-destinos-turisticos-en-el-fin-de-semana-largo\\\/#primaryimage\",\"url\":\"https:\\\/\\\/diariotextual.com\\\/inicio\\\/wp-content\\\/uploads\\\/2020\\\/05\\\/JujuyTurismo.jpg\",\"contentUrl\":\"https:\\\/\\\/diariotextual.com\\\/inicio\\\/wp-content\\\/uploads\\\/2020\\\/05\\\/JujuyTurismo.jpg\",\"width\":700,\"height\":394},{\"@type\":\"BreadcrumbList\",\"@id\":\"https:\\\/\\\/diariotextual.com\\\/inicio\\\/index.php\\\/2022\\\/06\\\/21\\\/mas-de-44-millones-de-personas-visitaron-destinos-turisticos-en-el-fin-de-semana-largo\\\/#breadcrumb\",\"itemListElement\":[{\"@type\":\"ListItem\",\"position\":1,\"name\":\"Portada\",\"item\":\"https:\\\/\\\/diariotextual.com\\\/inicio\\\/\"},{\"@type\":\"ListItem\",\"position\":2,\"name\":\"M\u00e1s de 4,4 millones de personas visitaron destinos tur\u00edsticos en el fin de semana largo\"}]},{\"@type\":\"WebSite\",\"@id\":\"https:\\\/\\\/diariotextual.com\\\/inicio\\\/#website\",\"url\":\"https:\\\/\\\/diariotextual.com\\\/inicio\\\/\",\"name\":\"Diario Textual\",\"description\":\"\",\"publisher\":{\"@id\":\"https:\\\/\\\/diariotextual.com\\\/inicio\\\/#organization\"},\"potentialAction\":[{\"@type\":\"SearchAction\",\"target\":{\"@type\":\"EntryPoint\",\"urlTemplate\":\"https:\\\/\\\/diariotextual.com\\\/inicio\\\/?s={search_term_string}\"},\"query-input\":{\"@type\":\"PropertyValueSpecification\",\"valueRequired\":true,\"valueName\":\"search_term_string\"}}],\"inLanguage\":\"es\"},{\"@type\":\"Organization\",\"@id\":\"https:\\\/\\\/diariotextual.com\\\/inicio\\\/#organization\",\"name\":\"Diario Textual\",\"url\":\"https:\\\/\\\/diariotextual.com\\\/inicio\\\/\",\"logo\":{\"@type\":\"ImageObject\",\"inLanguage\":\"es\",\"@id\":\"https:\\\/\\\/diariotextual.com\\\/inicio\\\/#\\\/schema\\\/logo\\\/image\\\/\",\"url\":\"https:\\\/\\\/diariotextual.com\\\/inicio\\\/wp-content\\\/uploads\\\/2023\\\/05\\\/logotextual1.jpg\",\"contentUrl\":\"https:\\\/\\\/diariotextual.com\\\/inicio\\\/wp-content\\\/uploads\\\/2023\\\/05\\\/logotextual1.jpg\",\"width\":516,\"height\":76,\"caption\":\"Diario Textual\"},\"image\":{\"@id\":\"https:\\\/\\\/diariotextual.com\\\/inicio\\\/#\\\/schema\\\/logo\\\/image\\\/\"},\"sameAs\":[\"https:\\\/\\\/www.facebook.com\\\/eltextual\",\"https:\\\/\\\/x.com\\\/eltextual\",\"http:\\\/\\\/www.instagram.com\\\/eltextual\"]},{\"@type\":\"Person\",\"@id\":\"https:\\\/\\\/diariotextual.com\\\/inicio\\\/#\\\/schema\\\/person\\\/694f60677f23c4a530867a98f22b3768\",\"name\":\"diario2\",\"image\":{\"@type\":\"ImageObject\",\"inLanguage\":\"es\",\"@id\":\"https:\\\/\\\/secure.gravatar.com\\\/avatar\\\/5a2567495ba16b852fcd8f1ed006a2e24fcace936018ed8237e95f488ad6e0a7?s=96&d=mm&r=g\",\"url\":\"https:\\\/\\\/secure.gravatar.com\\\/avatar\\\/5a2567495ba16b852fcd8f1ed006a2e24fcace936018ed8237e95f488ad6e0a7?s=96&d=mm&r=g\",\"contentUrl\":\"https:\\\/\\\/secure.gravatar.com\\\/avatar\\\/5a2567495ba16b852fcd8f1ed006a2e24fcace936018ed8237e95f488ad6e0a7?s=96&d=mm&r=g\",\"caption\":\"diario2\"},\"url\":\"https:\\\/\\\/diariotextual.com\\\/inicio\\\/index.php\\\/author\\\/diario2\\\/\"}]}<\/script>\n<!-- \/ Yoast SEO plugin. -->","yoast_head_json":{"title":"M\u00e1s de 4,4 millones de personas visitaron destinos tur\u00edsticos en el fin de semana largo - Diario Textual","robots":{"index":"index","follow":"follow","max-snippet":"max-snippet:-1","max-image-preview":"max-image-preview:large","max-video-preview":"max-video-preview:-1"},"canonical":"https:\/\/diariotextual.com\/inicio\/index.php\/2022\/06\/21\/mas-de-44-millones-de-personas-visitaron-destinos-turisticos-en-el-fin-de-semana-largo\/","og_locale":"es_ES","og_type":"article","og_title":"M\u00e1s de 4,4 millones de personas visitaron destinos tur\u00edsticos en el fin de semana largo - Diario Textual","og_description":"M\u00e1s de 4,4 millones de personas visitaron destinos tur\u00edsticos argentinos en este fin de semana largo, lo que represent\u00f3 una\u00a0suba de casi 120% respecto del feriado similar de 2019, y\u00a0gastaron&hellip;","og_url":"https:\/\/diariotextual.com\/inicio\/index.php\/2022\/06\/21\/mas-de-44-millones-de-personas-visitaron-destinos-turisticos-en-el-fin-de-semana-largo\/","og_site_name":"Diario Textual","article_publisher":"https:\/\/www.facebook.com\/eltextual","article_published_time":"2022-06-21T11:45:07+00:00","article_modified_time":"2022-06-21T11:47:37+00:00","og_image":[{"width":700,"height":394,"url":"https:\/\/diariotextual.com\/inicio\/wp-content\/uploads\/2020\/05\/JujuyTurismo.jpg","type":"image\/jpeg"}],"author":"diario2","twitter_card":"summary_large_image","twitter_creator":"@eltextual","twitter_site":"@eltextual","twitter_misc":{"Escrito por":"diario2","Tiempo de lectura":"5 minutos"},"schema":{"@context":"https:\/\/schema.org","@graph":[{"@type":"Article","@id":"https:\/\/diariotextual.com\/inicio\/index.php\/2022\/06\/21\/mas-de-44-millones-de-personas-visitaron-destinos-turisticos-en-el-fin-de-semana-largo\/#article","isPartOf":{"@id":"https:\/\/diariotextual.com\/inicio\/index.php\/2022\/06\/21\/mas-de-44-millones-de-personas-visitaron-destinos-turisticos-en-el-fin-de-semana-largo\/"},"author":{"name":"diario2","@id":"https:\/\/diariotextual.com\/inicio\/#\/schema\/person\/694f60677f23c4a530867a98f22b3768"},"headline":"M\u00e1s de 4,4 millones de personas visitaron destinos tur\u00edsticos en el fin de semana largo","datePublished":"2022-06-21T11:45:07+00:00","dateModified":"2022-06-21T11:47:37+00:00","mainEntityOfPage":{"@id":"https:\/\/diariotextual.com\/inicio\/index.php\/2022\/06\/21\/mas-de-44-millones-de-personas-visitaron-destinos-turisticos-en-el-fin-de-semana-largo\/"},"wordCount":1049,"publisher":{"@id":"https:\/\/diariotextual.com\/inicio\/#organization"},"image":{"@id":"https:\/\/diariotextual.com\/inicio\/index.php\/2022\/06\/21\/mas-de-44-millones-de-personas-visitaron-destinos-turisticos-en-el-fin-de-semana-largo\/#primaryimage"},"thumbnailUrl":"https:\/\/diariotextual.com\/inicio\/wp-content\/uploads\/2020\/05\/JujuyTurismo.jpg","keywords":["turismo"],"articleSection":["A - DESTACADAS (mod 16)","SOCIEDAD"],"inLanguage":"es"},{"@type":"WebPage","@id":"https:\/\/diariotextual.com\/inicio\/index.php\/2022\/06\/21\/mas-de-44-millones-de-personas-visitaron-destinos-turisticos-en-el-fin-de-semana-largo\/","url":"https:\/\/diariotextual.com\/inicio\/index.php\/2022\/06\/21\/mas-de-44-millones-de-personas-visitaron-destinos-turisticos-en-el-fin-de-semana-largo\/","name":"M\u00e1s de 4,4 millones de personas visitaron destinos tur\u00edsticos en el fin de semana largo - Diario Textual","isPartOf":{"@id":"https:\/\/diariotextual.com\/inicio\/#website"},"primaryImageOfPage":{"@id":"https:\/\/diariotextual.com\/inicio\/index.php\/2022\/06\/21\/mas-de-44-millones-de-personas-visitaron-destinos-turisticos-en-el-fin-de-semana-largo\/#primaryimage"},"image":{"@id":"https:\/\/diariotextual.com\/inicio\/index.php\/2022\/06\/21\/mas-de-44-millones-de-personas-visitaron-destinos-turisticos-en-el-fin-de-semana-largo\/#primaryimage"},"thumbnailUrl":"https:\/\/diariotextual.com\/inicio\/wp-content\/uploads\/2020\/05\/JujuyTurismo.jpg","datePublished":"2022-06-21T11:45:07+00:00","dateModified":"2022-06-21T11:47:37+00:00","breadcrumb":{"@id":"https:\/\/diariotextual.com\/inicio\/index.php\/2022\/06\/21\/mas-de-44-millones-de-personas-visitaron-destinos-turisticos-en-el-fin-de-semana-largo\/#breadcrumb"},"inLanguage":"es","potentialAction":[{"@type":"ReadAction","target":["https:\/\/diariotextual.com\/inicio\/index.php\/2022\/06\/21\/mas-de-44-millones-de-personas-visitaron-destinos-turisticos-en-el-fin-de-semana-largo\/"]}]},{"@type":"ImageObject","inLanguage":"es","@id":"https:\/\/diariotextual.com\/inicio\/index.php\/2022\/06\/21\/mas-de-44-millones-de-personas-visitaron-destinos-turisticos-en-el-fin-de-semana-largo\/#primaryimage","url":"https:\/\/diariotextual.com\/inicio\/wp-content\/uploads\/2020\/05\/JujuyTurismo.jpg","contentUrl":"https:\/\/diariotextual.com\/inicio\/wp-content\/uploads\/2020\/05\/JujuyTurismo.jpg","width":700,"height":394},{"@type":"BreadcrumbList","@id":"https:\/\/diariotextual.com\/inicio\/index.php\/2022\/06\/21\/mas-de-44-millones-de-personas-visitaron-destinos-turisticos-en-el-fin-de-semana-largo\/#breadcrumb","itemListElement":[{"@type":"ListItem","position":1,"name":"Portada","item":"https:\/\/diariotextual.com\/inicio\/"},{"@type":"ListItem","position":2,"name":"M\u00e1s de 4,4 millones de personas visitaron destinos tur\u00edsticos en el fin de semana largo"}]},{"@type":"WebSite","@id":"https:\/\/diariotextual.com\/inicio\/#website","url":"https:\/\/diariotextual.com\/inicio\/","name":"Diario Textual","description":"","publisher":{"@id":"https:\/\/diariotextual.com\/inicio\/#organization"},"potentialAction":[{"@type":"SearchAction","target":{"@type":"EntryPoint","urlTemplate":"https:\/\/diariotextual.com\/inicio\/?s={search_term_string}"},"query-input":{"@type":"PropertyValueSpecification","valueRequired":true,"valueName":"search_term_string"}}],"inLanguage":"es"},{"@type":"Organization","@id":"https:\/\/diariotextual.com\/inicio\/#organization","name":"Diario Textual","url":"https:\/\/diariotextual.com\/inicio\/","logo":{"@type":"ImageObject","inLanguage":"es","@id":"https:\/\/diariotextual.com\/inicio\/#\/schema\/logo\/image\/","url":"https:\/\/diariotextual.com\/inicio\/wp-content\/uploads\/2023\/05\/logotextual1.jpg","contentUrl":"https:\/\/diariotextual.com\/inicio\/wp-content\/uploads\/2023\/05\/logotextual1.jpg","width":516,"height":76,"caption":"Diario Textual"},"image":{"@id":"https:\/\/diariotextual.com\/inicio\/#\/schema\/logo\/image\/"},"sameAs":["https:\/\/www.facebook.com\/eltextual","https:\/\/x.com\/eltextual","http:\/\/www.instagram.com\/eltextual"]},{"@type":"Person","@id":"https:\/\/diariotextual.com\/inicio\/#\/schema\/person\/694f60677f23c4a530867a98f22b3768","name":"diario2","image":{"@type":"ImageObject","inLanguage":"es","@id":"https:\/\/secure.gravatar.com\/avatar\/5a2567495ba16b852fcd8f1ed006a2e24fcace936018ed8237e95f488ad6e0a7?s=96&d=mm&r=g","url":"https:\/\/secure.gravatar.com\/avatar\/5a2567495ba16b852fcd8f1ed006a2e24fcace936018ed8237e95f488ad6e0a7?s=96&d=mm&r=g","contentUrl":"https:\/\/secure.gravatar.com\/avatar\/5a2567495ba16b852fcd8f1ed006a2e24fcace936018ed8237e95f488ad6e0a7?s=96&d=mm&r=g","caption":"diario2"},"url":"https:\/\/diariotextual.com\/inicio\/index.php\/author\/diario2\/"}]}},"_links":{"self":[{"href":"https:\/\/diariotextual.com\/inicio\/index.php\/wp-json\/wp\/v2\/posts\/191989","targetHints":{"allow":["GET"]}}],"collection":[{"href":"https:\/\/diariotextual.com\/inicio\/index.php\/wp-json\/wp\/v2\/posts"}],"about":[{"href":"https:\/\/diariotextual.com\/inicio\/index.php\/wp-json\/wp\/v2\/types\/post"}],"author":[{"embeddable":true,"href":"https:\/\/diariotextual.com\/inicio\/index.php\/wp-json\/wp\/v2\/users\/4"}],"replies":[{"embeddable":true,"href":"https:\/\/diariotextual.com\/inicio\/index.php\/wp-json\/wp\/v2\/comments?post=191989"}],"version-history":[{"count":2,"href":"https:\/\/diariotextual.com\/inicio\/index.php\/wp-json\/wp\/v2\/posts\/191989\/revisions"}],"predecessor-version":[{"id":191992,"href":"https:\/\/diariotextual.com\/inicio\/index.php\/wp-json\/wp\/v2\/posts\/191989\/revisions\/191992"}],"wp:featuredmedia":[{"embeddable":true,"href":"https:\/\/diariotextual.com\/inicio\/index.php\/wp-json\/wp\/v2\/media\/92293"}],"wp:attachment":[{"href":"https:\/\/diariotextual.com\/inicio\/index.php\/wp-json\/wp\/v2\/media?parent=191989"}],"wp:term":[{"taxonomy":"category","embeddable":true,"href":"https:\/\/diariotextual.com\/inicio\/index.php\/wp-json\/wp\/v2\/categories?post=191989"},{"taxonomy":"post_tag","embeddable":true,"href":"https:\/\/diariotextual.com\/inicio\/index.php\/wp-json\/wp\/v2\/tags?post=191989"}],"curies":[{"name":"wp","href":"https:\/\/api.w.org\/{rel}","templated":true}]}}