{"id":192042,"date":"2022-06-21T13:01:04","date_gmt":"2022-06-21T16:01:04","guid":{"rendered":"https:\/\/diariotextual.com\/inicio\/?p=192042"},"modified":"2022-06-21T13:01:07","modified_gmt":"2022-06-21T16:01:07","slug":"casos-de-violencia-en-las-escuelas-el-pro-quiere-que-al-ministro-maccione-en-la-legislatura","status":"publish","type":"post","link":"https:\/\/diariotextual.com\/inicio\/index.php\/2022\/06\/21\/casos-de-violencia-en-las-escuelas-el-pro-quiere-que-al-ministro-maccione-en-la-legislatura\/","title":{"rendered":"Casos de violencia en las escuelas: el PRO quiere que al ministro Maccione en la Legislatura"},"content":{"rendered":"\n<p>La diputada Mar\u00eda Laura Trapaglia (PRO) pidi\u00f3, a trav\u00e9s de un proyecto, que sea convocado el ministro de Educaci\u00f3n de La Pampa, Pablo Maccione, para que brinde explicaciones sobre las medidas que tomar\u00e1n desde la cartera educativa con respecto a la crisis de violencia que se est\u00e1 manifestando en las escuelas de la provincia.<\/p>\n\n\n\n<p>\u201cEl reclamo que existi\u00f3 esta semana por parte de los docentes es totalmente leg\u00edtimo. En las escuelas de la provincia se est\u00e1 viviendo una situaci\u00f3n de violencia que afecta tanto a docentes como a los alumnos y sus familias. Tiene que ver con el estado de \u00e1nimo social, que repercute en los \u00e1mbitos acad\u00e9micos\u201d, dijo la legisladora.<\/p>\n\n\n\n<p>\u201cEs cuesti\u00f3n de recorrer las escuelas de La Pampa para enterarse de los sucesivos actos de violencia que ocurren. Creemos que es necesaria la presencia del ministro Maccione. Esta situaci\u00f3n es parte de una crisis generalizada del sistema educativo, que comenz\u00f3 antes de la pandemia, se agrav\u00f3 con la falta de clases y ahora empeora con un clima hostil en muchos centros educativos. Se tienen que tomar medidas que contemplen toda esta situaci\u00f3n de manera integral\u201d, sostuvo.<\/p>\n\n\n\n<p>El pedido de la diputada Trapaglia contempla que el Ministro Maccione informe en forma verbal y escrita las escuelas donde se han denunciado por las autoridades directivas casos por violencia a nivel provincial; detalle la cantidad de denuncias que se han realizado; cu\u00e1les han sido realizadas por docentes y cu\u00e1les por alumnos o familiares de ellos; y qu\u00e9 medidas se ha resuelto tomar al respecto. \u201cTambi\u00e9n queremos saber qu\u00e9 medidas de seguridad se han tomado en relaci\u00f3n a la protecci\u00f3n de los docentes que realizan las denuncias\u201d, agreg\u00f3.<\/p>\n","protected":false},"excerpt":{"rendered":"<p>La diputada Mar\u00eda Laura Trapaglia (PRO) pidi\u00f3, a trav\u00e9s de un proyecto, que sea convocado el ministro de Educaci\u00f3n de La Pampa, Pablo Maccione, para que brinde explicaciones sobre las&hellip;<\/p>\n","protected":false},"author":3,"featured_media":190255,"comment_status":"closed","ping_status":"open","sticky":false,"template":"","format":"standard","meta":{"_acf_changed":false,"footnotes":""},"categories":[4,8],"tags":[661],"class_list":["post-192042","post","type-post","status-publish","format-standard","has-post-thumbnail","hentry","category-destacadas","category-politica","tag-violencia"],"acf":[],"yoast_head":"<!-- This site is optimized with the Yoast SEO plugin v27.5 - https:\/\/yoast.com\/product\/yoast-seo-wordpress\/ -->\n<title>Casos de violencia en las escuelas: el PRO quiere que al ministro Maccione en la Legislatura - Diario Textual<\/title>\n<meta name=\"robots\" content=\"index, follow, max-snippet:-1, max-image-preview:large, max-video-preview:-1\" \/>\n<link rel=\"canonical\" href=\"https:\/\/diariotextual.com\/inicio\/index.php\/2022\/06\/21\/casos-de-violencia-en-las-escuelas-el-pro-quiere-que-al-ministro-maccione-en-la-legislatura\/\" \/>\n<meta property=\"og:locale\" content=\"es_ES\" \/>\n<meta property=\"og:type\" content=\"article\" \/>\n<meta property=\"og:title\" content=\"Casos de violencia en las escuelas: el PRO quiere que al ministro Maccione en la Legislatura - Diario Textual\" \/>\n<meta property=\"og:description\" content=\"La diputada Mar\u00eda Laura Trapaglia (PRO) pidi\u00f3, a trav\u00e9s de un proyecto, que sea convocado el ministro de Educaci\u00f3n de La Pampa, Pablo Maccione, para que brinde explicaciones sobre las&hellip;\" \/>\n<meta property=\"og:url\" content=\"https:\/\/diariotextual.com\/inicio\/index.php\/2022\/06\/21\/casos-de-violencia-en-las-escuelas-el-pro-quiere-que-al-ministro-maccione-en-la-legislatura\/\" \/>\n<meta property=\"og:site_name\" content=\"Diario Textual\" \/>\n<meta property=\"article:publisher\" content=\"https:\/\/www.facebook.com\/eltextual\" \/>\n<meta property=\"article:published_time\" content=\"2022-06-21T16:01:04+00:00\" \/>\n<meta property=\"article:modified_time\" content=\"2022-06-21T16:01:07+00:00\" \/>\n<meta property=\"og:image\" content=\"https:\/\/diariotextual.com\/inicio\/wp-content\/uploads\/2022\/06\/maccionepablo2022-10.jpg\" \/>\n\t<meta property=\"og:image:width\" content=\"1500\" \/>\n\t<meta property=\"og:image:height\" content=\"1001\" \/>\n\t<meta property=\"og:image:type\" content=\"image\/jpeg\" \/>\n<meta name=\"author\" content=\"Diario1 Diario1\" \/>\n<meta name=\"twitter:card\" content=\"summary_large_image\" \/>\n<meta name=\"twitter:creator\" content=\"@eltextual\" \/>\n<meta name=\"twitter:site\" content=\"@eltextual\" \/>\n<meta name=\"twitter:label1\" content=\"Escrito por\" \/>\n\t<meta name=\"twitter:data1\" content=\"Diario1 Diario1\" \/>\n\t<meta name=\"twitter:label2\" content=\"Tiempo de lectura\" \/>\n\t<meta name=\"twitter:data2\" content=\"2 minutos\" \/>\n<script type=\"application\/ld+json\" class=\"yoast-schema-graph\">{\"@context\":\"https:\\\/\\\/schema.org\",\"@graph\":[{\"@type\":\"Article\",\"@id\":\"https:\\\/\\\/diariotextual.com\\\/inicio\\\/index.php\\\/2022\\\/06\\\/21\\\/casos-de-violencia-en-las-escuelas-el-pro-quiere-que-al-ministro-maccione-en-la-legislatura\\\/#article\",\"isPartOf\":{\"@id\":\"https:\\\/\\\/diariotextual.com\\\/inicio\\\/index.php\\\/2022\\\/06\\\/21\\\/casos-de-violencia-en-las-escuelas-el-pro-quiere-que-al-ministro-maccione-en-la-legislatura\\\/\"},\"author\":{\"name\":\"Diario1 Diario1\",\"@id\":\"https:\\\/\\\/diariotextual.com\\\/inicio\\\/#\\\/schema\\\/person\\\/418fc4093c33e86ed41562db3508f958\"},\"headline\":\"Casos de violencia en las escuelas: el PRO quiere que al ministro Maccione en la Legislatura\",\"datePublished\":\"2022-06-21T16:01:04+00:00\",\"dateModified\":\"2022-06-21T16:01:07+00:00\",\"mainEntityOfPage\":{\"@id\":\"https:\\\/\\\/diariotextual.com\\\/inicio\\\/index.php\\\/2022\\\/06\\\/21\\\/casos-de-violencia-en-las-escuelas-el-pro-quiere-que-al-ministro-maccione-en-la-legislatura\\\/\"},\"wordCount\":307,\"publisher\":{\"@id\":\"https:\\\/\\\/diariotextual.com\\\/inicio\\\/#organization\"},\"image\":{\"@id\":\"https:\\\/\\\/diariotextual.com\\\/inicio\\\/index.php\\\/2022\\\/06\\\/21\\\/casos-de-violencia-en-las-escuelas-el-pro-quiere-que-al-ministro-maccione-en-la-legislatura\\\/#primaryimage\"},\"thumbnailUrl\":\"https:\\\/\\\/diariotextual.com\\\/inicio\\\/wp-content\\\/uploads\\\/2022\\\/06\\\/maccionepablo2022-10.jpg\",\"keywords\":[\"violencia\"],\"articleSection\":[\"A - DESTACADAS (mod 16)\",\"POLITICA\"],\"inLanguage\":\"es\"},{\"@type\":\"WebPage\",\"@id\":\"https:\\\/\\\/diariotextual.com\\\/inicio\\\/index.php\\\/2022\\\/06\\\/21\\\/casos-de-violencia-en-las-escuelas-el-pro-quiere-que-al-ministro-maccione-en-la-legislatura\\\/\",\"url\":\"https:\\\/\\\/diariotextual.com\\\/inicio\\\/index.php\\\/2022\\\/06\\\/21\\\/casos-de-violencia-en-las-escuelas-el-pro-quiere-que-al-ministro-maccione-en-la-legislatura\\\/\",\"name\":\"Casos de violencia en las escuelas: el PRO quiere que al ministro Maccione en la Legislatura - Diario Textual\",\"isPartOf\":{\"@id\":\"https:\\\/\\\/diariotextual.com\\\/inicio\\\/#website\"},\"primaryImageOfPage\":{\"@id\":\"https:\\\/\\\/diariotextual.com\\\/inicio\\\/index.php\\\/2022\\\/06\\\/21\\\/casos-de-violencia-en-las-escuelas-el-pro-quiere-que-al-ministro-maccione-en-la-legislatura\\\/#primaryimage\"},\"image\":{\"@id\":\"https:\\\/\\\/diariotextual.com\\\/inicio\\\/index.php\\\/2022\\\/06\\\/21\\\/casos-de-violencia-en-las-escuelas-el-pro-quiere-que-al-ministro-maccione-en-la-legislatura\\\/#primaryimage\"},\"thumbnailUrl\":\"https:\\\/\\\/diariotextual.com\\\/inicio\\\/wp-content\\\/uploads\\\/2022\\\/06\\\/maccionepablo2022-10.jpg\",\"datePublished\":\"2022-06-21T16:01:04+00:00\",\"dateModified\":\"2022-06-21T16:01:07+00:00\",\"breadcrumb\":{\"@id\":\"https:\\\/\\\/diariotextual.com\\\/inicio\\\/index.php\\\/2022\\\/06\\\/21\\\/casos-de-violencia-en-las-escuelas-el-pro-quiere-que-al-ministro-maccione-en-la-legislatura\\\/#breadcrumb\"},\"inLanguage\":\"es\",\"potentialAction\":[{\"@type\":\"ReadAction\",\"target\":[\"https:\\\/\\\/diariotextual.com\\\/inicio\\\/index.php\\\/2022\\\/06\\\/21\\\/casos-de-violencia-en-las-escuelas-el-pro-quiere-que-al-ministro-maccione-en-la-legislatura\\\/\"]}]},{\"@type\":\"ImageObject\",\"inLanguage\":\"es\",\"@id\":\"https:\\\/\\\/diariotextual.com\\\/inicio\\\/index.php\\\/2022\\\/06\\\/21\\\/casos-de-violencia-en-las-escuelas-el-pro-quiere-que-al-ministro-maccione-en-la-legislatura\\\/#primaryimage\",\"url\":\"https:\\\/\\\/diariotextual.com\\\/inicio\\\/wp-content\\\/uploads\\\/2022\\\/06\\\/maccionepablo2022-10.jpg\",\"contentUrl\":\"https:\\\/\\\/diariotextual.com\\\/inicio\\\/wp-content\\\/uploads\\\/2022\\\/06\\\/maccionepablo2022-10.jpg\",\"width\":1500,\"height\":1001},{\"@type\":\"BreadcrumbList\",\"@id\":\"https:\\\/\\\/diariotextual.com\\\/inicio\\\/index.php\\\/2022\\\/06\\\/21\\\/casos-de-violencia-en-las-escuelas-el-pro-quiere-que-al-ministro-maccione-en-la-legislatura\\\/#breadcrumb\",\"itemListElement\":[{\"@type\":\"ListItem\",\"position\":1,\"name\":\"Portada\",\"item\":\"https:\\\/\\\/diariotextual.com\\\/inicio\\\/\"},{\"@type\":\"ListItem\",\"position\":2,\"name\":\"Casos de violencia en las escuelas: el PRO quiere que al ministro Maccione en la Legislatura\"}]},{\"@type\":\"WebSite\",\"@id\":\"https:\\\/\\\/diariotextual.com\\\/inicio\\\/#website\",\"url\":\"https:\\\/\\\/diariotextual.com\\\/inicio\\\/\",\"name\":\"Diario Textual\",\"description\":\"\",\"publisher\":{\"@id\":\"https:\\\/\\\/diariotextual.com\\\/inicio\\\/#organization\"},\"potentialAction\":[{\"@type\":\"SearchAction\",\"target\":{\"@type\":\"EntryPoint\",\"urlTemplate\":\"https:\\\/\\\/diariotextual.com\\\/inicio\\\/?s={search_term_string}\"},\"query-input\":{\"@type\":\"PropertyValueSpecification\",\"valueRequired\":true,\"valueName\":\"search_term_string\"}}],\"inLanguage\":\"es\"},{\"@type\":\"Organization\",\"@id\":\"https:\\\/\\\/diariotextual.com\\\/inicio\\\/#organization\",\"name\":\"Diario Textual\",\"url\":\"https:\\\/\\\/diariotextual.com\\\/inicio\\\/\",\"logo\":{\"@type\":\"ImageObject\",\"inLanguage\":\"es\",\"@id\":\"https:\\\/\\\/diariotextual.com\\\/inicio\\\/#\\\/schema\\\/logo\\\/image\\\/\",\"url\":\"https:\\\/\\\/diariotextual.com\\\/inicio\\\/wp-content\\\/uploads\\\/2023\\\/05\\\/logotextual1.jpg\",\"contentUrl\":\"https:\\\/\\\/diariotextual.com\\\/inicio\\\/wp-content\\\/uploads\\\/2023\\\/05\\\/logotextual1.jpg\",\"width\":516,\"height\":76,\"caption\":\"Diario Textual\"},\"image\":{\"@id\":\"https:\\\/\\\/diariotextual.com\\\/inicio\\\/#\\\/schema\\\/logo\\\/image\\\/\"},\"sameAs\":[\"https:\\\/\\\/www.facebook.com\\\/eltextual\",\"https:\\\/\\\/x.com\\\/eltextual\",\"http:\\\/\\\/www.instagram.com\\\/eltextual\"]},{\"@type\":\"Person\",\"@id\":\"https:\\\/\\\/diariotextual.com\\\/inicio\\\/#\\\/schema\\\/person\\\/418fc4093c33e86ed41562db3508f958\",\"name\":\"Diario1 Diario1\",\"image\":{\"@type\":\"ImageObject\",\"inLanguage\":\"es\",\"@id\":\"https:\\\/\\\/secure.gravatar.com\\\/avatar\\\/9167d280179c85bc18be67aa7eda765854300033af4896dd779b608640f2ef7a?s=96&d=mm&r=g\",\"url\":\"https:\\\/\\\/secure.gravatar.com\\\/avatar\\\/9167d280179c85bc18be67aa7eda765854300033af4896dd779b608640f2ef7a?s=96&d=mm&r=g\",\"contentUrl\":\"https:\\\/\\\/secure.gravatar.com\\\/avatar\\\/9167d280179c85bc18be67aa7eda765854300033af4896dd779b608640f2ef7a?s=96&d=mm&r=g\",\"caption\":\"Diario1 Diario1\"},\"url\":\"https:\\\/\\\/diariotextual.com\\\/inicio\\\/index.php\\\/author\\\/diario1\\\/\"}]}<\/script>\n<!-- \/ Yoast SEO plugin. -->","yoast_head_json":{"title":"Casos de violencia en las escuelas: el PRO quiere que al ministro Maccione en la Legislatura - Diario Textual","robots":{"index":"index","follow":"follow","max-snippet":"max-snippet:-1","max-image-preview":"max-image-preview:large","max-video-preview":"max-video-preview:-1"},"canonical":"https:\/\/diariotextual.com\/inicio\/index.php\/2022\/06\/21\/casos-de-violencia-en-las-escuelas-el-pro-quiere-que-al-ministro-maccione-en-la-legislatura\/","og_locale":"es_ES","og_type":"article","og_title":"Casos de violencia en las escuelas: el PRO quiere que al ministro Maccione en la Legislatura - Diario Textual","og_description":"La diputada Mar\u00eda Laura Trapaglia (PRO) pidi\u00f3, a trav\u00e9s de un proyecto, que sea convocado el ministro de Educaci\u00f3n de La Pampa, Pablo Maccione, para que brinde explicaciones sobre las&hellip;","og_url":"https:\/\/diariotextual.com\/inicio\/index.php\/2022\/06\/21\/casos-de-violencia-en-las-escuelas-el-pro-quiere-que-al-ministro-maccione-en-la-legislatura\/","og_site_name":"Diario Textual","article_publisher":"https:\/\/www.facebook.com\/eltextual","article_published_time":"2022-06-21T16:01:04+00:00","article_modified_time":"2022-06-21T16:01:07+00:00","og_image":[{"width":1500,"height":1001,"url":"https:\/\/diariotextual.com\/inicio\/wp-content\/uploads\/2022\/06\/maccionepablo2022-10.jpg","type":"image\/jpeg"}],"author":"Diario1 Diario1","twitter_card":"summary_large_image","twitter_creator":"@eltextual","twitter_site":"@eltextual","twitter_misc":{"Escrito por":"Diario1 Diario1","Tiempo de lectura":"2 minutos"},"schema":{"@context":"https:\/\/schema.org","@graph":[{"@type":"Article","@id":"https:\/\/diariotextual.com\/inicio\/index.php\/2022\/06\/21\/casos-de-violencia-en-las-escuelas-el-pro-quiere-que-al-ministro-maccione-en-la-legislatura\/#article","isPartOf":{"@id":"https:\/\/diariotextual.com\/inicio\/index.php\/2022\/06\/21\/casos-de-violencia-en-las-escuelas-el-pro-quiere-que-al-ministro-maccione-en-la-legislatura\/"},"author":{"name":"Diario1 Diario1","@id":"https:\/\/diariotextual.com\/inicio\/#\/schema\/person\/418fc4093c33e86ed41562db3508f958"},"headline":"Casos de violencia en las escuelas: el PRO quiere que al ministro Maccione en la Legislatura","datePublished":"2022-06-21T16:01:04+00:00","dateModified":"2022-06-21T16:01:07+00:00","mainEntityOfPage":{"@id":"https:\/\/diariotextual.com\/inicio\/index.php\/2022\/06\/21\/casos-de-violencia-en-las-escuelas-el-pro-quiere-que-al-ministro-maccione-en-la-legislatura\/"},"wordCount":307,"publisher":{"@id":"https:\/\/diariotextual.com\/inicio\/#organization"},"image":{"@id":"https:\/\/diariotextual.com\/inicio\/index.php\/2022\/06\/21\/casos-de-violencia-en-las-escuelas-el-pro-quiere-que-al-ministro-maccione-en-la-legislatura\/#primaryimage"},"thumbnailUrl":"https:\/\/diariotextual.com\/inicio\/wp-content\/uploads\/2022\/06\/maccionepablo2022-10.jpg","keywords":["violencia"],"articleSection":["A - DESTACADAS (mod 16)","POLITICA"],"inLanguage":"es"},{"@type":"WebPage","@id":"https:\/\/diariotextual.com\/inicio\/index.php\/2022\/06\/21\/casos-de-violencia-en-las-escuelas-el-pro-quiere-que-al-ministro-maccione-en-la-legislatura\/","url":"https:\/\/diariotextual.com\/inicio\/index.php\/2022\/06\/21\/casos-de-violencia-en-las-escuelas-el-pro-quiere-que-al-ministro-maccione-en-la-legislatura\/","name":"Casos de violencia en las escuelas: el PRO quiere que al ministro Maccione en la Legislatura - Diario Textual","isPartOf":{"@id":"https:\/\/diariotextual.com\/inicio\/#website"},"primaryImageOfPage":{"@id":"https:\/\/diariotextual.com\/inicio\/index.php\/2022\/06\/21\/casos-de-violencia-en-las-escuelas-el-pro-quiere-que-al-ministro-maccione-en-la-legislatura\/#primaryimage"},"image":{"@id":"https:\/\/diariotextual.com\/inicio\/index.php\/2022\/06\/21\/casos-de-violencia-en-las-escuelas-el-pro-quiere-que-al-ministro-maccione-en-la-legislatura\/#primaryimage"},"thumbnailUrl":"https:\/\/diariotextual.com\/inicio\/wp-content\/uploads\/2022\/06\/maccionepablo2022-10.jpg","datePublished":"2022-06-21T16:01:04+00:00","dateModified":"2022-06-21T16:01:07+00:00","breadcrumb":{"@id":"https:\/\/diariotextual.com\/inicio\/index.php\/2022\/06\/21\/casos-de-violencia-en-las-escuelas-el-pro-quiere-que-al-ministro-maccione-en-la-legislatura\/#breadcrumb"},"inLanguage":"es","potentialAction":[{"@type":"ReadAction","target":["https:\/\/diariotextual.com\/inicio\/index.php\/2022\/06\/21\/casos-de-violencia-en-las-escuelas-el-pro-quiere-que-al-ministro-maccione-en-la-legislatura\/"]}]},{"@type":"ImageObject","inLanguage":"es","@id":"https:\/\/diariotextual.com\/inicio\/index.php\/2022\/06\/21\/casos-de-violencia-en-las-escuelas-el-pro-quiere-que-al-ministro-maccione-en-la-legislatura\/#primaryimage","url":"https:\/\/diariotextual.com\/inicio\/wp-content\/uploads\/2022\/06\/maccionepablo2022-10.jpg","contentUrl":"https:\/\/diariotextual.com\/inicio\/wp-content\/uploads\/2022\/06\/maccionepablo2022-10.jpg","width":1500,"height":1001},{"@type":"BreadcrumbList","@id":"https:\/\/diariotextual.com\/inicio\/index.php\/2022\/06\/21\/casos-de-violencia-en-las-escuelas-el-pro-quiere-que-al-ministro-maccione-en-la-legislatura\/#breadcrumb","itemListElement":[{"@type":"ListItem","position":1,"name":"Portada","item":"https:\/\/diariotextual.com\/inicio\/"},{"@type":"ListItem","position":2,"name":"Casos de violencia en las escuelas: el PRO quiere que al ministro Maccione en la Legislatura"}]},{"@type":"WebSite","@id":"https:\/\/diariotextual.com\/inicio\/#website","url":"https:\/\/diariotextual.com\/inicio\/","name":"Diario Textual","description":"","publisher":{"@id":"https:\/\/diariotextual.com\/inicio\/#organization"},"potentialAction":[{"@type":"SearchAction","target":{"@type":"EntryPoint","urlTemplate":"https:\/\/diariotextual.com\/inicio\/?s={search_term_string}"},"query-input":{"@type":"PropertyValueSpecification","valueRequired":true,"valueName":"search_term_string"}}],"inLanguage":"es"},{"@type":"Organization","@id":"https:\/\/diariotextual.com\/inicio\/#organization","name":"Diario Textual","url":"https:\/\/diariotextual.com\/inicio\/","logo":{"@type":"ImageObject","inLanguage":"es","@id":"https:\/\/diariotextual.com\/inicio\/#\/schema\/logo\/image\/","url":"https:\/\/diariotextual.com\/inicio\/wp-content\/uploads\/2023\/05\/logotextual1.jpg","contentUrl":"https:\/\/diariotextual.com\/inicio\/wp-content\/uploads\/2023\/05\/logotextual1.jpg","width":516,"height":76,"caption":"Diario Textual"},"image":{"@id":"https:\/\/diariotextual.com\/inicio\/#\/schema\/logo\/image\/"},"sameAs":["https:\/\/www.facebook.com\/eltextual","https:\/\/x.com\/eltextual","http:\/\/www.instagram.com\/eltextual"]},{"@type":"Person","@id":"https:\/\/diariotextual.com\/inicio\/#\/schema\/person\/418fc4093c33e86ed41562db3508f958","name":"Diario1 Diario1","image":{"@type":"ImageObject","inLanguage":"es","@id":"https:\/\/secure.gravatar.com\/avatar\/9167d280179c85bc18be67aa7eda765854300033af4896dd779b608640f2ef7a?s=96&d=mm&r=g","url":"https:\/\/secure.gravatar.com\/avatar\/9167d280179c85bc18be67aa7eda765854300033af4896dd779b608640f2ef7a?s=96&d=mm&r=g","contentUrl":"https:\/\/secure.gravatar.com\/avatar\/9167d280179c85bc18be67aa7eda765854300033af4896dd779b608640f2ef7a?s=96&d=mm&r=g","caption":"Diario1 Diario1"},"url":"https:\/\/diariotextual.com\/inicio\/index.php\/author\/diario1\/"}]}},"_links":{"self":[{"href":"https:\/\/diariotextual.com\/inicio\/index.php\/wp-json\/wp\/v2\/posts\/192042","targetHints":{"allow":["GET"]}}],"collection":[{"href":"https:\/\/diariotextual.com\/inicio\/index.php\/wp-json\/wp\/v2\/posts"}],"about":[{"href":"https:\/\/diariotextual.com\/inicio\/index.php\/wp-json\/wp\/v2\/types\/post"}],"author":[{"embeddable":true,"href":"https:\/\/diariotextual.com\/inicio\/index.php\/wp-json\/wp\/v2\/users\/3"}],"replies":[{"embeddable":true,"href":"https:\/\/diariotextual.com\/inicio\/index.php\/wp-json\/wp\/v2\/comments?post=192042"}],"version-history":[{"count":2,"href":"https:\/\/diariotextual.com\/inicio\/index.php\/wp-json\/wp\/v2\/posts\/192042\/revisions"}],"predecessor-version":[{"id":192044,"href":"https:\/\/diariotextual.com\/inicio\/index.php\/wp-json\/wp\/v2\/posts\/192042\/revisions\/192044"}],"wp:featuredmedia":[{"embeddable":true,"href":"https:\/\/diariotextual.com\/inicio\/index.php\/wp-json\/wp\/v2\/media\/190255"}],"wp:attachment":[{"href":"https:\/\/diariotextual.com\/inicio\/index.php\/wp-json\/wp\/v2\/media?parent=192042"}],"wp:term":[{"taxonomy":"category","embeddable":true,"href":"https:\/\/diariotextual.com\/inicio\/index.php\/wp-json\/wp\/v2\/categories?post=192042"},{"taxonomy":"post_tag","embeddable":true,"href":"https:\/\/diariotextual.com\/inicio\/index.php\/wp-json\/wp\/v2\/tags?post=192042"}],"curies":[{"name":"wp","href":"https:\/\/api.w.org\/{rel}","templated":true}]}}