{"id":192276,"date":"2022-06-23T19:18:56","date_gmt":"2022-06-23T22:18:56","guid":{"rendered":"https:\/\/diariotextual.com\/inicio\/?p=192276"},"modified":"2022-06-23T19:18:59","modified_gmt":"2022-06-23T22:18:59","slug":"planes-sociales-la-propuesta-del-intendente-de-pehuajo-que-le-acerco-a-cfk","status":"publish","type":"post","link":"https:\/\/diariotextual.com\/inicio\/index.php\/2022\/06\/23\/planes-sociales-la-propuesta-del-intendente-de-pehuajo-que-le-acerco-a-cfk\/","title":{"rendered":"Planes sociales: la propuesta del intendente de Pehuaj\u00f3 que le acerc\u00f3 a CFK"},"content":{"rendered":"\n<p>El <strong>intendente de Pehuaj\u00f3, Pablo Javier Zurro,<\/strong> se meti\u00f3 de lleno en la pol\u00e9mica sobre la \u00abtercerizaci\u00f3n\u00bb de la asistencia social a trav\u00e9s de planes sociales y afirm\u00f3 que <strong>en su municipio, donde 334 personas perciben la asistencia estatal, propondr\u00e1 que cumplan 20 horas semanales de trabajo en sus barrios,<\/strong> por lo que se les dar\u00e1 un plus mensual, que aportar\u00e1 el tesoro municipal, y una cobertura de salud a trav\u00e9s de la obra social de la Provincia de Buenos Aires (IOMA).\u00a0<\/p>\n\n\n\n<p>En el punteo de la iniciativa, al que tuvo acceso P\u00e1gina\/12, la <strong>intendencia de Pehauj\u00f3 calcul\u00f3 que en los \u00faltimos dos a\u00f1os hubo \u00abun incremento exponencial de beneficiarios de programas sociales\u00bb en la que el promedio de edad, de acuerdo al documento, es de 32 a\u00f1os<\/strong>. Sobre el extra que incluye el proyecto, no se aclara cu\u00e1l es el monto, aunque en declaraciones Zurro plante\u00f3 que ser\u00eda <strong>alrededor de 4 mil pesos <\/strong>m\u00e1s por mes.<\/p>\n\n\n\n<p>\u00ab<strong>Tienen que trabajar 20 horas en su barrio, en carpinter\u00edas, arreglar una calesita, cortar el pasto<\/strong>\u00ab, ejemplific\u00f3 Zurro, sobre la contraprestaci\u00f3n que deber\u00e1n realizar quienes se sumen al plan municipal.<\/p>\n\n\n\n<p>El intendente, quien m\u00e1s temprano se reuni\u00f3 con la vicepresidenta Cristina Fern\u00e1ndez en su despacho del Senado, confirm\u00f3 que <strong>la idea fue presentada ante el ministro de Desarrollo Social, Juan Zabaleta.<\/strong><\/p>\n\n\n\n<p>En la iniciativa se destaca que <strong>el Municipio estar\u00e1 a cargo de la asignaci\u00f3n de tareas y capacitaciones y del control de asistencias, altas y bajas del convenio<\/strong>. En tanto, Pehuaj\u00f3 tambi\u00e9n afrontar\u00e1 los costos de la afiliaci\u00f3n a la obra social de IOMA.<\/p>\n\n\n\n<p>La <strong>idea del intendente no es crear \u00abmano de obra municipal\u00bb<\/strong>, aunque queda aclarar c\u00f3mo ser\u00e1 el pase de esas personas al sector privado en una segunda instancia.<\/p>\n\n\n\n<figure class=\"wp-block-embed is-type-wp-embed is-provider-diario-textual wp-block-embed-diario-textual\"><div class=\"wp-block-embed__wrapper\">\n<blockquote class=\"wp-embedded-content\" data-secret=\"BegQQC13oC\"><a href=\"https:\/\/diariotextual.com\/inicio\/index.php\/2022\/06\/21\/alberto-fernandez-defendio-a-las-agrupaciones-sociales-han-trabajado-para-que-la-argentina-no-explote\/\">Alberto Fern\u00e1ndez defendi\u00f3 a las agrupaciones sociales: \u201cHan trabajado para que la Argentina no explote\u201d<\/a><\/blockquote><iframe class=\"wp-embedded-content\" sandbox=\"allow-scripts\" security=\"restricted\" style=\"position: absolute; clip: rect(1px, 1px, 1px, 1px);\" title=\"\u00abAlberto Fern\u00e1ndez defendi\u00f3 a las agrupaciones sociales: \u201cHan trabajado para que la Argentina no explote\u201d\u00bb \u2014 Diario Textual\" src=\"https:\/\/diariotextual.com\/inicio\/index.php\/2022\/06\/21\/alberto-fernandez-defendio-a-las-agrupaciones-sociales-han-trabajado-para-que-la-argentina-no-explote\/embed\/#?secret=ajGzp3ZKd6#?secret=BegQQC13oC\" data-secret=\"BegQQC13oC\" width=\"600\" height=\"338\" frameborder=\"0\" marginwidth=\"0\" marginheight=\"0\" scrolling=\"no\"><\/iframe>\n<\/div><\/figure>\n\n\n\n<p>Entre los argumentos con los que las organizaciones sociales salieron a defender el sistema de planes sociales est\u00e1 el debate de fondo sobre si existen posibilidades reales que el mercado laboral incorpore con empleo formal a las millones de personas excluidas.&nbsp; Hasta abril pasado, seg\u00fan cifras oficiales, el Potenciar Trabajo asist\u00eda a 1,2 millones de personas -contempladas como empleadas en las estad\u00edsticas oficiales- con una asistencia econ\u00f3mica por las tareas que realizan en la econom\u00eda informal o para que contin\u00faen sus estudios.&nbsp; El 57 por ciento de los beneficiarios se encuentran en el Conurbano y la Ciudad de Buenos Aires.<\/p>\n\n\n\n<p>El <strong>plan Potenciar Trabajo fue puesto en marcha por el Gobierno a mediados de 2020 <\/strong>con el objetivo de \u00abcontribuir a mejorar el empleo y generar nuevas propuestas productivas a trav\u00e9s del desarrollo de proyectos socio-productivos, socio-comunitarios, socio-laborales y la terminalidad educativa\u00bb.<\/p>\n\n\n\n<p>El programa unific\u00f3 a quienes integran las cooperativas de la econom\u00eda popular -nucleadas a las organizaciones sociales cuestionadas por la vicepresidenta-&nbsp; y quienes participan del plan \u00abHacemos Futuro\u00bb, lanzanda durante el macrismo y que exig\u00eda como contraprestaci\u00f3n el cursado de un taller de capacitaci\u00f3n.<\/p>\n\n\n\n<p>En su lanzamiento se habl\u00f3 de una inversi\u00f3n de 20 mil millones de pesos para compra de maquinaria y herramientas que sirvieran para fortalecer o poner en marcha puestos de trabajo. Tras el cambio de conducci\u00f3n en el Ministerio de Desarrollo Social, el actual ministro Juan Zabaleta advirti\u00f3 que no se dar\u00edan \u00abm\u00e1s altas a planes sociales\u00bb y ratific\u00f3 el programa como una manera de generar trabajo.<\/p>\n","protected":false},"excerpt":{"rendered":"<p>El intendente de Pehuaj\u00f3, Pablo Javier Zurro, se meti\u00f3 de lleno en la pol\u00e9mica sobre la \u00abtercerizaci\u00f3n\u00bb de la asistencia social a trav\u00e9s de planes sociales y afirm\u00f3 que en&hellip;<\/p>\n","protected":false},"author":5,"featured_media":192277,"comment_status":"closed","ping_status":"open","sticky":false,"template":"","format":"standard","meta":{"_acf_changed":false,"footnotes":""},"categories":[4,12],"tags":[682,7074,2707],"class_list":["post-192276","post","type-post","status-publish","format-standard","has-post-thumbnail","hentry","category-destacadas","category-sociedad","tag-cfk","tag-pehuajo","tag-planes-sociales"],"acf":[],"yoast_head":"<!-- This site is optimized with the Yoast SEO plugin v27.5 - https:\/\/yoast.com\/product\/yoast-seo-wordpress\/ -->\n<title>Planes sociales: la propuesta del intendente de Pehuaj\u00f3 que le acerc\u00f3 a CFK - Diario Textual<\/title>\n<meta name=\"robots\" content=\"index, follow, max-snippet:-1, max-image-preview:large, max-video-preview:-1\" \/>\n<link rel=\"canonical\" href=\"https:\/\/diariotextual.com\/inicio\/index.php\/2022\/06\/23\/planes-sociales-la-propuesta-del-intendente-de-pehuajo-que-le-acerco-a-cfk\/\" \/>\n<meta property=\"og:locale\" content=\"es_ES\" \/>\n<meta property=\"og:type\" content=\"article\" \/>\n<meta property=\"og:title\" content=\"Planes sociales: la propuesta del intendente de Pehuaj\u00f3 que le acerc\u00f3 a CFK - Diario Textual\" \/>\n<meta property=\"og:description\" content=\"El intendente de Pehuaj\u00f3, Pablo Javier Zurro, se meti\u00f3 de lleno en la pol\u00e9mica sobre la \u00abtercerizaci\u00f3n\u00bb de la asistencia social a trav\u00e9s de planes sociales y afirm\u00f3 que en&hellip;\" \/>\n<meta property=\"og:url\" content=\"https:\/\/diariotextual.com\/inicio\/index.php\/2022\/06\/23\/planes-sociales-la-propuesta-del-intendente-de-pehuajo-que-le-acerco-a-cfk\/\" \/>\n<meta property=\"og:site_name\" content=\"Diario Textual\" \/>\n<meta property=\"article:publisher\" content=\"https:\/\/www.facebook.com\/eltextual\" \/>\n<meta property=\"article:published_time\" content=\"2022-06-23T22:18:56+00:00\" \/>\n<meta property=\"article:modified_time\" content=\"2022-06-23T22:18:59+00:00\" \/>\n<meta property=\"og:image\" content=\"https:\/\/diariotextual.com\/inicio\/wp-content\/uploads\/2022\/06\/zurropablo.jpg\" \/>\n\t<meta property=\"og:image:width\" content=\"700\" \/>\n\t<meta property=\"og:image:height\" content=\"396\" \/>\n\t<meta property=\"og:image:type\" content=\"image\/jpeg\" \/>\n<meta name=\"author\" content=\"diario3\" \/>\n<meta name=\"twitter:card\" content=\"summary_large_image\" \/>\n<meta name=\"twitter:creator\" content=\"@eltextual\" \/>\n<meta name=\"twitter:site\" content=\"@eltextual\" \/>\n<meta name=\"twitter:label1\" content=\"Escrito por\" \/>\n\t<meta name=\"twitter:data1\" content=\"diario3\" \/>\n\t<meta name=\"twitter:label2\" content=\"Tiempo de lectura\" \/>\n\t<meta name=\"twitter:data2\" content=\"3 minutos\" \/>\n<script type=\"application\/ld+json\" class=\"yoast-schema-graph\">{\"@context\":\"https:\\\/\\\/schema.org\",\"@graph\":[{\"@type\":\"Article\",\"@id\":\"https:\\\/\\\/diariotextual.com\\\/inicio\\\/index.php\\\/2022\\\/06\\\/23\\\/planes-sociales-la-propuesta-del-intendente-de-pehuajo-que-le-acerco-a-cfk\\\/#article\",\"isPartOf\":{\"@id\":\"https:\\\/\\\/diariotextual.com\\\/inicio\\\/index.php\\\/2022\\\/06\\\/23\\\/planes-sociales-la-propuesta-del-intendente-de-pehuajo-que-le-acerco-a-cfk\\\/\"},\"author\":{\"name\":\"diario3\",\"@id\":\"https:\\\/\\\/diariotextual.com\\\/inicio\\\/#\\\/schema\\\/person\\\/a1b6f563e0ee944c60f98119389a4d9f\"},\"headline\":\"Planes sociales: la propuesta del intendente de Pehuaj\u00f3 que le acerc\u00f3 a CFK\",\"datePublished\":\"2022-06-23T22:18:56+00:00\",\"dateModified\":\"2022-06-23T22:18:59+00:00\",\"mainEntityOfPage\":{\"@id\":\"https:\\\/\\\/diariotextual.com\\\/inicio\\\/index.php\\\/2022\\\/06\\\/23\\\/planes-sociales-la-propuesta-del-intendente-de-pehuajo-que-le-acerco-a-cfk\\\/\"},\"wordCount\":591,\"publisher\":{\"@id\":\"https:\\\/\\\/diariotextual.com\\\/inicio\\\/#organization\"},\"image\":{\"@id\":\"https:\\\/\\\/diariotextual.com\\\/inicio\\\/index.php\\\/2022\\\/06\\\/23\\\/planes-sociales-la-propuesta-del-intendente-de-pehuajo-que-le-acerco-a-cfk\\\/#primaryimage\"},\"thumbnailUrl\":\"https:\\\/\\\/diariotextual.com\\\/inicio\\\/wp-content\\\/uploads\\\/2022\\\/06\\\/zurropablo.jpg\",\"keywords\":[\"CFK\",\"pehuajo\",\"planes sociales\"],\"articleSection\":[\"A - DESTACADAS (mod 16)\",\"SOCIEDAD\"],\"inLanguage\":\"es\"},{\"@type\":\"WebPage\",\"@id\":\"https:\\\/\\\/diariotextual.com\\\/inicio\\\/index.php\\\/2022\\\/06\\\/23\\\/planes-sociales-la-propuesta-del-intendente-de-pehuajo-que-le-acerco-a-cfk\\\/\",\"url\":\"https:\\\/\\\/diariotextual.com\\\/inicio\\\/index.php\\\/2022\\\/06\\\/23\\\/planes-sociales-la-propuesta-del-intendente-de-pehuajo-que-le-acerco-a-cfk\\\/\",\"name\":\"Planes sociales: la propuesta del intendente de Pehuaj\u00f3 que le acerc\u00f3 a CFK - Diario Textual\",\"isPartOf\":{\"@id\":\"https:\\\/\\\/diariotextual.com\\\/inicio\\\/#website\"},\"primaryImageOfPage\":{\"@id\":\"https:\\\/\\\/diariotextual.com\\\/inicio\\\/index.php\\\/2022\\\/06\\\/23\\\/planes-sociales-la-propuesta-del-intendente-de-pehuajo-que-le-acerco-a-cfk\\\/#primaryimage\"},\"image\":{\"@id\":\"https:\\\/\\\/diariotextual.com\\\/inicio\\\/index.php\\\/2022\\\/06\\\/23\\\/planes-sociales-la-propuesta-del-intendente-de-pehuajo-que-le-acerco-a-cfk\\\/#primaryimage\"},\"thumbnailUrl\":\"https:\\\/\\\/diariotextual.com\\\/inicio\\\/wp-content\\\/uploads\\\/2022\\\/06\\\/zurropablo.jpg\",\"datePublished\":\"2022-06-23T22:18:56+00:00\",\"dateModified\":\"2022-06-23T22:18:59+00:00\",\"breadcrumb\":{\"@id\":\"https:\\\/\\\/diariotextual.com\\\/inicio\\\/index.php\\\/2022\\\/06\\\/23\\\/planes-sociales-la-propuesta-del-intendente-de-pehuajo-que-le-acerco-a-cfk\\\/#breadcrumb\"},\"inLanguage\":\"es\",\"potentialAction\":[{\"@type\":\"ReadAction\",\"target\":[\"https:\\\/\\\/diariotextual.com\\\/inicio\\\/index.php\\\/2022\\\/06\\\/23\\\/planes-sociales-la-propuesta-del-intendente-de-pehuajo-que-le-acerco-a-cfk\\\/\"]}]},{\"@type\":\"ImageObject\",\"inLanguage\":\"es\",\"@id\":\"https:\\\/\\\/diariotextual.com\\\/inicio\\\/index.php\\\/2022\\\/06\\\/23\\\/planes-sociales-la-propuesta-del-intendente-de-pehuajo-que-le-acerco-a-cfk\\\/#primaryimage\",\"url\":\"https:\\\/\\\/diariotextual.com\\\/inicio\\\/wp-content\\\/uploads\\\/2022\\\/06\\\/zurropablo.jpg\",\"contentUrl\":\"https:\\\/\\\/diariotextual.com\\\/inicio\\\/wp-content\\\/uploads\\\/2022\\\/06\\\/zurropablo.jpg\",\"width\":700,\"height\":396},{\"@type\":\"BreadcrumbList\",\"@id\":\"https:\\\/\\\/diariotextual.com\\\/inicio\\\/index.php\\\/2022\\\/06\\\/23\\\/planes-sociales-la-propuesta-del-intendente-de-pehuajo-que-le-acerco-a-cfk\\\/#breadcrumb\",\"itemListElement\":[{\"@type\":\"ListItem\",\"position\":1,\"name\":\"Portada\",\"item\":\"https:\\\/\\\/diariotextual.com\\\/inicio\\\/\"},{\"@type\":\"ListItem\",\"position\":2,\"name\":\"Planes sociales: la propuesta del intendente de Pehuaj\u00f3 que le acerc\u00f3 a CFK\"}]},{\"@type\":\"WebSite\",\"@id\":\"https:\\\/\\\/diariotextual.com\\\/inicio\\\/#website\",\"url\":\"https:\\\/\\\/diariotextual.com\\\/inicio\\\/\",\"name\":\"Diario Textual\",\"description\":\"\",\"publisher\":{\"@id\":\"https:\\\/\\\/diariotextual.com\\\/inicio\\\/#organization\"},\"potentialAction\":[{\"@type\":\"SearchAction\",\"target\":{\"@type\":\"EntryPoint\",\"urlTemplate\":\"https:\\\/\\\/diariotextual.com\\\/inicio\\\/?s={search_term_string}\"},\"query-input\":{\"@type\":\"PropertyValueSpecification\",\"valueRequired\":true,\"valueName\":\"search_term_string\"}}],\"inLanguage\":\"es\"},{\"@type\":\"Organization\",\"@id\":\"https:\\\/\\\/diariotextual.com\\\/inicio\\\/#organization\",\"name\":\"Diario Textual\",\"url\":\"https:\\\/\\\/diariotextual.com\\\/inicio\\\/\",\"logo\":{\"@type\":\"ImageObject\",\"inLanguage\":\"es\",\"@id\":\"https:\\\/\\\/diariotextual.com\\\/inicio\\\/#\\\/schema\\\/logo\\\/image\\\/\",\"url\":\"https:\\\/\\\/diariotextual.com\\\/inicio\\\/wp-content\\\/uploads\\\/2023\\\/05\\\/logotextual1.jpg\",\"contentUrl\":\"https:\\\/\\\/diariotextual.com\\\/inicio\\\/wp-content\\\/uploads\\\/2023\\\/05\\\/logotextual1.jpg\",\"width\":516,\"height\":76,\"caption\":\"Diario Textual\"},\"image\":{\"@id\":\"https:\\\/\\\/diariotextual.com\\\/inicio\\\/#\\\/schema\\\/logo\\\/image\\\/\"},\"sameAs\":[\"https:\\\/\\\/www.facebook.com\\\/eltextual\",\"https:\\\/\\\/x.com\\\/eltextual\",\"http:\\\/\\\/www.instagram.com\\\/eltextual\"]},{\"@type\":\"Person\",\"@id\":\"https:\\\/\\\/diariotextual.com\\\/inicio\\\/#\\\/schema\\\/person\\\/a1b6f563e0ee944c60f98119389a4d9f\",\"name\":\"diario3\",\"image\":{\"@type\":\"ImageObject\",\"inLanguage\":\"es\",\"@id\":\"https:\\\/\\\/secure.gravatar.com\\\/avatar\\\/5e7ee62c82fc04d9dd79d746a390d93c69c43223e5faeeb3ea9461ef752bfc5d?s=96&d=mm&r=g\",\"url\":\"https:\\\/\\\/secure.gravatar.com\\\/avatar\\\/5e7ee62c82fc04d9dd79d746a390d93c69c43223e5faeeb3ea9461ef752bfc5d?s=96&d=mm&r=g\",\"contentUrl\":\"https:\\\/\\\/secure.gravatar.com\\\/avatar\\\/5e7ee62c82fc04d9dd79d746a390d93c69c43223e5faeeb3ea9461ef752bfc5d?s=96&d=mm&r=g\",\"caption\":\"diario3\"},\"url\":\"https:\\\/\\\/diariotextual.com\\\/inicio\\\/index.php\\\/author\\\/diario3\\\/\"}]}<\/script>\n<!-- \/ Yoast SEO plugin. -->","yoast_head_json":{"title":"Planes sociales: la propuesta del intendente de Pehuaj\u00f3 que le acerc\u00f3 a CFK - Diario Textual","robots":{"index":"index","follow":"follow","max-snippet":"max-snippet:-1","max-image-preview":"max-image-preview:large","max-video-preview":"max-video-preview:-1"},"canonical":"https:\/\/diariotextual.com\/inicio\/index.php\/2022\/06\/23\/planes-sociales-la-propuesta-del-intendente-de-pehuajo-que-le-acerco-a-cfk\/","og_locale":"es_ES","og_type":"article","og_title":"Planes sociales: la propuesta del intendente de Pehuaj\u00f3 que le acerc\u00f3 a CFK - Diario Textual","og_description":"El intendente de Pehuaj\u00f3, Pablo Javier Zurro, se meti\u00f3 de lleno en la pol\u00e9mica sobre la \u00abtercerizaci\u00f3n\u00bb de la asistencia social a trav\u00e9s de planes sociales y afirm\u00f3 que en&hellip;","og_url":"https:\/\/diariotextual.com\/inicio\/index.php\/2022\/06\/23\/planes-sociales-la-propuesta-del-intendente-de-pehuajo-que-le-acerco-a-cfk\/","og_site_name":"Diario Textual","article_publisher":"https:\/\/www.facebook.com\/eltextual","article_published_time":"2022-06-23T22:18:56+00:00","article_modified_time":"2022-06-23T22:18:59+00:00","og_image":[{"width":700,"height":396,"url":"https:\/\/diariotextual.com\/inicio\/wp-content\/uploads\/2022\/06\/zurropablo.jpg","type":"image\/jpeg"}],"author":"diario3","twitter_card":"summary_large_image","twitter_creator":"@eltextual","twitter_site":"@eltextual","twitter_misc":{"Escrito por":"diario3","Tiempo de lectura":"3 minutos"},"schema":{"@context":"https:\/\/schema.org","@graph":[{"@type":"Article","@id":"https:\/\/diariotextual.com\/inicio\/index.php\/2022\/06\/23\/planes-sociales-la-propuesta-del-intendente-de-pehuajo-que-le-acerco-a-cfk\/#article","isPartOf":{"@id":"https:\/\/diariotextual.com\/inicio\/index.php\/2022\/06\/23\/planes-sociales-la-propuesta-del-intendente-de-pehuajo-que-le-acerco-a-cfk\/"},"author":{"name":"diario3","@id":"https:\/\/diariotextual.com\/inicio\/#\/schema\/person\/a1b6f563e0ee944c60f98119389a4d9f"},"headline":"Planes sociales: la propuesta del intendente de Pehuaj\u00f3 que le acerc\u00f3 a CFK","datePublished":"2022-06-23T22:18:56+00:00","dateModified":"2022-06-23T22:18:59+00:00","mainEntityOfPage":{"@id":"https:\/\/diariotextual.com\/inicio\/index.php\/2022\/06\/23\/planes-sociales-la-propuesta-del-intendente-de-pehuajo-que-le-acerco-a-cfk\/"},"wordCount":591,"publisher":{"@id":"https:\/\/diariotextual.com\/inicio\/#organization"},"image":{"@id":"https:\/\/diariotextual.com\/inicio\/index.php\/2022\/06\/23\/planes-sociales-la-propuesta-del-intendente-de-pehuajo-que-le-acerco-a-cfk\/#primaryimage"},"thumbnailUrl":"https:\/\/diariotextual.com\/inicio\/wp-content\/uploads\/2022\/06\/zurropablo.jpg","keywords":["CFK","pehuajo","planes sociales"],"articleSection":["A - DESTACADAS (mod 16)","SOCIEDAD"],"inLanguage":"es"},{"@type":"WebPage","@id":"https:\/\/diariotextual.com\/inicio\/index.php\/2022\/06\/23\/planes-sociales-la-propuesta-del-intendente-de-pehuajo-que-le-acerco-a-cfk\/","url":"https:\/\/diariotextual.com\/inicio\/index.php\/2022\/06\/23\/planes-sociales-la-propuesta-del-intendente-de-pehuajo-que-le-acerco-a-cfk\/","name":"Planes sociales: la propuesta del intendente de Pehuaj\u00f3 que le acerc\u00f3 a CFK - Diario Textual","isPartOf":{"@id":"https:\/\/diariotextual.com\/inicio\/#website"},"primaryImageOfPage":{"@id":"https:\/\/diariotextual.com\/inicio\/index.php\/2022\/06\/23\/planes-sociales-la-propuesta-del-intendente-de-pehuajo-que-le-acerco-a-cfk\/#primaryimage"},"image":{"@id":"https:\/\/diariotextual.com\/inicio\/index.php\/2022\/06\/23\/planes-sociales-la-propuesta-del-intendente-de-pehuajo-que-le-acerco-a-cfk\/#primaryimage"},"thumbnailUrl":"https:\/\/diariotextual.com\/inicio\/wp-content\/uploads\/2022\/06\/zurropablo.jpg","datePublished":"2022-06-23T22:18:56+00:00","dateModified":"2022-06-23T22:18:59+00:00","breadcrumb":{"@id":"https:\/\/diariotextual.com\/inicio\/index.php\/2022\/06\/23\/planes-sociales-la-propuesta-del-intendente-de-pehuajo-que-le-acerco-a-cfk\/#breadcrumb"},"inLanguage":"es","potentialAction":[{"@type":"ReadAction","target":["https:\/\/diariotextual.com\/inicio\/index.php\/2022\/06\/23\/planes-sociales-la-propuesta-del-intendente-de-pehuajo-que-le-acerco-a-cfk\/"]}]},{"@type":"ImageObject","inLanguage":"es","@id":"https:\/\/diariotextual.com\/inicio\/index.php\/2022\/06\/23\/planes-sociales-la-propuesta-del-intendente-de-pehuajo-que-le-acerco-a-cfk\/#primaryimage","url":"https:\/\/diariotextual.com\/inicio\/wp-content\/uploads\/2022\/06\/zurropablo.jpg","contentUrl":"https:\/\/diariotextual.com\/inicio\/wp-content\/uploads\/2022\/06\/zurropablo.jpg","width":700,"height":396},{"@type":"BreadcrumbList","@id":"https:\/\/diariotextual.com\/inicio\/index.php\/2022\/06\/23\/planes-sociales-la-propuesta-del-intendente-de-pehuajo-que-le-acerco-a-cfk\/#breadcrumb","itemListElement":[{"@type":"ListItem","position":1,"name":"Portada","item":"https:\/\/diariotextual.com\/inicio\/"},{"@type":"ListItem","position":2,"name":"Planes sociales: la propuesta del intendente de Pehuaj\u00f3 que le acerc\u00f3 a CFK"}]},{"@type":"WebSite","@id":"https:\/\/diariotextual.com\/inicio\/#website","url":"https:\/\/diariotextual.com\/inicio\/","name":"Diario Textual","description":"","publisher":{"@id":"https:\/\/diariotextual.com\/inicio\/#organization"},"potentialAction":[{"@type":"SearchAction","target":{"@type":"EntryPoint","urlTemplate":"https:\/\/diariotextual.com\/inicio\/?s={search_term_string}"},"query-input":{"@type":"PropertyValueSpecification","valueRequired":true,"valueName":"search_term_string"}}],"inLanguage":"es"},{"@type":"Organization","@id":"https:\/\/diariotextual.com\/inicio\/#organization","name":"Diario Textual","url":"https:\/\/diariotextual.com\/inicio\/","logo":{"@type":"ImageObject","inLanguage":"es","@id":"https:\/\/diariotextual.com\/inicio\/#\/schema\/logo\/image\/","url":"https:\/\/diariotextual.com\/inicio\/wp-content\/uploads\/2023\/05\/logotextual1.jpg","contentUrl":"https:\/\/diariotextual.com\/inicio\/wp-content\/uploads\/2023\/05\/logotextual1.jpg","width":516,"height":76,"caption":"Diario Textual"},"image":{"@id":"https:\/\/diariotextual.com\/inicio\/#\/schema\/logo\/image\/"},"sameAs":["https:\/\/www.facebook.com\/eltextual","https:\/\/x.com\/eltextual","http:\/\/www.instagram.com\/eltextual"]},{"@type":"Person","@id":"https:\/\/diariotextual.com\/inicio\/#\/schema\/person\/a1b6f563e0ee944c60f98119389a4d9f","name":"diario3","image":{"@type":"ImageObject","inLanguage":"es","@id":"https:\/\/secure.gravatar.com\/avatar\/5e7ee62c82fc04d9dd79d746a390d93c69c43223e5faeeb3ea9461ef752bfc5d?s=96&d=mm&r=g","url":"https:\/\/secure.gravatar.com\/avatar\/5e7ee62c82fc04d9dd79d746a390d93c69c43223e5faeeb3ea9461ef752bfc5d?s=96&d=mm&r=g","contentUrl":"https:\/\/secure.gravatar.com\/avatar\/5e7ee62c82fc04d9dd79d746a390d93c69c43223e5faeeb3ea9461ef752bfc5d?s=96&d=mm&r=g","caption":"diario3"},"url":"https:\/\/diariotextual.com\/inicio\/index.php\/author\/diario3\/"}]}},"_links":{"self":[{"href":"https:\/\/diariotextual.com\/inicio\/index.php\/wp-json\/wp\/v2\/posts\/192276","targetHints":{"allow":["GET"]}}],"collection":[{"href":"https:\/\/diariotextual.com\/inicio\/index.php\/wp-json\/wp\/v2\/posts"}],"about":[{"href":"https:\/\/diariotextual.com\/inicio\/index.php\/wp-json\/wp\/v2\/types\/post"}],"author":[{"embeddable":true,"href":"https:\/\/diariotextual.com\/inicio\/index.php\/wp-json\/wp\/v2\/users\/5"}],"replies":[{"embeddable":true,"href":"https:\/\/diariotextual.com\/inicio\/index.php\/wp-json\/wp\/v2\/comments?post=192276"}],"version-history":[{"count":1,"href":"https:\/\/diariotextual.com\/inicio\/index.php\/wp-json\/wp\/v2\/posts\/192276\/revisions"}],"predecessor-version":[{"id":192278,"href":"https:\/\/diariotextual.com\/inicio\/index.php\/wp-json\/wp\/v2\/posts\/192276\/revisions\/192278"}],"wp:featuredmedia":[{"embeddable":true,"href":"https:\/\/diariotextual.com\/inicio\/index.php\/wp-json\/wp\/v2\/media\/192277"}],"wp:attachment":[{"href":"https:\/\/diariotextual.com\/inicio\/index.php\/wp-json\/wp\/v2\/media?parent=192276"}],"wp:term":[{"taxonomy":"category","embeddable":true,"href":"https:\/\/diariotextual.com\/inicio\/index.php\/wp-json\/wp\/v2\/categories?post=192276"},{"taxonomy":"post_tag","embeddable":true,"href":"https:\/\/diariotextual.com\/inicio\/index.php\/wp-json\/wp\/v2\/tags?post=192276"}],"curies":[{"name":"wp","href":"https:\/\/api.w.org\/{rel}","templated":true}]}}