{"id":193951,"date":"2022-07-10T22:28:15","date_gmt":"2022-07-11T01:28:15","guid":{"rendered":"https:\/\/diariotextual.com\/inicio\/?p=193951"},"modified":"2022-07-11T08:34:17","modified_gmt":"2022-07-11T11:34:17","slug":"batakis-consensuo-con-el-presidente-las-medidas-para-contener-la-inflacion-se-anunciaran-este-lunes","status":"publish","type":"post","link":"https:\/\/diariotextual.com\/inicio\/index.php\/2022\/07\/10\/batakis-consensuo-con-el-presidente-las-medidas-para-contener-la-inflacion-se-anunciaran-este-lunes\/","title":{"rendered":"Batakis consensu\u00f3 con el presidente las medidas para contener la inflaci\u00f3n: se anunciar\u00e1n este lunes"},"content":{"rendered":"\n<p>El presidente&nbsp;<strong>Alberto Fern\u00e1ndez<\/strong>&nbsp;y la ministra de Econom\u00eda,&nbsp;<strong>Silvina Batakis<\/strong>, analizaron este domingo en la Quinta de Olivos acciones para afrontar cuestiones como la suba de precios y el d\u00e9ficit y este lunes a las 9 la titular del Palacio de Hacienda ofrecer\u00e1 una conferencia de prensa para dar a conocer los lineamientos de la ratificaci\u00f3n del programa econ\u00f3mico y de las metas fiscales.<\/p>\n\n\n\n<p>La portavoz presidencial,&nbsp;<strong>Gabriela Cerruti<\/strong>, inform\u00f3 a T\u00e9lam que la reuni\u00f3n se desarroll\u00f3 de 17.30 a 2&#8243; y que la ministra le present\u00f3 las conclusiones de lo que hab\u00eda estado trabajando con su equipo: un plan de acci\u00f3n hacia adelante, el rumbo y el camino en materia econ\u00f3mica.<\/p>\n\n\n\n<p>\u201c<strong>El Presidente estuvo de acuerdo en todo lo que le plante\u00f3 y le hizo unas sugerencias<\/strong>&nbsp;que fueron incorporadas por la ministra, que las va a terminar de trabajar hoy con el gabinete econ\u00f3mico\u201d, ampli\u00f3 Cerruti.<\/p>\n\n\n\n<p>La portavoz indic\u00f3 adem\u00e1s que&nbsp;<strong>Batakis ofrecer\u00e1 este lunes una conferencia de prensa a las 9<\/strong>, para dar a conocer los lineamientos de la ratificaci\u00f3n del programa econ\u00f3mico, de las metas fiscales y del rumbo que se viene sosteniendo.<\/p>\n\n\n\n<p><\/p>\n","protected":false},"excerpt":{"rendered":"<p>El presidente&nbsp;Alberto Fern\u00e1ndez&nbsp;y la ministra de Econom\u00eda,&nbsp;Silvina Batakis, analizaron este domingo en la Quinta de Olivos acciones para afrontar cuestiones como la suba de precios y el d\u00e9ficit y este&hellip;<\/p>\n","protected":false},"author":3,"featured_media":193953,"comment_status":"closed","ping_status":"open","sticky":false,"template":"","format":"standard","meta":{"_acf_changed":false,"footnotes":""},"categories":[4,8],"tags":[3478],"class_list":["post-193951","post","type-post","status-publish","format-standard","has-post-thumbnail","hentry","category-destacadas","category-politica","tag-medidas"],"acf":[],"yoast_head":"<!-- This site is optimized with the Yoast SEO plugin v27.5 - https:\/\/yoast.com\/product\/yoast-seo-wordpress\/ -->\n<title>Batakis consensu\u00f3 con el presidente las medidas para contener la inflaci\u00f3n: se anunciar\u00e1n este lunes - Diario Textual<\/title>\n<meta name=\"robots\" content=\"index, follow, max-snippet:-1, max-image-preview:large, max-video-preview:-1\" \/>\n<link rel=\"canonical\" href=\"https:\/\/diariotextual.com\/inicio\/index.php\/2022\/07\/10\/batakis-consensuo-con-el-presidente-las-medidas-para-contener-la-inflacion-se-anunciaran-este-lunes\/\" \/>\n<meta property=\"og:locale\" content=\"es_ES\" \/>\n<meta property=\"og:type\" content=\"article\" \/>\n<meta property=\"og:title\" content=\"Batakis consensu\u00f3 con el presidente las medidas para contener la inflaci\u00f3n: se anunciar\u00e1n este lunes - Diario Textual\" \/>\n<meta property=\"og:description\" content=\"El presidente&nbsp;Alberto Fern\u00e1ndez&nbsp;y la ministra de Econom\u00eda,&nbsp;Silvina Batakis, analizaron este domingo en la Quinta de Olivos acciones para afrontar cuestiones como la suba de precios y el d\u00e9ficit y este&hellip;\" \/>\n<meta property=\"og:url\" content=\"https:\/\/diariotextual.com\/inicio\/index.php\/2022\/07\/10\/batakis-consensuo-con-el-presidente-las-medidas-para-contener-la-inflacion-se-anunciaran-este-lunes\/\" \/>\n<meta property=\"og:site_name\" content=\"Diario Textual\" \/>\n<meta property=\"article:publisher\" content=\"https:\/\/www.facebook.com\/eltextual\" \/>\n<meta property=\"article:published_time\" content=\"2022-07-11T01:28:15+00:00\" \/>\n<meta property=\"article:modified_time\" content=\"2022-07-11T11:34:17+00:00\" \/>\n<meta property=\"og:image\" content=\"https:\/\/diariotextual.com\/inicio\/wp-content\/uploads\/2022\/07\/batakissilvinafernandezalberto2022-1.jpg\" \/>\n\t<meta property=\"og:image:width\" content=\"900\" \/>\n\t<meta property=\"og:image:height\" content=\"506\" \/>\n\t<meta property=\"og:image:type\" content=\"image\/jpeg\" \/>\n<meta name=\"author\" content=\"Diario1 Diario1\" \/>\n<meta name=\"twitter:card\" content=\"summary_large_image\" \/>\n<meta name=\"twitter:creator\" content=\"@eltextual\" \/>\n<meta name=\"twitter:site\" content=\"@eltextual\" \/>\n<meta name=\"twitter:label1\" content=\"Escrito por\" \/>\n\t<meta name=\"twitter:data1\" content=\"Diario1 Diario1\" \/>\n\t<meta name=\"twitter:label2\" content=\"Tiempo de lectura\" \/>\n\t<meta name=\"twitter:data2\" content=\"1 minuto\" \/>\n<script type=\"application\/ld+json\" class=\"yoast-schema-graph\">{\"@context\":\"https:\\\/\\\/schema.org\",\"@graph\":[{\"@type\":\"Article\",\"@id\":\"https:\\\/\\\/diariotextual.com\\\/inicio\\\/index.php\\\/2022\\\/07\\\/10\\\/batakis-consensuo-con-el-presidente-las-medidas-para-contener-la-inflacion-se-anunciaran-este-lunes\\\/#article\",\"isPartOf\":{\"@id\":\"https:\\\/\\\/diariotextual.com\\\/inicio\\\/index.php\\\/2022\\\/07\\\/10\\\/batakis-consensuo-con-el-presidente-las-medidas-para-contener-la-inflacion-se-anunciaran-este-lunes\\\/\"},\"author\":{\"name\":\"Diario1 Diario1\",\"@id\":\"https:\\\/\\\/diariotextual.com\\\/inicio\\\/#\\\/schema\\\/person\\\/418fc4093c33e86ed41562db3508f958\"},\"headline\":\"Batakis consensu\u00f3 con el presidente las medidas para contener la inflaci\u00f3n: se anunciar\u00e1n este lunes\",\"datePublished\":\"2022-07-11T01:28:15+00:00\",\"dateModified\":\"2022-07-11T11:34:17+00:00\",\"mainEntityOfPage\":{\"@id\":\"https:\\\/\\\/diariotextual.com\\\/inicio\\\/index.php\\\/2022\\\/07\\\/10\\\/batakis-consensuo-con-el-presidente-las-medidas-para-contener-la-inflacion-se-anunciaran-este-lunes\\\/\"},\"wordCount\":221,\"publisher\":{\"@id\":\"https:\\\/\\\/diariotextual.com\\\/inicio\\\/#organization\"},\"image\":{\"@id\":\"https:\\\/\\\/diariotextual.com\\\/inicio\\\/index.php\\\/2022\\\/07\\\/10\\\/batakis-consensuo-con-el-presidente-las-medidas-para-contener-la-inflacion-se-anunciaran-este-lunes\\\/#primaryimage\"},\"thumbnailUrl\":\"https:\\\/\\\/diariotextual.com\\\/inicio\\\/wp-content\\\/uploads\\\/2022\\\/07\\\/batakissilvinafernandezalberto2022-1.jpg\",\"keywords\":[\"medidas\"],\"articleSection\":[\"A - DESTACADAS (mod 16)\",\"POLITICA\"],\"inLanguage\":\"es\"},{\"@type\":\"WebPage\",\"@id\":\"https:\\\/\\\/diariotextual.com\\\/inicio\\\/index.php\\\/2022\\\/07\\\/10\\\/batakis-consensuo-con-el-presidente-las-medidas-para-contener-la-inflacion-se-anunciaran-este-lunes\\\/\",\"url\":\"https:\\\/\\\/diariotextual.com\\\/inicio\\\/index.php\\\/2022\\\/07\\\/10\\\/batakis-consensuo-con-el-presidente-las-medidas-para-contener-la-inflacion-se-anunciaran-este-lunes\\\/\",\"name\":\"Batakis consensu\u00f3 con el presidente las medidas para contener la inflaci\u00f3n: se anunciar\u00e1n este lunes - Diario Textual\",\"isPartOf\":{\"@id\":\"https:\\\/\\\/diariotextual.com\\\/inicio\\\/#website\"},\"primaryImageOfPage\":{\"@id\":\"https:\\\/\\\/diariotextual.com\\\/inicio\\\/index.php\\\/2022\\\/07\\\/10\\\/batakis-consensuo-con-el-presidente-las-medidas-para-contener-la-inflacion-se-anunciaran-este-lunes\\\/#primaryimage\"},\"image\":{\"@id\":\"https:\\\/\\\/diariotextual.com\\\/inicio\\\/index.php\\\/2022\\\/07\\\/10\\\/batakis-consensuo-con-el-presidente-las-medidas-para-contener-la-inflacion-se-anunciaran-este-lunes\\\/#primaryimage\"},\"thumbnailUrl\":\"https:\\\/\\\/diariotextual.com\\\/inicio\\\/wp-content\\\/uploads\\\/2022\\\/07\\\/batakissilvinafernandezalberto2022-1.jpg\",\"datePublished\":\"2022-07-11T01:28:15+00:00\",\"dateModified\":\"2022-07-11T11:34:17+00:00\",\"breadcrumb\":{\"@id\":\"https:\\\/\\\/diariotextual.com\\\/inicio\\\/index.php\\\/2022\\\/07\\\/10\\\/batakis-consensuo-con-el-presidente-las-medidas-para-contener-la-inflacion-se-anunciaran-este-lunes\\\/#breadcrumb\"},\"inLanguage\":\"es\",\"potentialAction\":[{\"@type\":\"ReadAction\",\"target\":[\"https:\\\/\\\/diariotextual.com\\\/inicio\\\/index.php\\\/2022\\\/07\\\/10\\\/batakis-consensuo-con-el-presidente-las-medidas-para-contener-la-inflacion-se-anunciaran-este-lunes\\\/\"]}]},{\"@type\":\"ImageObject\",\"inLanguage\":\"es\",\"@id\":\"https:\\\/\\\/diariotextual.com\\\/inicio\\\/index.php\\\/2022\\\/07\\\/10\\\/batakis-consensuo-con-el-presidente-las-medidas-para-contener-la-inflacion-se-anunciaran-este-lunes\\\/#primaryimage\",\"url\":\"https:\\\/\\\/diariotextual.com\\\/inicio\\\/wp-content\\\/uploads\\\/2022\\\/07\\\/batakissilvinafernandezalberto2022-1.jpg\",\"contentUrl\":\"https:\\\/\\\/diariotextual.com\\\/inicio\\\/wp-content\\\/uploads\\\/2022\\\/07\\\/batakissilvinafernandezalberto2022-1.jpg\",\"width\":900,\"height\":506},{\"@type\":\"BreadcrumbList\",\"@id\":\"https:\\\/\\\/diariotextual.com\\\/inicio\\\/index.php\\\/2022\\\/07\\\/10\\\/batakis-consensuo-con-el-presidente-las-medidas-para-contener-la-inflacion-se-anunciaran-este-lunes\\\/#breadcrumb\",\"itemListElement\":[{\"@type\":\"ListItem\",\"position\":1,\"name\":\"Portada\",\"item\":\"https:\\\/\\\/diariotextual.com\\\/inicio\\\/\"},{\"@type\":\"ListItem\",\"position\":2,\"name\":\"Batakis consensu\u00f3 con el presidente las medidas para contener la inflaci\u00f3n: se anunciar\u00e1n este lunes\"}]},{\"@type\":\"WebSite\",\"@id\":\"https:\\\/\\\/diariotextual.com\\\/inicio\\\/#website\",\"url\":\"https:\\\/\\\/diariotextual.com\\\/inicio\\\/\",\"name\":\"Diario Textual\",\"description\":\"\",\"publisher\":{\"@id\":\"https:\\\/\\\/diariotextual.com\\\/inicio\\\/#organization\"},\"potentialAction\":[{\"@type\":\"SearchAction\",\"target\":{\"@type\":\"EntryPoint\",\"urlTemplate\":\"https:\\\/\\\/diariotextual.com\\\/inicio\\\/?s={search_term_string}\"},\"query-input\":{\"@type\":\"PropertyValueSpecification\",\"valueRequired\":true,\"valueName\":\"search_term_string\"}}],\"inLanguage\":\"es\"},{\"@type\":\"Organization\",\"@id\":\"https:\\\/\\\/diariotextual.com\\\/inicio\\\/#organization\",\"name\":\"Diario Textual\",\"url\":\"https:\\\/\\\/diariotextual.com\\\/inicio\\\/\",\"logo\":{\"@type\":\"ImageObject\",\"inLanguage\":\"es\",\"@id\":\"https:\\\/\\\/diariotextual.com\\\/inicio\\\/#\\\/schema\\\/logo\\\/image\\\/\",\"url\":\"https:\\\/\\\/diariotextual.com\\\/inicio\\\/wp-content\\\/uploads\\\/2023\\\/05\\\/logotextual1.jpg\",\"contentUrl\":\"https:\\\/\\\/diariotextual.com\\\/inicio\\\/wp-content\\\/uploads\\\/2023\\\/05\\\/logotextual1.jpg\",\"width\":516,\"height\":76,\"caption\":\"Diario Textual\"},\"image\":{\"@id\":\"https:\\\/\\\/diariotextual.com\\\/inicio\\\/#\\\/schema\\\/logo\\\/image\\\/\"},\"sameAs\":[\"https:\\\/\\\/www.facebook.com\\\/eltextual\",\"https:\\\/\\\/x.com\\\/eltextual\",\"http:\\\/\\\/www.instagram.com\\\/eltextual\"]},{\"@type\":\"Person\",\"@id\":\"https:\\\/\\\/diariotextual.com\\\/inicio\\\/#\\\/schema\\\/person\\\/418fc4093c33e86ed41562db3508f958\",\"name\":\"Diario1 Diario1\",\"image\":{\"@type\":\"ImageObject\",\"inLanguage\":\"es\",\"@id\":\"https:\\\/\\\/secure.gravatar.com\\\/avatar\\\/9167d280179c85bc18be67aa7eda765854300033af4896dd779b608640f2ef7a?s=96&d=mm&r=g\",\"url\":\"https:\\\/\\\/secure.gravatar.com\\\/avatar\\\/9167d280179c85bc18be67aa7eda765854300033af4896dd779b608640f2ef7a?s=96&d=mm&r=g\",\"contentUrl\":\"https:\\\/\\\/secure.gravatar.com\\\/avatar\\\/9167d280179c85bc18be67aa7eda765854300033af4896dd779b608640f2ef7a?s=96&d=mm&r=g\",\"caption\":\"Diario1 Diario1\"},\"url\":\"https:\\\/\\\/diariotextual.com\\\/inicio\\\/index.php\\\/author\\\/diario1\\\/\"}]}<\/script>\n<!-- \/ Yoast SEO plugin. -->","yoast_head_json":{"title":"Batakis consensu\u00f3 con el presidente las medidas para contener la inflaci\u00f3n: se anunciar\u00e1n este lunes - Diario Textual","robots":{"index":"index","follow":"follow","max-snippet":"max-snippet:-1","max-image-preview":"max-image-preview:large","max-video-preview":"max-video-preview:-1"},"canonical":"https:\/\/diariotextual.com\/inicio\/index.php\/2022\/07\/10\/batakis-consensuo-con-el-presidente-las-medidas-para-contener-la-inflacion-se-anunciaran-este-lunes\/","og_locale":"es_ES","og_type":"article","og_title":"Batakis consensu\u00f3 con el presidente las medidas para contener la inflaci\u00f3n: se anunciar\u00e1n este lunes - Diario Textual","og_description":"El presidente&nbsp;Alberto Fern\u00e1ndez&nbsp;y la ministra de Econom\u00eda,&nbsp;Silvina Batakis, analizaron este domingo en la Quinta de Olivos acciones para afrontar cuestiones como la suba de precios y el d\u00e9ficit y este&hellip;","og_url":"https:\/\/diariotextual.com\/inicio\/index.php\/2022\/07\/10\/batakis-consensuo-con-el-presidente-las-medidas-para-contener-la-inflacion-se-anunciaran-este-lunes\/","og_site_name":"Diario Textual","article_publisher":"https:\/\/www.facebook.com\/eltextual","article_published_time":"2022-07-11T01:28:15+00:00","article_modified_time":"2022-07-11T11:34:17+00:00","og_image":[{"width":900,"height":506,"url":"https:\/\/diariotextual.com\/inicio\/wp-content\/uploads\/2022\/07\/batakissilvinafernandezalberto2022-1.jpg","type":"image\/jpeg"}],"author":"Diario1 Diario1","twitter_card":"summary_large_image","twitter_creator":"@eltextual","twitter_site":"@eltextual","twitter_misc":{"Escrito por":"Diario1 Diario1","Tiempo de lectura":"1 minuto"},"schema":{"@context":"https:\/\/schema.org","@graph":[{"@type":"Article","@id":"https:\/\/diariotextual.com\/inicio\/index.php\/2022\/07\/10\/batakis-consensuo-con-el-presidente-las-medidas-para-contener-la-inflacion-se-anunciaran-este-lunes\/#article","isPartOf":{"@id":"https:\/\/diariotextual.com\/inicio\/index.php\/2022\/07\/10\/batakis-consensuo-con-el-presidente-las-medidas-para-contener-la-inflacion-se-anunciaran-este-lunes\/"},"author":{"name":"Diario1 Diario1","@id":"https:\/\/diariotextual.com\/inicio\/#\/schema\/person\/418fc4093c33e86ed41562db3508f958"},"headline":"Batakis consensu\u00f3 con el presidente las medidas para contener la inflaci\u00f3n: se anunciar\u00e1n este lunes","datePublished":"2022-07-11T01:28:15+00:00","dateModified":"2022-07-11T11:34:17+00:00","mainEntityOfPage":{"@id":"https:\/\/diariotextual.com\/inicio\/index.php\/2022\/07\/10\/batakis-consensuo-con-el-presidente-las-medidas-para-contener-la-inflacion-se-anunciaran-este-lunes\/"},"wordCount":221,"publisher":{"@id":"https:\/\/diariotextual.com\/inicio\/#organization"},"image":{"@id":"https:\/\/diariotextual.com\/inicio\/index.php\/2022\/07\/10\/batakis-consensuo-con-el-presidente-las-medidas-para-contener-la-inflacion-se-anunciaran-este-lunes\/#primaryimage"},"thumbnailUrl":"https:\/\/diariotextual.com\/inicio\/wp-content\/uploads\/2022\/07\/batakissilvinafernandezalberto2022-1.jpg","keywords":["medidas"],"articleSection":["A - DESTACADAS (mod 16)","POLITICA"],"inLanguage":"es"},{"@type":"WebPage","@id":"https:\/\/diariotextual.com\/inicio\/index.php\/2022\/07\/10\/batakis-consensuo-con-el-presidente-las-medidas-para-contener-la-inflacion-se-anunciaran-este-lunes\/","url":"https:\/\/diariotextual.com\/inicio\/index.php\/2022\/07\/10\/batakis-consensuo-con-el-presidente-las-medidas-para-contener-la-inflacion-se-anunciaran-este-lunes\/","name":"Batakis consensu\u00f3 con el presidente las medidas para contener la inflaci\u00f3n: se anunciar\u00e1n este lunes - Diario Textual","isPartOf":{"@id":"https:\/\/diariotextual.com\/inicio\/#website"},"primaryImageOfPage":{"@id":"https:\/\/diariotextual.com\/inicio\/index.php\/2022\/07\/10\/batakis-consensuo-con-el-presidente-las-medidas-para-contener-la-inflacion-se-anunciaran-este-lunes\/#primaryimage"},"image":{"@id":"https:\/\/diariotextual.com\/inicio\/index.php\/2022\/07\/10\/batakis-consensuo-con-el-presidente-las-medidas-para-contener-la-inflacion-se-anunciaran-este-lunes\/#primaryimage"},"thumbnailUrl":"https:\/\/diariotextual.com\/inicio\/wp-content\/uploads\/2022\/07\/batakissilvinafernandezalberto2022-1.jpg","datePublished":"2022-07-11T01:28:15+00:00","dateModified":"2022-07-11T11:34:17+00:00","breadcrumb":{"@id":"https:\/\/diariotextual.com\/inicio\/index.php\/2022\/07\/10\/batakis-consensuo-con-el-presidente-las-medidas-para-contener-la-inflacion-se-anunciaran-este-lunes\/#breadcrumb"},"inLanguage":"es","potentialAction":[{"@type":"ReadAction","target":["https:\/\/diariotextual.com\/inicio\/index.php\/2022\/07\/10\/batakis-consensuo-con-el-presidente-las-medidas-para-contener-la-inflacion-se-anunciaran-este-lunes\/"]}]},{"@type":"ImageObject","inLanguage":"es","@id":"https:\/\/diariotextual.com\/inicio\/index.php\/2022\/07\/10\/batakis-consensuo-con-el-presidente-las-medidas-para-contener-la-inflacion-se-anunciaran-este-lunes\/#primaryimage","url":"https:\/\/diariotextual.com\/inicio\/wp-content\/uploads\/2022\/07\/batakissilvinafernandezalberto2022-1.jpg","contentUrl":"https:\/\/diariotextual.com\/inicio\/wp-content\/uploads\/2022\/07\/batakissilvinafernandezalberto2022-1.jpg","width":900,"height":506},{"@type":"BreadcrumbList","@id":"https:\/\/diariotextual.com\/inicio\/index.php\/2022\/07\/10\/batakis-consensuo-con-el-presidente-las-medidas-para-contener-la-inflacion-se-anunciaran-este-lunes\/#breadcrumb","itemListElement":[{"@type":"ListItem","position":1,"name":"Portada","item":"https:\/\/diariotextual.com\/inicio\/"},{"@type":"ListItem","position":2,"name":"Batakis consensu\u00f3 con el presidente las medidas para contener la inflaci\u00f3n: se anunciar\u00e1n este lunes"}]},{"@type":"WebSite","@id":"https:\/\/diariotextual.com\/inicio\/#website","url":"https:\/\/diariotextual.com\/inicio\/","name":"Diario Textual","description":"","publisher":{"@id":"https:\/\/diariotextual.com\/inicio\/#organization"},"potentialAction":[{"@type":"SearchAction","target":{"@type":"EntryPoint","urlTemplate":"https:\/\/diariotextual.com\/inicio\/?s={search_term_string}"},"query-input":{"@type":"PropertyValueSpecification","valueRequired":true,"valueName":"search_term_string"}}],"inLanguage":"es"},{"@type":"Organization","@id":"https:\/\/diariotextual.com\/inicio\/#organization","name":"Diario Textual","url":"https:\/\/diariotextual.com\/inicio\/","logo":{"@type":"ImageObject","inLanguage":"es","@id":"https:\/\/diariotextual.com\/inicio\/#\/schema\/logo\/image\/","url":"https:\/\/diariotextual.com\/inicio\/wp-content\/uploads\/2023\/05\/logotextual1.jpg","contentUrl":"https:\/\/diariotextual.com\/inicio\/wp-content\/uploads\/2023\/05\/logotextual1.jpg","width":516,"height":76,"caption":"Diario Textual"},"image":{"@id":"https:\/\/diariotextual.com\/inicio\/#\/schema\/logo\/image\/"},"sameAs":["https:\/\/www.facebook.com\/eltextual","https:\/\/x.com\/eltextual","http:\/\/www.instagram.com\/eltextual"]},{"@type":"Person","@id":"https:\/\/diariotextual.com\/inicio\/#\/schema\/person\/418fc4093c33e86ed41562db3508f958","name":"Diario1 Diario1","image":{"@type":"ImageObject","inLanguage":"es","@id":"https:\/\/secure.gravatar.com\/avatar\/9167d280179c85bc18be67aa7eda765854300033af4896dd779b608640f2ef7a?s=96&d=mm&r=g","url":"https:\/\/secure.gravatar.com\/avatar\/9167d280179c85bc18be67aa7eda765854300033af4896dd779b608640f2ef7a?s=96&d=mm&r=g","contentUrl":"https:\/\/secure.gravatar.com\/avatar\/9167d280179c85bc18be67aa7eda765854300033af4896dd779b608640f2ef7a?s=96&d=mm&r=g","caption":"Diario1 Diario1"},"url":"https:\/\/diariotextual.com\/inicio\/index.php\/author\/diario1\/"}]}},"_links":{"self":[{"href":"https:\/\/diariotextual.com\/inicio\/index.php\/wp-json\/wp\/v2\/posts\/193951","targetHints":{"allow":["GET"]}}],"collection":[{"href":"https:\/\/diariotextual.com\/inicio\/index.php\/wp-json\/wp\/v2\/posts"}],"about":[{"href":"https:\/\/diariotextual.com\/inicio\/index.php\/wp-json\/wp\/v2\/types\/post"}],"author":[{"embeddable":true,"href":"https:\/\/diariotextual.com\/inicio\/index.php\/wp-json\/wp\/v2\/users\/3"}],"replies":[{"embeddable":true,"href":"https:\/\/diariotextual.com\/inicio\/index.php\/wp-json\/wp\/v2\/comments?post=193951"}],"version-history":[{"count":4,"href":"https:\/\/diariotextual.com\/inicio\/index.php\/wp-json\/wp\/v2\/posts\/193951\/revisions"}],"predecessor-version":[{"id":193982,"href":"https:\/\/diariotextual.com\/inicio\/index.php\/wp-json\/wp\/v2\/posts\/193951\/revisions\/193982"}],"wp:featuredmedia":[{"embeddable":true,"href":"https:\/\/diariotextual.com\/inicio\/index.php\/wp-json\/wp\/v2\/media\/193953"}],"wp:attachment":[{"href":"https:\/\/diariotextual.com\/inicio\/index.php\/wp-json\/wp\/v2\/media?parent=193951"}],"wp:term":[{"taxonomy":"category","embeddable":true,"href":"https:\/\/diariotextual.com\/inicio\/index.php\/wp-json\/wp\/v2\/categories?post=193951"},{"taxonomy":"post_tag","embeddable":true,"href":"https:\/\/diariotextual.com\/inicio\/index.php\/wp-json\/wp\/v2\/tags?post=193951"}],"curies":[{"name":"wp","href":"https:\/\/api.w.org\/{rel}","templated":true}]}}