{"id":194316,"date":"2022-07-14T10:00:37","date_gmt":"2022-07-14T13:00:37","guid":{"rendered":"https:\/\/diariotextual.com\/inicio\/?p=194316"},"modified":"2022-07-14T10:03:47","modified_gmt":"2022-07-14T13:03:47","slug":"para-utelpa-no-es-necesaria-la-extension-horaria-40-o-45-minutos-mas-no-cambia-nada","status":"publish","type":"post","link":"https:\/\/diariotextual.com\/inicio\/index.php\/2022\/07\/14\/para-utelpa-no-es-necesaria-la-extension-horaria-40-o-45-minutos-mas-no-cambia-nada\/","title":{"rendered":"Para Utelpa no es necesaria la extensi\u00f3n horaria: \u201c40 o 45 minutos m\u00e1s no cambia nada\u201d"},"content":{"rendered":"\n<p>El gremio docente Utelpa se pronunci\u00f3 sobre la extensi\u00f3n horaria escolar que impulsa el Gobierno nacional y al que ya han adherido algunas provincias y otras, como La Pampa, lo est\u00e1n analizando. \u201cNo es necesario. 40 o 45 minutos m\u00e1s no cambia nada\u201d, dijo la secretaria general Lilia L\u00f3pez.<\/p>\n\n\n\n<figure class=\"wp-block-embed is-type-wp-embed is-provider-diario-textual wp-block-embed-diario-textual\"><div class=\"wp-block-embed__wrapper\">\n<blockquote class=\"wp-embedded-content\" data-secret=\"QWF2oYm3t1\"><a href=\"https:\/\/diariotextual.com\/inicio\/index.php\/2022\/07\/13\/la-pampa-confirma-que-sigue-analizando-extender-progresivamente-la-jornada-escolar\/\">La Pampa confirma que sigue analizando extender progresivamente la jornada escolar<\/a><\/blockquote><iframe class=\"wp-embedded-content\" sandbox=\"allow-scripts\" security=\"restricted\" style=\"position: absolute; clip: rect(1px, 1px, 1px, 1px);\" title=\"\u00abLa Pampa confirma que sigue analizando extender progresivamente la jornada escolar\u00bb \u2014 Diario Textual\" src=\"https:\/\/diariotextual.com\/inicio\/index.php\/2022\/07\/13\/la-pampa-confirma-que-sigue-analizando-extender-progresivamente-la-jornada-escolar\/embed\/#?secret=AHjWqGhWAr#?secret=QWF2oYm3t1\" data-secret=\"QWF2oYm3t1\" width=\"600\" height=\"338\" frameborder=\"0\" marginwidth=\"0\" marginheight=\"0\" scrolling=\"no\"><\/iframe>\n<\/div><\/figure>\n\n\n\n<p>L\u00f3pez se remiti\u00f3 a lo manifestado la semana pasada por el gremio madre Ctera, que expres\u00f3 que \u201cel simple hecho de sumar una o media hora m\u00e1s para el dictado de clases frente a las y los alumnos no resuelve ninguno de los problemas fundamentales de aprendizaje que hoy se ponen en evidencia. Esta medida, por el contrario, podr\u00eda agudizar las situaciones de desigualdad en las que ya se encuentran los diversos sectores de la ciudadan\u00eda en nuestro pa\u00eds. Y la decisi\u00f3n de un incremento en la carga horaria puede tambi\u00e9n significar la vulneraci\u00f3n los derechos laborales e implicar una intensificaci\u00f3n y sobrecarga en el trabajo docente\u201d, sostuvo.<\/p>\n\n\n\n<p>Ayer, el ministro de Eduaci\u00f3n de La Pampa, Pablo Maccione, inform\u00f3 que se encuentra en etapa de \u201can\u00e1lisis y trabajo contextualizado\u201d la propuesta del Gobierno nacional para incrementar la carga horaria en las escuelas primarias.<\/p>\n\n\n\n<p>\u201cRealizamos un primer encuentro virtual con equipos de la Secretar\u00eda de Educaci\u00f3n de la Naci\u00f3n en donde intercambiamos ideas y pautas a partir del an\u00e1lisis minucioso de la realidad de cada instituci\u00f3n escolar primaria\u201d, dijo Maccione.<\/p>\n\n\n\n<p>Hasta el momento, cuatro provincias ya confirmaron que despu\u00e9s del receso escolar de invierno retomar\u00e1n sus&nbsp;clases en las escuelas primarias p\u00fablicas con una hora m\u00e1s en su jornada habitual. Son&nbsp;Tucum\u00e1n, Santa Cruz, Chaco y Catamarca. <\/p>\n","protected":false},"excerpt":{"rendered":"<p>El gremio docente Utelpa se pronunci\u00f3 sobre la extensi\u00f3n horaria escolar que impulsa el Gobierno nacional y al que ya han adherido algunas provincias y otras, como La Pampa, lo&hellip;<\/p>\n","protected":false},"author":7,"featured_media":155281,"comment_status":"closed","ping_status":"open","sticky":false,"template":"","format":"standard","meta":{"_acf_changed":false,"footnotes":""},"categories":[4,12],"tags":[991],"class_list":["post-194316","post","type-post","status-publish","format-standard","has-post-thumbnail","hentry","category-destacadas","category-sociedad","tag-clases"],"acf":[],"yoast_head":"<!-- This site is optimized with the Yoast SEO plugin v27.5 - https:\/\/yoast.com\/product\/yoast-seo-wordpress\/ -->\n<title>Para Utelpa no es necesaria la extensi\u00f3n horaria: \u201c40 o 45 minutos m\u00e1s no cambia nada\u201d - Diario Textual<\/title>\n<meta name=\"robots\" content=\"index, follow, max-snippet:-1, max-image-preview:large, max-video-preview:-1\" \/>\n<link rel=\"canonical\" href=\"https:\/\/diariotextual.com\/inicio\/index.php\/2022\/07\/14\/para-utelpa-no-es-necesaria-la-extension-horaria-40-o-45-minutos-mas-no-cambia-nada\/\" \/>\n<meta property=\"og:locale\" content=\"es_ES\" \/>\n<meta property=\"og:type\" content=\"article\" \/>\n<meta property=\"og:title\" content=\"Para Utelpa no es necesaria la extensi\u00f3n horaria: \u201c40 o 45 minutos m\u00e1s no cambia nada\u201d - Diario Textual\" \/>\n<meta property=\"og:description\" content=\"El gremio docente Utelpa se pronunci\u00f3 sobre la extensi\u00f3n horaria escolar que impulsa el Gobierno nacional y al que ya han adherido algunas provincias y otras, como La Pampa, lo&hellip;\" \/>\n<meta property=\"og:url\" content=\"https:\/\/diariotextual.com\/inicio\/index.php\/2022\/07\/14\/para-utelpa-no-es-necesaria-la-extension-horaria-40-o-45-minutos-mas-no-cambia-nada\/\" \/>\n<meta property=\"og:site_name\" content=\"Diario Textual\" \/>\n<meta property=\"article:publisher\" content=\"https:\/\/www.facebook.com\/eltextual\" \/>\n<meta property=\"article:published_time\" content=\"2022-07-14T13:00:37+00:00\" \/>\n<meta property=\"article:modified_time\" content=\"2022-07-14T13:03:47+00:00\" \/>\n<meta property=\"og:image\" content=\"https:\/\/diariotextual.com\/inicio\/wp-content\/uploads\/2021\/07\/clasesaulasalumnosescuelascoronavirusprevencion2021-14.jpg\" \/>\n\t<meta property=\"og:image:width\" content=\"1004\" \/>\n\t<meta property=\"og:image:height\" content=\"565\" \/>\n\t<meta property=\"og:image:type\" content=\"image\/jpeg\" \/>\n<meta name=\"author\" content=\"diario5\" \/>\n<meta name=\"twitter:card\" content=\"summary_large_image\" \/>\n<meta name=\"twitter:creator\" content=\"@eltextual\" \/>\n<meta name=\"twitter:site\" content=\"@eltextual\" \/>\n<meta name=\"twitter:label1\" content=\"Escrito por\" \/>\n\t<meta name=\"twitter:data1\" content=\"diario5\" \/>\n\t<meta name=\"twitter:label2\" content=\"Tiempo de lectura\" \/>\n\t<meta name=\"twitter:data2\" content=\"2 minutos\" \/>\n<script type=\"application\/ld+json\" class=\"yoast-schema-graph\">{\"@context\":\"https:\\\/\\\/schema.org\",\"@graph\":[{\"@type\":\"Article\",\"@id\":\"https:\\\/\\\/diariotextual.com\\\/inicio\\\/index.php\\\/2022\\\/07\\\/14\\\/para-utelpa-no-es-necesaria-la-extension-horaria-40-o-45-minutos-mas-no-cambia-nada\\\/#article\",\"isPartOf\":{\"@id\":\"https:\\\/\\\/diariotextual.com\\\/inicio\\\/index.php\\\/2022\\\/07\\\/14\\\/para-utelpa-no-es-necesaria-la-extension-horaria-40-o-45-minutos-mas-no-cambia-nada\\\/\"},\"author\":{\"name\":\"diario5\",\"@id\":\"https:\\\/\\\/diariotextual.com\\\/inicio\\\/#\\\/schema\\\/person\\\/c7834961ad8b29b1d9cdbf4571299067\"},\"headline\":\"Para Utelpa no es necesaria la extensi\u00f3n horaria: \u201c40 o 45 minutos m\u00e1s no cambia nada\u201d\",\"datePublished\":\"2022-07-14T13:00:37+00:00\",\"dateModified\":\"2022-07-14T13:03:47+00:00\",\"mainEntityOfPage\":{\"@id\":\"https:\\\/\\\/diariotextual.com\\\/inicio\\\/index.php\\\/2022\\\/07\\\/14\\\/para-utelpa-no-es-necesaria-la-extension-horaria-40-o-45-minutos-mas-no-cambia-nada\\\/\"},\"wordCount\":313,\"publisher\":{\"@id\":\"https:\\\/\\\/diariotextual.com\\\/inicio\\\/#organization\"},\"image\":{\"@id\":\"https:\\\/\\\/diariotextual.com\\\/inicio\\\/index.php\\\/2022\\\/07\\\/14\\\/para-utelpa-no-es-necesaria-la-extension-horaria-40-o-45-minutos-mas-no-cambia-nada\\\/#primaryimage\"},\"thumbnailUrl\":\"https:\\\/\\\/diariotextual.com\\\/inicio\\\/wp-content\\\/uploads\\\/2021\\\/07\\\/clasesaulasalumnosescuelascoronavirusprevencion2021-14.jpg\",\"keywords\":[\"clases\"],\"articleSection\":[\"A - DESTACADAS (mod 16)\",\"SOCIEDAD\"],\"inLanguage\":\"es\"},{\"@type\":\"WebPage\",\"@id\":\"https:\\\/\\\/diariotextual.com\\\/inicio\\\/index.php\\\/2022\\\/07\\\/14\\\/para-utelpa-no-es-necesaria-la-extension-horaria-40-o-45-minutos-mas-no-cambia-nada\\\/\",\"url\":\"https:\\\/\\\/diariotextual.com\\\/inicio\\\/index.php\\\/2022\\\/07\\\/14\\\/para-utelpa-no-es-necesaria-la-extension-horaria-40-o-45-minutos-mas-no-cambia-nada\\\/\",\"name\":\"Para Utelpa no es necesaria la extensi\u00f3n horaria: \u201c40 o 45 minutos m\u00e1s no cambia nada\u201d - Diario Textual\",\"isPartOf\":{\"@id\":\"https:\\\/\\\/diariotextual.com\\\/inicio\\\/#website\"},\"primaryImageOfPage\":{\"@id\":\"https:\\\/\\\/diariotextual.com\\\/inicio\\\/index.php\\\/2022\\\/07\\\/14\\\/para-utelpa-no-es-necesaria-la-extension-horaria-40-o-45-minutos-mas-no-cambia-nada\\\/#primaryimage\"},\"image\":{\"@id\":\"https:\\\/\\\/diariotextual.com\\\/inicio\\\/index.php\\\/2022\\\/07\\\/14\\\/para-utelpa-no-es-necesaria-la-extension-horaria-40-o-45-minutos-mas-no-cambia-nada\\\/#primaryimage\"},\"thumbnailUrl\":\"https:\\\/\\\/diariotextual.com\\\/inicio\\\/wp-content\\\/uploads\\\/2021\\\/07\\\/clasesaulasalumnosescuelascoronavirusprevencion2021-14.jpg\",\"datePublished\":\"2022-07-14T13:00:37+00:00\",\"dateModified\":\"2022-07-14T13:03:47+00:00\",\"breadcrumb\":{\"@id\":\"https:\\\/\\\/diariotextual.com\\\/inicio\\\/index.php\\\/2022\\\/07\\\/14\\\/para-utelpa-no-es-necesaria-la-extension-horaria-40-o-45-minutos-mas-no-cambia-nada\\\/#breadcrumb\"},\"inLanguage\":\"es\",\"potentialAction\":[{\"@type\":\"ReadAction\",\"target\":[\"https:\\\/\\\/diariotextual.com\\\/inicio\\\/index.php\\\/2022\\\/07\\\/14\\\/para-utelpa-no-es-necesaria-la-extension-horaria-40-o-45-minutos-mas-no-cambia-nada\\\/\"]}]},{\"@type\":\"ImageObject\",\"inLanguage\":\"es\",\"@id\":\"https:\\\/\\\/diariotextual.com\\\/inicio\\\/index.php\\\/2022\\\/07\\\/14\\\/para-utelpa-no-es-necesaria-la-extension-horaria-40-o-45-minutos-mas-no-cambia-nada\\\/#primaryimage\",\"url\":\"https:\\\/\\\/diariotextual.com\\\/inicio\\\/wp-content\\\/uploads\\\/2021\\\/07\\\/clasesaulasalumnosescuelascoronavirusprevencion2021-14.jpg\",\"contentUrl\":\"https:\\\/\\\/diariotextual.com\\\/inicio\\\/wp-content\\\/uploads\\\/2021\\\/07\\\/clasesaulasalumnosescuelascoronavirusprevencion2021-14.jpg\",\"width\":1004,\"height\":565},{\"@type\":\"BreadcrumbList\",\"@id\":\"https:\\\/\\\/diariotextual.com\\\/inicio\\\/index.php\\\/2022\\\/07\\\/14\\\/para-utelpa-no-es-necesaria-la-extension-horaria-40-o-45-minutos-mas-no-cambia-nada\\\/#breadcrumb\",\"itemListElement\":[{\"@type\":\"ListItem\",\"position\":1,\"name\":\"Portada\",\"item\":\"https:\\\/\\\/diariotextual.com\\\/inicio\\\/\"},{\"@type\":\"ListItem\",\"position\":2,\"name\":\"Para Utelpa no es necesaria la extensi\u00f3n horaria: \u201c40 o 45 minutos m\u00e1s no cambia nada\u201d\"}]},{\"@type\":\"WebSite\",\"@id\":\"https:\\\/\\\/diariotextual.com\\\/inicio\\\/#website\",\"url\":\"https:\\\/\\\/diariotextual.com\\\/inicio\\\/\",\"name\":\"Diario Textual\",\"description\":\"\",\"publisher\":{\"@id\":\"https:\\\/\\\/diariotextual.com\\\/inicio\\\/#organization\"},\"potentialAction\":[{\"@type\":\"SearchAction\",\"target\":{\"@type\":\"EntryPoint\",\"urlTemplate\":\"https:\\\/\\\/diariotextual.com\\\/inicio\\\/?s={search_term_string}\"},\"query-input\":{\"@type\":\"PropertyValueSpecification\",\"valueRequired\":true,\"valueName\":\"search_term_string\"}}],\"inLanguage\":\"es\"},{\"@type\":\"Organization\",\"@id\":\"https:\\\/\\\/diariotextual.com\\\/inicio\\\/#organization\",\"name\":\"Diario Textual\",\"url\":\"https:\\\/\\\/diariotextual.com\\\/inicio\\\/\",\"logo\":{\"@type\":\"ImageObject\",\"inLanguage\":\"es\",\"@id\":\"https:\\\/\\\/diariotextual.com\\\/inicio\\\/#\\\/schema\\\/logo\\\/image\\\/\",\"url\":\"https:\\\/\\\/diariotextual.com\\\/inicio\\\/wp-content\\\/uploads\\\/2023\\\/05\\\/logotextual1.jpg\",\"contentUrl\":\"https:\\\/\\\/diariotextual.com\\\/inicio\\\/wp-content\\\/uploads\\\/2023\\\/05\\\/logotextual1.jpg\",\"width\":516,\"height\":76,\"caption\":\"Diario Textual\"},\"image\":{\"@id\":\"https:\\\/\\\/diariotextual.com\\\/inicio\\\/#\\\/schema\\\/logo\\\/image\\\/\"},\"sameAs\":[\"https:\\\/\\\/www.facebook.com\\\/eltextual\",\"https:\\\/\\\/x.com\\\/eltextual\",\"http:\\\/\\\/www.instagram.com\\\/eltextual\"]},{\"@type\":\"Person\",\"@id\":\"https:\\\/\\\/diariotextual.com\\\/inicio\\\/#\\\/schema\\\/person\\\/c7834961ad8b29b1d9cdbf4571299067\",\"name\":\"diario5\",\"image\":{\"@type\":\"ImageObject\",\"inLanguage\":\"es\",\"@id\":\"https:\\\/\\\/secure.gravatar.com\\\/avatar\\\/948c893b847ca6df68216ead81b63f363408ec9b0f600fefc0641ce78613b111?s=96&d=mm&r=g\",\"url\":\"https:\\\/\\\/secure.gravatar.com\\\/avatar\\\/948c893b847ca6df68216ead81b63f363408ec9b0f600fefc0641ce78613b111?s=96&d=mm&r=g\",\"contentUrl\":\"https:\\\/\\\/secure.gravatar.com\\\/avatar\\\/948c893b847ca6df68216ead81b63f363408ec9b0f600fefc0641ce78613b111?s=96&d=mm&r=g\",\"caption\":\"diario5\"},\"url\":\"https:\\\/\\\/diariotextual.com\\\/inicio\\\/index.php\\\/author\\\/diario5\\\/\"}]}<\/script>\n<!-- \/ Yoast SEO plugin. -->","yoast_head_json":{"title":"Para Utelpa no es necesaria la extensi\u00f3n horaria: \u201c40 o 45 minutos m\u00e1s no cambia nada\u201d - Diario Textual","robots":{"index":"index","follow":"follow","max-snippet":"max-snippet:-1","max-image-preview":"max-image-preview:large","max-video-preview":"max-video-preview:-1"},"canonical":"https:\/\/diariotextual.com\/inicio\/index.php\/2022\/07\/14\/para-utelpa-no-es-necesaria-la-extension-horaria-40-o-45-minutos-mas-no-cambia-nada\/","og_locale":"es_ES","og_type":"article","og_title":"Para Utelpa no es necesaria la extensi\u00f3n horaria: \u201c40 o 45 minutos m\u00e1s no cambia nada\u201d - Diario Textual","og_description":"El gremio docente Utelpa se pronunci\u00f3 sobre la extensi\u00f3n horaria escolar que impulsa el Gobierno nacional y al que ya han adherido algunas provincias y otras, como La Pampa, lo&hellip;","og_url":"https:\/\/diariotextual.com\/inicio\/index.php\/2022\/07\/14\/para-utelpa-no-es-necesaria-la-extension-horaria-40-o-45-minutos-mas-no-cambia-nada\/","og_site_name":"Diario Textual","article_publisher":"https:\/\/www.facebook.com\/eltextual","article_published_time":"2022-07-14T13:00:37+00:00","article_modified_time":"2022-07-14T13:03:47+00:00","og_image":[{"width":1004,"height":565,"url":"https:\/\/diariotextual.com\/inicio\/wp-content\/uploads\/2021\/07\/clasesaulasalumnosescuelascoronavirusprevencion2021-14.jpg","type":"image\/jpeg"}],"author":"diario5","twitter_card":"summary_large_image","twitter_creator":"@eltextual","twitter_site":"@eltextual","twitter_misc":{"Escrito por":"diario5","Tiempo de lectura":"2 minutos"},"schema":{"@context":"https:\/\/schema.org","@graph":[{"@type":"Article","@id":"https:\/\/diariotextual.com\/inicio\/index.php\/2022\/07\/14\/para-utelpa-no-es-necesaria-la-extension-horaria-40-o-45-minutos-mas-no-cambia-nada\/#article","isPartOf":{"@id":"https:\/\/diariotextual.com\/inicio\/index.php\/2022\/07\/14\/para-utelpa-no-es-necesaria-la-extension-horaria-40-o-45-minutos-mas-no-cambia-nada\/"},"author":{"name":"diario5","@id":"https:\/\/diariotextual.com\/inicio\/#\/schema\/person\/c7834961ad8b29b1d9cdbf4571299067"},"headline":"Para Utelpa no es necesaria la extensi\u00f3n horaria: \u201c40 o 45 minutos m\u00e1s no cambia nada\u201d","datePublished":"2022-07-14T13:00:37+00:00","dateModified":"2022-07-14T13:03:47+00:00","mainEntityOfPage":{"@id":"https:\/\/diariotextual.com\/inicio\/index.php\/2022\/07\/14\/para-utelpa-no-es-necesaria-la-extension-horaria-40-o-45-minutos-mas-no-cambia-nada\/"},"wordCount":313,"publisher":{"@id":"https:\/\/diariotextual.com\/inicio\/#organization"},"image":{"@id":"https:\/\/diariotextual.com\/inicio\/index.php\/2022\/07\/14\/para-utelpa-no-es-necesaria-la-extension-horaria-40-o-45-minutos-mas-no-cambia-nada\/#primaryimage"},"thumbnailUrl":"https:\/\/diariotextual.com\/inicio\/wp-content\/uploads\/2021\/07\/clasesaulasalumnosescuelascoronavirusprevencion2021-14.jpg","keywords":["clases"],"articleSection":["A - DESTACADAS (mod 16)","SOCIEDAD"],"inLanguage":"es"},{"@type":"WebPage","@id":"https:\/\/diariotextual.com\/inicio\/index.php\/2022\/07\/14\/para-utelpa-no-es-necesaria-la-extension-horaria-40-o-45-minutos-mas-no-cambia-nada\/","url":"https:\/\/diariotextual.com\/inicio\/index.php\/2022\/07\/14\/para-utelpa-no-es-necesaria-la-extension-horaria-40-o-45-minutos-mas-no-cambia-nada\/","name":"Para Utelpa no es necesaria la extensi\u00f3n horaria: \u201c40 o 45 minutos m\u00e1s no cambia nada\u201d - Diario Textual","isPartOf":{"@id":"https:\/\/diariotextual.com\/inicio\/#website"},"primaryImageOfPage":{"@id":"https:\/\/diariotextual.com\/inicio\/index.php\/2022\/07\/14\/para-utelpa-no-es-necesaria-la-extension-horaria-40-o-45-minutos-mas-no-cambia-nada\/#primaryimage"},"image":{"@id":"https:\/\/diariotextual.com\/inicio\/index.php\/2022\/07\/14\/para-utelpa-no-es-necesaria-la-extension-horaria-40-o-45-minutos-mas-no-cambia-nada\/#primaryimage"},"thumbnailUrl":"https:\/\/diariotextual.com\/inicio\/wp-content\/uploads\/2021\/07\/clasesaulasalumnosescuelascoronavirusprevencion2021-14.jpg","datePublished":"2022-07-14T13:00:37+00:00","dateModified":"2022-07-14T13:03:47+00:00","breadcrumb":{"@id":"https:\/\/diariotextual.com\/inicio\/index.php\/2022\/07\/14\/para-utelpa-no-es-necesaria-la-extension-horaria-40-o-45-minutos-mas-no-cambia-nada\/#breadcrumb"},"inLanguage":"es","potentialAction":[{"@type":"ReadAction","target":["https:\/\/diariotextual.com\/inicio\/index.php\/2022\/07\/14\/para-utelpa-no-es-necesaria-la-extension-horaria-40-o-45-minutos-mas-no-cambia-nada\/"]}]},{"@type":"ImageObject","inLanguage":"es","@id":"https:\/\/diariotextual.com\/inicio\/index.php\/2022\/07\/14\/para-utelpa-no-es-necesaria-la-extension-horaria-40-o-45-minutos-mas-no-cambia-nada\/#primaryimage","url":"https:\/\/diariotextual.com\/inicio\/wp-content\/uploads\/2021\/07\/clasesaulasalumnosescuelascoronavirusprevencion2021-14.jpg","contentUrl":"https:\/\/diariotextual.com\/inicio\/wp-content\/uploads\/2021\/07\/clasesaulasalumnosescuelascoronavirusprevencion2021-14.jpg","width":1004,"height":565},{"@type":"BreadcrumbList","@id":"https:\/\/diariotextual.com\/inicio\/index.php\/2022\/07\/14\/para-utelpa-no-es-necesaria-la-extension-horaria-40-o-45-minutos-mas-no-cambia-nada\/#breadcrumb","itemListElement":[{"@type":"ListItem","position":1,"name":"Portada","item":"https:\/\/diariotextual.com\/inicio\/"},{"@type":"ListItem","position":2,"name":"Para Utelpa no es necesaria la extensi\u00f3n horaria: \u201c40 o 45 minutos m\u00e1s no cambia nada\u201d"}]},{"@type":"WebSite","@id":"https:\/\/diariotextual.com\/inicio\/#website","url":"https:\/\/diariotextual.com\/inicio\/","name":"Diario Textual","description":"","publisher":{"@id":"https:\/\/diariotextual.com\/inicio\/#organization"},"potentialAction":[{"@type":"SearchAction","target":{"@type":"EntryPoint","urlTemplate":"https:\/\/diariotextual.com\/inicio\/?s={search_term_string}"},"query-input":{"@type":"PropertyValueSpecification","valueRequired":true,"valueName":"search_term_string"}}],"inLanguage":"es"},{"@type":"Organization","@id":"https:\/\/diariotextual.com\/inicio\/#organization","name":"Diario Textual","url":"https:\/\/diariotextual.com\/inicio\/","logo":{"@type":"ImageObject","inLanguage":"es","@id":"https:\/\/diariotextual.com\/inicio\/#\/schema\/logo\/image\/","url":"https:\/\/diariotextual.com\/inicio\/wp-content\/uploads\/2023\/05\/logotextual1.jpg","contentUrl":"https:\/\/diariotextual.com\/inicio\/wp-content\/uploads\/2023\/05\/logotextual1.jpg","width":516,"height":76,"caption":"Diario Textual"},"image":{"@id":"https:\/\/diariotextual.com\/inicio\/#\/schema\/logo\/image\/"},"sameAs":["https:\/\/www.facebook.com\/eltextual","https:\/\/x.com\/eltextual","http:\/\/www.instagram.com\/eltextual"]},{"@type":"Person","@id":"https:\/\/diariotextual.com\/inicio\/#\/schema\/person\/c7834961ad8b29b1d9cdbf4571299067","name":"diario5","image":{"@type":"ImageObject","inLanguage":"es","@id":"https:\/\/secure.gravatar.com\/avatar\/948c893b847ca6df68216ead81b63f363408ec9b0f600fefc0641ce78613b111?s=96&d=mm&r=g","url":"https:\/\/secure.gravatar.com\/avatar\/948c893b847ca6df68216ead81b63f363408ec9b0f600fefc0641ce78613b111?s=96&d=mm&r=g","contentUrl":"https:\/\/secure.gravatar.com\/avatar\/948c893b847ca6df68216ead81b63f363408ec9b0f600fefc0641ce78613b111?s=96&d=mm&r=g","caption":"diario5"},"url":"https:\/\/diariotextual.com\/inicio\/index.php\/author\/diario5\/"}]}},"_links":{"self":[{"href":"https:\/\/diariotextual.com\/inicio\/index.php\/wp-json\/wp\/v2\/posts\/194316","targetHints":{"allow":["GET"]}}],"collection":[{"href":"https:\/\/diariotextual.com\/inicio\/index.php\/wp-json\/wp\/v2\/posts"}],"about":[{"href":"https:\/\/diariotextual.com\/inicio\/index.php\/wp-json\/wp\/v2\/types\/post"}],"author":[{"embeddable":true,"href":"https:\/\/diariotextual.com\/inicio\/index.php\/wp-json\/wp\/v2\/users\/7"}],"replies":[{"embeddable":true,"href":"https:\/\/diariotextual.com\/inicio\/index.php\/wp-json\/wp\/v2\/comments?post=194316"}],"version-history":[{"count":2,"href":"https:\/\/diariotextual.com\/inicio\/index.php\/wp-json\/wp\/v2\/posts\/194316\/revisions"}],"predecessor-version":[{"id":194319,"href":"https:\/\/diariotextual.com\/inicio\/index.php\/wp-json\/wp\/v2\/posts\/194316\/revisions\/194319"}],"wp:featuredmedia":[{"embeddable":true,"href":"https:\/\/diariotextual.com\/inicio\/index.php\/wp-json\/wp\/v2\/media\/155281"}],"wp:attachment":[{"href":"https:\/\/diariotextual.com\/inicio\/index.php\/wp-json\/wp\/v2\/media?parent=194316"}],"wp:term":[{"taxonomy":"category","embeddable":true,"href":"https:\/\/diariotextual.com\/inicio\/index.php\/wp-json\/wp\/v2\/categories?post=194316"},{"taxonomy":"post_tag","embeddable":true,"href":"https:\/\/diariotextual.com\/inicio\/index.php\/wp-json\/wp\/v2\/tags?post=194316"}],"curies":[{"name":"wp","href":"https:\/\/api.w.org\/{rel}","templated":true}]}}