{"id":196748,"date":"2022-08-13T11:08:46","date_gmt":"2022-08-13T14:08:46","guid":{"rendered":"https:\/\/diariotextual.com\/inicio\/?p=196748"},"modified":"2022-08-13T11:08:48","modified_gmt":"2022-08-13T14:08:48","slug":"en-buenos-aires-19-detenidos-que-son-acusados-de-integrar-una-secta","status":"publish","type":"post","link":"https:\/\/diariotextual.com\/inicio\/index.php\/2022\/08\/13\/en-buenos-aires-19-detenidos-que-son-acusados-de-integrar-una-secta\/","title":{"rendered":"En Buenos Aires, 19 detenidos que son acusados de integrar una secta"},"content":{"rendered":"\n<p>Al menos diecinueve personas fueron detenidas en las \u00faltimas horas en la ciudad de Buenos Aires y el conurbano acusadas de integrar una secta dedicada a la captaci\u00f3n de personas bajo la fachada de un centro de yoga con la finalidad de someterlos a explotaci\u00f3n sexual y laboral, informaron hoy fuentes policiales y judiciales.<\/p>\n\n\n\n<p>Adem\u00e1s, se investigan otros delitos como hurto agravado, lavado de activos y ejercicio ilegal de la medicina, de acuerdo a las fuentes.<\/p>\n\n\n\n<p>Los m\u00e1s de 50 allanamientos fueron realizados anoche por detectives del Departamento Trata de Personas de la Superintendencia de Investigaciones Federales de la Polic\u00eda Federal Argentina, que descubri\u00f3 la acci\u00f3n delictiva cuando investigaba a la empresa BA Group.<\/p>\n\n\n\n<p>Las fuentes indicaron que al parecer esa firma es \u201cla cara visible\u201d utilizada por una organizaci\u00f3n criminal trasnacional que se mueve en el mundo de las empresas, la salud y la pol\u00edtica.<\/p>\n\n\n\n<p>Las fuentes precisaron que la justicia emiti\u00f3 24 \u00f3rdenes de detenci\u00f3n, de las cuales anoche se concretaron 19, por lo que continuaban las investigaciones para ubicar a los buscados.<\/p>\n\n\n\n<p>\u201cEsta causa est\u00e1 en proceso de investigaci\u00f3n, estamos realizando allanamientos y detenciones solicitadas por el juzgado, y lo que buscamos es reunir mas pruebas para la investigaci\u00f3n que ya lleva mas de un a\u00f1o\u201d, explic\u00f3 el comisario inspector Ricarlo Juri anoche, en uno de los allanamientos en el barrio porte\u00f1o de Villa Crespo.<\/p>\n\n\n\n<p>Seg\u00fan Juri, \u201cse est\u00e1n analizando diferente tipos penales, como la trata de personas y el lavado de activos\u201d.<\/p>\n\n\n\n<p>Los operativos fueron ordenados por el Juzgado Federal 4, a cargo de Ariel Lijo, que orden\u00f3 m\u00e1s de 50 allanamientos en la ciudad de Buenos Aires y en la provincia de Buenos Aires, como as\u00ed tambi\u00e9n el Aeropuerto Internacional de Ezeiza.<\/p>\n\n\n\n<p>\u201cHay procedimientos en Ezeiza, y esperamos los resultados en cuanto a personas que estaban internadas en centros de salud y no deber\u00edan estarlo. Adem\u00e1s del despojo de bienes a trav\u00e9s de estudios jur\u00eddicos e inmobiliarias\u201d, dijo. \u201cLa metodolog\u00eda que utilizan es la t\u00edpica de las sectas, donde personas en situaci\u00f3n de vulnerabilidad por una intervenci\u00f3n seudo religiosa los convencen para despojarlo de los bienes\u201d, a\u00f1adi\u00f3.<\/p>\n\n\n\n<p>Luego de tareas de investigaci\u00f3n, seguimientos, consultas de bases de datos, solicitudes de cooperaci\u00f3n a distintos organismos y escuchas telef\u00f3nicas, entre otros, se pudo identificar a la totalidad de la organizaci\u00f3n criminal, y las maniobras utilizadas para cometer distintos delitos.<\/p>\n\n\n\n<p>Los delitos involucrados son trata de personas con fines de reducci\u00f3n a la servidumbre, agravado por coerci\u00f3n, hurto agravado, lavado de activos, asociaci\u00f3n il\u00edcita, ejercicio ilegal de la medicina, expendio Irregular de medicamentos y tr\u00e1fico de influencias, indicaron las fuentes policiales.<\/p>\n","protected":false},"excerpt":{"rendered":"<p>Al menos diecinueve personas fueron detenidas en las \u00faltimas horas en la ciudad de Buenos Aires y el conurbano acusadas de integrar una secta dedicada a la captaci\u00f3n de personas&hellip;<\/p>\n","protected":false},"author":3,"featured_media":196751,"comment_status":"closed","ping_status":"open","sticky":false,"template":"","format":"standard","meta":{"_acf_changed":false,"footnotes":""},"categories":[4,12],"tags":[],"class_list":["post-196748","post","type-post","status-publish","format-standard","has-post-thumbnail","hentry","category-destacadas","category-sociedad"],"acf":[],"yoast_head":"<!-- This site is optimized with the Yoast SEO plugin v27.5 - https:\/\/yoast.com\/product\/yoast-seo-wordpress\/ -->\n<title>En Buenos Aires, 19 detenidos que son acusados de integrar una secta - Diario Textual<\/title>\n<meta name=\"robots\" content=\"index, follow, max-snippet:-1, max-image-preview:large, max-video-preview:-1\" \/>\n<link rel=\"canonical\" href=\"https:\/\/diariotextual.com\/inicio\/index.php\/2022\/08\/13\/en-buenos-aires-19-detenidos-que-son-acusados-de-integrar-una-secta\/\" \/>\n<meta property=\"og:locale\" content=\"es_ES\" \/>\n<meta property=\"og:type\" content=\"article\" \/>\n<meta property=\"og:title\" content=\"En Buenos Aires, 19 detenidos que son acusados de integrar una secta - Diario Textual\" \/>\n<meta property=\"og:description\" content=\"Al menos diecinueve personas fueron detenidas en las \u00faltimas horas en la ciudad de Buenos Aires y el conurbano acusadas de integrar una secta dedicada a la captaci\u00f3n de personas&hellip;\" \/>\n<meta property=\"og:url\" content=\"https:\/\/diariotextual.com\/inicio\/index.php\/2022\/08\/13\/en-buenos-aires-19-detenidos-que-son-acusados-de-integrar-una-secta\/\" \/>\n<meta property=\"og:site_name\" content=\"Diario Textual\" \/>\n<meta property=\"article:publisher\" content=\"https:\/\/www.facebook.com\/eltextual\" \/>\n<meta property=\"article:published_time\" content=\"2022-08-13T14:08:46+00:00\" \/>\n<meta property=\"article:modified_time\" content=\"2022-08-13T14:08:48+00:00\" \/>\n<meta property=\"og:image\" content=\"https:\/\/diariotextual.com\/inicio\/wp-content\/uploads\/2022\/08\/sectaallanamientosbuenosaires2022-1.jpg\" \/>\n\t<meta property=\"og:image:width\" content=\"595\" \/>\n\t<meta property=\"og:image:height\" content=\"440\" \/>\n\t<meta property=\"og:image:type\" content=\"image\/jpeg\" \/>\n<meta name=\"author\" content=\"Diario1 Diario1\" \/>\n<meta name=\"twitter:card\" content=\"summary_large_image\" \/>\n<meta name=\"twitter:creator\" content=\"@eltextual\" \/>\n<meta name=\"twitter:site\" content=\"@eltextual\" \/>\n<meta name=\"twitter:label1\" content=\"Escrito por\" \/>\n\t<meta name=\"twitter:data1\" content=\"Diario1 Diario1\" \/>\n\t<meta name=\"twitter:label2\" content=\"Tiempo de lectura\" \/>\n\t<meta name=\"twitter:data2\" content=\"2 minutos\" \/>\n<script type=\"application\/ld+json\" class=\"yoast-schema-graph\">{\"@context\":\"https:\\\/\\\/schema.org\",\"@graph\":[{\"@type\":\"Article\",\"@id\":\"https:\\\/\\\/diariotextual.com\\\/inicio\\\/index.php\\\/2022\\\/08\\\/13\\\/en-buenos-aires-19-detenidos-que-son-acusados-de-integrar-una-secta\\\/#article\",\"isPartOf\":{\"@id\":\"https:\\\/\\\/diariotextual.com\\\/inicio\\\/index.php\\\/2022\\\/08\\\/13\\\/en-buenos-aires-19-detenidos-que-son-acusados-de-integrar-una-secta\\\/\"},\"author\":{\"name\":\"Diario1 Diario1\",\"@id\":\"https:\\\/\\\/diariotextual.com\\\/inicio\\\/#\\\/schema\\\/person\\\/418fc4093c33e86ed41562db3508f958\"},\"headline\":\"En Buenos Aires, 19 detenidos que son acusados de integrar una secta\",\"datePublished\":\"2022-08-13T14:08:46+00:00\",\"dateModified\":\"2022-08-13T14:08:48+00:00\",\"mainEntityOfPage\":{\"@id\":\"https:\\\/\\\/diariotextual.com\\\/inicio\\\/index.php\\\/2022\\\/08\\\/13\\\/en-buenos-aires-19-detenidos-que-son-acusados-de-integrar-una-secta\\\/\"},\"wordCount\":474,\"publisher\":{\"@id\":\"https:\\\/\\\/diariotextual.com\\\/inicio\\\/#organization\"},\"image\":{\"@id\":\"https:\\\/\\\/diariotextual.com\\\/inicio\\\/index.php\\\/2022\\\/08\\\/13\\\/en-buenos-aires-19-detenidos-que-son-acusados-de-integrar-una-secta\\\/#primaryimage\"},\"thumbnailUrl\":\"https:\\\/\\\/diariotextual.com\\\/inicio\\\/wp-content\\\/uploads\\\/2022\\\/08\\\/sectaallanamientosbuenosaires2022-1.jpg\",\"articleSection\":[\"A - DESTACADAS (mod 16)\",\"SOCIEDAD\"],\"inLanguage\":\"es\"},{\"@type\":\"WebPage\",\"@id\":\"https:\\\/\\\/diariotextual.com\\\/inicio\\\/index.php\\\/2022\\\/08\\\/13\\\/en-buenos-aires-19-detenidos-que-son-acusados-de-integrar-una-secta\\\/\",\"url\":\"https:\\\/\\\/diariotextual.com\\\/inicio\\\/index.php\\\/2022\\\/08\\\/13\\\/en-buenos-aires-19-detenidos-que-son-acusados-de-integrar-una-secta\\\/\",\"name\":\"En Buenos Aires, 19 detenidos que son acusados de integrar una secta - Diario Textual\",\"isPartOf\":{\"@id\":\"https:\\\/\\\/diariotextual.com\\\/inicio\\\/#website\"},\"primaryImageOfPage\":{\"@id\":\"https:\\\/\\\/diariotextual.com\\\/inicio\\\/index.php\\\/2022\\\/08\\\/13\\\/en-buenos-aires-19-detenidos-que-son-acusados-de-integrar-una-secta\\\/#primaryimage\"},\"image\":{\"@id\":\"https:\\\/\\\/diariotextual.com\\\/inicio\\\/index.php\\\/2022\\\/08\\\/13\\\/en-buenos-aires-19-detenidos-que-son-acusados-de-integrar-una-secta\\\/#primaryimage\"},\"thumbnailUrl\":\"https:\\\/\\\/diariotextual.com\\\/inicio\\\/wp-content\\\/uploads\\\/2022\\\/08\\\/sectaallanamientosbuenosaires2022-1.jpg\",\"datePublished\":\"2022-08-13T14:08:46+00:00\",\"dateModified\":\"2022-08-13T14:08:48+00:00\",\"breadcrumb\":{\"@id\":\"https:\\\/\\\/diariotextual.com\\\/inicio\\\/index.php\\\/2022\\\/08\\\/13\\\/en-buenos-aires-19-detenidos-que-son-acusados-de-integrar-una-secta\\\/#breadcrumb\"},\"inLanguage\":\"es\",\"potentialAction\":[{\"@type\":\"ReadAction\",\"target\":[\"https:\\\/\\\/diariotextual.com\\\/inicio\\\/index.php\\\/2022\\\/08\\\/13\\\/en-buenos-aires-19-detenidos-que-son-acusados-de-integrar-una-secta\\\/\"]}]},{\"@type\":\"ImageObject\",\"inLanguage\":\"es\",\"@id\":\"https:\\\/\\\/diariotextual.com\\\/inicio\\\/index.php\\\/2022\\\/08\\\/13\\\/en-buenos-aires-19-detenidos-que-son-acusados-de-integrar-una-secta\\\/#primaryimage\",\"url\":\"https:\\\/\\\/diariotextual.com\\\/inicio\\\/wp-content\\\/uploads\\\/2022\\\/08\\\/sectaallanamientosbuenosaires2022-1.jpg\",\"contentUrl\":\"https:\\\/\\\/diariotextual.com\\\/inicio\\\/wp-content\\\/uploads\\\/2022\\\/08\\\/sectaallanamientosbuenosaires2022-1.jpg\",\"width\":595,\"height\":440},{\"@type\":\"BreadcrumbList\",\"@id\":\"https:\\\/\\\/diariotextual.com\\\/inicio\\\/index.php\\\/2022\\\/08\\\/13\\\/en-buenos-aires-19-detenidos-que-son-acusados-de-integrar-una-secta\\\/#breadcrumb\",\"itemListElement\":[{\"@type\":\"ListItem\",\"position\":1,\"name\":\"Portada\",\"item\":\"https:\\\/\\\/diariotextual.com\\\/inicio\\\/\"},{\"@type\":\"ListItem\",\"position\":2,\"name\":\"En Buenos Aires, 19 detenidos que son acusados de integrar una secta\"}]},{\"@type\":\"WebSite\",\"@id\":\"https:\\\/\\\/diariotextual.com\\\/inicio\\\/#website\",\"url\":\"https:\\\/\\\/diariotextual.com\\\/inicio\\\/\",\"name\":\"Diario Textual\",\"description\":\"\",\"publisher\":{\"@id\":\"https:\\\/\\\/diariotextual.com\\\/inicio\\\/#organization\"},\"potentialAction\":[{\"@type\":\"SearchAction\",\"target\":{\"@type\":\"EntryPoint\",\"urlTemplate\":\"https:\\\/\\\/diariotextual.com\\\/inicio\\\/?s={search_term_string}\"},\"query-input\":{\"@type\":\"PropertyValueSpecification\",\"valueRequired\":true,\"valueName\":\"search_term_string\"}}],\"inLanguage\":\"es\"},{\"@type\":\"Organization\",\"@id\":\"https:\\\/\\\/diariotextual.com\\\/inicio\\\/#organization\",\"name\":\"Diario Textual\",\"url\":\"https:\\\/\\\/diariotextual.com\\\/inicio\\\/\",\"logo\":{\"@type\":\"ImageObject\",\"inLanguage\":\"es\",\"@id\":\"https:\\\/\\\/diariotextual.com\\\/inicio\\\/#\\\/schema\\\/logo\\\/image\\\/\",\"url\":\"https:\\\/\\\/diariotextual.com\\\/inicio\\\/wp-content\\\/uploads\\\/2023\\\/05\\\/logotextual1.jpg\",\"contentUrl\":\"https:\\\/\\\/diariotextual.com\\\/inicio\\\/wp-content\\\/uploads\\\/2023\\\/05\\\/logotextual1.jpg\",\"width\":516,\"height\":76,\"caption\":\"Diario Textual\"},\"image\":{\"@id\":\"https:\\\/\\\/diariotextual.com\\\/inicio\\\/#\\\/schema\\\/logo\\\/image\\\/\"},\"sameAs\":[\"https:\\\/\\\/www.facebook.com\\\/eltextual\",\"https:\\\/\\\/x.com\\\/eltextual\",\"http:\\\/\\\/www.instagram.com\\\/eltextual\"]},{\"@type\":\"Person\",\"@id\":\"https:\\\/\\\/diariotextual.com\\\/inicio\\\/#\\\/schema\\\/person\\\/418fc4093c33e86ed41562db3508f958\",\"name\":\"Diario1 Diario1\",\"image\":{\"@type\":\"ImageObject\",\"inLanguage\":\"es\",\"@id\":\"https:\\\/\\\/secure.gravatar.com\\\/avatar\\\/9167d280179c85bc18be67aa7eda765854300033af4896dd779b608640f2ef7a?s=96&d=mm&r=g\",\"url\":\"https:\\\/\\\/secure.gravatar.com\\\/avatar\\\/9167d280179c85bc18be67aa7eda765854300033af4896dd779b608640f2ef7a?s=96&d=mm&r=g\",\"contentUrl\":\"https:\\\/\\\/secure.gravatar.com\\\/avatar\\\/9167d280179c85bc18be67aa7eda765854300033af4896dd779b608640f2ef7a?s=96&d=mm&r=g\",\"caption\":\"Diario1 Diario1\"},\"url\":\"https:\\\/\\\/diariotextual.com\\\/inicio\\\/index.php\\\/author\\\/diario1\\\/\"}]}<\/script>\n<!-- \/ Yoast SEO plugin. -->","yoast_head_json":{"title":"En Buenos Aires, 19 detenidos que son acusados de integrar una secta - Diario Textual","robots":{"index":"index","follow":"follow","max-snippet":"max-snippet:-1","max-image-preview":"max-image-preview:large","max-video-preview":"max-video-preview:-1"},"canonical":"https:\/\/diariotextual.com\/inicio\/index.php\/2022\/08\/13\/en-buenos-aires-19-detenidos-que-son-acusados-de-integrar-una-secta\/","og_locale":"es_ES","og_type":"article","og_title":"En Buenos Aires, 19 detenidos que son acusados de integrar una secta - Diario Textual","og_description":"Al menos diecinueve personas fueron detenidas en las \u00faltimas horas en la ciudad de Buenos Aires y el conurbano acusadas de integrar una secta dedicada a la captaci\u00f3n de personas&hellip;","og_url":"https:\/\/diariotextual.com\/inicio\/index.php\/2022\/08\/13\/en-buenos-aires-19-detenidos-que-son-acusados-de-integrar-una-secta\/","og_site_name":"Diario Textual","article_publisher":"https:\/\/www.facebook.com\/eltextual","article_published_time":"2022-08-13T14:08:46+00:00","article_modified_time":"2022-08-13T14:08:48+00:00","og_image":[{"width":595,"height":440,"url":"https:\/\/diariotextual.com\/inicio\/wp-content\/uploads\/2022\/08\/sectaallanamientosbuenosaires2022-1.jpg","type":"image\/jpeg"}],"author":"Diario1 Diario1","twitter_card":"summary_large_image","twitter_creator":"@eltextual","twitter_site":"@eltextual","twitter_misc":{"Escrito por":"Diario1 Diario1","Tiempo de lectura":"2 minutos"},"schema":{"@context":"https:\/\/schema.org","@graph":[{"@type":"Article","@id":"https:\/\/diariotextual.com\/inicio\/index.php\/2022\/08\/13\/en-buenos-aires-19-detenidos-que-son-acusados-de-integrar-una-secta\/#article","isPartOf":{"@id":"https:\/\/diariotextual.com\/inicio\/index.php\/2022\/08\/13\/en-buenos-aires-19-detenidos-que-son-acusados-de-integrar-una-secta\/"},"author":{"name":"Diario1 Diario1","@id":"https:\/\/diariotextual.com\/inicio\/#\/schema\/person\/418fc4093c33e86ed41562db3508f958"},"headline":"En Buenos Aires, 19 detenidos que son acusados de integrar una secta","datePublished":"2022-08-13T14:08:46+00:00","dateModified":"2022-08-13T14:08:48+00:00","mainEntityOfPage":{"@id":"https:\/\/diariotextual.com\/inicio\/index.php\/2022\/08\/13\/en-buenos-aires-19-detenidos-que-son-acusados-de-integrar-una-secta\/"},"wordCount":474,"publisher":{"@id":"https:\/\/diariotextual.com\/inicio\/#organization"},"image":{"@id":"https:\/\/diariotextual.com\/inicio\/index.php\/2022\/08\/13\/en-buenos-aires-19-detenidos-que-son-acusados-de-integrar-una-secta\/#primaryimage"},"thumbnailUrl":"https:\/\/diariotextual.com\/inicio\/wp-content\/uploads\/2022\/08\/sectaallanamientosbuenosaires2022-1.jpg","articleSection":["A - DESTACADAS (mod 16)","SOCIEDAD"],"inLanguage":"es"},{"@type":"WebPage","@id":"https:\/\/diariotextual.com\/inicio\/index.php\/2022\/08\/13\/en-buenos-aires-19-detenidos-que-son-acusados-de-integrar-una-secta\/","url":"https:\/\/diariotextual.com\/inicio\/index.php\/2022\/08\/13\/en-buenos-aires-19-detenidos-que-son-acusados-de-integrar-una-secta\/","name":"En Buenos Aires, 19 detenidos que son acusados de integrar una secta - Diario Textual","isPartOf":{"@id":"https:\/\/diariotextual.com\/inicio\/#website"},"primaryImageOfPage":{"@id":"https:\/\/diariotextual.com\/inicio\/index.php\/2022\/08\/13\/en-buenos-aires-19-detenidos-que-son-acusados-de-integrar-una-secta\/#primaryimage"},"image":{"@id":"https:\/\/diariotextual.com\/inicio\/index.php\/2022\/08\/13\/en-buenos-aires-19-detenidos-que-son-acusados-de-integrar-una-secta\/#primaryimage"},"thumbnailUrl":"https:\/\/diariotextual.com\/inicio\/wp-content\/uploads\/2022\/08\/sectaallanamientosbuenosaires2022-1.jpg","datePublished":"2022-08-13T14:08:46+00:00","dateModified":"2022-08-13T14:08:48+00:00","breadcrumb":{"@id":"https:\/\/diariotextual.com\/inicio\/index.php\/2022\/08\/13\/en-buenos-aires-19-detenidos-que-son-acusados-de-integrar-una-secta\/#breadcrumb"},"inLanguage":"es","potentialAction":[{"@type":"ReadAction","target":["https:\/\/diariotextual.com\/inicio\/index.php\/2022\/08\/13\/en-buenos-aires-19-detenidos-que-son-acusados-de-integrar-una-secta\/"]}]},{"@type":"ImageObject","inLanguage":"es","@id":"https:\/\/diariotextual.com\/inicio\/index.php\/2022\/08\/13\/en-buenos-aires-19-detenidos-que-son-acusados-de-integrar-una-secta\/#primaryimage","url":"https:\/\/diariotextual.com\/inicio\/wp-content\/uploads\/2022\/08\/sectaallanamientosbuenosaires2022-1.jpg","contentUrl":"https:\/\/diariotextual.com\/inicio\/wp-content\/uploads\/2022\/08\/sectaallanamientosbuenosaires2022-1.jpg","width":595,"height":440},{"@type":"BreadcrumbList","@id":"https:\/\/diariotextual.com\/inicio\/index.php\/2022\/08\/13\/en-buenos-aires-19-detenidos-que-son-acusados-de-integrar-una-secta\/#breadcrumb","itemListElement":[{"@type":"ListItem","position":1,"name":"Portada","item":"https:\/\/diariotextual.com\/inicio\/"},{"@type":"ListItem","position":2,"name":"En Buenos Aires, 19 detenidos que son acusados de integrar una secta"}]},{"@type":"WebSite","@id":"https:\/\/diariotextual.com\/inicio\/#website","url":"https:\/\/diariotextual.com\/inicio\/","name":"Diario Textual","description":"","publisher":{"@id":"https:\/\/diariotextual.com\/inicio\/#organization"},"potentialAction":[{"@type":"SearchAction","target":{"@type":"EntryPoint","urlTemplate":"https:\/\/diariotextual.com\/inicio\/?s={search_term_string}"},"query-input":{"@type":"PropertyValueSpecification","valueRequired":true,"valueName":"search_term_string"}}],"inLanguage":"es"},{"@type":"Organization","@id":"https:\/\/diariotextual.com\/inicio\/#organization","name":"Diario Textual","url":"https:\/\/diariotextual.com\/inicio\/","logo":{"@type":"ImageObject","inLanguage":"es","@id":"https:\/\/diariotextual.com\/inicio\/#\/schema\/logo\/image\/","url":"https:\/\/diariotextual.com\/inicio\/wp-content\/uploads\/2023\/05\/logotextual1.jpg","contentUrl":"https:\/\/diariotextual.com\/inicio\/wp-content\/uploads\/2023\/05\/logotextual1.jpg","width":516,"height":76,"caption":"Diario Textual"},"image":{"@id":"https:\/\/diariotextual.com\/inicio\/#\/schema\/logo\/image\/"},"sameAs":["https:\/\/www.facebook.com\/eltextual","https:\/\/x.com\/eltextual","http:\/\/www.instagram.com\/eltextual"]},{"@type":"Person","@id":"https:\/\/diariotextual.com\/inicio\/#\/schema\/person\/418fc4093c33e86ed41562db3508f958","name":"Diario1 Diario1","image":{"@type":"ImageObject","inLanguage":"es","@id":"https:\/\/secure.gravatar.com\/avatar\/9167d280179c85bc18be67aa7eda765854300033af4896dd779b608640f2ef7a?s=96&d=mm&r=g","url":"https:\/\/secure.gravatar.com\/avatar\/9167d280179c85bc18be67aa7eda765854300033af4896dd779b608640f2ef7a?s=96&d=mm&r=g","contentUrl":"https:\/\/secure.gravatar.com\/avatar\/9167d280179c85bc18be67aa7eda765854300033af4896dd779b608640f2ef7a?s=96&d=mm&r=g","caption":"Diario1 Diario1"},"url":"https:\/\/diariotextual.com\/inicio\/index.php\/author\/diario1\/"}]}},"_links":{"self":[{"href":"https:\/\/diariotextual.com\/inicio\/index.php\/wp-json\/wp\/v2\/posts\/196748","targetHints":{"allow":["GET"]}}],"collection":[{"href":"https:\/\/diariotextual.com\/inicio\/index.php\/wp-json\/wp\/v2\/posts"}],"about":[{"href":"https:\/\/diariotextual.com\/inicio\/index.php\/wp-json\/wp\/v2\/types\/post"}],"author":[{"embeddable":true,"href":"https:\/\/diariotextual.com\/inicio\/index.php\/wp-json\/wp\/v2\/users\/3"}],"replies":[{"embeddable":true,"href":"https:\/\/diariotextual.com\/inicio\/index.php\/wp-json\/wp\/v2\/comments?post=196748"}],"version-history":[{"count":2,"href":"https:\/\/diariotextual.com\/inicio\/index.php\/wp-json\/wp\/v2\/posts\/196748\/revisions"}],"predecessor-version":[{"id":196750,"href":"https:\/\/diariotextual.com\/inicio\/index.php\/wp-json\/wp\/v2\/posts\/196748\/revisions\/196750"}],"wp:featuredmedia":[{"embeddable":true,"href":"https:\/\/diariotextual.com\/inicio\/index.php\/wp-json\/wp\/v2\/media\/196751"}],"wp:attachment":[{"href":"https:\/\/diariotextual.com\/inicio\/index.php\/wp-json\/wp\/v2\/media?parent=196748"}],"wp:term":[{"taxonomy":"category","embeddable":true,"href":"https:\/\/diariotextual.com\/inicio\/index.php\/wp-json\/wp\/v2\/categories?post=196748"},{"taxonomy":"post_tag","embeddable":true,"href":"https:\/\/diariotextual.com\/inicio\/index.php\/wp-json\/wp\/v2\/tags?post=196748"}],"curies":[{"name":"wp","href":"https:\/\/api.w.org\/{rel}","templated":true}]}}