{"id":198097,"date":"2022-08-26T19:33:11","date_gmt":"2022-08-26T22:33:11","guid":{"rendered":"https:\/\/diariotextual.com\/inicio\/?p=198097"},"modified":"2022-08-27T07:34:50","modified_gmt":"2022-08-27T10:34:50","slug":"fernandez-el-poder-judicial-no-esta-exento-de-criticas","status":"publish","type":"post","link":"https:\/\/diariotextual.com\/inicio\/index.php\/2022\/08\/26\/fernandez-el-poder-judicial-no-esta-exento-de-criticas\/","title":{"rendered":"Fern\u00e1ndez: \u201cEl Poder Judicial no est\u00e1 exento de cr\u00edticas\u201d"},"content":{"rendered":"\n<p>El presidente Alberto Fern\u00e1ndez afirm\u00f3 hoy que <strong>el Poder Judicial y sus magistrados y funcionarios \u201cno est\u00e1n ni podr\u00edan estar exentos de cr\u00edticas y opiniones en una sociedad democr\u00e1tica\u201d<\/strong>, al contestar la carta que el <strong>Procurador General de la Naci\u00f3n, Eduardo Casal, le entreg\u00f3 al ministro de Justicia y Derechos Humanos, Mart\u00edn Soria<\/strong>, tras una entrevista que el mandatario brind\u00f3 el mi\u00e9rcoles.<\/p>\n\n\n\n<p><strong>Casal hab\u00eda considerado una \u00abperturbaci\u00f3n\u00bb las expresiones que el jefe de Estado<\/strong> formul\u00f3 sobre la actuaci\u00f3n del<strong> fiscal Diego Luciani<\/strong> en el juicio que se sigue por el presunto direccionamiento de la obra p\u00fablica en Santa Cruz, entre 2003 y 2015, y que tiene como imputada a la vicepresidenta Cristina Fern\u00e1ndez de Kirchner.<\/p>\n\n\n\n<p>En la carta, Fern\u00e1ndez se dirigi\u00f3 a Casal, procurador interino, y afirm\u00f3 que en aquella entrevista hizo referencia \u00aba la existencia de una &#8216;persecuci\u00f3n judicial y medi\u00e1tica&#8217; contra la actual vicepresidenta de la Naci\u00f3n, Cristina Fern\u00e1ndez de Kirchner\u00bb.<\/p>\n\n\n\n<p>\u201cDebo se\u00f1alar que <strong>dichas expresiones en modo alguno pueden ser interpretadas en el sentido de querer condicionar el accionar de un funcionario y ello queda claro toda vez que fueron vertidas cuando el Fiscal de la causa ya hab\u00eda finalizado su alegato<\/strong> en el proceso\u201d, aclar\u00f3 el Presidente.<\/p>\n\n\n\n<p>\u201c<strong>Me he expresado en el marco del derecho a la libertad de expresi\u00f3n garantizado en la Constituci\u00f3n <\/strong>Nacional y sin infringir los l\u00edmites establecidos en su art\u00edculo 109, toda vez que no he ejercido funciones judiciales, ni me he arrogado el conocimiento de causas pendientes ni he restablecido las fenecidas\u201d, remarc\u00f3.<\/p>\n\n\n\n<p>Para el mandatario, \u00ablejos de importar un &#8216;menoscabo&#8217; a la independencia y a la autonom\u00eda, o una injerencia indebida en el proceso\u00bb, sus declaraciones \u00abconstituyen una expresi\u00f3n de lo que observa una gran parte de la ciudadan\u00eda: que, a la hora de actuar, <strong>muchos magistrados y funcionarios de la justicia federal prestan m\u00e1s atenci\u00f3n a determinados intereses f\u00e1cticos y\/o pol\u00edticos, que a las normas vigentes,<\/strong> y que esta situaci\u00f3n hiere a la democracia que tanto esfuerzo y dolor nos cost\u00f3 conseguir a argentinos y argentinas\u00bb.<\/p>\n\n\n\n<p>Y agreg\u00f3: \u201c<strong>El Estado de derecho no exime de cr\u00edticas a los miembros del Poder Judicial, quienes tambi\u00e9n est\u00e1n sometidos al escrutinio p\u00fablico en una sociedad democr\u00e1tica<\/strong>, y cualquier ciudadano o ciudadana, incluido el presidente de la Naci\u00f3n, puede dar la voz de alerta cuando observa que alg\u00fan magistrado o funcionario se desv\u00eda de su obligaci\u00f3n constitucional de respetar el debido proceso y de la imparcialidad necesaria para actuar\u201d.<\/p>\n\n\n\n<p>Fern\u00e1ndez consider\u00f3: <strong>\u201cEl Sr. Procurador expresa su preocupaci\u00f3n por una supuesta injerencia por parte del Presidente de la Naci\u00f3n<\/strong> en un proceso penal, pero <strong>no lo ha preocupado, ni ha visto injerencia alguna cuando el expresidente Mauricio Macri, estando en ejercicio del cargo, recibi\u00f3 al imputado Luis Chocobar en la Casa Rosada\u00bb.<\/strong><\/p>\n\n\n\n<p>\u00abY, <strong>mientras transcurr\u00eda el juicio en el que este termin\u00f3 condenado, public\u00f3 en su cuenta oficial de Twitter que &#8216;lo acompa\u00f1amos y que confiamos en que la justicia <\/strong>en otra instancia lo liberar\u00e1 de todo cargo, reconociendo su valent\u00eda'\u00bb, refiri\u00f3.<\/p>\n\n\n\n<figure class=\"wp-block-embed is-type-wp-embed is-provider-diario-textual wp-block-embed-diario-textual\"><div class=\"wp-block-embed__wrapper\">\n<blockquote class=\"wp-embedded-content\" data-secret=\"3bhCvXzzrA\"><a href=\"https:\/\/diariotextual.com\/inicio\/index.php\/2022\/08\/26\/en-pico-haran-este-sabado-una-caravana-en-respaldo-a-cristina\/\">En Pico y Santa Rosa har\u00e1n este s\u00e1bado marchas y caravanas en respaldo a Cristina<\/a><\/blockquote><iframe class=\"wp-embedded-content\" sandbox=\"allow-scripts\" security=\"restricted\" style=\"position: absolute; clip: rect(1px, 1px, 1px, 1px);\" title=\"\u00abEn Pico y Santa Rosa har\u00e1n este s\u00e1bado marchas y caravanas en respaldo a Cristina\u00bb \u2014 Diario Textual\" src=\"https:\/\/diariotextual.com\/inicio\/index.php\/2022\/08\/26\/en-pico-haran-este-sabado-una-caravana-en-respaldo-a-cristina\/embed\/#?secret=tWTkp0bAIl#?secret=3bhCvXzzrA\" data-secret=\"3bhCvXzzrA\" width=\"600\" height=\"338\" frameborder=\"0\" marginwidth=\"0\" marginheight=\"0\" scrolling=\"no\"><\/iframe>\n<\/div><\/figure>\n\n\n\n<p>Fern\u00e1ndez record\u00f3: \u00ab<strong>Tampoco llam\u00f3 la atenci\u00f3n del Sr. Procurador que el expresidente Mauricio Macri, tambi\u00e9n en ejercicio de sus funciones presidenciales, directamente instruyera a su Ministro de Justicia para que iniciara juicio pol\u00edtico al juez Alejo Ramos Padilla<\/strong>\u00ab.<\/p>\n\n\n\n<p>\u00abY manifestara (textual) &#8216;creemos que no es un juez que act\u00fae con ecuanimidad, que se prest\u00f3 a un show medi\u00e1tico pol\u00edtico&#8217;, al tiempo que le advert\u00eda al Consejo de la Magistratura que &#8216;Ramos Padilla ya ha hecho varias y realmente espero que el Consejo, con todas las pruebas que hay, eval\u00fae seriamente destituirlo'\u00bb, agreg\u00f3.<\/p>\n\n\n\n<p>\u00abPuede observarse que, en este caso,<strong> no se trataba simplemente de la opini\u00f3n del ex presidente, sino de un pedido expreso de destituci\u00f3n de un juez que reci\u00e9n comenzaba una importante investigaci\u00f3n<\/strong> sobre graves acciones de espionaje ilegal\u00bb, complet\u00f3 el jefe de Estado.<\/p>\n\n\n\n<p>\u201cEn ese mismo caso <strong>el Sr. Procurador Adjunto fue convocado por el Congreso Nacional por su complacencia con un fiscal al que le permiti\u00f3 mantenerse en rebeld\u00eda por casi nueve meses<\/strong> y que luego result\u00f3 procesado en varias instancias\u00bb, en relaci\u00f3n a Carlos Stornelli, actualmente procesado por espionaje ilegal, le record\u00f3 el mandatario nacional en la nota.<\/p>\n\n\n\n<p>Seg\u00fan Fern\u00e1ndez, \u00ab<strong>el celo que muestra en su carta el Sr. Procurador Adjunto<\/strong> respecto del cuidado de los procesos penales hubiera sido importante, para la salud democr\u00e1tica de nuestro pa\u00eds, <strong>que se plasmara tambi\u00e9n en impulsar investigaciones transparentes respecto de las motivaciones reales que tuvieron algunas visitas realizadas por destacados miembros del Poder Judicial al expresidente Mauricio Macri en la quinta de Olivos y tambi\u00e9n en la Casa Rosada\u00bb.<\/strong><\/p>\n\n\n\n<p>En concreto, se refiri\u00f3 al \u00ab<strong>rol que tuvo el pr\u00f3fugo (Fabi\u00e1n) &#8216;Pep\u00edn&#8217; Rodr\u00edguez Sim\u00f3n y otros exfuncionarios en la llamada &#8216;Mesa Judicial&#8217; y en garantizar la imparcialidad<\/strong> de quienes intervienen como magistrados y funcionarios en los procesos penales, m\u00e1xime en el \u00e1mbito de la justicia federal, cuando se encuentran bajo investigaci\u00f3n dirigentes pol\u00edticos\u00bb.<\/p>\n\n\n\n<p>El mandatario subray\u00f3: \u00abEn todos estos casos <strong>es imprescindible que los procesos sean transparentes y que los funcionarios y magistrados intervinientes no se encuentren bajo sospecha <\/strong>de actuar movidos por intereses ajenos a la b\u00fasqueda de la verdad\u00bb.<\/p>\n\n\n\n<p>Y ampli\u00f3: \u00ab<strong>Esta doble vara para medir hechos institucionales<\/strong> y esta sistem\u00e1tica asimetr\u00eda en las posturas adoptadas por parte de algunos importantes magistrados y funcionarios de la justicia federal e incluso del propio Sr. Procurador Adjunto frente a los distintos actores pol\u00edticos, tornan a\u00fan m\u00e1s necesario que se abran estos debates para cuidar la salud de la democracia y para que en la regi\u00f3n no vuelva a ocurrir la afectaci\u00f3n de los procesos electorales y de la vida democr\u00e1tica de la sociedad por la actuaci\u00f3n de la justicia con intereses pol\u00edticos y\/o f\u00e1cticos\u00bb.<\/p>\n\n\n\n<p>Fern\u00e1ndez remarc\u00f3 que <strong>\u00abla democracia se nutre y se fortalece con las opiniones cr\u00edticas<\/strong>, las que deben ser defendidas a\u00fan en fuerte disidencia\u00bb, y expres\u00f3: \u00abNadie exige que se compartan esas opiniones, pero s\u00ed que puedan expresarse con libertad\u00bb.<\/p>\n\n\n\n<p>\u00abEsta situaci\u00f3n permitir\u00e1 que no repitamos experiencias tan dolorosas como la que vivi\u00f3 el querido pueblo brasile\u00f1o y que, en cambio, podamos vivir en libertad en el marco de una democracia fuerte y sana\u00bb, a\u00f1adi\u00f3.<\/p>\n\n\n\n<p>Sobre las cr\u00edticas al Poder Judicial ejemplific\u00f3: \u00ab<strong>Solo hace falta observar con detenimiento lo que ha sucedido en el hermano pa\u00eds de Brasil, donde el dirigente pol\u00edtico In\u00e1cio Lula Da Silva fue condenado<\/strong> y encarcelado injustamente, y por lo tanto proscripto para participar en las elecciones presidenciales\u00bb.<\/p>\n\n\n\n<p>\u00abAhora hemos tomado cabal conocimiento de que aquel proceso penal, tal como concluy\u00f3 el Supremo Tribunal Federal de Brasil y el Comit\u00e9 de Derechos Humanos de la ONU, fue en verdad una persecuci\u00f3n judicial, medi\u00e1tica y pol\u00edtica que tuvo como finalidad impedir que Lula fuera candidato a presidente y condujera los destinos del pa\u00eds por el voto popular\u00bb, a\u00f1adi\u00f3.<\/p>\n\n\n\n<p>Y record\u00f3 que <strong>el proceso penal que hab\u00eda encarcelado a Lula fue declarado nulo: \u201cPero para ese entonces las elecciones ya hab\u00edan ocurrido<\/strong> con uno de los principales candidatos en prisi\u00f3n y sin la posibilidad de participar en la contienda electoral\u00bb.<\/p>\n","protected":false},"excerpt":{"rendered":"<p>El presidente Alberto Fern\u00e1ndez afirm\u00f3 hoy que el Poder Judicial y sus magistrados y funcionarios \u201cno est\u00e1n ni podr\u00edan estar exentos de cr\u00edticas y opiniones en una sociedad democr\u00e1tica\u201d, al&hellip;<\/p>\n","protected":false},"author":5,"featured_media":182729,"comment_status":"closed","ping_status":"open","sticky":false,"template":"","format":"standard","meta":{"_acf_changed":false,"footnotes":""},"categories":[4,1,8],"tags":[2356,4719,7209],"class_list":["post-198097","post","type-post","status-publish","format-standard","has-post-thumbnail","hentry","category-destacadas","category-es-noticia","category-politica","tag-alberto-fernandez","tag-poder-judicial","tag-procurador-casal"],"acf":[],"yoast_head":"<!-- This site is optimized with the Yoast SEO plugin v27.5 - https:\/\/yoast.com\/product\/yoast-seo-wordpress\/ -->\n<title>Fern\u00e1ndez: \u201cEl Poder Judicial no est\u00e1 exento de cr\u00edticas\u201d - Diario Textual<\/title>\n<meta name=\"robots\" content=\"index, follow, max-snippet:-1, max-image-preview:large, max-video-preview:-1\" \/>\n<link rel=\"canonical\" href=\"https:\/\/diariotextual.com\/inicio\/index.php\/2022\/08\/26\/fernandez-el-poder-judicial-no-esta-exento-de-criticas\/\" \/>\n<meta property=\"og:locale\" content=\"es_ES\" \/>\n<meta property=\"og:type\" content=\"article\" \/>\n<meta property=\"og:title\" content=\"Fern\u00e1ndez: \u201cEl Poder Judicial no est\u00e1 exento de cr\u00edticas\u201d - Diario Textual\" \/>\n<meta property=\"og:description\" content=\"El presidente Alberto Fern\u00e1ndez afirm\u00f3 hoy que el Poder Judicial y sus magistrados y funcionarios \u201cno est\u00e1n ni podr\u00edan estar exentos de cr\u00edticas y opiniones en una sociedad democr\u00e1tica\u201d, al&hellip;\" \/>\n<meta property=\"og:url\" content=\"https:\/\/diariotextual.com\/inicio\/index.php\/2022\/08\/26\/fernandez-el-poder-judicial-no-esta-exento-de-criticas\/\" \/>\n<meta property=\"og:site_name\" content=\"Diario Textual\" \/>\n<meta property=\"article:publisher\" content=\"https:\/\/www.facebook.com\/eltextual\" \/>\n<meta property=\"article:published_time\" content=\"2022-08-26T22:33:11+00:00\" \/>\n<meta property=\"article:modified_time\" content=\"2022-08-27T10:34:50+00:00\" \/>\n<meta property=\"og:image\" content=\"https:\/\/diariotextual.com\/inicio\/wp-content\/uploads\/2022\/03\/fernandezalberto2022-102.jpeg\" \/>\n\t<meta property=\"og:image:width\" content=\"1024\" \/>\n\t<meta property=\"og:image:height\" content=\"683\" \/>\n\t<meta property=\"og:image:type\" content=\"image\/jpeg\" \/>\n<meta name=\"author\" content=\"diario3\" \/>\n<meta name=\"twitter:card\" content=\"summary_large_image\" \/>\n<meta name=\"twitter:creator\" content=\"@eltextual\" \/>\n<meta name=\"twitter:site\" content=\"@eltextual\" \/>\n<meta name=\"twitter:label1\" content=\"Escrito por\" \/>\n\t<meta name=\"twitter:data1\" content=\"diario3\" \/>\n\t<meta name=\"twitter:label2\" content=\"Tiempo de lectura\" \/>\n\t<meta name=\"twitter:data2\" content=\"6 minutos\" \/>\n<script type=\"application\/ld+json\" class=\"yoast-schema-graph\">{\"@context\":\"https:\\\/\\\/schema.org\",\"@graph\":[{\"@type\":\"Article\",\"@id\":\"https:\\\/\\\/diariotextual.com\\\/inicio\\\/index.php\\\/2022\\\/08\\\/26\\\/fernandez-el-poder-judicial-no-esta-exento-de-criticas\\\/#article\",\"isPartOf\":{\"@id\":\"https:\\\/\\\/diariotextual.com\\\/inicio\\\/index.php\\\/2022\\\/08\\\/26\\\/fernandez-el-poder-judicial-no-esta-exento-de-criticas\\\/\"},\"author\":{\"name\":\"diario3\",\"@id\":\"https:\\\/\\\/diariotextual.com\\\/inicio\\\/#\\\/schema\\\/person\\\/a1b6f563e0ee944c60f98119389a4d9f\"},\"headline\":\"Fern\u00e1ndez: \u201cEl Poder Judicial no est\u00e1 exento de cr\u00edticas\u201d\",\"datePublished\":\"2022-08-26T22:33:11+00:00\",\"dateModified\":\"2022-08-27T10:34:50+00:00\",\"mainEntityOfPage\":{\"@id\":\"https:\\\/\\\/diariotextual.com\\\/inicio\\\/index.php\\\/2022\\\/08\\\/26\\\/fernandez-el-poder-judicial-no-esta-exento-de-criticas\\\/\"},\"wordCount\":1287,\"publisher\":{\"@id\":\"https:\\\/\\\/diariotextual.com\\\/inicio\\\/#organization\"},\"image\":{\"@id\":\"https:\\\/\\\/diariotextual.com\\\/inicio\\\/index.php\\\/2022\\\/08\\\/26\\\/fernandez-el-poder-judicial-no-esta-exento-de-criticas\\\/#primaryimage\"},\"thumbnailUrl\":\"https:\\\/\\\/diariotextual.com\\\/inicio\\\/wp-content\\\/uploads\\\/2022\\\/03\\\/fernandezalberto2022-102.jpeg\",\"keywords\":[\"alberto fernandez\",\"Poder judicial\",\"procurador casal\"],\"articleSection\":[\"A - DESTACADAS (mod 16)\",\"A - ES NOTICIA (van abajo)\",\"POLITICA\"],\"inLanguage\":\"es\"},{\"@type\":\"WebPage\",\"@id\":\"https:\\\/\\\/diariotextual.com\\\/inicio\\\/index.php\\\/2022\\\/08\\\/26\\\/fernandez-el-poder-judicial-no-esta-exento-de-criticas\\\/\",\"url\":\"https:\\\/\\\/diariotextual.com\\\/inicio\\\/index.php\\\/2022\\\/08\\\/26\\\/fernandez-el-poder-judicial-no-esta-exento-de-criticas\\\/\",\"name\":\"Fern\u00e1ndez: \u201cEl Poder Judicial no est\u00e1 exento de cr\u00edticas\u201d - Diario Textual\",\"isPartOf\":{\"@id\":\"https:\\\/\\\/diariotextual.com\\\/inicio\\\/#website\"},\"primaryImageOfPage\":{\"@id\":\"https:\\\/\\\/diariotextual.com\\\/inicio\\\/index.php\\\/2022\\\/08\\\/26\\\/fernandez-el-poder-judicial-no-esta-exento-de-criticas\\\/#primaryimage\"},\"image\":{\"@id\":\"https:\\\/\\\/diariotextual.com\\\/inicio\\\/index.php\\\/2022\\\/08\\\/26\\\/fernandez-el-poder-judicial-no-esta-exento-de-criticas\\\/#primaryimage\"},\"thumbnailUrl\":\"https:\\\/\\\/diariotextual.com\\\/inicio\\\/wp-content\\\/uploads\\\/2022\\\/03\\\/fernandezalberto2022-102.jpeg\",\"datePublished\":\"2022-08-26T22:33:11+00:00\",\"dateModified\":\"2022-08-27T10:34:50+00:00\",\"breadcrumb\":{\"@id\":\"https:\\\/\\\/diariotextual.com\\\/inicio\\\/index.php\\\/2022\\\/08\\\/26\\\/fernandez-el-poder-judicial-no-esta-exento-de-criticas\\\/#breadcrumb\"},\"inLanguage\":\"es\",\"potentialAction\":[{\"@type\":\"ReadAction\",\"target\":[\"https:\\\/\\\/diariotextual.com\\\/inicio\\\/index.php\\\/2022\\\/08\\\/26\\\/fernandez-el-poder-judicial-no-esta-exento-de-criticas\\\/\"]}]},{\"@type\":\"ImageObject\",\"inLanguage\":\"es\",\"@id\":\"https:\\\/\\\/diariotextual.com\\\/inicio\\\/index.php\\\/2022\\\/08\\\/26\\\/fernandez-el-poder-judicial-no-esta-exento-de-criticas\\\/#primaryimage\",\"url\":\"https:\\\/\\\/diariotextual.com\\\/inicio\\\/wp-content\\\/uploads\\\/2022\\\/03\\\/fernandezalberto2022-102.jpeg\",\"contentUrl\":\"https:\\\/\\\/diariotextual.com\\\/inicio\\\/wp-content\\\/uploads\\\/2022\\\/03\\\/fernandezalberto2022-102.jpeg\",\"width\":1024,\"height\":683},{\"@type\":\"BreadcrumbList\",\"@id\":\"https:\\\/\\\/diariotextual.com\\\/inicio\\\/index.php\\\/2022\\\/08\\\/26\\\/fernandez-el-poder-judicial-no-esta-exento-de-criticas\\\/#breadcrumb\",\"itemListElement\":[{\"@type\":\"ListItem\",\"position\":1,\"name\":\"Portada\",\"item\":\"https:\\\/\\\/diariotextual.com\\\/inicio\\\/\"},{\"@type\":\"ListItem\",\"position\":2,\"name\":\"Fern\u00e1ndez: \u201cEl Poder Judicial no est\u00e1 exento de cr\u00edticas\u201d\"}]},{\"@type\":\"WebSite\",\"@id\":\"https:\\\/\\\/diariotextual.com\\\/inicio\\\/#website\",\"url\":\"https:\\\/\\\/diariotextual.com\\\/inicio\\\/\",\"name\":\"Diario Textual\",\"description\":\"\",\"publisher\":{\"@id\":\"https:\\\/\\\/diariotextual.com\\\/inicio\\\/#organization\"},\"potentialAction\":[{\"@type\":\"SearchAction\",\"target\":{\"@type\":\"EntryPoint\",\"urlTemplate\":\"https:\\\/\\\/diariotextual.com\\\/inicio\\\/?s={search_term_string}\"},\"query-input\":{\"@type\":\"PropertyValueSpecification\",\"valueRequired\":true,\"valueName\":\"search_term_string\"}}],\"inLanguage\":\"es\"},{\"@type\":\"Organization\",\"@id\":\"https:\\\/\\\/diariotextual.com\\\/inicio\\\/#organization\",\"name\":\"Diario Textual\",\"url\":\"https:\\\/\\\/diariotextual.com\\\/inicio\\\/\",\"logo\":{\"@type\":\"ImageObject\",\"inLanguage\":\"es\",\"@id\":\"https:\\\/\\\/diariotextual.com\\\/inicio\\\/#\\\/schema\\\/logo\\\/image\\\/\",\"url\":\"https:\\\/\\\/diariotextual.com\\\/inicio\\\/wp-content\\\/uploads\\\/2023\\\/05\\\/logotextual1.jpg\",\"contentUrl\":\"https:\\\/\\\/diariotextual.com\\\/inicio\\\/wp-content\\\/uploads\\\/2023\\\/05\\\/logotextual1.jpg\",\"width\":516,\"height\":76,\"caption\":\"Diario Textual\"},\"image\":{\"@id\":\"https:\\\/\\\/diariotextual.com\\\/inicio\\\/#\\\/schema\\\/logo\\\/image\\\/\"},\"sameAs\":[\"https:\\\/\\\/www.facebook.com\\\/eltextual\",\"https:\\\/\\\/x.com\\\/eltextual\",\"http:\\\/\\\/www.instagram.com\\\/eltextual\"]},{\"@type\":\"Person\",\"@id\":\"https:\\\/\\\/diariotextual.com\\\/inicio\\\/#\\\/schema\\\/person\\\/a1b6f563e0ee944c60f98119389a4d9f\",\"name\":\"diario3\",\"image\":{\"@type\":\"ImageObject\",\"inLanguage\":\"es\",\"@id\":\"https:\\\/\\\/secure.gravatar.com\\\/avatar\\\/5e7ee62c82fc04d9dd79d746a390d93c69c43223e5faeeb3ea9461ef752bfc5d?s=96&d=mm&r=g\",\"url\":\"https:\\\/\\\/secure.gravatar.com\\\/avatar\\\/5e7ee62c82fc04d9dd79d746a390d93c69c43223e5faeeb3ea9461ef752bfc5d?s=96&d=mm&r=g\",\"contentUrl\":\"https:\\\/\\\/secure.gravatar.com\\\/avatar\\\/5e7ee62c82fc04d9dd79d746a390d93c69c43223e5faeeb3ea9461ef752bfc5d?s=96&d=mm&r=g\",\"caption\":\"diario3\"},\"url\":\"https:\\\/\\\/diariotextual.com\\\/inicio\\\/index.php\\\/author\\\/diario3\\\/\"}]}<\/script>\n<!-- \/ Yoast SEO plugin. -->","yoast_head_json":{"title":"Fern\u00e1ndez: \u201cEl Poder Judicial no est\u00e1 exento de cr\u00edticas\u201d - Diario Textual","robots":{"index":"index","follow":"follow","max-snippet":"max-snippet:-1","max-image-preview":"max-image-preview:large","max-video-preview":"max-video-preview:-1"},"canonical":"https:\/\/diariotextual.com\/inicio\/index.php\/2022\/08\/26\/fernandez-el-poder-judicial-no-esta-exento-de-criticas\/","og_locale":"es_ES","og_type":"article","og_title":"Fern\u00e1ndez: \u201cEl Poder Judicial no est\u00e1 exento de cr\u00edticas\u201d - Diario Textual","og_description":"El presidente Alberto Fern\u00e1ndez afirm\u00f3 hoy que el Poder Judicial y sus magistrados y funcionarios \u201cno est\u00e1n ni podr\u00edan estar exentos de cr\u00edticas y opiniones en una sociedad democr\u00e1tica\u201d, al&hellip;","og_url":"https:\/\/diariotextual.com\/inicio\/index.php\/2022\/08\/26\/fernandez-el-poder-judicial-no-esta-exento-de-criticas\/","og_site_name":"Diario Textual","article_publisher":"https:\/\/www.facebook.com\/eltextual","article_published_time":"2022-08-26T22:33:11+00:00","article_modified_time":"2022-08-27T10:34:50+00:00","og_image":[{"width":1024,"height":683,"url":"https:\/\/diariotextual.com\/inicio\/wp-content\/uploads\/2022\/03\/fernandezalberto2022-102.jpeg","type":"image\/jpeg"}],"author":"diario3","twitter_card":"summary_large_image","twitter_creator":"@eltextual","twitter_site":"@eltextual","twitter_misc":{"Escrito por":"diario3","Tiempo de lectura":"6 minutos"},"schema":{"@context":"https:\/\/schema.org","@graph":[{"@type":"Article","@id":"https:\/\/diariotextual.com\/inicio\/index.php\/2022\/08\/26\/fernandez-el-poder-judicial-no-esta-exento-de-criticas\/#article","isPartOf":{"@id":"https:\/\/diariotextual.com\/inicio\/index.php\/2022\/08\/26\/fernandez-el-poder-judicial-no-esta-exento-de-criticas\/"},"author":{"name":"diario3","@id":"https:\/\/diariotextual.com\/inicio\/#\/schema\/person\/a1b6f563e0ee944c60f98119389a4d9f"},"headline":"Fern\u00e1ndez: \u201cEl Poder Judicial no est\u00e1 exento de cr\u00edticas\u201d","datePublished":"2022-08-26T22:33:11+00:00","dateModified":"2022-08-27T10:34:50+00:00","mainEntityOfPage":{"@id":"https:\/\/diariotextual.com\/inicio\/index.php\/2022\/08\/26\/fernandez-el-poder-judicial-no-esta-exento-de-criticas\/"},"wordCount":1287,"publisher":{"@id":"https:\/\/diariotextual.com\/inicio\/#organization"},"image":{"@id":"https:\/\/diariotextual.com\/inicio\/index.php\/2022\/08\/26\/fernandez-el-poder-judicial-no-esta-exento-de-criticas\/#primaryimage"},"thumbnailUrl":"https:\/\/diariotextual.com\/inicio\/wp-content\/uploads\/2022\/03\/fernandezalberto2022-102.jpeg","keywords":["alberto fernandez","Poder judicial","procurador casal"],"articleSection":["A - DESTACADAS (mod 16)","A - ES NOTICIA (van abajo)","POLITICA"],"inLanguage":"es"},{"@type":"WebPage","@id":"https:\/\/diariotextual.com\/inicio\/index.php\/2022\/08\/26\/fernandez-el-poder-judicial-no-esta-exento-de-criticas\/","url":"https:\/\/diariotextual.com\/inicio\/index.php\/2022\/08\/26\/fernandez-el-poder-judicial-no-esta-exento-de-criticas\/","name":"Fern\u00e1ndez: \u201cEl Poder Judicial no est\u00e1 exento de cr\u00edticas\u201d - Diario Textual","isPartOf":{"@id":"https:\/\/diariotextual.com\/inicio\/#website"},"primaryImageOfPage":{"@id":"https:\/\/diariotextual.com\/inicio\/index.php\/2022\/08\/26\/fernandez-el-poder-judicial-no-esta-exento-de-criticas\/#primaryimage"},"image":{"@id":"https:\/\/diariotextual.com\/inicio\/index.php\/2022\/08\/26\/fernandez-el-poder-judicial-no-esta-exento-de-criticas\/#primaryimage"},"thumbnailUrl":"https:\/\/diariotextual.com\/inicio\/wp-content\/uploads\/2022\/03\/fernandezalberto2022-102.jpeg","datePublished":"2022-08-26T22:33:11+00:00","dateModified":"2022-08-27T10:34:50+00:00","breadcrumb":{"@id":"https:\/\/diariotextual.com\/inicio\/index.php\/2022\/08\/26\/fernandez-el-poder-judicial-no-esta-exento-de-criticas\/#breadcrumb"},"inLanguage":"es","potentialAction":[{"@type":"ReadAction","target":["https:\/\/diariotextual.com\/inicio\/index.php\/2022\/08\/26\/fernandez-el-poder-judicial-no-esta-exento-de-criticas\/"]}]},{"@type":"ImageObject","inLanguage":"es","@id":"https:\/\/diariotextual.com\/inicio\/index.php\/2022\/08\/26\/fernandez-el-poder-judicial-no-esta-exento-de-criticas\/#primaryimage","url":"https:\/\/diariotextual.com\/inicio\/wp-content\/uploads\/2022\/03\/fernandezalberto2022-102.jpeg","contentUrl":"https:\/\/diariotextual.com\/inicio\/wp-content\/uploads\/2022\/03\/fernandezalberto2022-102.jpeg","width":1024,"height":683},{"@type":"BreadcrumbList","@id":"https:\/\/diariotextual.com\/inicio\/index.php\/2022\/08\/26\/fernandez-el-poder-judicial-no-esta-exento-de-criticas\/#breadcrumb","itemListElement":[{"@type":"ListItem","position":1,"name":"Portada","item":"https:\/\/diariotextual.com\/inicio\/"},{"@type":"ListItem","position":2,"name":"Fern\u00e1ndez: \u201cEl Poder Judicial no est\u00e1 exento de cr\u00edticas\u201d"}]},{"@type":"WebSite","@id":"https:\/\/diariotextual.com\/inicio\/#website","url":"https:\/\/diariotextual.com\/inicio\/","name":"Diario Textual","description":"","publisher":{"@id":"https:\/\/diariotextual.com\/inicio\/#organization"},"potentialAction":[{"@type":"SearchAction","target":{"@type":"EntryPoint","urlTemplate":"https:\/\/diariotextual.com\/inicio\/?s={search_term_string}"},"query-input":{"@type":"PropertyValueSpecification","valueRequired":true,"valueName":"search_term_string"}}],"inLanguage":"es"},{"@type":"Organization","@id":"https:\/\/diariotextual.com\/inicio\/#organization","name":"Diario Textual","url":"https:\/\/diariotextual.com\/inicio\/","logo":{"@type":"ImageObject","inLanguage":"es","@id":"https:\/\/diariotextual.com\/inicio\/#\/schema\/logo\/image\/","url":"https:\/\/diariotextual.com\/inicio\/wp-content\/uploads\/2023\/05\/logotextual1.jpg","contentUrl":"https:\/\/diariotextual.com\/inicio\/wp-content\/uploads\/2023\/05\/logotextual1.jpg","width":516,"height":76,"caption":"Diario Textual"},"image":{"@id":"https:\/\/diariotextual.com\/inicio\/#\/schema\/logo\/image\/"},"sameAs":["https:\/\/www.facebook.com\/eltextual","https:\/\/x.com\/eltextual","http:\/\/www.instagram.com\/eltextual"]},{"@type":"Person","@id":"https:\/\/diariotextual.com\/inicio\/#\/schema\/person\/a1b6f563e0ee944c60f98119389a4d9f","name":"diario3","image":{"@type":"ImageObject","inLanguage":"es","@id":"https:\/\/secure.gravatar.com\/avatar\/5e7ee62c82fc04d9dd79d746a390d93c69c43223e5faeeb3ea9461ef752bfc5d?s=96&d=mm&r=g","url":"https:\/\/secure.gravatar.com\/avatar\/5e7ee62c82fc04d9dd79d746a390d93c69c43223e5faeeb3ea9461ef752bfc5d?s=96&d=mm&r=g","contentUrl":"https:\/\/secure.gravatar.com\/avatar\/5e7ee62c82fc04d9dd79d746a390d93c69c43223e5faeeb3ea9461ef752bfc5d?s=96&d=mm&r=g","caption":"diario3"},"url":"https:\/\/diariotextual.com\/inicio\/index.php\/author\/diario3\/"}]}},"_links":{"self":[{"href":"https:\/\/diariotextual.com\/inicio\/index.php\/wp-json\/wp\/v2\/posts\/198097","targetHints":{"allow":["GET"]}}],"collection":[{"href":"https:\/\/diariotextual.com\/inicio\/index.php\/wp-json\/wp\/v2\/posts"}],"about":[{"href":"https:\/\/diariotextual.com\/inicio\/index.php\/wp-json\/wp\/v2\/types\/post"}],"author":[{"embeddable":true,"href":"https:\/\/diariotextual.com\/inicio\/index.php\/wp-json\/wp\/v2\/users\/5"}],"replies":[{"embeddable":true,"href":"https:\/\/diariotextual.com\/inicio\/index.php\/wp-json\/wp\/v2\/comments?post=198097"}],"version-history":[{"count":1,"href":"https:\/\/diariotextual.com\/inicio\/index.php\/wp-json\/wp\/v2\/posts\/198097\/revisions"}],"predecessor-version":[{"id":198098,"href":"https:\/\/diariotextual.com\/inicio\/index.php\/wp-json\/wp\/v2\/posts\/198097\/revisions\/198098"}],"wp:featuredmedia":[{"embeddable":true,"href":"https:\/\/diariotextual.com\/inicio\/index.php\/wp-json\/wp\/v2\/media\/182729"}],"wp:attachment":[{"href":"https:\/\/diariotextual.com\/inicio\/index.php\/wp-json\/wp\/v2\/media?parent=198097"}],"wp:term":[{"taxonomy":"category","embeddable":true,"href":"https:\/\/diariotextual.com\/inicio\/index.php\/wp-json\/wp\/v2\/categories?post=198097"},{"taxonomy":"post_tag","embeddable":true,"href":"https:\/\/diariotextual.com\/inicio\/index.php\/wp-json\/wp\/v2\/tags?post=198097"}],"curies":[{"name":"wp","href":"https:\/\/api.w.org\/{rel}","templated":true}]}}