{"id":20030,"date":"2018-09-11T20:52:27","date_gmt":"2018-09-11T23:52:27","guid":{"rendered":"http:\/\/diariotextual.com\/inicio\/?p=20030"},"modified":"2018-09-11T20:52:27","modified_gmt":"2018-09-11T23:52:27","slug":"lula-se-carrera-presidencial-pt-confirmo-haddad","status":"publish","type":"post","link":"https:\/\/diariotextual.com\/inicio\/index.php\/2018\/09\/11\/lula-se-carrera-presidencial-pt-confirmo-haddad\/","title":{"rendered":"Lula se baj\u00f3 de carrera presidencial y el PT confirm\u00f3 a Haddad"},"content":{"rendered":"<p>El exmandatario brasile\u00f1o <strong>Luiz In\u00e1cio Lula da Silva finalmente renunci\u00f3 a la batalla legal para presentarse en las elecciones del 7 de octubre<\/strong> y el Partido de los Trabajadores logr\u00f3 consenso para que su compa\u00f1ero de f\u00f3rmula, <strong>Fernando Haddad, sea el candidato a la presidencia.<\/strong><\/p>\n<p><!--more--><\/p>\n<p>Se espera el anuncio oficial frente a la sede de la Polic\u00eda Federal en la ciudad sure\u00f1a de Curitiba, donde Lula ha estado encarcelado desde abril, cumpliendo una sentencia de 12 a\u00f1os por recibir sobornos.<\/p>\n<p>A pesar de las apelaciones pendientes ante el STF, <strong>Lula decidi\u00f3 que era hora de traspasar su apoyo a Haddad en el plazo establecido por la corte y no correr el riesgo de que el tribunal electoral anulara la candidatura del partido.<\/strong><\/p>\n<p>La carta de Lula donde anunciar\u00eda la decisi\u00f3n ser\u00e1 le\u00edda a los partidarios que han acampado frente al edificio de la polic\u00eda durante cinco meses para protestar por su encarcelamiento, que ven como un plan para evitar que vuelva al poder, dijo un funcionario del partido.<\/p>\n<p><strong>Lula y Haddad se reunieron el lunes por la tarde en su habitaci\u00f3n de la c\u00e1rcel<\/strong> y comenzaron a redactar la carta.<\/p>\n<p>Lula fue presidente entre el 2003 y el 2010 y sigue siendo el pol\u00edtico m\u00e1s popular de Brasil. Pero no puede postularse para el cargo bajo la ley brasile\u00f1a \u00abFicha limpia\u00bb, que proh\u00edbe a los candidatos presentarse si tienen condenas que han sido ratificadas en apelaci\u00f3n.<\/p>\n<p>La estrategia de Lula ha sido mantener viva su candidatura el mayor tiempo posible, y luego trabajar para transferir su apoyo a Haddad, que apenas es conocido en muchas partes de Brasil.<\/p>\n<p>Una encuesta de Datafolha realizada el lunes mostr\u00f3 que ese traspaso ha comenzado. Aunque todav\u00eda est\u00e1 en un solo d\u00edgito, <strong>el apoyo a Haddad aument\u00f3 del 4 al 9 por ciento,<\/strong> la mayor ganancia entre los 13 candidatos en la carrera.<\/p>\n<p>&nbsp;<\/p>\n<p><strong>Bolsonaro<\/strong><\/p>\n<p>Por su parte, <strong>el candidato presidencial Jair Bolsonaro tiene el 24% de intenci\u00f3n de voto y se afianz\u00f3 en el primer lugar con vistas a los comicios del 7 de octubre<\/strong> luego del atentado que sufri\u00f3 la semana pasada, seg\u00fan la encuesta.<\/p>\n<p>El militar retirado <strong>ten\u00eda 2 puntos menos hace dos semanas y subi\u00f3 al 24 por ciento luego de haber sido apu\u00f1alado el jueves<\/strong> \u00faltimo durante un acto de campa\u00f1a en la ciudad de Juiz de Fora, interior de Minas Gerais.<\/p>\n<p>El candidato del Partido Social Liberal, de <strong>ultraderecha, supera por 11 puntos a su principal rival, Ciro Gomes, del Partido Democr\u00e1tico Trabalhista, de centroizquierda.<\/strong><\/p>\n<p>Bolsonaro contin\u00faa internado en terapia intensiva en el Hospital Albert Einstein de San Pablo donde en los pr\u00f3ximos d\u00edas ser\u00e1 sometido a una cirug\u00eda, informaron sus m\u00e9dicos.<\/p>\n<p>En el tercer lugar de la encuesta de Datafolha se ubic\u00f3 con 11 puntos Marina Silva, de la Red de Sustentabilidad, y en el cuarto aparece el exgobernador de San Pablo, Geraldo Alckmin, con 10 puntos.<\/p>\n","protected":false},"excerpt":{"rendered":"<p>El exmandatario brasile\u00f1o Luiz In\u00e1cio Lula da Silva finalmente renunci\u00f3 a la batalla legal para presentarse en las elecciones del 7 de octubre y el Partido de los Trabajadores logr\u00f3&hellip;<\/p>\n","protected":false},"author":5,"featured_media":20031,"comment_status":"closed","ping_status":"open","sticky":false,"template":"","format":"standard","meta":{"_acf_changed":false,"footnotes":""},"categories":[4,7],"tags":[],"class_list":["post-20030","post","type-post","status-publish","format-standard","has-post-thumbnail","hentry","category-destacadas","category-mundo"],"acf":[],"yoast_head":"<!-- This site is optimized with the Yoast SEO plugin v27.5 - https:\/\/yoast.com\/product\/yoast-seo-wordpress\/ -->\n<title>Lula se baj\u00f3 de carrera presidencial y el PT confirm\u00f3 a Haddad - Diario Textual<\/title>\n<meta name=\"robots\" content=\"index, follow, max-snippet:-1, max-image-preview:large, max-video-preview:-1\" \/>\n<link rel=\"canonical\" href=\"https:\/\/diariotextual.com\/inicio\/index.php\/2018\/09\/11\/lula-se-carrera-presidencial-pt-confirmo-haddad\/\" \/>\n<meta property=\"og:locale\" content=\"es_ES\" \/>\n<meta property=\"og:type\" content=\"article\" \/>\n<meta property=\"og:title\" content=\"Lula se baj\u00f3 de carrera presidencial y el PT confirm\u00f3 a Haddad - Diario Textual\" \/>\n<meta property=\"og:description\" content=\"El exmandatario brasile\u00f1o Luiz In\u00e1cio Lula da Silva finalmente renunci\u00f3 a la batalla legal para presentarse en las elecciones del 7 de octubre y el Partido de los Trabajadores logr\u00f3&hellip;\" \/>\n<meta property=\"og:url\" content=\"https:\/\/diariotextual.com\/inicio\/index.php\/2018\/09\/11\/lula-se-carrera-presidencial-pt-confirmo-haddad\/\" \/>\n<meta property=\"og:site_name\" content=\"Diario Textual\" \/>\n<meta property=\"article:publisher\" content=\"https:\/\/www.facebook.com\/eltextual\" \/>\n<meta property=\"article:published_time\" content=\"2018-09-11T23:52:27+00:00\" \/>\n<meta property=\"og:image\" content=\"https:\/\/diariotextual.com\/inicio\/wp-content\/uploads\/2018\/09\/lulahaddad.jpg\" \/>\n\t<meta property=\"og:image:width\" content=\"768\" \/>\n\t<meta property=\"og:image:height\" content=\"415\" \/>\n\t<meta property=\"og:image:type\" content=\"image\/jpeg\" \/>\n<meta name=\"author\" content=\"diario3\" \/>\n<meta name=\"twitter:card\" content=\"summary_large_image\" \/>\n<meta name=\"twitter:creator\" content=\"@eltextual\" \/>\n<meta name=\"twitter:site\" content=\"@eltextual\" \/>\n<meta name=\"twitter:label1\" content=\"Escrito por\" \/>\n\t<meta name=\"twitter:data1\" content=\"diario3\" \/>\n\t<meta name=\"twitter:label2\" content=\"Tiempo de lectura\" \/>\n\t<meta name=\"twitter:data2\" content=\"2 minutos\" \/>\n<script type=\"application\/ld+json\" class=\"yoast-schema-graph\">{\"@context\":\"https:\\\/\\\/schema.org\",\"@graph\":[{\"@type\":\"Article\",\"@id\":\"https:\\\/\\\/diariotextual.com\\\/inicio\\\/index.php\\\/2018\\\/09\\\/11\\\/lula-se-carrera-presidencial-pt-confirmo-haddad\\\/#article\",\"isPartOf\":{\"@id\":\"https:\\\/\\\/diariotextual.com\\\/inicio\\\/index.php\\\/2018\\\/09\\\/11\\\/lula-se-carrera-presidencial-pt-confirmo-haddad\\\/\"},\"author\":{\"name\":\"diario3\",\"@id\":\"https:\\\/\\\/diariotextual.com\\\/inicio\\\/#\\\/schema\\\/person\\\/a1b6f563e0ee944c60f98119389a4d9f\"},\"headline\":\"Lula se baj\u00f3 de carrera presidencial y el PT confirm\u00f3 a Haddad\",\"datePublished\":\"2018-09-11T23:52:27+00:00\",\"mainEntityOfPage\":{\"@id\":\"https:\\\/\\\/diariotextual.com\\\/inicio\\\/index.php\\\/2018\\\/09\\\/11\\\/lula-se-carrera-presidencial-pt-confirmo-haddad\\\/\"},\"wordCount\":509,\"publisher\":{\"@id\":\"https:\\\/\\\/diariotextual.com\\\/inicio\\\/#organization\"},\"image\":{\"@id\":\"https:\\\/\\\/diariotextual.com\\\/inicio\\\/index.php\\\/2018\\\/09\\\/11\\\/lula-se-carrera-presidencial-pt-confirmo-haddad\\\/#primaryimage\"},\"thumbnailUrl\":\"https:\\\/\\\/diariotextual.com\\\/inicio\\\/wp-content\\\/uploads\\\/2018\\\/09\\\/lulahaddad.jpg\",\"articleSection\":[\"A - DESTACADAS (mod 16)\",\"MUNDO\"],\"inLanguage\":\"es\"},{\"@type\":\"WebPage\",\"@id\":\"https:\\\/\\\/diariotextual.com\\\/inicio\\\/index.php\\\/2018\\\/09\\\/11\\\/lula-se-carrera-presidencial-pt-confirmo-haddad\\\/\",\"url\":\"https:\\\/\\\/diariotextual.com\\\/inicio\\\/index.php\\\/2018\\\/09\\\/11\\\/lula-se-carrera-presidencial-pt-confirmo-haddad\\\/\",\"name\":\"Lula se baj\u00f3 de carrera presidencial y el PT confirm\u00f3 a Haddad - Diario Textual\",\"isPartOf\":{\"@id\":\"https:\\\/\\\/diariotextual.com\\\/inicio\\\/#website\"},\"primaryImageOfPage\":{\"@id\":\"https:\\\/\\\/diariotextual.com\\\/inicio\\\/index.php\\\/2018\\\/09\\\/11\\\/lula-se-carrera-presidencial-pt-confirmo-haddad\\\/#primaryimage\"},\"image\":{\"@id\":\"https:\\\/\\\/diariotextual.com\\\/inicio\\\/index.php\\\/2018\\\/09\\\/11\\\/lula-se-carrera-presidencial-pt-confirmo-haddad\\\/#primaryimage\"},\"thumbnailUrl\":\"https:\\\/\\\/diariotextual.com\\\/inicio\\\/wp-content\\\/uploads\\\/2018\\\/09\\\/lulahaddad.jpg\",\"datePublished\":\"2018-09-11T23:52:27+00:00\",\"breadcrumb\":{\"@id\":\"https:\\\/\\\/diariotextual.com\\\/inicio\\\/index.php\\\/2018\\\/09\\\/11\\\/lula-se-carrera-presidencial-pt-confirmo-haddad\\\/#breadcrumb\"},\"inLanguage\":\"es\",\"potentialAction\":[{\"@type\":\"ReadAction\",\"target\":[\"https:\\\/\\\/diariotextual.com\\\/inicio\\\/index.php\\\/2018\\\/09\\\/11\\\/lula-se-carrera-presidencial-pt-confirmo-haddad\\\/\"]}]},{\"@type\":\"ImageObject\",\"inLanguage\":\"es\",\"@id\":\"https:\\\/\\\/diariotextual.com\\\/inicio\\\/index.php\\\/2018\\\/09\\\/11\\\/lula-se-carrera-presidencial-pt-confirmo-haddad\\\/#primaryimage\",\"url\":\"https:\\\/\\\/diariotextual.com\\\/inicio\\\/wp-content\\\/uploads\\\/2018\\\/09\\\/lulahaddad.jpg\",\"contentUrl\":\"https:\\\/\\\/diariotextual.com\\\/inicio\\\/wp-content\\\/uploads\\\/2018\\\/09\\\/lulahaddad.jpg\",\"width\":768,\"height\":415,\"caption\":\"AION\"},{\"@type\":\"BreadcrumbList\",\"@id\":\"https:\\\/\\\/diariotextual.com\\\/inicio\\\/index.php\\\/2018\\\/09\\\/11\\\/lula-se-carrera-presidencial-pt-confirmo-haddad\\\/#breadcrumb\",\"itemListElement\":[{\"@type\":\"ListItem\",\"position\":1,\"name\":\"Portada\",\"item\":\"https:\\\/\\\/diariotextual.com\\\/inicio\\\/\"},{\"@type\":\"ListItem\",\"position\":2,\"name\":\"Lula se baj\u00f3 de carrera presidencial y el PT confirm\u00f3 a Haddad\"}]},{\"@type\":\"WebSite\",\"@id\":\"https:\\\/\\\/diariotextual.com\\\/inicio\\\/#website\",\"url\":\"https:\\\/\\\/diariotextual.com\\\/inicio\\\/\",\"name\":\"Diario Textual\",\"description\":\"\",\"publisher\":{\"@id\":\"https:\\\/\\\/diariotextual.com\\\/inicio\\\/#organization\"},\"potentialAction\":[{\"@type\":\"SearchAction\",\"target\":{\"@type\":\"EntryPoint\",\"urlTemplate\":\"https:\\\/\\\/diariotextual.com\\\/inicio\\\/?s={search_term_string}\"},\"query-input\":{\"@type\":\"PropertyValueSpecification\",\"valueRequired\":true,\"valueName\":\"search_term_string\"}}],\"inLanguage\":\"es\"},{\"@type\":\"Organization\",\"@id\":\"https:\\\/\\\/diariotextual.com\\\/inicio\\\/#organization\",\"name\":\"Diario Textual\",\"url\":\"https:\\\/\\\/diariotextual.com\\\/inicio\\\/\",\"logo\":{\"@type\":\"ImageObject\",\"inLanguage\":\"es\",\"@id\":\"https:\\\/\\\/diariotextual.com\\\/inicio\\\/#\\\/schema\\\/logo\\\/image\\\/\",\"url\":\"https:\\\/\\\/diariotextual.com\\\/inicio\\\/wp-content\\\/uploads\\\/2023\\\/05\\\/logotextual1.jpg\",\"contentUrl\":\"https:\\\/\\\/diariotextual.com\\\/inicio\\\/wp-content\\\/uploads\\\/2023\\\/05\\\/logotextual1.jpg\",\"width\":516,\"height\":76,\"caption\":\"Diario Textual\"},\"image\":{\"@id\":\"https:\\\/\\\/diariotextual.com\\\/inicio\\\/#\\\/schema\\\/logo\\\/image\\\/\"},\"sameAs\":[\"https:\\\/\\\/www.facebook.com\\\/eltextual\",\"https:\\\/\\\/x.com\\\/eltextual\",\"http:\\\/\\\/www.instagram.com\\\/eltextual\"]},{\"@type\":\"Person\",\"@id\":\"https:\\\/\\\/diariotextual.com\\\/inicio\\\/#\\\/schema\\\/person\\\/a1b6f563e0ee944c60f98119389a4d9f\",\"name\":\"diario3\",\"image\":{\"@type\":\"ImageObject\",\"inLanguage\":\"es\",\"@id\":\"https:\\\/\\\/secure.gravatar.com\\\/avatar\\\/5e7ee62c82fc04d9dd79d746a390d93c69c43223e5faeeb3ea9461ef752bfc5d?s=96&d=mm&r=g\",\"url\":\"https:\\\/\\\/secure.gravatar.com\\\/avatar\\\/5e7ee62c82fc04d9dd79d746a390d93c69c43223e5faeeb3ea9461ef752bfc5d?s=96&d=mm&r=g\",\"contentUrl\":\"https:\\\/\\\/secure.gravatar.com\\\/avatar\\\/5e7ee62c82fc04d9dd79d746a390d93c69c43223e5faeeb3ea9461ef752bfc5d?s=96&d=mm&r=g\",\"caption\":\"diario3\"},\"url\":\"https:\\\/\\\/diariotextual.com\\\/inicio\\\/index.php\\\/author\\\/diario3\\\/\"}]}<\/script>\n<!-- \/ Yoast SEO plugin. -->","yoast_head_json":{"title":"Lula se baj\u00f3 de carrera presidencial y el PT confirm\u00f3 a Haddad - Diario Textual","robots":{"index":"index","follow":"follow","max-snippet":"max-snippet:-1","max-image-preview":"max-image-preview:large","max-video-preview":"max-video-preview:-1"},"canonical":"https:\/\/diariotextual.com\/inicio\/index.php\/2018\/09\/11\/lula-se-carrera-presidencial-pt-confirmo-haddad\/","og_locale":"es_ES","og_type":"article","og_title":"Lula se baj\u00f3 de carrera presidencial y el PT confirm\u00f3 a Haddad - Diario Textual","og_description":"El exmandatario brasile\u00f1o Luiz In\u00e1cio Lula da Silva finalmente renunci\u00f3 a la batalla legal para presentarse en las elecciones del 7 de octubre y el Partido de los Trabajadores logr\u00f3&hellip;","og_url":"https:\/\/diariotextual.com\/inicio\/index.php\/2018\/09\/11\/lula-se-carrera-presidencial-pt-confirmo-haddad\/","og_site_name":"Diario Textual","article_publisher":"https:\/\/www.facebook.com\/eltextual","article_published_time":"2018-09-11T23:52:27+00:00","og_image":[{"width":768,"height":415,"url":"https:\/\/diariotextual.com\/inicio\/wp-content\/uploads\/2018\/09\/lulahaddad.jpg","type":"image\/jpeg"}],"author":"diario3","twitter_card":"summary_large_image","twitter_creator":"@eltextual","twitter_site":"@eltextual","twitter_misc":{"Escrito por":"diario3","Tiempo de lectura":"2 minutos"},"schema":{"@context":"https:\/\/schema.org","@graph":[{"@type":"Article","@id":"https:\/\/diariotextual.com\/inicio\/index.php\/2018\/09\/11\/lula-se-carrera-presidencial-pt-confirmo-haddad\/#article","isPartOf":{"@id":"https:\/\/diariotextual.com\/inicio\/index.php\/2018\/09\/11\/lula-se-carrera-presidencial-pt-confirmo-haddad\/"},"author":{"name":"diario3","@id":"https:\/\/diariotextual.com\/inicio\/#\/schema\/person\/a1b6f563e0ee944c60f98119389a4d9f"},"headline":"Lula se baj\u00f3 de carrera presidencial y el PT confirm\u00f3 a Haddad","datePublished":"2018-09-11T23:52:27+00:00","mainEntityOfPage":{"@id":"https:\/\/diariotextual.com\/inicio\/index.php\/2018\/09\/11\/lula-se-carrera-presidencial-pt-confirmo-haddad\/"},"wordCount":509,"publisher":{"@id":"https:\/\/diariotextual.com\/inicio\/#organization"},"image":{"@id":"https:\/\/diariotextual.com\/inicio\/index.php\/2018\/09\/11\/lula-se-carrera-presidencial-pt-confirmo-haddad\/#primaryimage"},"thumbnailUrl":"https:\/\/diariotextual.com\/inicio\/wp-content\/uploads\/2018\/09\/lulahaddad.jpg","articleSection":["A - DESTACADAS (mod 16)","MUNDO"],"inLanguage":"es"},{"@type":"WebPage","@id":"https:\/\/diariotextual.com\/inicio\/index.php\/2018\/09\/11\/lula-se-carrera-presidencial-pt-confirmo-haddad\/","url":"https:\/\/diariotextual.com\/inicio\/index.php\/2018\/09\/11\/lula-se-carrera-presidencial-pt-confirmo-haddad\/","name":"Lula se baj\u00f3 de carrera presidencial y el PT confirm\u00f3 a Haddad - Diario Textual","isPartOf":{"@id":"https:\/\/diariotextual.com\/inicio\/#website"},"primaryImageOfPage":{"@id":"https:\/\/diariotextual.com\/inicio\/index.php\/2018\/09\/11\/lula-se-carrera-presidencial-pt-confirmo-haddad\/#primaryimage"},"image":{"@id":"https:\/\/diariotextual.com\/inicio\/index.php\/2018\/09\/11\/lula-se-carrera-presidencial-pt-confirmo-haddad\/#primaryimage"},"thumbnailUrl":"https:\/\/diariotextual.com\/inicio\/wp-content\/uploads\/2018\/09\/lulahaddad.jpg","datePublished":"2018-09-11T23:52:27+00:00","breadcrumb":{"@id":"https:\/\/diariotextual.com\/inicio\/index.php\/2018\/09\/11\/lula-se-carrera-presidencial-pt-confirmo-haddad\/#breadcrumb"},"inLanguage":"es","potentialAction":[{"@type":"ReadAction","target":["https:\/\/diariotextual.com\/inicio\/index.php\/2018\/09\/11\/lula-se-carrera-presidencial-pt-confirmo-haddad\/"]}]},{"@type":"ImageObject","inLanguage":"es","@id":"https:\/\/diariotextual.com\/inicio\/index.php\/2018\/09\/11\/lula-se-carrera-presidencial-pt-confirmo-haddad\/#primaryimage","url":"https:\/\/diariotextual.com\/inicio\/wp-content\/uploads\/2018\/09\/lulahaddad.jpg","contentUrl":"https:\/\/diariotextual.com\/inicio\/wp-content\/uploads\/2018\/09\/lulahaddad.jpg","width":768,"height":415,"caption":"AION"},{"@type":"BreadcrumbList","@id":"https:\/\/diariotextual.com\/inicio\/index.php\/2018\/09\/11\/lula-se-carrera-presidencial-pt-confirmo-haddad\/#breadcrumb","itemListElement":[{"@type":"ListItem","position":1,"name":"Portada","item":"https:\/\/diariotextual.com\/inicio\/"},{"@type":"ListItem","position":2,"name":"Lula se baj\u00f3 de carrera presidencial y el PT confirm\u00f3 a Haddad"}]},{"@type":"WebSite","@id":"https:\/\/diariotextual.com\/inicio\/#website","url":"https:\/\/diariotextual.com\/inicio\/","name":"Diario Textual","description":"","publisher":{"@id":"https:\/\/diariotextual.com\/inicio\/#organization"},"potentialAction":[{"@type":"SearchAction","target":{"@type":"EntryPoint","urlTemplate":"https:\/\/diariotextual.com\/inicio\/?s={search_term_string}"},"query-input":{"@type":"PropertyValueSpecification","valueRequired":true,"valueName":"search_term_string"}}],"inLanguage":"es"},{"@type":"Organization","@id":"https:\/\/diariotextual.com\/inicio\/#organization","name":"Diario Textual","url":"https:\/\/diariotextual.com\/inicio\/","logo":{"@type":"ImageObject","inLanguage":"es","@id":"https:\/\/diariotextual.com\/inicio\/#\/schema\/logo\/image\/","url":"https:\/\/diariotextual.com\/inicio\/wp-content\/uploads\/2023\/05\/logotextual1.jpg","contentUrl":"https:\/\/diariotextual.com\/inicio\/wp-content\/uploads\/2023\/05\/logotextual1.jpg","width":516,"height":76,"caption":"Diario Textual"},"image":{"@id":"https:\/\/diariotextual.com\/inicio\/#\/schema\/logo\/image\/"},"sameAs":["https:\/\/www.facebook.com\/eltextual","https:\/\/x.com\/eltextual","http:\/\/www.instagram.com\/eltextual"]},{"@type":"Person","@id":"https:\/\/diariotextual.com\/inicio\/#\/schema\/person\/a1b6f563e0ee944c60f98119389a4d9f","name":"diario3","image":{"@type":"ImageObject","inLanguage":"es","@id":"https:\/\/secure.gravatar.com\/avatar\/5e7ee62c82fc04d9dd79d746a390d93c69c43223e5faeeb3ea9461ef752bfc5d?s=96&d=mm&r=g","url":"https:\/\/secure.gravatar.com\/avatar\/5e7ee62c82fc04d9dd79d746a390d93c69c43223e5faeeb3ea9461ef752bfc5d?s=96&d=mm&r=g","contentUrl":"https:\/\/secure.gravatar.com\/avatar\/5e7ee62c82fc04d9dd79d746a390d93c69c43223e5faeeb3ea9461ef752bfc5d?s=96&d=mm&r=g","caption":"diario3"},"url":"https:\/\/diariotextual.com\/inicio\/index.php\/author\/diario3\/"}]}},"_links":{"self":[{"href":"https:\/\/diariotextual.com\/inicio\/index.php\/wp-json\/wp\/v2\/posts\/20030","targetHints":{"allow":["GET"]}}],"collection":[{"href":"https:\/\/diariotextual.com\/inicio\/index.php\/wp-json\/wp\/v2\/posts"}],"about":[{"href":"https:\/\/diariotextual.com\/inicio\/index.php\/wp-json\/wp\/v2\/types\/post"}],"author":[{"embeddable":true,"href":"https:\/\/diariotextual.com\/inicio\/index.php\/wp-json\/wp\/v2\/users\/5"}],"replies":[{"embeddable":true,"href":"https:\/\/diariotextual.com\/inicio\/index.php\/wp-json\/wp\/v2\/comments?post=20030"}],"version-history":[{"count":2,"href":"https:\/\/diariotextual.com\/inicio\/index.php\/wp-json\/wp\/v2\/posts\/20030\/revisions"}],"predecessor-version":[{"id":20033,"href":"https:\/\/diariotextual.com\/inicio\/index.php\/wp-json\/wp\/v2\/posts\/20030\/revisions\/20033"}],"wp:featuredmedia":[{"embeddable":true,"href":"https:\/\/diariotextual.com\/inicio\/index.php\/wp-json\/wp\/v2\/media\/20031"}],"wp:attachment":[{"href":"https:\/\/diariotextual.com\/inicio\/index.php\/wp-json\/wp\/v2\/media?parent=20030"}],"wp:term":[{"taxonomy":"category","embeddable":true,"href":"https:\/\/diariotextual.com\/inicio\/index.php\/wp-json\/wp\/v2\/categories?post=20030"},{"taxonomy":"post_tag","embeddable":true,"href":"https:\/\/diariotextual.com\/inicio\/index.php\/wp-json\/wp\/v2\/tags?post=20030"}],"curies":[{"name":"wp","href":"https:\/\/api.w.org\/{rel}","templated":true}]}}