{"id":201556,"date":"2022-09-26T15:15:14","date_gmt":"2022-09-26T18:15:14","guid":{"rendered":"https:\/\/diariotextual.com\/inicio\/?p=201556"},"modified":"2022-09-26T18:33:40","modified_gmt":"2022-09-26T21:33:40","slug":"dan-12-nuevas-licencias-de-taxis-en-santa-rosa-choferes-con-antiguedad-para-genero-y-discapacidad","status":"publish","type":"post","link":"https:\/\/diariotextual.com\/inicio\/index.php\/2022\/09\/26\/dan-12-nuevas-licencias-de-taxis-en-santa-rosa-choferes-con-antiguedad-para-genero-y-discapacidad\/","title":{"rendered":"Dan 12 nuevas licencias de taxis en Santa Rosa para choferes con antig\u00fcedad, g\u00e9nero y discapacidad"},"content":{"rendered":"\n<p>Desde hoy y hasta el 7 de octubre de este a\u00f1o se abre, nuevamente, un llamado a inscripci\u00f3n de nuevas licencias de taxis en Santa Rosa. Quienes est\u00e9n interesados deben acercarse a la Direcci\u00f3n de Compras y Suministros, en San Mart\u00edn 84.<\/p>\n\n\n\n<p>Desde el 10 de octubre y hasta el 24 del mismo mes inclusive, se recibir\u00e1 la documentaci\u00f3n en el horario de 8 a 12.<\/p>\n\n\n\n<p>En esta ocasi\u00f3n se van a cubrir 12 nuevas licencias, de las cuales 6 ser\u00e1n para choferes con antig\u00fcedad, 2 para g\u00e9nero y diversidad, 1 para discapacidad, 1 para trabajadores de la econom\u00eda popular y 2 para p\u00fablico en general. El pliego cuesta 2500 pesos.<\/p>\n\n\n\n<p>El a\u00f1o pasado se licitaron 22 licencias y todas est\u00e1n en funcionamiento, con lo que Santa Rosa cuenta con 155 taxis y, seg\u00fan lo establece la ordenanza 4226\/2010, que regula el servicio de coches tax\u00edmetros, debe haber un taxi cada 700 habitantes, y al adjudicarse esta nuevas, se va a contar con 167 licencias.<\/p>\n\n\n\n<p>Durante lo que va de la gesti\u00f3n del intendente Luciano di N\u00e1poli se va a llegar a 34 nuevas licencias otorgadas.<\/p>\n\n\n\n<p>Para mayor informaci\u00f3n se pueden comunicar al 422249 \/ transporte@santarosa.gob.ar , o dirigirse a Mesa de Entradas de la Direcci\u00f3n de Servicios P\u00fablicos y Transporte , ubicada en planta baja de la Terminal de \u00d3mnibus.<\/p>\n","protected":false},"excerpt":{"rendered":"<p>Desde hoy y hasta el 7 de octubre de este a\u00f1o se abre, nuevamente, un llamado a inscripci\u00f3n de nuevas licencias de taxis en Santa Rosa. Quienes est\u00e9n interesados deben&hellip;<\/p>\n","protected":false},"author":3,"featured_media":185403,"comment_status":"closed","ping_status":"open","sticky":false,"template":"","format":"standard","meta":{"_acf_changed":false,"footnotes":""},"categories":[1,12],"tags":[],"class_list":["post-201556","post","type-post","status-publish","format-standard","has-post-thumbnail","hentry","category-es-noticia","category-sociedad"],"acf":[],"yoast_head":"<!-- This site is optimized with the Yoast SEO plugin v27.5 - https:\/\/yoast.com\/product\/yoast-seo-wordpress\/ -->\n<title>Dan 12 nuevas licencias de taxis en Santa Rosa para choferes con antig\u00fcedad, g\u00e9nero y discapacidad - Diario Textual<\/title>\n<meta name=\"robots\" content=\"index, follow, max-snippet:-1, max-image-preview:large, max-video-preview:-1\" \/>\n<link rel=\"canonical\" href=\"https:\/\/diariotextual.com\/inicio\/index.php\/2022\/09\/26\/dan-12-nuevas-licencias-de-taxis-en-santa-rosa-choferes-con-antiguedad-para-genero-y-discapacidad\/\" \/>\n<meta property=\"og:locale\" content=\"es_ES\" \/>\n<meta property=\"og:type\" content=\"article\" \/>\n<meta property=\"og:title\" content=\"Dan 12 nuevas licencias de taxis en Santa Rosa para choferes con antig\u00fcedad, g\u00e9nero y discapacidad - Diario Textual\" \/>\n<meta property=\"og:description\" content=\"Desde hoy y hasta el 7 de octubre de este a\u00f1o se abre, nuevamente, un llamado a inscripci\u00f3n de nuevas licencias de taxis en Santa Rosa. Quienes est\u00e9n interesados deben&hellip;\" \/>\n<meta property=\"og:url\" content=\"https:\/\/diariotextual.com\/inicio\/index.php\/2022\/09\/26\/dan-12-nuevas-licencias-de-taxis-en-santa-rosa-choferes-con-antiguedad-para-genero-y-discapacidad\/\" \/>\n<meta property=\"og:site_name\" content=\"Diario Textual\" \/>\n<meta property=\"article:publisher\" content=\"https:\/\/www.facebook.com\/eltextual\" \/>\n<meta property=\"article:published_time\" content=\"2022-09-26T18:15:14+00:00\" \/>\n<meta property=\"article:modified_time\" content=\"2022-09-26T21:33:40+00:00\" \/>\n<meta property=\"og:image\" content=\"https:\/\/diariotextual.com\/inicio\/wp-content\/uploads\/2022\/04\/taxisterminal.jpeg\" \/>\n\t<meta property=\"og:image:width\" content=\"879\" \/>\n\t<meta property=\"og:image:height\" content=\"529\" \/>\n\t<meta property=\"og:image:type\" content=\"image\/jpeg\" \/>\n<meta name=\"author\" content=\"Diario1 Diario1\" \/>\n<meta name=\"twitter:card\" content=\"summary_large_image\" \/>\n<meta name=\"twitter:creator\" content=\"@eltextual\" \/>\n<meta name=\"twitter:site\" content=\"@eltextual\" \/>\n<meta name=\"twitter:label1\" content=\"Escrito por\" \/>\n\t<meta name=\"twitter:data1\" content=\"Diario1 Diario1\" \/>\n\t<meta name=\"twitter:label2\" content=\"Tiempo de lectura\" \/>\n\t<meta name=\"twitter:data2\" content=\"2 minutos\" \/>\n<script type=\"application\/ld+json\" class=\"yoast-schema-graph\">{\"@context\":\"https:\\\/\\\/schema.org\",\"@graph\":[{\"@type\":\"Article\",\"@id\":\"https:\\\/\\\/diariotextual.com\\\/inicio\\\/index.php\\\/2022\\\/09\\\/26\\\/dan-12-nuevas-licencias-de-taxis-en-santa-rosa-choferes-con-antiguedad-para-genero-y-discapacidad\\\/#article\",\"isPartOf\":{\"@id\":\"https:\\\/\\\/diariotextual.com\\\/inicio\\\/index.php\\\/2022\\\/09\\\/26\\\/dan-12-nuevas-licencias-de-taxis-en-santa-rosa-choferes-con-antiguedad-para-genero-y-discapacidad\\\/\"},\"author\":{\"name\":\"Diario1 Diario1\",\"@id\":\"https:\\\/\\\/diariotextual.com\\\/inicio\\\/#\\\/schema\\\/person\\\/418fc4093c33e86ed41562db3508f958\"},\"headline\":\"Dan 12 nuevas licencias de taxis en Santa Rosa para choferes con antig\u00fcedad, g\u00e9nero y discapacidad\",\"datePublished\":\"2022-09-26T18:15:14+00:00\",\"dateModified\":\"2022-09-26T21:33:40+00:00\",\"mainEntityOfPage\":{\"@id\":\"https:\\\/\\\/diariotextual.com\\\/inicio\\\/index.php\\\/2022\\\/09\\\/26\\\/dan-12-nuevas-licencias-de-taxis-en-santa-rosa-choferes-con-antiguedad-para-genero-y-discapacidad\\\/\"},\"wordCount\":239,\"publisher\":{\"@id\":\"https:\\\/\\\/diariotextual.com\\\/inicio\\\/#organization\"},\"image\":{\"@id\":\"https:\\\/\\\/diariotextual.com\\\/inicio\\\/index.php\\\/2022\\\/09\\\/26\\\/dan-12-nuevas-licencias-de-taxis-en-santa-rosa-choferes-con-antiguedad-para-genero-y-discapacidad\\\/#primaryimage\"},\"thumbnailUrl\":\"https:\\\/\\\/diariotextual.com\\\/inicio\\\/wp-content\\\/uploads\\\/2022\\\/04\\\/taxisterminal.jpeg\",\"articleSection\":[\"A - ES NOTICIA (van abajo)\",\"SOCIEDAD\"],\"inLanguage\":\"es\"},{\"@type\":\"WebPage\",\"@id\":\"https:\\\/\\\/diariotextual.com\\\/inicio\\\/index.php\\\/2022\\\/09\\\/26\\\/dan-12-nuevas-licencias-de-taxis-en-santa-rosa-choferes-con-antiguedad-para-genero-y-discapacidad\\\/\",\"url\":\"https:\\\/\\\/diariotextual.com\\\/inicio\\\/index.php\\\/2022\\\/09\\\/26\\\/dan-12-nuevas-licencias-de-taxis-en-santa-rosa-choferes-con-antiguedad-para-genero-y-discapacidad\\\/\",\"name\":\"Dan 12 nuevas licencias de taxis en Santa Rosa para choferes con antig\u00fcedad, g\u00e9nero y discapacidad - Diario Textual\",\"isPartOf\":{\"@id\":\"https:\\\/\\\/diariotextual.com\\\/inicio\\\/#website\"},\"primaryImageOfPage\":{\"@id\":\"https:\\\/\\\/diariotextual.com\\\/inicio\\\/index.php\\\/2022\\\/09\\\/26\\\/dan-12-nuevas-licencias-de-taxis-en-santa-rosa-choferes-con-antiguedad-para-genero-y-discapacidad\\\/#primaryimage\"},\"image\":{\"@id\":\"https:\\\/\\\/diariotextual.com\\\/inicio\\\/index.php\\\/2022\\\/09\\\/26\\\/dan-12-nuevas-licencias-de-taxis-en-santa-rosa-choferes-con-antiguedad-para-genero-y-discapacidad\\\/#primaryimage\"},\"thumbnailUrl\":\"https:\\\/\\\/diariotextual.com\\\/inicio\\\/wp-content\\\/uploads\\\/2022\\\/04\\\/taxisterminal.jpeg\",\"datePublished\":\"2022-09-26T18:15:14+00:00\",\"dateModified\":\"2022-09-26T21:33:40+00:00\",\"breadcrumb\":{\"@id\":\"https:\\\/\\\/diariotextual.com\\\/inicio\\\/index.php\\\/2022\\\/09\\\/26\\\/dan-12-nuevas-licencias-de-taxis-en-santa-rosa-choferes-con-antiguedad-para-genero-y-discapacidad\\\/#breadcrumb\"},\"inLanguage\":\"es\",\"potentialAction\":[{\"@type\":\"ReadAction\",\"target\":[\"https:\\\/\\\/diariotextual.com\\\/inicio\\\/index.php\\\/2022\\\/09\\\/26\\\/dan-12-nuevas-licencias-de-taxis-en-santa-rosa-choferes-con-antiguedad-para-genero-y-discapacidad\\\/\"]}]},{\"@type\":\"ImageObject\",\"inLanguage\":\"es\",\"@id\":\"https:\\\/\\\/diariotextual.com\\\/inicio\\\/index.php\\\/2022\\\/09\\\/26\\\/dan-12-nuevas-licencias-de-taxis-en-santa-rosa-choferes-con-antiguedad-para-genero-y-discapacidad\\\/#primaryimage\",\"url\":\"https:\\\/\\\/diariotextual.com\\\/inicio\\\/wp-content\\\/uploads\\\/2022\\\/04\\\/taxisterminal.jpeg\",\"contentUrl\":\"https:\\\/\\\/diariotextual.com\\\/inicio\\\/wp-content\\\/uploads\\\/2022\\\/04\\\/taxisterminal.jpeg\",\"width\":879,\"height\":529},{\"@type\":\"BreadcrumbList\",\"@id\":\"https:\\\/\\\/diariotextual.com\\\/inicio\\\/index.php\\\/2022\\\/09\\\/26\\\/dan-12-nuevas-licencias-de-taxis-en-santa-rosa-choferes-con-antiguedad-para-genero-y-discapacidad\\\/#breadcrumb\",\"itemListElement\":[{\"@type\":\"ListItem\",\"position\":1,\"name\":\"Portada\",\"item\":\"https:\\\/\\\/diariotextual.com\\\/inicio\\\/\"},{\"@type\":\"ListItem\",\"position\":2,\"name\":\"Dan 12 nuevas licencias de taxis en Santa Rosa para choferes con antig\u00fcedad, g\u00e9nero y discapacidad\"}]},{\"@type\":\"WebSite\",\"@id\":\"https:\\\/\\\/diariotextual.com\\\/inicio\\\/#website\",\"url\":\"https:\\\/\\\/diariotextual.com\\\/inicio\\\/\",\"name\":\"Diario Textual\",\"description\":\"\",\"publisher\":{\"@id\":\"https:\\\/\\\/diariotextual.com\\\/inicio\\\/#organization\"},\"potentialAction\":[{\"@type\":\"SearchAction\",\"target\":{\"@type\":\"EntryPoint\",\"urlTemplate\":\"https:\\\/\\\/diariotextual.com\\\/inicio\\\/?s={search_term_string}\"},\"query-input\":{\"@type\":\"PropertyValueSpecification\",\"valueRequired\":true,\"valueName\":\"search_term_string\"}}],\"inLanguage\":\"es\"},{\"@type\":\"Organization\",\"@id\":\"https:\\\/\\\/diariotextual.com\\\/inicio\\\/#organization\",\"name\":\"Diario Textual\",\"url\":\"https:\\\/\\\/diariotextual.com\\\/inicio\\\/\",\"logo\":{\"@type\":\"ImageObject\",\"inLanguage\":\"es\",\"@id\":\"https:\\\/\\\/diariotextual.com\\\/inicio\\\/#\\\/schema\\\/logo\\\/image\\\/\",\"url\":\"https:\\\/\\\/diariotextual.com\\\/inicio\\\/wp-content\\\/uploads\\\/2023\\\/05\\\/logotextual1.jpg\",\"contentUrl\":\"https:\\\/\\\/diariotextual.com\\\/inicio\\\/wp-content\\\/uploads\\\/2023\\\/05\\\/logotextual1.jpg\",\"width\":516,\"height\":76,\"caption\":\"Diario Textual\"},\"image\":{\"@id\":\"https:\\\/\\\/diariotextual.com\\\/inicio\\\/#\\\/schema\\\/logo\\\/image\\\/\"},\"sameAs\":[\"https:\\\/\\\/www.facebook.com\\\/eltextual\",\"https:\\\/\\\/x.com\\\/eltextual\",\"http:\\\/\\\/www.instagram.com\\\/eltextual\"]},{\"@type\":\"Person\",\"@id\":\"https:\\\/\\\/diariotextual.com\\\/inicio\\\/#\\\/schema\\\/person\\\/418fc4093c33e86ed41562db3508f958\",\"name\":\"Diario1 Diario1\",\"image\":{\"@type\":\"ImageObject\",\"inLanguage\":\"es\",\"@id\":\"https:\\\/\\\/secure.gravatar.com\\\/avatar\\\/9167d280179c85bc18be67aa7eda765854300033af4896dd779b608640f2ef7a?s=96&d=mm&r=g\",\"url\":\"https:\\\/\\\/secure.gravatar.com\\\/avatar\\\/9167d280179c85bc18be67aa7eda765854300033af4896dd779b608640f2ef7a?s=96&d=mm&r=g\",\"contentUrl\":\"https:\\\/\\\/secure.gravatar.com\\\/avatar\\\/9167d280179c85bc18be67aa7eda765854300033af4896dd779b608640f2ef7a?s=96&d=mm&r=g\",\"caption\":\"Diario1 Diario1\"},\"url\":\"https:\\\/\\\/diariotextual.com\\\/inicio\\\/index.php\\\/author\\\/diario1\\\/\"}]}<\/script>\n<!-- \/ Yoast SEO plugin. -->","yoast_head_json":{"title":"Dan 12 nuevas licencias de taxis en Santa Rosa para choferes con antig\u00fcedad, g\u00e9nero y discapacidad - Diario Textual","robots":{"index":"index","follow":"follow","max-snippet":"max-snippet:-1","max-image-preview":"max-image-preview:large","max-video-preview":"max-video-preview:-1"},"canonical":"https:\/\/diariotextual.com\/inicio\/index.php\/2022\/09\/26\/dan-12-nuevas-licencias-de-taxis-en-santa-rosa-choferes-con-antiguedad-para-genero-y-discapacidad\/","og_locale":"es_ES","og_type":"article","og_title":"Dan 12 nuevas licencias de taxis en Santa Rosa para choferes con antig\u00fcedad, g\u00e9nero y discapacidad - Diario Textual","og_description":"Desde hoy y hasta el 7 de octubre de este a\u00f1o se abre, nuevamente, un llamado a inscripci\u00f3n de nuevas licencias de taxis en Santa Rosa. Quienes est\u00e9n interesados deben&hellip;","og_url":"https:\/\/diariotextual.com\/inicio\/index.php\/2022\/09\/26\/dan-12-nuevas-licencias-de-taxis-en-santa-rosa-choferes-con-antiguedad-para-genero-y-discapacidad\/","og_site_name":"Diario Textual","article_publisher":"https:\/\/www.facebook.com\/eltextual","article_published_time":"2022-09-26T18:15:14+00:00","article_modified_time":"2022-09-26T21:33:40+00:00","og_image":[{"width":879,"height":529,"url":"https:\/\/diariotextual.com\/inicio\/wp-content\/uploads\/2022\/04\/taxisterminal.jpeg","type":"image\/jpeg"}],"author":"Diario1 Diario1","twitter_card":"summary_large_image","twitter_creator":"@eltextual","twitter_site":"@eltextual","twitter_misc":{"Escrito por":"Diario1 Diario1","Tiempo de lectura":"2 minutos"},"schema":{"@context":"https:\/\/schema.org","@graph":[{"@type":"Article","@id":"https:\/\/diariotextual.com\/inicio\/index.php\/2022\/09\/26\/dan-12-nuevas-licencias-de-taxis-en-santa-rosa-choferes-con-antiguedad-para-genero-y-discapacidad\/#article","isPartOf":{"@id":"https:\/\/diariotextual.com\/inicio\/index.php\/2022\/09\/26\/dan-12-nuevas-licencias-de-taxis-en-santa-rosa-choferes-con-antiguedad-para-genero-y-discapacidad\/"},"author":{"name":"Diario1 Diario1","@id":"https:\/\/diariotextual.com\/inicio\/#\/schema\/person\/418fc4093c33e86ed41562db3508f958"},"headline":"Dan 12 nuevas licencias de taxis en Santa Rosa para choferes con antig\u00fcedad, g\u00e9nero y discapacidad","datePublished":"2022-09-26T18:15:14+00:00","dateModified":"2022-09-26T21:33:40+00:00","mainEntityOfPage":{"@id":"https:\/\/diariotextual.com\/inicio\/index.php\/2022\/09\/26\/dan-12-nuevas-licencias-de-taxis-en-santa-rosa-choferes-con-antiguedad-para-genero-y-discapacidad\/"},"wordCount":239,"publisher":{"@id":"https:\/\/diariotextual.com\/inicio\/#organization"},"image":{"@id":"https:\/\/diariotextual.com\/inicio\/index.php\/2022\/09\/26\/dan-12-nuevas-licencias-de-taxis-en-santa-rosa-choferes-con-antiguedad-para-genero-y-discapacidad\/#primaryimage"},"thumbnailUrl":"https:\/\/diariotextual.com\/inicio\/wp-content\/uploads\/2022\/04\/taxisterminal.jpeg","articleSection":["A - ES NOTICIA (van abajo)","SOCIEDAD"],"inLanguage":"es"},{"@type":"WebPage","@id":"https:\/\/diariotextual.com\/inicio\/index.php\/2022\/09\/26\/dan-12-nuevas-licencias-de-taxis-en-santa-rosa-choferes-con-antiguedad-para-genero-y-discapacidad\/","url":"https:\/\/diariotextual.com\/inicio\/index.php\/2022\/09\/26\/dan-12-nuevas-licencias-de-taxis-en-santa-rosa-choferes-con-antiguedad-para-genero-y-discapacidad\/","name":"Dan 12 nuevas licencias de taxis en Santa Rosa para choferes con antig\u00fcedad, g\u00e9nero y discapacidad - Diario Textual","isPartOf":{"@id":"https:\/\/diariotextual.com\/inicio\/#website"},"primaryImageOfPage":{"@id":"https:\/\/diariotextual.com\/inicio\/index.php\/2022\/09\/26\/dan-12-nuevas-licencias-de-taxis-en-santa-rosa-choferes-con-antiguedad-para-genero-y-discapacidad\/#primaryimage"},"image":{"@id":"https:\/\/diariotextual.com\/inicio\/index.php\/2022\/09\/26\/dan-12-nuevas-licencias-de-taxis-en-santa-rosa-choferes-con-antiguedad-para-genero-y-discapacidad\/#primaryimage"},"thumbnailUrl":"https:\/\/diariotextual.com\/inicio\/wp-content\/uploads\/2022\/04\/taxisterminal.jpeg","datePublished":"2022-09-26T18:15:14+00:00","dateModified":"2022-09-26T21:33:40+00:00","breadcrumb":{"@id":"https:\/\/diariotextual.com\/inicio\/index.php\/2022\/09\/26\/dan-12-nuevas-licencias-de-taxis-en-santa-rosa-choferes-con-antiguedad-para-genero-y-discapacidad\/#breadcrumb"},"inLanguage":"es","potentialAction":[{"@type":"ReadAction","target":["https:\/\/diariotextual.com\/inicio\/index.php\/2022\/09\/26\/dan-12-nuevas-licencias-de-taxis-en-santa-rosa-choferes-con-antiguedad-para-genero-y-discapacidad\/"]}]},{"@type":"ImageObject","inLanguage":"es","@id":"https:\/\/diariotextual.com\/inicio\/index.php\/2022\/09\/26\/dan-12-nuevas-licencias-de-taxis-en-santa-rosa-choferes-con-antiguedad-para-genero-y-discapacidad\/#primaryimage","url":"https:\/\/diariotextual.com\/inicio\/wp-content\/uploads\/2022\/04\/taxisterminal.jpeg","contentUrl":"https:\/\/diariotextual.com\/inicio\/wp-content\/uploads\/2022\/04\/taxisterminal.jpeg","width":879,"height":529},{"@type":"BreadcrumbList","@id":"https:\/\/diariotextual.com\/inicio\/index.php\/2022\/09\/26\/dan-12-nuevas-licencias-de-taxis-en-santa-rosa-choferes-con-antiguedad-para-genero-y-discapacidad\/#breadcrumb","itemListElement":[{"@type":"ListItem","position":1,"name":"Portada","item":"https:\/\/diariotextual.com\/inicio\/"},{"@type":"ListItem","position":2,"name":"Dan 12 nuevas licencias de taxis en Santa Rosa para choferes con antig\u00fcedad, g\u00e9nero y discapacidad"}]},{"@type":"WebSite","@id":"https:\/\/diariotextual.com\/inicio\/#website","url":"https:\/\/diariotextual.com\/inicio\/","name":"Diario Textual","description":"","publisher":{"@id":"https:\/\/diariotextual.com\/inicio\/#organization"},"potentialAction":[{"@type":"SearchAction","target":{"@type":"EntryPoint","urlTemplate":"https:\/\/diariotextual.com\/inicio\/?s={search_term_string}"},"query-input":{"@type":"PropertyValueSpecification","valueRequired":true,"valueName":"search_term_string"}}],"inLanguage":"es"},{"@type":"Organization","@id":"https:\/\/diariotextual.com\/inicio\/#organization","name":"Diario Textual","url":"https:\/\/diariotextual.com\/inicio\/","logo":{"@type":"ImageObject","inLanguage":"es","@id":"https:\/\/diariotextual.com\/inicio\/#\/schema\/logo\/image\/","url":"https:\/\/diariotextual.com\/inicio\/wp-content\/uploads\/2023\/05\/logotextual1.jpg","contentUrl":"https:\/\/diariotextual.com\/inicio\/wp-content\/uploads\/2023\/05\/logotextual1.jpg","width":516,"height":76,"caption":"Diario Textual"},"image":{"@id":"https:\/\/diariotextual.com\/inicio\/#\/schema\/logo\/image\/"},"sameAs":["https:\/\/www.facebook.com\/eltextual","https:\/\/x.com\/eltextual","http:\/\/www.instagram.com\/eltextual"]},{"@type":"Person","@id":"https:\/\/diariotextual.com\/inicio\/#\/schema\/person\/418fc4093c33e86ed41562db3508f958","name":"Diario1 Diario1","image":{"@type":"ImageObject","inLanguage":"es","@id":"https:\/\/secure.gravatar.com\/avatar\/9167d280179c85bc18be67aa7eda765854300033af4896dd779b608640f2ef7a?s=96&d=mm&r=g","url":"https:\/\/secure.gravatar.com\/avatar\/9167d280179c85bc18be67aa7eda765854300033af4896dd779b608640f2ef7a?s=96&d=mm&r=g","contentUrl":"https:\/\/secure.gravatar.com\/avatar\/9167d280179c85bc18be67aa7eda765854300033af4896dd779b608640f2ef7a?s=96&d=mm&r=g","caption":"Diario1 Diario1"},"url":"https:\/\/diariotextual.com\/inicio\/index.php\/author\/diario1\/"}]}},"_links":{"self":[{"href":"https:\/\/diariotextual.com\/inicio\/index.php\/wp-json\/wp\/v2\/posts\/201556","targetHints":{"allow":["GET"]}}],"collection":[{"href":"https:\/\/diariotextual.com\/inicio\/index.php\/wp-json\/wp\/v2\/posts"}],"about":[{"href":"https:\/\/diariotextual.com\/inicio\/index.php\/wp-json\/wp\/v2\/types\/post"}],"author":[{"embeddable":true,"href":"https:\/\/diariotextual.com\/inicio\/index.php\/wp-json\/wp\/v2\/users\/3"}],"replies":[{"embeddable":true,"href":"https:\/\/diariotextual.com\/inicio\/index.php\/wp-json\/wp\/v2\/comments?post=201556"}],"version-history":[{"count":2,"href":"https:\/\/diariotextual.com\/inicio\/index.php\/wp-json\/wp\/v2\/posts\/201556\/revisions"}],"predecessor-version":[{"id":201558,"href":"https:\/\/diariotextual.com\/inicio\/index.php\/wp-json\/wp\/v2\/posts\/201556\/revisions\/201558"}],"wp:featuredmedia":[{"embeddable":true,"href":"https:\/\/diariotextual.com\/inicio\/index.php\/wp-json\/wp\/v2\/media\/185403"}],"wp:attachment":[{"href":"https:\/\/diariotextual.com\/inicio\/index.php\/wp-json\/wp\/v2\/media?parent=201556"}],"wp:term":[{"taxonomy":"category","embeddable":true,"href":"https:\/\/diariotextual.com\/inicio\/index.php\/wp-json\/wp\/v2\/categories?post=201556"},{"taxonomy":"post_tag","embeddable":true,"href":"https:\/\/diariotextual.com\/inicio\/index.php\/wp-json\/wp\/v2\/tags?post=201556"}],"curies":[{"name":"wp","href":"https:\/\/api.w.org\/{rel}","templated":true}]}}