{"id":201834,"date":"2022-09-28T13:47:17","date_gmt":"2022-09-28T16:47:17","guid":{"rendered":"https:\/\/diariotextual.com\/inicio\/?p=201834"},"modified":"2022-09-28T15:24:06","modified_gmt":"2022-09-28T18:24:06","slug":"alberto-fernandez-encabeza-en-san-luis-una-nueva-reunion-del-gabinete-federal","status":"publish","type":"post","link":"https:\/\/diariotextual.com\/inicio\/index.php\/2022\/09\/28\/alberto-fernandez-encabeza-en-san-luis-una-nueva-reunion-del-gabinete-federal\/","title":{"rendered":"Alberto Fern\u00e1ndez: \u201cDebemos convertir en realidad la Argentina federal declamada en la Constituci\u00f3n\u201d"},"content":{"rendered":"\n<p>El presidente&nbsp;<strong>Alberto Fern\u00e1ndez<\/strong>&nbsp;encabez\u00f3 la reuni\u00f3n del<strong>&nbsp;Gabinete Nacional&nbsp;<\/strong>en el marco del programa<strong>&nbsp;Capitales Alteras, en San Luis<\/strong>, y reiter\u00f3 su trabajo de federalizar la Argentina. Lo hizo junto al gobernador&nbsp;<strong>Alberto Rodr\u00edguez Sa\u00e1,<\/strong>&nbsp;que destac\u00f3 la labor del Poder Ejecutivo por su provincia.&nbsp;<\/p>\n\n\n\n<p>\u201cCuando fui electo por los argentinos, me hizo ver lo injusto que es este pa\u00eds que dice en su Constituci\u00f3n ser un pa\u00eds federal, pero que&nbsp;<strong>no act\u00faa como tal.<\/strong>&nbsp;Hay una enorme concentraci\u00f3n de poder del Gobierno Nacional y en el centro, en el puerto de Buenos Aires\u201d, admiti\u00f3 el mandatario y aclar\u00f3 que la conformaci\u00f3n del pa\u00eds se pens\u00f3 con base en la actividad agropecuaria, donde la producci\u00f3n se trasladaba al centro portuario para ser exportado al mundo.<\/p>\n\n\n\n<p>\u201c<strong>Siempre me qued\u00f3 la sensaci\u00f3n de que si hay algo que debemos hacer es convertir en realidad la Argentina federal declamada en la constituci\u00f3n<\/strong>. Desde el primer d\u00eda me puse ese objetivo en la cabeza\u201d, continu\u00f3.<\/p>\n\n\n\n<p>Luego de cuatro meses, Alberto Fern\u00e1ndez volvi\u00f3 a encabezar una reuni\u00f3n del Gabinete Federal. <strong>La \u00faltima reuni\u00f3n del Gabinete Federal se realiz\u00f3 el pasado 3 de mayo en la ciudad de General Pico, en la provincia de La Pampa,<\/strong> previo a que se profundizara la crisis econ\u00f3mica con la renuncia del exministro de Econom\u00eda Mart\u00edn Guzm\u00e1n a principios del mes de junio.<\/p>\n\n\n\n<p>El 4 de diciembre de 2020, el Poder Ejecutivo oficializ\u00f3 la promulgaci\u00f3n de la ley que declara \u00abcapitales alternas\u00bb a 24 ciudades en todas provincias, durante los pr\u00f3ximos cuatro a\u00f1os con un criterio de afianzar los v\u00ednculos y permitir reuniones con integrantes del gabinete nacional.<\/p>\n\n\n\n<p>La iniciativa contempla los siguientes distritos: La Matanza y General Pueyrred\u00f3n (Buenos Aires), Rosario (Santa Fe), R\u00edo Cuarto (C\u00f3rdoba), Bariloche (R\u00edo Negro), Comodoro Rivadavia (Chubut), Concordia (Entre R\u00edos), Or\u00e1n (Salta), R\u00edo Grande (Tierra del Fuego), General Pico (La Pampa), Guaymall\u00e9n (Mendoza) y las capitales de Formosa y San Luis.<\/p>\n\n\n\n<p>Adem\u00e1s est\u00e1n incluidas Ober\u00e1 (Misiones), Tinogasta (Catamarca), Roque S\u00e1enz Pe\u00f1a (Chaco), Goya (Corrientes), San Pedro (Jujuy), Chilecito (La Rioja), Cutral C\u00f3 (Neuqu\u00e9n), Caucete (San Juan), Caleta Olivia (Santa Cruz), La Banda (Santiago del Estero) y Monteros (Tucum\u00e1n).<\/p>\n\n\n\n<p>La declaraci\u00f3n de \u00abcapitales internas\u00bb busca \u00abacercar la gesti\u00f3n nacional a las provincias y ponerle fin a las grandes inequidades a trav\u00e9s de pol\u00edticas p\u00fablicas que resuelvan las problem\u00e1ticas y potencien a las diversas regiones del pa\u00eds\u00bb.<\/p>\n\n\n\n<p>La agenda federal fue un compromiso de campa\u00f1a del jefe de Estado durante su campa\u00f1a electoral en 2019, cuando firm\u00f3 un acta acuerdo con 14 gobernadores en la ciudad santafesina de Rosario.<\/p>\n","protected":false},"excerpt":{"rendered":"<p>El presidente&nbsp;Alberto Fern\u00e1ndez&nbsp;encabez\u00f3 la reuni\u00f3n del&nbsp;Gabinete Nacional&nbsp;en el marco del programa&nbsp;Capitales Alteras, en San Luis, y reiter\u00f3 su trabajo de federalizar la Argentina. Lo hizo junto al gobernador&nbsp;Alberto Rodr\u00edguez Sa\u00e1,&nbsp;que&hellip;<\/p>\n","protected":false},"author":4,"featured_media":182729,"comment_status":"closed","ping_status":"open","sticky":false,"template":"","format":"standard","meta":{"_acf_changed":false,"footnotes":""},"categories":[4,8],"tags":[],"class_list":["post-201834","post","type-post","status-publish","format-standard","has-post-thumbnail","hentry","category-destacadas","category-politica"],"acf":[],"yoast_head":"<!-- This site is optimized with the Yoast SEO plugin v27.5 - https:\/\/yoast.com\/product\/yoast-seo-wordpress\/ -->\n<title>Alberto Fern\u00e1ndez: \u201cDebemos convertir en realidad la Argentina federal declamada en la Constituci\u00f3n\u201d - Diario Textual<\/title>\n<meta name=\"robots\" content=\"index, follow, max-snippet:-1, max-image-preview:large, max-video-preview:-1\" \/>\n<link rel=\"canonical\" href=\"https:\/\/diariotextual.com\/inicio\/index.php\/2022\/09\/28\/alberto-fernandez-encabeza-en-san-luis-una-nueva-reunion-del-gabinete-federal\/\" \/>\n<meta property=\"og:locale\" content=\"es_ES\" \/>\n<meta property=\"og:type\" content=\"article\" \/>\n<meta property=\"og:title\" content=\"Alberto Fern\u00e1ndez: \u201cDebemos convertir en realidad la Argentina federal declamada en la Constituci\u00f3n\u201d - Diario Textual\" \/>\n<meta property=\"og:description\" content=\"El presidente&nbsp;Alberto Fern\u00e1ndez&nbsp;encabez\u00f3 la reuni\u00f3n del&nbsp;Gabinete Nacional&nbsp;en el marco del programa&nbsp;Capitales Alteras, en San Luis, y reiter\u00f3 su trabajo de federalizar la Argentina. Lo hizo junto al gobernador&nbsp;Alberto Rodr\u00edguez Sa\u00e1,&nbsp;que&hellip;\" \/>\n<meta property=\"og:url\" content=\"https:\/\/diariotextual.com\/inicio\/index.php\/2022\/09\/28\/alberto-fernandez-encabeza-en-san-luis-una-nueva-reunion-del-gabinete-federal\/\" \/>\n<meta property=\"og:site_name\" content=\"Diario Textual\" \/>\n<meta property=\"article:publisher\" content=\"https:\/\/www.facebook.com\/eltextual\" \/>\n<meta property=\"article:published_time\" content=\"2022-09-28T16:47:17+00:00\" \/>\n<meta property=\"article:modified_time\" content=\"2022-09-28T18:24:06+00:00\" \/>\n<meta property=\"og:image\" content=\"https:\/\/diariotextual.com\/inicio\/wp-content\/uploads\/2022\/03\/fernandezalberto2022-102.jpeg\" \/>\n\t<meta property=\"og:image:width\" content=\"1024\" \/>\n\t<meta property=\"og:image:height\" content=\"683\" \/>\n\t<meta property=\"og:image:type\" content=\"image\/jpeg\" \/>\n<meta name=\"author\" content=\"diario2\" \/>\n<meta name=\"twitter:card\" content=\"summary_large_image\" \/>\n<meta name=\"twitter:creator\" content=\"@eltextual\" \/>\n<meta name=\"twitter:site\" content=\"@eltextual\" \/>\n<meta name=\"twitter:label1\" content=\"Escrito por\" \/>\n\t<meta name=\"twitter:data1\" content=\"diario2\" \/>\n\t<meta name=\"twitter:label2\" content=\"Tiempo de lectura\" \/>\n\t<meta name=\"twitter:data2\" content=\"2 minutos\" \/>\n<script type=\"application\/ld+json\" class=\"yoast-schema-graph\">{\"@context\":\"https:\\\/\\\/schema.org\",\"@graph\":[{\"@type\":\"Article\",\"@id\":\"https:\\\/\\\/diariotextual.com\\\/inicio\\\/index.php\\\/2022\\\/09\\\/28\\\/alberto-fernandez-encabeza-en-san-luis-una-nueva-reunion-del-gabinete-federal\\\/#article\",\"isPartOf\":{\"@id\":\"https:\\\/\\\/diariotextual.com\\\/inicio\\\/index.php\\\/2022\\\/09\\\/28\\\/alberto-fernandez-encabeza-en-san-luis-una-nueva-reunion-del-gabinete-federal\\\/\"},\"author\":{\"name\":\"diario2\",\"@id\":\"https:\\\/\\\/diariotextual.com\\\/inicio\\\/#\\\/schema\\\/person\\\/694f60677f23c4a530867a98f22b3768\"},\"headline\":\"Alberto Fern\u00e1ndez: \u201cDebemos convertir en realidad la Argentina federal declamada en la Constituci\u00f3n\u201d\",\"datePublished\":\"2022-09-28T16:47:17+00:00\",\"dateModified\":\"2022-09-28T18:24:06+00:00\",\"mainEntityOfPage\":{\"@id\":\"https:\\\/\\\/diariotextual.com\\\/inicio\\\/index.php\\\/2022\\\/09\\\/28\\\/alberto-fernandez-encabeza-en-san-luis-una-nueva-reunion-del-gabinete-federal\\\/\"},\"wordCount\":491,\"publisher\":{\"@id\":\"https:\\\/\\\/diariotextual.com\\\/inicio\\\/#organization\"},\"image\":{\"@id\":\"https:\\\/\\\/diariotextual.com\\\/inicio\\\/index.php\\\/2022\\\/09\\\/28\\\/alberto-fernandez-encabeza-en-san-luis-una-nueva-reunion-del-gabinete-federal\\\/#primaryimage\"},\"thumbnailUrl\":\"https:\\\/\\\/diariotextual.com\\\/inicio\\\/wp-content\\\/uploads\\\/2022\\\/03\\\/fernandezalberto2022-102.jpeg\",\"articleSection\":[\"A - DESTACADAS (mod 16)\",\"POLITICA\"],\"inLanguage\":\"es\"},{\"@type\":\"WebPage\",\"@id\":\"https:\\\/\\\/diariotextual.com\\\/inicio\\\/index.php\\\/2022\\\/09\\\/28\\\/alberto-fernandez-encabeza-en-san-luis-una-nueva-reunion-del-gabinete-federal\\\/\",\"url\":\"https:\\\/\\\/diariotextual.com\\\/inicio\\\/index.php\\\/2022\\\/09\\\/28\\\/alberto-fernandez-encabeza-en-san-luis-una-nueva-reunion-del-gabinete-federal\\\/\",\"name\":\"Alberto Fern\u00e1ndez: \u201cDebemos convertir en realidad la Argentina federal declamada en la Constituci\u00f3n\u201d - Diario Textual\",\"isPartOf\":{\"@id\":\"https:\\\/\\\/diariotextual.com\\\/inicio\\\/#website\"},\"primaryImageOfPage\":{\"@id\":\"https:\\\/\\\/diariotextual.com\\\/inicio\\\/index.php\\\/2022\\\/09\\\/28\\\/alberto-fernandez-encabeza-en-san-luis-una-nueva-reunion-del-gabinete-federal\\\/#primaryimage\"},\"image\":{\"@id\":\"https:\\\/\\\/diariotextual.com\\\/inicio\\\/index.php\\\/2022\\\/09\\\/28\\\/alberto-fernandez-encabeza-en-san-luis-una-nueva-reunion-del-gabinete-federal\\\/#primaryimage\"},\"thumbnailUrl\":\"https:\\\/\\\/diariotextual.com\\\/inicio\\\/wp-content\\\/uploads\\\/2022\\\/03\\\/fernandezalberto2022-102.jpeg\",\"datePublished\":\"2022-09-28T16:47:17+00:00\",\"dateModified\":\"2022-09-28T18:24:06+00:00\",\"breadcrumb\":{\"@id\":\"https:\\\/\\\/diariotextual.com\\\/inicio\\\/index.php\\\/2022\\\/09\\\/28\\\/alberto-fernandez-encabeza-en-san-luis-una-nueva-reunion-del-gabinete-federal\\\/#breadcrumb\"},\"inLanguage\":\"es\",\"potentialAction\":[{\"@type\":\"ReadAction\",\"target\":[\"https:\\\/\\\/diariotextual.com\\\/inicio\\\/index.php\\\/2022\\\/09\\\/28\\\/alberto-fernandez-encabeza-en-san-luis-una-nueva-reunion-del-gabinete-federal\\\/\"]}]},{\"@type\":\"ImageObject\",\"inLanguage\":\"es\",\"@id\":\"https:\\\/\\\/diariotextual.com\\\/inicio\\\/index.php\\\/2022\\\/09\\\/28\\\/alberto-fernandez-encabeza-en-san-luis-una-nueva-reunion-del-gabinete-federal\\\/#primaryimage\",\"url\":\"https:\\\/\\\/diariotextual.com\\\/inicio\\\/wp-content\\\/uploads\\\/2022\\\/03\\\/fernandezalberto2022-102.jpeg\",\"contentUrl\":\"https:\\\/\\\/diariotextual.com\\\/inicio\\\/wp-content\\\/uploads\\\/2022\\\/03\\\/fernandezalberto2022-102.jpeg\",\"width\":1024,\"height\":683},{\"@type\":\"BreadcrumbList\",\"@id\":\"https:\\\/\\\/diariotextual.com\\\/inicio\\\/index.php\\\/2022\\\/09\\\/28\\\/alberto-fernandez-encabeza-en-san-luis-una-nueva-reunion-del-gabinete-federal\\\/#breadcrumb\",\"itemListElement\":[{\"@type\":\"ListItem\",\"position\":1,\"name\":\"Portada\",\"item\":\"https:\\\/\\\/diariotextual.com\\\/inicio\\\/\"},{\"@type\":\"ListItem\",\"position\":2,\"name\":\"Alberto Fern\u00e1ndez: \u201cDebemos convertir en realidad la Argentina federal declamada en la Constituci\u00f3n\u201d\"}]},{\"@type\":\"WebSite\",\"@id\":\"https:\\\/\\\/diariotextual.com\\\/inicio\\\/#website\",\"url\":\"https:\\\/\\\/diariotextual.com\\\/inicio\\\/\",\"name\":\"Diario Textual\",\"description\":\"\",\"publisher\":{\"@id\":\"https:\\\/\\\/diariotextual.com\\\/inicio\\\/#organization\"},\"potentialAction\":[{\"@type\":\"SearchAction\",\"target\":{\"@type\":\"EntryPoint\",\"urlTemplate\":\"https:\\\/\\\/diariotextual.com\\\/inicio\\\/?s={search_term_string}\"},\"query-input\":{\"@type\":\"PropertyValueSpecification\",\"valueRequired\":true,\"valueName\":\"search_term_string\"}}],\"inLanguage\":\"es\"},{\"@type\":\"Organization\",\"@id\":\"https:\\\/\\\/diariotextual.com\\\/inicio\\\/#organization\",\"name\":\"Diario Textual\",\"url\":\"https:\\\/\\\/diariotextual.com\\\/inicio\\\/\",\"logo\":{\"@type\":\"ImageObject\",\"inLanguage\":\"es\",\"@id\":\"https:\\\/\\\/diariotextual.com\\\/inicio\\\/#\\\/schema\\\/logo\\\/image\\\/\",\"url\":\"https:\\\/\\\/diariotextual.com\\\/inicio\\\/wp-content\\\/uploads\\\/2023\\\/05\\\/logotextual1.jpg\",\"contentUrl\":\"https:\\\/\\\/diariotextual.com\\\/inicio\\\/wp-content\\\/uploads\\\/2023\\\/05\\\/logotextual1.jpg\",\"width\":516,\"height\":76,\"caption\":\"Diario Textual\"},\"image\":{\"@id\":\"https:\\\/\\\/diariotextual.com\\\/inicio\\\/#\\\/schema\\\/logo\\\/image\\\/\"},\"sameAs\":[\"https:\\\/\\\/www.facebook.com\\\/eltextual\",\"https:\\\/\\\/x.com\\\/eltextual\",\"http:\\\/\\\/www.instagram.com\\\/eltextual\"]},{\"@type\":\"Person\",\"@id\":\"https:\\\/\\\/diariotextual.com\\\/inicio\\\/#\\\/schema\\\/person\\\/694f60677f23c4a530867a98f22b3768\",\"name\":\"diario2\",\"image\":{\"@type\":\"ImageObject\",\"inLanguage\":\"es\",\"@id\":\"https:\\\/\\\/secure.gravatar.com\\\/avatar\\\/5a2567495ba16b852fcd8f1ed006a2e24fcace936018ed8237e95f488ad6e0a7?s=96&d=mm&r=g\",\"url\":\"https:\\\/\\\/secure.gravatar.com\\\/avatar\\\/5a2567495ba16b852fcd8f1ed006a2e24fcace936018ed8237e95f488ad6e0a7?s=96&d=mm&r=g\",\"contentUrl\":\"https:\\\/\\\/secure.gravatar.com\\\/avatar\\\/5a2567495ba16b852fcd8f1ed006a2e24fcace936018ed8237e95f488ad6e0a7?s=96&d=mm&r=g\",\"caption\":\"diario2\"},\"url\":\"https:\\\/\\\/diariotextual.com\\\/inicio\\\/index.php\\\/author\\\/diario2\\\/\"}]}<\/script>\n<!-- \/ Yoast SEO plugin. -->","yoast_head_json":{"title":"Alberto Fern\u00e1ndez: \u201cDebemos convertir en realidad la Argentina federal declamada en la Constituci\u00f3n\u201d - Diario Textual","robots":{"index":"index","follow":"follow","max-snippet":"max-snippet:-1","max-image-preview":"max-image-preview:large","max-video-preview":"max-video-preview:-1"},"canonical":"https:\/\/diariotextual.com\/inicio\/index.php\/2022\/09\/28\/alberto-fernandez-encabeza-en-san-luis-una-nueva-reunion-del-gabinete-federal\/","og_locale":"es_ES","og_type":"article","og_title":"Alberto Fern\u00e1ndez: \u201cDebemos convertir en realidad la Argentina federal declamada en la Constituci\u00f3n\u201d - Diario Textual","og_description":"El presidente&nbsp;Alberto Fern\u00e1ndez&nbsp;encabez\u00f3 la reuni\u00f3n del&nbsp;Gabinete Nacional&nbsp;en el marco del programa&nbsp;Capitales Alteras, en San Luis, y reiter\u00f3 su trabajo de federalizar la Argentina. Lo hizo junto al gobernador&nbsp;Alberto Rodr\u00edguez Sa\u00e1,&nbsp;que&hellip;","og_url":"https:\/\/diariotextual.com\/inicio\/index.php\/2022\/09\/28\/alberto-fernandez-encabeza-en-san-luis-una-nueva-reunion-del-gabinete-federal\/","og_site_name":"Diario Textual","article_publisher":"https:\/\/www.facebook.com\/eltextual","article_published_time":"2022-09-28T16:47:17+00:00","article_modified_time":"2022-09-28T18:24:06+00:00","og_image":[{"width":1024,"height":683,"url":"https:\/\/diariotextual.com\/inicio\/wp-content\/uploads\/2022\/03\/fernandezalberto2022-102.jpeg","type":"image\/jpeg"}],"author":"diario2","twitter_card":"summary_large_image","twitter_creator":"@eltextual","twitter_site":"@eltextual","twitter_misc":{"Escrito por":"diario2","Tiempo de lectura":"2 minutos"},"schema":{"@context":"https:\/\/schema.org","@graph":[{"@type":"Article","@id":"https:\/\/diariotextual.com\/inicio\/index.php\/2022\/09\/28\/alberto-fernandez-encabeza-en-san-luis-una-nueva-reunion-del-gabinete-federal\/#article","isPartOf":{"@id":"https:\/\/diariotextual.com\/inicio\/index.php\/2022\/09\/28\/alberto-fernandez-encabeza-en-san-luis-una-nueva-reunion-del-gabinete-federal\/"},"author":{"name":"diario2","@id":"https:\/\/diariotextual.com\/inicio\/#\/schema\/person\/694f60677f23c4a530867a98f22b3768"},"headline":"Alberto Fern\u00e1ndez: \u201cDebemos convertir en realidad la Argentina federal declamada en la Constituci\u00f3n\u201d","datePublished":"2022-09-28T16:47:17+00:00","dateModified":"2022-09-28T18:24:06+00:00","mainEntityOfPage":{"@id":"https:\/\/diariotextual.com\/inicio\/index.php\/2022\/09\/28\/alberto-fernandez-encabeza-en-san-luis-una-nueva-reunion-del-gabinete-federal\/"},"wordCount":491,"publisher":{"@id":"https:\/\/diariotextual.com\/inicio\/#organization"},"image":{"@id":"https:\/\/diariotextual.com\/inicio\/index.php\/2022\/09\/28\/alberto-fernandez-encabeza-en-san-luis-una-nueva-reunion-del-gabinete-federal\/#primaryimage"},"thumbnailUrl":"https:\/\/diariotextual.com\/inicio\/wp-content\/uploads\/2022\/03\/fernandezalberto2022-102.jpeg","articleSection":["A - DESTACADAS (mod 16)","POLITICA"],"inLanguage":"es"},{"@type":"WebPage","@id":"https:\/\/diariotextual.com\/inicio\/index.php\/2022\/09\/28\/alberto-fernandez-encabeza-en-san-luis-una-nueva-reunion-del-gabinete-federal\/","url":"https:\/\/diariotextual.com\/inicio\/index.php\/2022\/09\/28\/alberto-fernandez-encabeza-en-san-luis-una-nueva-reunion-del-gabinete-federal\/","name":"Alberto Fern\u00e1ndez: \u201cDebemos convertir en realidad la Argentina federal declamada en la Constituci\u00f3n\u201d - Diario Textual","isPartOf":{"@id":"https:\/\/diariotextual.com\/inicio\/#website"},"primaryImageOfPage":{"@id":"https:\/\/diariotextual.com\/inicio\/index.php\/2022\/09\/28\/alberto-fernandez-encabeza-en-san-luis-una-nueva-reunion-del-gabinete-federal\/#primaryimage"},"image":{"@id":"https:\/\/diariotextual.com\/inicio\/index.php\/2022\/09\/28\/alberto-fernandez-encabeza-en-san-luis-una-nueva-reunion-del-gabinete-federal\/#primaryimage"},"thumbnailUrl":"https:\/\/diariotextual.com\/inicio\/wp-content\/uploads\/2022\/03\/fernandezalberto2022-102.jpeg","datePublished":"2022-09-28T16:47:17+00:00","dateModified":"2022-09-28T18:24:06+00:00","breadcrumb":{"@id":"https:\/\/diariotextual.com\/inicio\/index.php\/2022\/09\/28\/alberto-fernandez-encabeza-en-san-luis-una-nueva-reunion-del-gabinete-federal\/#breadcrumb"},"inLanguage":"es","potentialAction":[{"@type":"ReadAction","target":["https:\/\/diariotextual.com\/inicio\/index.php\/2022\/09\/28\/alberto-fernandez-encabeza-en-san-luis-una-nueva-reunion-del-gabinete-federal\/"]}]},{"@type":"ImageObject","inLanguage":"es","@id":"https:\/\/diariotextual.com\/inicio\/index.php\/2022\/09\/28\/alberto-fernandez-encabeza-en-san-luis-una-nueva-reunion-del-gabinete-federal\/#primaryimage","url":"https:\/\/diariotextual.com\/inicio\/wp-content\/uploads\/2022\/03\/fernandezalberto2022-102.jpeg","contentUrl":"https:\/\/diariotextual.com\/inicio\/wp-content\/uploads\/2022\/03\/fernandezalberto2022-102.jpeg","width":1024,"height":683},{"@type":"BreadcrumbList","@id":"https:\/\/diariotextual.com\/inicio\/index.php\/2022\/09\/28\/alberto-fernandez-encabeza-en-san-luis-una-nueva-reunion-del-gabinete-federal\/#breadcrumb","itemListElement":[{"@type":"ListItem","position":1,"name":"Portada","item":"https:\/\/diariotextual.com\/inicio\/"},{"@type":"ListItem","position":2,"name":"Alberto Fern\u00e1ndez: \u201cDebemos convertir en realidad la Argentina federal declamada en la Constituci\u00f3n\u201d"}]},{"@type":"WebSite","@id":"https:\/\/diariotextual.com\/inicio\/#website","url":"https:\/\/diariotextual.com\/inicio\/","name":"Diario Textual","description":"","publisher":{"@id":"https:\/\/diariotextual.com\/inicio\/#organization"},"potentialAction":[{"@type":"SearchAction","target":{"@type":"EntryPoint","urlTemplate":"https:\/\/diariotextual.com\/inicio\/?s={search_term_string}"},"query-input":{"@type":"PropertyValueSpecification","valueRequired":true,"valueName":"search_term_string"}}],"inLanguage":"es"},{"@type":"Organization","@id":"https:\/\/diariotextual.com\/inicio\/#organization","name":"Diario Textual","url":"https:\/\/diariotextual.com\/inicio\/","logo":{"@type":"ImageObject","inLanguage":"es","@id":"https:\/\/diariotextual.com\/inicio\/#\/schema\/logo\/image\/","url":"https:\/\/diariotextual.com\/inicio\/wp-content\/uploads\/2023\/05\/logotextual1.jpg","contentUrl":"https:\/\/diariotextual.com\/inicio\/wp-content\/uploads\/2023\/05\/logotextual1.jpg","width":516,"height":76,"caption":"Diario Textual"},"image":{"@id":"https:\/\/diariotextual.com\/inicio\/#\/schema\/logo\/image\/"},"sameAs":["https:\/\/www.facebook.com\/eltextual","https:\/\/x.com\/eltextual","http:\/\/www.instagram.com\/eltextual"]},{"@type":"Person","@id":"https:\/\/diariotextual.com\/inicio\/#\/schema\/person\/694f60677f23c4a530867a98f22b3768","name":"diario2","image":{"@type":"ImageObject","inLanguage":"es","@id":"https:\/\/secure.gravatar.com\/avatar\/5a2567495ba16b852fcd8f1ed006a2e24fcace936018ed8237e95f488ad6e0a7?s=96&d=mm&r=g","url":"https:\/\/secure.gravatar.com\/avatar\/5a2567495ba16b852fcd8f1ed006a2e24fcace936018ed8237e95f488ad6e0a7?s=96&d=mm&r=g","contentUrl":"https:\/\/secure.gravatar.com\/avatar\/5a2567495ba16b852fcd8f1ed006a2e24fcace936018ed8237e95f488ad6e0a7?s=96&d=mm&r=g","caption":"diario2"},"url":"https:\/\/diariotextual.com\/inicio\/index.php\/author\/diario2\/"}]}},"_links":{"self":[{"href":"https:\/\/diariotextual.com\/inicio\/index.php\/wp-json\/wp\/v2\/posts\/201834","targetHints":{"allow":["GET"]}}],"collection":[{"href":"https:\/\/diariotextual.com\/inicio\/index.php\/wp-json\/wp\/v2\/posts"}],"about":[{"href":"https:\/\/diariotextual.com\/inicio\/index.php\/wp-json\/wp\/v2\/types\/post"}],"author":[{"embeddable":true,"href":"https:\/\/diariotextual.com\/inicio\/index.php\/wp-json\/wp\/v2\/users\/4"}],"replies":[{"embeddable":true,"href":"https:\/\/diariotextual.com\/inicio\/index.php\/wp-json\/wp\/v2\/comments?post=201834"}],"version-history":[{"count":4,"href":"https:\/\/diariotextual.com\/inicio\/index.php\/wp-json\/wp\/v2\/posts\/201834\/revisions"}],"predecessor-version":[{"id":201849,"href":"https:\/\/diariotextual.com\/inicio\/index.php\/wp-json\/wp\/v2\/posts\/201834\/revisions\/201849"}],"wp:featuredmedia":[{"embeddable":true,"href":"https:\/\/diariotextual.com\/inicio\/index.php\/wp-json\/wp\/v2\/media\/182729"}],"wp:attachment":[{"href":"https:\/\/diariotextual.com\/inicio\/index.php\/wp-json\/wp\/v2\/media?parent=201834"}],"wp:term":[{"taxonomy":"category","embeddable":true,"href":"https:\/\/diariotextual.com\/inicio\/index.php\/wp-json\/wp\/v2\/categories?post=201834"},{"taxonomy":"post_tag","embeddable":true,"href":"https:\/\/diariotextual.com\/inicio\/index.php\/wp-json\/wp\/v2\/tags?post=201834"}],"curies":[{"name":"wp","href":"https:\/\/api.w.org\/{rel}","templated":true}]}}