{"id":203399,"date":"2022-10-13T06:45:20","date_gmt":"2022-10-13T09:45:20","guid":{"rendered":"https:\/\/diariotextual.com\/inicio\/?p=203399"},"modified":"2022-10-13T12:53:03","modified_gmt":"2022-10-13T15:53:03","slug":"docentes-universitarios-con-un-paro-de-48-horas","status":"publish","type":"post","link":"https:\/\/diariotextual.com\/inicio\/index.php\/2022\/10\/13\/docentes-universitarios-con-un-paro-de-48-horas\/","title":{"rendered":"Docentes universitarios, con un paro de 48 horas"},"content":{"rendered":"\n<p>Conadu Hist\u00f3rica -la federaci\u00f3n que integra ADU La Pampa- est\u00e1 desarrollando este jueves 13 y viernes 14 un paro, en reclamo de aumentos salariales.<br><\/p>\n\n\n\n<p>ADU record\u00f3 que, en medio de este contexto de lucha, el Gobierno nacional realiz\u00f3 una propuesta que, en estos momentos, es analizada por las asociaciones de base que conforman la federaci\u00f3n para resolver en un congreso extraordinario si se acepta o rechaza. \u201cNo obstante esa convocatoria a paritaria, Conadu Hist\u00f3rica mantiene en pie el paro convocado porque, por un lado, considera que el llamado casi a mitad de mes puede leerse como una estrategia para provocar la desmovilizaci\u00f3n; por otro, no resulta pertinente abandonar el plan de lucha sostenido desde marzo cuando a\u00fan no se ha resuelto si la oferta es o no satisfactoria\u201d, aclar\u00f3.<\/p>\n\n\n\n<p>La propuesta de la Secretar\u00eda de Pol\u00edticas Universitarias, dirigida por el rector de la UNLPam (en licencia), Oscar Alpa, fue la siguiente:<\/p>\n\n\n\n<p>\u25cf 9% en octubre<\/p>\n\n\n\n<p>\u25cf 7% en noviembre<\/p>\n\n\n\n<p>\u25cf y sumar un 4% al 9% ya establecido para diciembre (13%)<\/p>\n\n\n\n<p>La propuesta contempla una nueva revisi\u00f3n en diciembre. Estos porcentajes, sumados al 62% ya acordado, acumular\u00e1n al mes de diciembre de 2022 un 82% calculado sobre el salario de marzo 2022.<\/p>\n\n\n\n<p>\u201cDado que la proyecci\u00f3n inflacionaria del BCRA contempla un piso del 100% de inflaci\u00f3n hacia fin de a\u00f1o, los salarios quedar\u00e1n al menos 18% por debajo de la inflaci\u00f3n. Este panorama trasladar\u00e1 nuevamente la discusi\u00f3n a la revisi\u00f3n de diciembre\u201d, comunic\u00f3 ADU. \u201cComo es tradici\u00f3n en Conadu Hist\u00f3rica, antes de tomar cualquier decisi\u00f3n, se consulta al conjunto de afiliadas y afiliados a fin de garantizar la democracia de las resoluciones\u201d.<\/p>\n","protected":false},"excerpt":{"rendered":"<p>Conadu Hist\u00f3rica -la federaci\u00f3n que integra ADU La Pampa- est\u00e1 desarrollando este jueves 13 y viernes 14 un paro, en reclamo de aumentos salariales. ADU record\u00f3 que, en medio de&hellip;<\/p>\n","protected":false},"author":3,"featured_media":203401,"comment_status":"closed","ping_status":"open","sticky":false,"template":"","format":"standard","meta":{"_acf_changed":false,"footnotes":""},"categories":[1,12],"tags":[],"class_list":["post-203399","post","type-post","status-publish","format-standard","has-post-thumbnail","hentry","category-es-noticia","category-sociedad"],"acf":[],"yoast_head":"<!-- This site is optimized with the Yoast SEO plugin v27.5 - https:\/\/yoast.com\/product\/yoast-seo-wordpress\/ -->\n<title>Docentes universitarios, con un paro de 48 horas - Diario Textual<\/title>\n<meta name=\"robots\" content=\"index, follow, max-snippet:-1, max-image-preview:large, max-video-preview:-1\" \/>\n<link rel=\"canonical\" href=\"https:\/\/diariotextual.com\/inicio\/index.php\/2022\/10\/13\/docentes-universitarios-con-un-paro-de-48-horas\/\" \/>\n<meta property=\"og:locale\" content=\"es_ES\" \/>\n<meta property=\"og:type\" content=\"article\" \/>\n<meta property=\"og:title\" content=\"Docentes universitarios, con un paro de 48 horas - Diario Textual\" \/>\n<meta property=\"og:description\" content=\"Conadu Hist\u00f3rica -la federaci\u00f3n que integra ADU La Pampa- est\u00e1 desarrollando este jueves 13 y viernes 14 un paro, en reclamo de aumentos salariales. ADU record\u00f3 que, en medio de&hellip;\" \/>\n<meta property=\"og:url\" content=\"https:\/\/diariotextual.com\/inicio\/index.php\/2022\/10\/13\/docentes-universitarios-con-un-paro-de-48-horas\/\" \/>\n<meta property=\"og:site_name\" content=\"Diario Textual\" \/>\n<meta property=\"article:publisher\" content=\"https:\/\/www.facebook.com\/eltextual\" \/>\n<meta property=\"article:published_time\" content=\"2022-10-13T09:45:20+00:00\" \/>\n<meta property=\"article:modified_time\" content=\"2022-10-13T15:53:03+00:00\" \/>\n<meta property=\"og:image\" content=\"https:\/\/diariotextual.com\/inicio\/wp-content\/uploads\/2022\/10\/aduparo2022-10.jpeg\" \/>\n\t<meta property=\"og:image:width\" content=\"1599\" \/>\n\t<meta property=\"og:image:height\" content=\"1070\" \/>\n\t<meta property=\"og:image:type\" content=\"image\/jpeg\" \/>\n<meta name=\"author\" content=\"Diario1 Diario1\" \/>\n<meta name=\"twitter:card\" content=\"summary_large_image\" \/>\n<meta name=\"twitter:creator\" content=\"@eltextual\" \/>\n<meta name=\"twitter:site\" content=\"@eltextual\" \/>\n<meta name=\"twitter:label1\" content=\"Escrito por\" \/>\n\t<meta name=\"twitter:data1\" content=\"Diario1 Diario1\" \/>\n\t<meta name=\"twitter:label2\" content=\"Tiempo de lectura\" \/>\n\t<meta name=\"twitter:data2\" content=\"2 minutos\" \/>\n<script type=\"application\/ld+json\" class=\"yoast-schema-graph\">{\"@context\":\"https:\\\/\\\/schema.org\",\"@graph\":[{\"@type\":\"Article\",\"@id\":\"https:\\\/\\\/diariotextual.com\\\/inicio\\\/index.php\\\/2022\\\/10\\\/13\\\/docentes-universitarios-con-un-paro-de-48-horas\\\/#article\",\"isPartOf\":{\"@id\":\"https:\\\/\\\/diariotextual.com\\\/inicio\\\/index.php\\\/2022\\\/10\\\/13\\\/docentes-universitarios-con-un-paro-de-48-horas\\\/\"},\"author\":{\"name\":\"Diario1 Diario1\",\"@id\":\"https:\\\/\\\/diariotextual.com\\\/inicio\\\/#\\\/schema\\\/person\\\/418fc4093c33e86ed41562db3508f958\"},\"headline\":\"Docentes universitarios, con un paro de 48 horas\",\"datePublished\":\"2022-10-13T09:45:20+00:00\",\"dateModified\":\"2022-10-13T15:53:03+00:00\",\"mainEntityOfPage\":{\"@id\":\"https:\\\/\\\/diariotextual.com\\\/inicio\\\/index.php\\\/2022\\\/10\\\/13\\\/docentes-universitarios-con-un-paro-de-48-horas\\\/\"},\"wordCount\":283,\"publisher\":{\"@id\":\"https:\\\/\\\/diariotextual.com\\\/inicio\\\/#organization\"},\"image\":{\"@id\":\"https:\\\/\\\/diariotextual.com\\\/inicio\\\/index.php\\\/2022\\\/10\\\/13\\\/docentes-universitarios-con-un-paro-de-48-horas\\\/#primaryimage\"},\"thumbnailUrl\":\"https:\\\/\\\/diariotextual.com\\\/inicio\\\/wp-content\\\/uploads\\\/2022\\\/10\\\/aduparo2022-10.jpeg\",\"articleSection\":[\"A - ES NOTICIA (van abajo)\",\"SOCIEDAD\"],\"inLanguage\":\"es\"},{\"@type\":\"WebPage\",\"@id\":\"https:\\\/\\\/diariotextual.com\\\/inicio\\\/index.php\\\/2022\\\/10\\\/13\\\/docentes-universitarios-con-un-paro-de-48-horas\\\/\",\"url\":\"https:\\\/\\\/diariotextual.com\\\/inicio\\\/index.php\\\/2022\\\/10\\\/13\\\/docentes-universitarios-con-un-paro-de-48-horas\\\/\",\"name\":\"Docentes universitarios, con un paro de 48 horas - Diario Textual\",\"isPartOf\":{\"@id\":\"https:\\\/\\\/diariotextual.com\\\/inicio\\\/#website\"},\"primaryImageOfPage\":{\"@id\":\"https:\\\/\\\/diariotextual.com\\\/inicio\\\/index.php\\\/2022\\\/10\\\/13\\\/docentes-universitarios-con-un-paro-de-48-horas\\\/#primaryimage\"},\"image\":{\"@id\":\"https:\\\/\\\/diariotextual.com\\\/inicio\\\/index.php\\\/2022\\\/10\\\/13\\\/docentes-universitarios-con-un-paro-de-48-horas\\\/#primaryimage\"},\"thumbnailUrl\":\"https:\\\/\\\/diariotextual.com\\\/inicio\\\/wp-content\\\/uploads\\\/2022\\\/10\\\/aduparo2022-10.jpeg\",\"datePublished\":\"2022-10-13T09:45:20+00:00\",\"dateModified\":\"2022-10-13T15:53:03+00:00\",\"breadcrumb\":{\"@id\":\"https:\\\/\\\/diariotextual.com\\\/inicio\\\/index.php\\\/2022\\\/10\\\/13\\\/docentes-universitarios-con-un-paro-de-48-horas\\\/#breadcrumb\"},\"inLanguage\":\"es\",\"potentialAction\":[{\"@type\":\"ReadAction\",\"target\":[\"https:\\\/\\\/diariotextual.com\\\/inicio\\\/index.php\\\/2022\\\/10\\\/13\\\/docentes-universitarios-con-un-paro-de-48-horas\\\/\"]}]},{\"@type\":\"ImageObject\",\"inLanguage\":\"es\",\"@id\":\"https:\\\/\\\/diariotextual.com\\\/inicio\\\/index.php\\\/2022\\\/10\\\/13\\\/docentes-universitarios-con-un-paro-de-48-horas\\\/#primaryimage\",\"url\":\"https:\\\/\\\/diariotextual.com\\\/inicio\\\/wp-content\\\/uploads\\\/2022\\\/10\\\/aduparo2022-10.jpeg\",\"contentUrl\":\"https:\\\/\\\/diariotextual.com\\\/inicio\\\/wp-content\\\/uploads\\\/2022\\\/10\\\/aduparo2022-10.jpeg\",\"width\":1599,\"height\":1070},{\"@type\":\"BreadcrumbList\",\"@id\":\"https:\\\/\\\/diariotextual.com\\\/inicio\\\/index.php\\\/2022\\\/10\\\/13\\\/docentes-universitarios-con-un-paro-de-48-horas\\\/#breadcrumb\",\"itemListElement\":[{\"@type\":\"ListItem\",\"position\":1,\"name\":\"Portada\",\"item\":\"https:\\\/\\\/diariotextual.com\\\/inicio\\\/\"},{\"@type\":\"ListItem\",\"position\":2,\"name\":\"Docentes universitarios, con un paro de 48 horas\"}]},{\"@type\":\"WebSite\",\"@id\":\"https:\\\/\\\/diariotextual.com\\\/inicio\\\/#website\",\"url\":\"https:\\\/\\\/diariotextual.com\\\/inicio\\\/\",\"name\":\"Diario Textual\",\"description\":\"\",\"publisher\":{\"@id\":\"https:\\\/\\\/diariotextual.com\\\/inicio\\\/#organization\"},\"potentialAction\":[{\"@type\":\"SearchAction\",\"target\":{\"@type\":\"EntryPoint\",\"urlTemplate\":\"https:\\\/\\\/diariotextual.com\\\/inicio\\\/?s={search_term_string}\"},\"query-input\":{\"@type\":\"PropertyValueSpecification\",\"valueRequired\":true,\"valueName\":\"search_term_string\"}}],\"inLanguage\":\"es\"},{\"@type\":\"Organization\",\"@id\":\"https:\\\/\\\/diariotextual.com\\\/inicio\\\/#organization\",\"name\":\"Diario Textual\",\"url\":\"https:\\\/\\\/diariotextual.com\\\/inicio\\\/\",\"logo\":{\"@type\":\"ImageObject\",\"inLanguage\":\"es\",\"@id\":\"https:\\\/\\\/diariotextual.com\\\/inicio\\\/#\\\/schema\\\/logo\\\/image\\\/\",\"url\":\"https:\\\/\\\/diariotextual.com\\\/inicio\\\/wp-content\\\/uploads\\\/2023\\\/05\\\/logotextual1.jpg\",\"contentUrl\":\"https:\\\/\\\/diariotextual.com\\\/inicio\\\/wp-content\\\/uploads\\\/2023\\\/05\\\/logotextual1.jpg\",\"width\":516,\"height\":76,\"caption\":\"Diario Textual\"},\"image\":{\"@id\":\"https:\\\/\\\/diariotextual.com\\\/inicio\\\/#\\\/schema\\\/logo\\\/image\\\/\"},\"sameAs\":[\"https:\\\/\\\/www.facebook.com\\\/eltextual\",\"https:\\\/\\\/x.com\\\/eltextual\",\"http:\\\/\\\/www.instagram.com\\\/eltextual\"]},{\"@type\":\"Person\",\"@id\":\"https:\\\/\\\/diariotextual.com\\\/inicio\\\/#\\\/schema\\\/person\\\/418fc4093c33e86ed41562db3508f958\",\"name\":\"Diario1 Diario1\",\"image\":{\"@type\":\"ImageObject\",\"inLanguage\":\"es\",\"@id\":\"https:\\\/\\\/secure.gravatar.com\\\/avatar\\\/9167d280179c85bc18be67aa7eda765854300033af4896dd779b608640f2ef7a?s=96&d=mm&r=g\",\"url\":\"https:\\\/\\\/secure.gravatar.com\\\/avatar\\\/9167d280179c85bc18be67aa7eda765854300033af4896dd779b608640f2ef7a?s=96&d=mm&r=g\",\"contentUrl\":\"https:\\\/\\\/secure.gravatar.com\\\/avatar\\\/9167d280179c85bc18be67aa7eda765854300033af4896dd779b608640f2ef7a?s=96&d=mm&r=g\",\"caption\":\"Diario1 Diario1\"},\"url\":\"https:\\\/\\\/diariotextual.com\\\/inicio\\\/index.php\\\/author\\\/diario1\\\/\"}]}<\/script>\n<!-- \/ Yoast SEO plugin. -->","yoast_head_json":{"title":"Docentes universitarios, con un paro de 48 horas - Diario Textual","robots":{"index":"index","follow":"follow","max-snippet":"max-snippet:-1","max-image-preview":"max-image-preview:large","max-video-preview":"max-video-preview:-1"},"canonical":"https:\/\/diariotextual.com\/inicio\/index.php\/2022\/10\/13\/docentes-universitarios-con-un-paro-de-48-horas\/","og_locale":"es_ES","og_type":"article","og_title":"Docentes universitarios, con un paro de 48 horas - Diario Textual","og_description":"Conadu Hist\u00f3rica -la federaci\u00f3n que integra ADU La Pampa- est\u00e1 desarrollando este jueves 13 y viernes 14 un paro, en reclamo de aumentos salariales. ADU record\u00f3 que, en medio de&hellip;","og_url":"https:\/\/diariotextual.com\/inicio\/index.php\/2022\/10\/13\/docentes-universitarios-con-un-paro-de-48-horas\/","og_site_name":"Diario Textual","article_publisher":"https:\/\/www.facebook.com\/eltextual","article_published_time":"2022-10-13T09:45:20+00:00","article_modified_time":"2022-10-13T15:53:03+00:00","og_image":[{"width":1599,"height":1070,"url":"https:\/\/diariotextual.com\/inicio\/wp-content\/uploads\/2022\/10\/aduparo2022-10.jpeg","type":"image\/jpeg"}],"author":"Diario1 Diario1","twitter_card":"summary_large_image","twitter_creator":"@eltextual","twitter_site":"@eltextual","twitter_misc":{"Escrito por":"Diario1 Diario1","Tiempo de lectura":"2 minutos"},"schema":{"@context":"https:\/\/schema.org","@graph":[{"@type":"Article","@id":"https:\/\/diariotextual.com\/inicio\/index.php\/2022\/10\/13\/docentes-universitarios-con-un-paro-de-48-horas\/#article","isPartOf":{"@id":"https:\/\/diariotextual.com\/inicio\/index.php\/2022\/10\/13\/docentes-universitarios-con-un-paro-de-48-horas\/"},"author":{"name":"Diario1 Diario1","@id":"https:\/\/diariotextual.com\/inicio\/#\/schema\/person\/418fc4093c33e86ed41562db3508f958"},"headline":"Docentes universitarios, con un paro de 48 horas","datePublished":"2022-10-13T09:45:20+00:00","dateModified":"2022-10-13T15:53:03+00:00","mainEntityOfPage":{"@id":"https:\/\/diariotextual.com\/inicio\/index.php\/2022\/10\/13\/docentes-universitarios-con-un-paro-de-48-horas\/"},"wordCount":283,"publisher":{"@id":"https:\/\/diariotextual.com\/inicio\/#organization"},"image":{"@id":"https:\/\/diariotextual.com\/inicio\/index.php\/2022\/10\/13\/docentes-universitarios-con-un-paro-de-48-horas\/#primaryimage"},"thumbnailUrl":"https:\/\/diariotextual.com\/inicio\/wp-content\/uploads\/2022\/10\/aduparo2022-10.jpeg","articleSection":["A - ES NOTICIA (van abajo)","SOCIEDAD"],"inLanguage":"es"},{"@type":"WebPage","@id":"https:\/\/diariotextual.com\/inicio\/index.php\/2022\/10\/13\/docentes-universitarios-con-un-paro-de-48-horas\/","url":"https:\/\/diariotextual.com\/inicio\/index.php\/2022\/10\/13\/docentes-universitarios-con-un-paro-de-48-horas\/","name":"Docentes universitarios, con un paro de 48 horas - Diario Textual","isPartOf":{"@id":"https:\/\/diariotextual.com\/inicio\/#website"},"primaryImageOfPage":{"@id":"https:\/\/diariotextual.com\/inicio\/index.php\/2022\/10\/13\/docentes-universitarios-con-un-paro-de-48-horas\/#primaryimage"},"image":{"@id":"https:\/\/diariotextual.com\/inicio\/index.php\/2022\/10\/13\/docentes-universitarios-con-un-paro-de-48-horas\/#primaryimage"},"thumbnailUrl":"https:\/\/diariotextual.com\/inicio\/wp-content\/uploads\/2022\/10\/aduparo2022-10.jpeg","datePublished":"2022-10-13T09:45:20+00:00","dateModified":"2022-10-13T15:53:03+00:00","breadcrumb":{"@id":"https:\/\/diariotextual.com\/inicio\/index.php\/2022\/10\/13\/docentes-universitarios-con-un-paro-de-48-horas\/#breadcrumb"},"inLanguage":"es","potentialAction":[{"@type":"ReadAction","target":["https:\/\/diariotextual.com\/inicio\/index.php\/2022\/10\/13\/docentes-universitarios-con-un-paro-de-48-horas\/"]}]},{"@type":"ImageObject","inLanguage":"es","@id":"https:\/\/diariotextual.com\/inicio\/index.php\/2022\/10\/13\/docentes-universitarios-con-un-paro-de-48-horas\/#primaryimage","url":"https:\/\/diariotextual.com\/inicio\/wp-content\/uploads\/2022\/10\/aduparo2022-10.jpeg","contentUrl":"https:\/\/diariotextual.com\/inicio\/wp-content\/uploads\/2022\/10\/aduparo2022-10.jpeg","width":1599,"height":1070},{"@type":"BreadcrumbList","@id":"https:\/\/diariotextual.com\/inicio\/index.php\/2022\/10\/13\/docentes-universitarios-con-un-paro-de-48-horas\/#breadcrumb","itemListElement":[{"@type":"ListItem","position":1,"name":"Portada","item":"https:\/\/diariotextual.com\/inicio\/"},{"@type":"ListItem","position":2,"name":"Docentes universitarios, con un paro de 48 horas"}]},{"@type":"WebSite","@id":"https:\/\/diariotextual.com\/inicio\/#website","url":"https:\/\/diariotextual.com\/inicio\/","name":"Diario Textual","description":"","publisher":{"@id":"https:\/\/diariotextual.com\/inicio\/#organization"},"potentialAction":[{"@type":"SearchAction","target":{"@type":"EntryPoint","urlTemplate":"https:\/\/diariotextual.com\/inicio\/?s={search_term_string}"},"query-input":{"@type":"PropertyValueSpecification","valueRequired":true,"valueName":"search_term_string"}}],"inLanguage":"es"},{"@type":"Organization","@id":"https:\/\/diariotextual.com\/inicio\/#organization","name":"Diario Textual","url":"https:\/\/diariotextual.com\/inicio\/","logo":{"@type":"ImageObject","inLanguage":"es","@id":"https:\/\/diariotextual.com\/inicio\/#\/schema\/logo\/image\/","url":"https:\/\/diariotextual.com\/inicio\/wp-content\/uploads\/2023\/05\/logotextual1.jpg","contentUrl":"https:\/\/diariotextual.com\/inicio\/wp-content\/uploads\/2023\/05\/logotextual1.jpg","width":516,"height":76,"caption":"Diario Textual"},"image":{"@id":"https:\/\/diariotextual.com\/inicio\/#\/schema\/logo\/image\/"},"sameAs":["https:\/\/www.facebook.com\/eltextual","https:\/\/x.com\/eltextual","http:\/\/www.instagram.com\/eltextual"]},{"@type":"Person","@id":"https:\/\/diariotextual.com\/inicio\/#\/schema\/person\/418fc4093c33e86ed41562db3508f958","name":"Diario1 Diario1","image":{"@type":"ImageObject","inLanguage":"es","@id":"https:\/\/secure.gravatar.com\/avatar\/9167d280179c85bc18be67aa7eda765854300033af4896dd779b608640f2ef7a?s=96&d=mm&r=g","url":"https:\/\/secure.gravatar.com\/avatar\/9167d280179c85bc18be67aa7eda765854300033af4896dd779b608640f2ef7a?s=96&d=mm&r=g","contentUrl":"https:\/\/secure.gravatar.com\/avatar\/9167d280179c85bc18be67aa7eda765854300033af4896dd779b608640f2ef7a?s=96&d=mm&r=g","caption":"Diario1 Diario1"},"url":"https:\/\/diariotextual.com\/inicio\/index.php\/author\/diario1\/"}]}},"_links":{"self":[{"href":"https:\/\/diariotextual.com\/inicio\/index.php\/wp-json\/wp\/v2\/posts\/203399","targetHints":{"allow":["GET"]}}],"collection":[{"href":"https:\/\/diariotextual.com\/inicio\/index.php\/wp-json\/wp\/v2\/posts"}],"about":[{"href":"https:\/\/diariotextual.com\/inicio\/index.php\/wp-json\/wp\/v2\/types\/post"}],"author":[{"embeddable":true,"href":"https:\/\/diariotextual.com\/inicio\/index.php\/wp-json\/wp\/v2\/users\/3"}],"replies":[{"embeddable":true,"href":"https:\/\/diariotextual.com\/inicio\/index.php\/wp-json\/wp\/v2\/comments?post=203399"}],"version-history":[{"count":1,"href":"https:\/\/diariotextual.com\/inicio\/index.php\/wp-json\/wp\/v2\/posts\/203399\/revisions"}],"predecessor-version":[{"id":203400,"href":"https:\/\/diariotextual.com\/inicio\/index.php\/wp-json\/wp\/v2\/posts\/203399\/revisions\/203400"}],"wp:featuredmedia":[{"embeddable":true,"href":"https:\/\/diariotextual.com\/inicio\/index.php\/wp-json\/wp\/v2\/media\/203401"}],"wp:attachment":[{"href":"https:\/\/diariotextual.com\/inicio\/index.php\/wp-json\/wp\/v2\/media?parent=203399"}],"wp:term":[{"taxonomy":"category","embeddable":true,"href":"https:\/\/diariotextual.com\/inicio\/index.php\/wp-json\/wp\/v2\/categories?post=203399"},{"taxonomy":"post_tag","embeddable":true,"href":"https:\/\/diariotextual.com\/inicio\/index.php\/wp-json\/wp\/v2\/tags?post=203399"}],"curies":[{"name":"wp","href":"https:\/\/api.w.org\/{rel}","templated":true}]}}