{"id":203488,"date":"2022-10-13T14:55:14","date_gmt":"2022-10-13T17:55:14","guid":{"rendered":"https:\/\/diariotextual.com\/inicio\/?p=203488"},"modified":"2022-10-13T14:55:16","modified_gmt":"2022-10-13T17:55:16","slug":"el-monstruo-ilustrado-colmo-el-auditorio-del-medasur","status":"publish","type":"post","link":"https:\/\/diariotextual.com\/inicio\/index.php\/2022\/10\/13\/el-monstruo-ilustrado-colmo-el-auditorio-del-medasur\/","title":{"rendered":"\u201cEl monstruo ilustrado\u201d colm\u00f3 el auditorio del Medasur"},"content":{"rendered":"\n<p>Con un auditorio del centro cultural Medasur colmado de ni\u00f1as y ni\u00f1os provenientes de diversas escuelas de Santa Rosa, se present\u00f3 en dos funciones la obra de teatro infantil \u201cEl Monstruo ilustrado\u201d.<\/p>\n\n\n\n<p>La presentaci\u00f3n se dio en el marco del Fondo de Fomento para Proyectos Art\u00edstico Culturales que impulsa la Secretar\u00eda de Cultura con el objetivo de estimular y potenciar el trabajo de artistas, gestores y productores pampeanos.<\/p>\n\n\n\n<p>\u201cEl Monstruo ilustrado\u201d propone a trav\u00e9s de la representaci\u00f3n teatral de una comedia musical, estimular el h\u00e1bito de la lectura y el inter\u00e9s y amor por los libros en el p\u00fablico infantil.<\/p>\n\n\n\n<p>La obra, declarada de Inter\u00e9s Educativo por el Ministerio de Educaci\u00f3n de la Provincia, se present\u00f3 en dos funciones el mi\u00e9rcoles con las asistencia de <strong>m\u00e1s 700 ni\u00f1os y ni\u00f1as.<\/strong><\/p>\n\n\n\n<p>En la ma\u00f1ana presenciaron el espect\u00e1culo alumnos y alumnas de la Escuela N\u00b0 240, Escuela N\u00b0 74, Escuela N\u00ba 262 y Escuela N\u00ba 221.<\/p>\n\n\n\n<p>En la funci\u00f3n de la tarde llegaron desde la Escuela N\u00b0 240, Escuela N\u00b0 74, Escuela N\u00ba 37, Escuela N\u00ba 221 y Escuela N\u00ba 218.<\/p>\n\n\n\n<p>La comedia cuenta la historia de un ni\u00f1o (Remi) de car\u00e1cter apocado, sin iniciativa y muy t\u00edmido. Muy apegado a sus juguetes electr\u00f3nicos y a todo lo que tenga \u201cpantalla\u201d se enamora de Lucila pero no logra despertar su inter\u00e9s. Pero un hecho fortuito lo obliga a estar un tiempo en un lugar donde no puede usar sus aparatos y descubre all\u00ed la magia de la lectura, la que producir\u00e1 un cambio radical en su car\u00e1cter, despertando en \u00e9l una viva imaginaci\u00f3n, que tambi\u00e9n impactar\u00e1 en su relaci\u00f3n con Lucila. M\u00fasica, coreograf\u00eda, disparatados personajes y mucho humor integran esta trama que convoca a la diversi\u00f3n pero tambi\u00e9n a la reflexi\u00f3n.<\/p>\n\n\n\n<p>\u00abEl monstruo Ilustrado\u00bb fue seleccionado en una convocatoria patag\u00f3nica organizada desde el Instituto Nacional del Teatro (INT), que buscaba destacar a espect\u00e1culos infantiles. La obra qued\u00f3 en el tercer lugar de toda la Patagonia y es interpretada por actores santarrose\u00f1os.Omar Lopardo, autor y director del espect\u00e1culo, coment\u00f3 que \u201cEl Monstruo Ilustrado propone despertar el h\u00e1bito de la lectura y el amor por los libros a trav\u00e9s de una historia simple, con mucho humor, personajes disparatados y canciones\u201d.<\/p>\n\n\n\n<p>El elenco est\u00e1 conformado por Ver\u00f3nica Aguerre, Carolina Aguerrido, Juani Carril y Evangelina de Dios Herrero. La direcci\u00f3n general es de Lopardo y la co-direcci\u00f3n de Carolina Aguerrido. Preparaci\u00f3n vocal de Guillermina Gavazza, coreograf\u00eda de Iv\u00e1n Pe\u00f1alba y m\u00fasica de Mat\u00edas Beola y Omar Lopardo.<\/p>\n","protected":false},"excerpt":{"rendered":"<p>Con un auditorio del centro cultural Medasur colmado de ni\u00f1as y ni\u00f1os provenientes de diversas escuelas de Santa Rosa, se present\u00f3 en dos funciones la obra de teatro infantil \u201cEl&hellip;<\/p>\n","protected":false},"author":4,"featured_media":203489,"comment_status":"closed","ping_status":"open","sticky":false,"template":"","format":"standard","meta":{"_acf_changed":false,"footnotes":""},"categories":[1,2],"tags":[],"class_list":["post-203488","post","type-post","status-publish","format-standard","has-post-thumbnail","hentry","category-es-noticia","category-cultura"],"acf":[],"yoast_head":"<!-- This site is optimized with the Yoast SEO plugin v27.5 - https:\/\/yoast.com\/product\/yoast-seo-wordpress\/ -->\n<title>\u201cEl monstruo ilustrado\u201d colm\u00f3 el auditorio del Medasur - Diario Textual<\/title>\n<meta name=\"robots\" content=\"index, follow, max-snippet:-1, max-image-preview:large, max-video-preview:-1\" \/>\n<link rel=\"canonical\" href=\"https:\/\/diariotextual.com\/inicio\/index.php\/2022\/10\/13\/el-monstruo-ilustrado-colmo-el-auditorio-del-medasur\/\" \/>\n<meta property=\"og:locale\" content=\"es_ES\" \/>\n<meta property=\"og:type\" content=\"article\" \/>\n<meta property=\"og:title\" content=\"\u201cEl monstruo ilustrado\u201d colm\u00f3 el auditorio del Medasur - Diario Textual\" \/>\n<meta property=\"og:description\" content=\"Con un auditorio del centro cultural Medasur colmado de ni\u00f1as y ni\u00f1os provenientes de diversas escuelas de Santa Rosa, se present\u00f3 en dos funciones la obra de teatro infantil \u201cEl&hellip;\" \/>\n<meta property=\"og:url\" content=\"https:\/\/diariotextual.com\/inicio\/index.php\/2022\/10\/13\/el-monstruo-ilustrado-colmo-el-auditorio-del-medasur\/\" \/>\n<meta property=\"og:site_name\" content=\"Diario Textual\" \/>\n<meta property=\"article:publisher\" content=\"https:\/\/www.facebook.com\/eltextual\" \/>\n<meta property=\"article:published_time\" content=\"2022-10-13T17:55:14+00:00\" \/>\n<meta property=\"article:modified_time\" content=\"2022-10-13T17:55:16+00:00\" \/>\n<meta property=\"og:image\" content=\"https:\/\/diariotextual.com\/inicio\/wp-content\/uploads\/2022\/10\/elmontruoilustradomedasur5.jpg\" \/>\n\t<meta property=\"og:image:width\" content=\"1000\" \/>\n\t<meta property=\"og:image:height\" content=\"662\" \/>\n\t<meta property=\"og:image:type\" content=\"image\/jpeg\" \/>\n<meta name=\"author\" content=\"diario2\" \/>\n<meta name=\"twitter:card\" content=\"summary_large_image\" \/>\n<meta name=\"twitter:creator\" content=\"@eltextual\" \/>\n<meta name=\"twitter:site\" content=\"@eltextual\" \/>\n<meta name=\"twitter:label1\" content=\"Escrito por\" \/>\n\t<meta name=\"twitter:data1\" content=\"diario2\" \/>\n\t<meta name=\"twitter:label2\" content=\"Tiempo de lectura\" \/>\n\t<meta name=\"twitter:data2\" content=\"2 minutos\" \/>\n<script type=\"application\/ld+json\" class=\"yoast-schema-graph\">{\"@context\":\"https:\\\/\\\/schema.org\",\"@graph\":[{\"@type\":\"Article\",\"@id\":\"https:\\\/\\\/diariotextual.com\\\/inicio\\\/index.php\\\/2022\\\/10\\\/13\\\/el-monstruo-ilustrado-colmo-el-auditorio-del-medasur\\\/#article\",\"isPartOf\":{\"@id\":\"https:\\\/\\\/diariotextual.com\\\/inicio\\\/index.php\\\/2022\\\/10\\\/13\\\/el-monstruo-ilustrado-colmo-el-auditorio-del-medasur\\\/\"},\"author\":{\"name\":\"diario2\",\"@id\":\"https:\\\/\\\/diariotextual.com\\\/inicio\\\/#\\\/schema\\\/person\\\/694f60677f23c4a530867a98f22b3768\"},\"headline\":\"\u201cEl monstruo ilustrado\u201d colm\u00f3 el auditorio del Medasur\",\"datePublished\":\"2022-10-13T17:55:14+00:00\",\"dateModified\":\"2022-10-13T17:55:16+00:00\",\"mainEntityOfPage\":{\"@id\":\"https:\\\/\\\/diariotextual.com\\\/inicio\\\/index.php\\\/2022\\\/10\\\/13\\\/el-monstruo-ilustrado-colmo-el-auditorio-del-medasur\\\/\"},\"wordCount\":458,\"publisher\":{\"@id\":\"https:\\\/\\\/diariotextual.com\\\/inicio\\\/#organization\"},\"image\":{\"@id\":\"https:\\\/\\\/diariotextual.com\\\/inicio\\\/index.php\\\/2022\\\/10\\\/13\\\/el-monstruo-ilustrado-colmo-el-auditorio-del-medasur\\\/#primaryimage\"},\"thumbnailUrl\":\"https:\\\/\\\/diariotextual.com\\\/inicio\\\/wp-content\\\/uploads\\\/2022\\\/10\\\/elmontruoilustradomedasur5.jpg\",\"articleSection\":[\"A - ES NOTICIA (van abajo)\",\"CULTURA\"],\"inLanguage\":\"es\"},{\"@type\":\"WebPage\",\"@id\":\"https:\\\/\\\/diariotextual.com\\\/inicio\\\/index.php\\\/2022\\\/10\\\/13\\\/el-monstruo-ilustrado-colmo-el-auditorio-del-medasur\\\/\",\"url\":\"https:\\\/\\\/diariotextual.com\\\/inicio\\\/index.php\\\/2022\\\/10\\\/13\\\/el-monstruo-ilustrado-colmo-el-auditorio-del-medasur\\\/\",\"name\":\"\u201cEl monstruo ilustrado\u201d colm\u00f3 el auditorio del Medasur - Diario Textual\",\"isPartOf\":{\"@id\":\"https:\\\/\\\/diariotextual.com\\\/inicio\\\/#website\"},\"primaryImageOfPage\":{\"@id\":\"https:\\\/\\\/diariotextual.com\\\/inicio\\\/index.php\\\/2022\\\/10\\\/13\\\/el-monstruo-ilustrado-colmo-el-auditorio-del-medasur\\\/#primaryimage\"},\"image\":{\"@id\":\"https:\\\/\\\/diariotextual.com\\\/inicio\\\/index.php\\\/2022\\\/10\\\/13\\\/el-monstruo-ilustrado-colmo-el-auditorio-del-medasur\\\/#primaryimage\"},\"thumbnailUrl\":\"https:\\\/\\\/diariotextual.com\\\/inicio\\\/wp-content\\\/uploads\\\/2022\\\/10\\\/elmontruoilustradomedasur5.jpg\",\"datePublished\":\"2022-10-13T17:55:14+00:00\",\"dateModified\":\"2022-10-13T17:55:16+00:00\",\"breadcrumb\":{\"@id\":\"https:\\\/\\\/diariotextual.com\\\/inicio\\\/index.php\\\/2022\\\/10\\\/13\\\/el-monstruo-ilustrado-colmo-el-auditorio-del-medasur\\\/#breadcrumb\"},\"inLanguage\":\"es\",\"potentialAction\":[{\"@type\":\"ReadAction\",\"target\":[\"https:\\\/\\\/diariotextual.com\\\/inicio\\\/index.php\\\/2022\\\/10\\\/13\\\/el-monstruo-ilustrado-colmo-el-auditorio-del-medasur\\\/\"]}]},{\"@type\":\"ImageObject\",\"inLanguage\":\"es\",\"@id\":\"https:\\\/\\\/diariotextual.com\\\/inicio\\\/index.php\\\/2022\\\/10\\\/13\\\/el-monstruo-ilustrado-colmo-el-auditorio-del-medasur\\\/#primaryimage\",\"url\":\"https:\\\/\\\/diariotextual.com\\\/inicio\\\/wp-content\\\/uploads\\\/2022\\\/10\\\/elmontruoilustradomedasur5.jpg\",\"contentUrl\":\"https:\\\/\\\/diariotextual.com\\\/inicio\\\/wp-content\\\/uploads\\\/2022\\\/10\\\/elmontruoilustradomedasur5.jpg\",\"width\":1000,\"height\":662},{\"@type\":\"BreadcrumbList\",\"@id\":\"https:\\\/\\\/diariotextual.com\\\/inicio\\\/index.php\\\/2022\\\/10\\\/13\\\/el-monstruo-ilustrado-colmo-el-auditorio-del-medasur\\\/#breadcrumb\",\"itemListElement\":[{\"@type\":\"ListItem\",\"position\":1,\"name\":\"Portada\",\"item\":\"https:\\\/\\\/diariotextual.com\\\/inicio\\\/\"},{\"@type\":\"ListItem\",\"position\":2,\"name\":\"\u201cEl monstruo ilustrado\u201d colm\u00f3 el auditorio del Medasur\"}]},{\"@type\":\"WebSite\",\"@id\":\"https:\\\/\\\/diariotextual.com\\\/inicio\\\/#website\",\"url\":\"https:\\\/\\\/diariotextual.com\\\/inicio\\\/\",\"name\":\"Diario Textual\",\"description\":\"\",\"publisher\":{\"@id\":\"https:\\\/\\\/diariotextual.com\\\/inicio\\\/#organization\"},\"potentialAction\":[{\"@type\":\"SearchAction\",\"target\":{\"@type\":\"EntryPoint\",\"urlTemplate\":\"https:\\\/\\\/diariotextual.com\\\/inicio\\\/?s={search_term_string}\"},\"query-input\":{\"@type\":\"PropertyValueSpecification\",\"valueRequired\":true,\"valueName\":\"search_term_string\"}}],\"inLanguage\":\"es\"},{\"@type\":\"Organization\",\"@id\":\"https:\\\/\\\/diariotextual.com\\\/inicio\\\/#organization\",\"name\":\"Diario Textual\",\"url\":\"https:\\\/\\\/diariotextual.com\\\/inicio\\\/\",\"logo\":{\"@type\":\"ImageObject\",\"inLanguage\":\"es\",\"@id\":\"https:\\\/\\\/diariotextual.com\\\/inicio\\\/#\\\/schema\\\/logo\\\/image\\\/\",\"url\":\"https:\\\/\\\/diariotextual.com\\\/inicio\\\/wp-content\\\/uploads\\\/2023\\\/05\\\/logotextual1.jpg\",\"contentUrl\":\"https:\\\/\\\/diariotextual.com\\\/inicio\\\/wp-content\\\/uploads\\\/2023\\\/05\\\/logotextual1.jpg\",\"width\":516,\"height\":76,\"caption\":\"Diario Textual\"},\"image\":{\"@id\":\"https:\\\/\\\/diariotextual.com\\\/inicio\\\/#\\\/schema\\\/logo\\\/image\\\/\"},\"sameAs\":[\"https:\\\/\\\/www.facebook.com\\\/eltextual\",\"https:\\\/\\\/x.com\\\/eltextual\",\"http:\\\/\\\/www.instagram.com\\\/eltextual\"]},{\"@type\":\"Person\",\"@id\":\"https:\\\/\\\/diariotextual.com\\\/inicio\\\/#\\\/schema\\\/person\\\/694f60677f23c4a530867a98f22b3768\",\"name\":\"diario2\",\"image\":{\"@type\":\"ImageObject\",\"inLanguage\":\"es\",\"@id\":\"https:\\\/\\\/secure.gravatar.com\\\/avatar\\\/5a2567495ba16b852fcd8f1ed006a2e24fcace936018ed8237e95f488ad6e0a7?s=96&d=mm&r=g\",\"url\":\"https:\\\/\\\/secure.gravatar.com\\\/avatar\\\/5a2567495ba16b852fcd8f1ed006a2e24fcace936018ed8237e95f488ad6e0a7?s=96&d=mm&r=g\",\"contentUrl\":\"https:\\\/\\\/secure.gravatar.com\\\/avatar\\\/5a2567495ba16b852fcd8f1ed006a2e24fcace936018ed8237e95f488ad6e0a7?s=96&d=mm&r=g\",\"caption\":\"diario2\"},\"url\":\"https:\\\/\\\/diariotextual.com\\\/inicio\\\/index.php\\\/author\\\/diario2\\\/\"}]}<\/script>\n<!-- \/ Yoast SEO plugin. -->","yoast_head_json":{"title":"\u201cEl monstruo ilustrado\u201d colm\u00f3 el auditorio del Medasur - Diario Textual","robots":{"index":"index","follow":"follow","max-snippet":"max-snippet:-1","max-image-preview":"max-image-preview:large","max-video-preview":"max-video-preview:-1"},"canonical":"https:\/\/diariotextual.com\/inicio\/index.php\/2022\/10\/13\/el-monstruo-ilustrado-colmo-el-auditorio-del-medasur\/","og_locale":"es_ES","og_type":"article","og_title":"\u201cEl monstruo ilustrado\u201d colm\u00f3 el auditorio del Medasur - Diario Textual","og_description":"Con un auditorio del centro cultural Medasur colmado de ni\u00f1as y ni\u00f1os provenientes de diversas escuelas de Santa Rosa, se present\u00f3 en dos funciones la obra de teatro infantil \u201cEl&hellip;","og_url":"https:\/\/diariotextual.com\/inicio\/index.php\/2022\/10\/13\/el-monstruo-ilustrado-colmo-el-auditorio-del-medasur\/","og_site_name":"Diario Textual","article_publisher":"https:\/\/www.facebook.com\/eltextual","article_published_time":"2022-10-13T17:55:14+00:00","article_modified_time":"2022-10-13T17:55:16+00:00","og_image":[{"width":1000,"height":662,"url":"https:\/\/diariotextual.com\/inicio\/wp-content\/uploads\/2022\/10\/elmontruoilustradomedasur5.jpg","type":"image\/jpeg"}],"author":"diario2","twitter_card":"summary_large_image","twitter_creator":"@eltextual","twitter_site":"@eltextual","twitter_misc":{"Escrito por":"diario2","Tiempo de lectura":"2 minutos"},"schema":{"@context":"https:\/\/schema.org","@graph":[{"@type":"Article","@id":"https:\/\/diariotextual.com\/inicio\/index.php\/2022\/10\/13\/el-monstruo-ilustrado-colmo-el-auditorio-del-medasur\/#article","isPartOf":{"@id":"https:\/\/diariotextual.com\/inicio\/index.php\/2022\/10\/13\/el-monstruo-ilustrado-colmo-el-auditorio-del-medasur\/"},"author":{"name":"diario2","@id":"https:\/\/diariotextual.com\/inicio\/#\/schema\/person\/694f60677f23c4a530867a98f22b3768"},"headline":"\u201cEl monstruo ilustrado\u201d colm\u00f3 el auditorio del Medasur","datePublished":"2022-10-13T17:55:14+00:00","dateModified":"2022-10-13T17:55:16+00:00","mainEntityOfPage":{"@id":"https:\/\/diariotextual.com\/inicio\/index.php\/2022\/10\/13\/el-monstruo-ilustrado-colmo-el-auditorio-del-medasur\/"},"wordCount":458,"publisher":{"@id":"https:\/\/diariotextual.com\/inicio\/#organization"},"image":{"@id":"https:\/\/diariotextual.com\/inicio\/index.php\/2022\/10\/13\/el-monstruo-ilustrado-colmo-el-auditorio-del-medasur\/#primaryimage"},"thumbnailUrl":"https:\/\/diariotextual.com\/inicio\/wp-content\/uploads\/2022\/10\/elmontruoilustradomedasur5.jpg","articleSection":["A - ES NOTICIA (van abajo)","CULTURA"],"inLanguage":"es"},{"@type":"WebPage","@id":"https:\/\/diariotextual.com\/inicio\/index.php\/2022\/10\/13\/el-monstruo-ilustrado-colmo-el-auditorio-del-medasur\/","url":"https:\/\/diariotextual.com\/inicio\/index.php\/2022\/10\/13\/el-monstruo-ilustrado-colmo-el-auditorio-del-medasur\/","name":"\u201cEl monstruo ilustrado\u201d colm\u00f3 el auditorio del Medasur - Diario Textual","isPartOf":{"@id":"https:\/\/diariotextual.com\/inicio\/#website"},"primaryImageOfPage":{"@id":"https:\/\/diariotextual.com\/inicio\/index.php\/2022\/10\/13\/el-monstruo-ilustrado-colmo-el-auditorio-del-medasur\/#primaryimage"},"image":{"@id":"https:\/\/diariotextual.com\/inicio\/index.php\/2022\/10\/13\/el-monstruo-ilustrado-colmo-el-auditorio-del-medasur\/#primaryimage"},"thumbnailUrl":"https:\/\/diariotextual.com\/inicio\/wp-content\/uploads\/2022\/10\/elmontruoilustradomedasur5.jpg","datePublished":"2022-10-13T17:55:14+00:00","dateModified":"2022-10-13T17:55:16+00:00","breadcrumb":{"@id":"https:\/\/diariotextual.com\/inicio\/index.php\/2022\/10\/13\/el-monstruo-ilustrado-colmo-el-auditorio-del-medasur\/#breadcrumb"},"inLanguage":"es","potentialAction":[{"@type":"ReadAction","target":["https:\/\/diariotextual.com\/inicio\/index.php\/2022\/10\/13\/el-monstruo-ilustrado-colmo-el-auditorio-del-medasur\/"]}]},{"@type":"ImageObject","inLanguage":"es","@id":"https:\/\/diariotextual.com\/inicio\/index.php\/2022\/10\/13\/el-monstruo-ilustrado-colmo-el-auditorio-del-medasur\/#primaryimage","url":"https:\/\/diariotextual.com\/inicio\/wp-content\/uploads\/2022\/10\/elmontruoilustradomedasur5.jpg","contentUrl":"https:\/\/diariotextual.com\/inicio\/wp-content\/uploads\/2022\/10\/elmontruoilustradomedasur5.jpg","width":1000,"height":662},{"@type":"BreadcrumbList","@id":"https:\/\/diariotextual.com\/inicio\/index.php\/2022\/10\/13\/el-monstruo-ilustrado-colmo-el-auditorio-del-medasur\/#breadcrumb","itemListElement":[{"@type":"ListItem","position":1,"name":"Portada","item":"https:\/\/diariotextual.com\/inicio\/"},{"@type":"ListItem","position":2,"name":"\u201cEl monstruo ilustrado\u201d colm\u00f3 el auditorio del Medasur"}]},{"@type":"WebSite","@id":"https:\/\/diariotextual.com\/inicio\/#website","url":"https:\/\/diariotextual.com\/inicio\/","name":"Diario Textual","description":"","publisher":{"@id":"https:\/\/diariotextual.com\/inicio\/#organization"},"potentialAction":[{"@type":"SearchAction","target":{"@type":"EntryPoint","urlTemplate":"https:\/\/diariotextual.com\/inicio\/?s={search_term_string}"},"query-input":{"@type":"PropertyValueSpecification","valueRequired":true,"valueName":"search_term_string"}}],"inLanguage":"es"},{"@type":"Organization","@id":"https:\/\/diariotextual.com\/inicio\/#organization","name":"Diario Textual","url":"https:\/\/diariotextual.com\/inicio\/","logo":{"@type":"ImageObject","inLanguage":"es","@id":"https:\/\/diariotextual.com\/inicio\/#\/schema\/logo\/image\/","url":"https:\/\/diariotextual.com\/inicio\/wp-content\/uploads\/2023\/05\/logotextual1.jpg","contentUrl":"https:\/\/diariotextual.com\/inicio\/wp-content\/uploads\/2023\/05\/logotextual1.jpg","width":516,"height":76,"caption":"Diario Textual"},"image":{"@id":"https:\/\/diariotextual.com\/inicio\/#\/schema\/logo\/image\/"},"sameAs":["https:\/\/www.facebook.com\/eltextual","https:\/\/x.com\/eltextual","http:\/\/www.instagram.com\/eltextual"]},{"@type":"Person","@id":"https:\/\/diariotextual.com\/inicio\/#\/schema\/person\/694f60677f23c4a530867a98f22b3768","name":"diario2","image":{"@type":"ImageObject","inLanguage":"es","@id":"https:\/\/secure.gravatar.com\/avatar\/5a2567495ba16b852fcd8f1ed006a2e24fcace936018ed8237e95f488ad6e0a7?s=96&d=mm&r=g","url":"https:\/\/secure.gravatar.com\/avatar\/5a2567495ba16b852fcd8f1ed006a2e24fcace936018ed8237e95f488ad6e0a7?s=96&d=mm&r=g","contentUrl":"https:\/\/secure.gravatar.com\/avatar\/5a2567495ba16b852fcd8f1ed006a2e24fcace936018ed8237e95f488ad6e0a7?s=96&d=mm&r=g","caption":"diario2"},"url":"https:\/\/diariotextual.com\/inicio\/index.php\/author\/diario2\/"}]}},"_links":{"self":[{"href":"https:\/\/diariotextual.com\/inicio\/index.php\/wp-json\/wp\/v2\/posts\/203488","targetHints":{"allow":["GET"]}}],"collection":[{"href":"https:\/\/diariotextual.com\/inicio\/index.php\/wp-json\/wp\/v2\/posts"}],"about":[{"href":"https:\/\/diariotextual.com\/inicio\/index.php\/wp-json\/wp\/v2\/types\/post"}],"author":[{"embeddable":true,"href":"https:\/\/diariotextual.com\/inicio\/index.php\/wp-json\/wp\/v2\/users\/4"}],"replies":[{"embeddable":true,"href":"https:\/\/diariotextual.com\/inicio\/index.php\/wp-json\/wp\/v2\/comments?post=203488"}],"version-history":[{"count":1,"href":"https:\/\/diariotextual.com\/inicio\/index.php\/wp-json\/wp\/v2\/posts\/203488\/revisions"}],"predecessor-version":[{"id":203490,"href":"https:\/\/diariotextual.com\/inicio\/index.php\/wp-json\/wp\/v2\/posts\/203488\/revisions\/203490"}],"wp:featuredmedia":[{"embeddable":true,"href":"https:\/\/diariotextual.com\/inicio\/index.php\/wp-json\/wp\/v2\/media\/203489"}],"wp:attachment":[{"href":"https:\/\/diariotextual.com\/inicio\/index.php\/wp-json\/wp\/v2\/media?parent=203488"}],"wp:term":[{"taxonomy":"category","embeddable":true,"href":"https:\/\/diariotextual.com\/inicio\/index.php\/wp-json\/wp\/v2\/categories?post=203488"},{"taxonomy":"post_tag","embeddable":true,"href":"https:\/\/diariotextual.com\/inicio\/index.php\/wp-json\/wp\/v2\/tags?post=203488"}],"curies":[{"name":"wp","href":"https:\/\/api.w.org\/{rel}","templated":true}]}}