{"id":206479,"date":"2022-11-09T07:45:17","date_gmt":"2022-11-09T10:45:17","guid":{"rendered":"https:\/\/diariotextual.com\/inicio\/?p=206479"},"modified":"2022-11-09T15:57:16","modified_gmt":"2022-11-09T18:57:16","slug":"entregaron-creditos-y-certificados-de-capacitaciones-en-agricultura-familiar-en-toay","status":"publish","type":"post","link":"https:\/\/diariotextual.com\/inicio\/index.php\/2022\/11\/09\/entregaron-creditos-y-certificados-de-capacitaciones-en-agricultura-familiar-en-toay\/","title":{"rendered":"Entregaron cr\u00e9ditos y certificados de capacitaciones en agricultura familiar en Toay"},"content":{"rendered":"\n<p>El Gobierno provincial y la Municipalidad de Toay concretaron este martes la entrega de cr\u00e9ditos correspondientes al programa \u201cDesarrollo de la Econom\u00eda Social\u201d y certificados a los participantes de capacitaciones de agricultura familiar.<\/p>\n\n\n\n<p>Los cr\u00e9ditos beneficiaron a 19 emprendedores y emprendedoras de la econom\u00eda social de la localidad, por un monto total de $ 2.011.782.&nbsp; El programa de \u201cDesarrollo de la Econom\u00eda Social\u201d forma parte de la Ley de Descentralizaci\u00f3n 2358\/07, y su autoridad de aplicaci\u00f3n es el Ministerio de Desarrollo Social.&nbsp; Se implementa con el objetivo de fomentar las actividades productivas, de comercializaci\u00f3n y de prestaci\u00f3n de servicios que promuevan el desarrollo local integral, favoreciendo la inclusi\u00f3n social. Entre las principales caracter\u00edsticas de los cr\u00e9ditos se destaca el hecho que son cr\u00e9ditos a tasa 0 y que se otorgan con un plazo de devoluci\u00f3n m\u00e1ximo de cuatro a\u00f1os, dependiendo de la evaluaci\u00f3n de caso en particular, y con un per\u00edodo de gracia de hasta seis meses.<\/p>\n\n\n\n<p>\u201cDesde el Gobierno provincial brindamos asistencia a la Econom\u00eda Social pampeana, y transmitimos la importancia que le dio el gobernador Sergio Ziliotto, al jerarquizar el \u00e1rea. Queremos que se visibilice a aquellos que trabajan en la econom\u00eda social y hemos generado una variedad de herramientas para eso\u201d, dijo el ministro de Desarrollo Social, Diego \u00c1lvarez.<\/p>\n\n\n\n<p>El funcionario destac\u00f3 que con este tipo de acciones se persiguen dos objetivos fundamentales. \u201cEl primero es acelerar los procesos de producci\u00f3n, que puedan tener mayor oportunidad de disfrutar el ocio, el tiempo libre de sus derechos; y por otro lado tambi\u00e9n alivianar el esfuerzo f\u00edsico que ustedes hacen al transformar una materia prima en lo que venden y en lo que producen y creo que ese es el mayor desaf\u00edo que tenemos desde los lugares que nosotros representamos\u201d.<\/p>\n\n\n\n<p>Por su parte, el intendente de Toay, Rodolfo \u00c1lvarez, destac\u00f3 que desde el Gobierno provincial \u201csiempre est\u00e1n ayud\u00e1ndonos para poder poner en pr\u00e1ctica este tipo de aportes y soluciones, que nos van a permitir trabajar aspectos muy importantes de la econom\u00eda\u201d.<\/p>\n\n\n\n<p>\u201cComulgamos perfectamente con las pol\u00edticas p\u00fablicas del Gobierno provincial y las que imparte el gobernador de la provincia de La Pampa, que es atender fundamentalmente las necesidades de toda la comunidad, verificando y apoyando todos esos emprendimientos\u201d, concluy\u00f3.<\/p>\n\n\n\n<p>Participaron del acto las subsecretarias de&nbsp;Econom\u00eda Social, Yolanda Carrizo, y de&nbsp;Pol\u00edticas Sociales, Graciela Salvini, adem\u00e1s de integrantes de las gestiones municipal y provincial.<\/p>\n\n\n\n<p>Con respecto a los certificados, fueron entregados a los participantes de las capacitaciones en \u201cPlantas de Interior y kokedamas\u201d, dictada el 4 de octubre por la T\u00e9cnica en Floricultura Jimena Asquini, y el Taller en \u201cHuerta Familiar\u201d, dictado el 18 de octubre por el ingeniero agr\u00f3nomo Rodrigo Allier.<\/p>\n\n\n\n<p>En total, se trat\u00f3 de 87 asistentes que recibieron sus certificados por haber participado de las capacitaciones. Dichas actividades de capacitaci\u00f3n forman parte de las actividades de fortalecimiento a los sectores de la agricultura familiar realizadas desde el Ministerio de Desarrollo Social en diversas localidades de la Provincia.<\/p>\n","protected":false},"excerpt":{"rendered":"<p>El Gobierno provincial y la Municipalidad de Toay concretaron este martes la entrega de cr\u00e9ditos correspondientes al programa \u201cDesarrollo de la Econom\u00eda Social\u201d y certificados a los participantes de capacitaciones&hellip;<\/p>\n","protected":false},"author":4,"featured_media":206482,"comment_status":"closed","ping_status":"open","sticky":false,"template":"","format":"standard","meta":{"_acf_changed":false,"footnotes":""},"categories":[1,11,12],"tags":[],"class_list":["post-206479","post","type-post","status-publish","format-standard","has-post-thumbnail","hentry","category-es-noticia","category-que-pasa","category-sociedad"],"acf":[],"yoast_head":"<!-- This site is optimized with the Yoast SEO plugin v27.5 - https:\/\/yoast.com\/product\/yoast-seo-wordpress\/ -->\n<title>Entregaron cr\u00e9ditos y certificados de capacitaciones en agricultura familiar en Toay - Diario Textual<\/title>\n<meta name=\"robots\" content=\"index, follow, max-snippet:-1, max-image-preview:large, max-video-preview:-1\" \/>\n<link rel=\"canonical\" href=\"https:\/\/diariotextual.com\/inicio\/index.php\/2022\/11\/09\/entregaron-creditos-y-certificados-de-capacitaciones-en-agricultura-familiar-en-toay\/\" \/>\n<meta property=\"og:locale\" content=\"es_ES\" \/>\n<meta property=\"og:type\" content=\"article\" \/>\n<meta property=\"og:title\" content=\"Entregaron cr\u00e9ditos y certificados de capacitaciones en agricultura familiar en Toay - Diario Textual\" \/>\n<meta property=\"og:description\" content=\"El Gobierno provincial y la Municipalidad de Toay concretaron este martes la entrega de cr\u00e9ditos correspondientes al programa \u201cDesarrollo de la Econom\u00eda Social\u201d y certificados a los participantes de capacitaciones&hellip;\" \/>\n<meta property=\"og:url\" content=\"https:\/\/diariotextual.com\/inicio\/index.php\/2022\/11\/09\/entregaron-creditos-y-certificados-de-capacitaciones-en-agricultura-familiar-en-toay\/\" \/>\n<meta property=\"og:site_name\" content=\"Diario Textual\" \/>\n<meta property=\"article:publisher\" content=\"https:\/\/www.facebook.com\/eltextual\" \/>\n<meta property=\"article:published_time\" content=\"2022-11-09T10:45:17+00:00\" \/>\n<meta property=\"article:modified_time\" content=\"2022-11-09T18:57:16+00:00\" \/>\n<meta property=\"og:image\" content=\"https:\/\/diariotextual.com\/inicio\/wp-content\/uploads\/2022\/11\/toaycreditosemprendedores545454-768x512.jpg\" \/>\n\t<meta property=\"og:image:width\" content=\"768\" \/>\n\t<meta property=\"og:image:height\" content=\"512\" \/>\n\t<meta property=\"og:image:type\" content=\"image\/jpeg\" \/>\n<meta name=\"author\" content=\"diario2\" \/>\n<meta name=\"twitter:card\" content=\"summary_large_image\" \/>\n<meta name=\"twitter:creator\" content=\"@eltextual\" \/>\n<meta name=\"twitter:site\" content=\"@eltextual\" \/>\n<meta name=\"twitter:label1\" content=\"Escrito por\" \/>\n\t<meta name=\"twitter:data1\" content=\"diario2\" \/>\n\t<meta name=\"twitter:label2\" content=\"Tiempo de lectura\" \/>\n\t<meta name=\"twitter:data2\" content=\"3 minutos\" \/>\n<script type=\"application\/ld+json\" class=\"yoast-schema-graph\">{\"@context\":\"https:\\\/\\\/schema.org\",\"@graph\":[{\"@type\":\"Article\",\"@id\":\"https:\\\/\\\/diariotextual.com\\\/inicio\\\/index.php\\\/2022\\\/11\\\/09\\\/entregaron-creditos-y-certificados-de-capacitaciones-en-agricultura-familiar-en-toay\\\/#article\",\"isPartOf\":{\"@id\":\"https:\\\/\\\/diariotextual.com\\\/inicio\\\/index.php\\\/2022\\\/11\\\/09\\\/entregaron-creditos-y-certificados-de-capacitaciones-en-agricultura-familiar-en-toay\\\/\"},\"author\":{\"name\":\"diario2\",\"@id\":\"https:\\\/\\\/diariotextual.com\\\/inicio\\\/#\\\/schema\\\/person\\\/694f60677f23c4a530867a98f22b3768\"},\"headline\":\"Entregaron cr\u00e9ditos y certificados de capacitaciones en agricultura familiar en Toay\",\"datePublished\":\"2022-11-09T10:45:17+00:00\",\"dateModified\":\"2022-11-09T18:57:16+00:00\",\"mainEntityOfPage\":{\"@id\":\"https:\\\/\\\/diariotextual.com\\\/inicio\\\/index.php\\\/2022\\\/11\\\/09\\\/entregaron-creditos-y-certificados-de-capacitaciones-en-agricultura-familiar-en-toay\\\/\"},\"wordCount\":535,\"publisher\":{\"@id\":\"https:\\\/\\\/diariotextual.com\\\/inicio\\\/#organization\"},\"image\":{\"@id\":\"https:\\\/\\\/diariotextual.com\\\/inicio\\\/index.php\\\/2022\\\/11\\\/09\\\/entregaron-creditos-y-certificados-de-capacitaciones-en-agricultura-familiar-en-toay\\\/#primaryimage\"},\"thumbnailUrl\":\"https:\\\/\\\/diariotextual.com\\\/inicio\\\/wp-content\\\/uploads\\\/2022\\\/11\\\/toaycreditosemprendedores545454.jpg\",\"articleSection\":[\"A - ES NOTICIA (van abajo)\",\"A - QUE PASA (al costado)\",\"SOCIEDAD\"],\"inLanguage\":\"es\"},{\"@type\":\"WebPage\",\"@id\":\"https:\\\/\\\/diariotextual.com\\\/inicio\\\/index.php\\\/2022\\\/11\\\/09\\\/entregaron-creditos-y-certificados-de-capacitaciones-en-agricultura-familiar-en-toay\\\/\",\"url\":\"https:\\\/\\\/diariotextual.com\\\/inicio\\\/index.php\\\/2022\\\/11\\\/09\\\/entregaron-creditos-y-certificados-de-capacitaciones-en-agricultura-familiar-en-toay\\\/\",\"name\":\"Entregaron cr\u00e9ditos y certificados de capacitaciones en agricultura familiar en Toay - Diario Textual\",\"isPartOf\":{\"@id\":\"https:\\\/\\\/diariotextual.com\\\/inicio\\\/#website\"},\"primaryImageOfPage\":{\"@id\":\"https:\\\/\\\/diariotextual.com\\\/inicio\\\/index.php\\\/2022\\\/11\\\/09\\\/entregaron-creditos-y-certificados-de-capacitaciones-en-agricultura-familiar-en-toay\\\/#primaryimage\"},\"image\":{\"@id\":\"https:\\\/\\\/diariotextual.com\\\/inicio\\\/index.php\\\/2022\\\/11\\\/09\\\/entregaron-creditos-y-certificados-de-capacitaciones-en-agricultura-familiar-en-toay\\\/#primaryimage\"},\"thumbnailUrl\":\"https:\\\/\\\/diariotextual.com\\\/inicio\\\/wp-content\\\/uploads\\\/2022\\\/11\\\/toaycreditosemprendedores545454.jpg\",\"datePublished\":\"2022-11-09T10:45:17+00:00\",\"dateModified\":\"2022-11-09T18:57:16+00:00\",\"breadcrumb\":{\"@id\":\"https:\\\/\\\/diariotextual.com\\\/inicio\\\/index.php\\\/2022\\\/11\\\/09\\\/entregaron-creditos-y-certificados-de-capacitaciones-en-agricultura-familiar-en-toay\\\/#breadcrumb\"},\"inLanguage\":\"es\",\"potentialAction\":[{\"@type\":\"ReadAction\",\"target\":[\"https:\\\/\\\/diariotextual.com\\\/inicio\\\/index.php\\\/2022\\\/11\\\/09\\\/entregaron-creditos-y-certificados-de-capacitaciones-en-agricultura-familiar-en-toay\\\/\"]}]},{\"@type\":\"ImageObject\",\"inLanguage\":\"es\",\"@id\":\"https:\\\/\\\/diariotextual.com\\\/inicio\\\/index.php\\\/2022\\\/11\\\/09\\\/entregaron-creditos-y-certificados-de-capacitaciones-en-agricultura-familiar-en-toay\\\/#primaryimage\",\"url\":\"https:\\\/\\\/diariotextual.com\\\/inicio\\\/wp-content\\\/uploads\\\/2022\\\/11\\\/toaycreditosemprendedores545454.jpg\",\"contentUrl\":\"https:\\\/\\\/diariotextual.com\\\/inicio\\\/wp-content\\\/uploads\\\/2022\\\/11\\\/toaycreditosemprendedores545454.jpg\",\"width\":1000,\"height\":667},{\"@type\":\"BreadcrumbList\",\"@id\":\"https:\\\/\\\/diariotextual.com\\\/inicio\\\/index.php\\\/2022\\\/11\\\/09\\\/entregaron-creditos-y-certificados-de-capacitaciones-en-agricultura-familiar-en-toay\\\/#breadcrumb\",\"itemListElement\":[{\"@type\":\"ListItem\",\"position\":1,\"name\":\"Portada\",\"item\":\"https:\\\/\\\/diariotextual.com\\\/inicio\\\/\"},{\"@type\":\"ListItem\",\"position\":2,\"name\":\"Entregaron cr\u00e9ditos y certificados de capacitaciones en agricultura familiar en Toay\"}]},{\"@type\":\"WebSite\",\"@id\":\"https:\\\/\\\/diariotextual.com\\\/inicio\\\/#website\",\"url\":\"https:\\\/\\\/diariotextual.com\\\/inicio\\\/\",\"name\":\"Diario Textual\",\"description\":\"\",\"publisher\":{\"@id\":\"https:\\\/\\\/diariotextual.com\\\/inicio\\\/#organization\"},\"potentialAction\":[{\"@type\":\"SearchAction\",\"target\":{\"@type\":\"EntryPoint\",\"urlTemplate\":\"https:\\\/\\\/diariotextual.com\\\/inicio\\\/?s={search_term_string}\"},\"query-input\":{\"@type\":\"PropertyValueSpecification\",\"valueRequired\":true,\"valueName\":\"search_term_string\"}}],\"inLanguage\":\"es\"},{\"@type\":\"Organization\",\"@id\":\"https:\\\/\\\/diariotextual.com\\\/inicio\\\/#organization\",\"name\":\"Diario Textual\",\"url\":\"https:\\\/\\\/diariotextual.com\\\/inicio\\\/\",\"logo\":{\"@type\":\"ImageObject\",\"inLanguage\":\"es\",\"@id\":\"https:\\\/\\\/diariotextual.com\\\/inicio\\\/#\\\/schema\\\/logo\\\/image\\\/\",\"url\":\"https:\\\/\\\/diariotextual.com\\\/inicio\\\/wp-content\\\/uploads\\\/2023\\\/05\\\/logotextual1.jpg\",\"contentUrl\":\"https:\\\/\\\/diariotextual.com\\\/inicio\\\/wp-content\\\/uploads\\\/2023\\\/05\\\/logotextual1.jpg\",\"width\":516,\"height\":76,\"caption\":\"Diario Textual\"},\"image\":{\"@id\":\"https:\\\/\\\/diariotextual.com\\\/inicio\\\/#\\\/schema\\\/logo\\\/image\\\/\"},\"sameAs\":[\"https:\\\/\\\/www.facebook.com\\\/eltextual\",\"https:\\\/\\\/x.com\\\/eltextual\",\"http:\\\/\\\/www.instagram.com\\\/eltextual\"]},{\"@type\":\"Person\",\"@id\":\"https:\\\/\\\/diariotextual.com\\\/inicio\\\/#\\\/schema\\\/person\\\/694f60677f23c4a530867a98f22b3768\",\"name\":\"diario2\",\"image\":{\"@type\":\"ImageObject\",\"inLanguage\":\"es\",\"@id\":\"https:\\\/\\\/secure.gravatar.com\\\/avatar\\\/5a2567495ba16b852fcd8f1ed006a2e24fcace936018ed8237e95f488ad6e0a7?s=96&d=mm&r=g\",\"url\":\"https:\\\/\\\/secure.gravatar.com\\\/avatar\\\/5a2567495ba16b852fcd8f1ed006a2e24fcace936018ed8237e95f488ad6e0a7?s=96&d=mm&r=g\",\"contentUrl\":\"https:\\\/\\\/secure.gravatar.com\\\/avatar\\\/5a2567495ba16b852fcd8f1ed006a2e24fcace936018ed8237e95f488ad6e0a7?s=96&d=mm&r=g\",\"caption\":\"diario2\"},\"url\":\"https:\\\/\\\/diariotextual.com\\\/inicio\\\/index.php\\\/author\\\/diario2\\\/\"}]}<\/script>\n<!-- \/ Yoast SEO plugin. -->","yoast_head_json":{"title":"Entregaron cr\u00e9ditos y certificados de capacitaciones en agricultura familiar en Toay - Diario Textual","robots":{"index":"index","follow":"follow","max-snippet":"max-snippet:-1","max-image-preview":"max-image-preview:large","max-video-preview":"max-video-preview:-1"},"canonical":"https:\/\/diariotextual.com\/inicio\/index.php\/2022\/11\/09\/entregaron-creditos-y-certificados-de-capacitaciones-en-agricultura-familiar-en-toay\/","og_locale":"es_ES","og_type":"article","og_title":"Entregaron cr\u00e9ditos y certificados de capacitaciones en agricultura familiar en Toay - Diario Textual","og_description":"El Gobierno provincial y la Municipalidad de Toay concretaron este martes la entrega de cr\u00e9ditos correspondientes al programa \u201cDesarrollo de la Econom\u00eda Social\u201d y certificados a los participantes de capacitaciones&hellip;","og_url":"https:\/\/diariotextual.com\/inicio\/index.php\/2022\/11\/09\/entregaron-creditos-y-certificados-de-capacitaciones-en-agricultura-familiar-en-toay\/","og_site_name":"Diario Textual","article_publisher":"https:\/\/www.facebook.com\/eltextual","article_published_time":"2022-11-09T10:45:17+00:00","article_modified_time":"2022-11-09T18:57:16+00:00","og_image":[{"width":768,"height":512,"url":"https:\/\/diariotextual.com\/inicio\/wp-content\/uploads\/2022\/11\/toaycreditosemprendedores545454-768x512.jpg","type":"image\/jpeg"}],"author":"diario2","twitter_card":"summary_large_image","twitter_creator":"@eltextual","twitter_site":"@eltextual","twitter_misc":{"Escrito por":"diario2","Tiempo de lectura":"3 minutos"},"schema":{"@context":"https:\/\/schema.org","@graph":[{"@type":"Article","@id":"https:\/\/diariotextual.com\/inicio\/index.php\/2022\/11\/09\/entregaron-creditos-y-certificados-de-capacitaciones-en-agricultura-familiar-en-toay\/#article","isPartOf":{"@id":"https:\/\/diariotextual.com\/inicio\/index.php\/2022\/11\/09\/entregaron-creditos-y-certificados-de-capacitaciones-en-agricultura-familiar-en-toay\/"},"author":{"name":"diario2","@id":"https:\/\/diariotextual.com\/inicio\/#\/schema\/person\/694f60677f23c4a530867a98f22b3768"},"headline":"Entregaron cr\u00e9ditos y certificados de capacitaciones en agricultura familiar en Toay","datePublished":"2022-11-09T10:45:17+00:00","dateModified":"2022-11-09T18:57:16+00:00","mainEntityOfPage":{"@id":"https:\/\/diariotextual.com\/inicio\/index.php\/2022\/11\/09\/entregaron-creditos-y-certificados-de-capacitaciones-en-agricultura-familiar-en-toay\/"},"wordCount":535,"publisher":{"@id":"https:\/\/diariotextual.com\/inicio\/#organization"},"image":{"@id":"https:\/\/diariotextual.com\/inicio\/index.php\/2022\/11\/09\/entregaron-creditos-y-certificados-de-capacitaciones-en-agricultura-familiar-en-toay\/#primaryimage"},"thumbnailUrl":"https:\/\/diariotextual.com\/inicio\/wp-content\/uploads\/2022\/11\/toaycreditosemprendedores545454.jpg","articleSection":["A - ES NOTICIA (van abajo)","A - QUE PASA (al costado)","SOCIEDAD"],"inLanguage":"es"},{"@type":"WebPage","@id":"https:\/\/diariotextual.com\/inicio\/index.php\/2022\/11\/09\/entregaron-creditos-y-certificados-de-capacitaciones-en-agricultura-familiar-en-toay\/","url":"https:\/\/diariotextual.com\/inicio\/index.php\/2022\/11\/09\/entregaron-creditos-y-certificados-de-capacitaciones-en-agricultura-familiar-en-toay\/","name":"Entregaron cr\u00e9ditos y certificados de capacitaciones en agricultura familiar en Toay - Diario Textual","isPartOf":{"@id":"https:\/\/diariotextual.com\/inicio\/#website"},"primaryImageOfPage":{"@id":"https:\/\/diariotextual.com\/inicio\/index.php\/2022\/11\/09\/entregaron-creditos-y-certificados-de-capacitaciones-en-agricultura-familiar-en-toay\/#primaryimage"},"image":{"@id":"https:\/\/diariotextual.com\/inicio\/index.php\/2022\/11\/09\/entregaron-creditos-y-certificados-de-capacitaciones-en-agricultura-familiar-en-toay\/#primaryimage"},"thumbnailUrl":"https:\/\/diariotextual.com\/inicio\/wp-content\/uploads\/2022\/11\/toaycreditosemprendedores545454.jpg","datePublished":"2022-11-09T10:45:17+00:00","dateModified":"2022-11-09T18:57:16+00:00","breadcrumb":{"@id":"https:\/\/diariotextual.com\/inicio\/index.php\/2022\/11\/09\/entregaron-creditos-y-certificados-de-capacitaciones-en-agricultura-familiar-en-toay\/#breadcrumb"},"inLanguage":"es","potentialAction":[{"@type":"ReadAction","target":["https:\/\/diariotextual.com\/inicio\/index.php\/2022\/11\/09\/entregaron-creditos-y-certificados-de-capacitaciones-en-agricultura-familiar-en-toay\/"]}]},{"@type":"ImageObject","inLanguage":"es","@id":"https:\/\/diariotextual.com\/inicio\/index.php\/2022\/11\/09\/entregaron-creditos-y-certificados-de-capacitaciones-en-agricultura-familiar-en-toay\/#primaryimage","url":"https:\/\/diariotextual.com\/inicio\/wp-content\/uploads\/2022\/11\/toaycreditosemprendedores545454.jpg","contentUrl":"https:\/\/diariotextual.com\/inicio\/wp-content\/uploads\/2022\/11\/toaycreditosemprendedores545454.jpg","width":1000,"height":667},{"@type":"BreadcrumbList","@id":"https:\/\/diariotextual.com\/inicio\/index.php\/2022\/11\/09\/entregaron-creditos-y-certificados-de-capacitaciones-en-agricultura-familiar-en-toay\/#breadcrumb","itemListElement":[{"@type":"ListItem","position":1,"name":"Portada","item":"https:\/\/diariotextual.com\/inicio\/"},{"@type":"ListItem","position":2,"name":"Entregaron cr\u00e9ditos y certificados de capacitaciones en agricultura familiar en Toay"}]},{"@type":"WebSite","@id":"https:\/\/diariotextual.com\/inicio\/#website","url":"https:\/\/diariotextual.com\/inicio\/","name":"Diario Textual","description":"","publisher":{"@id":"https:\/\/diariotextual.com\/inicio\/#organization"},"potentialAction":[{"@type":"SearchAction","target":{"@type":"EntryPoint","urlTemplate":"https:\/\/diariotextual.com\/inicio\/?s={search_term_string}"},"query-input":{"@type":"PropertyValueSpecification","valueRequired":true,"valueName":"search_term_string"}}],"inLanguage":"es"},{"@type":"Organization","@id":"https:\/\/diariotextual.com\/inicio\/#organization","name":"Diario Textual","url":"https:\/\/diariotextual.com\/inicio\/","logo":{"@type":"ImageObject","inLanguage":"es","@id":"https:\/\/diariotextual.com\/inicio\/#\/schema\/logo\/image\/","url":"https:\/\/diariotextual.com\/inicio\/wp-content\/uploads\/2023\/05\/logotextual1.jpg","contentUrl":"https:\/\/diariotextual.com\/inicio\/wp-content\/uploads\/2023\/05\/logotextual1.jpg","width":516,"height":76,"caption":"Diario Textual"},"image":{"@id":"https:\/\/diariotextual.com\/inicio\/#\/schema\/logo\/image\/"},"sameAs":["https:\/\/www.facebook.com\/eltextual","https:\/\/x.com\/eltextual","http:\/\/www.instagram.com\/eltextual"]},{"@type":"Person","@id":"https:\/\/diariotextual.com\/inicio\/#\/schema\/person\/694f60677f23c4a530867a98f22b3768","name":"diario2","image":{"@type":"ImageObject","inLanguage":"es","@id":"https:\/\/secure.gravatar.com\/avatar\/5a2567495ba16b852fcd8f1ed006a2e24fcace936018ed8237e95f488ad6e0a7?s=96&d=mm&r=g","url":"https:\/\/secure.gravatar.com\/avatar\/5a2567495ba16b852fcd8f1ed006a2e24fcace936018ed8237e95f488ad6e0a7?s=96&d=mm&r=g","contentUrl":"https:\/\/secure.gravatar.com\/avatar\/5a2567495ba16b852fcd8f1ed006a2e24fcace936018ed8237e95f488ad6e0a7?s=96&d=mm&r=g","caption":"diario2"},"url":"https:\/\/diariotextual.com\/inicio\/index.php\/author\/diario2\/"}]}},"_links":{"self":[{"href":"https:\/\/diariotextual.com\/inicio\/index.php\/wp-json\/wp\/v2\/posts\/206479","targetHints":{"allow":["GET"]}}],"collection":[{"href":"https:\/\/diariotextual.com\/inicio\/index.php\/wp-json\/wp\/v2\/posts"}],"about":[{"href":"https:\/\/diariotextual.com\/inicio\/index.php\/wp-json\/wp\/v2\/types\/post"}],"author":[{"embeddable":true,"href":"https:\/\/diariotextual.com\/inicio\/index.php\/wp-json\/wp\/v2\/users\/4"}],"replies":[{"embeddable":true,"href":"https:\/\/diariotextual.com\/inicio\/index.php\/wp-json\/wp\/v2\/comments?post=206479"}],"version-history":[{"count":1,"href":"https:\/\/diariotextual.com\/inicio\/index.php\/wp-json\/wp\/v2\/posts\/206479\/revisions"}],"predecessor-version":[{"id":206481,"href":"https:\/\/diariotextual.com\/inicio\/index.php\/wp-json\/wp\/v2\/posts\/206479\/revisions\/206481"}],"wp:featuredmedia":[{"embeddable":true,"href":"https:\/\/diariotextual.com\/inicio\/index.php\/wp-json\/wp\/v2\/media\/206482"}],"wp:attachment":[{"href":"https:\/\/diariotextual.com\/inicio\/index.php\/wp-json\/wp\/v2\/media?parent=206479"}],"wp:term":[{"taxonomy":"category","embeddable":true,"href":"https:\/\/diariotextual.com\/inicio\/index.php\/wp-json\/wp\/v2\/categories?post=206479"},{"taxonomy":"post_tag","embeddable":true,"href":"https:\/\/diariotextual.com\/inicio\/index.php\/wp-json\/wp\/v2\/tags?post=206479"}],"curies":[{"name":"wp","href":"https:\/\/api.w.org\/{rel}","templated":true}]}}