{"id":206525,"date":"2022-11-09T13:18:08","date_gmt":"2022-11-09T16:18:08","guid":{"rendered":"https:\/\/diariotextual.com\/inicio\/?p=206525"},"modified":"2022-11-09T19:58:32","modified_gmt":"2022-11-09T22:58:32","slug":"murio-gal-costa-una-de-las-voces-mas-emblematicas-de-la-musica-brasilena","status":"publish","type":"post","link":"https:\/\/diariotextual.com\/inicio\/index.php\/2022\/11\/09\/murio-gal-costa-una-de-las-voces-mas-emblematicas-de-la-musica-brasilena\/","title":{"rendered":"Muri\u00f3 Gal Costa, una de las voces m\u00e1s emblem\u00e1ticas de la m\u00fasica brasile\u00f1a"},"content":{"rendered":"\n<p>La m\u00fasica de Brasil est\u00e1 de luto tras confirmarse la muerte de\u00a0<strong>Gal Costa, una de las voces m\u00e1s representativas de la m\u00fasica carioca.<\/strong>\u00a0La noticia fue confirmada a la red O Globo por su representante y todav\u00eda se desconocen las causas de su fallecimiento.<\/p>\n\n\n\n<p>La artista ten\u00eda 77 a\u00f1os y acarreaba algunos problemas de salud, a tal punto que meses atr\u00e1s tuvo que suspender conciertos y se someti\u00f3 cirug\u00eda para retirar un n\u00f3dulo en la fosa nasal derecha.<\/p>\n\n\n\n<p>Nacida el 26 de septiembre de 1945 como&nbsp;Maria da Gra\u00e7a Costa Penna Burgos, hizo su debut profesional&nbsp;el 22 de agosto de 1964 en la inauguraci\u00f3n del Teatro Vila Velha en Salvador de Bah\u00eda, su ciudad natal, junto a&nbsp;Caetano Veloso, Gilberto Gil, Maria Beth\u00e2nia y Tom Z\u00e9, entre otros, con los que ese mismo a\u00f1o particip\u00f3 en \u201cla Bossa Nova Velha, Velha Bossa Nova\u201d.<\/p>\n\n\n\n<p>Junto a Caetano en 1967 lanz\u00f3 su primer \u00e1lbum de estudio,&nbsp;Domingo,&nbsp;que tuvo como principal hit&nbsp;Cora\u00e7\u00e3o vagabundo. Mientras que dos a\u00f1os m\u00e1s tarde se lanz\u00f3 como solista con un disco hom\u00f3nimo conformado por canciones populares como&nbsp;N\u00e3o Identificado&nbsp;y&nbsp;Que Pena; y&nbsp;Gal, tambi\u00e9n publicado en 1969, con&nbsp;Meu nome \u00e9 Gal&nbsp;y&nbsp;Cinema Olympia.<\/p>\n\n\n\n<p>Con su voz dulce y aguda se convirti\u00f3 en un \u00edcono de la m\u00fasica rom\u00e1ntica de su tierra, pero tambi\u00e9n demostr\u00f3 tener versatilidad para interpretar desde&nbsp;samba hasta bai\u00e3o, adem\u00e1s de integrar el movimiento tropicalista.&nbsp;En cinco d\u00e9cadas de trayectoria, en la que se tuvo que enfrentar a la dictadura militar brasile\u00f1a, Gal se destacan canciones como Baby, Vapor Barato y Meu Nome \u00e9 Gal, que forman parte del cancionero popular de Brasil y de Am\u00e9rica Latina.<\/p>\n\n\n\n<p><strong>\u201cMe gusta vivir, trabajar, tengo ganas. Esa es mi manera. No creo que tenga la edad que tengo. Mi edad espiritual es diferente\u201d,<\/strong> declar\u00f3 tiempo atr\u00e1s en una entrevista en la que revel\u00f3 que le tem\u00eda a la muerte, no por ella, sino por su hijo Gabriel, a quien adopt\u00f3 en 2007 y actualmente tiene 22 a\u00f1os.\u00a0<\/p>\n\n\n\n<p><strong>Horas antes de su muerte, la artista comparti\u00f3 a trav\u00e9s de su cuenta de Twitter un video de una presentaci\u00f3n junto a Caetano que data de 1986. \u201cMi amor, usted me da suerte\u201d, <\/strong>escribi\u00f3. Y su colega e \u00edntimo amigo le respondi\u00f3 con un emoji de coraz\u00f3n.<\/p>\n\n\n\n<p>Por su parte, <strong>Gilberto Gil<\/strong> fue uno de los primeros en reaccionar p\u00fablicamente al fallecimiento de Costa.\u00a0\u201cMuy triste e impactado por la muerte de mi hermano Ga\u00facha\u00bb, manifest\u00f3 en las redes.\u00a0\u00abLa muerte de Gal Costa es un shock para todos nosotros. Brasil pierde hoy a uno de los m\u00e1s grandes cantantes de nuestra historia\u201d, fue el mensaje que dej\u00f3 la expresidenta\u00a0Dilma Rouselff en Twitter.<\/p>\n\n\n\n<p>En tanto\u00a0<strong>Luiz In\u00e1cio Lula da Silva<\/strong>, presidente electo de Brasil escribi\u00f3:\u00a0\u201cGal Costa fue una de las m\u00e1s grandes cantantes del mundo, una de nuestras principales artistas para llevar el nombre y los sonidos de Brasil a todo el planeta. Su talento, t\u00e9cnica y audacia enriquecieron y renovaron nuestra cultura, formaron y marcaron la vida de millones de brasile\u00f1os\u201d.<\/p>\n","protected":false},"excerpt":{"rendered":"<p>La m\u00fasica de Brasil est\u00e1 de luto tras confirmarse la muerte de\u00a0Gal Costa, una de las voces m\u00e1s representativas de la m\u00fasica carioca.\u00a0La noticia fue confirmada a la red O&hellip;<\/p>\n","protected":false},"author":4,"featured_media":206527,"comment_status":"closed","ping_status":"open","sticky":false,"template":"","format":"standard","meta":{"_acf_changed":false,"footnotes":""},"categories":[1,2],"tags":[],"class_list":["post-206525","post","type-post","status-publish","format-standard","has-post-thumbnail","hentry","category-es-noticia","category-cultura"],"acf":[],"yoast_head":"<!-- This site is optimized with the Yoast SEO plugin v27.5 - https:\/\/yoast.com\/product\/yoast-seo-wordpress\/ -->\n<title>Muri\u00f3 Gal Costa, una de las voces m\u00e1s emblem\u00e1ticas de la m\u00fasica brasile\u00f1a - Diario Textual<\/title>\n<meta name=\"robots\" content=\"index, follow, max-snippet:-1, max-image-preview:large, max-video-preview:-1\" \/>\n<link rel=\"canonical\" href=\"https:\/\/diariotextual.com\/inicio\/index.php\/2022\/11\/09\/murio-gal-costa-una-de-las-voces-mas-emblematicas-de-la-musica-brasilena\/\" \/>\n<meta property=\"og:locale\" content=\"es_ES\" \/>\n<meta property=\"og:type\" content=\"article\" \/>\n<meta property=\"og:title\" content=\"Muri\u00f3 Gal Costa, una de las voces m\u00e1s emblem\u00e1ticas de la m\u00fasica brasile\u00f1a - Diario Textual\" \/>\n<meta property=\"og:description\" content=\"La m\u00fasica de Brasil est\u00e1 de luto tras confirmarse la muerte de\u00a0Gal Costa, una de las voces m\u00e1s representativas de la m\u00fasica carioca.\u00a0La noticia fue confirmada a la red O&hellip;\" \/>\n<meta property=\"og:url\" content=\"https:\/\/diariotextual.com\/inicio\/index.php\/2022\/11\/09\/murio-gal-costa-una-de-las-voces-mas-emblematicas-de-la-musica-brasilena\/\" \/>\n<meta property=\"og:site_name\" content=\"Diario Textual\" \/>\n<meta property=\"article:publisher\" content=\"https:\/\/www.facebook.com\/eltextual\" \/>\n<meta property=\"article:published_time\" content=\"2022-11-09T16:18:08+00:00\" \/>\n<meta property=\"article:modified_time\" content=\"2022-11-09T22:58:32+00:00\" \/>\n<meta property=\"og:image\" content=\"https:\/\/diariotextual.com\/inicio\/wp-content\/uploads\/2022\/11\/galcosta564365465.jpeg\" \/>\n\t<meta property=\"og:image:width\" content=\"980\" \/>\n\t<meta property=\"og:image:height\" content=\"653\" \/>\n\t<meta property=\"og:image:type\" content=\"image\/jpeg\" \/>\n<meta name=\"author\" content=\"diario2\" \/>\n<meta name=\"twitter:card\" content=\"summary_large_image\" \/>\n<meta name=\"twitter:creator\" content=\"@eltextual\" \/>\n<meta name=\"twitter:site\" content=\"@eltextual\" \/>\n<meta name=\"twitter:label1\" content=\"Escrito por\" \/>\n\t<meta name=\"twitter:data1\" content=\"diario2\" \/>\n\t<meta name=\"twitter:label2\" content=\"Tiempo de lectura\" \/>\n\t<meta name=\"twitter:data2\" content=\"3 minutos\" \/>\n<script type=\"application\/ld+json\" class=\"yoast-schema-graph\">{\"@context\":\"https:\\\/\\\/schema.org\",\"@graph\":[{\"@type\":\"Article\",\"@id\":\"https:\\\/\\\/diariotextual.com\\\/inicio\\\/index.php\\\/2022\\\/11\\\/09\\\/murio-gal-costa-una-de-las-voces-mas-emblematicas-de-la-musica-brasilena\\\/#article\",\"isPartOf\":{\"@id\":\"https:\\\/\\\/diariotextual.com\\\/inicio\\\/index.php\\\/2022\\\/11\\\/09\\\/murio-gal-costa-una-de-las-voces-mas-emblematicas-de-la-musica-brasilena\\\/\"},\"author\":{\"name\":\"diario2\",\"@id\":\"https:\\\/\\\/diariotextual.com\\\/inicio\\\/#\\\/schema\\\/person\\\/694f60677f23c4a530867a98f22b3768\"},\"headline\":\"Muri\u00f3 Gal Costa, una de las voces m\u00e1s emblem\u00e1ticas de la m\u00fasica brasile\u00f1a\",\"datePublished\":\"2022-11-09T16:18:08+00:00\",\"dateModified\":\"2022-11-09T22:58:32+00:00\",\"mainEntityOfPage\":{\"@id\":\"https:\\\/\\\/diariotextual.com\\\/inicio\\\/index.php\\\/2022\\\/11\\\/09\\\/murio-gal-costa-una-de-las-voces-mas-emblematicas-de-la-musica-brasilena\\\/\"},\"wordCount\":571,\"publisher\":{\"@id\":\"https:\\\/\\\/diariotextual.com\\\/inicio\\\/#organization\"},\"image\":{\"@id\":\"https:\\\/\\\/diariotextual.com\\\/inicio\\\/index.php\\\/2022\\\/11\\\/09\\\/murio-gal-costa-una-de-las-voces-mas-emblematicas-de-la-musica-brasilena\\\/#primaryimage\"},\"thumbnailUrl\":\"https:\\\/\\\/diariotextual.com\\\/inicio\\\/wp-content\\\/uploads\\\/2022\\\/11\\\/galcosta564365465.jpeg\",\"articleSection\":[\"A - ES NOTICIA (van abajo)\",\"CULTURA\"],\"inLanguage\":\"es\"},{\"@type\":\"WebPage\",\"@id\":\"https:\\\/\\\/diariotextual.com\\\/inicio\\\/index.php\\\/2022\\\/11\\\/09\\\/murio-gal-costa-una-de-las-voces-mas-emblematicas-de-la-musica-brasilena\\\/\",\"url\":\"https:\\\/\\\/diariotextual.com\\\/inicio\\\/index.php\\\/2022\\\/11\\\/09\\\/murio-gal-costa-una-de-las-voces-mas-emblematicas-de-la-musica-brasilena\\\/\",\"name\":\"Muri\u00f3 Gal Costa, una de las voces m\u00e1s emblem\u00e1ticas de la m\u00fasica brasile\u00f1a - Diario Textual\",\"isPartOf\":{\"@id\":\"https:\\\/\\\/diariotextual.com\\\/inicio\\\/#website\"},\"primaryImageOfPage\":{\"@id\":\"https:\\\/\\\/diariotextual.com\\\/inicio\\\/index.php\\\/2022\\\/11\\\/09\\\/murio-gal-costa-una-de-las-voces-mas-emblematicas-de-la-musica-brasilena\\\/#primaryimage\"},\"image\":{\"@id\":\"https:\\\/\\\/diariotextual.com\\\/inicio\\\/index.php\\\/2022\\\/11\\\/09\\\/murio-gal-costa-una-de-las-voces-mas-emblematicas-de-la-musica-brasilena\\\/#primaryimage\"},\"thumbnailUrl\":\"https:\\\/\\\/diariotextual.com\\\/inicio\\\/wp-content\\\/uploads\\\/2022\\\/11\\\/galcosta564365465.jpeg\",\"datePublished\":\"2022-11-09T16:18:08+00:00\",\"dateModified\":\"2022-11-09T22:58:32+00:00\",\"breadcrumb\":{\"@id\":\"https:\\\/\\\/diariotextual.com\\\/inicio\\\/index.php\\\/2022\\\/11\\\/09\\\/murio-gal-costa-una-de-las-voces-mas-emblematicas-de-la-musica-brasilena\\\/#breadcrumb\"},\"inLanguage\":\"es\",\"potentialAction\":[{\"@type\":\"ReadAction\",\"target\":[\"https:\\\/\\\/diariotextual.com\\\/inicio\\\/index.php\\\/2022\\\/11\\\/09\\\/murio-gal-costa-una-de-las-voces-mas-emblematicas-de-la-musica-brasilena\\\/\"]}]},{\"@type\":\"ImageObject\",\"inLanguage\":\"es\",\"@id\":\"https:\\\/\\\/diariotextual.com\\\/inicio\\\/index.php\\\/2022\\\/11\\\/09\\\/murio-gal-costa-una-de-las-voces-mas-emblematicas-de-la-musica-brasilena\\\/#primaryimage\",\"url\":\"https:\\\/\\\/diariotextual.com\\\/inicio\\\/wp-content\\\/uploads\\\/2022\\\/11\\\/galcosta564365465.jpeg\",\"contentUrl\":\"https:\\\/\\\/diariotextual.com\\\/inicio\\\/wp-content\\\/uploads\\\/2022\\\/11\\\/galcosta564365465.jpeg\",\"width\":980,\"height\":653},{\"@type\":\"BreadcrumbList\",\"@id\":\"https:\\\/\\\/diariotextual.com\\\/inicio\\\/index.php\\\/2022\\\/11\\\/09\\\/murio-gal-costa-una-de-las-voces-mas-emblematicas-de-la-musica-brasilena\\\/#breadcrumb\",\"itemListElement\":[{\"@type\":\"ListItem\",\"position\":1,\"name\":\"Portada\",\"item\":\"https:\\\/\\\/diariotextual.com\\\/inicio\\\/\"},{\"@type\":\"ListItem\",\"position\":2,\"name\":\"Muri\u00f3 Gal Costa, una de las voces m\u00e1s emblem\u00e1ticas de la m\u00fasica brasile\u00f1a\"}]},{\"@type\":\"WebSite\",\"@id\":\"https:\\\/\\\/diariotextual.com\\\/inicio\\\/#website\",\"url\":\"https:\\\/\\\/diariotextual.com\\\/inicio\\\/\",\"name\":\"Diario Textual\",\"description\":\"\",\"publisher\":{\"@id\":\"https:\\\/\\\/diariotextual.com\\\/inicio\\\/#organization\"},\"potentialAction\":[{\"@type\":\"SearchAction\",\"target\":{\"@type\":\"EntryPoint\",\"urlTemplate\":\"https:\\\/\\\/diariotextual.com\\\/inicio\\\/?s={search_term_string}\"},\"query-input\":{\"@type\":\"PropertyValueSpecification\",\"valueRequired\":true,\"valueName\":\"search_term_string\"}}],\"inLanguage\":\"es\"},{\"@type\":\"Organization\",\"@id\":\"https:\\\/\\\/diariotextual.com\\\/inicio\\\/#organization\",\"name\":\"Diario Textual\",\"url\":\"https:\\\/\\\/diariotextual.com\\\/inicio\\\/\",\"logo\":{\"@type\":\"ImageObject\",\"inLanguage\":\"es\",\"@id\":\"https:\\\/\\\/diariotextual.com\\\/inicio\\\/#\\\/schema\\\/logo\\\/image\\\/\",\"url\":\"https:\\\/\\\/diariotextual.com\\\/inicio\\\/wp-content\\\/uploads\\\/2023\\\/05\\\/logotextual1.jpg\",\"contentUrl\":\"https:\\\/\\\/diariotextual.com\\\/inicio\\\/wp-content\\\/uploads\\\/2023\\\/05\\\/logotextual1.jpg\",\"width\":516,\"height\":76,\"caption\":\"Diario Textual\"},\"image\":{\"@id\":\"https:\\\/\\\/diariotextual.com\\\/inicio\\\/#\\\/schema\\\/logo\\\/image\\\/\"},\"sameAs\":[\"https:\\\/\\\/www.facebook.com\\\/eltextual\",\"https:\\\/\\\/x.com\\\/eltextual\",\"http:\\\/\\\/www.instagram.com\\\/eltextual\"]},{\"@type\":\"Person\",\"@id\":\"https:\\\/\\\/diariotextual.com\\\/inicio\\\/#\\\/schema\\\/person\\\/694f60677f23c4a530867a98f22b3768\",\"name\":\"diario2\",\"image\":{\"@type\":\"ImageObject\",\"inLanguage\":\"es\",\"@id\":\"https:\\\/\\\/secure.gravatar.com\\\/avatar\\\/5a2567495ba16b852fcd8f1ed006a2e24fcace936018ed8237e95f488ad6e0a7?s=96&d=mm&r=g\",\"url\":\"https:\\\/\\\/secure.gravatar.com\\\/avatar\\\/5a2567495ba16b852fcd8f1ed006a2e24fcace936018ed8237e95f488ad6e0a7?s=96&d=mm&r=g\",\"contentUrl\":\"https:\\\/\\\/secure.gravatar.com\\\/avatar\\\/5a2567495ba16b852fcd8f1ed006a2e24fcace936018ed8237e95f488ad6e0a7?s=96&d=mm&r=g\",\"caption\":\"diario2\"},\"url\":\"https:\\\/\\\/diariotextual.com\\\/inicio\\\/index.php\\\/author\\\/diario2\\\/\"}]}<\/script>\n<!-- \/ Yoast SEO plugin. -->","yoast_head_json":{"title":"Muri\u00f3 Gal Costa, una de las voces m\u00e1s emblem\u00e1ticas de la m\u00fasica brasile\u00f1a - Diario Textual","robots":{"index":"index","follow":"follow","max-snippet":"max-snippet:-1","max-image-preview":"max-image-preview:large","max-video-preview":"max-video-preview:-1"},"canonical":"https:\/\/diariotextual.com\/inicio\/index.php\/2022\/11\/09\/murio-gal-costa-una-de-las-voces-mas-emblematicas-de-la-musica-brasilena\/","og_locale":"es_ES","og_type":"article","og_title":"Muri\u00f3 Gal Costa, una de las voces m\u00e1s emblem\u00e1ticas de la m\u00fasica brasile\u00f1a - Diario Textual","og_description":"La m\u00fasica de Brasil est\u00e1 de luto tras confirmarse la muerte de\u00a0Gal Costa, una de las voces m\u00e1s representativas de la m\u00fasica carioca.\u00a0La noticia fue confirmada a la red O&hellip;","og_url":"https:\/\/diariotextual.com\/inicio\/index.php\/2022\/11\/09\/murio-gal-costa-una-de-las-voces-mas-emblematicas-de-la-musica-brasilena\/","og_site_name":"Diario Textual","article_publisher":"https:\/\/www.facebook.com\/eltextual","article_published_time":"2022-11-09T16:18:08+00:00","article_modified_time":"2022-11-09T22:58:32+00:00","og_image":[{"width":980,"height":653,"url":"https:\/\/diariotextual.com\/inicio\/wp-content\/uploads\/2022\/11\/galcosta564365465.jpeg","type":"image\/jpeg"}],"author":"diario2","twitter_card":"summary_large_image","twitter_creator":"@eltextual","twitter_site":"@eltextual","twitter_misc":{"Escrito por":"diario2","Tiempo de lectura":"3 minutos"},"schema":{"@context":"https:\/\/schema.org","@graph":[{"@type":"Article","@id":"https:\/\/diariotextual.com\/inicio\/index.php\/2022\/11\/09\/murio-gal-costa-una-de-las-voces-mas-emblematicas-de-la-musica-brasilena\/#article","isPartOf":{"@id":"https:\/\/diariotextual.com\/inicio\/index.php\/2022\/11\/09\/murio-gal-costa-una-de-las-voces-mas-emblematicas-de-la-musica-brasilena\/"},"author":{"name":"diario2","@id":"https:\/\/diariotextual.com\/inicio\/#\/schema\/person\/694f60677f23c4a530867a98f22b3768"},"headline":"Muri\u00f3 Gal Costa, una de las voces m\u00e1s emblem\u00e1ticas de la m\u00fasica brasile\u00f1a","datePublished":"2022-11-09T16:18:08+00:00","dateModified":"2022-11-09T22:58:32+00:00","mainEntityOfPage":{"@id":"https:\/\/diariotextual.com\/inicio\/index.php\/2022\/11\/09\/murio-gal-costa-una-de-las-voces-mas-emblematicas-de-la-musica-brasilena\/"},"wordCount":571,"publisher":{"@id":"https:\/\/diariotextual.com\/inicio\/#organization"},"image":{"@id":"https:\/\/diariotextual.com\/inicio\/index.php\/2022\/11\/09\/murio-gal-costa-una-de-las-voces-mas-emblematicas-de-la-musica-brasilena\/#primaryimage"},"thumbnailUrl":"https:\/\/diariotextual.com\/inicio\/wp-content\/uploads\/2022\/11\/galcosta564365465.jpeg","articleSection":["A - ES NOTICIA (van abajo)","CULTURA"],"inLanguage":"es"},{"@type":"WebPage","@id":"https:\/\/diariotextual.com\/inicio\/index.php\/2022\/11\/09\/murio-gal-costa-una-de-las-voces-mas-emblematicas-de-la-musica-brasilena\/","url":"https:\/\/diariotextual.com\/inicio\/index.php\/2022\/11\/09\/murio-gal-costa-una-de-las-voces-mas-emblematicas-de-la-musica-brasilena\/","name":"Muri\u00f3 Gal Costa, una de las voces m\u00e1s emblem\u00e1ticas de la m\u00fasica brasile\u00f1a - Diario Textual","isPartOf":{"@id":"https:\/\/diariotextual.com\/inicio\/#website"},"primaryImageOfPage":{"@id":"https:\/\/diariotextual.com\/inicio\/index.php\/2022\/11\/09\/murio-gal-costa-una-de-las-voces-mas-emblematicas-de-la-musica-brasilena\/#primaryimage"},"image":{"@id":"https:\/\/diariotextual.com\/inicio\/index.php\/2022\/11\/09\/murio-gal-costa-una-de-las-voces-mas-emblematicas-de-la-musica-brasilena\/#primaryimage"},"thumbnailUrl":"https:\/\/diariotextual.com\/inicio\/wp-content\/uploads\/2022\/11\/galcosta564365465.jpeg","datePublished":"2022-11-09T16:18:08+00:00","dateModified":"2022-11-09T22:58:32+00:00","breadcrumb":{"@id":"https:\/\/diariotextual.com\/inicio\/index.php\/2022\/11\/09\/murio-gal-costa-una-de-las-voces-mas-emblematicas-de-la-musica-brasilena\/#breadcrumb"},"inLanguage":"es","potentialAction":[{"@type":"ReadAction","target":["https:\/\/diariotextual.com\/inicio\/index.php\/2022\/11\/09\/murio-gal-costa-una-de-las-voces-mas-emblematicas-de-la-musica-brasilena\/"]}]},{"@type":"ImageObject","inLanguage":"es","@id":"https:\/\/diariotextual.com\/inicio\/index.php\/2022\/11\/09\/murio-gal-costa-una-de-las-voces-mas-emblematicas-de-la-musica-brasilena\/#primaryimage","url":"https:\/\/diariotextual.com\/inicio\/wp-content\/uploads\/2022\/11\/galcosta564365465.jpeg","contentUrl":"https:\/\/diariotextual.com\/inicio\/wp-content\/uploads\/2022\/11\/galcosta564365465.jpeg","width":980,"height":653},{"@type":"BreadcrumbList","@id":"https:\/\/diariotextual.com\/inicio\/index.php\/2022\/11\/09\/murio-gal-costa-una-de-las-voces-mas-emblematicas-de-la-musica-brasilena\/#breadcrumb","itemListElement":[{"@type":"ListItem","position":1,"name":"Portada","item":"https:\/\/diariotextual.com\/inicio\/"},{"@type":"ListItem","position":2,"name":"Muri\u00f3 Gal Costa, una de las voces m\u00e1s emblem\u00e1ticas de la m\u00fasica brasile\u00f1a"}]},{"@type":"WebSite","@id":"https:\/\/diariotextual.com\/inicio\/#website","url":"https:\/\/diariotextual.com\/inicio\/","name":"Diario Textual","description":"","publisher":{"@id":"https:\/\/diariotextual.com\/inicio\/#organization"},"potentialAction":[{"@type":"SearchAction","target":{"@type":"EntryPoint","urlTemplate":"https:\/\/diariotextual.com\/inicio\/?s={search_term_string}"},"query-input":{"@type":"PropertyValueSpecification","valueRequired":true,"valueName":"search_term_string"}}],"inLanguage":"es"},{"@type":"Organization","@id":"https:\/\/diariotextual.com\/inicio\/#organization","name":"Diario Textual","url":"https:\/\/diariotextual.com\/inicio\/","logo":{"@type":"ImageObject","inLanguage":"es","@id":"https:\/\/diariotextual.com\/inicio\/#\/schema\/logo\/image\/","url":"https:\/\/diariotextual.com\/inicio\/wp-content\/uploads\/2023\/05\/logotextual1.jpg","contentUrl":"https:\/\/diariotextual.com\/inicio\/wp-content\/uploads\/2023\/05\/logotextual1.jpg","width":516,"height":76,"caption":"Diario Textual"},"image":{"@id":"https:\/\/diariotextual.com\/inicio\/#\/schema\/logo\/image\/"},"sameAs":["https:\/\/www.facebook.com\/eltextual","https:\/\/x.com\/eltextual","http:\/\/www.instagram.com\/eltextual"]},{"@type":"Person","@id":"https:\/\/diariotextual.com\/inicio\/#\/schema\/person\/694f60677f23c4a530867a98f22b3768","name":"diario2","image":{"@type":"ImageObject","inLanguage":"es","@id":"https:\/\/secure.gravatar.com\/avatar\/5a2567495ba16b852fcd8f1ed006a2e24fcace936018ed8237e95f488ad6e0a7?s=96&d=mm&r=g","url":"https:\/\/secure.gravatar.com\/avatar\/5a2567495ba16b852fcd8f1ed006a2e24fcace936018ed8237e95f488ad6e0a7?s=96&d=mm&r=g","contentUrl":"https:\/\/secure.gravatar.com\/avatar\/5a2567495ba16b852fcd8f1ed006a2e24fcace936018ed8237e95f488ad6e0a7?s=96&d=mm&r=g","caption":"diario2"},"url":"https:\/\/diariotextual.com\/inicio\/index.php\/author\/diario2\/"}]}},"_links":{"self":[{"href":"https:\/\/diariotextual.com\/inicio\/index.php\/wp-json\/wp\/v2\/posts\/206525","targetHints":{"allow":["GET"]}}],"collection":[{"href":"https:\/\/diariotextual.com\/inicio\/index.php\/wp-json\/wp\/v2\/posts"}],"about":[{"href":"https:\/\/diariotextual.com\/inicio\/index.php\/wp-json\/wp\/v2\/types\/post"}],"author":[{"embeddable":true,"href":"https:\/\/diariotextual.com\/inicio\/index.php\/wp-json\/wp\/v2\/users\/4"}],"replies":[{"embeddable":true,"href":"https:\/\/diariotextual.com\/inicio\/index.php\/wp-json\/wp\/v2\/comments?post=206525"}],"version-history":[{"count":2,"href":"https:\/\/diariotextual.com\/inicio\/index.php\/wp-json\/wp\/v2\/posts\/206525\/revisions"}],"predecessor-version":[{"id":206528,"href":"https:\/\/diariotextual.com\/inicio\/index.php\/wp-json\/wp\/v2\/posts\/206525\/revisions\/206528"}],"wp:featuredmedia":[{"embeddable":true,"href":"https:\/\/diariotextual.com\/inicio\/index.php\/wp-json\/wp\/v2\/media\/206527"}],"wp:attachment":[{"href":"https:\/\/diariotextual.com\/inicio\/index.php\/wp-json\/wp\/v2\/media?parent=206525"}],"wp:term":[{"taxonomy":"category","embeddable":true,"href":"https:\/\/diariotextual.com\/inicio\/index.php\/wp-json\/wp\/v2\/categories?post=206525"},{"taxonomy":"post_tag","embeddable":true,"href":"https:\/\/diariotextual.com\/inicio\/index.php\/wp-json\/wp\/v2\/tags?post=206525"}],"curies":[{"name":"wp","href":"https:\/\/api.w.org\/{rel}","templated":true}]}}