{"id":206535,"date":"2022-11-09T14:09:15","date_gmt":"2022-11-09T17:09:15","guid":{"rendered":"https:\/\/diariotextual.com\/inicio\/?p=206535"},"modified":"2022-11-09T21:34:48","modified_gmt":"2022-11-10T00:34:48","slug":"senadores-anunciaron-que-insistiran-con-la-designacion-de-donate-para-la-magistratura","status":"publish","type":"post","link":"https:\/\/diariotextual.com\/inicio\/index.php\/2022\/11\/09\/senadores-anunciaron-que-insistiran-con-la-designacion-de-donate-para-la-magistratura\/","title":{"rendered":"Senadores anunciaron que insistir\u00e1n con la designaci\u00f3n de Do\u00f1ate para la Magistratura"},"content":{"rendered":"\n<p>Los senadores del oficialismo anunciaron hoy que <strong>insistir\u00e1n con la designaci\u00f3n de Mart\u00edn Do\u00f1ate <\/strong>para el Consejo de la Magistratura, en una declaraci\u00f3n que anticipa una crisis institucional. Seg\u00fan pudo saber Dirio Textual, <strong>el senador pampeano Daniel Bensus\u00e1n comparte esta postura.<\/strong><\/p>\n\n\n\n<p>El anuncio fue en una conferencia de prensa del interbloque de senadores del Frente de Todos, en la que las senadoras que oficiaron de voceras dijeron que el fallo de la Corte Suprema que declar\u00f3 nulo el nombramiento de Do\u00f1ate como consejero por la segunda minor\u00eda del Senado fue \u201canticonstitucional\u201d y \u201cpol\u00edtico\u201d.<\/p>\n\n\n\n<p>As\u00ed lo sostuvieron las senadoras nacionales Juliana Di Tullio, Anabel Fern\u00e1ndez Sagasti y Luc\u00eda Corpacci, que reivindicaron la potestad de los miembros de la C\u00e1mara baja de organizarse en bloques como quieran y por los motivos que les parezca.<\/p>\n\n\n\n<p>Ayer, la Corte Suprema dict\u00f3 un fallo en el que declar\u00f3 nula la designaci\u00f3n de Do\u00f1ate porque para nombrarlo el Frente de Todos parti\u00f3 su bloque en una jugada que la Corte consider\u00f3 una \u201cartima\u00f1a\u201d y una simulaci\u00f3n destinada a quedarse con una banca en el Consejo que, en realidad, correspond\u00eda al Frente Pro.&nbsp;<\/p>\n","protected":false},"excerpt":{"rendered":"<p>Los senadores del oficialismo anunciaron hoy que insistir\u00e1n con la designaci\u00f3n de Mart\u00edn Do\u00f1ate para el Consejo de la Magistratura, en una declaraci\u00f3n que anticipa una crisis institucional. Seg\u00fan pudo&hellip;<\/p>\n","protected":false},"author":4,"featured_media":206541,"comment_status":"closed","ping_status":"open","sticky":false,"template":"","format":"standard","meta":{"_acf_changed":false,"footnotes":""},"categories":[11,8],"tags":[],"class_list":["post-206535","post","type-post","status-publish","format-standard","has-post-thumbnail","hentry","category-que-pasa","category-politica"],"acf":[],"yoast_head":"<!-- This site is optimized with the Yoast SEO plugin v27.5 - https:\/\/yoast.com\/product\/yoast-seo-wordpress\/ -->\n<title>Senadores anunciaron que insistir\u00e1n con la designaci\u00f3n de Do\u00f1ate para la Magistratura - Diario Textual<\/title>\n<meta name=\"robots\" content=\"index, follow, max-snippet:-1, max-image-preview:large, max-video-preview:-1\" \/>\n<link rel=\"canonical\" href=\"https:\/\/diariotextual.com\/inicio\/index.php\/2022\/11\/09\/senadores-anunciaron-que-insistiran-con-la-designacion-de-donate-para-la-magistratura\/\" \/>\n<meta property=\"og:locale\" content=\"es_ES\" \/>\n<meta property=\"og:type\" content=\"article\" \/>\n<meta property=\"og:title\" content=\"Senadores anunciaron que insistir\u00e1n con la designaci\u00f3n de Do\u00f1ate para la Magistratura - Diario Textual\" \/>\n<meta property=\"og:description\" content=\"Los senadores del oficialismo anunciaron hoy que insistir\u00e1n con la designaci\u00f3n de Mart\u00edn Do\u00f1ate para el Consejo de la Magistratura, en una declaraci\u00f3n que anticipa una crisis institucional. Seg\u00fan pudo&hellip;\" \/>\n<meta property=\"og:url\" content=\"https:\/\/diariotextual.com\/inicio\/index.php\/2022\/11\/09\/senadores-anunciaron-que-insistiran-con-la-designacion-de-donate-para-la-magistratura\/\" \/>\n<meta property=\"og:site_name\" content=\"Diario Textual\" \/>\n<meta property=\"article:publisher\" content=\"https:\/\/www.facebook.com\/eltextual\" \/>\n<meta property=\"article:published_time\" content=\"2022-11-09T17:09:15+00:00\" \/>\n<meta property=\"article:modified_time\" content=\"2022-11-10T00:34:48+00:00\" \/>\n<meta property=\"og:image\" content=\"https:\/\/diariotextual.com\/inicio\/wp-content\/uploads\/2022\/11\/senadoresfdtconferencia5donatedesig.jpg\" \/>\n\t<meta property=\"og:image:width\" content=\"1000\" \/>\n\t<meta property=\"og:image:height\" content=\"563\" \/>\n\t<meta property=\"og:image:type\" content=\"image\/jpeg\" \/>\n<meta name=\"author\" content=\"diario2\" \/>\n<meta name=\"twitter:card\" content=\"summary_large_image\" \/>\n<meta name=\"twitter:creator\" content=\"@eltextual\" \/>\n<meta name=\"twitter:site\" content=\"@eltextual\" \/>\n<meta name=\"twitter:label1\" content=\"Escrito por\" \/>\n\t<meta name=\"twitter:data1\" content=\"diario2\" \/>\n\t<meta name=\"twitter:label2\" content=\"Tiempo de lectura\" \/>\n\t<meta name=\"twitter:data2\" content=\"1 minuto\" \/>\n<script type=\"application\/ld+json\" class=\"yoast-schema-graph\">{\"@context\":\"https:\\\/\\\/schema.org\",\"@graph\":[{\"@type\":\"Article\",\"@id\":\"https:\\\/\\\/diariotextual.com\\\/inicio\\\/index.php\\\/2022\\\/11\\\/09\\\/senadores-anunciaron-que-insistiran-con-la-designacion-de-donate-para-la-magistratura\\\/#article\",\"isPartOf\":{\"@id\":\"https:\\\/\\\/diariotextual.com\\\/inicio\\\/index.php\\\/2022\\\/11\\\/09\\\/senadores-anunciaron-que-insistiran-con-la-designacion-de-donate-para-la-magistratura\\\/\"},\"author\":{\"name\":\"diario2\",\"@id\":\"https:\\\/\\\/diariotextual.com\\\/inicio\\\/#\\\/schema\\\/person\\\/694f60677f23c4a530867a98f22b3768\"},\"headline\":\"Senadores anunciaron que insistir\u00e1n con la designaci\u00f3n de Do\u00f1ate para la Magistratura\",\"datePublished\":\"2022-11-09T17:09:15+00:00\",\"dateModified\":\"2022-11-10T00:34:48+00:00\",\"mainEntityOfPage\":{\"@id\":\"https:\\\/\\\/diariotextual.com\\\/inicio\\\/index.php\\\/2022\\\/11\\\/09\\\/senadores-anunciaron-que-insistiran-con-la-designacion-de-donate-para-la-magistratura\\\/\"},\"wordCount\":220,\"publisher\":{\"@id\":\"https:\\\/\\\/diariotextual.com\\\/inicio\\\/#organization\"},\"image\":{\"@id\":\"https:\\\/\\\/diariotextual.com\\\/inicio\\\/index.php\\\/2022\\\/11\\\/09\\\/senadores-anunciaron-que-insistiran-con-la-designacion-de-donate-para-la-magistratura\\\/#primaryimage\"},\"thumbnailUrl\":\"https:\\\/\\\/diariotextual.com\\\/inicio\\\/wp-content\\\/uploads\\\/2022\\\/11\\\/senadoresfdtconferencia5donatedesig.jpg\",\"articleSection\":[\"A - QUE PASA (al costado)\",\"POLITICA\"],\"inLanguage\":\"es\"},{\"@type\":\"WebPage\",\"@id\":\"https:\\\/\\\/diariotextual.com\\\/inicio\\\/index.php\\\/2022\\\/11\\\/09\\\/senadores-anunciaron-que-insistiran-con-la-designacion-de-donate-para-la-magistratura\\\/\",\"url\":\"https:\\\/\\\/diariotextual.com\\\/inicio\\\/index.php\\\/2022\\\/11\\\/09\\\/senadores-anunciaron-que-insistiran-con-la-designacion-de-donate-para-la-magistratura\\\/\",\"name\":\"Senadores anunciaron que insistir\u00e1n con la designaci\u00f3n de Do\u00f1ate para la Magistratura - Diario Textual\",\"isPartOf\":{\"@id\":\"https:\\\/\\\/diariotextual.com\\\/inicio\\\/#website\"},\"primaryImageOfPage\":{\"@id\":\"https:\\\/\\\/diariotextual.com\\\/inicio\\\/index.php\\\/2022\\\/11\\\/09\\\/senadores-anunciaron-que-insistiran-con-la-designacion-de-donate-para-la-magistratura\\\/#primaryimage\"},\"image\":{\"@id\":\"https:\\\/\\\/diariotextual.com\\\/inicio\\\/index.php\\\/2022\\\/11\\\/09\\\/senadores-anunciaron-que-insistiran-con-la-designacion-de-donate-para-la-magistratura\\\/#primaryimage\"},\"thumbnailUrl\":\"https:\\\/\\\/diariotextual.com\\\/inicio\\\/wp-content\\\/uploads\\\/2022\\\/11\\\/senadoresfdtconferencia5donatedesig.jpg\",\"datePublished\":\"2022-11-09T17:09:15+00:00\",\"dateModified\":\"2022-11-10T00:34:48+00:00\",\"breadcrumb\":{\"@id\":\"https:\\\/\\\/diariotextual.com\\\/inicio\\\/index.php\\\/2022\\\/11\\\/09\\\/senadores-anunciaron-que-insistiran-con-la-designacion-de-donate-para-la-magistratura\\\/#breadcrumb\"},\"inLanguage\":\"es\",\"potentialAction\":[{\"@type\":\"ReadAction\",\"target\":[\"https:\\\/\\\/diariotextual.com\\\/inicio\\\/index.php\\\/2022\\\/11\\\/09\\\/senadores-anunciaron-que-insistiran-con-la-designacion-de-donate-para-la-magistratura\\\/\"]}]},{\"@type\":\"ImageObject\",\"inLanguage\":\"es\",\"@id\":\"https:\\\/\\\/diariotextual.com\\\/inicio\\\/index.php\\\/2022\\\/11\\\/09\\\/senadores-anunciaron-que-insistiran-con-la-designacion-de-donate-para-la-magistratura\\\/#primaryimage\",\"url\":\"https:\\\/\\\/diariotextual.com\\\/inicio\\\/wp-content\\\/uploads\\\/2022\\\/11\\\/senadoresfdtconferencia5donatedesig.jpg\",\"contentUrl\":\"https:\\\/\\\/diariotextual.com\\\/inicio\\\/wp-content\\\/uploads\\\/2022\\\/11\\\/senadoresfdtconferencia5donatedesig.jpg\",\"width\":1000,\"height\":563},{\"@type\":\"BreadcrumbList\",\"@id\":\"https:\\\/\\\/diariotextual.com\\\/inicio\\\/index.php\\\/2022\\\/11\\\/09\\\/senadores-anunciaron-que-insistiran-con-la-designacion-de-donate-para-la-magistratura\\\/#breadcrumb\",\"itemListElement\":[{\"@type\":\"ListItem\",\"position\":1,\"name\":\"Portada\",\"item\":\"https:\\\/\\\/diariotextual.com\\\/inicio\\\/\"},{\"@type\":\"ListItem\",\"position\":2,\"name\":\"Senadores anunciaron que insistir\u00e1n con la designaci\u00f3n de Do\u00f1ate para la Magistratura\"}]},{\"@type\":\"WebSite\",\"@id\":\"https:\\\/\\\/diariotextual.com\\\/inicio\\\/#website\",\"url\":\"https:\\\/\\\/diariotextual.com\\\/inicio\\\/\",\"name\":\"Diario Textual\",\"description\":\"\",\"publisher\":{\"@id\":\"https:\\\/\\\/diariotextual.com\\\/inicio\\\/#organization\"},\"potentialAction\":[{\"@type\":\"SearchAction\",\"target\":{\"@type\":\"EntryPoint\",\"urlTemplate\":\"https:\\\/\\\/diariotextual.com\\\/inicio\\\/?s={search_term_string}\"},\"query-input\":{\"@type\":\"PropertyValueSpecification\",\"valueRequired\":true,\"valueName\":\"search_term_string\"}}],\"inLanguage\":\"es\"},{\"@type\":\"Organization\",\"@id\":\"https:\\\/\\\/diariotextual.com\\\/inicio\\\/#organization\",\"name\":\"Diario Textual\",\"url\":\"https:\\\/\\\/diariotextual.com\\\/inicio\\\/\",\"logo\":{\"@type\":\"ImageObject\",\"inLanguage\":\"es\",\"@id\":\"https:\\\/\\\/diariotextual.com\\\/inicio\\\/#\\\/schema\\\/logo\\\/image\\\/\",\"url\":\"https:\\\/\\\/diariotextual.com\\\/inicio\\\/wp-content\\\/uploads\\\/2023\\\/05\\\/logotextual1.jpg\",\"contentUrl\":\"https:\\\/\\\/diariotextual.com\\\/inicio\\\/wp-content\\\/uploads\\\/2023\\\/05\\\/logotextual1.jpg\",\"width\":516,\"height\":76,\"caption\":\"Diario Textual\"},\"image\":{\"@id\":\"https:\\\/\\\/diariotextual.com\\\/inicio\\\/#\\\/schema\\\/logo\\\/image\\\/\"},\"sameAs\":[\"https:\\\/\\\/www.facebook.com\\\/eltextual\",\"https:\\\/\\\/x.com\\\/eltextual\",\"http:\\\/\\\/www.instagram.com\\\/eltextual\"]},{\"@type\":\"Person\",\"@id\":\"https:\\\/\\\/diariotextual.com\\\/inicio\\\/#\\\/schema\\\/person\\\/694f60677f23c4a530867a98f22b3768\",\"name\":\"diario2\",\"image\":{\"@type\":\"ImageObject\",\"inLanguage\":\"es\",\"@id\":\"https:\\\/\\\/secure.gravatar.com\\\/avatar\\\/5a2567495ba16b852fcd8f1ed006a2e24fcace936018ed8237e95f488ad6e0a7?s=96&d=mm&r=g\",\"url\":\"https:\\\/\\\/secure.gravatar.com\\\/avatar\\\/5a2567495ba16b852fcd8f1ed006a2e24fcace936018ed8237e95f488ad6e0a7?s=96&d=mm&r=g\",\"contentUrl\":\"https:\\\/\\\/secure.gravatar.com\\\/avatar\\\/5a2567495ba16b852fcd8f1ed006a2e24fcace936018ed8237e95f488ad6e0a7?s=96&d=mm&r=g\",\"caption\":\"diario2\"},\"url\":\"https:\\\/\\\/diariotextual.com\\\/inicio\\\/index.php\\\/author\\\/diario2\\\/\"}]}<\/script>\n<!-- \/ Yoast SEO plugin. -->","yoast_head_json":{"title":"Senadores anunciaron que insistir\u00e1n con la designaci\u00f3n de Do\u00f1ate para la Magistratura - Diario Textual","robots":{"index":"index","follow":"follow","max-snippet":"max-snippet:-1","max-image-preview":"max-image-preview:large","max-video-preview":"max-video-preview:-1"},"canonical":"https:\/\/diariotextual.com\/inicio\/index.php\/2022\/11\/09\/senadores-anunciaron-que-insistiran-con-la-designacion-de-donate-para-la-magistratura\/","og_locale":"es_ES","og_type":"article","og_title":"Senadores anunciaron que insistir\u00e1n con la designaci\u00f3n de Do\u00f1ate para la Magistratura - Diario Textual","og_description":"Los senadores del oficialismo anunciaron hoy que insistir\u00e1n con la designaci\u00f3n de Mart\u00edn Do\u00f1ate para el Consejo de la Magistratura, en una declaraci\u00f3n que anticipa una crisis institucional. Seg\u00fan pudo&hellip;","og_url":"https:\/\/diariotextual.com\/inicio\/index.php\/2022\/11\/09\/senadores-anunciaron-que-insistiran-con-la-designacion-de-donate-para-la-magistratura\/","og_site_name":"Diario Textual","article_publisher":"https:\/\/www.facebook.com\/eltextual","article_published_time":"2022-11-09T17:09:15+00:00","article_modified_time":"2022-11-10T00:34:48+00:00","og_image":[{"width":1000,"height":563,"url":"https:\/\/diariotextual.com\/inicio\/wp-content\/uploads\/2022\/11\/senadoresfdtconferencia5donatedesig.jpg","type":"image\/jpeg"}],"author":"diario2","twitter_card":"summary_large_image","twitter_creator":"@eltextual","twitter_site":"@eltextual","twitter_misc":{"Escrito por":"diario2","Tiempo de lectura":"1 minuto"},"schema":{"@context":"https:\/\/schema.org","@graph":[{"@type":"Article","@id":"https:\/\/diariotextual.com\/inicio\/index.php\/2022\/11\/09\/senadores-anunciaron-que-insistiran-con-la-designacion-de-donate-para-la-magistratura\/#article","isPartOf":{"@id":"https:\/\/diariotextual.com\/inicio\/index.php\/2022\/11\/09\/senadores-anunciaron-que-insistiran-con-la-designacion-de-donate-para-la-magistratura\/"},"author":{"name":"diario2","@id":"https:\/\/diariotextual.com\/inicio\/#\/schema\/person\/694f60677f23c4a530867a98f22b3768"},"headline":"Senadores anunciaron que insistir\u00e1n con la designaci\u00f3n de Do\u00f1ate para la Magistratura","datePublished":"2022-11-09T17:09:15+00:00","dateModified":"2022-11-10T00:34:48+00:00","mainEntityOfPage":{"@id":"https:\/\/diariotextual.com\/inicio\/index.php\/2022\/11\/09\/senadores-anunciaron-que-insistiran-con-la-designacion-de-donate-para-la-magistratura\/"},"wordCount":220,"publisher":{"@id":"https:\/\/diariotextual.com\/inicio\/#organization"},"image":{"@id":"https:\/\/diariotextual.com\/inicio\/index.php\/2022\/11\/09\/senadores-anunciaron-que-insistiran-con-la-designacion-de-donate-para-la-magistratura\/#primaryimage"},"thumbnailUrl":"https:\/\/diariotextual.com\/inicio\/wp-content\/uploads\/2022\/11\/senadoresfdtconferencia5donatedesig.jpg","articleSection":["A - QUE PASA (al costado)","POLITICA"],"inLanguage":"es"},{"@type":"WebPage","@id":"https:\/\/diariotextual.com\/inicio\/index.php\/2022\/11\/09\/senadores-anunciaron-que-insistiran-con-la-designacion-de-donate-para-la-magistratura\/","url":"https:\/\/diariotextual.com\/inicio\/index.php\/2022\/11\/09\/senadores-anunciaron-que-insistiran-con-la-designacion-de-donate-para-la-magistratura\/","name":"Senadores anunciaron que insistir\u00e1n con la designaci\u00f3n de Do\u00f1ate para la Magistratura - Diario Textual","isPartOf":{"@id":"https:\/\/diariotextual.com\/inicio\/#website"},"primaryImageOfPage":{"@id":"https:\/\/diariotextual.com\/inicio\/index.php\/2022\/11\/09\/senadores-anunciaron-que-insistiran-con-la-designacion-de-donate-para-la-magistratura\/#primaryimage"},"image":{"@id":"https:\/\/diariotextual.com\/inicio\/index.php\/2022\/11\/09\/senadores-anunciaron-que-insistiran-con-la-designacion-de-donate-para-la-magistratura\/#primaryimage"},"thumbnailUrl":"https:\/\/diariotextual.com\/inicio\/wp-content\/uploads\/2022\/11\/senadoresfdtconferencia5donatedesig.jpg","datePublished":"2022-11-09T17:09:15+00:00","dateModified":"2022-11-10T00:34:48+00:00","breadcrumb":{"@id":"https:\/\/diariotextual.com\/inicio\/index.php\/2022\/11\/09\/senadores-anunciaron-que-insistiran-con-la-designacion-de-donate-para-la-magistratura\/#breadcrumb"},"inLanguage":"es","potentialAction":[{"@type":"ReadAction","target":["https:\/\/diariotextual.com\/inicio\/index.php\/2022\/11\/09\/senadores-anunciaron-que-insistiran-con-la-designacion-de-donate-para-la-magistratura\/"]}]},{"@type":"ImageObject","inLanguage":"es","@id":"https:\/\/diariotextual.com\/inicio\/index.php\/2022\/11\/09\/senadores-anunciaron-que-insistiran-con-la-designacion-de-donate-para-la-magistratura\/#primaryimage","url":"https:\/\/diariotextual.com\/inicio\/wp-content\/uploads\/2022\/11\/senadoresfdtconferencia5donatedesig.jpg","contentUrl":"https:\/\/diariotextual.com\/inicio\/wp-content\/uploads\/2022\/11\/senadoresfdtconferencia5donatedesig.jpg","width":1000,"height":563},{"@type":"BreadcrumbList","@id":"https:\/\/diariotextual.com\/inicio\/index.php\/2022\/11\/09\/senadores-anunciaron-que-insistiran-con-la-designacion-de-donate-para-la-magistratura\/#breadcrumb","itemListElement":[{"@type":"ListItem","position":1,"name":"Portada","item":"https:\/\/diariotextual.com\/inicio\/"},{"@type":"ListItem","position":2,"name":"Senadores anunciaron que insistir\u00e1n con la designaci\u00f3n de Do\u00f1ate para la Magistratura"}]},{"@type":"WebSite","@id":"https:\/\/diariotextual.com\/inicio\/#website","url":"https:\/\/diariotextual.com\/inicio\/","name":"Diario Textual","description":"","publisher":{"@id":"https:\/\/diariotextual.com\/inicio\/#organization"},"potentialAction":[{"@type":"SearchAction","target":{"@type":"EntryPoint","urlTemplate":"https:\/\/diariotextual.com\/inicio\/?s={search_term_string}"},"query-input":{"@type":"PropertyValueSpecification","valueRequired":true,"valueName":"search_term_string"}}],"inLanguage":"es"},{"@type":"Organization","@id":"https:\/\/diariotextual.com\/inicio\/#organization","name":"Diario Textual","url":"https:\/\/diariotextual.com\/inicio\/","logo":{"@type":"ImageObject","inLanguage":"es","@id":"https:\/\/diariotextual.com\/inicio\/#\/schema\/logo\/image\/","url":"https:\/\/diariotextual.com\/inicio\/wp-content\/uploads\/2023\/05\/logotextual1.jpg","contentUrl":"https:\/\/diariotextual.com\/inicio\/wp-content\/uploads\/2023\/05\/logotextual1.jpg","width":516,"height":76,"caption":"Diario Textual"},"image":{"@id":"https:\/\/diariotextual.com\/inicio\/#\/schema\/logo\/image\/"},"sameAs":["https:\/\/www.facebook.com\/eltextual","https:\/\/x.com\/eltextual","http:\/\/www.instagram.com\/eltextual"]},{"@type":"Person","@id":"https:\/\/diariotextual.com\/inicio\/#\/schema\/person\/694f60677f23c4a530867a98f22b3768","name":"diario2","image":{"@type":"ImageObject","inLanguage":"es","@id":"https:\/\/secure.gravatar.com\/avatar\/5a2567495ba16b852fcd8f1ed006a2e24fcace936018ed8237e95f488ad6e0a7?s=96&d=mm&r=g","url":"https:\/\/secure.gravatar.com\/avatar\/5a2567495ba16b852fcd8f1ed006a2e24fcace936018ed8237e95f488ad6e0a7?s=96&d=mm&r=g","contentUrl":"https:\/\/secure.gravatar.com\/avatar\/5a2567495ba16b852fcd8f1ed006a2e24fcace936018ed8237e95f488ad6e0a7?s=96&d=mm&r=g","caption":"diario2"},"url":"https:\/\/diariotextual.com\/inicio\/index.php\/author\/diario2\/"}]}},"_links":{"self":[{"href":"https:\/\/diariotextual.com\/inicio\/index.php\/wp-json\/wp\/v2\/posts\/206535","targetHints":{"allow":["GET"]}}],"collection":[{"href":"https:\/\/diariotextual.com\/inicio\/index.php\/wp-json\/wp\/v2\/posts"}],"about":[{"href":"https:\/\/diariotextual.com\/inicio\/index.php\/wp-json\/wp\/v2\/types\/post"}],"author":[{"embeddable":true,"href":"https:\/\/diariotextual.com\/inicio\/index.php\/wp-json\/wp\/v2\/users\/4"}],"replies":[{"embeddable":true,"href":"https:\/\/diariotextual.com\/inicio\/index.php\/wp-json\/wp\/v2\/comments?post=206535"}],"version-history":[{"count":1,"href":"https:\/\/diariotextual.com\/inicio\/index.php\/wp-json\/wp\/v2\/posts\/206535\/revisions"}],"predecessor-version":[{"id":206542,"href":"https:\/\/diariotextual.com\/inicio\/index.php\/wp-json\/wp\/v2\/posts\/206535\/revisions\/206542"}],"wp:featuredmedia":[{"embeddable":true,"href":"https:\/\/diariotextual.com\/inicio\/index.php\/wp-json\/wp\/v2\/media\/206541"}],"wp:attachment":[{"href":"https:\/\/diariotextual.com\/inicio\/index.php\/wp-json\/wp\/v2\/media?parent=206535"}],"wp:term":[{"taxonomy":"category","embeddable":true,"href":"https:\/\/diariotextual.com\/inicio\/index.php\/wp-json\/wp\/v2\/categories?post=206535"},{"taxonomy":"post_tag","embeddable":true,"href":"https:\/\/diariotextual.com\/inicio\/index.php\/wp-json\/wp\/v2\/tags?post=206535"}],"curies":[{"name":"wp","href":"https:\/\/api.w.org\/{rel}","templated":true}]}}