{"id":206970,"date":"2022-11-13T22:17:33","date_gmt":"2022-11-14T01:17:33","guid":{"rendered":"https:\/\/diariotextual.com\/inicio\/?p=206970"},"modified":"2022-11-13T22:22:07","modified_gmt":"2022-11-14T01:22:07","slug":"mi-casa-2-el-ipav-empieza-a-publicar-padron-provisorio-de-inscriptos-en-santa-rosa","status":"publish","type":"post","link":"https:\/\/diariotextual.com\/inicio\/index.php\/2022\/11\/13\/mi-casa-2-el-ipav-empieza-a-publicar-padron-provisorio-de-inscriptos-en-santa-rosa\/","title":{"rendered":"Mi Casa 2: el Ipav empieza a publicar padr\u00f3n provisorio de inscriptos en Santa Rosa"},"content":{"rendered":"\n<p>El Instituto Provincial de la Vivienda (IPAV) ya dej\u00f3 disponible en su sitio web el<strong> <a href=\"https:\/\/ipav.lapampa.gob.ar\/padrones\" target=\"_blank\" rel=\"noreferrer noopener\">padr\u00f3n provisorio de personas inscriptas en Santa Rosa<\/a><\/strong> para participar del sorteo de adjudicaciones de unidades habitacionales del Plan Mi Casa 2. Son aquellas cuyos apellidos comienzan con las letras A, B, C y D. Sucesivamente, se publicar\u00e1 el resto de las letras.<\/p>\n\n\n\n<p>Esos grupos familiares, cuyo titular de la inscripci\u00f3n sus apellidos comiencen con las letras detalladas anteriormente, deber\u00e1n ingresar al sitio web y al padr\u00f3n para revisar su estado. De estar correcto, no tendr\u00e1n que realizar ning\u00fan tr\u00e1mite, solo esperar la publicaci\u00f3n de la fecha del sorteo.<br><\/p>\n\n\n\n<p>Los grupos familiares que Nno se encuentren inscriptos en el padr\u00f3n publicado y tengan m\u00e1s de 15 a\u00f1os de residencia inmediata anterior comprobable con documentaci\u00f3n deben presentarse en la sede del IPAV de 8 a 12 horas durante los tres d\u00edas posteriores a esta publicaci\u00f3n.<br><\/p>\n\n\n\n<p>Quienes deseen realizar alguna impugnaci\u00f3n de alguno de los postulantes publicados tendr\u00e1n que bajar v\u00eda web el formulario correspondiente para luego presentarlo en la Mesa de Entradas del IPAV, en donde se entregar\u00e1 copia registrada con fecha de ingreso.<\/p>\n\n\n\n<p><br>Por otro lado, en los pr\u00f3ximos d\u00edas se publicar\u00e1n los padrones con las letras sucesivas, hasta completar el total.<br><\/p>\n\n\n\n<p>En los pr\u00f3ximos d\u00edas, el Instituto Provincial de la Vivienda informar\u00e1 la fecha del sorteo, el cual se realizar\u00e1 a trav\u00e9s de la Loter\u00eda de San Luis y ser\u00e1 trasmitido en vivo y en directo por la Televisi\u00f3n P\u00fablica Pampeana con el fin de garantizar la transparencia del mismo.<\/p>\n","protected":false},"excerpt":{"rendered":"<p>El Instituto Provincial de la Vivienda (IPAV) ya dej\u00f3 disponible en su sitio web el padr\u00f3n provisorio de personas inscriptas en Santa Rosa para participar del sorteo de adjudicaciones de&hellip;<\/p>\n","protected":false},"author":3,"featured_media":44007,"comment_status":"closed","ping_status":"open","sticky":false,"template":"","format":"standard","meta":{"_acf_changed":false,"footnotes":""},"categories":[4,12],"tags":[],"class_list":["post-206970","post","type-post","status-publish","format-standard","has-post-thumbnail","hentry","category-destacadas","category-sociedad"],"acf":[],"yoast_head":"<!-- This site is optimized with the Yoast SEO plugin v27.5 - https:\/\/yoast.com\/product\/yoast-seo-wordpress\/ -->\n<title>Mi Casa 2: el Ipav empieza a publicar padr\u00f3n provisorio de inscriptos en Santa Rosa - Diario Textual<\/title>\n<meta name=\"robots\" content=\"index, follow, max-snippet:-1, max-image-preview:large, max-video-preview:-1\" \/>\n<link rel=\"canonical\" href=\"https:\/\/diariotextual.com\/inicio\/index.php\/2022\/11\/13\/mi-casa-2-el-ipav-empieza-a-publicar-padron-provisorio-de-inscriptos-en-santa-rosa\/\" \/>\n<meta property=\"og:locale\" content=\"es_ES\" \/>\n<meta property=\"og:type\" content=\"article\" \/>\n<meta property=\"og:title\" content=\"Mi Casa 2: el Ipav empieza a publicar padr\u00f3n provisorio de inscriptos en Santa Rosa - Diario Textual\" \/>\n<meta property=\"og:description\" content=\"El Instituto Provincial de la Vivienda (IPAV) ya dej\u00f3 disponible en su sitio web el padr\u00f3n provisorio de personas inscriptas en Santa Rosa para participar del sorteo de adjudicaciones de&hellip;\" \/>\n<meta property=\"og:url\" content=\"https:\/\/diariotextual.com\/inicio\/index.php\/2022\/11\/13\/mi-casa-2-el-ipav-empieza-a-publicar-padron-provisorio-de-inscriptos-en-santa-rosa\/\" \/>\n<meta property=\"og:site_name\" content=\"Diario Textual\" \/>\n<meta property=\"article:publisher\" content=\"https:\/\/www.facebook.com\/eltextual\" \/>\n<meta property=\"article:published_time\" content=\"2022-11-14T01:17:33+00:00\" \/>\n<meta property=\"article:modified_time\" content=\"2022-11-14T01:22:07+00:00\" \/>\n<meta property=\"og:image\" content=\"https:\/\/diariotextual.com\/inicio\/wp-content\/uploads\/2019\/04\/casas1009santarosa2019-1.jpg\" \/>\n\t<meta property=\"og:image:width\" content=\"1743\" \/>\n\t<meta property=\"og:image:height\" content=\"1188\" \/>\n\t<meta property=\"og:image:type\" content=\"image\/jpeg\" \/>\n<meta name=\"author\" content=\"Diario1 Diario1\" \/>\n<meta name=\"twitter:card\" content=\"summary_large_image\" \/>\n<meta name=\"twitter:creator\" content=\"@eltextual\" \/>\n<meta name=\"twitter:site\" content=\"@eltextual\" \/>\n<meta name=\"twitter:label1\" content=\"Escrito por\" \/>\n\t<meta name=\"twitter:data1\" content=\"Diario1 Diario1\" \/>\n\t<meta name=\"twitter:label2\" content=\"Tiempo de lectura\" \/>\n\t<meta name=\"twitter:data2\" content=\"2 minutos\" \/>\n<script type=\"application\/ld+json\" class=\"yoast-schema-graph\">{\"@context\":\"https:\\\/\\\/schema.org\",\"@graph\":[{\"@type\":\"Article\",\"@id\":\"https:\\\/\\\/diariotextual.com\\\/inicio\\\/index.php\\\/2022\\\/11\\\/13\\\/mi-casa-2-el-ipav-empieza-a-publicar-padron-provisorio-de-inscriptos-en-santa-rosa\\\/#article\",\"isPartOf\":{\"@id\":\"https:\\\/\\\/diariotextual.com\\\/inicio\\\/index.php\\\/2022\\\/11\\\/13\\\/mi-casa-2-el-ipav-empieza-a-publicar-padron-provisorio-de-inscriptos-en-santa-rosa\\\/\"},\"author\":{\"name\":\"Diario1 Diario1\",\"@id\":\"https:\\\/\\\/diariotextual.com\\\/inicio\\\/#\\\/schema\\\/person\\\/418fc4093c33e86ed41562db3508f958\"},\"headline\":\"Mi Casa 2: el Ipav empieza a publicar padr\u00f3n provisorio de inscriptos en Santa Rosa\",\"datePublished\":\"2022-11-14T01:17:33+00:00\",\"dateModified\":\"2022-11-14T01:22:07+00:00\",\"mainEntityOfPage\":{\"@id\":\"https:\\\/\\\/diariotextual.com\\\/inicio\\\/index.php\\\/2022\\\/11\\\/13\\\/mi-casa-2-el-ipav-empieza-a-publicar-padron-provisorio-de-inscriptos-en-santa-rosa\\\/\"},\"wordCount\":293,\"publisher\":{\"@id\":\"https:\\\/\\\/diariotextual.com\\\/inicio\\\/#organization\"},\"image\":{\"@id\":\"https:\\\/\\\/diariotextual.com\\\/inicio\\\/index.php\\\/2022\\\/11\\\/13\\\/mi-casa-2-el-ipav-empieza-a-publicar-padron-provisorio-de-inscriptos-en-santa-rosa\\\/#primaryimage\"},\"thumbnailUrl\":\"https:\\\/\\\/diariotextual.com\\\/inicio\\\/wp-content\\\/uploads\\\/2019\\\/04\\\/casas1009santarosa2019-1.jpg\",\"articleSection\":[\"A - DESTACADAS (mod 16)\",\"SOCIEDAD\"],\"inLanguage\":\"es\"},{\"@type\":\"WebPage\",\"@id\":\"https:\\\/\\\/diariotextual.com\\\/inicio\\\/index.php\\\/2022\\\/11\\\/13\\\/mi-casa-2-el-ipav-empieza-a-publicar-padron-provisorio-de-inscriptos-en-santa-rosa\\\/\",\"url\":\"https:\\\/\\\/diariotextual.com\\\/inicio\\\/index.php\\\/2022\\\/11\\\/13\\\/mi-casa-2-el-ipav-empieza-a-publicar-padron-provisorio-de-inscriptos-en-santa-rosa\\\/\",\"name\":\"Mi Casa 2: el Ipav empieza a publicar padr\u00f3n provisorio de inscriptos en Santa Rosa - Diario Textual\",\"isPartOf\":{\"@id\":\"https:\\\/\\\/diariotextual.com\\\/inicio\\\/#website\"},\"primaryImageOfPage\":{\"@id\":\"https:\\\/\\\/diariotextual.com\\\/inicio\\\/index.php\\\/2022\\\/11\\\/13\\\/mi-casa-2-el-ipav-empieza-a-publicar-padron-provisorio-de-inscriptos-en-santa-rosa\\\/#primaryimage\"},\"image\":{\"@id\":\"https:\\\/\\\/diariotextual.com\\\/inicio\\\/index.php\\\/2022\\\/11\\\/13\\\/mi-casa-2-el-ipav-empieza-a-publicar-padron-provisorio-de-inscriptos-en-santa-rosa\\\/#primaryimage\"},\"thumbnailUrl\":\"https:\\\/\\\/diariotextual.com\\\/inicio\\\/wp-content\\\/uploads\\\/2019\\\/04\\\/casas1009santarosa2019-1.jpg\",\"datePublished\":\"2022-11-14T01:17:33+00:00\",\"dateModified\":\"2022-11-14T01:22:07+00:00\",\"breadcrumb\":{\"@id\":\"https:\\\/\\\/diariotextual.com\\\/inicio\\\/index.php\\\/2022\\\/11\\\/13\\\/mi-casa-2-el-ipav-empieza-a-publicar-padron-provisorio-de-inscriptos-en-santa-rosa\\\/#breadcrumb\"},\"inLanguage\":\"es\",\"potentialAction\":[{\"@type\":\"ReadAction\",\"target\":[\"https:\\\/\\\/diariotextual.com\\\/inicio\\\/index.php\\\/2022\\\/11\\\/13\\\/mi-casa-2-el-ipav-empieza-a-publicar-padron-provisorio-de-inscriptos-en-santa-rosa\\\/\"]}]},{\"@type\":\"ImageObject\",\"inLanguage\":\"es\",\"@id\":\"https:\\\/\\\/diariotextual.com\\\/inicio\\\/index.php\\\/2022\\\/11\\\/13\\\/mi-casa-2-el-ipav-empieza-a-publicar-padron-provisorio-de-inscriptos-en-santa-rosa\\\/#primaryimage\",\"url\":\"https:\\\/\\\/diariotextual.com\\\/inicio\\\/wp-content\\\/uploads\\\/2019\\\/04\\\/casas1009santarosa2019-1.jpg\",\"contentUrl\":\"https:\\\/\\\/diariotextual.com\\\/inicio\\\/wp-content\\\/uploads\\\/2019\\\/04\\\/casas1009santarosa2019-1.jpg\",\"width\":1743,\"height\":1188},{\"@type\":\"BreadcrumbList\",\"@id\":\"https:\\\/\\\/diariotextual.com\\\/inicio\\\/index.php\\\/2022\\\/11\\\/13\\\/mi-casa-2-el-ipav-empieza-a-publicar-padron-provisorio-de-inscriptos-en-santa-rosa\\\/#breadcrumb\",\"itemListElement\":[{\"@type\":\"ListItem\",\"position\":1,\"name\":\"Portada\",\"item\":\"https:\\\/\\\/diariotextual.com\\\/inicio\\\/\"},{\"@type\":\"ListItem\",\"position\":2,\"name\":\"Mi Casa 2: el Ipav empieza a publicar padr\u00f3n provisorio de inscriptos en Santa Rosa\"}]},{\"@type\":\"WebSite\",\"@id\":\"https:\\\/\\\/diariotextual.com\\\/inicio\\\/#website\",\"url\":\"https:\\\/\\\/diariotextual.com\\\/inicio\\\/\",\"name\":\"Diario Textual\",\"description\":\"\",\"publisher\":{\"@id\":\"https:\\\/\\\/diariotextual.com\\\/inicio\\\/#organization\"},\"potentialAction\":[{\"@type\":\"SearchAction\",\"target\":{\"@type\":\"EntryPoint\",\"urlTemplate\":\"https:\\\/\\\/diariotextual.com\\\/inicio\\\/?s={search_term_string}\"},\"query-input\":{\"@type\":\"PropertyValueSpecification\",\"valueRequired\":true,\"valueName\":\"search_term_string\"}}],\"inLanguage\":\"es\"},{\"@type\":\"Organization\",\"@id\":\"https:\\\/\\\/diariotextual.com\\\/inicio\\\/#organization\",\"name\":\"Diario Textual\",\"url\":\"https:\\\/\\\/diariotextual.com\\\/inicio\\\/\",\"logo\":{\"@type\":\"ImageObject\",\"inLanguage\":\"es\",\"@id\":\"https:\\\/\\\/diariotextual.com\\\/inicio\\\/#\\\/schema\\\/logo\\\/image\\\/\",\"url\":\"https:\\\/\\\/diariotextual.com\\\/inicio\\\/wp-content\\\/uploads\\\/2023\\\/05\\\/logotextual1.jpg\",\"contentUrl\":\"https:\\\/\\\/diariotextual.com\\\/inicio\\\/wp-content\\\/uploads\\\/2023\\\/05\\\/logotextual1.jpg\",\"width\":516,\"height\":76,\"caption\":\"Diario Textual\"},\"image\":{\"@id\":\"https:\\\/\\\/diariotextual.com\\\/inicio\\\/#\\\/schema\\\/logo\\\/image\\\/\"},\"sameAs\":[\"https:\\\/\\\/www.facebook.com\\\/eltextual\",\"https:\\\/\\\/x.com\\\/eltextual\",\"http:\\\/\\\/www.instagram.com\\\/eltextual\"]},{\"@type\":\"Person\",\"@id\":\"https:\\\/\\\/diariotextual.com\\\/inicio\\\/#\\\/schema\\\/person\\\/418fc4093c33e86ed41562db3508f958\",\"name\":\"Diario1 Diario1\",\"image\":{\"@type\":\"ImageObject\",\"inLanguage\":\"es\",\"@id\":\"https:\\\/\\\/secure.gravatar.com\\\/avatar\\\/9167d280179c85bc18be67aa7eda765854300033af4896dd779b608640f2ef7a?s=96&d=mm&r=g\",\"url\":\"https:\\\/\\\/secure.gravatar.com\\\/avatar\\\/9167d280179c85bc18be67aa7eda765854300033af4896dd779b608640f2ef7a?s=96&d=mm&r=g\",\"contentUrl\":\"https:\\\/\\\/secure.gravatar.com\\\/avatar\\\/9167d280179c85bc18be67aa7eda765854300033af4896dd779b608640f2ef7a?s=96&d=mm&r=g\",\"caption\":\"Diario1 Diario1\"},\"url\":\"https:\\\/\\\/diariotextual.com\\\/inicio\\\/index.php\\\/author\\\/diario1\\\/\"}]}<\/script>\n<!-- \/ Yoast SEO plugin. -->","yoast_head_json":{"title":"Mi Casa 2: el Ipav empieza a publicar padr\u00f3n provisorio de inscriptos en Santa Rosa - Diario Textual","robots":{"index":"index","follow":"follow","max-snippet":"max-snippet:-1","max-image-preview":"max-image-preview:large","max-video-preview":"max-video-preview:-1"},"canonical":"https:\/\/diariotextual.com\/inicio\/index.php\/2022\/11\/13\/mi-casa-2-el-ipav-empieza-a-publicar-padron-provisorio-de-inscriptos-en-santa-rosa\/","og_locale":"es_ES","og_type":"article","og_title":"Mi Casa 2: el Ipav empieza a publicar padr\u00f3n provisorio de inscriptos en Santa Rosa - Diario Textual","og_description":"El Instituto Provincial de la Vivienda (IPAV) ya dej\u00f3 disponible en su sitio web el padr\u00f3n provisorio de personas inscriptas en Santa Rosa para participar del sorteo de adjudicaciones de&hellip;","og_url":"https:\/\/diariotextual.com\/inicio\/index.php\/2022\/11\/13\/mi-casa-2-el-ipav-empieza-a-publicar-padron-provisorio-de-inscriptos-en-santa-rosa\/","og_site_name":"Diario Textual","article_publisher":"https:\/\/www.facebook.com\/eltextual","article_published_time":"2022-11-14T01:17:33+00:00","article_modified_time":"2022-11-14T01:22:07+00:00","og_image":[{"width":1743,"height":1188,"url":"https:\/\/diariotextual.com\/inicio\/wp-content\/uploads\/2019\/04\/casas1009santarosa2019-1.jpg","type":"image\/jpeg"}],"author":"Diario1 Diario1","twitter_card":"summary_large_image","twitter_creator":"@eltextual","twitter_site":"@eltextual","twitter_misc":{"Escrito por":"Diario1 Diario1","Tiempo de lectura":"2 minutos"},"schema":{"@context":"https:\/\/schema.org","@graph":[{"@type":"Article","@id":"https:\/\/diariotextual.com\/inicio\/index.php\/2022\/11\/13\/mi-casa-2-el-ipav-empieza-a-publicar-padron-provisorio-de-inscriptos-en-santa-rosa\/#article","isPartOf":{"@id":"https:\/\/diariotextual.com\/inicio\/index.php\/2022\/11\/13\/mi-casa-2-el-ipav-empieza-a-publicar-padron-provisorio-de-inscriptos-en-santa-rosa\/"},"author":{"name":"Diario1 Diario1","@id":"https:\/\/diariotextual.com\/inicio\/#\/schema\/person\/418fc4093c33e86ed41562db3508f958"},"headline":"Mi Casa 2: el Ipav empieza a publicar padr\u00f3n provisorio de inscriptos en Santa Rosa","datePublished":"2022-11-14T01:17:33+00:00","dateModified":"2022-11-14T01:22:07+00:00","mainEntityOfPage":{"@id":"https:\/\/diariotextual.com\/inicio\/index.php\/2022\/11\/13\/mi-casa-2-el-ipav-empieza-a-publicar-padron-provisorio-de-inscriptos-en-santa-rosa\/"},"wordCount":293,"publisher":{"@id":"https:\/\/diariotextual.com\/inicio\/#organization"},"image":{"@id":"https:\/\/diariotextual.com\/inicio\/index.php\/2022\/11\/13\/mi-casa-2-el-ipav-empieza-a-publicar-padron-provisorio-de-inscriptos-en-santa-rosa\/#primaryimage"},"thumbnailUrl":"https:\/\/diariotextual.com\/inicio\/wp-content\/uploads\/2019\/04\/casas1009santarosa2019-1.jpg","articleSection":["A - DESTACADAS (mod 16)","SOCIEDAD"],"inLanguage":"es"},{"@type":"WebPage","@id":"https:\/\/diariotextual.com\/inicio\/index.php\/2022\/11\/13\/mi-casa-2-el-ipav-empieza-a-publicar-padron-provisorio-de-inscriptos-en-santa-rosa\/","url":"https:\/\/diariotextual.com\/inicio\/index.php\/2022\/11\/13\/mi-casa-2-el-ipav-empieza-a-publicar-padron-provisorio-de-inscriptos-en-santa-rosa\/","name":"Mi Casa 2: el Ipav empieza a publicar padr\u00f3n provisorio de inscriptos en Santa Rosa - Diario Textual","isPartOf":{"@id":"https:\/\/diariotextual.com\/inicio\/#website"},"primaryImageOfPage":{"@id":"https:\/\/diariotextual.com\/inicio\/index.php\/2022\/11\/13\/mi-casa-2-el-ipav-empieza-a-publicar-padron-provisorio-de-inscriptos-en-santa-rosa\/#primaryimage"},"image":{"@id":"https:\/\/diariotextual.com\/inicio\/index.php\/2022\/11\/13\/mi-casa-2-el-ipav-empieza-a-publicar-padron-provisorio-de-inscriptos-en-santa-rosa\/#primaryimage"},"thumbnailUrl":"https:\/\/diariotextual.com\/inicio\/wp-content\/uploads\/2019\/04\/casas1009santarosa2019-1.jpg","datePublished":"2022-11-14T01:17:33+00:00","dateModified":"2022-11-14T01:22:07+00:00","breadcrumb":{"@id":"https:\/\/diariotextual.com\/inicio\/index.php\/2022\/11\/13\/mi-casa-2-el-ipav-empieza-a-publicar-padron-provisorio-de-inscriptos-en-santa-rosa\/#breadcrumb"},"inLanguage":"es","potentialAction":[{"@type":"ReadAction","target":["https:\/\/diariotextual.com\/inicio\/index.php\/2022\/11\/13\/mi-casa-2-el-ipav-empieza-a-publicar-padron-provisorio-de-inscriptos-en-santa-rosa\/"]}]},{"@type":"ImageObject","inLanguage":"es","@id":"https:\/\/diariotextual.com\/inicio\/index.php\/2022\/11\/13\/mi-casa-2-el-ipav-empieza-a-publicar-padron-provisorio-de-inscriptos-en-santa-rosa\/#primaryimage","url":"https:\/\/diariotextual.com\/inicio\/wp-content\/uploads\/2019\/04\/casas1009santarosa2019-1.jpg","contentUrl":"https:\/\/diariotextual.com\/inicio\/wp-content\/uploads\/2019\/04\/casas1009santarosa2019-1.jpg","width":1743,"height":1188},{"@type":"BreadcrumbList","@id":"https:\/\/diariotextual.com\/inicio\/index.php\/2022\/11\/13\/mi-casa-2-el-ipav-empieza-a-publicar-padron-provisorio-de-inscriptos-en-santa-rosa\/#breadcrumb","itemListElement":[{"@type":"ListItem","position":1,"name":"Portada","item":"https:\/\/diariotextual.com\/inicio\/"},{"@type":"ListItem","position":2,"name":"Mi Casa 2: el Ipav empieza a publicar padr\u00f3n provisorio de inscriptos en Santa Rosa"}]},{"@type":"WebSite","@id":"https:\/\/diariotextual.com\/inicio\/#website","url":"https:\/\/diariotextual.com\/inicio\/","name":"Diario Textual","description":"","publisher":{"@id":"https:\/\/diariotextual.com\/inicio\/#organization"},"potentialAction":[{"@type":"SearchAction","target":{"@type":"EntryPoint","urlTemplate":"https:\/\/diariotextual.com\/inicio\/?s={search_term_string}"},"query-input":{"@type":"PropertyValueSpecification","valueRequired":true,"valueName":"search_term_string"}}],"inLanguage":"es"},{"@type":"Organization","@id":"https:\/\/diariotextual.com\/inicio\/#organization","name":"Diario Textual","url":"https:\/\/diariotextual.com\/inicio\/","logo":{"@type":"ImageObject","inLanguage":"es","@id":"https:\/\/diariotextual.com\/inicio\/#\/schema\/logo\/image\/","url":"https:\/\/diariotextual.com\/inicio\/wp-content\/uploads\/2023\/05\/logotextual1.jpg","contentUrl":"https:\/\/diariotextual.com\/inicio\/wp-content\/uploads\/2023\/05\/logotextual1.jpg","width":516,"height":76,"caption":"Diario Textual"},"image":{"@id":"https:\/\/diariotextual.com\/inicio\/#\/schema\/logo\/image\/"},"sameAs":["https:\/\/www.facebook.com\/eltextual","https:\/\/x.com\/eltextual","http:\/\/www.instagram.com\/eltextual"]},{"@type":"Person","@id":"https:\/\/diariotextual.com\/inicio\/#\/schema\/person\/418fc4093c33e86ed41562db3508f958","name":"Diario1 Diario1","image":{"@type":"ImageObject","inLanguage":"es","@id":"https:\/\/secure.gravatar.com\/avatar\/9167d280179c85bc18be67aa7eda765854300033af4896dd779b608640f2ef7a?s=96&d=mm&r=g","url":"https:\/\/secure.gravatar.com\/avatar\/9167d280179c85bc18be67aa7eda765854300033af4896dd779b608640f2ef7a?s=96&d=mm&r=g","contentUrl":"https:\/\/secure.gravatar.com\/avatar\/9167d280179c85bc18be67aa7eda765854300033af4896dd779b608640f2ef7a?s=96&d=mm&r=g","caption":"Diario1 Diario1"},"url":"https:\/\/diariotextual.com\/inicio\/index.php\/author\/diario1\/"}]}},"_links":{"self":[{"href":"https:\/\/diariotextual.com\/inicio\/index.php\/wp-json\/wp\/v2\/posts\/206970","targetHints":{"allow":["GET"]}}],"collection":[{"href":"https:\/\/diariotextual.com\/inicio\/index.php\/wp-json\/wp\/v2\/posts"}],"about":[{"href":"https:\/\/diariotextual.com\/inicio\/index.php\/wp-json\/wp\/v2\/types\/post"}],"author":[{"embeddable":true,"href":"https:\/\/diariotextual.com\/inicio\/index.php\/wp-json\/wp\/v2\/users\/3"}],"replies":[{"embeddable":true,"href":"https:\/\/diariotextual.com\/inicio\/index.php\/wp-json\/wp\/v2\/comments?post=206970"}],"version-history":[{"count":2,"href":"https:\/\/diariotextual.com\/inicio\/index.php\/wp-json\/wp\/v2\/posts\/206970\/revisions"}],"predecessor-version":[{"id":206972,"href":"https:\/\/diariotextual.com\/inicio\/index.php\/wp-json\/wp\/v2\/posts\/206970\/revisions\/206972"}],"wp:featuredmedia":[{"embeddable":true,"href":"https:\/\/diariotextual.com\/inicio\/index.php\/wp-json\/wp\/v2\/media\/44007"}],"wp:attachment":[{"href":"https:\/\/diariotextual.com\/inicio\/index.php\/wp-json\/wp\/v2\/media?parent=206970"}],"wp:term":[{"taxonomy":"category","embeddable":true,"href":"https:\/\/diariotextual.com\/inicio\/index.php\/wp-json\/wp\/v2\/categories?post=206970"},{"taxonomy":"post_tag","embeddable":true,"href":"https:\/\/diariotextual.com\/inicio\/index.php\/wp-json\/wp\/v2\/tags?post=206970"}],"curies":[{"name":"wp","href":"https:\/\/api.w.org\/{rel}","templated":true}]}}