{"id":207092,"date":"2022-11-14T16:06:30","date_gmt":"2022-11-14T19:06:30","guid":{"rendered":"https:\/\/diariotextual.com\/inicio\/?p=207092"},"modified":"2022-11-14T16:06:33","modified_gmt":"2022-11-14T19:06:33","slug":"capacitaron-en-comunicacion-a-cooperativas-de-trabajo","status":"publish","type":"post","link":"https:\/\/diariotextual.com\/inicio\/index.php\/2022\/11\/14\/capacitaron-en-comunicacion-a-cooperativas-de-trabajo\/","title":{"rendered":"Capacitaron en comunicaci\u00f3n a cooperativas de trabajo"},"content":{"rendered":"\n<p>Distintas <strong>cooperativas de trabajo<\/strong> participaron de una nueva capacitaci\u00f3n ofrecida por la Subsecretaria de Cooperativas y Mutuales del Ministerio de Gobierno, Justicia y Derechos Humanos.<\/p>\n\n\n\n<p>En este caso, el experto en el tema <strong>Pablo Busetti<\/strong> disert\u00f3 sobre comunicaci\u00f3n en cooperativas de trabajo. Fue el s\u00e1bado por la ma\u00f1ana, en uno de los salones del Medasur de la ciudad de Santa Rosa. El tema principal de la disertaci\u00f3n gir\u00f3 en torno a la <strong>estrategia para comunicar la actividad de las entidades<\/strong>, tanto a partir de sitios en la web como en redes sociales. Adem\u00e1s, las instituciones participantes que lo deseen podr\u00e1n acceder ahora al dise\u00f1o de un sitio web propio y en redes sociales a cargo de la Subsecretar\u00eda de Cooperativas.<\/p>\n\n\n\n<p>Esta herramienta que incorpora el organismo del Gobierno de La Pampa se suma a las ya previstas en la presente gesti\u00f3n dedicadas a apuntalar los primeros pasos de las cooperativas de trabajo que se han estado matriculando y empezando con distintas actividades.<\/p>\n\n\n\n<p>Precisamente, la Subsecretar\u00eda a puesto a disposici\u00f3n un programa de capacitaci\u00f3n, en distintos aspectos, para los flamantes dirigentes como as\u00ed tambi\u00e9n una l\u00ednea de subsidios justamente denominada \u201cprimeros pasos\u201d, por la que se otorga un aporte de hasta medio mill\u00f3n de pesos, no reintegrable, destinado a la compra de maquinaria, insumos y herramientas que permitan afianzar la actividad elegida en el dif\u00edcil comienzo.<\/p>\n\n\n\n<p>De la misma manera, se ofrece a estas cooperativas aportes mediante la puesta a disposici\u00f3n de profesionales que las ayuden a llevar al d\u00eda sus administraciones y obligaciones ante los organismos respectivos.<\/p>\n\n\n\n<p>El s\u00e1bado estuvieron presentes las<strong> cooperativas Homero, Caminando, Atrapasue\u00f1os, Las Terkas, Visi\u00f3n 7, Coopecad, Vital Asistencia, Mujeres en Desarrollo y Obras Civiles, entre otras.<\/strong><\/p>\n","protected":false},"excerpt":{"rendered":"<p>Distintas cooperativas de trabajo participaron de una nueva capacitaci\u00f3n ofrecida por la Subsecretaria de Cooperativas y Mutuales del Ministerio de Gobierno, Justicia y Derechos Humanos. En este caso, el experto&hellip;<\/p>\n","protected":false},"author":4,"featured_media":207093,"comment_status":"closed","ping_status":"open","sticky":false,"template":"","format":"standard","meta":{"_acf_changed":false,"footnotes":""},"categories":[1,12],"tags":[],"class_list":["post-207092","post","type-post","status-publish","format-standard","has-post-thumbnail","hentry","category-es-noticia","category-sociedad"],"acf":[],"yoast_head":"<!-- This site is optimized with the Yoast SEO plugin v27.5 - https:\/\/yoast.com\/product\/yoast-seo-wordpress\/ -->\n<title>Capacitaron en comunicaci\u00f3n a cooperativas de trabajo - Diario Textual<\/title>\n<meta name=\"robots\" content=\"index, follow, max-snippet:-1, max-image-preview:large, max-video-preview:-1\" \/>\n<link rel=\"canonical\" href=\"https:\/\/diariotextual.com\/inicio\/index.php\/2022\/11\/14\/capacitaron-en-comunicacion-a-cooperativas-de-trabajo\/\" \/>\n<meta property=\"og:locale\" content=\"es_ES\" \/>\n<meta property=\"og:type\" content=\"article\" \/>\n<meta property=\"og:title\" content=\"Capacitaron en comunicaci\u00f3n a cooperativas de trabajo - Diario Textual\" \/>\n<meta property=\"og:description\" content=\"Distintas cooperativas de trabajo participaron de una nueva capacitaci\u00f3n ofrecida por la Subsecretaria de Cooperativas y Mutuales del Ministerio de Gobierno, Justicia y Derechos Humanos. En este caso, el experto&hellip;\" \/>\n<meta property=\"og:url\" content=\"https:\/\/diariotextual.com\/inicio\/index.php\/2022\/11\/14\/capacitaron-en-comunicacion-a-cooperativas-de-trabajo\/\" \/>\n<meta property=\"og:site_name\" content=\"Diario Textual\" \/>\n<meta property=\"article:publisher\" content=\"https:\/\/www.facebook.com\/eltextual\" \/>\n<meta property=\"article:published_time\" content=\"2022-11-14T19:06:30+00:00\" \/>\n<meta property=\"article:modified_time\" content=\"2022-11-14T19:06:33+00:00\" \/>\n<meta property=\"og:image\" content=\"https:\/\/diariotextual.com\/inicio\/wp-content\/uploads\/2022\/11\/cooperativasdetrabajocapacitacion4545.jpg\" \/>\n\t<meta property=\"og:image:width\" content=\"1279\" \/>\n\t<meta property=\"og:image:height\" content=\"830\" \/>\n\t<meta property=\"og:image:type\" content=\"image\/jpeg\" \/>\n<meta name=\"author\" content=\"diario2\" \/>\n<meta name=\"twitter:card\" content=\"summary_large_image\" \/>\n<meta name=\"twitter:creator\" content=\"@eltextual\" \/>\n<meta name=\"twitter:site\" content=\"@eltextual\" \/>\n<meta name=\"twitter:label1\" content=\"Escrito por\" \/>\n\t<meta name=\"twitter:data1\" content=\"diario2\" \/>\n\t<meta name=\"twitter:label2\" content=\"Tiempo de lectura\" \/>\n\t<meta name=\"twitter:data2\" content=\"2 minutos\" \/>\n<script type=\"application\/ld+json\" class=\"yoast-schema-graph\">{\"@context\":\"https:\\\/\\\/schema.org\",\"@graph\":[{\"@type\":\"Article\",\"@id\":\"https:\\\/\\\/diariotextual.com\\\/inicio\\\/index.php\\\/2022\\\/11\\\/14\\\/capacitaron-en-comunicacion-a-cooperativas-de-trabajo\\\/#article\",\"isPartOf\":{\"@id\":\"https:\\\/\\\/diariotextual.com\\\/inicio\\\/index.php\\\/2022\\\/11\\\/14\\\/capacitaron-en-comunicacion-a-cooperativas-de-trabajo\\\/\"},\"author\":{\"name\":\"diario2\",\"@id\":\"https:\\\/\\\/diariotextual.com\\\/inicio\\\/#\\\/schema\\\/person\\\/694f60677f23c4a530867a98f22b3768\"},\"headline\":\"Capacitaron en comunicaci\u00f3n a cooperativas de trabajo\",\"datePublished\":\"2022-11-14T19:06:30+00:00\",\"dateModified\":\"2022-11-14T19:06:33+00:00\",\"mainEntityOfPage\":{\"@id\":\"https:\\\/\\\/diariotextual.com\\\/inicio\\\/index.php\\\/2022\\\/11\\\/14\\\/capacitaron-en-comunicacion-a-cooperativas-de-trabajo\\\/\"},\"wordCount\":310,\"publisher\":{\"@id\":\"https:\\\/\\\/diariotextual.com\\\/inicio\\\/#organization\"},\"image\":{\"@id\":\"https:\\\/\\\/diariotextual.com\\\/inicio\\\/index.php\\\/2022\\\/11\\\/14\\\/capacitaron-en-comunicacion-a-cooperativas-de-trabajo\\\/#primaryimage\"},\"thumbnailUrl\":\"https:\\\/\\\/diariotextual.com\\\/inicio\\\/wp-content\\\/uploads\\\/2022\\\/11\\\/cooperativasdetrabajocapacitacion4545.jpg\",\"articleSection\":[\"A - ES NOTICIA (van abajo)\",\"SOCIEDAD\"],\"inLanguage\":\"es\"},{\"@type\":\"WebPage\",\"@id\":\"https:\\\/\\\/diariotextual.com\\\/inicio\\\/index.php\\\/2022\\\/11\\\/14\\\/capacitaron-en-comunicacion-a-cooperativas-de-trabajo\\\/\",\"url\":\"https:\\\/\\\/diariotextual.com\\\/inicio\\\/index.php\\\/2022\\\/11\\\/14\\\/capacitaron-en-comunicacion-a-cooperativas-de-trabajo\\\/\",\"name\":\"Capacitaron en comunicaci\u00f3n a cooperativas de trabajo - Diario Textual\",\"isPartOf\":{\"@id\":\"https:\\\/\\\/diariotextual.com\\\/inicio\\\/#website\"},\"primaryImageOfPage\":{\"@id\":\"https:\\\/\\\/diariotextual.com\\\/inicio\\\/index.php\\\/2022\\\/11\\\/14\\\/capacitaron-en-comunicacion-a-cooperativas-de-trabajo\\\/#primaryimage\"},\"image\":{\"@id\":\"https:\\\/\\\/diariotextual.com\\\/inicio\\\/index.php\\\/2022\\\/11\\\/14\\\/capacitaron-en-comunicacion-a-cooperativas-de-trabajo\\\/#primaryimage\"},\"thumbnailUrl\":\"https:\\\/\\\/diariotextual.com\\\/inicio\\\/wp-content\\\/uploads\\\/2022\\\/11\\\/cooperativasdetrabajocapacitacion4545.jpg\",\"datePublished\":\"2022-11-14T19:06:30+00:00\",\"dateModified\":\"2022-11-14T19:06:33+00:00\",\"breadcrumb\":{\"@id\":\"https:\\\/\\\/diariotextual.com\\\/inicio\\\/index.php\\\/2022\\\/11\\\/14\\\/capacitaron-en-comunicacion-a-cooperativas-de-trabajo\\\/#breadcrumb\"},\"inLanguage\":\"es\",\"potentialAction\":[{\"@type\":\"ReadAction\",\"target\":[\"https:\\\/\\\/diariotextual.com\\\/inicio\\\/index.php\\\/2022\\\/11\\\/14\\\/capacitaron-en-comunicacion-a-cooperativas-de-trabajo\\\/\"]}]},{\"@type\":\"ImageObject\",\"inLanguage\":\"es\",\"@id\":\"https:\\\/\\\/diariotextual.com\\\/inicio\\\/index.php\\\/2022\\\/11\\\/14\\\/capacitaron-en-comunicacion-a-cooperativas-de-trabajo\\\/#primaryimage\",\"url\":\"https:\\\/\\\/diariotextual.com\\\/inicio\\\/wp-content\\\/uploads\\\/2022\\\/11\\\/cooperativasdetrabajocapacitacion4545.jpg\",\"contentUrl\":\"https:\\\/\\\/diariotextual.com\\\/inicio\\\/wp-content\\\/uploads\\\/2022\\\/11\\\/cooperativasdetrabajocapacitacion4545.jpg\",\"width\":1279,\"height\":830},{\"@type\":\"BreadcrumbList\",\"@id\":\"https:\\\/\\\/diariotextual.com\\\/inicio\\\/index.php\\\/2022\\\/11\\\/14\\\/capacitaron-en-comunicacion-a-cooperativas-de-trabajo\\\/#breadcrumb\",\"itemListElement\":[{\"@type\":\"ListItem\",\"position\":1,\"name\":\"Portada\",\"item\":\"https:\\\/\\\/diariotextual.com\\\/inicio\\\/\"},{\"@type\":\"ListItem\",\"position\":2,\"name\":\"Capacitaron en comunicaci\u00f3n a cooperativas de trabajo\"}]},{\"@type\":\"WebSite\",\"@id\":\"https:\\\/\\\/diariotextual.com\\\/inicio\\\/#website\",\"url\":\"https:\\\/\\\/diariotextual.com\\\/inicio\\\/\",\"name\":\"Diario Textual\",\"description\":\"\",\"publisher\":{\"@id\":\"https:\\\/\\\/diariotextual.com\\\/inicio\\\/#organization\"},\"potentialAction\":[{\"@type\":\"SearchAction\",\"target\":{\"@type\":\"EntryPoint\",\"urlTemplate\":\"https:\\\/\\\/diariotextual.com\\\/inicio\\\/?s={search_term_string}\"},\"query-input\":{\"@type\":\"PropertyValueSpecification\",\"valueRequired\":true,\"valueName\":\"search_term_string\"}}],\"inLanguage\":\"es\"},{\"@type\":\"Organization\",\"@id\":\"https:\\\/\\\/diariotextual.com\\\/inicio\\\/#organization\",\"name\":\"Diario Textual\",\"url\":\"https:\\\/\\\/diariotextual.com\\\/inicio\\\/\",\"logo\":{\"@type\":\"ImageObject\",\"inLanguage\":\"es\",\"@id\":\"https:\\\/\\\/diariotextual.com\\\/inicio\\\/#\\\/schema\\\/logo\\\/image\\\/\",\"url\":\"https:\\\/\\\/diariotextual.com\\\/inicio\\\/wp-content\\\/uploads\\\/2023\\\/05\\\/logotextual1.jpg\",\"contentUrl\":\"https:\\\/\\\/diariotextual.com\\\/inicio\\\/wp-content\\\/uploads\\\/2023\\\/05\\\/logotextual1.jpg\",\"width\":516,\"height\":76,\"caption\":\"Diario Textual\"},\"image\":{\"@id\":\"https:\\\/\\\/diariotextual.com\\\/inicio\\\/#\\\/schema\\\/logo\\\/image\\\/\"},\"sameAs\":[\"https:\\\/\\\/www.facebook.com\\\/eltextual\",\"https:\\\/\\\/x.com\\\/eltextual\",\"http:\\\/\\\/www.instagram.com\\\/eltextual\"]},{\"@type\":\"Person\",\"@id\":\"https:\\\/\\\/diariotextual.com\\\/inicio\\\/#\\\/schema\\\/person\\\/694f60677f23c4a530867a98f22b3768\",\"name\":\"diario2\",\"image\":{\"@type\":\"ImageObject\",\"inLanguage\":\"es\",\"@id\":\"https:\\\/\\\/secure.gravatar.com\\\/avatar\\\/5a2567495ba16b852fcd8f1ed006a2e24fcace936018ed8237e95f488ad6e0a7?s=96&d=mm&r=g\",\"url\":\"https:\\\/\\\/secure.gravatar.com\\\/avatar\\\/5a2567495ba16b852fcd8f1ed006a2e24fcace936018ed8237e95f488ad6e0a7?s=96&d=mm&r=g\",\"contentUrl\":\"https:\\\/\\\/secure.gravatar.com\\\/avatar\\\/5a2567495ba16b852fcd8f1ed006a2e24fcace936018ed8237e95f488ad6e0a7?s=96&d=mm&r=g\",\"caption\":\"diario2\"},\"url\":\"https:\\\/\\\/diariotextual.com\\\/inicio\\\/index.php\\\/author\\\/diario2\\\/\"}]}<\/script>\n<!-- \/ Yoast SEO plugin. -->","yoast_head_json":{"title":"Capacitaron en comunicaci\u00f3n a cooperativas de trabajo - Diario Textual","robots":{"index":"index","follow":"follow","max-snippet":"max-snippet:-1","max-image-preview":"max-image-preview:large","max-video-preview":"max-video-preview:-1"},"canonical":"https:\/\/diariotextual.com\/inicio\/index.php\/2022\/11\/14\/capacitaron-en-comunicacion-a-cooperativas-de-trabajo\/","og_locale":"es_ES","og_type":"article","og_title":"Capacitaron en comunicaci\u00f3n a cooperativas de trabajo - Diario Textual","og_description":"Distintas cooperativas de trabajo participaron de una nueva capacitaci\u00f3n ofrecida por la Subsecretaria de Cooperativas y Mutuales del Ministerio de Gobierno, Justicia y Derechos Humanos. En este caso, el experto&hellip;","og_url":"https:\/\/diariotextual.com\/inicio\/index.php\/2022\/11\/14\/capacitaron-en-comunicacion-a-cooperativas-de-trabajo\/","og_site_name":"Diario Textual","article_publisher":"https:\/\/www.facebook.com\/eltextual","article_published_time":"2022-11-14T19:06:30+00:00","article_modified_time":"2022-11-14T19:06:33+00:00","og_image":[{"width":1279,"height":830,"url":"https:\/\/diariotextual.com\/inicio\/wp-content\/uploads\/2022\/11\/cooperativasdetrabajocapacitacion4545.jpg","type":"image\/jpeg"}],"author":"diario2","twitter_card":"summary_large_image","twitter_creator":"@eltextual","twitter_site":"@eltextual","twitter_misc":{"Escrito por":"diario2","Tiempo de lectura":"2 minutos"},"schema":{"@context":"https:\/\/schema.org","@graph":[{"@type":"Article","@id":"https:\/\/diariotextual.com\/inicio\/index.php\/2022\/11\/14\/capacitaron-en-comunicacion-a-cooperativas-de-trabajo\/#article","isPartOf":{"@id":"https:\/\/diariotextual.com\/inicio\/index.php\/2022\/11\/14\/capacitaron-en-comunicacion-a-cooperativas-de-trabajo\/"},"author":{"name":"diario2","@id":"https:\/\/diariotextual.com\/inicio\/#\/schema\/person\/694f60677f23c4a530867a98f22b3768"},"headline":"Capacitaron en comunicaci\u00f3n a cooperativas de trabajo","datePublished":"2022-11-14T19:06:30+00:00","dateModified":"2022-11-14T19:06:33+00:00","mainEntityOfPage":{"@id":"https:\/\/diariotextual.com\/inicio\/index.php\/2022\/11\/14\/capacitaron-en-comunicacion-a-cooperativas-de-trabajo\/"},"wordCount":310,"publisher":{"@id":"https:\/\/diariotextual.com\/inicio\/#organization"},"image":{"@id":"https:\/\/diariotextual.com\/inicio\/index.php\/2022\/11\/14\/capacitaron-en-comunicacion-a-cooperativas-de-trabajo\/#primaryimage"},"thumbnailUrl":"https:\/\/diariotextual.com\/inicio\/wp-content\/uploads\/2022\/11\/cooperativasdetrabajocapacitacion4545.jpg","articleSection":["A - ES NOTICIA (van abajo)","SOCIEDAD"],"inLanguage":"es"},{"@type":"WebPage","@id":"https:\/\/diariotextual.com\/inicio\/index.php\/2022\/11\/14\/capacitaron-en-comunicacion-a-cooperativas-de-trabajo\/","url":"https:\/\/diariotextual.com\/inicio\/index.php\/2022\/11\/14\/capacitaron-en-comunicacion-a-cooperativas-de-trabajo\/","name":"Capacitaron en comunicaci\u00f3n a cooperativas de trabajo - Diario Textual","isPartOf":{"@id":"https:\/\/diariotextual.com\/inicio\/#website"},"primaryImageOfPage":{"@id":"https:\/\/diariotextual.com\/inicio\/index.php\/2022\/11\/14\/capacitaron-en-comunicacion-a-cooperativas-de-trabajo\/#primaryimage"},"image":{"@id":"https:\/\/diariotextual.com\/inicio\/index.php\/2022\/11\/14\/capacitaron-en-comunicacion-a-cooperativas-de-trabajo\/#primaryimage"},"thumbnailUrl":"https:\/\/diariotextual.com\/inicio\/wp-content\/uploads\/2022\/11\/cooperativasdetrabajocapacitacion4545.jpg","datePublished":"2022-11-14T19:06:30+00:00","dateModified":"2022-11-14T19:06:33+00:00","breadcrumb":{"@id":"https:\/\/diariotextual.com\/inicio\/index.php\/2022\/11\/14\/capacitaron-en-comunicacion-a-cooperativas-de-trabajo\/#breadcrumb"},"inLanguage":"es","potentialAction":[{"@type":"ReadAction","target":["https:\/\/diariotextual.com\/inicio\/index.php\/2022\/11\/14\/capacitaron-en-comunicacion-a-cooperativas-de-trabajo\/"]}]},{"@type":"ImageObject","inLanguage":"es","@id":"https:\/\/diariotextual.com\/inicio\/index.php\/2022\/11\/14\/capacitaron-en-comunicacion-a-cooperativas-de-trabajo\/#primaryimage","url":"https:\/\/diariotextual.com\/inicio\/wp-content\/uploads\/2022\/11\/cooperativasdetrabajocapacitacion4545.jpg","contentUrl":"https:\/\/diariotextual.com\/inicio\/wp-content\/uploads\/2022\/11\/cooperativasdetrabajocapacitacion4545.jpg","width":1279,"height":830},{"@type":"BreadcrumbList","@id":"https:\/\/diariotextual.com\/inicio\/index.php\/2022\/11\/14\/capacitaron-en-comunicacion-a-cooperativas-de-trabajo\/#breadcrumb","itemListElement":[{"@type":"ListItem","position":1,"name":"Portada","item":"https:\/\/diariotextual.com\/inicio\/"},{"@type":"ListItem","position":2,"name":"Capacitaron en comunicaci\u00f3n a cooperativas de trabajo"}]},{"@type":"WebSite","@id":"https:\/\/diariotextual.com\/inicio\/#website","url":"https:\/\/diariotextual.com\/inicio\/","name":"Diario Textual","description":"","publisher":{"@id":"https:\/\/diariotextual.com\/inicio\/#organization"},"potentialAction":[{"@type":"SearchAction","target":{"@type":"EntryPoint","urlTemplate":"https:\/\/diariotextual.com\/inicio\/?s={search_term_string}"},"query-input":{"@type":"PropertyValueSpecification","valueRequired":true,"valueName":"search_term_string"}}],"inLanguage":"es"},{"@type":"Organization","@id":"https:\/\/diariotextual.com\/inicio\/#organization","name":"Diario Textual","url":"https:\/\/diariotextual.com\/inicio\/","logo":{"@type":"ImageObject","inLanguage":"es","@id":"https:\/\/diariotextual.com\/inicio\/#\/schema\/logo\/image\/","url":"https:\/\/diariotextual.com\/inicio\/wp-content\/uploads\/2023\/05\/logotextual1.jpg","contentUrl":"https:\/\/diariotextual.com\/inicio\/wp-content\/uploads\/2023\/05\/logotextual1.jpg","width":516,"height":76,"caption":"Diario Textual"},"image":{"@id":"https:\/\/diariotextual.com\/inicio\/#\/schema\/logo\/image\/"},"sameAs":["https:\/\/www.facebook.com\/eltextual","https:\/\/x.com\/eltextual","http:\/\/www.instagram.com\/eltextual"]},{"@type":"Person","@id":"https:\/\/diariotextual.com\/inicio\/#\/schema\/person\/694f60677f23c4a530867a98f22b3768","name":"diario2","image":{"@type":"ImageObject","inLanguage":"es","@id":"https:\/\/secure.gravatar.com\/avatar\/5a2567495ba16b852fcd8f1ed006a2e24fcace936018ed8237e95f488ad6e0a7?s=96&d=mm&r=g","url":"https:\/\/secure.gravatar.com\/avatar\/5a2567495ba16b852fcd8f1ed006a2e24fcace936018ed8237e95f488ad6e0a7?s=96&d=mm&r=g","contentUrl":"https:\/\/secure.gravatar.com\/avatar\/5a2567495ba16b852fcd8f1ed006a2e24fcace936018ed8237e95f488ad6e0a7?s=96&d=mm&r=g","caption":"diario2"},"url":"https:\/\/diariotextual.com\/inicio\/index.php\/author\/diario2\/"}]}},"_links":{"self":[{"href":"https:\/\/diariotextual.com\/inicio\/index.php\/wp-json\/wp\/v2\/posts\/207092","targetHints":{"allow":["GET"]}}],"collection":[{"href":"https:\/\/diariotextual.com\/inicio\/index.php\/wp-json\/wp\/v2\/posts"}],"about":[{"href":"https:\/\/diariotextual.com\/inicio\/index.php\/wp-json\/wp\/v2\/types\/post"}],"author":[{"embeddable":true,"href":"https:\/\/diariotextual.com\/inicio\/index.php\/wp-json\/wp\/v2\/users\/4"}],"replies":[{"embeddable":true,"href":"https:\/\/diariotextual.com\/inicio\/index.php\/wp-json\/wp\/v2\/comments?post=207092"}],"version-history":[{"count":1,"href":"https:\/\/diariotextual.com\/inicio\/index.php\/wp-json\/wp\/v2\/posts\/207092\/revisions"}],"predecessor-version":[{"id":207094,"href":"https:\/\/diariotextual.com\/inicio\/index.php\/wp-json\/wp\/v2\/posts\/207092\/revisions\/207094"}],"wp:featuredmedia":[{"embeddable":true,"href":"https:\/\/diariotextual.com\/inicio\/index.php\/wp-json\/wp\/v2\/media\/207093"}],"wp:attachment":[{"href":"https:\/\/diariotextual.com\/inicio\/index.php\/wp-json\/wp\/v2\/media?parent=207092"}],"wp:term":[{"taxonomy":"category","embeddable":true,"href":"https:\/\/diariotextual.com\/inicio\/index.php\/wp-json\/wp\/v2\/categories?post=207092"},{"taxonomy":"post_tag","embeddable":true,"href":"https:\/\/diariotextual.com\/inicio\/index.php\/wp-json\/wp\/v2\/tags?post=207092"}],"curies":[{"name":"wp","href":"https:\/\/api.w.org\/{rel}","templated":true}]}}