{"id":207138,"date":"2022-11-15T07:39:45","date_gmt":"2022-11-15T10:39:45","guid":{"rendered":"https:\/\/diariotextual.com\/inicio\/?p=207138"},"modified":"2022-11-15T16:41:48","modified_gmt":"2022-11-15T19:41:48","slug":"la-fifa-llamo-a-un-alto-el-fuego-en-ucrania-durante-el-mundial-de-qatar","status":"publish","type":"post","link":"https:\/\/diariotextual.com\/inicio\/index.php\/2022\/11\/15\/la-fifa-llamo-a-un-alto-el-fuego-en-ucrania-durante-el-mundial-de-qatar\/","title":{"rendered":"La FIFA llam\u00f3 a un alto el fuego en Ucrania durante el Mundial de Qatar"},"content":{"rendered":"\n<p>El presidente de la FIFA, <strong>Gianni Infantino inst\u00f3 hoy a guardar un alto al fuego de un mes en Ucrania<\/strong>, el periodo de tiempo que dura la Copa del Mundo de Qatar 2022, asegurando que el deporte puede jugar un papel unificador.<\/p>\n\n\n\n<p>\u201cMi llamado a todos ustedes es que valoren un alto al fuego temporal de un mes mientras dure la Copa del Mundo\u201d, declar\u00f3 Infantino durante un almuerzo con los dirigentes del G20 reunidos en la isla indonesia de Bali.<br><br>En caso de que no hubiera tregua, el presidente del m\u00e1ximo organismo del f\u00fatbol mundial mencion\u00f3 la posibilidad de recurrir a&nbsp;<strong>\u201ccorredores humanitarios o cualquier cosa que pueda conducir a retomar el di\u00e1logo\u201d.<\/strong><br><br>Infantino puso en valor el papel unificador del f\u00fatbol, recordando que Rusia organiz\u00f3 el Mundial hace poco m\u00e1s de cuatro a\u00f1os y que Ucrania es candidata para acoger la competici\u00f3n en 2030 con Espa\u00f1a y Portugal.<br><br><strong>\u201cNo somos tan ingenuos como para pensar que el f\u00fatbol puede resolver los problemas del mundo, pero el Mundial es una plataforma \u00fanica, con una audiencia estimada en 5.000 millones de espectadores, ofreciendo una oportunidad para hacer todo lo posible para poner fin a todos los conflictos\u201d<\/strong>, asegur\u00f3 Infantino.<\/p>\n","protected":false},"excerpt":{"rendered":"<p>El presidente de la FIFA, Gianni Infantino inst\u00f3 hoy a guardar un alto al fuego de un mes en Ucrania, el periodo de tiempo que dura la Copa del Mundo&hellip;<\/p>\n","protected":false},"author":4,"featured_media":163159,"comment_status":"closed","ping_status":"open","sticky":false,"template":"","format":"standard","meta":{"_acf_changed":false,"footnotes":""},"categories":[1,3],"tags":[],"class_list":["post-207138","post","type-post","status-publish","format-standard","has-post-thumbnail","hentry","category-es-noticia","category-deportes"],"acf":[],"yoast_head":"<!-- This site is optimized with the Yoast SEO plugin v27.5 - https:\/\/yoast.com\/product\/yoast-seo-wordpress\/ -->\n<title>La FIFA llam\u00f3 a un alto el fuego en Ucrania durante el Mundial de Qatar - Diario Textual<\/title>\n<meta name=\"robots\" content=\"index, follow, max-snippet:-1, max-image-preview:large, max-video-preview:-1\" \/>\n<link rel=\"canonical\" href=\"https:\/\/diariotextual.com\/inicio\/index.php\/2022\/11\/15\/la-fifa-llamo-a-un-alto-el-fuego-en-ucrania-durante-el-mundial-de-qatar\/\" \/>\n<meta property=\"og:locale\" content=\"es_ES\" \/>\n<meta property=\"og:type\" content=\"article\" \/>\n<meta property=\"og:title\" content=\"La FIFA llam\u00f3 a un alto el fuego en Ucrania durante el Mundial de Qatar - Diario Textual\" \/>\n<meta property=\"og:description\" content=\"El presidente de la FIFA, Gianni Infantino inst\u00f3 hoy a guardar un alto al fuego de un mes en Ucrania, el periodo de tiempo que dura la Copa del Mundo&hellip;\" \/>\n<meta property=\"og:url\" content=\"https:\/\/diariotextual.com\/inicio\/index.php\/2022\/11\/15\/la-fifa-llamo-a-un-alto-el-fuego-en-ucrania-durante-el-mundial-de-qatar\/\" \/>\n<meta property=\"og:site_name\" content=\"Diario Textual\" \/>\n<meta property=\"article:publisher\" content=\"https:\/\/www.facebook.com\/eltextual\" \/>\n<meta property=\"article:published_time\" content=\"2022-11-15T10:39:45+00:00\" \/>\n<meta property=\"article:modified_time\" content=\"2022-11-15T19:41:48+00:00\" \/>\n<meta property=\"og:image\" content=\"https:\/\/diariotextual.com\/inicio\/wp-content\/uploads\/2021\/09\/mundialcopa-fifa.jpg\" \/>\n\t<meta property=\"og:image:width\" content=\"748\" \/>\n\t<meta property=\"og:image:height\" content=\"498\" \/>\n\t<meta property=\"og:image:type\" content=\"image\/jpeg\" \/>\n<meta name=\"author\" content=\"diario2\" \/>\n<meta name=\"twitter:card\" content=\"summary_large_image\" \/>\n<meta name=\"twitter:creator\" content=\"@eltextual\" \/>\n<meta name=\"twitter:site\" content=\"@eltextual\" \/>\n<meta name=\"twitter:label1\" content=\"Escrito por\" \/>\n\t<meta name=\"twitter:data1\" content=\"diario2\" \/>\n\t<meta name=\"twitter:label2\" content=\"Tiempo de lectura\" \/>\n\t<meta name=\"twitter:data2\" content=\"1 minuto\" \/>\n<script type=\"application\/ld+json\" class=\"yoast-schema-graph\">{\"@context\":\"https:\\\/\\\/schema.org\",\"@graph\":[{\"@type\":\"Article\",\"@id\":\"https:\\\/\\\/diariotextual.com\\\/inicio\\\/index.php\\\/2022\\\/11\\\/15\\\/la-fifa-llamo-a-un-alto-el-fuego-en-ucrania-durante-el-mundial-de-qatar\\\/#article\",\"isPartOf\":{\"@id\":\"https:\\\/\\\/diariotextual.com\\\/inicio\\\/index.php\\\/2022\\\/11\\\/15\\\/la-fifa-llamo-a-un-alto-el-fuego-en-ucrania-durante-el-mundial-de-qatar\\\/\"},\"author\":{\"name\":\"diario2\",\"@id\":\"https:\\\/\\\/diariotextual.com\\\/inicio\\\/#\\\/schema\\\/person\\\/694f60677f23c4a530867a98f22b3768\"},\"headline\":\"La FIFA llam\u00f3 a un alto el fuego en Ucrania durante el Mundial de Qatar\",\"datePublished\":\"2022-11-15T10:39:45+00:00\",\"dateModified\":\"2022-11-15T19:41:48+00:00\",\"mainEntityOfPage\":{\"@id\":\"https:\\\/\\\/diariotextual.com\\\/inicio\\\/index.php\\\/2022\\\/11\\\/15\\\/la-fifa-llamo-a-un-alto-el-fuego-en-ucrania-durante-el-mundial-de-qatar\\\/\"},\"wordCount\":221,\"publisher\":{\"@id\":\"https:\\\/\\\/diariotextual.com\\\/inicio\\\/#organization\"},\"image\":{\"@id\":\"https:\\\/\\\/diariotextual.com\\\/inicio\\\/index.php\\\/2022\\\/11\\\/15\\\/la-fifa-llamo-a-un-alto-el-fuego-en-ucrania-durante-el-mundial-de-qatar\\\/#primaryimage\"},\"thumbnailUrl\":\"https:\\\/\\\/diariotextual.com\\\/inicio\\\/wp-content\\\/uploads\\\/2021\\\/09\\\/mundialcopa-fifa.jpg\",\"articleSection\":[\"A - ES NOTICIA (van abajo)\",\"DEPORTES\"],\"inLanguage\":\"es\"},{\"@type\":\"WebPage\",\"@id\":\"https:\\\/\\\/diariotextual.com\\\/inicio\\\/index.php\\\/2022\\\/11\\\/15\\\/la-fifa-llamo-a-un-alto-el-fuego-en-ucrania-durante-el-mundial-de-qatar\\\/\",\"url\":\"https:\\\/\\\/diariotextual.com\\\/inicio\\\/index.php\\\/2022\\\/11\\\/15\\\/la-fifa-llamo-a-un-alto-el-fuego-en-ucrania-durante-el-mundial-de-qatar\\\/\",\"name\":\"La FIFA llam\u00f3 a un alto el fuego en Ucrania durante el Mundial de Qatar - Diario Textual\",\"isPartOf\":{\"@id\":\"https:\\\/\\\/diariotextual.com\\\/inicio\\\/#website\"},\"primaryImageOfPage\":{\"@id\":\"https:\\\/\\\/diariotextual.com\\\/inicio\\\/index.php\\\/2022\\\/11\\\/15\\\/la-fifa-llamo-a-un-alto-el-fuego-en-ucrania-durante-el-mundial-de-qatar\\\/#primaryimage\"},\"image\":{\"@id\":\"https:\\\/\\\/diariotextual.com\\\/inicio\\\/index.php\\\/2022\\\/11\\\/15\\\/la-fifa-llamo-a-un-alto-el-fuego-en-ucrania-durante-el-mundial-de-qatar\\\/#primaryimage\"},\"thumbnailUrl\":\"https:\\\/\\\/diariotextual.com\\\/inicio\\\/wp-content\\\/uploads\\\/2021\\\/09\\\/mundialcopa-fifa.jpg\",\"datePublished\":\"2022-11-15T10:39:45+00:00\",\"dateModified\":\"2022-11-15T19:41:48+00:00\",\"breadcrumb\":{\"@id\":\"https:\\\/\\\/diariotextual.com\\\/inicio\\\/index.php\\\/2022\\\/11\\\/15\\\/la-fifa-llamo-a-un-alto-el-fuego-en-ucrania-durante-el-mundial-de-qatar\\\/#breadcrumb\"},\"inLanguage\":\"es\",\"potentialAction\":[{\"@type\":\"ReadAction\",\"target\":[\"https:\\\/\\\/diariotextual.com\\\/inicio\\\/index.php\\\/2022\\\/11\\\/15\\\/la-fifa-llamo-a-un-alto-el-fuego-en-ucrania-durante-el-mundial-de-qatar\\\/\"]}]},{\"@type\":\"ImageObject\",\"inLanguage\":\"es\",\"@id\":\"https:\\\/\\\/diariotextual.com\\\/inicio\\\/index.php\\\/2022\\\/11\\\/15\\\/la-fifa-llamo-a-un-alto-el-fuego-en-ucrania-durante-el-mundial-de-qatar\\\/#primaryimage\",\"url\":\"https:\\\/\\\/diariotextual.com\\\/inicio\\\/wp-content\\\/uploads\\\/2021\\\/09\\\/mundialcopa-fifa.jpg\",\"contentUrl\":\"https:\\\/\\\/diariotextual.com\\\/inicio\\\/wp-content\\\/uploads\\\/2021\\\/09\\\/mundialcopa-fifa.jpg\",\"width\":748,\"height\":498},{\"@type\":\"BreadcrumbList\",\"@id\":\"https:\\\/\\\/diariotextual.com\\\/inicio\\\/index.php\\\/2022\\\/11\\\/15\\\/la-fifa-llamo-a-un-alto-el-fuego-en-ucrania-durante-el-mundial-de-qatar\\\/#breadcrumb\",\"itemListElement\":[{\"@type\":\"ListItem\",\"position\":1,\"name\":\"Portada\",\"item\":\"https:\\\/\\\/diariotextual.com\\\/inicio\\\/\"},{\"@type\":\"ListItem\",\"position\":2,\"name\":\"La FIFA llam\u00f3 a un alto el fuego en Ucrania durante el Mundial de Qatar\"}]},{\"@type\":\"WebSite\",\"@id\":\"https:\\\/\\\/diariotextual.com\\\/inicio\\\/#website\",\"url\":\"https:\\\/\\\/diariotextual.com\\\/inicio\\\/\",\"name\":\"Diario Textual\",\"description\":\"\",\"publisher\":{\"@id\":\"https:\\\/\\\/diariotextual.com\\\/inicio\\\/#organization\"},\"potentialAction\":[{\"@type\":\"SearchAction\",\"target\":{\"@type\":\"EntryPoint\",\"urlTemplate\":\"https:\\\/\\\/diariotextual.com\\\/inicio\\\/?s={search_term_string}\"},\"query-input\":{\"@type\":\"PropertyValueSpecification\",\"valueRequired\":true,\"valueName\":\"search_term_string\"}}],\"inLanguage\":\"es\"},{\"@type\":\"Organization\",\"@id\":\"https:\\\/\\\/diariotextual.com\\\/inicio\\\/#organization\",\"name\":\"Diario Textual\",\"url\":\"https:\\\/\\\/diariotextual.com\\\/inicio\\\/\",\"logo\":{\"@type\":\"ImageObject\",\"inLanguage\":\"es\",\"@id\":\"https:\\\/\\\/diariotextual.com\\\/inicio\\\/#\\\/schema\\\/logo\\\/image\\\/\",\"url\":\"https:\\\/\\\/diariotextual.com\\\/inicio\\\/wp-content\\\/uploads\\\/2023\\\/05\\\/logotextual1.jpg\",\"contentUrl\":\"https:\\\/\\\/diariotextual.com\\\/inicio\\\/wp-content\\\/uploads\\\/2023\\\/05\\\/logotextual1.jpg\",\"width\":516,\"height\":76,\"caption\":\"Diario Textual\"},\"image\":{\"@id\":\"https:\\\/\\\/diariotextual.com\\\/inicio\\\/#\\\/schema\\\/logo\\\/image\\\/\"},\"sameAs\":[\"https:\\\/\\\/www.facebook.com\\\/eltextual\",\"https:\\\/\\\/x.com\\\/eltextual\",\"http:\\\/\\\/www.instagram.com\\\/eltextual\"]},{\"@type\":\"Person\",\"@id\":\"https:\\\/\\\/diariotextual.com\\\/inicio\\\/#\\\/schema\\\/person\\\/694f60677f23c4a530867a98f22b3768\",\"name\":\"diario2\",\"image\":{\"@type\":\"ImageObject\",\"inLanguage\":\"es\",\"@id\":\"https:\\\/\\\/secure.gravatar.com\\\/avatar\\\/5a2567495ba16b852fcd8f1ed006a2e24fcace936018ed8237e95f488ad6e0a7?s=96&d=mm&r=g\",\"url\":\"https:\\\/\\\/secure.gravatar.com\\\/avatar\\\/5a2567495ba16b852fcd8f1ed006a2e24fcace936018ed8237e95f488ad6e0a7?s=96&d=mm&r=g\",\"contentUrl\":\"https:\\\/\\\/secure.gravatar.com\\\/avatar\\\/5a2567495ba16b852fcd8f1ed006a2e24fcace936018ed8237e95f488ad6e0a7?s=96&d=mm&r=g\",\"caption\":\"diario2\"},\"url\":\"https:\\\/\\\/diariotextual.com\\\/inicio\\\/index.php\\\/author\\\/diario2\\\/\"}]}<\/script>\n<!-- \/ Yoast SEO plugin. -->","yoast_head_json":{"title":"La FIFA llam\u00f3 a un alto el fuego en Ucrania durante el Mundial de Qatar - Diario Textual","robots":{"index":"index","follow":"follow","max-snippet":"max-snippet:-1","max-image-preview":"max-image-preview:large","max-video-preview":"max-video-preview:-1"},"canonical":"https:\/\/diariotextual.com\/inicio\/index.php\/2022\/11\/15\/la-fifa-llamo-a-un-alto-el-fuego-en-ucrania-durante-el-mundial-de-qatar\/","og_locale":"es_ES","og_type":"article","og_title":"La FIFA llam\u00f3 a un alto el fuego en Ucrania durante el Mundial de Qatar - Diario Textual","og_description":"El presidente de la FIFA, Gianni Infantino inst\u00f3 hoy a guardar un alto al fuego de un mes en Ucrania, el periodo de tiempo que dura la Copa del Mundo&hellip;","og_url":"https:\/\/diariotextual.com\/inicio\/index.php\/2022\/11\/15\/la-fifa-llamo-a-un-alto-el-fuego-en-ucrania-durante-el-mundial-de-qatar\/","og_site_name":"Diario Textual","article_publisher":"https:\/\/www.facebook.com\/eltextual","article_published_time":"2022-11-15T10:39:45+00:00","article_modified_time":"2022-11-15T19:41:48+00:00","og_image":[{"width":748,"height":498,"url":"https:\/\/diariotextual.com\/inicio\/wp-content\/uploads\/2021\/09\/mundialcopa-fifa.jpg","type":"image\/jpeg"}],"author":"diario2","twitter_card":"summary_large_image","twitter_creator":"@eltextual","twitter_site":"@eltextual","twitter_misc":{"Escrito por":"diario2","Tiempo de lectura":"1 minuto"},"schema":{"@context":"https:\/\/schema.org","@graph":[{"@type":"Article","@id":"https:\/\/diariotextual.com\/inicio\/index.php\/2022\/11\/15\/la-fifa-llamo-a-un-alto-el-fuego-en-ucrania-durante-el-mundial-de-qatar\/#article","isPartOf":{"@id":"https:\/\/diariotextual.com\/inicio\/index.php\/2022\/11\/15\/la-fifa-llamo-a-un-alto-el-fuego-en-ucrania-durante-el-mundial-de-qatar\/"},"author":{"name":"diario2","@id":"https:\/\/diariotextual.com\/inicio\/#\/schema\/person\/694f60677f23c4a530867a98f22b3768"},"headline":"La FIFA llam\u00f3 a un alto el fuego en Ucrania durante el Mundial de Qatar","datePublished":"2022-11-15T10:39:45+00:00","dateModified":"2022-11-15T19:41:48+00:00","mainEntityOfPage":{"@id":"https:\/\/diariotextual.com\/inicio\/index.php\/2022\/11\/15\/la-fifa-llamo-a-un-alto-el-fuego-en-ucrania-durante-el-mundial-de-qatar\/"},"wordCount":221,"publisher":{"@id":"https:\/\/diariotextual.com\/inicio\/#organization"},"image":{"@id":"https:\/\/diariotextual.com\/inicio\/index.php\/2022\/11\/15\/la-fifa-llamo-a-un-alto-el-fuego-en-ucrania-durante-el-mundial-de-qatar\/#primaryimage"},"thumbnailUrl":"https:\/\/diariotextual.com\/inicio\/wp-content\/uploads\/2021\/09\/mundialcopa-fifa.jpg","articleSection":["A - ES NOTICIA (van abajo)","DEPORTES"],"inLanguage":"es"},{"@type":"WebPage","@id":"https:\/\/diariotextual.com\/inicio\/index.php\/2022\/11\/15\/la-fifa-llamo-a-un-alto-el-fuego-en-ucrania-durante-el-mundial-de-qatar\/","url":"https:\/\/diariotextual.com\/inicio\/index.php\/2022\/11\/15\/la-fifa-llamo-a-un-alto-el-fuego-en-ucrania-durante-el-mundial-de-qatar\/","name":"La FIFA llam\u00f3 a un alto el fuego en Ucrania durante el Mundial de Qatar - Diario Textual","isPartOf":{"@id":"https:\/\/diariotextual.com\/inicio\/#website"},"primaryImageOfPage":{"@id":"https:\/\/diariotextual.com\/inicio\/index.php\/2022\/11\/15\/la-fifa-llamo-a-un-alto-el-fuego-en-ucrania-durante-el-mundial-de-qatar\/#primaryimage"},"image":{"@id":"https:\/\/diariotextual.com\/inicio\/index.php\/2022\/11\/15\/la-fifa-llamo-a-un-alto-el-fuego-en-ucrania-durante-el-mundial-de-qatar\/#primaryimage"},"thumbnailUrl":"https:\/\/diariotextual.com\/inicio\/wp-content\/uploads\/2021\/09\/mundialcopa-fifa.jpg","datePublished":"2022-11-15T10:39:45+00:00","dateModified":"2022-11-15T19:41:48+00:00","breadcrumb":{"@id":"https:\/\/diariotextual.com\/inicio\/index.php\/2022\/11\/15\/la-fifa-llamo-a-un-alto-el-fuego-en-ucrania-durante-el-mundial-de-qatar\/#breadcrumb"},"inLanguage":"es","potentialAction":[{"@type":"ReadAction","target":["https:\/\/diariotextual.com\/inicio\/index.php\/2022\/11\/15\/la-fifa-llamo-a-un-alto-el-fuego-en-ucrania-durante-el-mundial-de-qatar\/"]}]},{"@type":"ImageObject","inLanguage":"es","@id":"https:\/\/diariotextual.com\/inicio\/index.php\/2022\/11\/15\/la-fifa-llamo-a-un-alto-el-fuego-en-ucrania-durante-el-mundial-de-qatar\/#primaryimage","url":"https:\/\/diariotextual.com\/inicio\/wp-content\/uploads\/2021\/09\/mundialcopa-fifa.jpg","contentUrl":"https:\/\/diariotextual.com\/inicio\/wp-content\/uploads\/2021\/09\/mundialcopa-fifa.jpg","width":748,"height":498},{"@type":"BreadcrumbList","@id":"https:\/\/diariotextual.com\/inicio\/index.php\/2022\/11\/15\/la-fifa-llamo-a-un-alto-el-fuego-en-ucrania-durante-el-mundial-de-qatar\/#breadcrumb","itemListElement":[{"@type":"ListItem","position":1,"name":"Portada","item":"https:\/\/diariotextual.com\/inicio\/"},{"@type":"ListItem","position":2,"name":"La FIFA llam\u00f3 a un alto el fuego en Ucrania durante el Mundial de Qatar"}]},{"@type":"WebSite","@id":"https:\/\/diariotextual.com\/inicio\/#website","url":"https:\/\/diariotextual.com\/inicio\/","name":"Diario Textual","description":"","publisher":{"@id":"https:\/\/diariotextual.com\/inicio\/#organization"},"potentialAction":[{"@type":"SearchAction","target":{"@type":"EntryPoint","urlTemplate":"https:\/\/diariotextual.com\/inicio\/?s={search_term_string}"},"query-input":{"@type":"PropertyValueSpecification","valueRequired":true,"valueName":"search_term_string"}}],"inLanguage":"es"},{"@type":"Organization","@id":"https:\/\/diariotextual.com\/inicio\/#organization","name":"Diario Textual","url":"https:\/\/diariotextual.com\/inicio\/","logo":{"@type":"ImageObject","inLanguage":"es","@id":"https:\/\/diariotextual.com\/inicio\/#\/schema\/logo\/image\/","url":"https:\/\/diariotextual.com\/inicio\/wp-content\/uploads\/2023\/05\/logotextual1.jpg","contentUrl":"https:\/\/diariotextual.com\/inicio\/wp-content\/uploads\/2023\/05\/logotextual1.jpg","width":516,"height":76,"caption":"Diario Textual"},"image":{"@id":"https:\/\/diariotextual.com\/inicio\/#\/schema\/logo\/image\/"},"sameAs":["https:\/\/www.facebook.com\/eltextual","https:\/\/x.com\/eltextual","http:\/\/www.instagram.com\/eltextual"]},{"@type":"Person","@id":"https:\/\/diariotextual.com\/inicio\/#\/schema\/person\/694f60677f23c4a530867a98f22b3768","name":"diario2","image":{"@type":"ImageObject","inLanguage":"es","@id":"https:\/\/secure.gravatar.com\/avatar\/5a2567495ba16b852fcd8f1ed006a2e24fcace936018ed8237e95f488ad6e0a7?s=96&d=mm&r=g","url":"https:\/\/secure.gravatar.com\/avatar\/5a2567495ba16b852fcd8f1ed006a2e24fcace936018ed8237e95f488ad6e0a7?s=96&d=mm&r=g","contentUrl":"https:\/\/secure.gravatar.com\/avatar\/5a2567495ba16b852fcd8f1ed006a2e24fcace936018ed8237e95f488ad6e0a7?s=96&d=mm&r=g","caption":"diario2"},"url":"https:\/\/diariotextual.com\/inicio\/index.php\/author\/diario2\/"}]}},"_links":{"self":[{"href":"https:\/\/diariotextual.com\/inicio\/index.php\/wp-json\/wp\/v2\/posts\/207138","targetHints":{"allow":["GET"]}}],"collection":[{"href":"https:\/\/diariotextual.com\/inicio\/index.php\/wp-json\/wp\/v2\/posts"}],"about":[{"href":"https:\/\/diariotextual.com\/inicio\/index.php\/wp-json\/wp\/v2\/types\/post"}],"author":[{"embeddable":true,"href":"https:\/\/diariotextual.com\/inicio\/index.php\/wp-json\/wp\/v2\/users\/4"}],"replies":[{"embeddable":true,"href":"https:\/\/diariotextual.com\/inicio\/index.php\/wp-json\/wp\/v2\/comments?post=207138"}],"version-history":[{"count":2,"href":"https:\/\/diariotextual.com\/inicio\/index.php\/wp-json\/wp\/v2\/posts\/207138\/revisions"}],"predecessor-version":[{"id":207140,"href":"https:\/\/diariotextual.com\/inicio\/index.php\/wp-json\/wp\/v2\/posts\/207138\/revisions\/207140"}],"wp:featuredmedia":[{"embeddable":true,"href":"https:\/\/diariotextual.com\/inicio\/index.php\/wp-json\/wp\/v2\/media\/163159"}],"wp:attachment":[{"href":"https:\/\/diariotextual.com\/inicio\/index.php\/wp-json\/wp\/v2\/media?parent=207138"}],"wp:term":[{"taxonomy":"category","embeddable":true,"href":"https:\/\/diariotextual.com\/inicio\/index.php\/wp-json\/wp\/v2\/categories?post=207138"},{"taxonomy":"post_tag","embeddable":true,"href":"https:\/\/diariotextual.com\/inicio\/index.php\/wp-json\/wp\/v2\/tags?post=207138"}],"curies":[{"name":"wp","href":"https:\/\/api.w.org\/{rel}","templated":true}]}}