{"id":207190,"date":"2022-11-15T15:05:54","date_gmt":"2022-11-15T18:05:54","guid":{"rendered":"https:\/\/diariotextual.com\/inicio\/?p=207190"},"modified":"2022-11-15T15:05:57","modified_gmt":"2022-11-15T18:05:57","slug":"se-inauguro-la-29-edicion-de-los-juegos-de-la-araucania","status":"publish","type":"post","link":"https:\/\/diariotextual.com\/inicio\/index.php\/2022\/11\/15\/se-inauguro-la-29-edicion-de-los-juegos-de-la-araucania\/","title":{"rendered":"Se inaugur\u00f3 la 29\u00b0 edici\u00f3n de los Juegos de la Araucan\u00eda"},"content":{"rendered":"\n<p>En la regi\u00f3n de Los Lagos, Chile, quedaron inaugurados este lunes los Juegos de la Araucan\u00eda, que convoca a j\u00f3venes de las regiones de la Patagonia argentina y chilena.<\/p>\n\n\n\n<p>El presidente del Comit\u00e9 de Araucan\u00eda y subsecretario de Deportes, Recreaci\u00f3n y Turismo de La Pampa, Ceferino Almud\u00e9var, salud\u00f3 a las autoridades presentes y a los y las deportistas que participan. \u201cEs una alegr\u00eda estar presentes en los juegos del reencuentro. Fue muy duro en el a\u00f1o 2020 tener que reunirnos por Zoom y tener que suspender los juegos binacionales, lo mismo nos sucedi\u00f3 en 2021. Hoy tenemos una alegr\u00eda enorme quiz\u00e1s en el evento m\u00e1s importante de la Patagonia argentina y chilena\u201d, expres\u00f3 en su discurso.<\/p>\n\n\n\n<p>\u201cEl deporte hizo soporte del trabajo de Salud para unir a todo el sur de Chile para disfrutar de estos juegos que est\u00e1n pensados y dise\u00f1ados para nuestra juventud\u201d, agreg\u00f3.<\/p>\n\n\n\n<p>\u201cDesde lo dirigencial -continu\u00f3 Almud\u00e9var- tenemos que seguir apostando a estos juegos, redoblar los esfuerzos, nunca tenemos que poner en duda estos juegos que tienen 29 a\u00f1os. Todos los a\u00f1os tenemos una cita que congrega a 2700 j\u00f3venes que van\u00a0a compartir, a conocer otra geograf\u00eda, nuevas culturas y eso es fundamental, m\u00e1s all\u00e1 de los resultados de los partidos\u201d.<\/p>\n\n\n\n<p>\u201cA los j\u00f3venes -continu\u00f3- que son quienes nos inspiran para hacer estos juegos, son una parte muy importante para poder defender y reclamar que estos juegos se hagan a\u00f1o a a\u00f1o. Tenemos que adaptarnos a los nuevos tiempos que vivimos, porque tenemos una responsabilidad enorme, para consolidarlos y que sigan por a\u00f1os\u201d.<\/p>\n\n\n\n<p>M\u00e1s adelante agradeci\u00f3 a la organizaci\u00f3n local, a sus colegas de la Patagonia argentina y chilena y fundamentalmente a los deportistas. \u201cDe estos 2700 por ah\u00ed un porcentaje bajo sigue su carrera deportiva o compitan en la elite. Pero lo que queremos es que abracen al deporte como un estilo de vida, que es lo m\u00e1s importante que pueden hacer\u201d, dijo.<\/p>\n\n\n\n<figure class=\"wp-block-image size-full\"><img fetchpriority=\"high\" decoding=\"async\" width=\"1000\" height=\"629\" src=\"https:\/\/diariotextual.com\/inicio\/wp-content\/uploads\/2022\/11\/araucania2022deportistas64.jpg\" alt=\"\" class=\"wp-image-207192\" srcset=\"https:\/\/diariotextual.com\/inicio\/wp-content\/uploads\/2022\/11\/araucania2022deportistas64.jpg 1000w, https:\/\/diariotextual.com\/inicio\/wp-content\/uploads\/2022\/11\/araucania2022deportistas64-300x189.jpg 300w, https:\/\/diariotextual.com\/inicio\/wp-content\/uploads\/2022\/11\/araucania2022deportistas64-768x483.jpg 768w, https:\/\/diariotextual.com\/inicio\/wp-content\/uploads\/2022\/11\/araucania2022deportistas64-585x368.jpg 585w\" sizes=\"(max-width: 1000px) 100vw, 1000px\" \/><\/figure>\n\n\n\n<p>Por su parte, la ministra de Deporte Regi\u00f3n de Los Lagos, Carolina Urrutia Soto, organizadores del evento, expres\u00f3 que quieren \u201cdar un buen espect\u00e1culo, fue un bonito evento donde los chicos pudieron disfrutar, que para nosotros lo primordial son los deportistas. Este fue el inicio de lo bien que lo van a pasar durante esta semana\u201d.<\/p>\n\n\n\n<p>\u201cHay que tener en cuenta que estos juegos que est\u00e1n basados en el deporte, lo que busca en si desde que se crearon, unir a los j\u00f3venes a trav\u00e9s del deporte, crear lazos, vivir nuevas experiencias y demostrar el valor que hay\u201d, expres\u00f3.<\/p>\n\n\n\n<p>Como cierre del acto inaugural, a trav\u00e9s del s\u00edmbolo del fuego sagrado, dos deportistas prendieron la antorcha ol\u00edmpica para dar inicio a esta 29\u00b0 edici\u00f3n de los Juegos Binacionales de la Araucan\u00eda, por lo cual quedaron oficialmente inaugurados.<\/p>\n","protected":false},"excerpt":{"rendered":"<p>En la regi\u00f3n de Los Lagos, Chile, quedaron inaugurados este lunes los Juegos de la Araucan\u00eda, que convoca a j\u00f3venes de las regiones de la Patagonia argentina y chilena. El&hellip;<\/p>\n","protected":false},"author":4,"featured_media":207191,"comment_status":"closed","ping_status":"open","sticky":false,"template":"","format":"standard","meta":{"_acf_changed":false,"footnotes":""},"categories":[1,3],"tags":[],"class_list":["post-207190","post","type-post","status-publish","format-standard","has-post-thumbnail","hentry","category-es-noticia","category-deportes"],"acf":[],"yoast_head":"<!-- This site is optimized with the Yoast SEO plugin v27.5 - https:\/\/yoast.com\/product\/yoast-seo-wordpress\/ -->\n<title>Se inaugur\u00f3 la 29\u00b0 edici\u00f3n de los Juegos de la Araucan\u00eda - Diario Textual<\/title>\n<meta name=\"robots\" content=\"index, follow, max-snippet:-1, max-image-preview:large, max-video-preview:-1\" \/>\n<link rel=\"canonical\" href=\"https:\/\/diariotextual.com\/inicio\/index.php\/2022\/11\/15\/se-inauguro-la-29-edicion-de-los-juegos-de-la-araucania\/\" \/>\n<meta property=\"og:locale\" content=\"es_ES\" \/>\n<meta property=\"og:type\" content=\"article\" \/>\n<meta property=\"og:title\" content=\"Se inaugur\u00f3 la 29\u00b0 edici\u00f3n de los Juegos de la Araucan\u00eda - Diario Textual\" \/>\n<meta property=\"og:description\" content=\"En la regi\u00f3n de Los Lagos, Chile, quedaron inaugurados este lunes los Juegos de la Araucan\u00eda, que convoca a j\u00f3venes de las regiones de la Patagonia argentina y chilena. El&hellip;\" \/>\n<meta property=\"og:url\" content=\"https:\/\/diariotextual.com\/inicio\/index.php\/2022\/11\/15\/se-inauguro-la-29-edicion-de-los-juegos-de-la-araucania\/\" \/>\n<meta property=\"og:site_name\" content=\"Diario Textual\" \/>\n<meta property=\"article:publisher\" content=\"https:\/\/www.facebook.com\/eltextual\" \/>\n<meta property=\"article:published_time\" content=\"2022-11-15T18:05:54+00:00\" \/>\n<meta property=\"article:modified_time\" content=\"2022-11-15T18:05:57+00:00\" \/>\n<meta property=\"og:image\" content=\"https:\/\/diariotextual.com\/inicio\/wp-content\/uploads\/2022\/11\/araucania2022autoridades4.jpg\" \/>\n\t<meta property=\"og:image:width\" content=\"1000\" \/>\n\t<meta property=\"og:image:height\" content=\"668\" \/>\n\t<meta property=\"og:image:type\" content=\"image\/jpeg\" \/>\n<meta name=\"author\" content=\"diario2\" \/>\n<meta name=\"twitter:card\" content=\"summary_large_image\" \/>\n<meta name=\"twitter:creator\" content=\"@eltextual\" \/>\n<meta name=\"twitter:site\" content=\"@eltextual\" \/>\n<meta name=\"twitter:label1\" content=\"Escrito por\" \/>\n\t<meta name=\"twitter:data1\" content=\"diario2\" \/>\n\t<meta name=\"twitter:label2\" content=\"Tiempo de lectura\" \/>\n\t<meta name=\"twitter:data2\" content=\"3 minutos\" \/>\n<script type=\"application\/ld+json\" class=\"yoast-schema-graph\">{\"@context\":\"https:\\\/\\\/schema.org\",\"@graph\":[{\"@type\":\"Article\",\"@id\":\"https:\\\/\\\/diariotextual.com\\\/inicio\\\/index.php\\\/2022\\\/11\\\/15\\\/se-inauguro-la-29-edicion-de-los-juegos-de-la-araucania\\\/#article\",\"isPartOf\":{\"@id\":\"https:\\\/\\\/diariotextual.com\\\/inicio\\\/index.php\\\/2022\\\/11\\\/15\\\/se-inauguro-la-29-edicion-de-los-juegos-de-la-araucania\\\/\"},\"author\":{\"name\":\"diario2\",\"@id\":\"https:\\\/\\\/diariotextual.com\\\/inicio\\\/#\\\/schema\\\/person\\\/694f60677f23c4a530867a98f22b3768\"},\"headline\":\"Se inaugur\u00f3 la 29\u00b0 edici\u00f3n de los Juegos de la Araucan\u00eda\",\"datePublished\":\"2022-11-15T18:05:54+00:00\",\"dateModified\":\"2022-11-15T18:05:57+00:00\",\"mainEntityOfPage\":{\"@id\":\"https:\\\/\\\/diariotextual.com\\\/inicio\\\/index.php\\\/2022\\\/11\\\/15\\\/se-inauguro-la-29-edicion-de-los-juegos-de-la-araucania\\\/\"},\"wordCount\":499,\"publisher\":{\"@id\":\"https:\\\/\\\/diariotextual.com\\\/inicio\\\/#organization\"},\"image\":{\"@id\":\"https:\\\/\\\/diariotextual.com\\\/inicio\\\/index.php\\\/2022\\\/11\\\/15\\\/se-inauguro-la-29-edicion-de-los-juegos-de-la-araucania\\\/#primaryimage\"},\"thumbnailUrl\":\"https:\\\/\\\/diariotextual.com\\\/inicio\\\/wp-content\\\/uploads\\\/2022\\\/11\\\/araucania2022autoridades4.jpg\",\"articleSection\":[\"A - ES NOTICIA (van abajo)\",\"DEPORTES\"],\"inLanguage\":\"es\"},{\"@type\":\"WebPage\",\"@id\":\"https:\\\/\\\/diariotextual.com\\\/inicio\\\/index.php\\\/2022\\\/11\\\/15\\\/se-inauguro-la-29-edicion-de-los-juegos-de-la-araucania\\\/\",\"url\":\"https:\\\/\\\/diariotextual.com\\\/inicio\\\/index.php\\\/2022\\\/11\\\/15\\\/se-inauguro-la-29-edicion-de-los-juegos-de-la-araucania\\\/\",\"name\":\"Se inaugur\u00f3 la 29\u00b0 edici\u00f3n de los Juegos de la Araucan\u00eda - Diario Textual\",\"isPartOf\":{\"@id\":\"https:\\\/\\\/diariotextual.com\\\/inicio\\\/#website\"},\"primaryImageOfPage\":{\"@id\":\"https:\\\/\\\/diariotextual.com\\\/inicio\\\/index.php\\\/2022\\\/11\\\/15\\\/se-inauguro-la-29-edicion-de-los-juegos-de-la-araucania\\\/#primaryimage\"},\"image\":{\"@id\":\"https:\\\/\\\/diariotextual.com\\\/inicio\\\/index.php\\\/2022\\\/11\\\/15\\\/se-inauguro-la-29-edicion-de-los-juegos-de-la-araucania\\\/#primaryimage\"},\"thumbnailUrl\":\"https:\\\/\\\/diariotextual.com\\\/inicio\\\/wp-content\\\/uploads\\\/2022\\\/11\\\/araucania2022autoridades4.jpg\",\"datePublished\":\"2022-11-15T18:05:54+00:00\",\"dateModified\":\"2022-11-15T18:05:57+00:00\",\"breadcrumb\":{\"@id\":\"https:\\\/\\\/diariotextual.com\\\/inicio\\\/index.php\\\/2022\\\/11\\\/15\\\/se-inauguro-la-29-edicion-de-los-juegos-de-la-araucania\\\/#breadcrumb\"},\"inLanguage\":\"es\",\"potentialAction\":[{\"@type\":\"ReadAction\",\"target\":[\"https:\\\/\\\/diariotextual.com\\\/inicio\\\/index.php\\\/2022\\\/11\\\/15\\\/se-inauguro-la-29-edicion-de-los-juegos-de-la-araucania\\\/\"]}]},{\"@type\":\"ImageObject\",\"inLanguage\":\"es\",\"@id\":\"https:\\\/\\\/diariotextual.com\\\/inicio\\\/index.php\\\/2022\\\/11\\\/15\\\/se-inauguro-la-29-edicion-de-los-juegos-de-la-araucania\\\/#primaryimage\",\"url\":\"https:\\\/\\\/diariotextual.com\\\/inicio\\\/wp-content\\\/uploads\\\/2022\\\/11\\\/araucania2022autoridades4.jpg\",\"contentUrl\":\"https:\\\/\\\/diariotextual.com\\\/inicio\\\/wp-content\\\/uploads\\\/2022\\\/11\\\/araucania2022autoridades4.jpg\",\"width\":1000,\"height\":668},{\"@type\":\"BreadcrumbList\",\"@id\":\"https:\\\/\\\/diariotextual.com\\\/inicio\\\/index.php\\\/2022\\\/11\\\/15\\\/se-inauguro-la-29-edicion-de-los-juegos-de-la-araucania\\\/#breadcrumb\",\"itemListElement\":[{\"@type\":\"ListItem\",\"position\":1,\"name\":\"Portada\",\"item\":\"https:\\\/\\\/diariotextual.com\\\/inicio\\\/\"},{\"@type\":\"ListItem\",\"position\":2,\"name\":\"Se inaugur\u00f3 la 29\u00b0 edici\u00f3n de los Juegos de la Araucan\u00eda\"}]},{\"@type\":\"WebSite\",\"@id\":\"https:\\\/\\\/diariotextual.com\\\/inicio\\\/#website\",\"url\":\"https:\\\/\\\/diariotextual.com\\\/inicio\\\/\",\"name\":\"Diario Textual\",\"description\":\"\",\"publisher\":{\"@id\":\"https:\\\/\\\/diariotextual.com\\\/inicio\\\/#organization\"},\"potentialAction\":[{\"@type\":\"SearchAction\",\"target\":{\"@type\":\"EntryPoint\",\"urlTemplate\":\"https:\\\/\\\/diariotextual.com\\\/inicio\\\/?s={search_term_string}\"},\"query-input\":{\"@type\":\"PropertyValueSpecification\",\"valueRequired\":true,\"valueName\":\"search_term_string\"}}],\"inLanguage\":\"es\"},{\"@type\":\"Organization\",\"@id\":\"https:\\\/\\\/diariotextual.com\\\/inicio\\\/#organization\",\"name\":\"Diario Textual\",\"url\":\"https:\\\/\\\/diariotextual.com\\\/inicio\\\/\",\"logo\":{\"@type\":\"ImageObject\",\"inLanguage\":\"es\",\"@id\":\"https:\\\/\\\/diariotextual.com\\\/inicio\\\/#\\\/schema\\\/logo\\\/image\\\/\",\"url\":\"https:\\\/\\\/diariotextual.com\\\/inicio\\\/wp-content\\\/uploads\\\/2023\\\/05\\\/logotextual1.jpg\",\"contentUrl\":\"https:\\\/\\\/diariotextual.com\\\/inicio\\\/wp-content\\\/uploads\\\/2023\\\/05\\\/logotextual1.jpg\",\"width\":516,\"height\":76,\"caption\":\"Diario Textual\"},\"image\":{\"@id\":\"https:\\\/\\\/diariotextual.com\\\/inicio\\\/#\\\/schema\\\/logo\\\/image\\\/\"},\"sameAs\":[\"https:\\\/\\\/www.facebook.com\\\/eltextual\",\"https:\\\/\\\/x.com\\\/eltextual\",\"http:\\\/\\\/www.instagram.com\\\/eltextual\"]},{\"@type\":\"Person\",\"@id\":\"https:\\\/\\\/diariotextual.com\\\/inicio\\\/#\\\/schema\\\/person\\\/694f60677f23c4a530867a98f22b3768\",\"name\":\"diario2\",\"image\":{\"@type\":\"ImageObject\",\"inLanguage\":\"es\",\"@id\":\"https:\\\/\\\/secure.gravatar.com\\\/avatar\\\/5a2567495ba16b852fcd8f1ed006a2e24fcace936018ed8237e95f488ad6e0a7?s=96&d=mm&r=g\",\"url\":\"https:\\\/\\\/secure.gravatar.com\\\/avatar\\\/5a2567495ba16b852fcd8f1ed006a2e24fcace936018ed8237e95f488ad6e0a7?s=96&d=mm&r=g\",\"contentUrl\":\"https:\\\/\\\/secure.gravatar.com\\\/avatar\\\/5a2567495ba16b852fcd8f1ed006a2e24fcace936018ed8237e95f488ad6e0a7?s=96&d=mm&r=g\",\"caption\":\"diario2\"},\"url\":\"https:\\\/\\\/diariotextual.com\\\/inicio\\\/index.php\\\/author\\\/diario2\\\/\"}]}<\/script>\n<!-- \/ Yoast SEO plugin. -->","yoast_head_json":{"title":"Se inaugur\u00f3 la 29\u00b0 edici\u00f3n de los Juegos de la Araucan\u00eda - Diario Textual","robots":{"index":"index","follow":"follow","max-snippet":"max-snippet:-1","max-image-preview":"max-image-preview:large","max-video-preview":"max-video-preview:-1"},"canonical":"https:\/\/diariotextual.com\/inicio\/index.php\/2022\/11\/15\/se-inauguro-la-29-edicion-de-los-juegos-de-la-araucania\/","og_locale":"es_ES","og_type":"article","og_title":"Se inaugur\u00f3 la 29\u00b0 edici\u00f3n de los Juegos de la Araucan\u00eda - Diario Textual","og_description":"En la regi\u00f3n de Los Lagos, Chile, quedaron inaugurados este lunes los Juegos de la Araucan\u00eda, que convoca a j\u00f3venes de las regiones de la Patagonia argentina y chilena. El&hellip;","og_url":"https:\/\/diariotextual.com\/inicio\/index.php\/2022\/11\/15\/se-inauguro-la-29-edicion-de-los-juegos-de-la-araucania\/","og_site_name":"Diario Textual","article_publisher":"https:\/\/www.facebook.com\/eltextual","article_published_time":"2022-11-15T18:05:54+00:00","article_modified_time":"2022-11-15T18:05:57+00:00","og_image":[{"width":1000,"height":668,"url":"https:\/\/diariotextual.com\/inicio\/wp-content\/uploads\/2022\/11\/araucania2022autoridades4.jpg","type":"image\/jpeg"}],"author":"diario2","twitter_card":"summary_large_image","twitter_creator":"@eltextual","twitter_site":"@eltextual","twitter_misc":{"Escrito por":"diario2","Tiempo de lectura":"3 minutos"},"schema":{"@context":"https:\/\/schema.org","@graph":[{"@type":"Article","@id":"https:\/\/diariotextual.com\/inicio\/index.php\/2022\/11\/15\/se-inauguro-la-29-edicion-de-los-juegos-de-la-araucania\/#article","isPartOf":{"@id":"https:\/\/diariotextual.com\/inicio\/index.php\/2022\/11\/15\/se-inauguro-la-29-edicion-de-los-juegos-de-la-araucania\/"},"author":{"name":"diario2","@id":"https:\/\/diariotextual.com\/inicio\/#\/schema\/person\/694f60677f23c4a530867a98f22b3768"},"headline":"Se inaugur\u00f3 la 29\u00b0 edici\u00f3n de los Juegos de la Araucan\u00eda","datePublished":"2022-11-15T18:05:54+00:00","dateModified":"2022-11-15T18:05:57+00:00","mainEntityOfPage":{"@id":"https:\/\/diariotextual.com\/inicio\/index.php\/2022\/11\/15\/se-inauguro-la-29-edicion-de-los-juegos-de-la-araucania\/"},"wordCount":499,"publisher":{"@id":"https:\/\/diariotextual.com\/inicio\/#organization"},"image":{"@id":"https:\/\/diariotextual.com\/inicio\/index.php\/2022\/11\/15\/se-inauguro-la-29-edicion-de-los-juegos-de-la-araucania\/#primaryimage"},"thumbnailUrl":"https:\/\/diariotextual.com\/inicio\/wp-content\/uploads\/2022\/11\/araucania2022autoridades4.jpg","articleSection":["A - ES NOTICIA (van abajo)","DEPORTES"],"inLanguage":"es"},{"@type":"WebPage","@id":"https:\/\/diariotextual.com\/inicio\/index.php\/2022\/11\/15\/se-inauguro-la-29-edicion-de-los-juegos-de-la-araucania\/","url":"https:\/\/diariotextual.com\/inicio\/index.php\/2022\/11\/15\/se-inauguro-la-29-edicion-de-los-juegos-de-la-araucania\/","name":"Se inaugur\u00f3 la 29\u00b0 edici\u00f3n de los Juegos de la Araucan\u00eda - Diario Textual","isPartOf":{"@id":"https:\/\/diariotextual.com\/inicio\/#website"},"primaryImageOfPage":{"@id":"https:\/\/diariotextual.com\/inicio\/index.php\/2022\/11\/15\/se-inauguro-la-29-edicion-de-los-juegos-de-la-araucania\/#primaryimage"},"image":{"@id":"https:\/\/diariotextual.com\/inicio\/index.php\/2022\/11\/15\/se-inauguro-la-29-edicion-de-los-juegos-de-la-araucania\/#primaryimage"},"thumbnailUrl":"https:\/\/diariotextual.com\/inicio\/wp-content\/uploads\/2022\/11\/araucania2022autoridades4.jpg","datePublished":"2022-11-15T18:05:54+00:00","dateModified":"2022-11-15T18:05:57+00:00","breadcrumb":{"@id":"https:\/\/diariotextual.com\/inicio\/index.php\/2022\/11\/15\/se-inauguro-la-29-edicion-de-los-juegos-de-la-araucania\/#breadcrumb"},"inLanguage":"es","potentialAction":[{"@type":"ReadAction","target":["https:\/\/diariotextual.com\/inicio\/index.php\/2022\/11\/15\/se-inauguro-la-29-edicion-de-los-juegos-de-la-araucania\/"]}]},{"@type":"ImageObject","inLanguage":"es","@id":"https:\/\/diariotextual.com\/inicio\/index.php\/2022\/11\/15\/se-inauguro-la-29-edicion-de-los-juegos-de-la-araucania\/#primaryimage","url":"https:\/\/diariotextual.com\/inicio\/wp-content\/uploads\/2022\/11\/araucania2022autoridades4.jpg","contentUrl":"https:\/\/diariotextual.com\/inicio\/wp-content\/uploads\/2022\/11\/araucania2022autoridades4.jpg","width":1000,"height":668},{"@type":"BreadcrumbList","@id":"https:\/\/diariotextual.com\/inicio\/index.php\/2022\/11\/15\/se-inauguro-la-29-edicion-de-los-juegos-de-la-araucania\/#breadcrumb","itemListElement":[{"@type":"ListItem","position":1,"name":"Portada","item":"https:\/\/diariotextual.com\/inicio\/"},{"@type":"ListItem","position":2,"name":"Se inaugur\u00f3 la 29\u00b0 edici\u00f3n de los Juegos de la Araucan\u00eda"}]},{"@type":"WebSite","@id":"https:\/\/diariotextual.com\/inicio\/#website","url":"https:\/\/diariotextual.com\/inicio\/","name":"Diario Textual","description":"","publisher":{"@id":"https:\/\/diariotextual.com\/inicio\/#organization"},"potentialAction":[{"@type":"SearchAction","target":{"@type":"EntryPoint","urlTemplate":"https:\/\/diariotextual.com\/inicio\/?s={search_term_string}"},"query-input":{"@type":"PropertyValueSpecification","valueRequired":true,"valueName":"search_term_string"}}],"inLanguage":"es"},{"@type":"Organization","@id":"https:\/\/diariotextual.com\/inicio\/#organization","name":"Diario Textual","url":"https:\/\/diariotextual.com\/inicio\/","logo":{"@type":"ImageObject","inLanguage":"es","@id":"https:\/\/diariotextual.com\/inicio\/#\/schema\/logo\/image\/","url":"https:\/\/diariotextual.com\/inicio\/wp-content\/uploads\/2023\/05\/logotextual1.jpg","contentUrl":"https:\/\/diariotextual.com\/inicio\/wp-content\/uploads\/2023\/05\/logotextual1.jpg","width":516,"height":76,"caption":"Diario Textual"},"image":{"@id":"https:\/\/diariotextual.com\/inicio\/#\/schema\/logo\/image\/"},"sameAs":["https:\/\/www.facebook.com\/eltextual","https:\/\/x.com\/eltextual","http:\/\/www.instagram.com\/eltextual"]},{"@type":"Person","@id":"https:\/\/diariotextual.com\/inicio\/#\/schema\/person\/694f60677f23c4a530867a98f22b3768","name":"diario2","image":{"@type":"ImageObject","inLanguage":"es","@id":"https:\/\/secure.gravatar.com\/avatar\/5a2567495ba16b852fcd8f1ed006a2e24fcace936018ed8237e95f488ad6e0a7?s=96&d=mm&r=g","url":"https:\/\/secure.gravatar.com\/avatar\/5a2567495ba16b852fcd8f1ed006a2e24fcace936018ed8237e95f488ad6e0a7?s=96&d=mm&r=g","contentUrl":"https:\/\/secure.gravatar.com\/avatar\/5a2567495ba16b852fcd8f1ed006a2e24fcace936018ed8237e95f488ad6e0a7?s=96&d=mm&r=g","caption":"diario2"},"url":"https:\/\/diariotextual.com\/inicio\/index.php\/author\/diario2\/"}]}},"_links":{"self":[{"href":"https:\/\/diariotextual.com\/inicio\/index.php\/wp-json\/wp\/v2\/posts\/207190","targetHints":{"allow":["GET"]}}],"collection":[{"href":"https:\/\/diariotextual.com\/inicio\/index.php\/wp-json\/wp\/v2\/posts"}],"about":[{"href":"https:\/\/diariotextual.com\/inicio\/index.php\/wp-json\/wp\/v2\/types\/post"}],"author":[{"embeddable":true,"href":"https:\/\/diariotextual.com\/inicio\/index.php\/wp-json\/wp\/v2\/users\/4"}],"replies":[{"embeddable":true,"href":"https:\/\/diariotextual.com\/inicio\/index.php\/wp-json\/wp\/v2\/comments?post=207190"}],"version-history":[{"count":1,"href":"https:\/\/diariotextual.com\/inicio\/index.php\/wp-json\/wp\/v2\/posts\/207190\/revisions"}],"predecessor-version":[{"id":207193,"href":"https:\/\/diariotextual.com\/inicio\/index.php\/wp-json\/wp\/v2\/posts\/207190\/revisions\/207193"}],"wp:featuredmedia":[{"embeddable":true,"href":"https:\/\/diariotextual.com\/inicio\/index.php\/wp-json\/wp\/v2\/media\/207191"}],"wp:attachment":[{"href":"https:\/\/diariotextual.com\/inicio\/index.php\/wp-json\/wp\/v2\/media?parent=207190"}],"wp:term":[{"taxonomy":"category","embeddable":true,"href":"https:\/\/diariotextual.com\/inicio\/index.php\/wp-json\/wp\/v2\/categories?post=207190"},{"taxonomy":"post_tag","embeddable":true,"href":"https:\/\/diariotextual.com\/inicio\/index.php\/wp-json\/wp\/v2\/tags?post=207190"}],"curies":[{"name":"wp","href":"https:\/\/api.w.org\/{rel}","templated":true}]}}