{"id":20728,"date":"2018-09-18T10:49:01","date_gmt":"2018-09-18T13:49:01","guid":{"rendered":"http:\/\/diariotextual.com\/inicio\/?p=20728"},"modified":"2018-09-18T10:49:01","modified_gmt":"2018-09-18T13:49:01","slug":"rusia-culpa-israel-derribo-avion-15-militares","status":"publish","type":"post","link":"https:\/\/diariotextual.com\/inicio\/index.php\/2018\/09\/18\/rusia-culpa-israel-derribo-avion-15-militares\/","title":{"rendered":"Rusia culpa a Israel por el derribo de un avi\u00f3n con 15 militares"},"content":{"rendered":"<p>El Ministerio de Defensa de Rusia ha anunciado este martes a trav\u00e9s de un comunicado que el avi\u00f3n ruso Il-20 que este lunes desapareci\u00f3 de los radares durante un ataque de cuatro cazas israel\u00edes F-16 contra objetivos sirios en la provincia de Latakia, fue derribado por un misil antia\u00e9reo de sistema S-200 sirio despu\u00e9s de que pilotos israel\u00edes\u00a0lo utilizaran como escudo, provocando su derribo.<\/p>\n<p>Seg\u00fan<a href=\"https:\/\/actualidad.rt.com\/\" target=\"_blank\" rel=\"noopener\"><strong> Rusia Today<\/strong><\/a>, esto es lo que se sabe del momento sobre el incidente en el que han perdido la vida quince militares rusos \u00abpor culpa de las acciones irresponsables de Israel en Siria\u00bb, seg\u00fan denunci\u00f3 el Ministerio.<\/p>\n<p>&nbsp;<\/p>\n<p><strong>\u00bfCu\u00e1ndo desapareci\u00f3?<\/strong><\/p>\n<p>El avi\u00f3n ruso Il-20, adscrito a los servicios de inteligencia de se\u00f1ales, dej\u00f3 de emitir se\u00f1ales este lunes alrededor de las 23:00 (hora de Mosc\u00fa, 20:00 GMT) sobre el mar Mediterr\u00e1neo, a 35 kil\u00f3metros de la costa siria, cuando se dispon\u00eda a regresar a la base rusa de Jmeimim. La aeronave\u00a0desapareci\u00f3\u00a0de los radares durante un ataque de cuatro cazas F-16 de la Fuerza A\u00e9rea Israel\u00ed contra objetivos sirios en la provincia de Latakia.<\/p>\n<p>&nbsp;<\/p>\n<p><strong>\u00bfC\u00f3mo fue derribado?<\/strong><\/p>\n<p>El bombardeo israel\u00ed en Latakia se llev\u00f3 a cabo cerca de la fragata francesa Auvergne y en las inmediaciones del avi\u00f3n IL-20, que se preparaba para aterrizar. Al utilizar el avi\u00f3n ruso como escudo, los pilotos israel\u00edes \u00ablo colocaron bajo el fuego de la defensa a\u00e9rea de Siria\u00bb, explic\u00f3 el Ministerio de Defensa. En consecuencia, el IL-20, cuya \u00absuperficie reflectante efectiva\u00bb es \u00abmucho mayor\u00bb que la de un F-16, fue derribado por un misil del sistema S-200, explic\u00f3.<\/p>\n<p>&nbsp;<\/p>\n<p><strong>\u00bfD\u00f3nde se estrell\u00f3 el avi\u00f3n?\u00a0<\/strong><\/p>\n<p>El Ministerio de Defensa de Rusia\u00a0ha anunciado\u00a0que ha localizado el lugar donde se estrell\u00f3 el avi\u00f3n ruso Il-20 derribado en Siria\u00a0a 27 kil\u00f3metros al oeste de la ciudad de Baniyas, en la provincia de Latakia.<\/p>\n<p>Seg\u00fan el ministerio, los restos de los militares y sus efectos personales fueron llevados a bordo de buques rusos en Siria.<\/p>\n<p>&nbsp;<\/p>\n<p><strong>\u00bfAccidente o provocaci\u00f3n deliberada?<\/strong><\/p>\n<p>El Ministerio considera imposible que los sistemas israel\u00edes de control de aviaci\u00f3n y los pilotos de los F-16 no vieran el avi\u00f3n ruso, ya que se preparaba para aterrizar desde una altura de cinco kil\u00f3metros. \u00abRealizaron deliberadamente esta provocaci\u00f3n\u00bb, denunci\u00f3 el departamento militar.<\/p>\n<p>Adem\u00e1s, Israel no avis\u00f3 a los militares rusos en Siria de la operaci\u00f3n planeada en el \u00e1rea de Latakia, y solo puso a Rusia al tanto de la operaci\u00f3n un minuto antes del ataque, lo que no permiti\u00f3 que el avi\u00f3n Il-20 se trasladara a una zona segura.<\/p>\n<p>&nbsp;<\/p>\n<p><strong>\u00bfC\u00f3mo ha reaccionado Rusia?<\/strong><\/p>\n<p>El Ministerio de Defensa de Rusia\u00a0ha calificado\u00a0las acciones provocadoras de Israel en Siria de \u00abhostiles\u00bb, y ha anunciado que se reserva el derecho a responder adecuadamente, seg\u00fan lo ha declarado el portavoz del organismo, el general mayor \u00cdgor Konashenkov.<\/p>\n<p>Por su parte, el ministro ruso de Defensa, Sergu\u00e9i Shoig\u00fa,\u00a0afirm\u00f3\u00a0en una conversaci\u00f3n telef\u00f3nica con su hom\u00f3logo israel\u00ed, Avigdor Lieberman, que la culpa del derribo del avi\u00f3n ruso\u00a0\u00abrecae por entero\u00bb sobre Israel. Shoig\u00fa ha recordado tambi\u00e9n que han solicitado a Israel en numerosas ocasiones que se abstenga de\u00a0lanzar ataques\u00a0contra Siria.<\/p>\n<p>&nbsp;<\/p>\n<p><strong>\u00bfQu\u00e9 dice Israel?<\/strong><\/p>\n<p>De momento, las autoridades israel\u00edes no se han pronunciado sobre el derribo del avi\u00f3n ruso. \u00abHasta ahora no tenemos ninguna reacci\u00f3n\u00bb, dijo en declaraciones a RIA Novosti Anna Jonathan-Leus, portavoz del primer ministro Benjam\u00edn Netanyahu. La Embajada israel\u00ed en Mosc\u00fa no ha querido pronunciarse sobre el asunto.<\/p>\n<p>&nbsp;<\/p>\n<p>&nbsp;<\/p>\n","protected":false},"excerpt":{"rendered":"<p>El Ministerio de Defensa de Rusia ha anunciado este martes a trav\u00e9s de un comunicado que el avi\u00f3n ruso Il-20 que este lunes desapareci\u00f3 de los radares durante un ataque&hellip;<\/p>\n","protected":false},"author":3,"featured_media":20731,"comment_status":"closed","ping_status":"open","sticky":false,"template":"","format":"standard","meta":{"_acf_changed":false,"footnotes":""},"categories":[1,11,319,7],"tags":[],"class_list":["post-20728","post","type-post","status-publish","format-standard","has-post-thumbnail","hentry","category-es-noticia","category-que-pasa","category-a-temporales","category-mundo"],"acf":[],"yoast_head":"<!-- This site is optimized with the Yoast SEO plugin v27.5 - https:\/\/yoast.com\/product\/yoast-seo-wordpress\/ -->\n<title>Rusia culpa a Israel por el derribo de un avi\u00f3n con 15 militares - Diario Textual<\/title>\n<meta name=\"robots\" content=\"index, follow, max-snippet:-1, max-image-preview:large, max-video-preview:-1\" \/>\n<link rel=\"canonical\" href=\"https:\/\/diariotextual.com\/inicio\/index.php\/2018\/09\/18\/rusia-culpa-israel-derribo-avion-15-militares\/\" \/>\n<meta property=\"og:locale\" content=\"es_ES\" \/>\n<meta property=\"og:type\" content=\"article\" \/>\n<meta property=\"og:title\" content=\"Rusia culpa a Israel por el derribo de un avi\u00f3n con 15 militares - Diario Textual\" \/>\n<meta property=\"og:description\" content=\"El Ministerio de Defensa de Rusia ha anunciado este martes a trav\u00e9s de un comunicado que el avi\u00f3n ruso Il-20 que este lunes desapareci\u00f3 de los radares durante un ataque&hellip;\" \/>\n<meta property=\"og:url\" content=\"https:\/\/diariotextual.com\/inicio\/index.php\/2018\/09\/18\/rusia-culpa-israel-derribo-avion-15-militares\/\" \/>\n<meta property=\"og:site_name\" content=\"Diario Textual\" \/>\n<meta property=\"article:publisher\" content=\"https:\/\/www.facebook.com\/eltextual\" \/>\n<meta property=\"article:published_time\" content=\"2018-09-18T13:49:01+00:00\" \/>\n<meta property=\"og:image\" content=\"https:\/\/diariotextual.com\/inicio\/wp-content\/uploads\/2018\/09\/avionruso20.jpg\" \/>\n\t<meta property=\"og:image:width\" content=\"930\" \/>\n\t<meta property=\"og:image:height\" content=\"525\" \/>\n\t<meta property=\"og:image:type\" content=\"image\/jpeg\" \/>\n<meta name=\"author\" content=\"Diario1 Diario1\" \/>\n<meta name=\"twitter:card\" content=\"summary_large_image\" \/>\n<meta name=\"twitter:creator\" content=\"@eltextual\" \/>\n<meta name=\"twitter:site\" content=\"@eltextual\" \/>\n<meta name=\"twitter:label1\" content=\"Escrito por\" \/>\n\t<meta name=\"twitter:data1\" content=\"Diario1 Diario1\" \/>\n\t<meta name=\"twitter:label2\" content=\"Tiempo de lectura\" \/>\n\t<meta name=\"twitter:data2\" content=\"3 minutos\" \/>\n<script type=\"application\/ld+json\" class=\"yoast-schema-graph\">{\"@context\":\"https:\\\/\\\/schema.org\",\"@graph\":[{\"@type\":\"Article\",\"@id\":\"https:\\\/\\\/diariotextual.com\\\/inicio\\\/index.php\\\/2018\\\/09\\\/18\\\/rusia-culpa-israel-derribo-avion-15-militares\\\/#article\",\"isPartOf\":{\"@id\":\"https:\\\/\\\/diariotextual.com\\\/inicio\\\/index.php\\\/2018\\\/09\\\/18\\\/rusia-culpa-israel-derribo-avion-15-militares\\\/\"},\"author\":{\"name\":\"Diario1 Diario1\",\"@id\":\"https:\\\/\\\/diariotextual.com\\\/inicio\\\/#\\\/schema\\\/person\\\/418fc4093c33e86ed41562db3508f958\"},\"headline\":\"Rusia culpa a Israel por el derribo de un avi\u00f3n con 15 militares\",\"datePublished\":\"2018-09-18T13:49:01+00:00\",\"mainEntityOfPage\":{\"@id\":\"https:\\\/\\\/diariotextual.com\\\/inicio\\\/index.php\\\/2018\\\/09\\\/18\\\/rusia-culpa-israel-derribo-avion-15-militares\\\/\"},\"wordCount\":634,\"publisher\":{\"@id\":\"https:\\\/\\\/diariotextual.com\\\/inicio\\\/#organization\"},\"image\":{\"@id\":\"https:\\\/\\\/diariotextual.com\\\/inicio\\\/index.php\\\/2018\\\/09\\\/18\\\/rusia-culpa-israel-derribo-avion-15-militares\\\/#primaryimage\"},\"thumbnailUrl\":\"https:\\\/\\\/diariotextual.com\\\/inicio\\\/wp-content\\\/uploads\\\/2018\\\/09\\\/avionruso20.jpg\",\"articleSection\":[\"A - ES NOTICIA (van abajo)\",\"A - QUE PASA (al costado)\",\"A - TEMPORALES\",\"MUNDO\"],\"inLanguage\":\"es\"},{\"@type\":\"WebPage\",\"@id\":\"https:\\\/\\\/diariotextual.com\\\/inicio\\\/index.php\\\/2018\\\/09\\\/18\\\/rusia-culpa-israel-derribo-avion-15-militares\\\/\",\"url\":\"https:\\\/\\\/diariotextual.com\\\/inicio\\\/index.php\\\/2018\\\/09\\\/18\\\/rusia-culpa-israel-derribo-avion-15-militares\\\/\",\"name\":\"Rusia culpa a Israel por el derribo de un avi\u00f3n con 15 militares - Diario Textual\",\"isPartOf\":{\"@id\":\"https:\\\/\\\/diariotextual.com\\\/inicio\\\/#website\"},\"primaryImageOfPage\":{\"@id\":\"https:\\\/\\\/diariotextual.com\\\/inicio\\\/index.php\\\/2018\\\/09\\\/18\\\/rusia-culpa-israel-derribo-avion-15-militares\\\/#primaryimage\"},\"image\":{\"@id\":\"https:\\\/\\\/diariotextual.com\\\/inicio\\\/index.php\\\/2018\\\/09\\\/18\\\/rusia-culpa-israel-derribo-avion-15-militares\\\/#primaryimage\"},\"thumbnailUrl\":\"https:\\\/\\\/diariotextual.com\\\/inicio\\\/wp-content\\\/uploads\\\/2018\\\/09\\\/avionruso20.jpg\",\"datePublished\":\"2018-09-18T13:49:01+00:00\",\"breadcrumb\":{\"@id\":\"https:\\\/\\\/diariotextual.com\\\/inicio\\\/index.php\\\/2018\\\/09\\\/18\\\/rusia-culpa-israel-derribo-avion-15-militares\\\/#breadcrumb\"},\"inLanguage\":\"es\",\"potentialAction\":[{\"@type\":\"ReadAction\",\"target\":[\"https:\\\/\\\/diariotextual.com\\\/inicio\\\/index.php\\\/2018\\\/09\\\/18\\\/rusia-culpa-israel-derribo-avion-15-militares\\\/\"]}]},{\"@type\":\"ImageObject\",\"inLanguage\":\"es\",\"@id\":\"https:\\\/\\\/diariotextual.com\\\/inicio\\\/index.php\\\/2018\\\/09\\\/18\\\/rusia-culpa-israel-derribo-avion-15-militares\\\/#primaryimage\",\"url\":\"https:\\\/\\\/diariotextual.com\\\/inicio\\\/wp-content\\\/uploads\\\/2018\\\/09\\\/avionruso20.jpg\",\"contentUrl\":\"https:\\\/\\\/diariotextual.com\\\/inicio\\\/wp-content\\\/uploads\\\/2018\\\/09\\\/avionruso20.jpg\",\"width\":930,\"height\":525},{\"@type\":\"BreadcrumbList\",\"@id\":\"https:\\\/\\\/diariotextual.com\\\/inicio\\\/index.php\\\/2018\\\/09\\\/18\\\/rusia-culpa-israel-derribo-avion-15-militares\\\/#breadcrumb\",\"itemListElement\":[{\"@type\":\"ListItem\",\"position\":1,\"name\":\"Portada\",\"item\":\"https:\\\/\\\/diariotextual.com\\\/inicio\\\/\"},{\"@type\":\"ListItem\",\"position\":2,\"name\":\"Rusia culpa a Israel por el derribo de un avi\u00f3n con 15 militares\"}]},{\"@type\":\"WebSite\",\"@id\":\"https:\\\/\\\/diariotextual.com\\\/inicio\\\/#website\",\"url\":\"https:\\\/\\\/diariotextual.com\\\/inicio\\\/\",\"name\":\"Diario Textual\",\"description\":\"\",\"publisher\":{\"@id\":\"https:\\\/\\\/diariotextual.com\\\/inicio\\\/#organization\"},\"potentialAction\":[{\"@type\":\"SearchAction\",\"target\":{\"@type\":\"EntryPoint\",\"urlTemplate\":\"https:\\\/\\\/diariotextual.com\\\/inicio\\\/?s={search_term_string}\"},\"query-input\":{\"@type\":\"PropertyValueSpecification\",\"valueRequired\":true,\"valueName\":\"search_term_string\"}}],\"inLanguage\":\"es\"},{\"@type\":\"Organization\",\"@id\":\"https:\\\/\\\/diariotextual.com\\\/inicio\\\/#organization\",\"name\":\"Diario Textual\",\"url\":\"https:\\\/\\\/diariotextual.com\\\/inicio\\\/\",\"logo\":{\"@type\":\"ImageObject\",\"inLanguage\":\"es\",\"@id\":\"https:\\\/\\\/diariotextual.com\\\/inicio\\\/#\\\/schema\\\/logo\\\/image\\\/\",\"url\":\"https:\\\/\\\/diariotextual.com\\\/inicio\\\/wp-content\\\/uploads\\\/2023\\\/05\\\/logotextual1.jpg\",\"contentUrl\":\"https:\\\/\\\/diariotextual.com\\\/inicio\\\/wp-content\\\/uploads\\\/2023\\\/05\\\/logotextual1.jpg\",\"width\":516,\"height\":76,\"caption\":\"Diario Textual\"},\"image\":{\"@id\":\"https:\\\/\\\/diariotextual.com\\\/inicio\\\/#\\\/schema\\\/logo\\\/image\\\/\"},\"sameAs\":[\"https:\\\/\\\/www.facebook.com\\\/eltextual\",\"https:\\\/\\\/x.com\\\/eltextual\",\"http:\\\/\\\/www.instagram.com\\\/eltextual\"]},{\"@type\":\"Person\",\"@id\":\"https:\\\/\\\/diariotextual.com\\\/inicio\\\/#\\\/schema\\\/person\\\/418fc4093c33e86ed41562db3508f958\",\"name\":\"Diario1 Diario1\",\"image\":{\"@type\":\"ImageObject\",\"inLanguage\":\"es\",\"@id\":\"https:\\\/\\\/secure.gravatar.com\\\/avatar\\\/9167d280179c85bc18be67aa7eda765854300033af4896dd779b608640f2ef7a?s=96&d=mm&r=g\",\"url\":\"https:\\\/\\\/secure.gravatar.com\\\/avatar\\\/9167d280179c85bc18be67aa7eda765854300033af4896dd779b608640f2ef7a?s=96&d=mm&r=g\",\"contentUrl\":\"https:\\\/\\\/secure.gravatar.com\\\/avatar\\\/9167d280179c85bc18be67aa7eda765854300033af4896dd779b608640f2ef7a?s=96&d=mm&r=g\",\"caption\":\"Diario1 Diario1\"},\"url\":\"https:\\\/\\\/diariotextual.com\\\/inicio\\\/index.php\\\/author\\\/diario1\\\/\"}]}<\/script>\n<!-- \/ Yoast SEO plugin. -->","yoast_head_json":{"title":"Rusia culpa a Israel por el derribo de un avi\u00f3n con 15 militares - Diario Textual","robots":{"index":"index","follow":"follow","max-snippet":"max-snippet:-1","max-image-preview":"max-image-preview:large","max-video-preview":"max-video-preview:-1"},"canonical":"https:\/\/diariotextual.com\/inicio\/index.php\/2018\/09\/18\/rusia-culpa-israel-derribo-avion-15-militares\/","og_locale":"es_ES","og_type":"article","og_title":"Rusia culpa a Israel por el derribo de un avi\u00f3n con 15 militares - Diario Textual","og_description":"El Ministerio de Defensa de Rusia ha anunciado este martes a trav\u00e9s de un comunicado que el avi\u00f3n ruso Il-20 que este lunes desapareci\u00f3 de los radares durante un ataque&hellip;","og_url":"https:\/\/diariotextual.com\/inicio\/index.php\/2018\/09\/18\/rusia-culpa-israel-derribo-avion-15-militares\/","og_site_name":"Diario Textual","article_publisher":"https:\/\/www.facebook.com\/eltextual","article_published_time":"2018-09-18T13:49:01+00:00","og_image":[{"width":930,"height":525,"url":"https:\/\/diariotextual.com\/inicio\/wp-content\/uploads\/2018\/09\/avionruso20.jpg","type":"image\/jpeg"}],"author":"Diario1 Diario1","twitter_card":"summary_large_image","twitter_creator":"@eltextual","twitter_site":"@eltextual","twitter_misc":{"Escrito por":"Diario1 Diario1","Tiempo de lectura":"3 minutos"},"schema":{"@context":"https:\/\/schema.org","@graph":[{"@type":"Article","@id":"https:\/\/diariotextual.com\/inicio\/index.php\/2018\/09\/18\/rusia-culpa-israel-derribo-avion-15-militares\/#article","isPartOf":{"@id":"https:\/\/diariotextual.com\/inicio\/index.php\/2018\/09\/18\/rusia-culpa-israel-derribo-avion-15-militares\/"},"author":{"name":"Diario1 Diario1","@id":"https:\/\/diariotextual.com\/inicio\/#\/schema\/person\/418fc4093c33e86ed41562db3508f958"},"headline":"Rusia culpa a Israel por el derribo de un avi\u00f3n con 15 militares","datePublished":"2018-09-18T13:49:01+00:00","mainEntityOfPage":{"@id":"https:\/\/diariotextual.com\/inicio\/index.php\/2018\/09\/18\/rusia-culpa-israel-derribo-avion-15-militares\/"},"wordCount":634,"publisher":{"@id":"https:\/\/diariotextual.com\/inicio\/#organization"},"image":{"@id":"https:\/\/diariotextual.com\/inicio\/index.php\/2018\/09\/18\/rusia-culpa-israel-derribo-avion-15-militares\/#primaryimage"},"thumbnailUrl":"https:\/\/diariotextual.com\/inicio\/wp-content\/uploads\/2018\/09\/avionruso20.jpg","articleSection":["A - ES NOTICIA (van abajo)","A - QUE PASA (al costado)","A - TEMPORALES","MUNDO"],"inLanguage":"es"},{"@type":"WebPage","@id":"https:\/\/diariotextual.com\/inicio\/index.php\/2018\/09\/18\/rusia-culpa-israel-derribo-avion-15-militares\/","url":"https:\/\/diariotextual.com\/inicio\/index.php\/2018\/09\/18\/rusia-culpa-israel-derribo-avion-15-militares\/","name":"Rusia culpa a Israel por el derribo de un avi\u00f3n con 15 militares - Diario Textual","isPartOf":{"@id":"https:\/\/diariotextual.com\/inicio\/#website"},"primaryImageOfPage":{"@id":"https:\/\/diariotextual.com\/inicio\/index.php\/2018\/09\/18\/rusia-culpa-israel-derribo-avion-15-militares\/#primaryimage"},"image":{"@id":"https:\/\/diariotextual.com\/inicio\/index.php\/2018\/09\/18\/rusia-culpa-israel-derribo-avion-15-militares\/#primaryimage"},"thumbnailUrl":"https:\/\/diariotextual.com\/inicio\/wp-content\/uploads\/2018\/09\/avionruso20.jpg","datePublished":"2018-09-18T13:49:01+00:00","breadcrumb":{"@id":"https:\/\/diariotextual.com\/inicio\/index.php\/2018\/09\/18\/rusia-culpa-israel-derribo-avion-15-militares\/#breadcrumb"},"inLanguage":"es","potentialAction":[{"@type":"ReadAction","target":["https:\/\/diariotextual.com\/inicio\/index.php\/2018\/09\/18\/rusia-culpa-israel-derribo-avion-15-militares\/"]}]},{"@type":"ImageObject","inLanguage":"es","@id":"https:\/\/diariotextual.com\/inicio\/index.php\/2018\/09\/18\/rusia-culpa-israel-derribo-avion-15-militares\/#primaryimage","url":"https:\/\/diariotextual.com\/inicio\/wp-content\/uploads\/2018\/09\/avionruso20.jpg","contentUrl":"https:\/\/diariotextual.com\/inicio\/wp-content\/uploads\/2018\/09\/avionruso20.jpg","width":930,"height":525},{"@type":"BreadcrumbList","@id":"https:\/\/diariotextual.com\/inicio\/index.php\/2018\/09\/18\/rusia-culpa-israel-derribo-avion-15-militares\/#breadcrumb","itemListElement":[{"@type":"ListItem","position":1,"name":"Portada","item":"https:\/\/diariotextual.com\/inicio\/"},{"@type":"ListItem","position":2,"name":"Rusia culpa a Israel por el derribo de un avi\u00f3n con 15 militares"}]},{"@type":"WebSite","@id":"https:\/\/diariotextual.com\/inicio\/#website","url":"https:\/\/diariotextual.com\/inicio\/","name":"Diario Textual","description":"","publisher":{"@id":"https:\/\/diariotextual.com\/inicio\/#organization"},"potentialAction":[{"@type":"SearchAction","target":{"@type":"EntryPoint","urlTemplate":"https:\/\/diariotextual.com\/inicio\/?s={search_term_string}"},"query-input":{"@type":"PropertyValueSpecification","valueRequired":true,"valueName":"search_term_string"}}],"inLanguage":"es"},{"@type":"Organization","@id":"https:\/\/diariotextual.com\/inicio\/#organization","name":"Diario Textual","url":"https:\/\/diariotextual.com\/inicio\/","logo":{"@type":"ImageObject","inLanguage":"es","@id":"https:\/\/diariotextual.com\/inicio\/#\/schema\/logo\/image\/","url":"https:\/\/diariotextual.com\/inicio\/wp-content\/uploads\/2023\/05\/logotextual1.jpg","contentUrl":"https:\/\/diariotextual.com\/inicio\/wp-content\/uploads\/2023\/05\/logotextual1.jpg","width":516,"height":76,"caption":"Diario Textual"},"image":{"@id":"https:\/\/diariotextual.com\/inicio\/#\/schema\/logo\/image\/"},"sameAs":["https:\/\/www.facebook.com\/eltextual","https:\/\/x.com\/eltextual","http:\/\/www.instagram.com\/eltextual"]},{"@type":"Person","@id":"https:\/\/diariotextual.com\/inicio\/#\/schema\/person\/418fc4093c33e86ed41562db3508f958","name":"Diario1 Diario1","image":{"@type":"ImageObject","inLanguage":"es","@id":"https:\/\/secure.gravatar.com\/avatar\/9167d280179c85bc18be67aa7eda765854300033af4896dd779b608640f2ef7a?s=96&d=mm&r=g","url":"https:\/\/secure.gravatar.com\/avatar\/9167d280179c85bc18be67aa7eda765854300033af4896dd779b608640f2ef7a?s=96&d=mm&r=g","contentUrl":"https:\/\/secure.gravatar.com\/avatar\/9167d280179c85bc18be67aa7eda765854300033af4896dd779b608640f2ef7a?s=96&d=mm&r=g","caption":"Diario1 Diario1"},"url":"https:\/\/diariotextual.com\/inicio\/index.php\/author\/diario1\/"}]}},"_links":{"self":[{"href":"https:\/\/diariotextual.com\/inicio\/index.php\/wp-json\/wp\/v2\/posts\/20728","targetHints":{"allow":["GET"]}}],"collection":[{"href":"https:\/\/diariotextual.com\/inicio\/index.php\/wp-json\/wp\/v2\/posts"}],"about":[{"href":"https:\/\/diariotextual.com\/inicio\/index.php\/wp-json\/wp\/v2\/types\/post"}],"author":[{"embeddable":true,"href":"https:\/\/diariotextual.com\/inicio\/index.php\/wp-json\/wp\/v2\/users\/3"}],"replies":[{"embeddable":true,"href":"https:\/\/diariotextual.com\/inicio\/index.php\/wp-json\/wp\/v2\/comments?post=20728"}],"version-history":[{"count":2,"href":"https:\/\/diariotextual.com\/inicio\/index.php\/wp-json\/wp\/v2\/posts\/20728\/revisions"}],"predecessor-version":[{"id":20730,"href":"https:\/\/diariotextual.com\/inicio\/index.php\/wp-json\/wp\/v2\/posts\/20728\/revisions\/20730"}],"wp:featuredmedia":[{"embeddable":true,"href":"https:\/\/diariotextual.com\/inicio\/index.php\/wp-json\/wp\/v2\/media\/20731"}],"wp:attachment":[{"href":"https:\/\/diariotextual.com\/inicio\/index.php\/wp-json\/wp\/v2\/media?parent=20728"}],"wp:term":[{"taxonomy":"category","embeddable":true,"href":"https:\/\/diariotextual.com\/inicio\/index.php\/wp-json\/wp\/v2\/categories?post=20728"},{"taxonomy":"post_tag","embeddable":true,"href":"https:\/\/diariotextual.com\/inicio\/index.php\/wp-json\/wp\/v2\/tags?post=20728"}],"curies":[{"name":"wp","href":"https:\/\/api.w.org\/{rel}","templated":true}]}}