{"id":207289,"date":"2022-11-16T13:51:25","date_gmt":"2022-11-16T16:51:25","guid":{"rendered":"https:\/\/diariotextual.com\/inicio\/?p=207289"},"modified":"2022-11-17T08:50:40","modified_gmt":"2022-11-17T11:50:40","slug":"la-deuda-previsional-de-nacion-es-de-6-121-000-000-revelo-franco","status":"publish","type":"post","link":"https:\/\/diariotextual.com\/inicio\/index.php\/2022\/11\/16\/la-deuda-previsional-de-nacion-es-de-6-121-000-000-revelo-franco\/","title":{"rendered":"\u201cLa deuda previsional de Naci\u00f3n es de $ 6.121.000.000\u201d, revel\u00f3 Franco"},"content":{"rendered":"\n<p>El ministro de Hacienda de La Pampa, Ernesto Franco, revel\u00f3 que la <strong>deuda previsional de Naci\u00f3n con nuestra provincia es superior a los 6.100.000.000 de pesos<\/strong>, correspondientes a los per\u00edodos 2020 y 2021. Asimismo, se esperanz\u00f3 con la inclusi\u00f3n de un mecanismo en la ley de Presupuesto que podr\u00eda agilizar los pagos en el futuro.<\/p>\n\n\n\n<p>El funcionario explic\u00f3 que el r\u00e9gimen previsional provincial tiene tres sistemas: uno relacionado al retiro del personal policial, que naci\u00f3 deficitario por lo cual siempre ha sido \u2018soportado\u2019 por la Provincia, mientras que los otros son el civil y el docente, este \u00faltimo convertido en deficitario hace un tiempo. Un acuerdo con Naci\u00f3n, establecido mediante la ley nacional 27260, permite cubrir una parte de ese d\u00e9ficit. <strong>\u201cEsos tres sistemas previsionales de La Pampa arrojaron un d\u00e9ficit de 6.121.000.000 pesos durante 2021\u201d, <\/strong>precis\u00f3 el economista.<\/p>\n\n\n\n<p>Nuestra provincia, junto a otras doce que oportunamente no transfirieron sus cajas a Naci\u00f3n, firm\u00f3 un acuerdo que le permiti\u00f3 cobrar el d\u00e9ficit hasta 2019, con lo cual lo adeudado corresponde a los a\u00f1os sucesivos. <strong>\u201cNo obstante, la deuda se amortigu\u00f3 bastante gracias a un sistema de anticipos mensuales calculados sobre lo que dar\u00e1 el d\u00e9ficit, en definitiva\u201d,<\/strong> explic\u00f3 el contador a Noticiero 3. \u201cDe todos modos, eso no nos cubre el desfasaje financiero provocado entre el momento de pago y el de efectivo cobro por parte de la provincia\u201d.<\/p>\n\n\n\n<p>Por eso indic\u00f3 que, como no alcanzan los fondos que van llegando desde Naci\u00f3n, Provincia y municipios hacen una detracci\u00f3n semanal del nueve por ciento de esa coparticipaci\u00f3n destinada a La Pampa y las intendencias para cubrir el d\u00e9ficit previsional. \u201cPor eso operativamente el Instituto de Seguridad Social (ISS) nunca dej\u00f3 de pagar ni ajustar porque el aspecto financiero se cubre como expliqu\u00e9\u201d, manifest\u00f3 Franco.<\/p>\n\n\n\n<p>Para cobrarle a Naci\u00f3n, La Pampa presenta anualmente toda la documentaci\u00f3n, pero <strong>el malestar existe por el retraso en el pago<\/strong>, aspecto que sufren s\u00f3lo aquellos distritos que no transfirieron sus cajas. \u201cLa ley establece que debe tratarse id\u00e9ntico sistema para todas las cajas del pa\u00eds. Por eso, Naci\u00f3n liquida como si todos fueran jubilados nacionales y ah\u00ed determina lo que le corresponde a La Pampa. Eso est\u00e1 muy bien, lo que est\u00e1 mal es el desfasaje financiero. Reci\u00e9n en la ley de Presupuesto 2023 consta un mecanismo de actualizaci\u00f3n de esos saldos. Si bien todav\u00eda no est\u00e1 claro c\u00f3mo lo van a aplicar en la propia norma se subyace un mecanismo.<\/p>\n\n\n\n<p><strong>&#8211; \u00bfEn ese caso no se acumular\u00edan, por ejemplo, estos m\u00e1s de seis mil millones de pesos de d\u00e9ficit?<\/strong><\/p>\n\n\n\n<p>&#8211; Los m\u00e1s de seis mil millones de pesos que se produjeron en 2021 ser\u00edan igual en ese momento. La diferencia radica en lo siguiente. Suponiendo que el Gobierno nacional saca la cuenta y dice que solventar\u00e1 el cincuenta por ciento del total, es decir unos tres mil millones de pesos estimados a julio de 2020, a la fecha de pago se ajustar\u00eda el valor. Se tratar\u00eda de una actualizaci\u00f3n de la acreencia que tiene la provincia y los municipios por haber aportado al ISS. Lo importante es que se fija un mecanismo mucho m\u00e1s interesante.<\/p>\n\n\n\n<p>Por \u00faltimo, el ministro record\u00f3 que<strong> Naci\u00f3n abon\u00f3 el a\u00f1o anterior una \u201cdeuda hist\u00f3rica\u201d que manten\u00eda con nuestra provincia<\/strong>, por lo que solamente resta cobrar la deuda previsional 2020, 2021 y lo que va de este a\u00f1o.<\/p>\n","protected":false},"excerpt":{"rendered":"<p>El ministro de Hacienda de La Pampa, Ernesto Franco, revel\u00f3 que la deuda previsional de Naci\u00f3n con nuestra provincia es superior a los 6.100.000.000 de pesos, correspondientes a los per\u00edodos&hellip;<\/p>\n","protected":false},"author":4,"featured_media":64715,"comment_status":"closed","ping_status":"open","sticky":false,"template":"","format":"standard","meta":{"_acf_changed":false,"footnotes":""},"categories":[11,5],"tags":[],"class_list":["post-207289","post","type-post","status-publish","format-standard","has-post-thumbnail","hentry","category-que-pasa","category-economia"],"acf":[],"yoast_head":"<!-- This site is optimized with the Yoast SEO plugin v27.5 - https:\/\/yoast.com\/product\/yoast-seo-wordpress\/ -->\n<title>\u201cLa deuda previsional de Naci\u00f3n es de $ 6.121.000.000\u201d, revel\u00f3 Franco - Diario Textual<\/title>\n<meta name=\"robots\" content=\"index, follow, max-snippet:-1, max-image-preview:large, max-video-preview:-1\" \/>\n<link rel=\"canonical\" href=\"https:\/\/diariotextual.com\/inicio\/index.php\/2022\/11\/16\/la-deuda-previsional-de-nacion-es-de-6-121-000-000-revelo-franco\/\" \/>\n<meta property=\"og:locale\" content=\"es_ES\" \/>\n<meta property=\"og:type\" content=\"article\" \/>\n<meta property=\"og:title\" content=\"\u201cLa deuda previsional de Naci\u00f3n es de $ 6.121.000.000\u201d, revel\u00f3 Franco - Diario Textual\" \/>\n<meta property=\"og:description\" content=\"El ministro de Hacienda de La Pampa, Ernesto Franco, revel\u00f3 que la deuda previsional de Naci\u00f3n con nuestra provincia es superior a los 6.100.000.000 de pesos, correspondientes a los per\u00edodos&hellip;\" \/>\n<meta property=\"og:url\" content=\"https:\/\/diariotextual.com\/inicio\/index.php\/2022\/11\/16\/la-deuda-previsional-de-nacion-es-de-6-121-000-000-revelo-franco\/\" \/>\n<meta property=\"og:site_name\" content=\"Diario Textual\" \/>\n<meta property=\"article:publisher\" content=\"https:\/\/www.facebook.com\/eltextual\" \/>\n<meta property=\"article:published_time\" content=\"2022-11-16T16:51:25+00:00\" \/>\n<meta property=\"article:modified_time\" content=\"2022-11-17T11:50:40+00:00\" \/>\n<meta property=\"og:image\" content=\"https:\/\/diariotextual.com\/inicio\/wp-content\/uploads\/2019\/10\/francoernesto8888.jpg\" \/>\n\t<meta property=\"og:image:width\" content=\"1600\" \/>\n\t<meta property=\"og:image:height\" content=\"1066\" \/>\n\t<meta property=\"og:image:type\" content=\"image\/jpeg\" \/>\n<meta name=\"author\" content=\"diario2\" \/>\n<meta name=\"twitter:card\" content=\"summary_large_image\" \/>\n<meta name=\"twitter:creator\" content=\"@eltextual\" \/>\n<meta name=\"twitter:site\" content=\"@eltextual\" \/>\n<meta name=\"twitter:label1\" content=\"Escrito por\" \/>\n\t<meta name=\"twitter:data1\" content=\"diario2\" \/>\n\t<meta name=\"twitter:label2\" content=\"Tiempo de lectura\" \/>\n\t<meta name=\"twitter:data2\" content=\"3 minutos\" \/>\n<script type=\"application\/ld+json\" class=\"yoast-schema-graph\">{\"@context\":\"https:\\\/\\\/schema.org\",\"@graph\":[{\"@type\":\"Article\",\"@id\":\"https:\\\/\\\/diariotextual.com\\\/inicio\\\/index.php\\\/2022\\\/11\\\/16\\\/la-deuda-previsional-de-nacion-es-de-6-121-000-000-revelo-franco\\\/#article\",\"isPartOf\":{\"@id\":\"https:\\\/\\\/diariotextual.com\\\/inicio\\\/index.php\\\/2022\\\/11\\\/16\\\/la-deuda-previsional-de-nacion-es-de-6-121-000-000-revelo-franco\\\/\"},\"author\":{\"name\":\"diario2\",\"@id\":\"https:\\\/\\\/diariotextual.com\\\/inicio\\\/#\\\/schema\\\/person\\\/694f60677f23c4a530867a98f22b3768\"},\"headline\":\"\u201cLa deuda previsional de Naci\u00f3n es de $ 6.121.000.000\u201d, revel\u00f3 Franco\",\"datePublished\":\"2022-11-16T16:51:25+00:00\",\"dateModified\":\"2022-11-17T11:50:40+00:00\",\"mainEntityOfPage\":{\"@id\":\"https:\\\/\\\/diariotextual.com\\\/inicio\\\/index.php\\\/2022\\\/11\\\/16\\\/la-deuda-previsional-de-nacion-es-de-6-121-000-000-revelo-franco\\\/\"},\"wordCount\":595,\"publisher\":{\"@id\":\"https:\\\/\\\/diariotextual.com\\\/inicio\\\/#organization\"},\"image\":{\"@id\":\"https:\\\/\\\/diariotextual.com\\\/inicio\\\/index.php\\\/2022\\\/11\\\/16\\\/la-deuda-previsional-de-nacion-es-de-6-121-000-000-revelo-franco\\\/#primaryimage\"},\"thumbnailUrl\":\"https:\\\/\\\/diariotextual.com\\\/inicio\\\/wp-content\\\/uploads\\\/2019\\\/10\\\/francoernesto8888.jpg\",\"articleSection\":[\"A - QUE PASA (al costado)\",\"ECONOMIA\"],\"inLanguage\":\"es\"},{\"@type\":\"WebPage\",\"@id\":\"https:\\\/\\\/diariotextual.com\\\/inicio\\\/index.php\\\/2022\\\/11\\\/16\\\/la-deuda-previsional-de-nacion-es-de-6-121-000-000-revelo-franco\\\/\",\"url\":\"https:\\\/\\\/diariotextual.com\\\/inicio\\\/index.php\\\/2022\\\/11\\\/16\\\/la-deuda-previsional-de-nacion-es-de-6-121-000-000-revelo-franco\\\/\",\"name\":\"\u201cLa deuda previsional de Naci\u00f3n es de $ 6.121.000.000\u201d, revel\u00f3 Franco - Diario Textual\",\"isPartOf\":{\"@id\":\"https:\\\/\\\/diariotextual.com\\\/inicio\\\/#website\"},\"primaryImageOfPage\":{\"@id\":\"https:\\\/\\\/diariotextual.com\\\/inicio\\\/index.php\\\/2022\\\/11\\\/16\\\/la-deuda-previsional-de-nacion-es-de-6-121-000-000-revelo-franco\\\/#primaryimage\"},\"image\":{\"@id\":\"https:\\\/\\\/diariotextual.com\\\/inicio\\\/index.php\\\/2022\\\/11\\\/16\\\/la-deuda-previsional-de-nacion-es-de-6-121-000-000-revelo-franco\\\/#primaryimage\"},\"thumbnailUrl\":\"https:\\\/\\\/diariotextual.com\\\/inicio\\\/wp-content\\\/uploads\\\/2019\\\/10\\\/francoernesto8888.jpg\",\"datePublished\":\"2022-11-16T16:51:25+00:00\",\"dateModified\":\"2022-11-17T11:50:40+00:00\",\"breadcrumb\":{\"@id\":\"https:\\\/\\\/diariotextual.com\\\/inicio\\\/index.php\\\/2022\\\/11\\\/16\\\/la-deuda-previsional-de-nacion-es-de-6-121-000-000-revelo-franco\\\/#breadcrumb\"},\"inLanguage\":\"es\",\"potentialAction\":[{\"@type\":\"ReadAction\",\"target\":[\"https:\\\/\\\/diariotextual.com\\\/inicio\\\/index.php\\\/2022\\\/11\\\/16\\\/la-deuda-previsional-de-nacion-es-de-6-121-000-000-revelo-franco\\\/\"]}]},{\"@type\":\"ImageObject\",\"inLanguage\":\"es\",\"@id\":\"https:\\\/\\\/diariotextual.com\\\/inicio\\\/index.php\\\/2022\\\/11\\\/16\\\/la-deuda-previsional-de-nacion-es-de-6-121-000-000-revelo-franco\\\/#primaryimage\",\"url\":\"https:\\\/\\\/diariotextual.com\\\/inicio\\\/wp-content\\\/uploads\\\/2019\\\/10\\\/francoernesto8888.jpg\",\"contentUrl\":\"https:\\\/\\\/diariotextual.com\\\/inicio\\\/wp-content\\\/uploads\\\/2019\\\/10\\\/francoernesto8888.jpg\",\"width\":1600,\"height\":1066},{\"@type\":\"BreadcrumbList\",\"@id\":\"https:\\\/\\\/diariotextual.com\\\/inicio\\\/index.php\\\/2022\\\/11\\\/16\\\/la-deuda-previsional-de-nacion-es-de-6-121-000-000-revelo-franco\\\/#breadcrumb\",\"itemListElement\":[{\"@type\":\"ListItem\",\"position\":1,\"name\":\"Portada\",\"item\":\"https:\\\/\\\/diariotextual.com\\\/inicio\\\/\"},{\"@type\":\"ListItem\",\"position\":2,\"name\":\"\u201cLa deuda previsional de Naci\u00f3n es de $ 6.121.000.000\u201d, revel\u00f3 Franco\"}]},{\"@type\":\"WebSite\",\"@id\":\"https:\\\/\\\/diariotextual.com\\\/inicio\\\/#website\",\"url\":\"https:\\\/\\\/diariotextual.com\\\/inicio\\\/\",\"name\":\"Diario Textual\",\"description\":\"\",\"publisher\":{\"@id\":\"https:\\\/\\\/diariotextual.com\\\/inicio\\\/#organization\"},\"potentialAction\":[{\"@type\":\"SearchAction\",\"target\":{\"@type\":\"EntryPoint\",\"urlTemplate\":\"https:\\\/\\\/diariotextual.com\\\/inicio\\\/?s={search_term_string}\"},\"query-input\":{\"@type\":\"PropertyValueSpecification\",\"valueRequired\":true,\"valueName\":\"search_term_string\"}}],\"inLanguage\":\"es\"},{\"@type\":\"Organization\",\"@id\":\"https:\\\/\\\/diariotextual.com\\\/inicio\\\/#organization\",\"name\":\"Diario Textual\",\"url\":\"https:\\\/\\\/diariotextual.com\\\/inicio\\\/\",\"logo\":{\"@type\":\"ImageObject\",\"inLanguage\":\"es\",\"@id\":\"https:\\\/\\\/diariotextual.com\\\/inicio\\\/#\\\/schema\\\/logo\\\/image\\\/\",\"url\":\"https:\\\/\\\/diariotextual.com\\\/inicio\\\/wp-content\\\/uploads\\\/2023\\\/05\\\/logotextual1.jpg\",\"contentUrl\":\"https:\\\/\\\/diariotextual.com\\\/inicio\\\/wp-content\\\/uploads\\\/2023\\\/05\\\/logotextual1.jpg\",\"width\":516,\"height\":76,\"caption\":\"Diario Textual\"},\"image\":{\"@id\":\"https:\\\/\\\/diariotextual.com\\\/inicio\\\/#\\\/schema\\\/logo\\\/image\\\/\"},\"sameAs\":[\"https:\\\/\\\/www.facebook.com\\\/eltextual\",\"https:\\\/\\\/x.com\\\/eltextual\",\"http:\\\/\\\/www.instagram.com\\\/eltextual\"]},{\"@type\":\"Person\",\"@id\":\"https:\\\/\\\/diariotextual.com\\\/inicio\\\/#\\\/schema\\\/person\\\/694f60677f23c4a530867a98f22b3768\",\"name\":\"diario2\",\"image\":{\"@type\":\"ImageObject\",\"inLanguage\":\"es\",\"@id\":\"https:\\\/\\\/secure.gravatar.com\\\/avatar\\\/5a2567495ba16b852fcd8f1ed006a2e24fcace936018ed8237e95f488ad6e0a7?s=96&d=mm&r=g\",\"url\":\"https:\\\/\\\/secure.gravatar.com\\\/avatar\\\/5a2567495ba16b852fcd8f1ed006a2e24fcace936018ed8237e95f488ad6e0a7?s=96&d=mm&r=g\",\"contentUrl\":\"https:\\\/\\\/secure.gravatar.com\\\/avatar\\\/5a2567495ba16b852fcd8f1ed006a2e24fcace936018ed8237e95f488ad6e0a7?s=96&d=mm&r=g\",\"caption\":\"diario2\"},\"url\":\"https:\\\/\\\/diariotextual.com\\\/inicio\\\/index.php\\\/author\\\/diario2\\\/\"}]}<\/script>\n<!-- \/ Yoast SEO plugin. -->","yoast_head_json":{"title":"\u201cLa deuda previsional de Naci\u00f3n es de $ 6.121.000.000\u201d, revel\u00f3 Franco - Diario Textual","robots":{"index":"index","follow":"follow","max-snippet":"max-snippet:-1","max-image-preview":"max-image-preview:large","max-video-preview":"max-video-preview:-1"},"canonical":"https:\/\/diariotextual.com\/inicio\/index.php\/2022\/11\/16\/la-deuda-previsional-de-nacion-es-de-6-121-000-000-revelo-franco\/","og_locale":"es_ES","og_type":"article","og_title":"\u201cLa deuda previsional de Naci\u00f3n es de $ 6.121.000.000\u201d, revel\u00f3 Franco - Diario Textual","og_description":"El ministro de Hacienda de La Pampa, Ernesto Franco, revel\u00f3 que la deuda previsional de Naci\u00f3n con nuestra provincia es superior a los 6.100.000.000 de pesos, correspondientes a los per\u00edodos&hellip;","og_url":"https:\/\/diariotextual.com\/inicio\/index.php\/2022\/11\/16\/la-deuda-previsional-de-nacion-es-de-6-121-000-000-revelo-franco\/","og_site_name":"Diario Textual","article_publisher":"https:\/\/www.facebook.com\/eltextual","article_published_time":"2022-11-16T16:51:25+00:00","article_modified_time":"2022-11-17T11:50:40+00:00","og_image":[{"width":1600,"height":1066,"url":"https:\/\/diariotextual.com\/inicio\/wp-content\/uploads\/2019\/10\/francoernesto8888.jpg","type":"image\/jpeg"}],"author":"diario2","twitter_card":"summary_large_image","twitter_creator":"@eltextual","twitter_site":"@eltextual","twitter_misc":{"Escrito por":"diario2","Tiempo de lectura":"3 minutos"},"schema":{"@context":"https:\/\/schema.org","@graph":[{"@type":"Article","@id":"https:\/\/diariotextual.com\/inicio\/index.php\/2022\/11\/16\/la-deuda-previsional-de-nacion-es-de-6-121-000-000-revelo-franco\/#article","isPartOf":{"@id":"https:\/\/diariotextual.com\/inicio\/index.php\/2022\/11\/16\/la-deuda-previsional-de-nacion-es-de-6-121-000-000-revelo-franco\/"},"author":{"name":"diario2","@id":"https:\/\/diariotextual.com\/inicio\/#\/schema\/person\/694f60677f23c4a530867a98f22b3768"},"headline":"\u201cLa deuda previsional de Naci\u00f3n es de $ 6.121.000.000\u201d, revel\u00f3 Franco","datePublished":"2022-11-16T16:51:25+00:00","dateModified":"2022-11-17T11:50:40+00:00","mainEntityOfPage":{"@id":"https:\/\/diariotextual.com\/inicio\/index.php\/2022\/11\/16\/la-deuda-previsional-de-nacion-es-de-6-121-000-000-revelo-franco\/"},"wordCount":595,"publisher":{"@id":"https:\/\/diariotextual.com\/inicio\/#organization"},"image":{"@id":"https:\/\/diariotextual.com\/inicio\/index.php\/2022\/11\/16\/la-deuda-previsional-de-nacion-es-de-6-121-000-000-revelo-franco\/#primaryimage"},"thumbnailUrl":"https:\/\/diariotextual.com\/inicio\/wp-content\/uploads\/2019\/10\/francoernesto8888.jpg","articleSection":["A - QUE PASA (al costado)","ECONOMIA"],"inLanguage":"es"},{"@type":"WebPage","@id":"https:\/\/diariotextual.com\/inicio\/index.php\/2022\/11\/16\/la-deuda-previsional-de-nacion-es-de-6-121-000-000-revelo-franco\/","url":"https:\/\/diariotextual.com\/inicio\/index.php\/2022\/11\/16\/la-deuda-previsional-de-nacion-es-de-6-121-000-000-revelo-franco\/","name":"\u201cLa deuda previsional de Naci\u00f3n es de $ 6.121.000.000\u201d, revel\u00f3 Franco - Diario Textual","isPartOf":{"@id":"https:\/\/diariotextual.com\/inicio\/#website"},"primaryImageOfPage":{"@id":"https:\/\/diariotextual.com\/inicio\/index.php\/2022\/11\/16\/la-deuda-previsional-de-nacion-es-de-6-121-000-000-revelo-franco\/#primaryimage"},"image":{"@id":"https:\/\/diariotextual.com\/inicio\/index.php\/2022\/11\/16\/la-deuda-previsional-de-nacion-es-de-6-121-000-000-revelo-franco\/#primaryimage"},"thumbnailUrl":"https:\/\/diariotextual.com\/inicio\/wp-content\/uploads\/2019\/10\/francoernesto8888.jpg","datePublished":"2022-11-16T16:51:25+00:00","dateModified":"2022-11-17T11:50:40+00:00","breadcrumb":{"@id":"https:\/\/diariotextual.com\/inicio\/index.php\/2022\/11\/16\/la-deuda-previsional-de-nacion-es-de-6-121-000-000-revelo-franco\/#breadcrumb"},"inLanguage":"es","potentialAction":[{"@type":"ReadAction","target":["https:\/\/diariotextual.com\/inicio\/index.php\/2022\/11\/16\/la-deuda-previsional-de-nacion-es-de-6-121-000-000-revelo-franco\/"]}]},{"@type":"ImageObject","inLanguage":"es","@id":"https:\/\/diariotextual.com\/inicio\/index.php\/2022\/11\/16\/la-deuda-previsional-de-nacion-es-de-6-121-000-000-revelo-franco\/#primaryimage","url":"https:\/\/diariotextual.com\/inicio\/wp-content\/uploads\/2019\/10\/francoernesto8888.jpg","contentUrl":"https:\/\/diariotextual.com\/inicio\/wp-content\/uploads\/2019\/10\/francoernesto8888.jpg","width":1600,"height":1066},{"@type":"BreadcrumbList","@id":"https:\/\/diariotextual.com\/inicio\/index.php\/2022\/11\/16\/la-deuda-previsional-de-nacion-es-de-6-121-000-000-revelo-franco\/#breadcrumb","itemListElement":[{"@type":"ListItem","position":1,"name":"Portada","item":"https:\/\/diariotextual.com\/inicio\/"},{"@type":"ListItem","position":2,"name":"\u201cLa deuda previsional de Naci\u00f3n es de $ 6.121.000.000\u201d, revel\u00f3 Franco"}]},{"@type":"WebSite","@id":"https:\/\/diariotextual.com\/inicio\/#website","url":"https:\/\/diariotextual.com\/inicio\/","name":"Diario Textual","description":"","publisher":{"@id":"https:\/\/diariotextual.com\/inicio\/#organization"},"potentialAction":[{"@type":"SearchAction","target":{"@type":"EntryPoint","urlTemplate":"https:\/\/diariotextual.com\/inicio\/?s={search_term_string}"},"query-input":{"@type":"PropertyValueSpecification","valueRequired":true,"valueName":"search_term_string"}}],"inLanguage":"es"},{"@type":"Organization","@id":"https:\/\/diariotextual.com\/inicio\/#organization","name":"Diario Textual","url":"https:\/\/diariotextual.com\/inicio\/","logo":{"@type":"ImageObject","inLanguage":"es","@id":"https:\/\/diariotextual.com\/inicio\/#\/schema\/logo\/image\/","url":"https:\/\/diariotextual.com\/inicio\/wp-content\/uploads\/2023\/05\/logotextual1.jpg","contentUrl":"https:\/\/diariotextual.com\/inicio\/wp-content\/uploads\/2023\/05\/logotextual1.jpg","width":516,"height":76,"caption":"Diario Textual"},"image":{"@id":"https:\/\/diariotextual.com\/inicio\/#\/schema\/logo\/image\/"},"sameAs":["https:\/\/www.facebook.com\/eltextual","https:\/\/x.com\/eltextual","http:\/\/www.instagram.com\/eltextual"]},{"@type":"Person","@id":"https:\/\/diariotextual.com\/inicio\/#\/schema\/person\/694f60677f23c4a530867a98f22b3768","name":"diario2","image":{"@type":"ImageObject","inLanguage":"es","@id":"https:\/\/secure.gravatar.com\/avatar\/5a2567495ba16b852fcd8f1ed006a2e24fcace936018ed8237e95f488ad6e0a7?s=96&d=mm&r=g","url":"https:\/\/secure.gravatar.com\/avatar\/5a2567495ba16b852fcd8f1ed006a2e24fcace936018ed8237e95f488ad6e0a7?s=96&d=mm&r=g","contentUrl":"https:\/\/secure.gravatar.com\/avatar\/5a2567495ba16b852fcd8f1ed006a2e24fcace936018ed8237e95f488ad6e0a7?s=96&d=mm&r=g","caption":"diario2"},"url":"https:\/\/diariotextual.com\/inicio\/index.php\/author\/diario2\/"}]}},"_links":{"self":[{"href":"https:\/\/diariotextual.com\/inicio\/index.php\/wp-json\/wp\/v2\/posts\/207289","targetHints":{"allow":["GET"]}}],"collection":[{"href":"https:\/\/diariotextual.com\/inicio\/index.php\/wp-json\/wp\/v2\/posts"}],"about":[{"href":"https:\/\/diariotextual.com\/inicio\/index.php\/wp-json\/wp\/v2\/types\/post"}],"author":[{"embeddable":true,"href":"https:\/\/diariotextual.com\/inicio\/index.php\/wp-json\/wp\/v2\/users\/4"}],"replies":[{"embeddable":true,"href":"https:\/\/diariotextual.com\/inicio\/index.php\/wp-json\/wp\/v2\/comments?post=207289"}],"version-history":[{"count":1,"href":"https:\/\/diariotextual.com\/inicio\/index.php\/wp-json\/wp\/v2\/posts\/207289\/revisions"}],"predecessor-version":[{"id":207290,"href":"https:\/\/diariotextual.com\/inicio\/index.php\/wp-json\/wp\/v2\/posts\/207289\/revisions\/207290"}],"wp:featuredmedia":[{"embeddable":true,"href":"https:\/\/diariotextual.com\/inicio\/index.php\/wp-json\/wp\/v2\/media\/64715"}],"wp:attachment":[{"href":"https:\/\/diariotextual.com\/inicio\/index.php\/wp-json\/wp\/v2\/media?parent=207289"}],"wp:term":[{"taxonomy":"category","embeddable":true,"href":"https:\/\/diariotextual.com\/inicio\/index.php\/wp-json\/wp\/v2\/categories?post=207289"},{"taxonomy":"post_tag","embeddable":true,"href":"https:\/\/diariotextual.com\/inicio\/index.php\/wp-json\/wp\/v2\/tags?post=207289"}],"curies":[{"name":"wp","href":"https:\/\/api.w.org\/{rel}","templated":true}]}}