{"id":207472,"date":"2022-11-17T16:36:18","date_gmt":"2022-11-17T19:36:18","guid":{"rendered":"https:\/\/diariotextual.com\/inicio\/?p=207472"},"modified":"2022-11-18T12:40:56","modified_gmt":"2022-11-18T15:40:56","slug":"colocan-luminarias-en-el-cruce-de-la-ruta-nacional-5-y-ruta-provincial-7","status":"publish","type":"post","link":"https:\/\/diariotextual.com\/inicio\/index.php\/2022\/11\/17\/colocan-luminarias-en-el-cruce-de-la-ruta-nacional-5-y-ruta-provincial-7\/","title":{"rendered":"Colocan luminarias en el cruce de la ruta nacional 5 y ruta provincial 7"},"content":{"rendered":"\n<p>Con financiamiento de Vialidad Nacional, a trav\u00e9s de un convenio con la Direcci\u00f3n Provincial de Vialidad, se comenz\u00f3 a ejecutar la <strong>obra de iluminaci\u00f3n <\/strong>en el empalme de las rutas nacional 5 con la provincial 7.<\/p>\n\n\n\n<p>El proyecto incluye la colocaci\u00f3n de un total de <strong>32 columnas, de las cuales ya se instalaron 20 <\/strong>y antes del fin de semana ya van a estar todas emplazadas.<\/p>\n\n\n\n<p>Las luces que se instalan son de tipo LED, poseen una potencia de 200 watts e implican un menor consumo el\u00e9ctrico, una caracter\u00edstica que otorga mayor eficiencia energ\u00e9tica. Las columnas poseen una altura de 12 metros, con pescantes (brazos) de dos metros y medio. Se instalan de forma aplomada sobre una fundaci\u00f3n de 70 x 70 cm., con 1,5 metros de profundidad, se nivelan y se les da la altura correspondiente.&nbsp;&nbsp;&nbsp;&nbsp;<\/p>\n\n\n\n<p>La conexi\u00f3n el\u00e9ctrica entre las 32 columnas y el transformador es por v\u00eda subterr\u00e1nea. Se trata de un tipo de distribuci\u00f3n denominada a tresbolillo, lo cual permite que haya una disposici\u00f3n m\u00e1s equitativa sobre la cinta asf\u00e1ltica, ya que las luces se distribuyen en forma de tri\u00e1ngulo equil\u00e1tero, o sea, con la misma distancia entre s\u00ed. La intervenci\u00f3n tambi\u00e9n incluye la instalaci\u00f3n de 1.300 metros de barandas met\u00e1licas, para brindar mayor seguridad al tr\u00e1nsito vial.<\/p>\n\n\n\n<p>El proyecto de obra <strong>contempla tambi\u00e9n la iluminaci\u00f3n de los cruces de la ruta nacional N\u00b0 5 con las rutas provinciales 1, pr\u00f3ximo al acceso a Catril\u00f3, y ruta 1, en cercan\u00edas a Lonquimay.<\/strong> En la intersecci\u00f3n ubicada en Catril\u00f3, se va a iluminar el paso a nivel y as\u00ed se estar\u00e1 dando respuesta a los reclamos de parte de la comunidad que solicit\u00f3 el mejoramiento de la visibilidad de ese cruce, debido a la cantidad de siniestros viales que ocurrieron.<\/p>\n\n\n\n<p>El principal objetivo de estas obras, que comenzaron en agosto de este a\u00f1o y finalizar\u00e1n en febrero del 2023, es mejorar las condiciones de seguridad en las intersecciones de la ruta nacional 5 con las rutas provinciales 7 y 1. Los trabajos son financiados por Vialidad Nacional y ejecutados por la Direcci\u00f3n Provincial de Vialidad, a trav\u00e9s de la empresa ECOP Construcciones, con un presupuesto de unos $122 millones.<\/p>\n","protected":false},"excerpt":{"rendered":"<p>Con financiamiento de Vialidad Nacional, a trav\u00e9s de un convenio con la Direcci\u00f3n Provincial de Vialidad, se comenz\u00f3 a ejecutar la obra de iluminaci\u00f3n en el empalme de las rutas&hellip;<\/p>\n","protected":false},"author":4,"featured_media":207474,"comment_status":"closed","ping_status":"open","sticky":false,"template":"","format":"standard","meta":{"_acf_changed":false,"footnotes":""},"categories":[1,11,12],"tags":[],"class_list":["post-207472","post","type-post","status-publish","format-standard","has-post-thumbnail","hentry","category-es-noticia","category-que-pasa","category-sociedad"],"acf":[],"yoast_head":"<!-- This site is optimized with the Yoast SEO plugin v27.5 - https:\/\/yoast.com\/product\/yoast-seo-wordpress\/ -->\n<title>Colocan luminarias en el cruce de la ruta nacional 5 y ruta provincial 7 - Diario Textual<\/title>\n<meta name=\"robots\" content=\"index, follow, max-snippet:-1, max-image-preview:large, max-video-preview:-1\" \/>\n<link rel=\"canonical\" href=\"https:\/\/diariotextual.com\/inicio\/index.php\/2022\/11\/17\/colocan-luminarias-en-el-cruce-de-la-ruta-nacional-5-y-ruta-provincial-7\/\" \/>\n<meta property=\"og:locale\" content=\"es_ES\" \/>\n<meta property=\"og:type\" content=\"article\" \/>\n<meta property=\"og:title\" content=\"Colocan luminarias en el cruce de la ruta nacional 5 y ruta provincial 7 - Diario Textual\" \/>\n<meta property=\"og:description\" content=\"Con financiamiento de Vialidad Nacional, a trav\u00e9s de un convenio con la Direcci\u00f3n Provincial de Vialidad, se comenz\u00f3 a ejecutar la obra de iluminaci\u00f3n en el empalme de las rutas&hellip;\" \/>\n<meta property=\"og:url\" content=\"https:\/\/diariotextual.com\/inicio\/index.php\/2022\/11\/17\/colocan-luminarias-en-el-cruce-de-la-ruta-nacional-5-y-ruta-provincial-7\/\" \/>\n<meta property=\"og:site_name\" content=\"Diario Textual\" \/>\n<meta property=\"article:publisher\" content=\"https:\/\/www.facebook.com\/eltextual\" \/>\n<meta property=\"article:published_time\" content=\"2022-11-17T19:36:18+00:00\" \/>\n<meta property=\"article:modified_time\" content=\"2022-11-18T15:40:56+00:00\" \/>\n<meta property=\"og:image\" content=\"https:\/\/diariotextual.com\/inicio\/wp-content\/uploads\/2022\/11\/iluminacionruta5y7563.jpg\" \/>\n\t<meta property=\"og:image:width\" content=\"874\" \/>\n\t<meta property=\"og:image:height\" content=\"555\" \/>\n\t<meta property=\"og:image:type\" content=\"image\/jpeg\" \/>\n<meta name=\"author\" content=\"diario2\" \/>\n<meta name=\"twitter:card\" content=\"summary_large_image\" \/>\n<meta name=\"twitter:creator\" content=\"@eltextual\" \/>\n<meta name=\"twitter:site\" content=\"@eltextual\" \/>\n<meta name=\"twitter:label1\" content=\"Escrito por\" \/>\n\t<meta name=\"twitter:data1\" content=\"diario2\" \/>\n\t<meta name=\"twitter:label2\" content=\"Tiempo de lectura\" \/>\n\t<meta name=\"twitter:data2\" content=\"2 minutos\" \/>\n<script type=\"application\/ld+json\" class=\"yoast-schema-graph\">{\"@context\":\"https:\\\/\\\/schema.org\",\"@graph\":[{\"@type\":\"Article\",\"@id\":\"https:\\\/\\\/diariotextual.com\\\/inicio\\\/index.php\\\/2022\\\/11\\\/17\\\/colocan-luminarias-en-el-cruce-de-la-ruta-nacional-5-y-ruta-provincial-7\\\/#article\",\"isPartOf\":{\"@id\":\"https:\\\/\\\/diariotextual.com\\\/inicio\\\/index.php\\\/2022\\\/11\\\/17\\\/colocan-luminarias-en-el-cruce-de-la-ruta-nacional-5-y-ruta-provincial-7\\\/\"},\"author\":{\"name\":\"diario2\",\"@id\":\"https:\\\/\\\/diariotextual.com\\\/inicio\\\/#\\\/schema\\\/person\\\/694f60677f23c4a530867a98f22b3768\"},\"headline\":\"Colocan luminarias en el cruce de la ruta nacional 5 y ruta provincial 7\",\"datePublished\":\"2022-11-17T19:36:18+00:00\",\"dateModified\":\"2022-11-18T15:40:56+00:00\",\"mainEntityOfPage\":{\"@id\":\"https:\\\/\\\/diariotextual.com\\\/inicio\\\/index.php\\\/2022\\\/11\\\/17\\\/colocan-luminarias-en-el-cruce-de-la-ruta-nacional-5-y-ruta-provincial-7\\\/\"},\"wordCount\":391,\"publisher\":{\"@id\":\"https:\\\/\\\/diariotextual.com\\\/inicio\\\/#organization\"},\"image\":{\"@id\":\"https:\\\/\\\/diariotextual.com\\\/inicio\\\/index.php\\\/2022\\\/11\\\/17\\\/colocan-luminarias-en-el-cruce-de-la-ruta-nacional-5-y-ruta-provincial-7\\\/#primaryimage\"},\"thumbnailUrl\":\"https:\\\/\\\/diariotextual.com\\\/inicio\\\/wp-content\\\/uploads\\\/2022\\\/11\\\/iluminacionruta5y7563.jpg\",\"articleSection\":[\"A - ES NOTICIA (van abajo)\",\"A - QUE PASA (al costado)\",\"SOCIEDAD\"],\"inLanguage\":\"es\"},{\"@type\":\"WebPage\",\"@id\":\"https:\\\/\\\/diariotextual.com\\\/inicio\\\/index.php\\\/2022\\\/11\\\/17\\\/colocan-luminarias-en-el-cruce-de-la-ruta-nacional-5-y-ruta-provincial-7\\\/\",\"url\":\"https:\\\/\\\/diariotextual.com\\\/inicio\\\/index.php\\\/2022\\\/11\\\/17\\\/colocan-luminarias-en-el-cruce-de-la-ruta-nacional-5-y-ruta-provincial-7\\\/\",\"name\":\"Colocan luminarias en el cruce de la ruta nacional 5 y ruta provincial 7 - Diario Textual\",\"isPartOf\":{\"@id\":\"https:\\\/\\\/diariotextual.com\\\/inicio\\\/#website\"},\"primaryImageOfPage\":{\"@id\":\"https:\\\/\\\/diariotextual.com\\\/inicio\\\/index.php\\\/2022\\\/11\\\/17\\\/colocan-luminarias-en-el-cruce-de-la-ruta-nacional-5-y-ruta-provincial-7\\\/#primaryimage\"},\"image\":{\"@id\":\"https:\\\/\\\/diariotextual.com\\\/inicio\\\/index.php\\\/2022\\\/11\\\/17\\\/colocan-luminarias-en-el-cruce-de-la-ruta-nacional-5-y-ruta-provincial-7\\\/#primaryimage\"},\"thumbnailUrl\":\"https:\\\/\\\/diariotextual.com\\\/inicio\\\/wp-content\\\/uploads\\\/2022\\\/11\\\/iluminacionruta5y7563.jpg\",\"datePublished\":\"2022-11-17T19:36:18+00:00\",\"dateModified\":\"2022-11-18T15:40:56+00:00\",\"breadcrumb\":{\"@id\":\"https:\\\/\\\/diariotextual.com\\\/inicio\\\/index.php\\\/2022\\\/11\\\/17\\\/colocan-luminarias-en-el-cruce-de-la-ruta-nacional-5-y-ruta-provincial-7\\\/#breadcrumb\"},\"inLanguage\":\"es\",\"potentialAction\":[{\"@type\":\"ReadAction\",\"target\":[\"https:\\\/\\\/diariotextual.com\\\/inicio\\\/index.php\\\/2022\\\/11\\\/17\\\/colocan-luminarias-en-el-cruce-de-la-ruta-nacional-5-y-ruta-provincial-7\\\/\"]}]},{\"@type\":\"ImageObject\",\"inLanguage\":\"es\",\"@id\":\"https:\\\/\\\/diariotextual.com\\\/inicio\\\/index.php\\\/2022\\\/11\\\/17\\\/colocan-luminarias-en-el-cruce-de-la-ruta-nacional-5-y-ruta-provincial-7\\\/#primaryimage\",\"url\":\"https:\\\/\\\/diariotextual.com\\\/inicio\\\/wp-content\\\/uploads\\\/2022\\\/11\\\/iluminacionruta5y7563.jpg\",\"contentUrl\":\"https:\\\/\\\/diariotextual.com\\\/inicio\\\/wp-content\\\/uploads\\\/2022\\\/11\\\/iluminacionruta5y7563.jpg\",\"width\":874,\"height\":555},{\"@type\":\"BreadcrumbList\",\"@id\":\"https:\\\/\\\/diariotextual.com\\\/inicio\\\/index.php\\\/2022\\\/11\\\/17\\\/colocan-luminarias-en-el-cruce-de-la-ruta-nacional-5-y-ruta-provincial-7\\\/#breadcrumb\",\"itemListElement\":[{\"@type\":\"ListItem\",\"position\":1,\"name\":\"Portada\",\"item\":\"https:\\\/\\\/diariotextual.com\\\/inicio\\\/\"},{\"@type\":\"ListItem\",\"position\":2,\"name\":\"Colocan luminarias en el cruce de la ruta nacional 5 y ruta provincial 7\"}]},{\"@type\":\"WebSite\",\"@id\":\"https:\\\/\\\/diariotextual.com\\\/inicio\\\/#website\",\"url\":\"https:\\\/\\\/diariotextual.com\\\/inicio\\\/\",\"name\":\"Diario Textual\",\"description\":\"\",\"publisher\":{\"@id\":\"https:\\\/\\\/diariotextual.com\\\/inicio\\\/#organization\"},\"potentialAction\":[{\"@type\":\"SearchAction\",\"target\":{\"@type\":\"EntryPoint\",\"urlTemplate\":\"https:\\\/\\\/diariotextual.com\\\/inicio\\\/?s={search_term_string}\"},\"query-input\":{\"@type\":\"PropertyValueSpecification\",\"valueRequired\":true,\"valueName\":\"search_term_string\"}}],\"inLanguage\":\"es\"},{\"@type\":\"Organization\",\"@id\":\"https:\\\/\\\/diariotextual.com\\\/inicio\\\/#organization\",\"name\":\"Diario Textual\",\"url\":\"https:\\\/\\\/diariotextual.com\\\/inicio\\\/\",\"logo\":{\"@type\":\"ImageObject\",\"inLanguage\":\"es\",\"@id\":\"https:\\\/\\\/diariotextual.com\\\/inicio\\\/#\\\/schema\\\/logo\\\/image\\\/\",\"url\":\"https:\\\/\\\/diariotextual.com\\\/inicio\\\/wp-content\\\/uploads\\\/2023\\\/05\\\/logotextual1.jpg\",\"contentUrl\":\"https:\\\/\\\/diariotextual.com\\\/inicio\\\/wp-content\\\/uploads\\\/2023\\\/05\\\/logotextual1.jpg\",\"width\":516,\"height\":76,\"caption\":\"Diario Textual\"},\"image\":{\"@id\":\"https:\\\/\\\/diariotextual.com\\\/inicio\\\/#\\\/schema\\\/logo\\\/image\\\/\"},\"sameAs\":[\"https:\\\/\\\/www.facebook.com\\\/eltextual\",\"https:\\\/\\\/x.com\\\/eltextual\",\"http:\\\/\\\/www.instagram.com\\\/eltextual\"]},{\"@type\":\"Person\",\"@id\":\"https:\\\/\\\/diariotextual.com\\\/inicio\\\/#\\\/schema\\\/person\\\/694f60677f23c4a530867a98f22b3768\",\"name\":\"diario2\",\"image\":{\"@type\":\"ImageObject\",\"inLanguage\":\"es\",\"@id\":\"https:\\\/\\\/secure.gravatar.com\\\/avatar\\\/5a2567495ba16b852fcd8f1ed006a2e24fcace936018ed8237e95f488ad6e0a7?s=96&d=mm&r=g\",\"url\":\"https:\\\/\\\/secure.gravatar.com\\\/avatar\\\/5a2567495ba16b852fcd8f1ed006a2e24fcace936018ed8237e95f488ad6e0a7?s=96&d=mm&r=g\",\"contentUrl\":\"https:\\\/\\\/secure.gravatar.com\\\/avatar\\\/5a2567495ba16b852fcd8f1ed006a2e24fcace936018ed8237e95f488ad6e0a7?s=96&d=mm&r=g\",\"caption\":\"diario2\"},\"url\":\"https:\\\/\\\/diariotextual.com\\\/inicio\\\/index.php\\\/author\\\/diario2\\\/\"}]}<\/script>\n<!-- \/ Yoast SEO plugin. -->","yoast_head_json":{"title":"Colocan luminarias en el cruce de la ruta nacional 5 y ruta provincial 7 - Diario Textual","robots":{"index":"index","follow":"follow","max-snippet":"max-snippet:-1","max-image-preview":"max-image-preview:large","max-video-preview":"max-video-preview:-1"},"canonical":"https:\/\/diariotextual.com\/inicio\/index.php\/2022\/11\/17\/colocan-luminarias-en-el-cruce-de-la-ruta-nacional-5-y-ruta-provincial-7\/","og_locale":"es_ES","og_type":"article","og_title":"Colocan luminarias en el cruce de la ruta nacional 5 y ruta provincial 7 - Diario Textual","og_description":"Con financiamiento de Vialidad Nacional, a trav\u00e9s de un convenio con la Direcci\u00f3n Provincial de Vialidad, se comenz\u00f3 a ejecutar la obra de iluminaci\u00f3n en el empalme de las rutas&hellip;","og_url":"https:\/\/diariotextual.com\/inicio\/index.php\/2022\/11\/17\/colocan-luminarias-en-el-cruce-de-la-ruta-nacional-5-y-ruta-provincial-7\/","og_site_name":"Diario Textual","article_publisher":"https:\/\/www.facebook.com\/eltextual","article_published_time":"2022-11-17T19:36:18+00:00","article_modified_time":"2022-11-18T15:40:56+00:00","og_image":[{"width":874,"height":555,"url":"https:\/\/diariotextual.com\/inicio\/wp-content\/uploads\/2022\/11\/iluminacionruta5y7563.jpg","type":"image\/jpeg"}],"author":"diario2","twitter_card":"summary_large_image","twitter_creator":"@eltextual","twitter_site":"@eltextual","twitter_misc":{"Escrito por":"diario2","Tiempo de lectura":"2 minutos"},"schema":{"@context":"https:\/\/schema.org","@graph":[{"@type":"Article","@id":"https:\/\/diariotextual.com\/inicio\/index.php\/2022\/11\/17\/colocan-luminarias-en-el-cruce-de-la-ruta-nacional-5-y-ruta-provincial-7\/#article","isPartOf":{"@id":"https:\/\/diariotextual.com\/inicio\/index.php\/2022\/11\/17\/colocan-luminarias-en-el-cruce-de-la-ruta-nacional-5-y-ruta-provincial-7\/"},"author":{"name":"diario2","@id":"https:\/\/diariotextual.com\/inicio\/#\/schema\/person\/694f60677f23c4a530867a98f22b3768"},"headline":"Colocan luminarias en el cruce de la ruta nacional 5 y ruta provincial 7","datePublished":"2022-11-17T19:36:18+00:00","dateModified":"2022-11-18T15:40:56+00:00","mainEntityOfPage":{"@id":"https:\/\/diariotextual.com\/inicio\/index.php\/2022\/11\/17\/colocan-luminarias-en-el-cruce-de-la-ruta-nacional-5-y-ruta-provincial-7\/"},"wordCount":391,"publisher":{"@id":"https:\/\/diariotextual.com\/inicio\/#organization"},"image":{"@id":"https:\/\/diariotextual.com\/inicio\/index.php\/2022\/11\/17\/colocan-luminarias-en-el-cruce-de-la-ruta-nacional-5-y-ruta-provincial-7\/#primaryimage"},"thumbnailUrl":"https:\/\/diariotextual.com\/inicio\/wp-content\/uploads\/2022\/11\/iluminacionruta5y7563.jpg","articleSection":["A - ES NOTICIA (van abajo)","A - QUE PASA (al costado)","SOCIEDAD"],"inLanguage":"es"},{"@type":"WebPage","@id":"https:\/\/diariotextual.com\/inicio\/index.php\/2022\/11\/17\/colocan-luminarias-en-el-cruce-de-la-ruta-nacional-5-y-ruta-provincial-7\/","url":"https:\/\/diariotextual.com\/inicio\/index.php\/2022\/11\/17\/colocan-luminarias-en-el-cruce-de-la-ruta-nacional-5-y-ruta-provincial-7\/","name":"Colocan luminarias en el cruce de la ruta nacional 5 y ruta provincial 7 - Diario Textual","isPartOf":{"@id":"https:\/\/diariotextual.com\/inicio\/#website"},"primaryImageOfPage":{"@id":"https:\/\/diariotextual.com\/inicio\/index.php\/2022\/11\/17\/colocan-luminarias-en-el-cruce-de-la-ruta-nacional-5-y-ruta-provincial-7\/#primaryimage"},"image":{"@id":"https:\/\/diariotextual.com\/inicio\/index.php\/2022\/11\/17\/colocan-luminarias-en-el-cruce-de-la-ruta-nacional-5-y-ruta-provincial-7\/#primaryimage"},"thumbnailUrl":"https:\/\/diariotextual.com\/inicio\/wp-content\/uploads\/2022\/11\/iluminacionruta5y7563.jpg","datePublished":"2022-11-17T19:36:18+00:00","dateModified":"2022-11-18T15:40:56+00:00","breadcrumb":{"@id":"https:\/\/diariotextual.com\/inicio\/index.php\/2022\/11\/17\/colocan-luminarias-en-el-cruce-de-la-ruta-nacional-5-y-ruta-provincial-7\/#breadcrumb"},"inLanguage":"es","potentialAction":[{"@type":"ReadAction","target":["https:\/\/diariotextual.com\/inicio\/index.php\/2022\/11\/17\/colocan-luminarias-en-el-cruce-de-la-ruta-nacional-5-y-ruta-provincial-7\/"]}]},{"@type":"ImageObject","inLanguage":"es","@id":"https:\/\/diariotextual.com\/inicio\/index.php\/2022\/11\/17\/colocan-luminarias-en-el-cruce-de-la-ruta-nacional-5-y-ruta-provincial-7\/#primaryimage","url":"https:\/\/diariotextual.com\/inicio\/wp-content\/uploads\/2022\/11\/iluminacionruta5y7563.jpg","contentUrl":"https:\/\/diariotextual.com\/inicio\/wp-content\/uploads\/2022\/11\/iluminacionruta5y7563.jpg","width":874,"height":555},{"@type":"BreadcrumbList","@id":"https:\/\/diariotextual.com\/inicio\/index.php\/2022\/11\/17\/colocan-luminarias-en-el-cruce-de-la-ruta-nacional-5-y-ruta-provincial-7\/#breadcrumb","itemListElement":[{"@type":"ListItem","position":1,"name":"Portada","item":"https:\/\/diariotextual.com\/inicio\/"},{"@type":"ListItem","position":2,"name":"Colocan luminarias en el cruce de la ruta nacional 5 y ruta provincial 7"}]},{"@type":"WebSite","@id":"https:\/\/diariotextual.com\/inicio\/#website","url":"https:\/\/diariotextual.com\/inicio\/","name":"Diario Textual","description":"","publisher":{"@id":"https:\/\/diariotextual.com\/inicio\/#organization"},"potentialAction":[{"@type":"SearchAction","target":{"@type":"EntryPoint","urlTemplate":"https:\/\/diariotextual.com\/inicio\/?s={search_term_string}"},"query-input":{"@type":"PropertyValueSpecification","valueRequired":true,"valueName":"search_term_string"}}],"inLanguage":"es"},{"@type":"Organization","@id":"https:\/\/diariotextual.com\/inicio\/#organization","name":"Diario Textual","url":"https:\/\/diariotextual.com\/inicio\/","logo":{"@type":"ImageObject","inLanguage":"es","@id":"https:\/\/diariotextual.com\/inicio\/#\/schema\/logo\/image\/","url":"https:\/\/diariotextual.com\/inicio\/wp-content\/uploads\/2023\/05\/logotextual1.jpg","contentUrl":"https:\/\/diariotextual.com\/inicio\/wp-content\/uploads\/2023\/05\/logotextual1.jpg","width":516,"height":76,"caption":"Diario Textual"},"image":{"@id":"https:\/\/diariotextual.com\/inicio\/#\/schema\/logo\/image\/"},"sameAs":["https:\/\/www.facebook.com\/eltextual","https:\/\/x.com\/eltextual","http:\/\/www.instagram.com\/eltextual"]},{"@type":"Person","@id":"https:\/\/diariotextual.com\/inicio\/#\/schema\/person\/694f60677f23c4a530867a98f22b3768","name":"diario2","image":{"@type":"ImageObject","inLanguage":"es","@id":"https:\/\/secure.gravatar.com\/avatar\/5a2567495ba16b852fcd8f1ed006a2e24fcace936018ed8237e95f488ad6e0a7?s=96&d=mm&r=g","url":"https:\/\/secure.gravatar.com\/avatar\/5a2567495ba16b852fcd8f1ed006a2e24fcace936018ed8237e95f488ad6e0a7?s=96&d=mm&r=g","contentUrl":"https:\/\/secure.gravatar.com\/avatar\/5a2567495ba16b852fcd8f1ed006a2e24fcace936018ed8237e95f488ad6e0a7?s=96&d=mm&r=g","caption":"diario2"},"url":"https:\/\/diariotextual.com\/inicio\/index.php\/author\/diario2\/"}]}},"_links":{"self":[{"href":"https:\/\/diariotextual.com\/inicio\/index.php\/wp-json\/wp\/v2\/posts\/207472","targetHints":{"allow":["GET"]}}],"collection":[{"href":"https:\/\/diariotextual.com\/inicio\/index.php\/wp-json\/wp\/v2\/posts"}],"about":[{"href":"https:\/\/diariotextual.com\/inicio\/index.php\/wp-json\/wp\/v2\/types\/post"}],"author":[{"embeddable":true,"href":"https:\/\/diariotextual.com\/inicio\/index.php\/wp-json\/wp\/v2\/users\/4"}],"replies":[{"embeddable":true,"href":"https:\/\/diariotextual.com\/inicio\/index.php\/wp-json\/wp\/v2\/comments?post=207472"}],"version-history":[{"count":1,"href":"https:\/\/diariotextual.com\/inicio\/index.php\/wp-json\/wp\/v2\/posts\/207472\/revisions"}],"predecessor-version":[{"id":207475,"href":"https:\/\/diariotextual.com\/inicio\/index.php\/wp-json\/wp\/v2\/posts\/207472\/revisions\/207475"}],"wp:featuredmedia":[{"embeddable":true,"href":"https:\/\/diariotextual.com\/inicio\/index.php\/wp-json\/wp\/v2\/media\/207474"}],"wp:attachment":[{"href":"https:\/\/diariotextual.com\/inicio\/index.php\/wp-json\/wp\/v2\/media?parent=207472"}],"wp:term":[{"taxonomy":"category","embeddable":true,"href":"https:\/\/diariotextual.com\/inicio\/index.php\/wp-json\/wp\/v2\/categories?post=207472"},{"taxonomy":"post_tag","embeddable":true,"href":"https:\/\/diariotextual.com\/inicio\/index.php\/wp-json\/wp\/v2\/tags?post=207472"}],"curies":[{"name":"wp","href":"https:\/\/api.w.org\/{rel}","templated":true}]}}