{"id":207719,"date":"2022-11-19T12:56:53","date_gmt":"2022-11-19T15:56:53","guid":{"rendered":"https:\/\/diariotextual.com\/inicio\/?p=207719"},"modified":"2022-11-20T11:48:14","modified_gmt":"2022-11-20T14:48:14","slug":"los-ultimos-datos-de-lluvias-la-maxima-en-mirasol-con-20-milimetros","status":"publish","type":"post","link":"https:\/\/diariotextual.com\/inicio\/index.php\/2022\/11\/19\/los-ultimos-datos-de-lluvias-la-maxima-en-mirasol-con-20-milimetros\/","title":{"rendered":"Los \u00faltimos datos de lluvias: la m\u00e1xima en Mirasol, con 20 mil\u00edmetros"},"content":{"rendered":"\n<p>El Departamento de Comunicaciones de la Polic\u00eda provincial inform\u00f3 los \u00faltimos mil\u00edmetros ca\u00eddos en las \u00faltimas horas en nuestra provincia. La localidad donde m\u00e1s llovi\u00f3 entre las 9 de este viernes y la misma hora de este s\u00e1bado fue <strong>Villa Mirasol, con 20 mil\u00edmetros.<\/strong><\/p>\n\n\n\n<p>En Monte Nievas, 10; Eduardo Castex, 13; Conhelo, 11; Victorica, 4; Toay, 4; Santa Rosa, 4; Catril\u00f3, 10,5; Uriburu, 3,5 y Rucanelo, 15.<\/p>\n\n\n\n<p>En Winifreda, 9; Mauricio Mayer, 11; Lonquimay, 5; La Gloria, 5; Caleuf\u00fa, 3; Hilario Lagos, 1; Intendente Alvear, 3,5; Arata, 10; Metileo, 7; Trebolares, 2; Agustoni, 2; Dorila, 7; Villa Mirasol, 20; Colonia Bar\u00f3n, 15; Quem\u00fa Quem\u00fa, 8; Pichi Huinca, 5; La Maruja, 13; Ingeniero Foster, 6.<\/p>\n\n\n\n<p>En El Tala, 7; Embajador Martini, 5; Ingeniero Luiggi, 3; Ceballos, 4, V\u00e9rtiz, 8; &nbsp;Trenel, 8; General Pico, 10,5; Miguel Can\u00e9, 8; Relmo, 14 y PC La Adela, 4.<\/p>\n\n\n\n<p><\/p>\n\n\n\n<figure class=\"wp-block-embed is-type-wp-embed is-provider-diario-textual wp-block-embed-diario-textual\"><div class=\"wp-block-embed__wrapper\">\n<blockquote class=\"wp-embedded-content\" data-secret=\"vHhj1hUhbJ\"><a href=\"https:\/\/diariotextual.com\/inicio\/index.php\/2022\/11\/19\/hay-vigente-un-alerta-por-tormentas-de-variada-intensidad\/\">Hay vigente un alerta por tormentas de variada intensidad<\/a><\/blockquote><iframe class=\"wp-embedded-content\" sandbox=\"allow-scripts\" security=\"restricted\" style=\"position: absolute; clip: rect(1px, 1px, 1px, 1px);\" title=\"\u00abHay vigente un alerta por tormentas de variada intensidad\u00bb \u2014 Diario Textual\" src=\"https:\/\/diariotextual.com\/inicio\/index.php\/2022\/11\/19\/hay-vigente-un-alerta-por-tormentas-de-variada-intensidad\/embed\/#?secret=1UlVIMQtJB#?secret=vHhj1hUhbJ\" data-secret=\"vHhj1hUhbJ\" width=\"600\" height=\"338\" frameborder=\"0\" marginwidth=\"0\" marginheight=\"0\" scrolling=\"no\"><\/iframe>\n<\/div><\/figure>\n","protected":false},"excerpt":{"rendered":"<p>El Departamento de Comunicaciones de la Polic\u00eda provincial inform\u00f3 los \u00faltimos mil\u00edmetros ca\u00eddos en las \u00faltimas horas en nuestra provincia. La localidad donde m\u00e1s llovi\u00f3 entre las 9 de este&hellip;<\/p>\n","protected":false},"author":4,"featured_media":207720,"comment_status":"closed","ping_status":"open","sticky":false,"template":"","format":"standard","meta":{"_acf_changed":false,"footnotes":""},"categories":[1,11,12],"tags":[],"class_list":["post-207719","post","type-post","status-publish","format-standard","has-post-thumbnail","hentry","category-es-noticia","category-que-pasa","category-sociedad"],"acf":[],"yoast_head":"<!-- This site is optimized with the Yoast SEO plugin v27.5 - https:\/\/yoast.com\/product\/yoast-seo-wordpress\/ -->\n<title>Los \u00faltimos datos de lluvias: la m\u00e1xima en Mirasol, con 20 mil\u00edmetros - Diario Textual<\/title>\n<meta name=\"robots\" content=\"index, follow, max-snippet:-1, max-image-preview:large, max-video-preview:-1\" \/>\n<link rel=\"canonical\" href=\"https:\/\/diariotextual.com\/inicio\/index.php\/2022\/11\/19\/los-ultimos-datos-de-lluvias-la-maxima-en-mirasol-con-20-milimetros\/\" \/>\n<meta property=\"og:locale\" content=\"es_ES\" \/>\n<meta property=\"og:type\" content=\"article\" \/>\n<meta property=\"og:title\" content=\"Los \u00faltimos datos de lluvias: la m\u00e1xima en Mirasol, con 20 mil\u00edmetros - Diario Textual\" \/>\n<meta property=\"og:description\" content=\"El Departamento de Comunicaciones de la Polic\u00eda provincial inform\u00f3 los \u00faltimos mil\u00edmetros ca\u00eddos en las \u00faltimas horas en nuestra provincia. La localidad donde m\u00e1s llovi\u00f3 entre las 9 de este&hellip;\" \/>\n<meta property=\"og:url\" content=\"https:\/\/diariotextual.com\/inicio\/index.php\/2022\/11\/19\/los-ultimos-datos-de-lluvias-la-maxima-en-mirasol-con-20-milimetros\/\" \/>\n<meta property=\"og:site_name\" content=\"Diario Textual\" \/>\n<meta property=\"article:publisher\" content=\"https:\/\/www.facebook.com\/eltextual\" \/>\n<meta property=\"article:published_time\" content=\"2022-11-19T15:56:53+00:00\" \/>\n<meta property=\"article:modified_time\" content=\"2022-11-20T14:48:14+00:00\" \/>\n<meta property=\"og:image\" content=\"https:\/\/diariotextual.com\/inicio\/wp-content\/uploads\/2022\/11\/lluviasantarosa67584365437656.jpg\" \/>\n\t<meta property=\"og:image:width\" content=\"852\" \/>\n\t<meta property=\"og:image:height\" content=\"528\" \/>\n\t<meta property=\"og:image:type\" content=\"image\/jpeg\" \/>\n<meta name=\"author\" content=\"diario2\" \/>\n<meta name=\"twitter:card\" content=\"summary_large_image\" \/>\n<meta name=\"twitter:creator\" content=\"@eltextual\" \/>\n<meta name=\"twitter:site\" content=\"@eltextual\" \/>\n<meta name=\"twitter:label1\" content=\"Escrito por\" \/>\n\t<meta name=\"twitter:data1\" content=\"diario2\" \/>\n\t<meta name=\"twitter:label2\" content=\"Tiempo de lectura\" \/>\n\t<meta name=\"twitter:data2\" content=\"1 minuto\" \/>\n<script type=\"application\/ld+json\" class=\"yoast-schema-graph\">{\"@context\":\"https:\\\/\\\/schema.org\",\"@graph\":[{\"@type\":\"Article\",\"@id\":\"https:\\\/\\\/diariotextual.com\\\/inicio\\\/index.php\\\/2022\\\/11\\\/19\\\/los-ultimos-datos-de-lluvias-la-maxima-en-mirasol-con-20-milimetros\\\/#article\",\"isPartOf\":{\"@id\":\"https:\\\/\\\/diariotextual.com\\\/inicio\\\/index.php\\\/2022\\\/11\\\/19\\\/los-ultimos-datos-de-lluvias-la-maxima-en-mirasol-con-20-milimetros\\\/\"},\"author\":{\"name\":\"diario2\",\"@id\":\"https:\\\/\\\/diariotextual.com\\\/inicio\\\/#\\\/schema\\\/person\\\/694f60677f23c4a530867a98f22b3768\"},\"headline\":\"Los \u00faltimos datos de lluvias: la m\u00e1xima en Mirasol, con 20 mil\u00edmetros\",\"datePublished\":\"2022-11-19T15:56:53+00:00\",\"dateModified\":\"2022-11-20T14:48:14+00:00\",\"mainEntityOfPage\":{\"@id\":\"https:\\\/\\\/diariotextual.com\\\/inicio\\\/index.php\\\/2022\\\/11\\\/19\\\/los-ultimos-datos-de-lluvias-la-maxima-en-mirasol-con-20-milimetros\\\/\"},\"wordCount\":133,\"publisher\":{\"@id\":\"https:\\\/\\\/diariotextual.com\\\/inicio\\\/#organization\"},\"image\":{\"@id\":\"https:\\\/\\\/diariotextual.com\\\/inicio\\\/index.php\\\/2022\\\/11\\\/19\\\/los-ultimos-datos-de-lluvias-la-maxima-en-mirasol-con-20-milimetros\\\/#primaryimage\"},\"thumbnailUrl\":\"https:\\\/\\\/diariotextual.com\\\/inicio\\\/wp-content\\\/uploads\\\/2022\\\/11\\\/lluviasantarosa67584365437656.jpg\",\"articleSection\":[\"A - ES NOTICIA (van abajo)\",\"A - QUE PASA (al costado)\",\"SOCIEDAD\"],\"inLanguage\":\"es\"},{\"@type\":\"WebPage\",\"@id\":\"https:\\\/\\\/diariotextual.com\\\/inicio\\\/index.php\\\/2022\\\/11\\\/19\\\/los-ultimos-datos-de-lluvias-la-maxima-en-mirasol-con-20-milimetros\\\/\",\"url\":\"https:\\\/\\\/diariotextual.com\\\/inicio\\\/index.php\\\/2022\\\/11\\\/19\\\/los-ultimos-datos-de-lluvias-la-maxima-en-mirasol-con-20-milimetros\\\/\",\"name\":\"Los \u00faltimos datos de lluvias: la m\u00e1xima en Mirasol, con 20 mil\u00edmetros - Diario Textual\",\"isPartOf\":{\"@id\":\"https:\\\/\\\/diariotextual.com\\\/inicio\\\/#website\"},\"primaryImageOfPage\":{\"@id\":\"https:\\\/\\\/diariotextual.com\\\/inicio\\\/index.php\\\/2022\\\/11\\\/19\\\/los-ultimos-datos-de-lluvias-la-maxima-en-mirasol-con-20-milimetros\\\/#primaryimage\"},\"image\":{\"@id\":\"https:\\\/\\\/diariotextual.com\\\/inicio\\\/index.php\\\/2022\\\/11\\\/19\\\/los-ultimos-datos-de-lluvias-la-maxima-en-mirasol-con-20-milimetros\\\/#primaryimage\"},\"thumbnailUrl\":\"https:\\\/\\\/diariotextual.com\\\/inicio\\\/wp-content\\\/uploads\\\/2022\\\/11\\\/lluviasantarosa67584365437656.jpg\",\"datePublished\":\"2022-11-19T15:56:53+00:00\",\"dateModified\":\"2022-11-20T14:48:14+00:00\",\"breadcrumb\":{\"@id\":\"https:\\\/\\\/diariotextual.com\\\/inicio\\\/index.php\\\/2022\\\/11\\\/19\\\/los-ultimos-datos-de-lluvias-la-maxima-en-mirasol-con-20-milimetros\\\/#breadcrumb\"},\"inLanguage\":\"es\",\"potentialAction\":[{\"@type\":\"ReadAction\",\"target\":[\"https:\\\/\\\/diariotextual.com\\\/inicio\\\/index.php\\\/2022\\\/11\\\/19\\\/los-ultimos-datos-de-lluvias-la-maxima-en-mirasol-con-20-milimetros\\\/\"]}]},{\"@type\":\"ImageObject\",\"inLanguage\":\"es\",\"@id\":\"https:\\\/\\\/diariotextual.com\\\/inicio\\\/index.php\\\/2022\\\/11\\\/19\\\/los-ultimos-datos-de-lluvias-la-maxima-en-mirasol-con-20-milimetros\\\/#primaryimage\",\"url\":\"https:\\\/\\\/diariotextual.com\\\/inicio\\\/wp-content\\\/uploads\\\/2022\\\/11\\\/lluviasantarosa67584365437656.jpg\",\"contentUrl\":\"https:\\\/\\\/diariotextual.com\\\/inicio\\\/wp-content\\\/uploads\\\/2022\\\/11\\\/lluviasantarosa67584365437656.jpg\",\"width\":852,\"height\":528},{\"@type\":\"BreadcrumbList\",\"@id\":\"https:\\\/\\\/diariotextual.com\\\/inicio\\\/index.php\\\/2022\\\/11\\\/19\\\/los-ultimos-datos-de-lluvias-la-maxima-en-mirasol-con-20-milimetros\\\/#breadcrumb\",\"itemListElement\":[{\"@type\":\"ListItem\",\"position\":1,\"name\":\"Portada\",\"item\":\"https:\\\/\\\/diariotextual.com\\\/inicio\\\/\"},{\"@type\":\"ListItem\",\"position\":2,\"name\":\"Los \u00faltimos datos de lluvias: la m\u00e1xima en Mirasol, con 20 mil\u00edmetros\"}]},{\"@type\":\"WebSite\",\"@id\":\"https:\\\/\\\/diariotextual.com\\\/inicio\\\/#website\",\"url\":\"https:\\\/\\\/diariotextual.com\\\/inicio\\\/\",\"name\":\"Diario Textual\",\"description\":\"\",\"publisher\":{\"@id\":\"https:\\\/\\\/diariotextual.com\\\/inicio\\\/#organization\"},\"potentialAction\":[{\"@type\":\"SearchAction\",\"target\":{\"@type\":\"EntryPoint\",\"urlTemplate\":\"https:\\\/\\\/diariotextual.com\\\/inicio\\\/?s={search_term_string}\"},\"query-input\":{\"@type\":\"PropertyValueSpecification\",\"valueRequired\":true,\"valueName\":\"search_term_string\"}}],\"inLanguage\":\"es\"},{\"@type\":\"Organization\",\"@id\":\"https:\\\/\\\/diariotextual.com\\\/inicio\\\/#organization\",\"name\":\"Diario Textual\",\"url\":\"https:\\\/\\\/diariotextual.com\\\/inicio\\\/\",\"logo\":{\"@type\":\"ImageObject\",\"inLanguage\":\"es\",\"@id\":\"https:\\\/\\\/diariotextual.com\\\/inicio\\\/#\\\/schema\\\/logo\\\/image\\\/\",\"url\":\"https:\\\/\\\/diariotextual.com\\\/inicio\\\/wp-content\\\/uploads\\\/2023\\\/05\\\/logotextual1.jpg\",\"contentUrl\":\"https:\\\/\\\/diariotextual.com\\\/inicio\\\/wp-content\\\/uploads\\\/2023\\\/05\\\/logotextual1.jpg\",\"width\":516,\"height\":76,\"caption\":\"Diario Textual\"},\"image\":{\"@id\":\"https:\\\/\\\/diariotextual.com\\\/inicio\\\/#\\\/schema\\\/logo\\\/image\\\/\"},\"sameAs\":[\"https:\\\/\\\/www.facebook.com\\\/eltextual\",\"https:\\\/\\\/x.com\\\/eltextual\",\"http:\\\/\\\/www.instagram.com\\\/eltextual\"]},{\"@type\":\"Person\",\"@id\":\"https:\\\/\\\/diariotextual.com\\\/inicio\\\/#\\\/schema\\\/person\\\/694f60677f23c4a530867a98f22b3768\",\"name\":\"diario2\",\"image\":{\"@type\":\"ImageObject\",\"inLanguage\":\"es\",\"@id\":\"https:\\\/\\\/secure.gravatar.com\\\/avatar\\\/5a2567495ba16b852fcd8f1ed006a2e24fcace936018ed8237e95f488ad6e0a7?s=96&d=mm&r=g\",\"url\":\"https:\\\/\\\/secure.gravatar.com\\\/avatar\\\/5a2567495ba16b852fcd8f1ed006a2e24fcace936018ed8237e95f488ad6e0a7?s=96&d=mm&r=g\",\"contentUrl\":\"https:\\\/\\\/secure.gravatar.com\\\/avatar\\\/5a2567495ba16b852fcd8f1ed006a2e24fcace936018ed8237e95f488ad6e0a7?s=96&d=mm&r=g\",\"caption\":\"diario2\"},\"url\":\"https:\\\/\\\/diariotextual.com\\\/inicio\\\/index.php\\\/author\\\/diario2\\\/\"}]}<\/script>\n<!-- \/ Yoast SEO plugin. -->","yoast_head_json":{"title":"Los \u00faltimos datos de lluvias: la m\u00e1xima en Mirasol, con 20 mil\u00edmetros - Diario Textual","robots":{"index":"index","follow":"follow","max-snippet":"max-snippet:-1","max-image-preview":"max-image-preview:large","max-video-preview":"max-video-preview:-1"},"canonical":"https:\/\/diariotextual.com\/inicio\/index.php\/2022\/11\/19\/los-ultimos-datos-de-lluvias-la-maxima-en-mirasol-con-20-milimetros\/","og_locale":"es_ES","og_type":"article","og_title":"Los \u00faltimos datos de lluvias: la m\u00e1xima en Mirasol, con 20 mil\u00edmetros - Diario Textual","og_description":"El Departamento de Comunicaciones de la Polic\u00eda provincial inform\u00f3 los \u00faltimos mil\u00edmetros ca\u00eddos en las \u00faltimas horas en nuestra provincia. La localidad donde m\u00e1s llovi\u00f3 entre las 9 de este&hellip;","og_url":"https:\/\/diariotextual.com\/inicio\/index.php\/2022\/11\/19\/los-ultimos-datos-de-lluvias-la-maxima-en-mirasol-con-20-milimetros\/","og_site_name":"Diario Textual","article_publisher":"https:\/\/www.facebook.com\/eltextual","article_published_time":"2022-11-19T15:56:53+00:00","article_modified_time":"2022-11-20T14:48:14+00:00","og_image":[{"width":852,"height":528,"url":"https:\/\/diariotextual.com\/inicio\/wp-content\/uploads\/2022\/11\/lluviasantarosa67584365437656.jpg","type":"image\/jpeg"}],"author":"diario2","twitter_card":"summary_large_image","twitter_creator":"@eltextual","twitter_site":"@eltextual","twitter_misc":{"Escrito por":"diario2","Tiempo de lectura":"1 minuto"},"schema":{"@context":"https:\/\/schema.org","@graph":[{"@type":"Article","@id":"https:\/\/diariotextual.com\/inicio\/index.php\/2022\/11\/19\/los-ultimos-datos-de-lluvias-la-maxima-en-mirasol-con-20-milimetros\/#article","isPartOf":{"@id":"https:\/\/diariotextual.com\/inicio\/index.php\/2022\/11\/19\/los-ultimos-datos-de-lluvias-la-maxima-en-mirasol-con-20-milimetros\/"},"author":{"name":"diario2","@id":"https:\/\/diariotextual.com\/inicio\/#\/schema\/person\/694f60677f23c4a530867a98f22b3768"},"headline":"Los \u00faltimos datos de lluvias: la m\u00e1xima en Mirasol, con 20 mil\u00edmetros","datePublished":"2022-11-19T15:56:53+00:00","dateModified":"2022-11-20T14:48:14+00:00","mainEntityOfPage":{"@id":"https:\/\/diariotextual.com\/inicio\/index.php\/2022\/11\/19\/los-ultimos-datos-de-lluvias-la-maxima-en-mirasol-con-20-milimetros\/"},"wordCount":133,"publisher":{"@id":"https:\/\/diariotextual.com\/inicio\/#organization"},"image":{"@id":"https:\/\/diariotextual.com\/inicio\/index.php\/2022\/11\/19\/los-ultimos-datos-de-lluvias-la-maxima-en-mirasol-con-20-milimetros\/#primaryimage"},"thumbnailUrl":"https:\/\/diariotextual.com\/inicio\/wp-content\/uploads\/2022\/11\/lluviasantarosa67584365437656.jpg","articleSection":["A - ES NOTICIA (van abajo)","A - QUE PASA (al costado)","SOCIEDAD"],"inLanguage":"es"},{"@type":"WebPage","@id":"https:\/\/diariotextual.com\/inicio\/index.php\/2022\/11\/19\/los-ultimos-datos-de-lluvias-la-maxima-en-mirasol-con-20-milimetros\/","url":"https:\/\/diariotextual.com\/inicio\/index.php\/2022\/11\/19\/los-ultimos-datos-de-lluvias-la-maxima-en-mirasol-con-20-milimetros\/","name":"Los \u00faltimos datos de lluvias: la m\u00e1xima en Mirasol, con 20 mil\u00edmetros - Diario Textual","isPartOf":{"@id":"https:\/\/diariotextual.com\/inicio\/#website"},"primaryImageOfPage":{"@id":"https:\/\/diariotextual.com\/inicio\/index.php\/2022\/11\/19\/los-ultimos-datos-de-lluvias-la-maxima-en-mirasol-con-20-milimetros\/#primaryimage"},"image":{"@id":"https:\/\/diariotextual.com\/inicio\/index.php\/2022\/11\/19\/los-ultimos-datos-de-lluvias-la-maxima-en-mirasol-con-20-milimetros\/#primaryimage"},"thumbnailUrl":"https:\/\/diariotextual.com\/inicio\/wp-content\/uploads\/2022\/11\/lluviasantarosa67584365437656.jpg","datePublished":"2022-11-19T15:56:53+00:00","dateModified":"2022-11-20T14:48:14+00:00","breadcrumb":{"@id":"https:\/\/diariotextual.com\/inicio\/index.php\/2022\/11\/19\/los-ultimos-datos-de-lluvias-la-maxima-en-mirasol-con-20-milimetros\/#breadcrumb"},"inLanguage":"es","potentialAction":[{"@type":"ReadAction","target":["https:\/\/diariotextual.com\/inicio\/index.php\/2022\/11\/19\/los-ultimos-datos-de-lluvias-la-maxima-en-mirasol-con-20-milimetros\/"]}]},{"@type":"ImageObject","inLanguage":"es","@id":"https:\/\/diariotextual.com\/inicio\/index.php\/2022\/11\/19\/los-ultimos-datos-de-lluvias-la-maxima-en-mirasol-con-20-milimetros\/#primaryimage","url":"https:\/\/diariotextual.com\/inicio\/wp-content\/uploads\/2022\/11\/lluviasantarosa67584365437656.jpg","contentUrl":"https:\/\/diariotextual.com\/inicio\/wp-content\/uploads\/2022\/11\/lluviasantarosa67584365437656.jpg","width":852,"height":528},{"@type":"BreadcrumbList","@id":"https:\/\/diariotextual.com\/inicio\/index.php\/2022\/11\/19\/los-ultimos-datos-de-lluvias-la-maxima-en-mirasol-con-20-milimetros\/#breadcrumb","itemListElement":[{"@type":"ListItem","position":1,"name":"Portada","item":"https:\/\/diariotextual.com\/inicio\/"},{"@type":"ListItem","position":2,"name":"Los \u00faltimos datos de lluvias: la m\u00e1xima en Mirasol, con 20 mil\u00edmetros"}]},{"@type":"WebSite","@id":"https:\/\/diariotextual.com\/inicio\/#website","url":"https:\/\/diariotextual.com\/inicio\/","name":"Diario Textual","description":"","publisher":{"@id":"https:\/\/diariotextual.com\/inicio\/#organization"},"potentialAction":[{"@type":"SearchAction","target":{"@type":"EntryPoint","urlTemplate":"https:\/\/diariotextual.com\/inicio\/?s={search_term_string}"},"query-input":{"@type":"PropertyValueSpecification","valueRequired":true,"valueName":"search_term_string"}}],"inLanguage":"es"},{"@type":"Organization","@id":"https:\/\/diariotextual.com\/inicio\/#organization","name":"Diario Textual","url":"https:\/\/diariotextual.com\/inicio\/","logo":{"@type":"ImageObject","inLanguage":"es","@id":"https:\/\/diariotextual.com\/inicio\/#\/schema\/logo\/image\/","url":"https:\/\/diariotextual.com\/inicio\/wp-content\/uploads\/2023\/05\/logotextual1.jpg","contentUrl":"https:\/\/diariotextual.com\/inicio\/wp-content\/uploads\/2023\/05\/logotextual1.jpg","width":516,"height":76,"caption":"Diario Textual"},"image":{"@id":"https:\/\/diariotextual.com\/inicio\/#\/schema\/logo\/image\/"},"sameAs":["https:\/\/www.facebook.com\/eltextual","https:\/\/x.com\/eltextual","http:\/\/www.instagram.com\/eltextual"]},{"@type":"Person","@id":"https:\/\/diariotextual.com\/inicio\/#\/schema\/person\/694f60677f23c4a530867a98f22b3768","name":"diario2","image":{"@type":"ImageObject","inLanguage":"es","@id":"https:\/\/secure.gravatar.com\/avatar\/5a2567495ba16b852fcd8f1ed006a2e24fcace936018ed8237e95f488ad6e0a7?s=96&d=mm&r=g","url":"https:\/\/secure.gravatar.com\/avatar\/5a2567495ba16b852fcd8f1ed006a2e24fcace936018ed8237e95f488ad6e0a7?s=96&d=mm&r=g","contentUrl":"https:\/\/secure.gravatar.com\/avatar\/5a2567495ba16b852fcd8f1ed006a2e24fcace936018ed8237e95f488ad6e0a7?s=96&d=mm&r=g","caption":"diario2"},"url":"https:\/\/diariotextual.com\/inicio\/index.php\/author\/diario2\/"}]}},"_links":{"self":[{"href":"https:\/\/diariotextual.com\/inicio\/index.php\/wp-json\/wp\/v2\/posts\/207719","targetHints":{"allow":["GET"]}}],"collection":[{"href":"https:\/\/diariotextual.com\/inicio\/index.php\/wp-json\/wp\/v2\/posts"}],"about":[{"href":"https:\/\/diariotextual.com\/inicio\/index.php\/wp-json\/wp\/v2\/types\/post"}],"author":[{"embeddable":true,"href":"https:\/\/diariotextual.com\/inicio\/index.php\/wp-json\/wp\/v2\/users\/4"}],"replies":[{"embeddable":true,"href":"https:\/\/diariotextual.com\/inicio\/index.php\/wp-json\/wp\/v2\/comments?post=207719"}],"version-history":[{"count":2,"href":"https:\/\/diariotextual.com\/inicio\/index.php\/wp-json\/wp\/v2\/posts\/207719\/revisions"}],"predecessor-version":[{"id":207783,"href":"https:\/\/diariotextual.com\/inicio\/index.php\/wp-json\/wp\/v2\/posts\/207719\/revisions\/207783"}],"wp:featuredmedia":[{"embeddable":true,"href":"https:\/\/diariotextual.com\/inicio\/index.php\/wp-json\/wp\/v2\/media\/207720"}],"wp:attachment":[{"href":"https:\/\/diariotextual.com\/inicio\/index.php\/wp-json\/wp\/v2\/media?parent=207719"}],"wp:term":[{"taxonomy":"category","embeddable":true,"href":"https:\/\/diariotextual.com\/inicio\/index.php\/wp-json\/wp\/v2\/categories?post=207719"},{"taxonomy":"post_tag","embeddable":true,"href":"https:\/\/diariotextual.com\/inicio\/index.php\/wp-json\/wp\/v2\/tags?post=207719"}],"curies":[{"name":"wp","href":"https:\/\/api.w.org\/{rel}","templated":true}]}}