{"id":207756,"date":"2022-11-19T23:24:16","date_gmt":"2022-11-20T02:24:16","guid":{"rendered":"https:\/\/diariotextual.com\/inicio\/?p=207756"},"modified":"2022-11-20T13:04:30","modified_gmt":"2022-11-20T16:04:30","slug":"mundial-una-ceremonia-inaugural-con-fuerte-contenido-local-y-sin-figuras-internacionales","status":"publish","type":"post","link":"https:\/\/diariotextual.com\/inicio\/index.php\/2022\/11\/19\/mundial-una-ceremonia-inaugural-con-fuerte-contenido-local-y-sin-figuras-internacionales\/","title":{"rendered":"La fiesta de apertura del Mundial Qatar 2022"},"content":{"rendered":"\n<p>Qatar dej\u00f3 formalmente inaugurada este domingo la <strong>Copa Mundial 2022 de la FIFA<\/strong> con una ceremonia austera, marcada por los conceptos de memoria, respeto e inclusi\u00f3n en el imponente estadio Al Bayt de la localidad de Al-Khor, lindante con la capital Doha.<\/p>\n\n\n\n<p>El acto, de estricta media hora de duraci\u00f3n, mostr\u00f3 un fuerte protagonismo del emir Tamim bin Hamad Al Thani, quien comparti\u00f3 el palco de honor junto al presidente de la FIFA, el suizo Gianni Infantino.<\/p>\n\n\n\n<p>La m\u00e1xima autoridad del emirato habilit\u00f3 al comienzo de la ceremonia con un saludo por las pantallas gigantes y dio paso al cierre con fuegos artificiales tras un discurso de bienvenida que despert\u00f3 el saludo de un p\u00fablico, de predominio musulm\u00e1n.<\/p>\n\n\n\n<p>La fiesta se articul\u00f3 con la actuaci\u00f3n del estadounidense Morgan Freeman y el influencer local Ghanim Al Muftah; una coreograf\u00eda de voluntarios que evoc\u00f3 la historia de los Mundiales y homenaje\u00f3 a los seleccionados participantes y la interpretaci\u00f3n del popular cantante surcoreano Jung Kook.<\/p>\n\n\n\n<blockquote class=\"twitter-tweet\"><p lang=\"es\" dir=\"ltr\">Los cantitos de nuestra tierra se hacen presentes en la <a href=\"https:\/\/twitter.com\/hashtag\/CeremoniaInaugural?src=hash&amp;ref_src=twsrc%5Etfw\">#CeremoniaInaugural<\/a> de <a href=\"https:\/\/twitter.com\/hashtag\/Qatar2022?src=hash&amp;ref_src=twsrc%5Etfw\">#Qatar2022<\/a> en una canci\u00f3n coral con temas ic\u00f3nicos de otras copas del mundo. <br><br>Viv\u00ed el Mundial en <a href=\"https:\/\/t.co\/fnEKkurOHH\">https:\/\/t.co\/fnEKkurOHH<\/a> <a href=\"https:\/\/twitter.com\/hashtag\/SomosMundiales?src=hash&amp;ref_src=twsrc%5Etfw\">#SomosMundiales<\/a> <a href=\"https:\/\/twitter.com\/hashtag\/TVPenQatar?src=hash&amp;ref_src=twsrc%5Etfw\">#TVPenQatar<\/a> <a href=\"https:\/\/t.co\/FNDWnt60Q5\">pic.twitter.com\/FNDWnt60Q5<\/a><\/p>\u2014 Televisi\u00f3n P\u00fablica (@TV_Publica) <a href=\"https:\/\/twitter.com\/TV_Publica\/status\/1594345460822552578?ref_src=twsrc%5Etfw\">November 20, 2022<\/a><\/blockquote> <script async=\"\" src=\"https:\/\/platform.twitter.com\/widgets.js\" charset=\"utf-8\"><\/script>\n\n\n\n<figure class=\"wp-block-image size-large\"><img fetchpriority=\"high\" decoding=\"async\" width=\"1024\" height=\"576\" src=\"https:\/\/diariotextual.com\/inicio\/wp-content\/uploads\/2022\/11\/mundialqatar2022ceremonia66111-1024x576.jpg\" alt=\"\" class=\"wp-image-207800\" srcset=\"https:\/\/diariotextual.com\/inicio\/wp-content\/uploads\/2022\/11\/mundialqatar2022ceremonia66111-1024x576.jpg 1024w, https:\/\/diariotextual.com\/inicio\/wp-content\/uploads\/2022\/11\/mundialqatar2022ceremonia66111-300x169.jpg 300w, https:\/\/diariotextual.com\/inicio\/wp-content\/uploads\/2022\/11\/mundialqatar2022ceremonia66111-768x432.jpg 768w, https:\/\/diariotextual.com\/inicio\/wp-content\/uploads\/2022\/11\/mundialqatar2022ceremonia66111-1170x658.jpg 1170w, https:\/\/diariotextual.com\/inicio\/wp-content\/uploads\/2022\/11\/mundialqatar2022ceremonia66111-585x329.jpg 585w, https:\/\/diariotextual.com\/inicio\/wp-content\/uploads\/2022\/11\/mundialqatar2022ceremonia66111.jpg 1200w\" sizes=\"(max-width: 1024px) 100vw, 1024px\" \/><\/figure>\n\n\n\n<figure class=\"wp-block-image size-full\"><img decoding=\"async\" width=\"900\" height=\"506\" src=\"https:\/\/diariotextual.com\/inicio\/wp-content\/uploads\/2022\/11\/mundialqatar2022ceremonia665658.jpg\" alt=\"\" class=\"wp-image-207804\" srcset=\"https:\/\/diariotextual.com\/inicio\/wp-content\/uploads\/2022\/11\/mundialqatar2022ceremonia665658.jpg 900w, https:\/\/diariotextual.com\/inicio\/wp-content\/uploads\/2022\/11\/mundialqatar2022ceremonia665658-300x169.jpg 300w, https:\/\/diariotextual.com\/inicio\/wp-content\/uploads\/2022\/11\/mundialqatar2022ceremonia665658-768x432.jpg 768w, https:\/\/diariotextual.com\/inicio\/wp-content\/uploads\/2022\/11\/mundialqatar2022ceremonia665658-585x329.jpg 585w\" sizes=\"(max-width: 900px) 100vw, 900px\" \/><\/figure>\n","protected":false},"excerpt":{"rendered":"<p>Qatar dej\u00f3 formalmente inaugurada este domingo la Copa Mundial 2022 de la FIFA con una ceremonia austera, marcada por los conceptos de memoria, respeto e inclusi\u00f3n en el imponente estadio&hellip;<\/p>\n","protected":false},"author":4,"featured_media":207799,"comment_status":"closed","ping_status":"open","sticky":false,"template":"","format":"standard","meta":{"_acf_changed":false,"footnotes":""},"categories":[1,3],"tags":[],"class_list":["post-207756","post","type-post","status-publish","format-standard","has-post-thumbnail","hentry","category-es-noticia","category-deportes"],"acf":[],"yoast_head":"<!-- This site is optimized with the Yoast SEO plugin v27.5 - https:\/\/yoast.com\/product\/yoast-seo-wordpress\/ -->\n<title>La fiesta de apertura del Mundial Qatar 2022 - Diario Textual<\/title>\n<meta name=\"robots\" content=\"index, follow, max-snippet:-1, max-image-preview:large, max-video-preview:-1\" \/>\n<link rel=\"canonical\" href=\"https:\/\/diariotextual.com\/inicio\/index.php\/2022\/11\/19\/mundial-una-ceremonia-inaugural-con-fuerte-contenido-local-y-sin-figuras-internacionales\/\" \/>\n<meta property=\"og:locale\" content=\"es_ES\" \/>\n<meta property=\"og:type\" content=\"article\" \/>\n<meta property=\"og:title\" content=\"La fiesta de apertura del Mundial Qatar 2022 - Diario Textual\" \/>\n<meta property=\"og:description\" content=\"Qatar dej\u00f3 formalmente inaugurada este domingo la Copa Mundial 2022 de la FIFA con una ceremonia austera, marcada por los conceptos de memoria, respeto e inclusi\u00f3n en el imponente estadio&hellip;\" \/>\n<meta property=\"og:url\" content=\"https:\/\/diariotextual.com\/inicio\/index.php\/2022\/11\/19\/mundial-una-ceremonia-inaugural-con-fuerte-contenido-local-y-sin-figuras-internacionales\/\" \/>\n<meta property=\"og:site_name\" content=\"Diario Textual\" \/>\n<meta property=\"article:publisher\" content=\"https:\/\/www.facebook.com\/eltextual\" \/>\n<meta property=\"article:published_time\" content=\"2022-11-20T02:24:16+00:00\" \/>\n<meta property=\"article:modified_time\" content=\"2022-11-20T16:04:30+00:00\" \/>\n<meta property=\"og:image\" content=\"https:\/\/diariotextual.com\/inicio\/wp-content\/uploads\/2022\/11\/mundialqatar2022ceremonia66.jpg\" \/>\n\t<meta property=\"og:image:width\" content=\"1200\" \/>\n\t<meta property=\"og:image:height\" content=\"675\" \/>\n\t<meta property=\"og:image:type\" content=\"image\/jpeg\" \/>\n<meta name=\"author\" content=\"diario2\" \/>\n<meta name=\"twitter:card\" content=\"summary_large_image\" \/>\n<meta name=\"twitter:creator\" content=\"@eltextual\" \/>\n<meta name=\"twitter:site\" content=\"@eltextual\" \/>\n<meta name=\"twitter:label1\" content=\"Escrito por\" \/>\n\t<meta name=\"twitter:data1\" content=\"diario2\" \/>\n\t<meta name=\"twitter:label2\" content=\"Tiempo de lectura\" \/>\n\t<meta name=\"twitter:data2\" content=\"2 minutos\" \/>\n<script type=\"application\/ld+json\" class=\"yoast-schema-graph\">{\"@context\":\"https:\\\/\\\/schema.org\",\"@graph\":[{\"@type\":\"Article\",\"@id\":\"https:\\\/\\\/diariotextual.com\\\/inicio\\\/index.php\\\/2022\\\/11\\\/19\\\/mundial-una-ceremonia-inaugural-con-fuerte-contenido-local-y-sin-figuras-internacionales\\\/#article\",\"isPartOf\":{\"@id\":\"https:\\\/\\\/diariotextual.com\\\/inicio\\\/index.php\\\/2022\\\/11\\\/19\\\/mundial-una-ceremonia-inaugural-con-fuerte-contenido-local-y-sin-figuras-internacionales\\\/\"},\"author\":{\"name\":\"diario2\",\"@id\":\"https:\\\/\\\/diariotextual.com\\\/inicio\\\/#\\\/schema\\\/person\\\/694f60677f23c4a530867a98f22b3768\"},\"headline\":\"La fiesta de apertura del Mundial Qatar 2022\",\"datePublished\":\"2022-11-20T02:24:16+00:00\",\"dateModified\":\"2022-11-20T16:04:30+00:00\",\"mainEntityOfPage\":{\"@id\":\"https:\\\/\\\/diariotextual.com\\\/inicio\\\/index.php\\\/2022\\\/11\\\/19\\\/mundial-una-ceremonia-inaugural-con-fuerte-contenido-local-y-sin-figuras-internacionales\\\/\"},\"wordCount\":225,\"publisher\":{\"@id\":\"https:\\\/\\\/diariotextual.com\\\/inicio\\\/#organization\"},\"image\":{\"@id\":\"https:\\\/\\\/diariotextual.com\\\/inicio\\\/index.php\\\/2022\\\/11\\\/19\\\/mundial-una-ceremonia-inaugural-con-fuerte-contenido-local-y-sin-figuras-internacionales\\\/#primaryimage\"},\"thumbnailUrl\":\"https:\\\/\\\/diariotextual.com\\\/inicio\\\/wp-content\\\/uploads\\\/2022\\\/11\\\/mundialqatar2022ceremonia66.jpg\",\"articleSection\":[\"A - ES NOTICIA (van abajo)\",\"DEPORTES\"],\"inLanguage\":\"es\"},{\"@type\":\"WebPage\",\"@id\":\"https:\\\/\\\/diariotextual.com\\\/inicio\\\/index.php\\\/2022\\\/11\\\/19\\\/mundial-una-ceremonia-inaugural-con-fuerte-contenido-local-y-sin-figuras-internacionales\\\/\",\"url\":\"https:\\\/\\\/diariotextual.com\\\/inicio\\\/index.php\\\/2022\\\/11\\\/19\\\/mundial-una-ceremonia-inaugural-con-fuerte-contenido-local-y-sin-figuras-internacionales\\\/\",\"name\":\"La fiesta de apertura del Mundial Qatar 2022 - Diario Textual\",\"isPartOf\":{\"@id\":\"https:\\\/\\\/diariotextual.com\\\/inicio\\\/#website\"},\"primaryImageOfPage\":{\"@id\":\"https:\\\/\\\/diariotextual.com\\\/inicio\\\/index.php\\\/2022\\\/11\\\/19\\\/mundial-una-ceremonia-inaugural-con-fuerte-contenido-local-y-sin-figuras-internacionales\\\/#primaryimage\"},\"image\":{\"@id\":\"https:\\\/\\\/diariotextual.com\\\/inicio\\\/index.php\\\/2022\\\/11\\\/19\\\/mundial-una-ceremonia-inaugural-con-fuerte-contenido-local-y-sin-figuras-internacionales\\\/#primaryimage\"},\"thumbnailUrl\":\"https:\\\/\\\/diariotextual.com\\\/inicio\\\/wp-content\\\/uploads\\\/2022\\\/11\\\/mundialqatar2022ceremonia66.jpg\",\"datePublished\":\"2022-11-20T02:24:16+00:00\",\"dateModified\":\"2022-11-20T16:04:30+00:00\",\"breadcrumb\":{\"@id\":\"https:\\\/\\\/diariotextual.com\\\/inicio\\\/index.php\\\/2022\\\/11\\\/19\\\/mundial-una-ceremonia-inaugural-con-fuerte-contenido-local-y-sin-figuras-internacionales\\\/#breadcrumb\"},\"inLanguage\":\"es\",\"potentialAction\":[{\"@type\":\"ReadAction\",\"target\":[\"https:\\\/\\\/diariotextual.com\\\/inicio\\\/index.php\\\/2022\\\/11\\\/19\\\/mundial-una-ceremonia-inaugural-con-fuerte-contenido-local-y-sin-figuras-internacionales\\\/\"]}]},{\"@type\":\"ImageObject\",\"inLanguage\":\"es\",\"@id\":\"https:\\\/\\\/diariotextual.com\\\/inicio\\\/index.php\\\/2022\\\/11\\\/19\\\/mundial-una-ceremonia-inaugural-con-fuerte-contenido-local-y-sin-figuras-internacionales\\\/#primaryimage\",\"url\":\"https:\\\/\\\/diariotextual.com\\\/inicio\\\/wp-content\\\/uploads\\\/2022\\\/11\\\/mundialqatar2022ceremonia66.jpg\",\"contentUrl\":\"https:\\\/\\\/diariotextual.com\\\/inicio\\\/wp-content\\\/uploads\\\/2022\\\/11\\\/mundialqatar2022ceremonia66.jpg\",\"width\":1200,\"height\":675},{\"@type\":\"BreadcrumbList\",\"@id\":\"https:\\\/\\\/diariotextual.com\\\/inicio\\\/index.php\\\/2022\\\/11\\\/19\\\/mundial-una-ceremonia-inaugural-con-fuerte-contenido-local-y-sin-figuras-internacionales\\\/#breadcrumb\",\"itemListElement\":[{\"@type\":\"ListItem\",\"position\":1,\"name\":\"Portada\",\"item\":\"https:\\\/\\\/diariotextual.com\\\/inicio\\\/\"},{\"@type\":\"ListItem\",\"position\":2,\"name\":\"La fiesta de apertura del Mundial Qatar 2022\"}]},{\"@type\":\"WebSite\",\"@id\":\"https:\\\/\\\/diariotextual.com\\\/inicio\\\/#website\",\"url\":\"https:\\\/\\\/diariotextual.com\\\/inicio\\\/\",\"name\":\"Diario Textual\",\"description\":\"\",\"publisher\":{\"@id\":\"https:\\\/\\\/diariotextual.com\\\/inicio\\\/#organization\"},\"potentialAction\":[{\"@type\":\"SearchAction\",\"target\":{\"@type\":\"EntryPoint\",\"urlTemplate\":\"https:\\\/\\\/diariotextual.com\\\/inicio\\\/?s={search_term_string}\"},\"query-input\":{\"@type\":\"PropertyValueSpecification\",\"valueRequired\":true,\"valueName\":\"search_term_string\"}}],\"inLanguage\":\"es\"},{\"@type\":\"Organization\",\"@id\":\"https:\\\/\\\/diariotextual.com\\\/inicio\\\/#organization\",\"name\":\"Diario Textual\",\"url\":\"https:\\\/\\\/diariotextual.com\\\/inicio\\\/\",\"logo\":{\"@type\":\"ImageObject\",\"inLanguage\":\"es\",\"@id\":\"https:\\\/\\\/diariotextual.com\\\/inicio\\\/#\\\/schema\\\/logo\\\/image\\\/\",\"url\":\"https:\\\/\\\/diariotextual.com\\\/inicio\\\/wp-content\\\/uploads\\\/2023\\\/05\\\/logotextual1.jpg\",\"contentUrl\":\"https:\\\/\\\/diariotextual.com\\\/inicio\\\/wp-content\\\/uploads\\\/2023\\\/05\\\/logotextual1.jpg\",\"width\":516,\"height\":76,\"caption\":\"Diario Textual\"},\"image\":{\"@id\":\"https:\\\/\\\/diariotextual.com\\\/inicio\\\/#\\\/schema\\\/logo\\\/image\\\/\"},\"sameAs\":[\"https:\\\/\\\/www.facebook.com\\\/eltextual\",\"https:\\\/\\\/x.com\\\/eltextual\",\"http:\\\/\\\/www.instagram.com\\\/eltextual\"]},{\"@type\":\"Person\",\"@id\":\"https:\\\/\\\/diariotextual.com\\\/inicio\\\/#\\\/schema\\\/person\\\/694f60677f23c4a530867a98f22b3768\",\"name\":\"diario2\",\"image\":{\"@type\":\"ImageObject\",\"inLanguage\":\"es\",\"@id\":\"https:\\\/\\\/secure.gravatar.com\\\/avatar\\\/5a2567495ba16b852fcd8f1ed006a2e24fcace936018ed8237e95f488ad6e0a7?s=96&d=mm&r=g\",\"url\":\"https:\\\/\\\/secure.gravatar.com\\\/avatar\\\/5a2567495ba16b852fcd8f1ed006a2e24fcace936018ed8237e95f488ad6e0a7?s=96&d=mm&r=g\",\"contentUrl\":\"https:\\\/\\\/secure.gravatar.com\\\/avatar\\\/5a2567495ba16b852fcd8f1ed006a2e24fcace936018ed8237e95f488ad6e0a7?s=96&d=mm&r=g\",\"caption\":\"diario2\"},\"url\":\"https:\\\/\\\/diariotextual.com\\\/inicio\\\/index.php\\\/author\\\/diario2\\\/\"}]}<\/script>\n<!-- \/ Yoast SEO plugin. -->","yoast_head_json":{"title":"La fiesta de apertura del Mundial Qatar 2022 - Diario Textual","robots":{"index":"index","follow":"follow","max-snippet":"max-snippet:-1","max-image-preview":"max-image-preview:large","max-video-preview":"max-video-preview:-1"},"canonical":"https:\/\/diariotextual.com\/inicio\/index.php\/2022\/11\/19\/mundial-una-ceremonia-inaugural-con-fuerte-contenido-local-y-sin-figuras-internacionales\/","og_locale":"es_ES","og_type":"article","og_title":"La fiesta de apertura del Mundial Qatar 2022 - Diario Textual","og_description":"Qatar dej\u00f3 formalmente inaugurada este domingo la Copa Mundial 2022 de la FIFA con una ceremonia austera, marcada por los conceptos de memoria, respeto e inclusi\u00f3n en el imponente estadio&hellip;","og_url":"https:\/\/diariotextual.com\/inicio\/index.php\/2022\/11\/19\/mundial-una-ceremonia-inaugural-con-fuerte-contenido-local-y-sin-figuras-internacionales\/","og_site_name":"Diario Textual","article_publisher":"https:\/\/www.facebook.com\/eltextual","article_published_time":"2022-11-20T02:24:16+00:00","article_modified_time":"2022-11-20T16:04:30+00:00","og_image":[{"width":1200,"height":675,"url":"https:\/\/diariotextual.com\/inicio\/wp-content\/uploads\/2022\/11\/mundialqatar2022ceremonia66.jpg","type":"image\/jpeg"}],"author":"diario2","twitter_card":"summary_large_image","twitter_creator":"@eltextual","twitter_site":"@eltextual","twitter_misc":{"Escrito por":"diario2","Tiempo de lectura":"2 minutos"},"schema":{"@context":"https:\/\/schema.org","@graph":[{"@type":"Article","@id":"https:\/\/diariotextual.com\/inicio\/index.php\/2022\/11\/19\/mundial-una-ceremonia-inaugural-con-fuerte-contenido-local-y-sin-figuras-internacionales\/#article","isPartOf":{"@id":"https:\/\/diariotextual.com\/inicio\/index.php\/2022\/11\/19\/mundial-una-ceremonia-inaugural-con-fuerte-contenido-local-y-sin-figuras-internacionales\/"},"author":{"name":"diario2","@id":"https:\/\/diariotextual.com\/inicio\/#\/schema\/person\/694f60677f23c4a530867a98f22b3768"},"headline":"La fiesta de apertura del Mundial Qatar 2022","datePublished":"2022-11-20T02:24:16+00:00","dateModified":"2022-11-20T16:04:30+00:00","mainEntityOfPage":{"@id":"https:\/\/diariotextual.com\/inicio\/index.php\/2022\/11\/19\/mundial-una-ceremonia-inaugural-con-fuerte-contenido-local-y-sin-figuras-internacionales\/"},"wordCount":225,"publisher":{"@id":"https:\/\/diariotextual.com\/inicio\/#organization"},"image":{"@id":"https:\/\/diariotextual.com\/inicio\/index.php\/2022\/11\/19\/mundial-una-ceremonia-inaugural-con-fuerte-contenido-local-y-sin-figuras-internacionales\/#primaryimage"},"thumbnailUrl":"https:\/\/diariotextual.com\/inicio\/wp-content\/uploads\/2022\/11\/mundialqatar2022ceremonia66.jpg","articleSection":["A - ES NOTICIA (van abajo)","DEPORTES"],"inLanguage":"es"},{"@type":"WebPage","@id":"https:\/\/diariotextual.com\/inicio\/index.php\/2022\/11\/19\/mundial-una-ceremonia-inaugural-con-fuerte-contenido-local-y-sin-figuras-internacionales\/","url":"https:\/\/diariotextual.com\/inicio\/index.php\/2022\/11\/19\/mundial-una-ceremonia-inaugural-con-fuerte-contenido-local-y-sin-figuras-internacionales\/","name":"La fiesta de apertura del Mundial Qatar 2022 - Diario Textual","isPartOf":{"@id":"https:\/\/diariotextual.com\/inicio\/#website"},"primaryImageOfPage":{"@id":"https:\/\/diariotextual.com\/inicio\/index.php\/2022\/11\/19\/mundial-una-ceremonia-inaugural-con-fuerte-contenido-local-y-sin-figuras-internacionales\/#primaryimage"},"image":{"@id":"https:\/\/diariotextual.com\/inicio\/index.php\/2022\/11\/19\/mundial-una-ceremonia-inaugural-con-fuerte-contenido-local-y-sin-figuras-internacionales\/#primaryimage"},"thumbnailUrl":"https:\/\/diariotextual.com\/inicio\/wp-content\/uploads\/2022\/11\/mundialqatar2022ceremonia66.jpg","datePublished":"2022-11-20T02:24:16+00:00","dateModified":"2022-11-20T16:04:30+00:00","breadcrumb":{"@id":"https:\/\/diariotextual.com\/inicio\/index.php\/2022\/11\/19\/mundial-una-ceremonia-inaugural-con-fuerte-contenido-local-y-sin-figuras-internacionales\/#breadcrumb"},"inLanguage":"es","potentialAction":[{"@type":"ReadAction","target":["https:\/\/diariotextual.com\/inicio\/index.php\/2022\/11\/19\/mundial-una-ceremonia-inaugural-con-fuerte-contenido-local-y-sin-figuras-internacionales\/"]}]},{"@type":"ImageObject","inLanguage":"es","@id":"https:\/\/diariotextual.com\/inicio\/index.php\/2022\/11\/19\/mundial-una-ceremonia-inaugural-con-fuerte-contenido-local-y-sin-figuras-internacionales\/#primaryimage","url":"https:\/\/diariotextual.com\/inicio\/wp-content\/uploads\/2022\/11\/mundialqatar2022ceremonia66.jpg","contentUrl":"https:\/\/diariotextual.com\/inicio\/wp-content\/uploads\/2022\/11\/mundialqatar2022ceremonia66.jpg","width":1200,"height":675},{"@type":"BreadcrumbList","@id":"https:\/\/diariotextual.com\/inicio\/index.php\/2022\/11\/19\/mundial-una-ceremonia-inaugural-con-fuerte-contenido-local-y-sin-figuras-internacionales\/#breadcrumb","itemListElement":[{"@type":"ListItem","position":1,"name":"Portada","item":"https:\/\/diariotextual.com\/inicio\/"},{"@type":"ListItem","position":2,"name":"La fiesta de apertura del Mundial Qatar 2022"}]},{"@type":"WebSite","@id":"https:\/\/diariotextual.com\/inicio\/#website","url":"https:\/\/diariotextual.com\/inicio\/","name":"Diario Textual","description":"","publisher":{"@id":"https:\/\/diariotextual.com\/inicio\/#organization"},"potentialAction":[{"@type":"SearchAction","target":{"@type":"EntryPoint","urlTemplate":"https:\/\/diariotextual.com\/inicio\/?s={search_term_string}"},"query-input":{"@type":"PropertyValueSpecification","valueRequired":true,"valueName":"search_term_string"}}],"inLanguage":"es"},{"@type":"Organization","@id":"https:\/\/diariotextual.com\/inicio\/#organization","name":"Diario Textual","url":"https:\/\/diariotextual.com\/inicio\/","logo":{"@type":"ImageObject","inLanguage":"es","@id":"https:\/\/diariotextual.com\/inicio\/#\/schema\/logo\/image\/","url":"https:\/\/diariotextual.com\/inicio\/wp-content\/uploads\/2023\/05\/logotextual1.jpg","contentUrl":"https:\/\/diariotextual.com\/inicio\/wp-content\/uploads\/2023\/05\/logotextual1.jpg","width":516,"height":76,"caption":"Diario Textual"},"image":{"@id":"https:\/\/diariotextual.com\/inicio\/#\/schema\/logo\/image\/"},"sameAs":["https:\/\/www.facebook.com\/eltextual","https:\/\/x.com\/eltextual","http:\/\/www.instagram.com\/eltextual"]},{"@type":"Person","@id":"https:\/\/diariotextual.com\/inicio\/#\/schema\/person\/694f60677f23c4a530867a98f22b3768","name":"diario2","image":{"@type":"ImageObject","inLanguage":"es","@id":"https:\/\/secure.gravatar.com\/avatar\/5a2567495ba16b852fcd8f1ed006a2e24fcace936018ed8237e95f488ad6e0a7?s=96&d=mm&r=g","url":"https:\/\/secure.gravatar.com\/avatar\/5a2567495ba16b852fcd8f1ed006a2e24fcace936018ed8237e95f488ad6e0a7?s=96&d=mm&r=g","contentUrl":"https:\/\/secure.gravatar.com\/avatar\/5a2567495ba16b852fcd8f1ed006a2e24fcace936018ed8237e95f488ad6e0a7?s=96&d=mm&r=g","caption":"diario2"},"url":"https:\/\/diariotextual.com\/inicio\/index.php\/author\/diario2\/"}]}},"_links":{"self":[{"href":"https:\/\/diariotextual.com\/inicio\/index.php\/wp-json\/wp\/v2\/posts\/207756","targetHints":{"allow":["GET"]}}],"collection":[{"href":"https:\/\/diariotextual.com\/inicio\/index.php\/wp-json\/wp\/v2\/posts"}],"about":[{"href":"https:\/\/diariotextual.com\/inicio\/index.php\/wp-json\/wp\/v2\/types\/post"}],"author":[{"embeddable":true,"href":"https:\/\/diariotextual.com\/inicio\/index.php\/wp-json\/wp\/v2\/users\/4"}],"replies":[{"embeddable":true,"href":"https:\/\/diariotextual.com\/inicio\/index.php\/wp-json\/wp\/v2\/comments?post=207756"}],"version-history":[{"count":6,"href":"https:\/\/diariotextual.com\/inicio\/index.php\/wp-json\/wp\/v2\/posts\/207756\/revisions"}],"predecessor-version":[{"id":207805,"href":"https:\/\/diariotextual.com\/inicio\/index.php\/wp-json\/wp\/v2\/posts\/207756\/revisions\/207805"}],"wp:featuredmedia":[{"embeddable":true,"href":"https:\/\/diariotextual.com\/inicio\/index.php\/wp-json\/wp\/v2\/media\/207799"}],"wp:attachment":[{"href":"https:\/\/diariotextual.com\/inicio\/index.php\/wp-json\/wp\/v2\/media?parent=207756"}],"wp:term":[{"taxonomy":"category","embeddable":true,"href":"https:\/\/diariotextual.com\/inicio\/index.php\/wp-json\/wp\/v2\/categories?post=207756"},{"taxonomy":"post_tag","embeddable":true,"href":"https:\/\/diariotextual.com\/inicio\/index.php\/wp-json\/wp\/v2\/tags?post=207756"}],"curies":[{"name":"wp","href":"https:\/\/api.w.org\/{rel}","templated":true}]}}