{"id":207790,"date":"2022-11-20T12:53:04","date_gmt":"2022-11-20T15:53:04","guid":{"rendered":"https:\/\/diariotextual.com\/inicio\/?p=207790"},"modified":"2022-11-22T09:14:07","modified_gmt":"2022-11-22T12:14:07","slug":"tres-dias-de-duelo-nacional-por-la-muerte-de-hebe","status":"publish","type":"post","link":"https:\/\/diariotextual.com\/inicio\/index.php\/2022\/11\/20\/tres-dias-de-duelo-nacional-por-la-muerte-de-hebe\/","title":{"rendered":"Tres d\u00edas de duelo nacional por la muerte de Hebe"},"content":{"rendered":"\n<p>El presidente Alberto Fern\u00e1ndez decret\u00f3 este domingo\u00a0<strong>tres d\u00edas de duelo nacional<\/strong>\u00a0en homenaje a la \u201cmemoria\u201d de la titular de Madres de Plaza de Mayo, Hebe de Bonafini, a quien despidi\u00f3 con\u00a0<strong>\u201cprofundo dolor y respeto\u201d\u00a0<\/strong>y defini\u00f3 como una\u00a0\u201cluchadora incansable por los derechos humanos\u201d.<\/p>\n\n\n\n<p>\u201cEl Gobierno y el pueblo argentino reconocemos en ella un s\u00edmbolo internacional de la b\u00fasqueda de memoria, verdad y justicia por los treinta mil desaparecidos. Como fundadora de Madres de Plaza de Mayo puso luz en medio de la oscura noche de la dictadura militar y sembr\u00f3 el camino para la recuperaci\u00f3n de la democracia hace 40 a\u00f1os\u201d, expres\u00f3 Presidencia en un comunicado.<\/p>\n\n\n\n<p>Por ese motivo, el Poder Ejecutivo decret\u00f3 tres d\u00edas de duelo nacional y \u201crinde homenaje a Hebe, su memoria y su lucha que estar\u00e1n siempre presentes como gu\u00eda en los momentos dif\u00edciles\u201d.<\/p>\n\n\n\n<p>M\u00e1s all\u00e1 de la decisi\u00f3n de decretar los tres d\u00edas de duelo nacional, el presidente Alberto Fern\u00e1ndez despidi\u00f3 a la fallecida titular de Madres de Plaza de Mayo, Hebe de Bonafini, a quien defini\u00f3 como \u201cuna luchadora incansable\u201d.<\/p>\n\n\n\n<p>\u201cReclamando verdad y justicia junto a las Madres y Abuelas, enfrent\u00f3 a los genocidas cuando el sentido com\u00fan colectivo iba en otra direcci\u00f3n. Con enorme cari\u00f1o y sincero pesar, la despido. Hasta siempre Hebe\u201d, expres\u00f3 el mandatario a trav\u00e9s de sus redes sociales.<\/p>\n\n\n\n<p>Bonafini falleci\u00f3 esta ma\u00f1ana a los 93 a\u00f1os, inform\u00f3 su hija Alejandra Bonafini.<\/p>\n\n\n\n<p>Alejandra Bonafini refiri\u00f3 en un comunicado que Bonafini falleci\u00f3 a las 9.20 y agradeci\u00f3 las \u201cdemostraciones de amor, acompa\u00f1amiento y preocupaci\u00f3n\u201d que hab\u00eda recibido su madre tanto en \u201cestos d\u00edas de internaci\u00f3n en el Hospital Italiano de la ciudad de La Plata como en toda su trayectoria militante\u201d.<\/p>\n\n\n\n<figure class=\"wp-block-embed is-type-wp-embed is-provider-diario-textual wp-block-embed-diario-textual\"><div class=\"wp-block-embed__wrapper\">\n<blockquote class=\"wp-embedded-content\" data-secret=\"FcChEiAQvx\"><a href=\"https:\/\/diariotextual.com\/inicio\/index.php\/2022\/11\/20\/murio-hebe-de-bonafini\/\">Muri\u00f3 Hebe de Bonafini<\/a><\/blockquote><iframe class=\"wp-embedded-content\" sandbox=\"allow-scripts\" security=\"restricted\" style=\"position: absolute; clip: rect(1px, 1px, 1px, 1px);\" title=\"\u00abMuri\u00f3 Hebe de Bonafini\u00bb \u2014 Diario Textual\" src=\"https:\/\/diariotextual.com\/inicio\/index.php\/2022\/11\/20\/murio-hebe-de-bonafini\/embed\/#?secret=rx6udoU4bN#?secret=FcChEiAQvx\" data-secret=\"FcChEiAQvx\" width=\"600\" height=\"338\" frameborder=\"0\" marginwidth=\"0\" marginheight=\"0\" scrolling=\"no\"><\/iframe>\n<\/div><\/figure>\n","protected":false},"excerpt":{"rendered":"<p>El presidente Alberto Fern\u00e1ndez decret\u00f3 este domingo\u00a0tres d\u00edas de duelo nacional\u00a0en homenaje a la \u201cmemoria\u201d de la titular de Madres de Plaza de Mayo, Hebe de Bonafini, a quien despidi\u00f3&hellip;<\/p>\n","protected":false},"author":4,"featured_media":207792,"comment_status":"closed","ping_status":"open","sticky":false,"template":"","format":"standard","meta":{"_acf_changed":false,"footnotes":""},"categories":[11,8],"tags":[],"class_list":["post-207790","post","type-post","status-publish","format-standard","has-post-thumbnail","hentry","category-que-pasa","category-politica"],"acf":[],"yoast_head":"<!-- This site is optimized with the Yoast SEO plugin v27.5 - https:\/\/yoast.com\/product\/yoast-seo-wordpress\/ -->\n<title>Tres d\u00edas de duelo nacional por la muerte de Hebe - Diario Textual<\/title>\n<meta name=\"robots\" content=\"index, follow, max-snippet:-1, max-image-preview:large, max-video-preview:-1\" \/>\n<link rel=\"canonical\" href=\"https:\/\/diariotextual.com\/inicio\/index.php\/2022\/11\/20\/tres-dias-de-duelo-nacional-por-la-muerte-de-hebe\/\" \/>\n<meta property=\"og:locale\" content=\"es_ES\" \/>\n<meta property=\"og:type\" content=\"article\" \/>\n<meta property=\"og:title\" content=\"Tres d\u00edas de duelo nacional por la muerte de Hebe - Diario Textual\" \/>\n<meta property=\"og:description\" content=\"El presidente Alberto Fern\u00e1ndez decret\u00f3 este domingo\u00a0tres d\u00edas de duelo nacional\u00a0en homenaje a la \u201cmemoria\u201d de la titular de Madres de Plaza de Mayo, Hebe de Bonafini, a quien despidi\u00f3&hellip;\" \/>\n<meta property=\"og:url\" content=\"https:\/\/diariotextual.com\/inicio\/index.php\/2022\/11\/20\/tres-dias-de-duelo-nacional-por-la-muerte-de-hebe\/\" \/>\n<meta property=\"og:site_name\" content=\"Diario Textual\" \/>\n<meta property=\"article:publisher\" content=\"https:\/\/www.facebook.com\/eltextual\" \/>\n<meta property=\"article:published_time\" content=\"2022-11-20T15:53:04+00:00\" \/>\n<meta property=\"article:modified_time\" content=\"2022-11-22T12:14:07+00:00\" \/>\n<meta property=\"og:image\" content=\"https:\/\/diariotextual.com\/inicio\/wp-content\/uploads\/2022\/11\/fernandezhebe35682475.jpg\" \/>\n\t<meta property=\"og:image:width\" content=\"1200\" \/>\n\t<meta property=\"og:image:height\" content=\"674\" \/>\n\t<meta property=\"og:image:type\" content=\"image\/jpeg\" \/>\n<meta name=\"author\" content=\"diario2\" \/>\n<meta name=\"twitter:card\" content=\"summary_large_image\" \/>\n<meta name=\"twitter:creator\" content=\"@eltextual\" \/>\n<meta name=\"twitter:site\" content=\"@eltextual\" \/>\n<meta name=\"twitter:label1\" content=\"Escrito por\" \/>\n\t<meta name=\"twitter:data1\" content=\"diario2\" \/>\n\t<meta name=\"twitter:label2\" content=\"Tiempo de lectura\" \/>\n\t<meta name=\"twitter:data2\" content=\"2 minutos\" \/>\n<script type=\"application\/ld+json\" class=\"yoast-schema-graph\">{\"@context\":\"https:\\\/\\\/schema.org\",\"@graph\":[{\"@type\":\"Article\",\"@id\":\"https:\\\/\\\/diariotextual.com\\\/inicio\\\/index.php\\\/2022\\\/11\\\/20\\\/tres-dias-de-duelo-nacional-por-la-muerte-de-hebe\\\/#article\",\"isPartOf\":{\"@id\":\"https:\\\/\\\/diariotextual.com\\\/inicio\\\/index.php\\\/2022\\\/11\\\/20\\\/tres-dias-de-duelo-nacional-por-la-muerte-de-hebe\\\/\"},\"author\":{\"name\":\"diario2\",\"@id\":\"https:\\\/\\\/diariotextual.com\\\/inicio\\\/#\\\/schema\\\/person\\\/694f60677f23c4a530867a98f22b3768\"},\"headline\":\"Tres d\u00edas de duelo nacional por la muerte de Hebe\",\"datePublished\":\"2022-11-20T15:53:04+00:00\",\"dateModified\":\"2022-11-22T12:14:07+00:00\",\"mainEntityOfPage\":{\"@id\":\"https:\\\/\\\/diariotextual.com\\\/inicio\\\/index.php\\\/2022\\\/11\\\/20\\\/tres-dias-de-duelo-nacional-por-la-muerte-de-hebe\\\/\"},\"wordCount\":324,\"publisher\":{\"@id\":\"https:\\\/\\\/diariotextual.com\\\/inicio\\\/#organization\"},\"image\":{\"@id\":\"https:\\\/\\\/diariotextual.com\\\/inicio\\\/index.php\\\/2022\\\/11\\\/20\\\/tres-dias-de-duelo-nacional-por-la-muerte-de-hebe\\\/#primaryimage\"},\"thumbnailUrl\":\"https:\\\/\\\/diariotextual.com\\\/inicio\\\/wp-content\\\/uploads\\\/2022\\\/11\\\/fernandezhebe35682475.jpg\",\"articleSection\":[\"A - QUE PASA (al costado)\",\"POLITICA\"],\"inLanguage\":\"es\"},{\"@type\":\"WebPage\",\"@id\":\"https:\\\/\\\/diariotextual.com\\\/inicio\\\/index.php\\\/2022\\\/11\\\/20\\\/tres-dias-de-duelo-nacional-por-la-muerte-de-hebe\\\/\",\"url\":\"https:\\\/\\\/diariotextual.com\\\/inicio\\\/index.php\\\/2022\\\/11\\\/20\\\/tres-dias-de-duelo-nacional-por-la-muerte-de-hebe\\\/\",\"name\":\"Tres d\u00edas de duelo nacional por la muerte de Hebe - Diario Textual\",\"isPartOf\":{\"@id\":\"https:\\\/\\\/diariotextual.com\\\/inicio\\\/#website\"},\"primaryImageOfPage\":{\"@id\":\"https:\\\/\\\/diariotextual.com\\\/inicio\\\/index.php\\\/2022\\\/11\\\/20\\\/tres-dias-de-duelo-nacional-por-la-muerte-de-hebe\\\/#primaryimage\"},\"image\":{\"@id\":\"https:\\\/\\\/diariotextual.com\\\/inicio\\\/index.php\\\/2022\\\/11\\\/20\\\/tres-dias-de-duelo-nacional-por-la-muerte-de-hebe\\\/#primaryimage\"},\"thumbnailUrl\":\"https:\\\/\\\/diariotextual.com\\\/inicio\\\/wp-content\\\/uploads\\\/2022\\\/11\\\/fernandezhebe35682475.jpg\",\"datePublished\":\"2022-11-20T15:53:04+00:00\",\"dateModified\":\"2022-11-22T12:14:07+00:00\",\"breadcrumb\":{\"@id\":\"https:\\\/\\\/diariotextual.com\\\/inicio\\\/index.php\\\/2022\\\/11\\\/20\\\/tres-dias-de-duelo-nacional-por-la-muerte-de-hebe\\\/#breadcrumb\"},\"inLanguage\":\"es\",\"potentialAction\":[{\"@type\":\"ReadAction\",\"target\":[\"https:\\\/\\\/diariotextual.com\\\/inicio\\\/index.php\\\/2022\\\/11\\\/20\\\/tres-dias-de-duelo-nacional-por-la-muerte-de-hebe\\\/\"]}]},{\"@type\":\"ImageObject\",\"inLanguage\":\"es\",\"@id\":\"https:\\\/\\\/diariotextual.com\\\/inicio\\\/index.php\\\/2022\\\/11\\\/20\\\/tres-dias-de-duelo-nacional-por-la-muerte-de-hebe\\\/#primaryimage\",\"url\":\"https:\\\/\\\/diariotextual.com\\\/inicio\\\/wp-content\\\/uploads\\\/2022\\\/11\\\/fernandezhebe35682475.jpg\",\"contentUrl\":\"https:\\\/\\\/diariotextual.com\\\/inicio\\\/wp-content\\\/uploads\\\/2022\\\/11\\\/fernandezhebe35682475.jpg\",\"width\":1200,\"height\":674},{\"@type\":\"BreadcrumbList\",\"@id\":\"https:\\\/\\\/diariotextual.com\\\/inicio\\\/index.php\\\/2022\\\/11\\\/20\\\/tres-dias-de-duelo-nacional-por-la-muerte-de-hebe\\\/#breadcrumb\",\"itemListElement\":[{\"@type\":\"ListItem\",\"position\":1,\"name\":\"Portada\",\"item\":\"https:\\\/\\\/diariotextual.com\\\/inicio\\\/\"},{\"@type\":\"ListItem\",\"position\":2,\"name\":\"Tres d\u00edas de duelo nacional por la muerte de Hebe\"}]},{\"@type\":\"WebSite\",\"@id\":\"https:\\\/\\\/diariotextual.com\\\/inicio\\\/#website\",\"url\":\"https:\\\/\\\/diariotextual.com\\\/inicio\\\/\",\"name\":\"Diario Textual\",\"description\":\"\",\"publisher\":{\"@id\":\"https:\\\/\\\/diariotextual.com\\\/inicio\\\/#organization\"},\"potentialAction\":[{\"@type\":\"SearchAction\",\"target\":{\"@type\":\"EntryPoint\",\"urlTemplate\":\"https:\\\/\\\/diariotextual.com\\\/inicio\\\/?s={search_term_string}\"},\"query-input\":{\"@type\":\"PropertyValueSpecification\",\"valueRequired\":true,\"valueName\":\"search_term_string\"}}],\"inLanguage\":\"es\"},{\"@type\":\"Organization\",\"@id\":\"https:\\\/\\\/diariotextual.com\\\/inicio\\\/#organization\",\"name\":\"Diario Textual\",\"url\":\"https:\\\/\\\/diariotextual.com\\\/inicio\\\/\",\"logo\":{\"@type\":\"ImageObject\",\"inLanguage\":\"es\",\"@id\":\"https:\\\/\\\/diariotextual.com\\\/inicio\\\/#\\\/schema\\\/logo\\\/image\\\/\",\"url\":\"https:\\\/\\\/diariotextual.com\\\/inicio\\\/wp-content\\\/uploads\\\/2023\\\/05\\\/logotextual1.jpg\",\"contentUrl\":\"https:\\\/\\\/diariotextual.com\\\/inicio\\\/wp-content\\\/uploads\\\/2023\\\/05\\\/logotextual1.jpg\",\"width\":516,\"height\":76,\"caption\":\"Diario Textual\"},\"image\":{\"@id\":\"https:\\\/\\\/diariotextual.com\\\/inicio\\\/#\\\/schema\\\/logo\\\/image\\\/\"},\"sameAs\":[\"https:\\\/\\\/www.facebook.com\\\/eltextual\",\"https:\\\/\\\/x.com\\\/eltextual\",\"http:\\\/\\\/www.instagram.com\\\/eltextual\"]},{\"@type\":\"Person\",\"@id\":\"https:\\\/\\\/diariotextual.com\\\/inicio\\\/#\\\/schema\\\/person\\\/694f60677f23c4a530867a98f22b3768\",\"name\":\"diario2\",\"image\":{\"@type\":\"ImageObject\",\"inLanguage\":\"es\",\"@id\":\"https:\\\/\\\/secure.gravatar.com\\\/avatar\\\/5a2567495ba16b852fcd8f1ed006a2e24fcace936018ed8237e95f488ad6e0a7?s=96&d=mm&r=g\",\"url\":\"https:\\\/\\\/secure.gravatar.com\\\/avatar\\\/5a2567495ba16b852fcd8f1ed006a2e24fcace936018ed8237e95f488ad6e0a7?s=96&d=mm&r=g\",\"contentUrl\":\"https:\\\/\\\/secure.gravatar.com\\\/avatar\\\/5a2567495ba16b852fcd8f1ed006a2e24fcace936018ed8237e95f488ad6e0a7?s=96&d=mm&r=g\",\"caption\":\"diario2\"},\"url\":\"https:\\\/\\\/diariotextual.com\\\/inicio\\\/index.php\\\/author\\\/diario2\\\/\"}]}<\/script>\n<!-- \/ Yoast SEO plugin. -->","yoast_head_json":{"title":"Tres d\u00edas de duelo nacional por la muerte de Hebe - Diario Textual","robots":{"index":"index","follow":"follow","max-snippet":"max-snippet:-1","max-image-preview":"max-image-preview:large","max-video-preview":"max-video-preview:-1"},"canonical":"https:\/\/diariotextual.com\/inicio\/index.php\/2022\/11\/20\/tres-dias-de-duelo-nacional-por-la-muerte-de-hebe\/","og_locale":"es_ES","og_type":"article","og_title":"Tres d\u00edas de duelo nacional por la muerte de Hebe - Diario Textual","og_description":"El presidente Alberto Fern\u00e1ndez decret\u00f3 este domingo\u00a0tres d\u00edas de duelo nacional\u00a0en homenaje a la \u201cmemoria\u201d de la titular de Madres de Plaza de Mayo, Hebe de Bonafini, a quien despidi\u00f3&hellip;","og_url":"https:\/\/diariotextual.com\/inicio\/index.php\/2022\/11\/20\/tres-dias-de-duelo-nacional-por-la-muerte-de-hebe\/","og_site_name":"Diario Textual","article_publisher":"https:\/\/www.facebook.com\/eltextual","article_published_time":"2022-11-20T15:53:04+00:00","article_modified_time":"2022-11-22T12:14:07+00:00","og_image":[{"width":1200,"height":674,"url":"https:\/\/diariotextual.com\/inicio\/wp-content\/uploads\/2022\/11\/fernandezhebe35682475.jpg","type":"image\/jpeg"}],"author":"diario2","twitter_card":"summary_large_image","twitter_creator":"@eltextual","twitter_site":"@eltextual","twitter_misc":{"Escrito por":"diario2","Tiempo de lectura":"2 minutos"},"schema":{"@context":"https:\/\/schema.org","@graph":[{"@type":"Article","@id":"https:\/\/diariotextual.com\/inicio\/index.php\/2022\/11\/20\/tres-dias-de-duelo-nacional-por-la-muerte-de-hebe\/#article","isPartOf":{"@id":"https:\/\/diariotextual.com\/inicio\/index.php\/2022\/11\/20\/tres-dias-de-duelo-nacional-por-la-muerte-de-hebe\/"},"author":{"name":"diario2","@id":"https:\/\/diariotextual.com\/inicio\/#\/schema\/person\/694f60677f23c4a530867a98f22b3768"},"headline":"Tres d\u00edas de duelo nacional por la muerte de Hebe","datePublished":"2022-11-20T15:53:04+00:00","dateModified":"2022-11-22T12:14:07+00:00","mainEntityOfPage":{"@id":"https:\/\/diariotextual.com\/inicio\/index.php\/2022\/11\/20\/tres-dias-de-duelo-nacional-por-la-muerte-de-hebe\/"},"wordCount":324,"publisher":{"@id":"https:\/\/diariotextual.com\/inicio\/#organization"},"image":{"@id":"https:\/\/diariotextual.com\/inicio\/index.php\/2022\/11\/20\/tres-dias-de-duelo-nacional-por-la-muerte-de-hebe\/#primaryimage"},"thumbnailUrl":"https:\/\/diariotextual.com\/inicio\/wp-content\/uploads\/2022\/11\/fernandezhebe35682475.jpg","articleSection":["A - QUE PASA (al costado)","POLITICA"],"inLanguage":"es"},{"@type":"WebPage","@id":"https:\/\/diariotextual.com\/inicio\/index.php\/2022\/11\/20\/tres-dias-de-duelo-nacional-por-la-muerte-de-hebe\/","url":"https:\/\/diariotextual.com\/inicio\/index.php\/2022\/11\/20\/tres-dias-de-duelo-nacional-por-la-muerte-de-hebe\/","name":"Tres d\u00edas de duelo nacional por la muerte de Hebe - Diario Textual","isPartOf":{"@id":"https:\/\/diariotextual.com\/inicio\/#website"},"primaryImageOfPage":{"@id":"https:\/\/diariotextual.com\/inicio\/index.php\/2022\/11\/20\/tres-dias-de-duelo-nacional-por-la-muerte-de-hebe\/#primaryimage"},"image":{"@id":"https:\/\/diariotextual.com\/inicio\/index.php\/2022\/11\/20\/tres-dias-de-duelo-nacional-por-la-muerte-de-hebe\/#primaryimage"},"thumbnailUrl":"https:\/\/diariotextual.com\/inicio\/wp-content\/uploads\/2022\/11\/fernandezhebe35682475.jpg","datePublished":"2022-11-20T15:53:04+00:00","dateModified":"2022-11-22T12:14:07+00:00","breadcrumb":{"@id":"https:\/\/diariotextual.com\/inicio\/index.php\/2022\/11\/20\/tres-dias-de-duelo-nacional-por-la-muerte-de-hebe\/#breadcrumb"},"inLanguage":"es","potentialAction":[{"@type":"ReadAction","target":["https:\/\/diariotextual.com\/inicio\/index.php\/2022\/11\/20\/tres-dias-de-duelo-nacional-por-la-muerte-de-hebe\/"]}]},{"@type":"ImageObject","inLanguage":"es","@id":"https:\/\/diariotextual.com\/inicio\/index.php\/2022\/11\/20\/tres-dias-de-duelo-nacional-por-la-muerte-de-hebe\/#primaryimage","url":"https:\/\/diariotextual.com\/inicio\/wp-content\/uploads\/2022\/11\/fernandezhebe35682475.jpg","contentUrl":"https:\/\/diariotextual.com\/inicio\/wp-content\/uploads\/2022\/11\/fernandezhebe35682475.jpg","width":1200,"height":674},{"@type":"BreadcrumbList","@id":"https:\/\/diariotextual.com\/inicio\/index.php\/2022\/11\/20\/tres-dias-de-duelo-nacional-por-la-muerte-de-hebe\/#breadcrumb","itemListElement":[{"@type":"ListItem","position":1,"name":"Portada","item":"https:\/\/diariotextual.com\/inicio\/"},{"@type":"ListItem","position":2,"name":"Tres d\u00edas de duelo nacional por la muerte de Hebe"}]},{"@type":"WebSite","@id":"https:\/\/diariotextual.com\/inicio\/#website","url":"https:\/\/diariotextual.com\/inicio\/","name":"Diario Textual","description":"","publisher":{"@id":"https:\/\/diariotextual.com\/inicio\/#organization"},"potentialAction":[{"@type":"SearchAction","target":{"@type":"EntryPoint","urlTemplate":"https:\/\/diariotextual.com\/inicio\/?s={search_term_string}"},"query-input":{"@type":"PropertyValueSpecification","valueRequired":true,"valueName":"search_term_string"}}],"inLanguage":"es"},{"@type":"Organization","@id":"https:\/\/diariotextual.com\/inicio\/#organization","name":"Diario Textual","url":"https:\/\/diariotextual.com\/inicio\/","logo":{"@type":"ImageObject","inLanguage":"es","@id":"https:\/\/diariotextual.com\/inicio\/#\/schema\/logo\/image\/","url":"https:\/\/diariotextual.com\/inicio\/wp-content\/uploads\/2023\/05\/logotextual1.jpg","contentUrl":"https:\/\/diariotextual.com\/inicio\/wp-content\/uploads\/2023\/05\/logotextual1.jpg","width":516,"height":76,"caption":"Diario Textual"},"image":{"@id":"https:\/\/diariotextual.com\/inicio\/#\/schema\/logo\/image\/"},"sameAs":["https:\/\/www.facebook.com\/eltextual","https:\/\/x.com\/eltextual","http:\/\/www.instagram.com\/eltextual"]},{"@type":"Person","@id":"https:\/\/diariotextual.com\/inicio\/#\/schema\/person\/694f60677f23c4a530867a98f22b3768","name":"diario2","image":{"@type":"ImageObject","inLanguage":"es","@id":"https:\/\/secure.gravatar.com\/avatar\/5a2567495ba16b852fcd8f1ed006a2e24fcace936018ed8237e95f488ad6e0a7?s=96&d=mm&r=g","url":"https:\/\/secure.gravatar.com\/avatar\/5a2567495ba16b852fcd8f1ed006a2e24fcace936018ed8237e95f488ad6e0a7?s=96&d=mm&r=g","contentUrl":"https:\/\/secure.gravatar.com\/avatar\/5a2567495ba16b852fcd8f1ed006a2e24fcace936018ed8237e95f488ad6e0a7?s=96&d=mm&r=g","caption":"diario2"},"url":"https:\/\/diariotextual.com\/inicio\/index.php\/author\/diario2\/"}]}},"_links":{"self":[{"href":"https:\/\/diariotextual.com\/inicio\/index.php\/wp-json\/wp\/v2\/posts\/207790","targetHints":{"allow":["GET"]}}],"collection":[{"href":"https:\/\/diariotextual.com\/inicio\/index.php\/wp-json\/wp\/v2\/posts"}],"about":[{"href":"https:\/\/diariotextual.com\/inicio\/index.php\/wp-json\/wp\/v2\/types\/post"}],"author":[{"embeddable":true,"href":"https:\/\/diariotextual.com\/inicio\/index.php\/wp-json\/wp\/v2\/users\/4"}],"replies":[{"embeddable":true,"href":"https:\/\/diariotextual.com\/inicio\/index.php\/wp-json\/wp\/v2\/comments?post=207790"}],"version-history":[{"count":3,"href":"https:\/\/diariotextual.com\/inicio\/index.php\/wp-json\/wp\/v2\/posts\/207790\/revisions"}],"predecessor-version":[{"id":207795,"href":"https:\/\/diariotextual.com\/inicio\/index.php\/wp-json\/wp\/v2\/posts\/207790\/revisions\/207795"}],"wp:featuredmedia":[{"embeddable":true,"href":"https:\/\/diariotextual.com\/inicio\/index.php\/wp-json\/wp\/v2\/media\/207792"}],"wp:attachment":[{"href":"https:\/\/diariotextual.com\/inicio\/index.php\/wp-json\/wp\/v2\/media?parent=207790"}],"wp:term":[{"taxonomy":"category","embeddable":true,"href":"https:\/\/diariotextual.com\/inicio\/index.php\/wp-json\/wp\/v2\/categories?post=207790"},{"taxonomy":"post_tag","embeddable":true,"href":"https:\/\/diariotextual.com\/inicio\/index.php\/wp-json\/wp\/v2\/tags?post=207790"}],"curies":[{"name":"wp","href":"https:\/\/api.w.org\/{rel}","templated":true}]}}