{"id":207806,"date":"2022-11-20T16:47:48","date_gmt":"2022-11-20T19:47:48","guid":{"rendered":"https:\/\/diariotextual.com\/inicio\/?p=207806"},"modified":"2022-11-20T21:31:41","modified_gmt":"2022-11-21T00:31:41","slug":"el-ecuador-de-alfaro-debuto-con-un-triunfo-ante-qatar-en-el-partido-inaugural","status":"publish","type":"post","link":"https:\/\/diariotextual.com\/inicio\/index.php\/2022\/11\/20\/el-ecuador-de-alfaro-debuto-con-un-triunfo-ante-qatar-en-el-partido-inaugural\/","title":{"rendered":"El Ecuador de Alfaro debut\u00f3 con un triunfo ante Qatar, en el partido inaugural"},"content":{"rendered":"\n<p><strong>Ecuador, dirigido por el entrenador argentino Gustavo Alfaro, le gan\u00f3 hoy con autoridad por 2 a 0 a Qatar en el inicio del Mundial<\/strong>\u00a0en el estadio Al Bayt, por la primera fecha del\u00a0<strong>Grupo A<\/strong>,\u00a0<strong>e hizo historia debido a que nunca hab\u00eda perdido la Selecci\u00f3n anfitriona en un encuentro inaugural en todas las ediciones de la m\u00e1xima cita del f\u00fatbol.<\/strong><\/p>\n\n\n\n<p><strong>Ecuador se impuso por un doblete del atacante Enner Valencia<\/strong>, que convirti\u00f3 a los 16 y a los 31 minutos del primer tiempo de penal y de cabeza, respectivamente, para romper el cero en el encuentro inaugural de la Copa del Mundo ante un d\u00e9bil rival que fue superado de principio a fin del juego.<\/p>\n\n\n\n<p>Antes, a los dos minutos, el arquero local Saad Al Sheeb fall\u00f3 tras un pelotazo largo y, luego de una serie de rebotes en el \u00e1rea, el hist\u00f3rico delantero hab\u00eda anotado para el elenco de Alfaro, pero el \u00e1rbitro italiano Daniele Orsato fue llamado por el VAR, que advirti\u00f3 una fina posici\u00f3n adelantada y anul\u00f3 el tanto.<\/p>\n\n\n\n<p>Ecuador fue sumamente superior a Qatar en una intensa etapa inicial en la que podr\u00eda haber aumentado la diferencia contra un adversario que mostr\u00f3 graves falencias defensivas y solo se acerc\u00f3 al arco defendido por&nbsp;<strong>Hern\u00e1n Galindez<\/strong>&nbsp;con una situaci\u00f3n clara antes del entretiempo y con remate de larga distancia en la segunda parte.<\/p>\n\n\n\n<p>En el complemento, el conjunto sudamericano regul\u00f3 el desgaste f\u00edsico y el encuentro entr\u00f3 en una meseta que le permiti\u00f3 asegurar los tres puntos y&nbsp;<strong>un inicio hist\u00f3rico al derrotar al seleccionado local.<\/strong><\/p>\n\n\n\n<p>Ecuador, que disputa su cuarta Copa Mundial tras competir en 2002, 2006 y 2014, sum\u00f3 de a tres y\u00a0<strong>se adue\u00f1\u00f3 de la punta del Grupo A a la espera del partido de ma\u00f1ana entre Senegal y Pa\u00edses Bajos desde las 13 (hora argentina).<\/strong><\/p>\n\n\n\n<p><strong>Su segundo compromiso ser\u00e1 el viernes ante Pa\u00edses Bajos desde las 13, mientras que Qatar se enfrentar\u00e1 con Senegal el mismo d\u00eda a las 10 en busca de una victoria que lo deje en carrera.<\/strong><\/p>\n\n\n\n<p>Mundial Qatar 2022.<br>Grupo A &#8211; Fecha 1.<br>Estadio: Al Bayt.<br>\u00c1rbitro: Daniele Orsato (Italia).<br><br><strong>Qatar:<\/strong>&nbsp;Saad Al Sheeb; Pedro Miguel, Bassam Al-Rawi, Boualem Khoukhi, Abdul Karim Hassan, Homam Ahmed, Karim Boudiaf, Hassan Al Haydos, Abdulaziz Hatem; Almoez Ali y Akram Afif. DT: F\u00e9lix S\u00e1nchez.<\/p>\n\n\n\n<p><strong>Ecuador:<\/strong>&nbsp;Hern\u00e1n Gal\u00edndez; \u00c1ngelo Preciado, Piero Hincapi\u00e9, F\u00e9lix Torres, Pervis Estupi\u00f1\u00e1n; Mois\u00e9s Caicedo, Jhegson M\u00e9ndez, Romario Ibarra, Gonzalo Plata, Enner Valencia y Michael Estrada. DT: Gustavo Alfaro.<\/p>\n\n\n\n<p><strong>Goles en el primer tiempo:<\/strong>&nbsp;16m. Enner Valencia, de penal (E); 31m. Enner Valencia (E).<\/p>\n\n\n\n<p><strong>Cambios en el segundo tiempo:<\/strong>&nbsp;22m. Jeremy Sarmiento por Romario Ibarra (E); 26m. Mohammed Jadoua por Hassan Al Haydos (Q) y Mohammed Muntari por Almoez Ali (Q); 31m. Jos\u00e9 Cifuentes por Enner Valencia (E); 44m. Kevin Rodr\u00edguez por Michael Estrada (E) y Alan Franco por Mois\u00e9s Caicedo (E).<\/p>\n","protected":false},"excerpt":{"rendered":"<p>Ecuador, dirigido por el entrenador argentino Gustavo Alfaro, le gan\u00f3 hoy con autoridad por 2 a 0 a Qatar en el inicio del Mundial\u00a0en el estadio Al Bayt, por la&hellip;<\/p>\n","protected":false},"author":4,"featured_media":207808,"comment_status":"closed","ping_status":"open","sticky":false,"template":"","format":"standard","meta":{"_acf_changed":false,"footnotes":""},"categories":[1,3],"tags":[],"class_list":["post-207806","post","type-post","status-publish","format-standard","has-post-thumbnail","hentry","category-es-noticia","category-deportes"],"acf":[],"yoast_head":"<!-- This site is optimized with the Yoast SEO plugin v27.5 - https:\/\/yoast.com\/product\/yoast-seo-wordpress\/ -->\n<title>El Ecuador de Alfaro debut\u00f3 con un triunfo ante Qatar, en el partido inaugural - Diario Textual<\/title>\n<meta name=\"robots\" content=\"index, follow, max-snippet:-1, max-image-preview:large, max-video-preview:-1\" \/>\n<link rel=\"canonical\" href=\"https:\/\/diariotextual.com\/inicio\/index.php\/2022\/11\/20\/el-ecuador-de-alfaro-debuto-con-un-triunfo-ante-qatar-en-el-partido-inaugural\/\" \/>\n<meta property=\"og:locale\" content=\"es_ES\" \/>\n<meta property=\"og:type\" content=\"article\" \/>\n<meta property=\"og:title\" content=\"El Ecuador de Alfaro debut\u00f3 con un triunfo ante Qatar, en el partido inaugural - Diario Textual\" \/>\n<meta property=\"og:description\" content=\"Ecuador, dirigido por el entrenador argentino Gustavo Alfaro, le gan\u00f3 hoy con autoridad por 2 a 0 a Qatar en el inicio del Mundial\u00a0en el estadio Al Bayt, por la&hellip;\" \/>\n<meta property=\"og:url\" content=\"https:\/\/diariotextual.com\/inicio\/index.php\/2022\/11\/20\/el-ecuador-de-alfaro-debuto-con-un-triunfo-ante-qatar-en-el-partido-inaugural\/\" \/>\n<meta property=\"og:site_name\" content=\"Diario Textual\" \/>\n<meta property=\"article:publisher\" content=\"https:\/\/www.facebook.com\/eltextual\" \/>\n<meta property=\"article:published_time\" content=\"2022-11-20T19:47:48+00:00\" \/>\n<meta property=\"article:modified_time\" content=\"2022-11-21T00:31:41+00:00\" \/>\n<meta property=\"og:image\" content=\"https:\/\/diariotextual.com\/inicio\/wp-content\/uploads\/2022\/11\/ecuadorqatargol5.jpg\" \/>\n\t<meta property=\"og:image:width\" content=\"655\" \/>\n\t<meta property=\"og:image:height\" content=\"368\" \/>\n\t<meta property=\"og:image:type\" content=\"image\/jpeg\" \/>\n<meta name=\"author\" content=\"diario2\" \/>\n<meta name=\"twitter:card\" content=\"summary_large_image\" \/>\n<meta name=\"twitter:creator\" content=\"@eltextual\" \/>\n<meta name=\"twitter:site\" content=\"@eltextual\" \/>\n<meta name=\"twitter:label1\" content=\"Escrito por\" \/>\n\t<meta name=\"twitter:data1\" content=\"diario2\" \/>\n\t<meta name=\"twitter:label2\" content=\"Tiempo de lectura\" \/>\n\t<meta name=\"twitter:data2\" content=\"3 minutos\" \/>\n<script type=\"application\/ld+json\" class=\"yoast-schema-graph\">{\"@context\":\"https:\\\/\\\/schema.org\",\"@graph\":[{\"@type\":\"Article\",\"@id\":\"https:\\\/\\\/diariotextual.com\\\/inicio\\\/index.php\\\/2022\\\/11\\\/20\\\/el-ecuador-de-alfaro-debuto-con-un-triunfo-ante-qatar-en-el-partido-inaugural\\\/#article\",\"isPartOf\":{\"@id\":\"https:\\\/\\\/diariotextual.com\\\/inicio\\\/index.php\\\/2022\\\/11\\\/20\\\/el-ecuador-de-alfaro-debuto-con-un-triunfo-ante-qatar-en-el-partido-inaugural\\\/\"},\"author\":{\"name\":\"diario2\",\"@id\":\"https:\\\/\\\/diariotextual.com\\\/inicio\\\/#\\\/schema\\\/person\\\/694f60677f23c4a530867a98f22b3768\"},\"headline\":\"El Ecuador de Alfaro debut\u00f3 con un triunfo ante Qatar, en el partido inaugural\",\"datePublished\":\"2022-11-20T19:47:48+00:00\",\"dateModified\":\"2022-11-21T00:31:41+00:00\",\"mainEntityOfPage\":{\"@id\":\"https:\\\/\\\/diariotextual.com\\\/inicio\\\/index.php\\\/2022\\\/11\\\/20\\\/el-ecuador-de-alfaro-debuto-con-un-triunfo-ante-qatar-en-el-partido-inaugural\\\/\"},\"wordCount\":511,\"publisher\":{\"@id\":\"https:\\\/\\\/diariotextual.com\\\/inicio\\\/#organization\"},\"image\":{\"@id\":\"https:\\\/\\\/diariotextual.com\\\/inicio\\\/index.php\\\/2022\\\/11\\\/20\\\/el-ecuador-de-alfaro-debuto-con-un-triunfo-ante-qatar-en-el-partido-inaugural\\\/#primaryimage\"},\"thumbnailUrl\":\"https:\\\/\\\/diariotextual.com\\\/inicio\\\/wp-content\\\/uploads\\\/2022\\\/11\\\/ecuadorqatargol5.jpg\",\"articleSection\":[\"A - ES NOTICIA (van abajo)\",\"DEPORTES\"],\"inLanguage\":\"es\"},{\"@type\":\"WebPage\",\"@id\":\"https:\\\/\\\/diariotextual.com\\\/inicio\\\/index.php\\\/2022\\\/11\\\/20\\\/el-ecuador-de-alfaro-debuto-con-un-triunfo-ante-qatar-en-el-partido-inaugural\\\/\",\"url\":\"https:\\\/\\\/diariotextual.com\\\/inicio\\\/index.php\\\/2022\\\/11\\\/20\\\/el-ecuador-de-alfaro-debuto-con-un-triunfo-ante-qatar-en-el-partido-inaugural\\\/\",\"name\":\"El Ecuador de Alfaro debut\u00f3 con un triunfo ante Qatar, en el partido inaugural - Diario Textual\",\"isPartOf\":{\"@id\":\"https:\\\/\\\/diariotextual.com\\\/inicio\\\/#website\"},\"primaryImageOfPage\":{\"@id\":\"https:\\\/\\\/diariotextual.com\\\/inicio\\\/index.php\\\/2022\\\/11\\\/20\\\/el-ecuador-de-alfaro-debuto-con-un-triunfo-ante-qatar-en-el-partido-inaugural\\\/#primaryimage\"},\"image\":{\"@id\":\"https:\\\/\\\/diariotextual.com\\\/inicio\\\/index.php\\\/2022\\\/11\\\/20\\\/el-ecuador-de-alfaro-debuto-con-un-triunfo-ante-qatar-en-el-partido-inaugural\\\/#primaryimage\"},\"thumbnailUrl\":\"https:\\\/\\\/diariotextual.com\\\/inicio\\\/wp-content\\\/uploads\\\/2022\\\/11\\\/ecuadorqatargol5.jpg\",\"datePublished\":\"2022-11-20T19:47:48+00:00\",\"dateModified\":\"2022-11-21T00:31:41+00:00\",\"breadcrumb\":{\"@id\":\"https:\\\/\\\/diariotextual.com\\\/inicio\\\/index.php\\\/2022\\\/11\\\/20\\\/el-ecuador-de-alfaro-debuto-con-un-triunfo-ante-qatar-en-el-partido-inaugural\\\/#breadcrumb\"},\"inLanguage\":\"es\",\"potentialAction\":[{\"@type\":\"ReadAction\",\"target\":[\"https:\\\/\\\/diariotextual.com\\\/inicio\\\/index.php\\\/2022\\\/11\\\/20\\\/el-ecuador-de-alfaro-debuto-con-un-triunfo-ante-qatar-en-el-partido-inaugural\\\/\"]}]},{\"@type\":\"ImageObject\",\"inLanguage\":\"es\",\"@id\":\"https:\\\/\\\/diariotextual.com\\\/inicio\\\/index.php\\\/2022\\\/11\\\/20\\\/el-ecuador-de-alfaro-debuto-con-un-triunfo-ante-qatar-en-el-partido-inaugural\\\/#primaryimage\",\"url\":\"https:\\\/\\\/diariotextual.com\\\/inicio\\\/wp-content\\\/uploads\\\/2022\\\/11\\\/ecuadorqatargol5.jpg\",\"contentUrl\":\"https:\\\/\\\/diariotextual.com\\\/inicio\\\/wp-content\\\/uploads\\\/2022\\\/11\\\/ecuadorqatargol5.jpg\",\"width\":655,\"height\":368},{\"@type\":\"BreadcrumbList\",\"@id\":\"https:\\\/\\\/diariotextual.com\\\/inicio\\\/index.php\\\/2022\\\/11\\\/20\\\/el-ecuador-de-alfaro-debuto-con-un-triunfo-ante-qatar-en-el-partido-inaugural\\\/#breadcrumb\",\"itemListElement\":[{\"@type\":\"ListItem\",\"position\":1,\"name\":\"Portada\",\"item\":\"https:\\\/\\\/diariotextual.com\\\/inicio\\\/\"},{\"@type\":\"ListItem\",\"position\":2,\"name\":\"El Ecuador de Alfaro debut\u00f3 con un triunfo ante Qatar, en el partido inaugural\"}]},{\"@type\":\"WebSite\",\"@id\":\"https:\\\/\\\/diariotextual.com\\\/inicio\\\/#website\",\"url\":\"https:\\\/\\\/diariotextual.com\\\/inicio\\\/\",\"name\":\"Diario Textual\",\"description\":\"\",\"publisher\":{\"@id\":\"https:\\\/\\\/diariotextual.com\\\/inicio\\\/#organization\"},\"potentialAction\":[{\"@type\":\"SearchAction\",\"target\":{\"@type\":\"EntryPoint\",\"urlTemplate\":\"https:\\\/\\\/diariotextual.com\\\/inicio\\\/?s={search_term_string}\"},\"query-input\":{\"@type\":\"PropertyValueSpecification\",\"valueRequired\":true,\"valueName\":\"search_term_string\"}}],\"inLanguage\":\"es\"},{\"@type\":\"Organization\",\"@id\":\"https:\\\/\\\/diariotextual.com\\\/inicio\\\/#organization\",\"name\":\"Diario Textual\",\"url\":\"https:\\\/\\\/diariotextual.com\\\/inicio\\\/\",\"logo\":{\"@type\":\"ImageObject\",\"inLanguage\":\"es\",\"@id\":\"https:\\\/\\\/diariotextual.com\\\/inicio\\\/#\\\/schema\\\/logo\\\/image\\\/\",\"url\":\"https:\\\/\\\/diariotextual.com\\\/inicio\\\/wp-content\\\/uploads\\\/2023\\\/05\\\/logotextual1.jpg\",\"contentUrl\":\"https:\\\/\\\/diariotextual.com\\\/inicio\\\/wp-content\\\/uploads\\\/2023\\\/05\\\/logotextual1.jpg\",\"width\":516,\"height\":76,\"caption\":\"Diario Textual\"},\"image\":{\"@id\":\"https:\\\/\\\/diariotextual.com\\\/inicio\\\/#\\\/schema\\\/logo\\\/image\\\/\"},\"sameAs\":[\"https:\\\/\\\/www.facebook.com\\\/eltextual\",\"https:\\\/\\\/x.com\\\/eltextual\",\"http:\\\/\\\/www.instagram.com\\\/eltextual\"]},{\"@type\":\"Person\",\"@id\":\"https:\\\/\\\/diariotextual.com\\\/inicio\\\/#\\\/schema\\\/person\\\/694f60677f23c4a530867a98f22b3768\",\"name\":\"diario2\",\"image\":{\"@type\":\"ImageObject\",\"inLanguage\":\"es\",\"@id\":\"https:\\\/\\\/secure.gravatar.com\\\/avatar\\\/5a2567495ba16b852fcd8f1ed006a2e24fcace936018ed8237e95f488ad6e0a7?s=96&d=mm&r=g\",\"url\":\"https:\\\/\\\/secure.gravatar.com\\\/avatar\\\/5a2567495ba16b852fcd8f1ed006a2e24fcace936018ed8237e95f488ad6e0a7?s=96&d=mm&r=g\",\"contentUrl\":\"https:\\\/\\\/secure.gravatar.com\\\/avatar\\\/5a2567495ba16b852fcd8f1ed006a2e24fcace936018ed8237e95f488ad6e0a7?s=96&d=mm&r=g\",\"caption\":\"diario2\"},\"url\":\"https:\\\/\\\/diariotextual.com\\\/inicio\\\/index.php\\\/author\\\/diario2\\\/\"}]}<\/script>\n<!-- \/ Yoast SEO plugin. -->","yoast_head_json":{"title":"El Ecuador de Alfaro debut\u00f3 con un triunfo ante Qatar, en el partido inaugural - Diario Textual","robots":{"index":"index","follow":"follow","max-snippet":"max-snippet:-1","max-image-preview":"max-image-preview:large","max-video-preview":"max-video-preview:-1"},"canonical":"https:\/\/diariotextual.com\/inicio\/index.php\/2022\/11\/20\/el-ecuador-de-alfaro-debuto-con-un-triunfo-ante-qatar-en-el-partido-inaugural\/","og_locale":"es_ES","og_type":"article","og_title":"El Ecuador de Alfaro debut\u00f3 con un triunfo ante Qatar, en el partido inaugural - Diario Textual","og_description":"Ecuador, dirigido por el entrenador argentino Gustavo Alfaro, le gan\u00f3 hoy con autoridad por 2 a 0 a Qatar en el inicio del Mundial\u00a0en el estadio Al Bayt, por la&hellip;","og_url":"https:\/\/diariotextual.com\/inicio\/index.php\/2022\/11\/20\/el-ecuador-de-alfaro-debuto-con-un-triunfo-ante-qatar-en-el-partido-inaugural\/","og_site_name":"Diario Textual","article_publisher":"https:\/\/www.facebook.com\/eltextual","article_published_time":"2022-11-20T19:47:48+00:00","article_modified_time":"2022-11-21T00:31:41+00:00","og_image":[{"width":655,"height":368,"url":"https:\/\/diariotextual.com\/inicio\/wp-content\/uploads\/2022\/11\/ecuadorqatargol5.jpg","type":"image\/jpeg"}],"author":"diario2","twitter_card":"summary_large_image","twitter_creator":"@eltextual","twitter_site":"@eltextual","twitter_misc":{"Escrito por":"diario2","Tiempo de lectura":"3 minutos"},"schema":{"@context":"https:\/\/schema.org","@graph":[{"@type":"Article","@id":"https:\/\/diariotextual.com\/inicio\/index.php\/2022\/11\/20\/el-ecuador-de-alfaro-debuto-con-un-triunfo-ante-qatar-en-el-partido-inaugural\/#article","isPartOf":{"@id":"https:\/\/diariotextual.com\/inicio\/index.php\/2022\/11\/20\/el-ecuador-de-alfaro-debuto-con-un-triunfo-ante-qatar-en-el-partido-inaugural\/"},"author":{"name":"diario2","@id":"https:\/\/diariotextual.com\/inicio\/#\/schema\/person\/694f60677f23c4a530867a98f22b3768"},"headline":"El Ecuador de Alfaro debut\u00f3 con un triunfo ante Qatar, en el partido inaugural","datePublished":"2022-11-20T19:47:48+00:00","dateModified":"2022-11-21T00:31:41+00:00","mainEntityOfPage":{"@id":"https:\/\/diariotextual.com\/inicio\/index.php\/2022\/11\/20\/el-ecuador-de-alfaro-debuto-con-un-triunfo-ante-qatar-en-el-partido-inaugural\/"},"wordCount":511,"publisher":{"@id":"https:\/\/diariotextual.com\/inicio\/#organization"},"image":{"@id":"https:\/\/diariotextual.com\/inicio\/index.php\/2022\/11\/20\/el-ecuador-de-alfaro-debuto-con-un-triunfo-ante-qatar-en-el-partido-inaugural\/#primaryimage"},"thumbnailUrl":"https:\/\/diariotextual.com\/inicio\/wp-content\/uploads\/2022\/11\/ecuadorqatargol5.jpg","articleSection":["A - ES NOTICIA (van abajo)","DEPORTES"],"inLanguage":"es"},{"@type":"WebPage","@id":"https:\/\/diariotextual.com\/inicio\/index.php\/2022\/11\/20\/el-ecuador-de-alfaro-debuto-con-un-triunfo-ante-qatar-en-el-partido-inaugural\/","url":"https:\/\/diariotextual.com\/inicio\/index.php\/2022\/11\/20\/el-ecuador-de-alfaro-debuto-con-un-triunfo-ante-qatar-en-el-partido-inaugural\/","name":"El Ecuador de Alfaro debut\u00f3 con un triunfo ante Qatar, en el partido inaugural - Diario Textual","isPartOf":{"@id":"https:\/\/diariotextual.com\/inicio\/#website"},"primaryImageOfPage":{"@id":"https:\/\/diariotextual.com\/inicio\/index.php\/2022\/11\/20\/el-ecuador-de-alfaro-debuto-con-un-triunfo-ante-qatar-en-el-partido-inaugural\/#primaryimage"},"image":{"@id":"https:\/\/diariotextual.com\/inicio\/index.php\/2022\/11\/20\/el-ecuador-de-alfaro-debuto-con-un-triunfo-ante-qatar-en-el-partido-inaugural\/#primaryimage"},"thumbnailUrl":"https:\/\/diariotextual.com\/inicio\/wp-content\/uploads\/2022\/11\/ecuadorqatargol5.jpg","datePublished":"2022-11-20T19:47:48+00:00","dateModified":"2022-11-21T00:31:41+00:00","breadcrumb":{"@id":"https:\/\/diariotextual.com\/inicio\/index.php\/2022\/11\/20\/el-ecuador-de-alfaro-debuto-con-un-triunfo-ante-qatar-en-el-partido-inaugural\/#breadcrumb"},"inLanguage":"es","potentialAction":[{"@type":"ReadAction","target":["https:\/\/diariotextual.com\/inicio\/index.php\/2022\/11\/20\/el-ecuador-de-alfaro-debuto-con-un-triunfo-ante-qatar-en-el-partido-inaugural\/"]}]},{"@type":"ImageObject","inLanguage":"es","@id":"https:\/\/diariotextual.com\/inicio\/index.php\/2022\/11\/20\/el-ecuador-de-alfaro-debuto-con-un-triunfo-ante-qatar-en-el-partido-inaugural\/#primaryimage","url":"https:\/\/diariotextual.com\/inicio\/wp-content\/uploads\/2022\/11\/ecuadorqatargol5.jpg","contentUrl":"https:\/\/diariotextual.com\/inicio\/wp-content\/uploads\/2022\/11\/ecuadorqatargol5.jpg","width":655,"height":368},{"@type":"BreadcrumbList","@id":"https:\/\/diariotextual.com\/inicio\/index.php\/2022\/11\/20\/el-ecuador-de-alfaro-debuto-con-un-triunfo-ante-qatar-en-el-partido-inaugural\/#breadcrumb","itemListElement":[{"@type":"ListItem","position":1,"name":"Portada","item":"https:\/\/diariotextual.com\/inicio\/"},{"@type":"ListItem","position":2,"name":"El Ecuador de Alfaro debut\u00f3 con un triunfo ante Qatar, en el partido inaugural"}]},{"@type":"WebSite","@id":"https:\/\/diariotextual.com\/inicio\/#website","url":"https:\/\/diariotextual.com\/inicio\/","name":"Diario Textual","description":"","publisher":{"@id":"https:\/\/diariotextual.com\/inicio\/#organization"},"potentialAction":[{"@type":"SearchAction","target":{"@type":"EntryPoint","urlTemplate":"https:\/\/diariotextual.com\/inicio\/?s={search_term_string}"},"query-input":{"@type":"PropertyValueSpecification","valueRequired":true,"valueName":"search_term_string"}}],"inLanguage":"es"},{"@type":"Organization","@id":"https:\/\/diariotextual.com\/inicio\/#organization","name":"Diario Textual","url":"https:\/\/diariotextual.com\/inicio\/","logo":{"@type":"ImageObject","inLanguage":"es","@id":"https:\/\/diariotextual.com\/inicio\/#\/schema\/logo\/image\/","url":"https:\/\/diariotextual.com\/inicio\/wp-content\/uploads\/2023\/05\/logotextual1.jpg","contentUrl":"https:\/\/diariotextual.com\/inicio\/wp-content\/uploads\/2023\/05\/logotextual1.jpg","width":516,"height":76,"caption":"Diario Textual"},"image":{"@id":"https:\/\/diariotextual.com\/inicio\/#\/schema\/logo\/image\/"},"sameAs":["https:\/\/www.facebook.com\/eltextual","https:\/\/x.com\/eltextual","http:\/\/www.instagram.com\/eltextual"]},{"@type":"Person","@id":"https:\/\/diariotextual.com\/inicio\/#\/schema\/person\/694f60677f23c4a530867a98f22b3768","name":"diario2","image":{"@type":"ImageObject","inLanguage":"es","@id":"https:\/\/secure.gravatar.com\/avatar\/5a2567495ba16b852fcd8f1ed006a2e24fcace936018ed8237e95f488ad6e0a7?s=96&d=mm&r=g","url":"https:\/\/secure.gravatar.com\/avatar\/5a2567495ba16b852fcd8f1ed006a2e24fcace936018ed8237e95f488ad6e0a7?s=96&d=mm&r=g","contentUrl":"https:\/\/secure.gravatar.com\/avatar\/5a2567495ba16b852fcd8f1ed006a2e24fcace936018ed8237e95f488ad6e0a7?s=96&d=mm&r=g","caption":"diario2"},"url":"https:\/\/diariotextual.com\/inicio\/index.php\/author\/diario2\/"}]}},"_links":{"self":[{"href":"https:\/\/diariotextual.com\/inicio\/index.php\/wp-json\/wp\/v2\/posts\/207806","targetHints":{"allow":["GET"]}}],"collection":[{"href":"https:\/\/diariotextual.com\/inicio\/index.php\/wp-json\/wp\/v2\/posts"}],"about":[{"href":"https:\/\/diariotextual.com\/inicio\/index.php\/wp-json\/wp\/v2\/types\/post"}],"author":[{"embeddable":true,"href":"https:\/\/diariotextual.com\/inicio\/index.php\/wp-json\/wp\/v2\/users\/4"}],"replies":[{"embeddable":true,"href":"https:\/\/diariotextual.com\/inicio\/index.php\/wp-json\/wp\/v2\/comments?post=207806"}],"version-history":[{"count":3,"href":"https:\/\/diariotextual.com\/inicio\/index.php\/wp-json\/wp\/v2\/posts\/207806\/revisions"}],"predecessor-version":[{"id":207811,"href":"https:\/\/diariotextual.com\/inicio\/index.php\/wp-json\/wp\/v2\/posts\/207806\/revisions\/207811"}],"wp:featuredmedia":[{"embeddable":true,"href":"https:\/\/diariotextual.com\/inicio\/index.php\/wp-json\/wp\/v2\/media\/207808"}],"wp:attachment":[{"href":"https:\/\/diariotextual.com\/inicio\/index.php\/wp-json\/wp\/v2\/media?parent=207806"}],"wp:term":[{"taxonomy":"category","embeddable":true,"href":"https:\/\/diariotextual.com\/inicio\/index.php\/wp-json\/wp\/v2\/categories?post=207806"},{"taxonomy":"post_tag","embeddable":true,"href":"https:\/\/diariotextual.com\/inicio\/index.php\/wp-json\/wp\/v2\/tags?post=207806"}],"curies":[{"name":"wp","href":"https:\/\/api.w.org\/{rel}","templated":true}]}}